{"id":111417,"date":"2020-01-20T20:46:56","date_gmt":"2020-01-20T19:46:56","guid":{"rendered":"http:\/\/www.bellunopress.it\/?p=111417"},"modified":"2020-01-20T20:46:57","modified_gmt":"2020-01-20T19:46:57","slug":"nasce-lassociazione-proprietari-nevegal-a-presiederla-daniele-ciani","status":"publish","type":"post","link":"https:\/\/www.bellunopress.it\/fr\/2020\/01\/20\/nasce-lassociazione-proprietari-nevegal-a-presiederla-daniele-ciani\/","title":{"rendered":"Nasce l&#8217;Associazione proprietari Nevegal. A presiederla Daniele Ciani\u00a0"},"content":{"rendered":"<p><a href=\"http:\/\/www.bellunopress.it\/fr\/2020\/01\/20\/nasce-lassociazione-proprietari-nevegal-a-presiederla-daniele-ciani\/nevegal-1-3\/\" rel=\"attachment wp-att-111418\"><img loading=\"lazy\" decoding=\"async\" class=\"alignleft size-full wp-image-111418\" src=\"http:\/\/www.bellunopress.it\/wp-content\/uploads\/2020\/01\/nevegal-1.jpg\" alt=\"\" width=\"300\" height=\"233\" \/><\/a>Nasce l&#8217;Associazione proprietari Nevegal. E&#8217; gi\u00e0 attiva la pagina facebook in cui \u00e8 possibile dialogare con gli operatori dell&#8217;associazione, portare il proprio contributo con foto ed informative, ed a breve sar\u00e0 disponibile anche un sito web.<br \/>\nChi volesse iscriversi o avere informazioni pu\u00f2 rivolgersi al presidente pro- tempore Daniele Ciani, titolare dell&#8217;Agenzia immobiliare Valbelluna con sede in Piazzale del Nevegal.<\/p>\n<p>Si tratta di un&#8217;associazione riconosciuta, senza scopo di lucro, dotata di un proprio statuto, nata il 19 ottobre 2019, che in pochissimi mesi ha gi\u00e0 raggiunto un centinaio di iscritti ed \u00e8 nata con l&#8217;esigenza di creare una cabina di regia in Nevegal per il Nevegal.<br \/>\nLo scopo \u00e8 quello non solo di valorizzare la localit\u00e0 turistica, ma di riorganizzarla al fine di renderla pi\u00f9 vivibile per i residenti, creare una rete di servizi e migliorare le attrattive turistiche che da sempre rendono il Colle un vero punto di forza per il turismo bellunese.<\/p>\n<p>&#8220;Tante sono le iniziative sulle quali ci stiamo impegnando &#8211; spiega il presidente Daniele Ciani &#8211; dal riconoscimento del Nevegal come frazione, tale da essere il punto di riferimento per il Comune e gli altri enti pubblici e privati e porci come interlocutore istituzionale per favorire un piano di sviluppo armonico e funzionale per tutti i proprietari di immobili della stazione turistica. Ci proponiamo di assistere gli associati per particolari problemi connessi alle loro propriet\u00e0, residenza e soggiorno in Nevegal con la sottoscrizione di convenzioni con Aziende\/tecnici\/artigiani, con l&#8217;obiettivo di ottenere condizioni di particolare favore per tutti i tipi di servizi. Favorire inoltre l&#8217;attivit\u00e0 di promozione turistica e valorizzazione del sito Nevegal e dei servizi che sono disponibili, valorizzare le attrattive naturalistiche, storiche, culturali ed ambientali presenti in loco, attivare dibattiti pubblici. Anche con il coinvolgimento di importanti personalit\u00e0 pubbliche e istituzionali al fine di valorizzare il nostro Colle, sviluppare progetti speciali quali ad esempio &#8216;Nevegal &#8211; Terrazza delle Dolomiti&#8217; attraverso iniziative promozionali, campagne di informazione, azioni di promozione ed attivit\u00e0 di rappresentanza.<br \/>\nI proprietari, che hanno veramente creduto nel Nevegal &#8211; prosegue Ciani &#8211;\u00a0 tanto da investire centinaia di milioni di euro, e che si sono visti deprezzare i loro immobili in questi anni fino al minimo storico, sia per la crisi del mercato immobiliare sia per la decadenza della localit\u00e0 turistica, avevano necessit\u00e0 di avere un associazione che li rappresentasse e questo \u00e8 il motivo per il quale abbiamo raggiunto un cos\u00ec alto numero di iscritti in poco tempo&#8221; ci fa sapere il presidente dell&#8217;associazione.<br \/>\nLa nostra associazione ha un grande potenziale umano perch\u00e9 \u00e8 composta di molteplici competenze date da persone che sono dei leader nel loro campo e non solo a livello regionale.<br \/>\nL&#8217;associazione &#8211; conclude il presidente Ciani &#8211; \u00e8 disponibile ed aperta al dialogo con tutte le altre realt\u00e0 esistenti in Nevegal con lo scopo di creare una sinergia produttiva per il nostro splendido Colle, il quale \u00e8 un sicuro punto di forza ed una grande opportunit\u00e0 per tutta la citt\u00e0 di Belluno e non invece un problema di difficile soluzione&#8221;.<\/p>","protected":false},"excerpt":{"rendered":"<p>Nasce l&#8217;Associazione proprietari Nevegal. E&#8217; gi\u00e0 attiva la pagina facebook in cui \u00e8 possibile dialogare con gli operatori dell&#8217;associazione, portare il proprio contributo con foto ed informative, ed a breve sar\u00e0 disponibile anche un sito web. Chi volesse iscriversi o avere informazioni pu\u00f2 rivolgersi al presidente pro- tempore Daniele Ciani, titolare dell&#8217;Agenzia immobiliare Valbelluna con [&hellip;]<\/p>\n","protected":false},"author":2,"featured_media":0,"comment_status":"closed","ping_status":"open","sticky":false,"template":"","format":"standard","meta":{"footnotes":""},"categories":[26,8],"tags":[],"class_list":["post-111417","post","type-post","status-publish","format-standard","category-prima-pagina","category-societa-istituzioni"],"yoast_head":"<!-- This site is optimized with the Yoast SEO plugin v28.4 - https:\/\/yoast.com\/product\/yoast-seo-wordpress\/ -->\n<title>Nasce l&#039;Associazione proprietari Nevegal. A presiederla Daniele Ciani\u00a0 - Bellunopress - Dolomiti<\/title>\n<meta name=\"robots\" content=\"index, follow, max-snippet:-1, max-image-preview:large, max-video-preview:-1\" \/>\n<link rel=\"canonical\" href=\"https:\/\/www.bellunopress.it\/fr\/2020\/01\/20\/nasce-lassociazione-proprietari-nevegal-a-presiederla-daniele-ciani\/\" \/>\n<meta property=\"og:locale\" content=\"fr_FR\" \/>\n<meta property=\"og:type\" content=\"article\" \/>\n<meta property=\"og:title\" content=\"Nasce l&#039;Associazione proprietari Nevegal. A presiederla Daniele Ciani\u00a0 - Bellunopress - Dolomiti\" \/>\n<meta property=\"og:description\" content=\"Nasce l&#8217;Associazione proprietari Nevegal. E&#8217; gi\u00e0 attiva la pagina facebook in cui \u00e8 possibile dialogare con gli operatori dell&#8217;associazione, portare il proprio contributo con foto ed informative, ed a breve sar\u00e0 disponibile anche un sito web. Chi volesse iscriversi o avere informazioni pu\u00f2 rivolgersi al presidente pro- tempore Daniele Ciani, titolare dell&#8217;Agenzia immobiliare Valbelluna con [&hellip;]\" \/>\n<meta property=\"og:url\" content=\"https:\/\/www.bellunopress.it\/fr\/2020\/01\/20\/nasce-lassociazione-proprietari-nevegal-a-presiederla-daniele-ciani\/\" \/>\n<meta property=\"og:site_name\" content=\"Bellunopress - Dolomiti\" \/>\n<meta property=\"article:publisher\" content=\"https:\/\/www.facebook.com\/profile.php?id=100008943462799\" \/>\n<meta property=\"article:published_time\" content=\"2020-01-20T19:46:56+00:00\" \/>\n<meta property=\"article:modified_time\" content=\"2020-01-20T19:46:57+00:00\" \/>\n<meta property=\"og:image\" content=\"http:\/\/www.bellunopress.it\/wp-content\/uploads\/2020\/01\/nevegal-1.jpg\" \/>\n<meta name=\"author\" content=\"redazione\" \/>\n<meta name=\"twitter:card\" content=\"summary_large_image\" \/>\n<meta name=\"twitter:creator\" content=\"@bellunopress\" \/>\n<meta name=\"twitter:site\" content=\"@bellunopress\" \/>\n<meta name=\"twitter:label1\" content=\"\u00c9crit par\" \/>\n\t<meta name=\"twitter:data1\" content=\"redazione\" \/>\n\t<meta name=\"twitter:label2\" content=\"Dur\u00e9e de lecture estim\u00e9e\" \/>\n\t<meta name=\"twitter:data2\" content=\"2 minutes\" \/>\n<script type=\"application\/ld+json\" class=\"yoast-schema-graph\">{\"@context\":\"https:\\\/\\\/schema.org\",\"@graph\":[{\"@type\":\"Article\",\"@id\":\"https:\\\/\\\/www.bellunopress.it\\\/2020\\\/01\\\/20\\\/nasce-lassociazione-proprietari-nevegal-a-presiederla-daniele-ciani\\\/#article\",\"isPartOf\":{\"@id\":\"https:\\\/\\\/www.bellunopress.it\\\/2020\\\/01\\\/20\\\/nasce-lassociazione-proprietari-nevegal-a-presiederla-daniele-ciani\\\/\"},\"author\":{\"name\":\"redazione\",\"@id\":\"https:\\\/\\\/www.bellunopress.it\\\/#\\\/schema\\\/person\\\/79bb06722b37ece1c03d3e94beb30d73\"},\"headline\":\"Nasce l&#8217;Associazione proprietari Nevegal. A presiederla Daniele Ciani\u00a0\",\"datePublished\":\"2020-01-20T19:46:56+00:00\",\"dateModified\":\"2020-01-20T19:46:57+00:00\",\"mainEntityOfPage\":{\"@id\":\"https:\\\/\\\/www.bellunopress.it\\\/2020\\\/01\\\/20\\\/nasce-lassociazione-proprietari-nevegal-a-presiederla-daniele-ciani\\\/\"},\"wordCount\":512,\"publisher\":{\"@id\":\"https:\\\/\\\/www.bellunopress.it\\\/#organization\"},\"image\":{\"@id\":\"https:\\\/\\\/www.bellunopress.it\\\/2020\\\/01\\\/20\\\/nasce-lassociazione-proprietari-nevegal-a-presiederla-daniele-ciani\\\/#primaryimage\"},\"thumbnailUrl\":\"http:\\\/\\\/www.bellunopress.it\\\/wp-content\\\/uploads\\\/2020\\\/01\\\/nevegal-1.jpg\",\"articleSection\":[\"Prima Pagina\",\"Societ\u00e0, Associazioni, Istituzioni\"],\"inLanguage\":\"fr-FR\"},{\"@type\":\"WebPage\",\"@id\":\"https:\\\/\\\/www.bellunopress.it\\\/2020\\\/01\\\/20\\\/nasce-lassociazione-proprietari-nevegal-a-presiederla-daniele-ciani\\\/\",\"url\":\"https:\\\/\\\/www.bellunopress.it\\\/2020\\\/01\\\/20\\\/nasce-lassociazione-proprietari-nevegal-a-presiederla-daniele-ciani\\\/\",\"name\":\"Nasce l'Associazione proprietari Nevegal. A presiederla Daniele Ciani\u00a0 - Bellunopress - Dolomiti\",\"isPartOf\":{\"@id\":\"https:\\\/\\\/www.bellunopress.it\\\/#website\"},\"primaryImageOfPage\":{\"@id\":\"https:\\\/\\\/www.bellunopress.it\\\/2020\\\/01\\\/20\\\/nasce-lassociazione-proprietari-nevegal-a-presiederla-daniele-ciani\\\/#primaryimage\"},\"image\":{\"@id\":\"https:\\\/\\\/www.bellunopress.it\\\/2020\\\/01\\\/20\\\/nasce-lassociazione-proprietari-nevegal-a-presiederla-daniele-ciani\\\/#primaryimage\"},\"thumbnailUrl\":\"http:\\\/\\\/www.bellunopress.it\\\/wp-content\\\/uploads\\\/2020\\\/01\\\/nevegal-1.jpg\",\"datePublished\":\"2020-01-20T19:46:56+00:00\",\"dateModified\":\"2020-01-20T19:46:57+00:00\",\"breadcrumb\":{\"@id\":\"https:\\\/\\\/www.bellunopress.it\\\/2020\\\/01\\\/20\\\/nasce-lassociazione-proprietari-nevegal-a-presiederla-daniele-ciani\\\/#breadcrumb\"},\"inLanguage\":\"fr-FR\",\"potentialAction\":[{\"@type\":\"ReadAction\",\"target\":[\"https:\\\/\\\/www.bellunopress.it\\\/2020\\\/01\\\/20\\\/nasce-lassociazione-proprietari-nevegal-a-presiederla-daniele-ciani\\\/\"]}]},{\"@type\":\"ImageObject\",\"inLanguage\":\"fr-FR\",\"@id\":\"https:\\\/\\\/www.bellunopress.it\\\/2020\\\/01\\\/20\\\/nasce-lassociazione-proprietari-nevegal-a-presiederla-daniele-ciani\\\/#primaryimage\",\"url\":\"http:\\\/\\\/www.bellunopress.it\\\/wp-content\\\/uploads\\\/2020\\\/01\\\/nevegal-1.jpg\",\"contentUrl\":\"http:\\\/\\\/www.bellunopress.it\\\/wp-content\\\/uploads\\\/2020\\\/01\\\/nevegal-1.jpg\"},{\"@type\":\"BreadcrumbList\",\"@id\":\"https:\\\/\\\/www.bellunopress.it\\\/2020\\\/01\\\/20\\\/nasce-lassociazione-proprietari-nevegal-a-presiederla-daniele-ciani\\\/#breadcrumb\",\"itemListElement\":[{\"@type\":\"ListItem\",\"position\":1,\"name\":\"Home\",\"item\":\"https:\\\/\\\/www.bellunopress.it\\\/\"},{\"@type\":\"ListItem\",\"position\":2,\"name\":\"Nasce l&#8217;Associazione proprietari Nevegal. A presiederla Daniele Ciani\u00a0\"}]},{\"@type\":\"WebSite\",\"@id\":\"https:\\\/\\\/www.bellunopress.it\\\/#website\",\"url\":\"https:\\\/\\\/www.bellunopress.it\\\/\",\"name\":\"Bellunopress - Dolomiti\",\"description\":\"e-mail: redazione@bellunopress.it\",\"publisher\":{\"@id\":\"https:\\\/\\\/www.bellunopress.it\\\/#organization\"},\"potentialAction\":[{\"@type\":\"SearchAction\",\"target\":{\"@type\":\"EntryPoint\",\"urlTemplate\":\"https:\\\/\\\/www.bellunopress.it\\\/?s={search_term_string}\"},\"query-input\":{\"@type\":\"PropertyValueSpecification\",\"valueRequired\":true,\"valueName\":\"search_term_string\"}}],\"inLanguage\":\"fr-FR\"},{\"@type\":\"Organization\",\"@id\":\"https:\\\/\\\/www.bellunopress.it\\\/#organization\",\"name\":\"Bellunopress\",\"url\":\"https:\\\/\\\/www.bellunopress.it\\\/\",\"logo\":{\"@type\":\"ImageObject\",\"inLanguage\":\"fr-FR\",\"@id\":\"https:\\\/\\\/www.bellunopress.it\\\/#\\\/schema\\\/logo\\\/image\\\/\",\"url\":\"https:\\\/\\\/www.bellunopress.it\\\/wp-content\\\/uploads\\\/2011\\\/05\\\/cropped-logo-bellunopress-.jpg\",\"contentUrl\":\"https:\\\/\\\/www.bellunopress.it\\\/wp-content\\\/uploads\\\/2011\\\/05\\\/cropped-logo-bellunopress-.jpg\",\"width\":512,\"height\":512,\"caption\":\"Bellunopress\"},\"image\":{\"@id\":\"https:\\\/\\\/www.bellunopress.it\\\/#\\\/schema\\\/logo\\\/image\\\/\"},\"sameAs\":[\"https:\\\/\\\/www.facebook.com\\\/profile.php?id=100008943462799\",\"https:\\\/\\\/x.com\\\/bellunopress\",\"https:\\\/\\\/www.linkedin.com\\\/hp\\\/?dnr=JBzUWaJfMUw8vbXJJ2tVW5-I3jZKvC4wsoxE&amp;amp;amp;amp;amp;amp;trk=nav_responsive_tab_home\",\"https:\\\/\\\/www.youtube.com\\\/channel\\\/UCxL0wu1uN0_3_7hGG0306cw\"]},{\"@type\":\"Person\",\"@id\":\"https:\\\/\\\/www.bellunopress.it\\\/#\\\/schema\\\/person\\\/79bb06722b37ece1c03d3e94beb30d73\",\"name\":\"redazione\",\"image\":{\"@type\":\"ImageObject\",\"inLanguage\":\"fr-FR\",\"@id\":\"https:\\\/\\\/secure.gravatar.com\\\/avatar\\\/37d968a2e67a6fd04c169c4bdef102d0bc5d31b2546345219e348575eb80e9a0?s=96&d=mm&r=g\",\"url\":\"https:\\\/\\\/secure.gravatar.com\\\/avatar\\\/37d968a2e67a6fd04c169c4bdef102d0bc5d31b2546345219e348575eb80e9a0?s=96&d=mm&r=g\",\"contentUrl\":\"https:\\\/\\\/secure.gravatar.com\\\/avatar\\\/37d968a2e67a6fd04c169c4bdef102d0bc5d31b2546345219e348575eb80e9a0?s=96&d=mm&r=g\",\"caption\":\"redazione\"},\"sameAs\":[\"http:\\\/\\\/www.bellunopress.it\",\"https:\\\/\\\/x.com\\\/bellunopress\"],\"url\":\"https:\\\/\\\/www.bellunopress.it\\\/fr\\\/author\\\/redazione\\\/\"}]}<\/script>\n<!-- \/ Yoast SEO plugin. -->","yoast_head_json":{"title":"Nasce l'Associazione proprietari Nevegal. A presiederla Daniele Ciani\u00a0 - Bellunopress - Dolomiti","robots":{"index":"index","follow":"follow","max-snippet":"max-snippet:-1","max-image-preview":"max-image-preview:large","max-video-preview":"max-video-preview:-1"},"canonical":"https:\/\/www.bellunopress.it\/fr\/2020\/01\/20\/nasce-lassociazione-proprietari-nevegal-a-presiederla-daniele-ciani\/","og_locale":"fr_FR","og_type":"article","og_title":"Nasce l'Associazione proprietari Nevegal. A presiederla Daniele Ciani\u00a0 - Bellunopress - Dolomiti","og_description":"Nasce l&#8217;Associazione proprietari Nevegal. E&#8217; gi\u00e0 attiva la pagina facebook in cui \u00e8 possibile dialogare con gli operatori dell&#8217;associazione, portare il proprio contributo con foto ed informative, ed a breve sar\u00e0 disponibile anche un sito web. Chi volesse iscriversi o avere informazioni pu\u00f2 rivolgersi al presidente pro- tempore Daniele Ciani, titolare dell&#8217;Agenzia immobiliare Valbelluna con [&hellip;]","og_url":"https:\/\/www.bellunopress.it\/fr\/2020\/01\/20\/nasce-lassociazione-proprietari-nevegal-a-presiederla-daniele-ciani\/","og_site_name":"Bellunopress - Dolomiti","article_publisher":"https:\/\/www.facebook.com\/profile.php?id=100008943462799","article_published_time":"2020-01-20T19:46:56+00:00","article_modified_time":"2020-01-20T19:46:57+00:00","og_image":[{"url":"http:\/\/www.bellunopress.it\/wp-content\/uploads\/2020\/01\/nevegal-1.jpg","type":"","width":"","height":""}],"author":"redazione","twitter_card":"summary_large_image","twitter_creator":"@bellunopress","twitter_site":"@bellunopress","twitter_misc":{"\u00c9crit par":"redazione","Dur\u00e9e de lecture estim\u00e9e":"2 minutes"},"schema":{"@context":"https:\/\/schema.org","@graph":[{"@type":"Article","@id":"https:\/\/www.bellunopress.it\/2020\/01\/20\/nasce-lassociazione-proprietari-nevegal-a-presiederla-daniele-ciani\/#article","isPartOf":{"@id":"https:\/\/www.bellunopress.it\/2020\/01\/20\/nasce-lassociazione-proprietari-nevegal-a-presiederla-daniele-ciani\/"},"author":{"name":"redazione","@id":"https:\/\/www.bellunopress.it\/#\/schema\/person\/79bb06722b37ece1c03d3e94beb30d73"},"headline":"Nasce l&#8217;Associazione proprietari Nevegal. A presiederla Daniele Ciani\u00a0","datePublished":"2020-01-20T19:46:56+00:00","dateModified":"2020-01-20T19:46:57+00:00","mainEntityOfPage":{"@id":"https:\/\/www.bellunopress.it\/2020\/01\/20\/nasce-lassociazione-proprietari-nevegal-a-presiederla-daniele-ciani\/"},"wordCount":512,"publisher":{"@id":"https:\/\/www.bellunopress.it\/#organization"},"image":{"@id":"https:\/\/www.bellunopress.it\/2020\/01\/20\/nasce-lassociazione-proprietari-nevegal-a-presiederla-daniele-ciani\/#primaryimage"},"thumbnailUrl":"http:\/\/www.bellunopress.it\/wp-content\/uploads\/2020\/01\/nevegal-1.jpg","articleSection":["Prima Pagina","Societ\u00e0, Associazioni, Istituzioni"],"inLanguage":"fr-FR"},{"@type":"WebPage","@id":"https:\/\/www.bellunopress.it\/2020\/01\/20\/nasce-lassociazione-proprietari-nevegal-a-presiederla-daniele-ciani\/","url":"https:\/\/www.bellunopress.it\/2020\/01\/20\/nasce-lassociazione-proprietari-nevegal-a-presiederla-daniele-ciani\/","name":"Nasce l'Associazione proprietari Nevegal. A presiederla Daniele Ciani\u00a0 - Bellunopress - Dolomiti","isPartOf":{"@id":"https:\/\/www.bellunopress.it\/#website"},"primaryImageOfPage":{"@id":"https:\/\/www.bellunopress.it\/2020\/01\/20\/nasce-lassociazione-proprietari-nevegal-a-presiederla-daniele-ciani\/#primaryimage"},"image":{"@id":"https:\/\/www.bellunopress.it\/2020\/01\/20\/nasce-lassociazione-proprietari-nevegal-a-presiederla-daniele-ciani\/#primaryimage"},"thumbnailUrl":"http:\/\/www.bellunopress.it\/wp-content\/uploads\/2020\/01\/nevegal-1.jpg","datePublished":"2020-01-20T19:46:56+00:00","dateModified":"2020-01-20T19:46:57+00:00","breadcrumb":{"@id":"https:\/\/www.bellunopress.it\/2020\/01\/20\/nasce-lassociazione-proprietari-nevegal-a-presiederla-daniele-ciani\/#breadcrumb"},"inLanguage":"fr-FR","potentialAction":[{"@type":"ReadAction","target":["https:\/\/www.bellunopress.it\/2020\/01\/20\/nasce-lassociazione-proprietari-nevegal-a-presiederla-daniele-ciani\/"]}]},{"@type":"ImageObject","inLanguage":"fr-FR","@id":"https:\/\/www.bellunopress.it\/2020\/01\/20\/nasce-lassociazione-proprietari-nevegal-a-presiederla-daniele-ciani\/#primaryimage","url":"http:\/\/www.bellunopress.it\/wp-content\/uploads\/2020\/01\/nevegal-1.jpg","contentUrl":"http:\/\/www.bellunopress.it\/wp-content\/uploads\/2020\/01\/nevegal-1.jpg"},{"@type":"BreadcrumbList","@id":"https:\/\/www.bellunopress.it\/2020\/01\/20\/nasce-lassociazione-proprietari-nevegal-a-presiederla-daniele-ciani\/#breadcrumb","itemListElement":[{"@type":"ListItem","position":1,"name":"Home","item":"https:\/\/www.bellunopress.it\/"},{"@type":"ListItem","position":2,"name":"Nasce l&#8217;Associazione proprietari Nevegal. A presiederla Daniele Ciani\u00a0"}]},{"@type":"WebSite","@id":"https:\/\/www.bellunopress.it\/#website","url":"https:\/\/www.bellunopress.it\/","name":"Bellunopress - Dolomiti","description":"e-mail: redazione@bellunopress.it","publisher":{"@id":"https:\/\/www.bellunopress.it\/#organization"},"potentialAction":[{"@type":"SearchAction","target":{"@type":"EntryPoint","urlTemplate":"https:\/\/www.bellunopress.it\/?s={search_term_string}"},"query-input":{"@type":"PropertyValueSpecification","valueRequired":true,"valueName":"search_term_string"}}],"inLanguage":"fr-FR"},{"@type":"Organization","@id":"https:\/\/www.bellunopress.it\/#organization","name":"Bellunopress","url":"https:\/\/www.bellunopress.it\/","logo":{"@type":"ImageObject","inLanguage":"fr-FR","@id":"https:\/\/www.bellunopress.it\/#\/schema\/logo\/image\/","url":"https:\/\/www.bellunopress.it\/wp-content\/uploads\/2011\/05\/cropped-logo-bellunopress-.jpg","contentUrl":"https:\/\/www.bellunopress.it\/wp-content\/uploads\/2011\/05\/cropped-logo-bellunopress-.jpg","width":512,"height":512,"caption":"Bellunopress"},"image":{"@id":"https:\/\/www.bellunopress.it\/#\/schema\/logo\/image\/"},"sameAs":["https:\/\/www.facebook.com\/profile.php?id=100008943462799","https:\/\/x.com\/bellunopress","https:\/\/www.linkedin.com\/hp\/?dnr=JBzUWaJfMUw8vbXJJ2tVW5-I3jZKvC4wsoxE&amp;amp;amp;amp;amp;amp;trk=nav_responsive_tab_home","https:\/\/www.youtube.com\/channel\/UCxL0wu1uN0_3_7hGG0306cw"]},{"@type":"Person","@id":"https:\/\/www.bellunopress.it\/#\/schema\/person\/79bb06722b37ece1c03d3e94beb30d73","name":"r\u00e9daction","image":{"@type":"ImageObject","inLanguage":"fr-FR","@id":"https:\/\/secure.gravatar.com\/avatar\/37d968a2e67a6fd04c169c4bdef102d0bc5d31b2546345219e348575eb80e9a0?s=96&d=mm&r=g","url":"https:\/\/secure.gravatar.com\/avatar\/37d968a2e67a6fd04c169c4bdef102d0bc5d31b2546345219e348575eb80e9a0?s=96&d=mm&r=g","contentUrl":"https:\/\/secure.gravatar.com\/avatar\/37d968a2e67a6fd04c169c4bdef102d0bc5d31b2546345219e348575eb80e9a0?s=96&d=mm&r=g","caption":"redazione"},"sameAs":["http:\/\/www.bellunopress.it","https:\/\/x.com\/bellunopress"],"url":"https:\/\/www.bellunopress.it\/fr\/author\/redazione\/"}]}},"_links":{"self":[{"href":"https:\/\/www.bellunopress.it\/fr\/wp-json\/wp\/v2\/posts\/111417","targetHints":{"allow":["GET"]}}],"collection":[{"href":"https:\/\/www.bellunopress.it\/fr\/wp-json\/wp\/v2\/posts"}],"about":[{"href":"https:\/\/www.bellunopress.it\/fr\/wp-json\/wp\/v2\/types\/post"}],"author":[{"embeddable":true,"href":"https:\/\/www.bellunopress.it\/fr\/wp-json\/wp\/v2\/users\/2"}],"replies":[{"embeddable":true,"href":"https:\/\/www.bellunopress.it\/fr\/wp-json\/wp\/v2\/comments?post=111417"}],"version-history":[{"count":2,"href":"https:\/\/www.bellunopress.it\/fr\/wp-json\/wp\/v2\/posts\/111417\/revisions"}],"predecessor-version":[{"id":111420,"href":"https:\/\/www.bellunopress.it\/fr\/wp-json\/wp\/v2\/posts\/111417\/revisions\/111420"}],"wp:attachment":[{"href":"https:\/\/www.bellunopress.it\/fr\/wp-json\/wp\/v2\/media?parent=111417"}],"wp:term":[{"taxonomy":"category","embeddable":true,"href":"https:\/\/www.bellunopress.it\/fr\/wp-json\/wp\/v2\/categories?post=111417"},{"taxonomy":"post_tag","embeddable":true,"href":"https:\/\/www.bellunopress.it\/fr\/wp-json\/wp\/v2\/tags?post=111417"}],"curies":[{"name":"wp","href":"https:\/\/api.w.org\/{rel}","templated":true}]}}