{"id":111401,"date":"2020-01-20T16:10:24","date_gmt":"2020-01-20T15:10:24","guid":{"rendered":"http:\/\/www.bellunopress.it\/?p=111401"},"modified":"2020-01-20T16:10:24","modified_gmt":"2020-01-20T15:10:24","slug":"processo-pfas-legambiente-ammessa-tra-le-parti-civili-daremo-battaglia-nel-nome-del-popolo-inquinato","status":"publish","type":"post","link":"https:\/\/www.bellunopress.it\/fr\/2020\/01\/20\/processo-pfas-legambiente-ammessa-tra-le-parti-civili-daremo-battaglia-nel-nome-del-popolo-inquinato\/","title":{"rendered":"Processo Pfas, Legambiente ammessa tra le parti civili: &#8220;Daremo battaglia nel nome del popolo inquinato&#8221;"},"content":{"rendered":"<p><a href=\"http:\/\/www.bellunopress.it\/fr\/2014\/10\/27\/21ma-edizione-ecosistema-urbano-di-legambiente-belluno-al-ii-posto-della-classifica-dopo-verbania\/legambiente\/\" rel=\"attachment wp-att-63753\"><img loading=\"lazy\" decoding=\"async\" class=\"alignleft size-full wp-image-63753\" src=\"http:\/\/www.bellunopress.it\/wp-content\/uploads\/2014\/10\/legambiente.jpg\" alt=\"\" width=\"170\" height=\"113\" \/><\/a>Legambiente Veneto e il Circolo Legambiente Perla Blu di Cologna Veneta esprimono soddisfazione per il riconoscimento a pieno titolo tra le parti civili nel processo contro i presunti responsabili dell&#8217;inquinamento da PFAS, rispetto ai quali \u00e8 stato chiesto il rinvio a giudizio per i reati di disastro innominato ed avvelenamento delle acque.<\/p>\n<p>Legambiente si \u00e8 costituita parte civile in questo processo, attraverso il lavoro degli avvocati Giuliasofia Aldegheri ed Enrico Varali del Centro di Azione Giuridica dell&#8217;associazione, che hanno saputo rispondere alle eccezioni sollevate dagli imputati, portando il giudice a confermare la legittimazione a stare in giudizio come parte offesa e danneggiata del reato sia il livello territoriale, con il Circolo Legambiente Perla Blu di Cologna Veneta, che quello regionale, con la legittimazione di Legambiente Veneto. Gradimento di Legambiente che vale anche per l&#8217;accoglimento tra le parti civili di tutte le altre associazioni ambientaliste che nel tempo si sono impegnate sulla vicenda.<\/p>\n<p>&#8220;Siamo molto soddisfatti per l&#8217;accoglimento nel processo &#8211; dichiara Piergiorgio Boscagin della segreteria regionale dell&#8217;associazione &#8211; che conferma la verit\u00e0 sulla dimensione del disastro. Quello da Pfas \u00e8 un inquinamento che sta mettendo a repentaglio la qualit\u00e0 della vita di centinaia di migliaia di cittadini, non solo di operai e singoli ricorrenti. Giusto che questo processo veda Legambiente, e le altre principali associazioni ambientaliste che lavorano per la tutela degli interessi diffusi e collettivi, dar battaglia nel nome del popolo inquinato che esige verit\u00e0, sicurezza e salubrit\u00e0 per l&#8217;ambiente in cui vive a prescindere dai valori di accumulo di Pfas nel sangue&#8221;.<\/p>\n<p>Per Legambiente si tratta di un ulteriore significativo accertamento del lavoro di continua denuncia e di irreprensibile difesa dell&#8217;ambiente e degli interessi collettivi, che l&#8217;associazione ha svolto in questi 6 anni, a partire dai primi allarmi diffusi all&#8217;alba delle rivelazioni del CNR nel luglio 2013, e che hanno sollevato tra le Istituzioni e tra la popolazione la necessit\u00e0 di far luce su gravit\u00e0 e vastit\u00e0 dell inquinamento da Pfas. Denunce, azioni e documenti che Legambiente ha messo in campo grazie ad impegno e coinvolgimento di circoli locali e di tutti i livelli associativi assieme ai tanti cittadini e comitati locali riunitisi poi nel &#8220;Coordinamento Acqua Libera da Pfas&#8221; e che ha portato il caso all&#8217;attenzione delle Istituzioni nazionali con l&#8217;audizione presso la Commissione parlamentare di inchiesta sulle ecomafie che apr\u00ec alla specifica Commissione sui Pfas &#8211; e della popolazione &#8211; con i numerosi incontri pubblici e la raccolta nel 2017 di 15mila firme per chiedere l&#8217;avvio della progettazione dei nuovi acquedotti per l&#8217;area inquinata e l&#8217;introduzione di limiti di legge il pi\u00f9 possibile prossimi allo zero.<\/p>\n<p>Soddisfazione di Legambiente anche per l&#8217;accoglimento da parte del Giudice della citazione di Mitsubishi Corporation Inc. con sede a Tokyo (JP), International Chemical Investors S.E. con sede a Lussembugo e Fallimento Miteni s.p.a con sede a Trissino (VI) quali responsabili civili per il risarcimento dei danni e per le quali si augura la conferma di un formale coinvolgimento nel prosieguo del processo.<\/p>","protected":false},"excerpt":{"rendered":"<p>Legambiente Veneto e il Circolo Legambiente Perla Blu di Cologna Veneta esprimono soddisfazione per il riconoscimento a pieno titolo tra le parti civili nel processo contro i presunti responsabili dell&#8217;inquinamento da PFAS, rispetto ai quali \u00e8 stato chiesto il rinvio a giudizio per i reati di disastro innominato ed avvelenamento delle acque. Legambiente si \u00e8 [&hellip;]<\/p>\n","protected":false},"author":2,"featured_media":0,"comment_status":"closed","ping_status":"open","sticky":false,"template":"","format":"standard","meta":{"footnotes":""},"categories":[5,38,26],"tags":[],"class_list":["post-111401","post","type-post","status-publish","format-standard","category-cronaca","category-natura-ambiente","category-prima-pagina"],"yoast_head":"<!-- This site is optimized with the Yoast SEO plugin v28.4 - https:\/\/yoast.com\/product\/yoast-seo-wordpress\/ -->\n<title>Processo Pfas, Legambiente ammessa tra le parti civili: &quot;Daremo battaglia nel nome del popolo inquinato&quot; - Bellunopress - Dolomiti<\/title>\n<meta name=\"robots\" content=\"index, follow, max-snippet:-1, max-image-preview:large, max-video-preview:-1\" \/>\n<link rel=\"canonical\" href=\"https:\/\/www.bellunopress.it\/fr\/2020\/01\/20\/processo-pfas-legambiente-ammessa-tra-le-parti-civili-daremo-battaglia-nel-nome-del-popolo-inquinato\/\" \/>\n<meta property=\"og:locale\" content=\"fr_FR\" \/>\n<meta property=\"og:type\" content=\"article\" \/>\n<meta property=\"og:title\" content=\"Processo Pfas, Legambiente ammessa tra le parti civili: &quot;Daremo battaglia nel nome del popolo inquinato&quot; - Bellunopress - Dolomiti\" \/>\n<meta property=\"og:description\" content=\"Legambiente Veneto e il Circolo Legambiente Perla Blu di Cologna Veneta esprimono soddisfazione per il riconoscimento a pieno titolo tra le parti civili nel processo contro i presunti responsabili dell&#8217;inquinamento da PFAS, rispetto ai quali \u00e8 stato chiesto il rinvio a giudizio per i reati di disastro innominato ed avvelenamento delle acque. Legambiente si \u00e8 [&hellip;]\" \/>\n<meta property=\"og:url\" content=\"https:\/\/www.bellunopress.it\/fr\/2020\/01\/20\/processo-pfas-legambiente-ammessa-tra-le-parti-civili-daremo-battaglia-nel-nome-del-popolo-inquinato\/\" \/>\n<meta property=\"og:site_name\" content=\"Bellunopress - Dolomiti\" \/>\n<meta property=\"article:publisher\" content=\"https:\/\/www.facebook.com\/profile.php?id=100008943462799\" \/>\n<meta property=\"article:published_time\" content=\"2020-01-20T15:10:24+00:00\" \/>\n<meta property=\"og:image\" content=\"http:\/\/www.bellunopress.it\/wp-content\/uploads\/2014\/10\/legambiente.jpg\" \/>\n<meta name=\"author\" content=\"redazione\" \/>\n<meta name=\"twitter:card\" content=\"summary_large_image\" \/>\n<meta name=\"twitter:creator\" content=\"@bellunopress\" \/>\n<meta name=\"twitter:site\" content=\"@bellunopress\" \/>\n<meta name=\"twitter:label1\" content=\"Written by\" \/>\n\t<meta name=\"twitter:data1\" content=\"redazione\" \/>\n\t<meta name=\"twitter:label2\" content=\"Est. reading time\" \/>\n\t<meta name=\"twitter:data2\" content=\"2 minutes\" \/>\n<script type=\"application\/ld+json\" class=\"yoast-schema-graph\">{\"@context\":\"https:\\\/\\\/schema.org\",\"@graph\":[{\"@type\":\"Article\",\"@id\":\"https:\\\/\\\/www.bellunopress.it\\\/2020\\\/01\\\/20\\\/processo-pfas-legambiente-ammessa-tra-le-parti-civili-daremo-battaglia-nel-nome-del-popolo-inquinato\\\/#article\",\"isPartOf\":{\"@id\":\"https:\\\/\\\/www.bellunopress.it\\\/2020\\\/01\\\/20\\\/processo-pfas-legambiente-ammessa-tra-le-parti-civili-daremo-battaglia-nel-nome-del-popolo-inquinato\\\/\"},\"author\":{\"name\":\"redazione\",\"@id\":\"https:\\\/\\\/www.bellunopress.it\\\/#\\\/schema\\\/person\\\/79bb06722b37ece1c03d3e94beb30d73\"},\"headline\":\"Processo Pfas, Legambiente ammessa tra le parti civili: &#8220;Daremo battaglia nel nome del popolo inquinato&#8221;\",\"datePublished\":\"2020-01-20T15:10:24+00:00\",\"mainEntityOfPage\":{\"@id\":\"https:\\\/\\\/www.bellunopress.it\\\/2020\\\/01\\\/20\\\/processo-pfas-legambiente-ammessa-tra-le-parti-civili-daremo-battaglia-nel-nome-del-popolo-inquinato\\\/\"},\"wordCount\":519,\"publisher\":{\"@id\":\"https:\\\/\\\/www.bellunopress.it\\\/#organization\"},\"image\":{\"@id\":\"https:\\\/\\\/www.bellunopress.it\\\/2020\\\/01\\\/20\\\/processo-pfas-legambiente-ammessa-tra-le-parti-civili-daremo-battaglia-nel-nome-del-popolo-inquinato\\\/#primaryimage\"},\"thumbnailUrl\":\"http:\\\/\\\/www.bellunopress.it\\\/wp-content\\\/uploads\\\/2014\\\/10\\\/legambiente.jpg\",\"articleSection\":[\"Cronaca\\\/Politica\",\"Meteo, natura, ambiente, animali\",\"Prima Pagina\"],\"inLanguage\":\"fr-FR\"},{\"@type\":\"WebPage\",\"@id\":\"https:\\\/\\\/www.bellunopress.it\\\/2020\\\/01\\\/20\\\/processo-pfas-legambiente-ammessa-tra-le-parti-civili-daremo-battaglia-nel-nome-del-popolo-inquinato\\\/\",\"url\":\"https:\\\/\\\/www.bellunopress.it\\\/2020\\\/01\\\/20\\\/processo-pfas-legambiente-ammessa-tra-le-parti-civili-daremo-battaglia-nel-nome-del-popolo-inquinato\\\/\",\"name\":\"Processo Pfas, Legambiente ammessa tra le parti civili: \\\"Daremo battaglia nel nome del popolo inquinato\\\" - Bellunopress - Dolomiti\",\"isPartOf\":{\"@id\":\"https:\\\/\\\/www.bellunopress.it\\\/#website\"},\"primaryImageOfPage\":{\"@id\":\"https:\\\/\\\/www.bellunopress.it\\\/2020\\\/01\\\/20\\\/processo-pfas-legambiente-ammessa-tra-le-parti-civili-daremo-battaglia-nel-nome-del-popolo-inquinato\\\/#primaryimage\"},\"image\":{\"@id\":\"https:\\\/\\\/www.bellunopress.it\\\/2020\\\/01\\\/20\\\/processo-pfas-legambiente-ammessa-tra-le-parti-civili-daremo-battaglia-nel-nome-del-popolo-inquinato\\\/#primaryimage\"},\"thumbnailUrl\":\"http:\\\/\\\/www.bellunopress.it\\\/wp-content\\\/uploads\\\/2014\\\/10\\\/legambiente.jpg\",\"datePublished\":\"2020-01-20T15:10:24+00:00\",\"breadcrumb\":{\"@id\":\"https:\\\/\\\/www.bellunopress.it\\\/2020\\\/01\\\/20\\\/processo-pfas-legambiente-ammessa-tra-le-parti-civili-daremo-battaglia-nel-nome-del-popolo-inquinato\\\/#breadcrumb\"},\"inLanguage\":\"fr-FR\",\"potentialAction\":[{\"@type\":\"ReadAction\",\"target\":[\"https:\\\/\\\/www.bellunopress.it\\\/2020\\\/01\\\/20\\\/processo-pfas-legambiente-ammessa-tra-le-parti-civili-daremo-battaglia-nel-nome-del-popolo-inquinato\\\/\"]}]},{\"@type\":\"ImageObject\",\"inLanguage\":\"fr-FR\",\"@id\":\"https:\\\/\\\/www.bellunopress.it\\\/2020\\\/01\\\/20\\\/processo-pfas-legambiente-ammessa-tra-le-parti-civili-daremo-battaglia-nel-nome-del-popolo-inquinato\\\/#primaryimage\",\"url\":\"http:\\\/\\\/www.bellunopress.it\\\/wp-content\\\/uploads\\\/2014\\\/10\\\/legambiente.jpg\",\"contentUrl\":\"http:\\\/\\\/www.bellunopress.it\\\/wp-content\\\/uploads\\\/2014\\\/10\\\/legambiente.jpg\"},{\"@type\":\"BreadcrumbList\",\"@id\":\"https:\\\/\\\/www.bellunopress.it\\\/2020\\\/01\\\/20\\\/processo-pfas-legambiente-ammessa-tra-le-parti-civili-daremo-battaglia-nel-nome-del-popolo-inquinato\\\/#breadcrumb\",\"itemListElement\":[{\"@type\":\"ListItem\",\"position\":1,\"name\":\"Home\",\"item\":\"https:\\\/\\\/www.bellunopress.it\\\/\"},{\"@type\":\"ListItem\",\"position\":2,\"name\":\"Processo Pfas, Legambiente ammessa tra le parti civili: &#8220;Daremo battaglia nel nome del popolo inquinato&#8221;\"}]},{\"@type\":\"WebSite\",\"@id\":\"https:\\\/\\\/www.bellunopress.it\\\/#website\",\"url\":\"https:\\\/\\\/www.bellunopress.it\\\/\",\"name\":\"Bellunopress - Dolomiti\",\"description\":\"e-mail: redazione@bellunopress.it\",\"publisher\":{\"@id\":\"https:\\\/\\\/www.bellunopress.it\\\/#organization\"},\"potentialAction\":[{\"@type\":\"SearchAction\",\"target\":{\"@type\":\"EntryPoint\",\"urlTemplate\":\"https:\\\/\\\/www.bellunopress.it\\\/?s={search_term_string}\"},\"query-input\":{\"@type\":\"PropertyValueSpecification\",\"valueRequired\":true,\"valueName\":\"search_term_string\"}}],\"inLanguage\":\"fr-FR\"},{\"@type\":\"Organization\",\"@id\":\"https:\\\/\\\/www.bellunopress.it\\\/#organization\",\"name\":\"Bellunopress\",\"url\":\"https:\\\/\\\/www.bellunopress.it\\\/\",\"logo\":{\"@type\":\"ImageObject\",\"inLanguage\":\"fr-FR\",\"@id\":\"https:\\\/\\\/www.bellunopress.it\\\/#\\\/schema\\\/logo\\\/image\\\/\",\"url\":\"https:\\\/\\\/www.bellunopress.it\\\/wp-content\\\/uploads\\\/2011\\\/05\\\/cropped-logo-bellunopress-.jpg\",\"contentUrl\":\"https:\\\/\\\/www.bellunopress.it\\\/wp-content\\\/uploads\\\/2011\\\/05\\\/cropped-logo-bellunopress-.jpg\",\"width\":512,\"height\":512,\"caption\":\"Bellunopress\"},\"image\":{\"@id\":\"https:\\\/\\\/www.bellunopress.it\\\/#\\\/schema\\\/logo\\\/image\\\/\"},\"sameAs\":[\"https:\\\/\\\/www.facebook.com\\\/profile.php?id=100008943462799\",\"https:\\\/\\\/x.com\\\/bellunopress\",\"https:\\\/\\\/www.linkedin.com\\\/hp\\\/?dnr=JBzUWaJfMUw8vbXJJ2tVW5-I3jZKvC4wsoxE&amp;amp;amp;amp;amp;amp;trk=nav_responsive_tab_home\",\"https:\\\/\\\/www.youtube.com\\\/channel\\\/UCxL0wu1uN0_3_7hGG0306cw\"]},{\"@type\":\"Person\",\"@id\":\"https:\\\/\\\/www.bellunopress.it\\\/#\\\/schema\\\/person\\\/79bb06722b37ece1c03d3e94beb30d73\",\"name\":\"redazione\",\"image\":{\"@type\":\"ImageObject\",\"inLanguage\":\"fr-FR\",\"@id\":\"https:\\\/\\\/secure.gravatar.com\\\/avatar\\\/37d968a2e67a6fd04c169c4bdef102d0bc5d31b2546345219e348575eb80e9a0?s=96&d=mm&r=g\",\"url\":\"https:\\\/\\\/secure.gravatar.com\\\/avatar\\\/37d968a2e67a6fd04c169c4bdef102d0bc5d31b2546345219e348575eb80e9a0?s=96&d=mm&r=g\",\"contentUrl\":\"https:\\\/\\\/secure.gravatar.com\\\/avatar\\\/37d968a2e67a6fd04c169c4bdef102d0bc5d31b2546345219e348575eb80e9a0?s=96&d=mm&r=g\",\"caption\":\"redazione\"},\"sameAs\":[\"http:\\\/\\\/www.bellunopress.it\",\"https:\\\/\\\/x.com\\\/bellunopress\"],\"url\":\"https:\\\/\\\/www.bellunopress.it\\\/fr\\\/author\\\/redazione\\\/\"}]}<\/script>\n<!-- \/ Yoast SEO plugin. -->","yoast_head_json":{"title":"Processo Pfas, Legambiente ammessa tra le parti civili: \"Daremo battaglia nel nome del popolo inquinato\" - Bellunopress - Dolomiti","robots":{"index":"index","follow":"follow","max-snippet":"max-snippet:-1","max-image-preview":"max-image-preview:large","max-video-preview":"max-video-preview:-1"},"canonical":"https:\/\/www.bellunopress.it\/fr\/2020\/01\/20\/processo-pfas-legambiente-ammessa-tra-le-parti-civili-daremo-battaglia-nel-nome-del-popolo-inquinato\/","og_locale":"fr_FR","og_type":"article","og_title":"Processo Pfas, Legambiente ammessa tra le parti civili: \"Daremo battaglia nel nome del popolo inquinato\" - Bellunopress - Dolomiti","og_description":"Legambiente Veneto e il Circolo Legambiente Perla Blu di Cologna Veneta esprimono soddisfazione per il riconoscimento a pieno titolo tra le parti civili nel processo contro i presunti responsabili dell&#8217;inquinamento da PFAS, rispetto ai quali \u00e8 stato chiesto il rinvio a giudizio per i reati di disastro innominato ed avvelenamento delle acque. Legambiente si \u00e8 [&hellip;]","og_url":"https:\/\/www.bellunopress.it\/fr\/2020\/01\/20\/processo-pfas-legambiente-ammessa-tra-le-parti-civili-daremo-battaglia-nel-nome-del-popolo-inquinato\/","og_site_name":"Bellunopress - Dolomiti","article_publisher":"https:\/\/www.facebook.com\/profile.php?id=100008943462799","article_published_time":"2020-01-20T15:10:24+00:00","og_image":[{"url":"http:\/\/www.bellunopress.it\/wp-content\/uploads\/2014\/10\/legambiente.jpg","type":"","width":"","height":""}],"author":"redazione","twitter_card":"summary_large_image","twitter_creator":"@bellunopress","twitter_site":"@bellunopress","twitter_misc":{"Written by":"redazione","Est. reading time":"2 minutes"},"schema":{"@context":"https:\/\/schema.org","@graph":[{"@type":"Article","@id":"https:\/\/www.bellunopress.it\/2020\/01\/20\/processo-pfas-legambiente-ammessa-tra-le-parti-civili-daremo-battaglia-nel-nome-del-popolo-inquinato\/#article","isPartOf":{"@id":"https:\/\/www.bellunopress.it\/2020\/01\/20\/processo-pfas-legambiente-ammessa-tra-le-parti-civili-daremo-battaglia-nel-nome-del-popolo-inquinato\/"},"author":{"name":"redazione","@id":"https:\/\/www.bellunopress.it\/#\/schema\/person\/79bb06722b37ece1c03d3e94beb30d73"},"headline":"Processo Pfas, Legambiente ammessa tra le parti civili: &#8220;Daremo battaglia nel nome del popolo inquinato&#8221;","datePublished":"2020-01-20T15:10:24+00:00","mainEntityOfPage":{"@id":"https:\/\/www.bellunopress.it\/2020\/01\/20\/processo-pfas-legambiente-ammessa-tra-le-parti-civili-daremo-battaglia-nel-nome-del-popolo-inquinato\/"},"wordCount":519,"publisher":{"@id":"https:\/\/www.bellunopress.it\/#organization"},"image":{"@id":"https:\/\/www.bellunopress.it\/2020\/01\/20\/processo-pfas-legambiente-ammessa-tra-le-parti-civili-daremo-battaglia-nel-nome-del-popolo-inquinato\/#primaryimage"},"thumbnailUrl":"http:\/\/www.bellunopress.it\/wp-content\/uploads\/2014\/10\/legambiente.jpg","articleSection":["Cronaca\/Politica","Meteo, natura, ambiente, animali","Prima Pagina"],"inLanguage":"fr-FR"},{"@type":"WebPage","@id":"https:\/\/www.bellunopress.it\/2020\/01\/20\/processo-pfas-legambiente-ammessa-tra-le-parti-civili-daremo-battaglia-nel-nome-del-popolo-inquinato\/","url":"https:\/\/www.bellunopress.it\/2020\/01\/20\/processo-pfas-legambiente-ammessa-tra-le-parti-civili-daremo-battaglia-nel-nome-del-popolo-inquinato\/","name":"Processo Pfas, Legambiente ammessa tra le parti civili: \"Daremo battaglia nel nome del popolo inquinato\" - Bellunopress - Dolomiti","isPartOf":{"@id":"https:\/\/www.bellunopress.it\/#website"},"primaryImageOfPage":{"@id":"https:\/\/www.bellunopress.it\/2020\/01\/20\/processo-pfas-legambiente-ammessa-tra-le-parti-civili-daremo-battaglia-nel-nome-del-popolo-inquinato\/#primaryimage"},"image":{"@id":"https:\/\/www.bellunopress.it\/2020\/01\/20\/processo-pfas-legambiente-ammessa-tra-le-parti-civili-daremo-battaglia-nel-nome-del-popolo-inquinato\/#primaryimage"},"thumbnailUrl":"http:\/\/www.bellunopress.it\/wp-content\/uploads\/2014\/10\/legambiente.jpg","datePublished":"2020-01-20T15:10:24+00:00","breadcrumb":{"@id":"https:\/\/www.bellunopress.it\/2020\/01\/20\/processo-pfas-legambiente-ammessa-tra-le-parti-civili-daremo-battaglia-nel-nome-del-popolo-inquinato\/#breadcrumb"},"inLanguage":"fr-FR","potentialAction":[{"@type":"ReadAction","target":["https:\/\/www.bellunopress.it\/2020\/01\/20\/processo-pfas-legambiente-ammessa-tra-le-parti-civili-daremo-battaglia-nel-nome-del-popolo-inquinato\/"]}]},{"@type":"ImageObject","inLanguage":"fr-FR","@id":"https:\/\/www.bellunopress.it\/2020\/01\/20\/processo-pfas-legambiente-ammessa-tra-le-parti-civili-daremo-battaglia-nel-nome-del-popolo-inquinato\/#primaryimage","url":"http:\/\/www.bellunopress.it\/wp-content\/uploads\/2014\/10\/legambiente.jpg","contentUrl":"http:\/\/www.bellunopress.it\/wp-content\/uploads\/2014\/10\/legambiente.jpg"},{"@type":"BreadcrumbList","@id":"https:\/\/www.bellunopress.it\/2020\/01\/20\/processo-pfas-legambiente-ammessa-tra-le-parti-civili-daremo-battaglia-nel-nome-del-popolo-inquinato\/#breadcrumb","itemListElement":[{"@type":"ListItem","position":1,"name":"Home","item":"https:\/\/www.bellunopress.it\/"},{"@type":"ListItem","position":2,"name":"Processo Pfas, Legambiente ammessa tra le parti civili: &#8220;Daremo battaglia nel nome del popolo inquinato&#8221;"}]},{"@type":"WebSite","@id":"https:\/\/www.bellunopress.it\/#website","url":"https:\/\/www.bellunopress.it\/","name":"Bellunopress - Dolomiti","description":"e-mail: redazione@bellunopress.it","publisher":{"@id":"https:\/\/www.bellunopress.it\/#organization"},"potentialAction":[{"@type":"SearchAction","target":{"@type":"EntryPoint","urlTemplate":"https:\/\/www.bellunopress.it\/?s={search_term_string}"},"query-input":{"@type":"PropertyValueSpecification","valueRequired":true,"valueName":"search_term_string"}}],"inLanguage":"fr-FR"},{"@type":"Organization","@id":"https:\/\/www.bellunopress.it\/#organization","name":"Bellunopress","url":"https:\/\/www.bellunopress.it\/","logo":{"@type":"ImageObject","inLanguage":"fr-FR","@id":"https:\/\/www.bellunopress.it\/#\/schema\/logo\/image\/","url":"https:\/\/www.bellunopress.it\/wp-content\/uploads\/2011\/05\/cropped-logo-bellunopress-.jpg","contentUrl":"https:\/\/www.bellunopress.it\/wp-content\/uploads\/2011\/05\/cropped-logo-bellunopress-.jpg","width":512,"height":512,"caption":"Bellunopress"},"image":{"@id":"https:\/\/www.bellunopress.it\/#\/schema\/logo\/image\/"},"sameAs":["https:\/\/www.facebook.com\/profile.php?id=100008943462799","https:\/\/x.com\/bellunopress","https:\/\/www.linkedin.com\/hp\/?dnr=JBzUWaJfMUw8vbXJJ2tVW5-I3jZKvC4wsoxE&amp;amp;amp;amp;amp;amp;trk=nav_responsive_tab_home","https:\/\/www.youtube.com\/channel\/UCxL0wu1uN0_3_7hGG0306cw"]},{"@type":"Person","@id":"https:\/\/www.bellunopress.it\/#\/schema\/person\/79bb06722b37ece1c03d3e94beb30d73","name":"r\u00e9daction","image":{"@type":"ImageObject","inLanguage":"fr-FR","@id":"https:\/\/secure.gravatar.com\/avatar\/37d968a2e67a6fd04c169c4bdef102d0bc5d31b2546345219e348575eb80e9a0?s=96&d=mm&r=g","url":"https:\/\/secure.gravatar.com\/avatar\/37d968a2e67a6fd04c169c4bdef102d0bc5d31b2546345219e348575eb80e9a0?s=96&d=mm&r=g","contentUrl":"https:\/\/secure.gravatar.com\/avatar\/37d968a2e67a6fd04c169c4bdef102d0bc5d31b2546345219e348575eb80e9a0?s=96&d=mm&r=g","caption":"redazione"},"sameAs":["http:\/\/www.bellunopress.it","https:\/\/x.com\/bellunopress"],"url":"https:\/\/www.bellunopress.it\/fr\/author\/redazione\/"}]}},"_links":{"self":[{"href":"https:\/\/www.bellunopress.it\/fr\/wp-json\/wp\/v2\/posts\/111401","targetHints":{"allow":["GET"]}}],"collection":[{"href":"https:\/\/www.bellunopress.it\/fr\/wp-json\/wp\/v2\/posts"}],"about":[{"href":"https:\/\/www.bellunopress.it\/fr\/wp-json\/wp\/v2\/types\/post"}],"author":[{"embeddable":true,"href":"https:\/\/www.bellunopress.it\/fr\/wp-json\/wp\/v2\/users\/2"}],"replies":[{"embeddable":true,"href":"https:\/\/www.bellunopress.it\/fr\/wp-json\/wp\/v2\/comments?post=111401"}],"version-history":[{"count":1,"href":"https:\/\/www.bellunopress.it\/fr\/wp-json\/wp\/v2\/posts\/111401\/revisions"}],"predecessor-version":[{"id":111402,"href":"https:\/\/www.bellunopress.it\/fr\/wp-json\/wp\/v2\/posts\/111401\/revisions\/111402"}],"wp:attachment":[{"href":"https:\/\/www.bellunopress.it\/fr\/wp-json\/wp\/v2\/media?parent=111401"}],"wp:term":[{"taxonomy":"category","embeddable":true,"href":"https:\/\/www.bellunopress.it\/fr\/wp-json\/wp\/v2\/categories?post=111401"},{"taxonomy":"post_tag","embeddable":true,"href":"https:\/\/www.bellunopress.it\/fr\/wp-json\/wp\/v2\/tags?post=111401"}],"curies":[{"name":"wp","href":"https:\/\/api.w.org\/{rel}","templated":true}]}}