{"id":111395,"date":"2020-01-20T15:54:59","date_gmt":"2020-01-20T14:54:59","guid":{"rendered":"http:\/\/www.bellunopress.it\/?p=111395"},"modified":"2020-01-20T15:55:05","modified_gmt":"2020-01-20T14:55:05","slug":"riuso-artistico-sabato-allimap-casa-di-sedico-linaugurazione-della-mostra-di-inmaculada-barrionuevo","status":"publish","type":"post","link":"https:\/\/www.bellunopress.it\/fr\/2020\/01\/20\/riuso-artistico-sabato-allimap-casa-di-sedico-linaugurazione-della-mostra-di-inmaculada-barrionuevo\/","title":{"rendered":"Riuso artistico. Sabato all&#8217;Imap casa di Sedico l&#8217;inaugurazione della mostra di Inmaculada Barrionuevo"},"content":{"rendered":"<p>Sabato 25 gennaio alle ore 17:00 nello showroom di Imap Casa in via Fornaci 3 a Sedico si inaugura la mostra &#8220;Riuso Artistico: dall&#8217;Andalusia alle Dolomiti&#8221; di Immaculada Barrionuevo.\u00a0 Ingresso gratuito.<\/p>\n<p><a href=\"http:\/\/www.bellunopress.it\/fr\/2020\/01\/20\/riuso-artistico-sabato-allimap-casa-di-sedico-linaugurazione-della-mostra-di-inmaculada-barrionuevo\/riuso-artistico\/\" rel=\"attachment wp-att-111396\"><img loading=\"lazy\" decoding=\"async\" class=\"alignleft size-full wp-image-111396\" src=\"http:\/\/www.bellunopress.it\/wp-content\/uploads\/2020\/01\/Riuso-Artistico.jpg\" alt=\"\" width=\"300\" height=\"258\" \/><\/a>Inmaculada Barrionuevo \u00e8 un&#8217;artigiana-artista-imprenditrice di Almer\u00eda, comune spagnolo in riva al Mediterraneo, luogo di palme e monumenti moreschi. Da novembre 2019 \u00e8 ospite presso la ditta Imap Casa di Sedico con il progetto &#8220;Erasmus per Giovani imprenditori&#8221;.\u00a0 \u00a0Un salto nelle Dolomiti bellunesi, un paesaggio ed un clima molto diversi da quelli del Desierto de Tabernas, a nord di Almer\u00eda.\u00a0Da un lato le vette alpine &#8211; e la neve che le ha coperte poco dopo il suo arrivo &#8211; e dall&#8217;altro i ricordi e la cultura andalusi: questa dualit\u00e0 ha trovato sfogo nella creazione di originali gioielli, prodotti dall&#8217;artista con gli scampoli dei tessuti per tende da interni di Imap Casa.<\/p>\n<p>Inmaculada ha cercato una soluzione al problema degli scarti dei materiali generati dall&#8217;azienda, reinterpretandoli.<\/p>\n<p>&#8220;Ho iniziato a lavorare con gli scampoli dei tessuti di Imap Casa e con scarti di altri materiali che mi ero portata dalla Spagna&#8221; racconta. &#8220;Ogni tecnica, materiale manipolabile e viaggio alimentano la mia creativit\u00e0. Ogni gioiello contiene la mia intera vita di artigiana.&#8221;<\/p>\n<p>L&#8217;artista si \u00e8 formata tra Almer\u00eda, Barcellona, Roma e Modena. La sua attivit\u00e0, in Spagna, prende il nome di Arte Portable (&#8220;arte indossabile&#8221;).<\/p>\n<p>La mostra fa parte della rassegna culturale &#8220;Alle 5 della sera&#8221; organizzata da Imap Casa per la promozione dell&#8217;artigianato artistico a partire dal 2013.<\/p>\n<p>L&#8217;attivit\u00e0 di Inmaculada presso l&#8217;azienda si inserisce nel progetto dell&#8217;UE &#8220;Erasmus per Giovani Imprenditori&#8221;: un imprenditore con oltre 10 anni di esperienza ospita un nuovo imprenditore che sia in attivit\u00e0 da meno di 2 anni. Imap Casa \u00e8 gi\u00e0 alla terza esperienza Erasmus, avendo ospitato nel 2016 l&#8217;artista tessile lettone Ieva Prane e nel 2018 la stilista londinese Amparo Quiroz.<\/p>","protected":false},"excerpt":{"rendered":"<p>Sabato 25 gennaio alle ore 17:00 nello showroom di Imap Casa in via Fornaci 3 a Sedico si inaugura la mostra &#8220;Riuso Artistico: dall&#8217;Andalusia alle Dolomiti&#8221; di Immaculada Barrionuevo.\u00a0 Ingresso gratuito. Inmaculada Barrionuevo \u00e8 un&#8217;artigiana-artista-imprenditrice di Almer\u00eda, comune spagnolo in riva al Mediterraneo, luogo di palme e monumenti moreschi. Da novembre 2019 \u00e8 ospite presso [&hellip;]<\/p>\n","protected":false},"author":2,"featured_media":0,"comment_status":"closed","ping_status":"open","sticky":false,"template":"","format":"standard","meta":{"footnotes":""},"categories":[27,3,26],"tags":[],"class_list":["post-111395","post","type-post","status-publish","format-standard","category-appuntamenti","category-arte-cultura-spettacoli-scienza-archivi","category-prima-pagina"],"yoast_head":"<!-- This site is optimized with the Yoast SEO plugin v28.4 - https:\/\/yoast.com\/product\/yoast-seo-wordpress\/ -->\n<title>Riuso artistico. Sabato all&#039;Imap casa di Sedico l&#039;inaugurazione della mostra di Inmaculada Barrionuevo - Bellunopress - Dolomiti<\/title>\n<meta name=\"robots\" content=\"index, follow, max-snippet:-1, max-image-preview:large, max-video-preview:-1\" \/>\n<link rel=\"canonical\" href=\"https:\/\/www.bellunopress.it\/fr\/2020\/01\/20\/riuso-artistico-sabato-allimap-casa-di-sedico-linaugurazione-della-mostra-di-inmaculada-barrionuevo\/\" \/>\n<meta property=\"og:locale\" content=\"fr_FR\" \/>\n<meta property=\"og:type\" content=\"article\" \/>\n<meta property=\"og:title\" content=\"Riuso artistico. Sabato all&#039;Imap casa di Sedico l&#039;inaugurazione della mostra di Inmaculada Barrionuevo - Bellunopress - Dolomiti\" \/>\n<meta property=\"og:description\" content=\"Sabato 25 gennaio alle ore 17:00 nello showroom di Imap Casa in via Fornaci 3 a Sedico si inaugura la mostra &#8220;Riuso Artistico: dall&#8217;Andalusia alle Dolomiti&#8221; di Immaculada Barrionuevo.\u00a0 Ingresso gratuito. Inmaculada Barrionuevo \u00e8 un&#8217;artigiana-artista-imprenditrice di Almer\u00eda, comune spagnolo in riva al Mediterraneo, luogo di palme e monumenti moreschi. Da novembre 2019 \u00e8 ospite presso [&hellip;]\" \/>\n<meta property=\"og:url\" content=\"https:\/\/www.bellunopress.it\/fr\/2020\/01\/20\/riuso-artistico-sabato-allimap-casa-di-sedico-linaugurazione-della-mostra-di-inmaculada-barrionuevo\/\" \/>\n<meta property=\"og:site_name\" content=\"Bellunopress - Dolomiti\" \/>\n<meta property=\"article:publisher\" content=\"https:\/\/www.facebook.com\/profile.php?id=100008943462799\" \/>\n<meta property=\"article:published_time\" content=\"2020-01-20T14:54:59+00:00\" \/>\n<meta property=\"article:modified_time\" content=\"2020-01-20T14:55:05+00:00\" \/>\n<meta property=\"og:image\" content=\"http:\/\/www.bellunopress.it\/wp-content\/uploads\/2020\/01\/Riuso-Artistico.jpg\" \/>\n<meta name=\"author\" content=\"redazione\" \/>\n<meta name=\"twitter:card\" content=\"summary_large_image\" \/>\n<meta name=\"twitter:creator\" content=\"@bellunopress\" \/>\n<meta name=\"twitter:site\" content=\"@bellunopress\" \/>\n<meta name=\"twitter:label1\" content=\"\u00c9crit par\" \/>\n\t<meta name=\"twitter:data1\" content=\"redazione\" \/>\n\t<meta name=\"twitter:label2\" content=\"Dur\u00e9e de lecture estim\u00e9e\" \/>\n\t<meta name=\"twitter:data2\" content=\"1 minute\" \/>\n<script type=\"application\/ld+json\" class=\"yoast-schema-graph\">{\"@context\":\"https:\\\/\\\/schema.org\",\"@graph\":[{\"@type\":\"Article\",\"@id\":\"https:\\\/\\\/www.bellunopress.it\\\/2020\\\/01\\\/20\\\/riuso-artistico-sabato-allimap-casa-di-sedico-linaugurazione-della-mostra-di-inmaculada-barrionuevo\\\/#article\",\"isPartOf\":{\"@id\":\"https:\\\/\\\/www.bellunopress.it\\\/2020\\\/01\\\/20\\\/riuso-artistico-sabato-allimap-casa-di-sedico-linaugurazione-della-mostra-di-inmaculada-barrionuevo\\\/\"},\"author\":{\"name\":\"redazione\",\"@id\":\"https:\\\/\\\/www.bellunopress.it\\\/#\\\/schema\\\/person\\\/79bb06722b37ece1c03d3e94beb30d73\"},\"headline\":\"Riuso artistico. Sabato all&#8217;Imap casa di Sedico l&#8217;inaugurazione della mostra di Inmaculada Barrionuevo\",\"datePublished\":\"2020-01-20T14:54:59+00:00\",\"dateModified\":\"2020-01-20T14:55:05+00:00\",\"mainEntityOfPage\":{\"@id\":\"https:\\\/\\\/www.bellunopress.it\\\/2020\\\/01\\\/20\\\/riuso-artistico-sabato-allimap-casa-di-sedico-linaugurazione-della-mostra-di-inmaculada-barrionuevo\\\/\"},\"wordCount\":322,\"publisher\":{\"@id\":\"https:\\\/\\\/www.bellunopress.it\\\/#organization\"},\"image\":{\"@id\":\"https:\\\/\\\/www.bellunopress.it\\\/2020\\\/01\\\/20\\\/riuso-artistico-sabato-allimap-casa-di-sedico-linaugurazione-della-mostra-di-inmaculada-barrionuevo\\\/#primaryimage\"},\"thumbnailUrl\":\"http:\\\/\\\/www.bellunopress.it\\\/wp-content\\\/uploads\\\/2020\\\/01\\\/Riuso-Artistico.jpg\",\"articleSection\":[\"Appuntamenti, Eventi\",\"Arte, Cultura, Spettacoli, Scienza\",\"Prima Pagina\"],\"inLanguage\":\"fr-FR\"},{\"@type\":\"WebPage\",\"@id\":\"https:\\\/\\\/www.bellunopress.it\\\/2020\\\/01\\\/20\\\/riuso-artistico-sabato-allimap-casa-di-sedico-linaugurazione-della-mostra-di-inmaculada-barrionuevo\\\/\",\"url\":\"https:\\\/\\\/www.bellunopress.it\\\/2020\\\/01\\\/20\\\/riuso-artistico-sabato-allimap-casa-di-sedico-linaugurazione-della-mostra-di-inmaculada-barrionuevo\\\/\",\"name\":\"Riuso artistico. Sabato all'Imap casa di Sedico l'inaugurazione della mostra di Inmaculada Barrionuevo - Bellunopress - Dolomiti\",\"isPartOf\":{\"@id\":\"https:\\\/\\\/www.bellunopress.it\\\/#website\"},\"primaryImageOfPage\":{\"@id\":\"https:\\\/\\\/www.bellunopress.it\\\/2020\\\/01\\\/20\\\/riuso-artistico-sabato-allimap-casa-di-sedico-linaugurazione-della-mostra-di-inmaculada-barrionuevo\\\/#primaryimage\"},\"image\":{\"@id\":\"https:\\\/\\\/www.bellunopress.it\\\/2020\\\/01\\\/20\\\/riuso-artistico-sabato-allimap-casa-di-sedico-linaugurazione-della-mostra-di-inmaculada-barrionuevo\\\/#primaryimage\"},\"thumbnailUrl\":\"http:\\\/\\\/www.bellunopress.it\\\/wp-content\\\/uploads\\\/2020\\\/01\\\/Riuso-Artistico.jpg\",\"datePublished\":\"2020-01-20T14:54:59+00:00\",\"dateModified\":\"2020-01-20T14:55:05+00:00\",\"breadcrumb\":{\"@id\":\"https:\\\/\\\/www.bellunopress.it\\\/2020\\\/01\\\/20\\\/riuso-artistico-sabato-allimap-casa-di-sedico-linaugurazione-della-mostra-di-inmaculada-barrionuevo\\\/#breadcrumb\"},\"inLanguage\":\"fr-FR\",\"potentialAction\":[{\"@type\":\"ReadAction\",\"target\":[\"https:\\\/\\\/www.bellunopress.it\\\/2020\\\/01\\\/20\\\/riuso-artistico-sabato-allimap-casa-di-sedico-linaugurazione-della-mostra-di-inmaculada-barrionuevo\\\/\"]}]},{\"@type\":\"ImageObject\",\"inLanguage\":\"fr-FR\",\"@id\":\"https:\\\/\\\/www.bellunopress.it\\\/2020\\\/01\\\/20\\\/riuso-artistico-sabato-allimap-casa-di-sedico-linaugurazione-della-mostra-di-inmaculada-barrionuevo\\\/#primaryimage\",\"url\":\"http:\\\/\\\/www.bellunopress.it\\\/wp-content\\\/uploads\\\/2020\\\/01\\\/Riuso-Artistico.jpg\",\"contentUrl\":\"http:\\\/\\\/www.bellunopress.it\\\/wp-content\\\/uploads\\\/2020\\\/01\\\/Riuso-Artistico.jpg\"},{\"@type\":\"BreadcrumbList\",\"@id\":\"https:\\\/\\\/www.bellunopress.it\\\/2020\\\/01\\\/20\\\/riuso-artistico-sabato-allimap-casa-di-sedico-linaugurazione-della-mostra-di-inmaculada-barrionuevo\\\/#breadcrumb\",\"itemListElement\":[{\"@type\":\"ListItem\",\"position\":1,\"name\":\"Home\",\"item\":\"https:\\\/\\\/www.bellunopress.it\\\/\"},{\"@type\":\"ListItem\",\"position\":2,\"name\":\"Riuso artistico. Sabato all&#8217;Imap casa di Sedico l&#8217;inaugurazione della mostra di Inmaculada Barrionuevo\"}]},{\"@type\":\"WebSite\",\"@id\":\"https:\\\/\\\/www.bellunopress.it\\\/#website\",\"url\":\"https:\\\/\\\/www.bellunopress.it\\\/\",\"name\":\"Bellunopress - Dolomiti\",\"description\":\"e-mail: redazione@bellunopress.it\",\"publisher\":{\"@id\":\"https:\\\/\\\/www.bellunopress.it\\\/#organization\"},\"potentialAction\":[{\"@type\":\"SearchAction\",\"target\":{\"@type\":\"EntryPoint\",\"urlTemplate\":\"https:\\\/\\\/www.bellunopress.it\\\/?s={search_term_string}\"},\"query-input\":{\"@type\":\"PropertyValueSpecification\",\"valueRequired\":true,\"valueName\":\"search_term_string\"}}],\"inLanguage\":\"fr-FR\"},{\"@type\":\"Organization\",\"@id\":\"https:\\\/\\\/www.bellunopress.it\\\/#organization\",\"name\":\"Bellunopress\",\"url\":\"https:\\\/\\\/www.bellunopress.it\\\/\",\"logo\":{\"@type\":\"ImageObject\",\"inLanguage\":\"fr-FR\",\"@id\":\"https:\\\/\\\/www.bellunopress.it\\\/#\\\/schema\\\/logo\\\/image\\\/\",\"url\":\"https:\\\/\\\/www.bellunopress.it\\\/wp-content\\\/uploads\\\/2011\\\/05\\\/cropped-logo-bellunopress-.jpg\",\"contentUrl\":\"https:\\\/\\\/www.bellunopress.it\\\/wp-content\\\/uploads\\\/2011\\\/05\\\/cropped-logo-bellunopress-.jpg\",\"width\":512,\"height\":512,\"caption\":\"Bellunopress\"},\"image\":{\"@id\":\"https:\\\/\\\/www.bellunopress.it\\\/#\\\/schema\\\/logo\\\/image\\\/\"},\"sameAs\":[\"https:\\\/\\\/www.facebook.com\\\/profile.php?id=100008943462799\",\"https:\\\/\\\/x.com\\\/bellunopress\",\"https:\\\/\\\/www.linkedin.com\\\/hp\\\/?dnr=JBzUWaJfMUw8vbXJJ2tVW5-I3jZKvC4wsoxE&amp;amp;amp;amp;amp;amp;trk=nav_responsive_tab_home\",\"https:\\\/\\\/www.youtube.com\\\/channel\\\/UCxL0wu1uN0_3_7hGG0306cw\"]},{\"@type\":\"Person\",\"@id\":\"https:\\\/\\\/www.bellunopress.it\\\/#\\\/schema\\\/person\\\/79bb06722b37ece1c03d3e94beb30d73\",\"name\":\"redazione\",\"image\":{\"@type\":\"ImageObject\",\"inLanguage\":\"fr-FR\",\"@id\":\"https:\\\/\\\/secure.gravatar.com\\\/avatar\\\/37d968a2e67a6fd04c169c4bdef102d0bc5d31b2546345219e348575eb80e9a0?s=96&d=mm&r=g\",\"url\":\"https:\\\/\\\/secure.gravatar.com\\\/avatar\\\/37d968a2e67a6fd04c169c4bdef102d0bc5d31b2546345219e348575eb80e9a0?s=96&d=mm&r=g\",\"contentUrl\":\"https:\\\/\\\/secure.gravatar.com\\\/avatar\\\/37d968a2e67a6fd04c169c4bdef102d0bc5d31b2546345219e348575eb80e9a0?s=96&d=mm&r=g\",\"caption\":\"redazione\"},\"sameAs\":[\"http:\\\/\\\/www.bellunopress.it\",\"https:\\\/\\\/x.com\\\/bellunopress\"],\"url\":\"https:\\\/\\\/www.bellunopress.it\\\/fr\\\/author\\\/redazione\\\/\"}]}<\/script>\n<!-- \/ Yoast SEO plugin. -->","yoast_head_json":{"title":"Riuso artistico. Sabato all'Imap casa di Sedico l'inaugurazione della mostra di Inmaculada Barrionuevo - Bellunopress - Dolomiti","robots":{"index":"index","follow":"follow","max-snippet":"max-snippet:-1","max-image-preview":"max-image-preview:large","max-video-preview":"max-video-preview:-1"},"canonical":"https:\/\/www.bellunopress.it\/fr\/2020\/01\/20\/riuso-artistico-sabato-allimap-casa-di-sedico-linaugurazione-della-mostra-di-inmaculada-barrionuevo\/","og_locale":"fr_FR","og_type":"article","og_title":"Riuso artistico. Sabato all'Imap casa di Sedico l'inaugurazione della mostra di Inmaculada Barrionuevo - Bellunopress - Dolomiti","og_description":"Sabato 25 gennaio alle ore 17:00 nello showroom di Imap Casa in via Fornaci 3 a Sedico si inaugura la mostra &#8220;Riuso Artistico: dall&#8217;Andalusia alle Dolomiti&#8221; di Immaculada Barrionuevo.\u00a0 Ingresso gratuito. Inmaculada Barrionuevo \u00e8 un&#8217;artigiana-artista-imprenditrice di Almer\u00eda, comune spagnolo in riva al Mediterraneo, luogo di palme e monumenti moreschi. Da novembre 2019 \u00e8 ospite presso [&hellip;]","og_url":"https:\/\/www.bellunopress.it\/fr\/2020\/01\/20\/riuso-artistico-sabato-allimap-casa-di-sedico-linaugurazione-della-mostra-di-inmaculada-barrionuevo\/","og_site_name":"Bellunopress - Dolomiti","article_publisher":"https:\/\/www.facebook.com\/profile.php?id=100008943462799","article_published_time":"2020-01-20T14:54:59+00:00","article_modified_time":"2020-01-20T14:55:05+00:00","og_image":[{"url":"http:\/\/www.bellunopress.it\/wp-content\/uploads\/2020\/01\/Riuso-Artistico.jpg","type":"","width":"","height":""}],"author":"redazione","twitter_card":"summary_large_image","twitter_creator":"@bellunopress","twitter_site":"@bellunopress","twitter_misc":{"\u00c9crit par":"redazione","Dur\u00e9e de lecture estim\u00e9e":"1 minute"},"schema":{"@context":"https:\/\/schema.org","@graph":[{"@type":"Article","@id":"https:\/\/www.bellunopress.it\/2020\/01\/20\/riuso-artistico-sabato-allimap-casa-di-sedico-linaugurazione-della-mostra-di-inmaculada-barrionuevo\/#article","isPartOf":{"@id":"https:\/\/www.bellunopress.it\/2020\/01\/20\/riuso-artistico-sabato-allimap-casa-di-sedico-linaugurazione-della-mostra-di-inmaculada-barrionuevo\/"},"author":{"name":"redazione","@id":"https:\/\/www.bellunopress.it\/#\/schema\/person\/79bb06722b37ece1c03d3e94beb30d73"},"headline":"Riuso artistico. Sabato all&#8217;Imap casa di Sedico l&#8217;inaugurazione della mostra di Inmaculada Barrionuevo","datePublished":"2020-01-20T14:54:59+00:00","dateModified":"2020-01-20T14:55:05+00:00","mainEntityOfPage":{"@id":"https:\/\/www.bellunopress.it\/2020\/01\/20\/riuso-artistico-sabato-allimap-casa-di-sedico-linaugurazione-della-mostra-di-inmaculada-barrionuevo\/"},"wordCount":322,"publisher":{"@id":"https:\/\/www.bellunopress.it\/#organization"},"image":{"@id":"https:\/\/www.bellunopress.it\/2020\/01\/20\/riuso-artistico-sabato-allimap-casa-di-sedico-linaugurazione-della-mostra-di-inmaculada-barrionuevo\/#primaryimage"},"thumbnailUrl":"http:\/\/www.bellunopress.it\/wp-content\/uploads\/2020\/01\/Riuso-Artistico.jpg","articleSection":["Appuntamenti, Eventi","Arte, Cultura, Spettacoli, Scienza","Prima Pagina"],"inLanguage":"fr-FR"},{"@type":"WebPage","@id":"https:\/\/www.bellunopress.it\/2020\/01\/20\/riuso-artistico-sabato-allimap-casa-di-sedico-linaugurazione-della-mostra-di-inmaculada-barrionuevo\/","url":"https:\/\/www.bellunopress.it\/2020\/01\/20\/riuso-artistico-sabato-allimap-casa-di-sedico-linaugurazione-della-mostra-di-inmaculada-barrionuevo\/","name":"Riuso artistico. Sabato all'Imap casa di Sedico l'inaugurazione della mostra di Inmaculada Barrionuevo - Bellunopress - Dolomiti","isPartOf":{"@id":"https:\/\/www.bellunopress.it\/#website"},"primaryImageOfPage":{"@id":"https:\/\/www.bellunopress.it\/2020\/01\/20\/riuso-artistico-sabato-allimap-casa-di-sedico-linaugurazione-della-mostra-di-inmaculada-barrionuevo\/#primaryimage"},"image":{"@id":"https:\/\/www.bellunopress.it\/2020\/01\/20\/riuso-artistico-sabato-allimap-casa-di-sedico-linaugurazione-della-mostra-di-inmaculada-barrionuevo\/#primaryimage"},"thumbnailUrl":"http:\/\/www.bellunopress.it\/wp-content\/uploads\/2020\/01\/Riuso-Artistico.jpg","datePublished":"2020-01-20T14:54:59+00:00","dateModified":"2020-01-20T14:55:05+00:00","breadcrumb":{"@id":"https:\/\/www.bellunopress.it\/2020\/01\/20\/riuso-artistico-sabato-allimap-casa-di-sedico-linaugurazione-della-mostra-di-inmaculada-barrionuevo\/#breadcrumb"},"inLanguage":"fr-FR","potentialAction":[{"@type":"ReadAction","target":["https:\/\/www.bellunopress.it\/2020\/01\/20\/riuso-artistico-sabato-allimap-casa-di-sedico-linaugurazione-della-mostra-di-inmaculada-barrionuevo\/"]}]},{"@type":"ImageObject","inLanguage":"fr-FR","@id":"https:\/\/www.bellunopress.it\/2020\/01\/20\/riuso-artistico-sabato-allimap-casa-di-sedico-linaugurazione-della-mostra-di-inmaculada-barrionuevo\/#primaryimage","url":"http:\/\/www.bellunopress.it\/wp-content\/uploads\/2020\/01\/Riuso-Artistico.jpg","contentUrl":"http:\/\/www.bellunopress.it\/wp-content\/uploads\/2020\/01\/Riuso-Artistico.jpg"},{"@type":"BreadcrumbList","@id":"https:\/\/www.bellunopress.it\/2020\/01\/20\/riuso-artistico-sabato-allimap-casa-di-sedico-linaugurazione-della-mostra-di-inmaculada-barrionuevo\/#breadcrumb","itemListElement":[{"@type":"ListItem","position":1,"name":"Home","item":"https:\/\/www.bellunopress.it\/"},{"@type":"ListItem","position":2,"name":"Riuso artistico. Sabato all&#8217;Imap casa di Sedico l&#8217;inaugurazione della mostra di Inmaculada Barrionuevo"}]},{"@type":"WebSite","@id":"https:\/\/www.bellunopress.it\/#website","url":"https:\/\/www.bellunopress.it\/","name":"Bellunopress - Dolomiti","description":"e-mail: redazione@bellunopress.it","publisher":{"@id":"https:\/\/www.bellunopress.it\/#organization"},"potentialAction":[{"@type":"SearchAction","target":{"@type":"EntryPoint","urlTemplate":"https:\/\/www.bellunopress.it\/?s={search_term_string}"},"query-input":{"@type":"PropertyValueSpecification","valueRequired":true,"valueName":"search_term_string"}}],"inLanguage":"fr-FR"},{"@type":"Organization","@id":"https:\/\/www.bellunopress.it\/#organization","name":"Bellunopress","url":"https:\/\/www.bellunopress.it\/","logo":{"@type":"ImageObject","inLanguage":"fr-FR","@id":"https:\/\/www.bellunopress.it\/#\/schema\/logo\/image\/","url":"https:\/\/www.bellunopress.it\/wp-content\/uploads\/2011\/05\/cropped-logo-bellunopress-.jpg","contentUrl":"https:\/\/www.bellunopress.it\/wp-content\/uploads\/2011\/05\/cropped-logo-bellunopress-.jpg","width":512,"height":512,"caption":"Bellunopress"},"image":{"@id":"https:\/\/www.bellunopress.it\/#\/schema\/logo\/image\/"},"sameAs":["https:\/\/www.facebook.com\/profile.php?id=100008943462799","https:\/\/x.com\/bellunopress","https:\/\/www.linkedin.com\/hp\/?dnr=JBzUWaJfMUw8vbXJJ2tVW5-I3jZKvC4wsoxE&amp;amp;amp;amp;amp;amp;trk=nav_responsive_tab_home","https:\/\/www.youtube.com\/channel\/UCxL0wu1uN0_3_7hGG0306cw"]},{"@type":"Person","@id":"https:\/\/www.bellunopress.it\/#\/schema\/person\/79bb06722b37ece1c03d3e94beb30d73","name":"r\u00e9daction","image":{"@type":"ImageObject","inLanguage":"fr-FR","@id":"https:\/\/secure.gravatar.com\/avatar\/37d968a2e67a6fd04c169c4bdef102d0bc5d31b2546345219e348575eb80e9a0?s=96&d=mm&r=g","url":"https:\/\/secure.gravatar.com\/avatar\/37d968a2e67a6fd04c169c4bdef102d0bc5d31b2546345219e348575eb80e9a0?s=96&d=mm&r=g","contentUrl":"https:\/\/secure.gravatar.com\/avatar\/37d968a2e67a6fd04c169c4bdef102d0bc5d31b2546345219e348575eb80e9a0?s=96&d=mm&r=g","caption":"redazione"},"sameAs":["http:\/\/www.bellunopress.it","https:\/\/x.com\/bellunopress"],"url":"https:\/\/www.bellunopress.it\/fr\/author\/redazione\/"}]}},"_links":{"self":[{"href":"https:\/\/www.bellunopress.it\/fr\/wp-json\/wp\/v2\/posts\/111395","targetHints":{"allow":["GET"]}}],"collection":[{"href":"https:\/\/www.bellunopress.it\/fr\/wp-json\/wp\/v2\/posts"}],"about":[{"href":"https:\/\/www.bellunopress.it\/fr\/wp-json\/wp\/v2\/types\/post"}],"author":[{"embeddable":true,"href":"https:\/\/www.bellunopress.it\/fr\/wp-json\/wp\/v2\/users\/2"}],"replies":[{"embeddable":true,"href":"https:\/\/www.bellunopress.it\/fr\/wp-json\/wp\/v2\/comments?post=111395"}],"version-history":[{"count":2,"href":"https:\/\/www.bellunopress.it\/fr\/wp-json\/wp\/v2\/posts\/111395\/revisions"}],"predecessor-version":[{"id":111398,"href":"https:\/\/www.bellunopress.it\/fr\/wp-json\/wp\/v2\/posts\/111395\/revisions\/111398"}],"wp:attachment":[{"href":"https:\/\/www.bellunopress.it\/fr\/wp-json\/wp\/v2\/media?parent=111395"}],"wp:term":[{"taxonomy":"category","embeddable":true,"href":"https:\/\/www.bellunopress.it\/fr\/wp-json\/wp\/v2\/categories?post=111395"},{"taxonomy":"post_tag","embeddable":true,"href":"https:\/\/www.bellunopress.it\/fr\/wp-json\/wp\/v2\/tags?post=111395"}],"curies":[{"name":"wp","href":"https:\/\/api.w.org\/{rel}","templated":true}]}}