{"id":111387,"date":"2020-01-19T22:24:25","date_gmt":"2020-01-19T21:24:25","guid":{"rendered":"http:\/\/www.bellunopress.it\/?p=111387"},"modified":"2020-01-19T22:24:25","modified_gmt":"2020-01-19T21:24:25","slug":"assemblea-dellassociazione-caffe-pedagogico-lunedi-3-febbraio-a-sedico","status":"publish","type":"post","link":"https:\/\/www.bellunopress.it\/fr\/2020\/01\/19\/assemblea-dellassociazione-caffe-pedagogico-lunedi-3-febbraio-a-sedico\/","title":{"rendered":"Assemblea dell&#8217;Associazione &#8220;Caff\u00e8 pedagogico&#8221;. Luned\u00ec 3 febbraio a Sedico"},"content":{"rendered":"<p>Luned\u00ec 3 febbraio 2020 alle ore 17,30 a Sedico nella sede dell&#8217;Associazione Blhyster, via Marconi n\u00b058 si terr\u00e0 l&#8217;assemblea dell&#8217;Associazione &#8220;Caff\u00e8 pedagogico&#8221;.<\/p>\n<p><a href=\"http:\/\/www.bellunopress.it\/fr\/2012\/04\/18\/nasce-un-comitato-nellalta-valle-del-mis-per-valutare-i-disagi-che-provocheranno-i-lavori-della-nuova-centrale-nonche-la-chiusura-della-strada\/comitato\/\" rel=\"attachment wp-att-37088\"><img loading=\"lazy\" decoding=\"async\" class=\"alignleft size-full wp-image-37088\" src=\"http:\/\/www.bellunopress.it\/wp-content\/uploads\/2012\/04\/comitato.jpg\" alt=\"\" width=\"150\" height=\"99\" \/><\/a>L&#8217;Associazione ha preso vita ufficialmente nella primavera del 2017, ma gi\u00e0 qualche anno prima un gruppo multidisciplinare completo di professionisti e soprattutto persone amanti del mondo dell&#8217;infanzia, si trovano, bevendo un caff\u00e8, per condividere pensieri e iniziative.<br \/>\nSi \u00e8 costruita, cos\u00ec, nel tempo, la necessit\u00e0 di incontrarsi periodicamente per riflettere, parlare, studiare ed elaborare; confrontarsi per riscoprire la pedagogia quale strumento dell&#8217;educazione. Studiare insieme nuove strategie e metodi educativi legati ai bambini, soprattutto della fascia 0\/6, e alle loro famiglie.<br \/>\nTutto ha inizio da un legame profondo con il pensiero di Pierina Boranga, indimenticabile protagonista bellunese del mondo dell&#8217;infanzia e l&#8217;Associazione desidera farsi portavoce di questa pedagogia tutt&#8217;ora attuale e viva.<\/p>\n<p>L&#8217;assemblea del 3 febbraio 2020 \u00e8 rivolta a soci e simpatizzanti per esporre le attivit\u00e0 e le proposte di incontri formativi ed eventi per le famiglie, ma soprattutto per incontrare persone appassionate di educazione e della cultura all&#8217;infanzia per approfondire insieme studi, azioni e programmi da far vivere nel nostro territorio.<\/p>","protected":false},"excerpt":{"rendered":"<p>Luned\u00ec 3 febbraio 2020 alle ore 17,30 a Sedico nella sede dell&#8217;Associazione Blhyster, via Marconi n\u00b058 si terr\u00e0 l&#8217;assemblea dell&#8217;Associazione &#8220;Caff\u00e8 pedagogico&#8221;. L&#8217;Associazione ha preso vita ufficialmente nella primavera del 2017, ma gi\u00e0 qualche anno prima un gruppo multidisciplinare completo di professionisti e soprattutto persone amanti del mondo dell&#8217;infanzia, si trovano, bevendo un caff\u00e8, per [&hellip;]<\/p>\n","protected":false},"author":2,"featured_media":0,"comment_status":"closed","ping_status":"open","sticky":false,"template":"","format":"standard","meta":{"footnotes":""},"categories":[27,25,15],"tags":[],"class_list":["post-111387","post","type-post","status-publish","format-standard","category-appuntamenti","category-pausa-caffe","category-scuola"],"yoast_head":"<!-- This site is optimized with the Yoast SEO plugin v28.4 - https:\/\/yoast.com\/product\/yoast-seo-wordpress\/ -->\n<title>Assemblea dell&#039;Associazione &quot;Caff\u00e8 pedagogico&quot;. Luned\u00ec 3 febbraio a Sedico - Bellunopress - Dolomiti<\/title>\n<meta name=\"robots\" content=\"index, follow, max-snippet:-1, max-image-preview:large, max-video-preview:-1\" \/>\n<link rel=\"canonical\" href=\"https:\/\/www.bellunopress.it\/fr\/2020\/01\/19\/assemblea-dellassociazione-caffe-pedagogico-lunedi-3-febbraio-a-sedico\/\" \/>\n<meta property=\"og:locale\" content=\"fr_FR\" \/>\n<meta property=\"og:type\" content=\"article\" \/>\n<meta property=\"og:title\" content=\"Assemblea dell&#039;Associazione &quot;Caff\u00e8 pedagogico&quot;. Luned\u00ec 3 febbraio a Sedico - Bellunopress - Dolomiti\" \/>\n<meta property=\"og:description\" content=\"Luned\u00ec 3 febbraio 2020 alle ore 17,30 a Sedico nella sede dell&#8217;Associazione Blhyster, via Marconi n\u00b058 si terr\u00e0 l&#8217;assemblea dell&#8217;Associazione &#8220;Caff\u00e8 pedagogico&#8221;. L&#8217;Associazione ha preso vita ufficialmente nella primavera del 2017, ma gi\u00e0 qualche anno prima un gruppo multidisciplinare completo di professionisti e soprattutto persone amanti del mondo dell&#8217;infanzia, si trovano, bevendo un caff\u00e8, per [&hellip;]\" \/>\n<meta property=\"og:url\" content=\"https:\/\/www.bellunopress.it\/fr\/2020\/01\/19\/assemblea-dellassociazione-caffe-pedagogico-lunedi-3-febbraio-a-sedico\/\" \/>\n<meta property=\"og:site_name\" content=\"Bellunopress - Dolomiti\" \/>\n<meta property=\"article:publisher\" content=\"https:\/\/www.facebook.com\/profile.php?id=100008943462799\" \/>\n<meta property=\"article:published_time\" content=\"2020-01-19T21:24:25+00:00\" \/>\n<meta property=\"og:image\" content=\"http:\/\/www.bellunopress.it\/wp-content\/uploads\/2012\/04\/comitato.jpg\" \/>\n<meta name=\"author\" content=\"redazione\" \/>\n<meta name=\"twitter:card\" content=\"summary_large_image\" \/>\n<meta name=\"twitter:creator\" content=\"@bellunopress\" \/>\n<meta name=\"twitter:site\" content=\"@bellunopress\" \/>\n<meta name=\"twitter:label1\" content=\"\u00c9crit par\" \/>\n\t<meta name=\"twitter:data1\" content=\"redazione\" \/>\n\t<meta name=\"twitter:label2\" content=\"Dur\u00e9e de lecture estim\u00e9e\" \/>\n\t<meta name=\"twitter:data2\" content=\"1 minute\" \/>\n<script type=\"application\/ld+json\" class=\"yoast-schema-graph\">{\"@context\":\"https:\\\/\\\/schema.org\",\"@graph\":[{\"@type\":\"Article\",\"@id\":\"https:\\\/\\\/www.bellunopress.it\\\/2020\\\/01\\\/19\\\/assemblea-dellassociazione-caffe-pedagogico-lunedi-3-febbraio-a-sedico\\\/#article\",\"isPartOf\":{\"@id\":\"https:\\\/\\\/www.bellunopress.it\\\/2020\\\/01\\\/19\\\/assemblea-dellassociazione-caffe-pedagogico-lunedi-3-febbraio-a-sedico\\\/\"},\"author\":{\"name\":\"redazione\",\"@id\":\"https:\\\/\\\/www.bellunopress.it\\\/#\\\/schema\\\/person\\\/79bb06722b37ece1c03d3e94beb30d73\"},\"headline\":\"Assemblea dell&#8217;Associazione &#8220;Caff\u00e8 pedagogico&#8221;. Luned\u00ec 3 febbraio a Sedico\",\"datePublished\":\"2020-01-19T21:24:25+00:00\",\"mainEntityOfPage\":{\"@id\":\"https:\\\/\\\/www.bellunopress.it\\\/2020\\\/01\\\/19\\\/assemblea-dellassociazione-caffe-pedagogico-lunedi-3-febbraio-a-sedico\\\/\"},\"wordCount\":195,\"publisher\":{\"@id\":\"https:\\\/\\\/www.bellunopress.it\\\/#organization\"},\"image\":{\"@id\":\"https:\\\/\\\/www.bellunopress.it\\\/2020\\\/01\\\/19\\\/assemblea-dellassociazione-caffe-pedagogico-lunedi-3-febbraio-a-sedico\\\/#primaryimage\"},\"thumbnailUrl\":\"http:\\\/\\\/www.bellunopress.it\\\/wp-content\\\/uploads\\\/2012\\\/04\\\/comitato.jpg\",\"articleSection\":[\"Appuntamenti, Eventi\",\"Pausa Caff\u00e8\",\"Scuola\"],\"inLanguage\":\"fr-FR\"},{\"@type\":\"WebPage\",\"@id\":\"https:\\\/\\\/www.bellunopress.it\\\/2020\\\/01\\\/19\\\/assemblea-dellassociazione-caffe-pedagogico-lunedi-3-febbraio-a-sedico\\\/\",\"url\":\"https:\\\/\\\/www.bellunopress.it\\\/2020\\\/01\\\/19\\\/assemblea-dellassociazione-caffe-pedagogico-lunedi-3-febbraio-a-sedico\\\/\",\"name\":\"Assemblea dell'Associazione \\\"Caff\u00e8 pedagogico\\\". Luned\u00ec 3 febbraio a Sedico - Bellunopress - Dolomiti\",\"isPartOf\":{\"@id\":\"https:\\\/\\\/www.bellunopress.it\\\/#website\"},\"primaryImageOfPage\":{\"@id\":\"https:\\\/\\\/www.bellunopress.it\\\/2020\\\/01\\\/19\\\/assemblea-dellassociazione-caffe-pedagogico-lunedi-3-febbraio-a-sedico\\\/#primaryimage\"},\"image\":{\"@id\":\"https:\\\/\\\/www.bellunopress.it\\\/2020\\\/01\\\/19\\\/assemblea-dellassociazione-caffe-pedagogico-lunedi-3-febbraio-a-sedico\\\/#primaryimage\"},\"thumbnailUrl\":\"http:\\\/\\\/www.bellunopress.it\\\/wp-content\\\/uploads\\\/2012\\\/04\\\/comitato.jpg\",\"datePublished\":\"2020-01-19T21:24:25+00:00\",\"breadcrumb\":{\"@id\":\"https:\\\/\\\/www.bellunopress.it\\\/2020\\\/01\\\/19\\\/assemblea-dellassociazione-caffe-pedagogico-lunedi-3-febbraio-a-sedico\\\/#breadcrumb\"},\"inLanguage\":\"fr-FR\",\"potentialAction\":[{\"@type\":\"ReadAction\",\"target\":[\"https:\\\/\\\/www.bellunopress.it\\\/2020\\\/01\\\/19\\\/assemblea-dellassociazione-caffe-pedagogico-lunedi-3-febbraio-a-sedico\\\/\"]}]},{\"@type\":\"ImageObject\",\"inLanguage\":\"fr-FR\",\"@id\":\"https:\\\/\\\/www.bellunopress.it\\\/2020\\\/01\\\/19\\\/assemblea-dellassociazione-caffe-pedagogico-lunedi-3-febbraio-a-sedico\\\/#primaryimage\",\"url\":\"http:\\\/\\\/www.bellunopress.it\\\/wp-content\\\/uploads\\\/2012\\\/04\\\/comitato.jpg\",\"contentUrl\":\"http:\\\/\\\/www.bellunopress.it\\\/wp-content\\\/uploads\\\/2012\\\/04\\\/comitato.jpg\"},{\"@type\":\"BreadcrumbList\",\"@id\":\"https:\\\/\\\/www.bellunopress.it\\\/2020\\\/01\\\/19\\\/assemblea-dellassociazione-caffe-pedagogico-lunedi-3-febbraio-a-sedico\\\/#breadcrumb\",\"itemListElement\":[{\"@type\":\"ListItem\",\"position\":1,\"name\":\"Home\",\"item\":\"https:\\\/\\\/www.bellunopress.it\\\/\"},{\"@type\":\"ListItem\",\"position\":2,\"name\":\"Assemblea dell&#8217;Associazione &#8220;Caff\u00e8 pedagogico&#8221;. Luned\u00ec 3 febbraio a Sedico\"}]},{\"@type\":\"WebSite\",\"@id\":\"https:\\\/\\\/www.bellunopress.it\\\/#website\",\"url\":\"https:\\\/\\\/www.bellunopress.it\\\/\",\"name\":\"Bellunopress - Dolomiti\",\"description\":\"e-mail: redazione@bellunopress.it\",\"publisher\":{\"@id\":\"https:\\\/\\\/www.bellunopress.it\\\/#organization\"},\"potentialAction\":[{\"@type\":\"SearchAction\",\"target\":{\"@type\":\"EntryPoint\",\"urlTemplate\":\"https:\\\/\\\/www.bellunopress.it\\\/?s={search_term_string}\"},\"query-input\":{\"@type\":\"PropertyValueSpecification\",\"valueRequired\":true,\"valueName\":\"search_term_string\"}}],\"inLanguage\":\"fr-FR\"},{\"@type\":\"Organization\",\"@id\":\"https:\\\/\\\/www.bellunopress.it\\\/#organization\",\"name\":\"Bellunopress\",\"url\":\"https:\\\/\\\/www.bellunopress.it\\\/\",\"logo\":{\"@type\":\"ImageObject\",\"inLanguage\":\"fr-FR\",\"@id\":\"https:\\\/\\\/www.bellunopress.it\\\/#\\\/schema\\\/logo\\\/image\\\/\",\"url\":\"https:\\\/\\\/www.bellunopress.it\\\/wp-content\\\/uploads\\\/2011\\\/05\\\/cropped-logo-bellunopress-.jpg\",\"contentUrl\":\"https:\\\/\\\/www.bellunopress.it\\\/wp-content\\\/uploads\\\/2011\\\/05\\\/cropped-logo-bellunopress-.jpg\",\"width\":512,\"height\":512,\"caption\":\"Bellunopress\"},\"image\":{\"@id\":\"https:\\\/\\\/www.bellunopress.it\\\/#\\\/schema\\\/logo\\\/image\\\/\"},\"sameAs\":[\"https:\\\/\\\/www.facebook.com\\\/profile.php?id=100008943462799\",\"https:\\\/\\\/x.com\\\/bellunopress\",\"https:\\\/\\\/www.linkedin.com\\\/hp\\\/?dnr=JBzUWaJfMUw8vbXJJ2tVW5-I3jZKvC4wsoxE&amp;amp;amp;amp;amp;amp;trk=nav_responsive_tab_home\",\"https:\\\/\\\/www.youtube.com\\\/channel\\\/UCxL0wu1uN0_3_7hGG0306cw\"]},{\"@type\":\"Person\",\"@id\":\"https:\\\/\\\/www.bellunopress.it\\\/#\\\/schema\\\/person\\\/79bb06722b37ece1c03d3e94beb30d73\",\"name\":\"redazione\",\"image\":{\"@type\":\"ImageObject\",\"inLanguage\":\"fr-FR\",\"@id\":\"https:\\\/\\\/secure.gravatar.com\\\/avatar\\\/37d968a2e67a6fd04c169c4bdef102d0bc5d31b2546345219e348575eb80e9a0?s=96&d=mm&r=g\",\"url\":\"https:\\\/\\\/secure.gravatar.com\\\/avatar\\\/37d968a2e67a6fd04c169c4bdef102d0bc5d31b2546345219e348575eb80e9a0?s=96&d=mm&r=g\",\"contentUrl\":\"https:\\\/\\\/secure.gravatar.com\\\/avatar\\\/37d968a2e67a6fd04c169c4bdef102d0bc5d31b2546345219e348575eb80e9a0?s=96&d=mm&r=g\",\"caption\":\"redazione\"},\"sameAs\":[\"http:\\\/\\\/www.bellunopress.it\",\"https:\\\/\\\/x.com\\\/bellunopress\"],\"url\":\"https:\\\/\\\/www.bellunopress.it\\\/fr\\\/author\\\/redazione\\\/\"}]}<\/script>\n<!-- \/ Yoast SEO plugin. -->","yoast_head_json":{"title":"Assemblea dell'Associazione \"Caff\u00e8 pedagogico\". Luned\u00ec 3 febbraio a Sedico - Bellunopress - Dolomiti","robots":{"index":"index","follow":"follow","max-snippet":"max-snippet:-1","max-image-preview":"max-image-preview:large","max-video-preview":"max-video-preview:-1"},"canonical":"https:\/\/www.bellunopress.it\/fr\/2020\/01\/19\/assemblea-dellassociazione-caffe-pedagogico-lunedi-3-febbraio-a-sedico\/","og_locale":"fr_FR","og_type":"article","og_title":"Assemblea dell'Associazione \"Caff\u00e8 pedagogico\". Luned\u00ec 3 febbraio a Sedico - Bellunopress - Dolomiti","og_description":"Luned\u00ec 3 febbraio 2020 alle ore 17,30 a Sedico nella sede dell&#8217;Associazione Blhyster, via Marconi n\u00b058 si terr\u00e0 l&#8217;assemblea dell&#8217;Associazione &#8220;Caff\u00e8 pedagogico&#8221;. L&#8217;Associazione ha preso vita ufficialmente nella primavera del 2017, ma gi\u00e0 qualche anno prima un gruppo multidisciplinare completo di professionisti e soprattutto persone amanti del mondo dell&#8217;infanzia, si trovano, bevendo un caff\u00e8, per [&hellip;]","og_url":"https:\/\/www.bellunopress.it\/fr\/2020\/01\/19\/assemblea-dellassociazione-caffe-pedagogico-lunedi-3-febbraio-a-sedico\/","og_site_name":"Bellunopress - Dolomiti","article_publisher":"https:\/\/www.facebook.com\/profile.php?id=100008943462799","article_published_time":"2020-01-19T21:24:25+00:00","og_image":[{"url":"http:\/\/www.bellunopress.it\/wp-content\/uploads\/2012\/04\/comitato.jpg","type":"","width":"","height":""}],"author":"redazione","twitter_card":"summary_large_image","twitter_creator":"@bellunopress","twitter_site":"@bellunopress","twitter_misc":{"\u00c9crit par":"redazione","Dur\u00e9e de lecture estim\u00e9e":"1 minute"},"schema":{"@context":"https:\/\/schema.org","@graph":[{"@type":"Article","@id":"https:\/\/www.bellunopress.it\/2020\/01\/19\/assemblea-dellassociazione-caffe-pedagogico-lunedi-3-febbraio-a-sedico\/#article","isPartOf":{"@id":"https:\/\/www.bellunopress.it\/2020\/01\/19\/assemblea-dellassociazione-caffe-pedagogico-lunedi-3-febbraio-a-sedico\/"},"author":{"name":"redazione","@id":"https:\/\/www.bellunopress.it\/#\/schema\/person\/79bb06722b37ece1c03d3e94beb30d73"},"headline":"Assemblea dell&#8217;Associazione &#8220;Caff\u00e8 pedagogico&#8221;. Luned\u00ec 3 febbraio a Sedico","datePublished":"2020-01-19T21:24:25+00:00","mainEntityOfPage":{"@id":"https:\/\/www.bellunopress.it\/2020\/01\/19\/assemblea-dellassociazione-caffe-pedagogico-lunedi-3-febbraio-a-sedico\/"},"wordCount":195,"publisher":{"@id":"https:\/\/www.bellunopress.it\/#organization"},"image":{"@id":"https:\/\/www.bellunopress.it\/2020\/01\/19\/assemblea-dellassociazione-caffe-pedagogico-lunedi-3-febbraio-a-sedico\/#primaryimage"},"thumbnailUrl":"http:\/\/www.bellunopress.it\/wp-content\/uploads\/2012\/04\/comitato.jpg","articleSection":["Appuntamenti, Eventi","Pausa Caff\u00e8","Scuola"],"inLanguage":"fr-FR"},{"@type":"WebPage","@id":"https:\/\/www.bellunopress.it\/2020\/01\/19\/assemblea-dellassociazione-caffe-pedagogico-lunedi-3-febbraio-a-sedico\/","url":"https:\/\/www.bellunopress.it\/2020\/01\/19\/assemblea-dellassociazione-caffe-pedagogico-lunedi-3-febbraio-a-sedico\/","name":"Assemblea dell'Associazione \"Caff\u00e8 pedagogico\". Luned\u00ec 3 febbraio a Sedico - Bellunopress - Dolomiti","isPartOf":{"@id":"https:\/\/www.bellunopress.it\/#website"},"primaryImageOfPage":{"@id":"https:\/\/www.bellunopress.it\/2020\/01\/19\/assemblea-dellassociazione-caffe-pedagogico-lunedi-3-febbraio-a-sedico\/#primaryimage"},"image":{"@id":"https:\/\/www.bellunopress.it\/2020\/01\/19\/assemblea-dellassociazione-caffe-pedagogico-lunedi-3-febbraio-a-sedico\/#primaryimage"},"thumbnailUrl":"http:\/\/www.bellunopress.it\/wp-content\/uploads\/2012\/04\/comitato.jpg","datePublished":"2020-01-19T21:24:25+00:00","breadcrumb":{"@id":"https:\/\/www.bellunopress.it\/2020\/01\/19\/assemblea-dellassociazione-caffe-pedagogico-lunedi-3-febbraio-a-sedico\/#breadcrumb"},"inLanguage":"fr-FR","potentialAction":[{"@type":"ReadAction","target":["https:\/\/www.bellunopress.it\/2020\/01\/19\/assemblea-dellassociazione-caffe-pedagogico-lunedi-3-febbraio-a-sedico\/"]}]},{"@type":"ImageObject","inLanguage":"fr-FR","@id":"https:\/\/www.bellunopress.it\/2020\/01\/19\/assemblea-dellassociazione-caffe-pedagogico-lunedi-3-febbraio-a-sedico\/#primaryimage","url":"http:\/\/www.bellunopress.it\/wp-content\/uploads\/2012\/04\/comitato.jpg","contentUrl":"http:\/\/www.bellunopress.it\/wp-content\/uploads\/2012\/04\/comitato.jpg"},{"@type":"BreadcrumbList","@id":"https:\/\/www.bellunopress.it\/2020\/01\/19\/assemblea-dellassociazione-caffe-pedagogico-lunedi-3-febbraio-a-sedico\/#breadcrumb","itemListElement":[{"@type":"ListItem","position":1,"name":"Home","item":"https:\/\/www.bellunopress.it\/"},{"@type":"ListItem","position":2,"name":"Assemblea dell&#8217;Associazione &#8220;Caff\u00e8 pedagogico&#8221;. Luned\u00ec 3 febbraio a Sedico"}]},{"@type":"WebSite","@id":"https:\/\/www.bellunopress.it\/#website","url":"https:\/\/www.bellunopress.it\/","name":"Bellunopress - Dolomiti","description":"e-mail: redazione@bellunopress.it","publisher":{"@id":"https:\/\/www.bellunopress.it\/#organization"},"potentialAction":[{"@type":"SearchAction","target":{"@type":"EntryPoint","urlTemplate":"https:\/\/www.bellunopress.it\/?s={search_term_string}"},"query-input":{"@type":"PropertyValueSpecification","valueRequired":true,"valueName":"search_term_string"}}],"inLanguage":"fr-FR"},{"@type":"Organization","@id":"https:\/\/www.bellunopress.it\/#organization","name":"Bellunopress","url":"https:\/\/www.bellunopress.it\/","logo":{"@type":"ImageObject","inLanguage":"fr-FR","@id":"https:\/\/www.bellunopress.it\/#\/schema\/logo\/image\/","url":"https:\/\/www.bellunopress.it\/wp-content\/uploads\/2011\/05\/cropped-logo-bellunopress-.jpg","contentUrl":"https:\/\/www.bellunopress.it\/wp-content\/uploads\/2011\/05\/cropped-logo-bellunopress-.jpg","width":512,"height":512,"caption":"Bellunopress"},"image":{"@id":"https:\/\/www.bellunopress.it\/#\/schema\/logo\/image\/"},"sameAs":["https:\/\/www.facebook.com\/profile.php?id=100008943462799","https:\/\/x.com\/bellunopress","https:\/\/www.linkedin.com\/hp\/?dnr=JBzUWaJfMUw8vbXJJ2tVW5-I3jZKvC4wsoxE&amp;amp;amp;amp;amp;amp;trk=nav_responsive_tab_home","https:\/\/www.youtube.com\/channel\/UCxL0wu1uN0_3_7hGG0306cw"]},{"@type":"Person","@id":"https:\/\/www.bellunopress.it\/#\/schema\/person\/79bb06722b37ece1c03d3e94beb30d73","name":"r\u00e9daction","image":{"@type":"ImageObject","inLanguage":"fr-FR","@id":"https:\/\/secure.gravatar.com\/avatar\/37d968a2e67a6fd04c169c4bdef102d0bc5d31b2546345219e348575eb80e9a0?s=96&d=mm&r=g","url":"https:\/\/secure.gravatar.com\/avatar\/37d968a2e67a6fd04c169c4bdef102d0bc5d31b2546345219e348575eb80e9a0?s=96&d=mm&r=g","contentUrl":"https:\/\/secure.gravatar.com\/avatar\/37d968a2e67a6fd04c169c4bdef102d0bc5d31b2546345219e348575eb80e9a0?s=96&d=mm&r=g","caption":"redazione"},"sameAs":["http:\/\/www.bellunopress.it","https:\/\/x.com\/bellunopress"],"url":"https:\/\/www.bellunopress.it\/fr\/author\/redazione\/"}]}},"_links":{"self":[{"href":"https:\/\/www.bellunopress.it\/fr\/wp-json\/wp\/v2\/posts\/111387","targetHints":{"allow":["GET"]}}],"collection":[{"href":"https:\/\/www.bellunopress.it\/fr\/wp-json\/wp\/v2\/posts"}],"about":[{"href":"https:\/\/www.bellunopress.it\/fr\/wp-json\/wp\/v2\/types\/post"}],"author":[{"embeddable":true,"href":"https:\/\/www.bellunopress.it\/fr\/wp-json\/wp\/v2\/users\/2"}],"replies":[{"embeddable":true,"href":"https:\/\/www.bellunopress.it\/fr\/wp-json\/wp\/v2\/comments?post=111387"}],"version-history":[{"count":1,"href":"https:\/\/www.bellunopress.it\/fr\/wp-json\/wp\/v2\/posts\/111387\/revisions"}],"predecessor-version":[{"id":111388,"href":"https:\/\/www.bellunopress.it\/fr\/wp-json\/wp\/v2\/posts\/111387\/revisions\/111388"}],"wp:attachment":[{"href":"https:\/\/www.bellunopress.it\/fr\/wp-json\/wp\/v2\/media?parent=111387"}],"wp:term":[{"taxonomy":"category","embeddable":true,"href":"https:\/\/www.bellunopress.it\/fr\/wp-json\/wp\/v2\/categories?post=111387"},{"taxonomy":"post_tag","embeddable":true,"href":"https:\/\/www.bellunopress.it\/fr\/wp-json\/wp\/v2\/tags?post=111387"}],"curies":[{"name":"wp","href":"https:\/\/api.w.org\/{rel}","templated":true}]}}