{"id":111382,"date":"2020-01-19T22:11:58","date_gmt":"2020-01-19T21:11:58","guid":{"rendered":"http:\/\/www.bellunopress.it\/?p=111382"},"modified":"2020-01-19T22:12:04","modified_gmt":"2020-01-19T21:12:04","slug":"sci-club-980-40-inverni-sugli-sci","status":"publish","type":"post","link":"https:\/\/www.bellunopress.it\/fr\/2020\/01\/19\/sci-club-980-40-inverni-sugli-sci\/","title":{"rendered":"Sci Club 980, 40 inverni sugli sci"},"content":{"rendered":"<p><a href=\"http:\/\/www.bellunopress.it\/fr\/2020\/01\/19\/sci-club-980-40-inverni-sugli-sci\/sci-club-980-francesco-de-bastiani\/\" rel=\"attachment wp-att-111383\"><img loading=\"lazy\" decoding=\"async\" class=\"alignleft size-full wp-image-111383\" src=\"http:\/\/www.bellunopress.it\/wp-content\/uploads\/2020\/01\/Sci-Club-980-Francesco-De-Bastiani.jpg\" alt=\"\" width=\"300\" height=\"176\" \/><\/a>La sala \u201cPerotto\u201d del Centro spirituale di Col Cumano a Santa Giustina colma di simpatizzanti, cittadini, atleti, tecnici, sportivi, evoca il veloce salire della cabinovia sempre colma di sciatori del Col Margherita nella Ski Area San Pellegrino, casa dello Sci Club 980. Un viaggio verso il futuro quello che \u00e8 stato presentato sabato 18 gennaio dal presidente dello Sci Club 980 Francesco De Bastiani, serata moderata da Michelangelo De Don\u00e0 anche lui cresciuto nelle fila dello Sci Club 980. Una prospettiva futura che ha abbracciato le molteplicit\u00e0 del significato del volontariato in ambito sportivo.<\/p>\n<p>Un occhio attento al futuro della nostra provincia dolomitica, dove il volontariato deve essere motivo di rilancio e crescita per queste terre di montagna, ma anche opportunit\u00e0 per una migliore offerta di servizi, essenziali al fine di evitare lo spopolamento della montagna. Ospiti di riguardo alla riuscita manifestazione organizzata per il Quarantennale di vita dello Sci Club 980, l\u2019onorevole Roger De Menech, l\u2019onorevole Mirco Badole, il sindaco di Santa Giustina Ivan Minella, il presidente del Parco Nazionale delle Dolomiti Bellunesi Ennio Vigne, il presidente del C.S.I. di Feltre Cinzia Lusa. Nel suo intervento, il presidente ha sottolineato le opportunit\u00e0 e peculiarit\u00e0 provinciali anche e soprattutto in vista dei due appuntamenti straordinari per la nostra terra bellunese, Mondiali di sci alpino Cortina 2021 e Olimpiadi Milano-Cortina 2026. Ma si \u00e8 parlato anche dei due comprensori tanto cari ai feltrini e bellunesi in sofferenza, il Monte Avena e il Neveg\u00e0l che stanno vivendo una lenta agonia. Comprensori questi di un\u2019importanza vitale per il movimento dello sci, osservava il presidente Francesco De Bastiani, il quale ne ricordava il valore assoluto per il primo approccio alla disciplina dello sci alpino. Palestra fondamentale per i primi rudimenti dei neofiti, che una volta sicuri dell\u2019apprendimento andranno a sciare nei comprensori pi\u00f9 blasonati delle cos\u00ec dette \u201cterre alte\u201d. Ne ha fatto subito eco il presidente regionale Anef e direttore marketing della Ski Area S. Pellegrino Renzo Minella, amico dello Sci Club 980 e originario di Santa Giustina, il quale ha ricordato alla platea quali sono le problematiche gestionali e progettuali per gli impianti a fune per il trasporto degli sciatori a quote inferiori ai 1600-1800 metri di quota, anche alla luce dei cambiamenti climatici. De Bastiani ha concluso l\u2019intervento con una raccomandazione ai propri giovani soci. &#8220;Non dimenticate mai il valore di un sorriso, ovunque voi siate regalate sempre un sorriso a chi incontrate e se potete donate il vostro tempo agli altri. \u00c8 il dono pi\u00f9 prezioso e caro perch\u00e9 non c\u2019\u00e8 oro al mondo o moneta che possa pagare un solo minuto del vostro tempo donato&#8221;.<\/p>","protected":false},"excerpt":{"rendered":"<p>La sala \u201cPerotto\u201d del Centro spirituale di Col Cumano a Santa Giustina colma di simpatizzanti, cittadini, atleti, tecnici, sportivi, evoca il veloce salire della cabinovia sempre colma di sciatori del Col Margherita nella Ski Area San Pellegrino, casa dello Sci Club 980. Un viaggio verso il futuro quello che \u00e8 stato presentato sabato 18 gennaio [&hellip;]<\/p>\n","protected":false},"author":2,"featured_media":0,"comment_status":"closed","ping_status":"open","sticky":false,"template":"","format":"standard","meta":{"footnotes":""},"categories":[26,8],"tags":[],"class_list":["post-111382","post","type-post","status-publish","format-standard","category-prima-pagina","category-societa-istituzioni"],"yoast_head":"<!-- This site is optimized with the Yoast SEO plugin v28.4 - https:\/\/yoast.com\/product\/yoast-seo-wordpress\/ -->\n<title>Sci Club 980, 40 inverni sugli sci - Bellunopress - Dolomiti<\/title>\n<meta name=\"robots\" content=\"index, follow, max-snippet:-1, max-image-preview:large, max-video-preview:-1\" \/>\n<link rel=\"canonical\" href=\"https:\/\/www.bellunopress.it\/fr\/2020\/01\/19\/sci-club-980-40-inverni-sugli-sci\/\" \/>\n<meta property=\"og:locale\" content=\"fr_FR\" \/>\n<meta property=\"og:type\" content=\"article\" \/>\n<meta property=\"og:title\" content=\"Sci Club 980, 40 inverni sugli sci - Bellunopress - Dolomiti\" \/>\n<meta property=\"og:description\" content=\"La sala \u201cPerotto\u201d del Centro spirituale di Col Cumano a Santa Giustina colma di simpatizzanti, cittadini, atleti, tecnici, sportivi, evoca il veloce salire della cabinovia sempre colma di sciatori del Col Margherita nella Ski Area San Pellegrino, casa dello Sci Club 980. Un viaggio verso il futuro quello che \u00e8 stato presentato sabato 18 gennaio [&hellip;]\" \/>\n<meta property=\"og:url\" content=\"https:\/\/www.bellunopress.it\/fr\/2020\/01\/19\/sci-club-980-40-inverni-sugli-sci\/\" \/>\n<meta property=\"og:site_name\" content=\"Bellunopress - Dolomiti\" \/>\n<meta property=\"article:publisher\" content=\"https:\/\/www.facebook.com\/profile.php?id=100008943462799\" \/>\n<meta property=\"article:published_time\" content=\"2020-01-19T21:11:58+00:00\" \/>\n<meta property=\"article:modified_time\" content=\"2020-01-19T21:12:04+00:00\" \/>\n<meta property=\"og:image\" content=\"http:\/\/www.bellunopress.it\/wp-content\/uploads\/2020\/01\/Sci-Club-980-Francesco-De-Bastiani.jpg\" \/>\n<meta name=\"author\" content=\"redazione\" \/>\n<meta name=\"twitter:card\" content=\"summary_large_image\" \/>\n<meta name=\"twitter:creator\" content=\"@bellunopress\" \/>\n<meta name=\"twitter:site\" content=\"@bellunopress\" \/>\n<meta name=\"twitter:label1\" content=\"\u00c9crit par\" \/>\n\t<meta name=\"twitter:data1\" content=\"redazione\" \/>\n\t<meta name=\"twitter:label2\" content=\"Dur\u00e9e de lecture estim\u00e9e\" \/>\n\t<meta name=\"twitter:data2\" content=\"2 minutes\" \/>\n<script type=\"application\/ld+json\" class=\"yoast-schema-graph\">{\"@context\":\"https:\\\/\\\/schema.org\",\"@graph\":[{\"@type\":\"Article\",\"@id\":\"https:\\\/\\\/www.bellunopress.it\\\/2020\\\/01\\\/19\\\/sci-club-980-40-inverni-sugli-sci\\\/#article\",\"isPartOf\":{\"@id\":\"https:\\\/\\\/www.bellunopress.it\\\/2020\\\/01\\\/19\\\/sci-club-980-40-inverni-sugli-sci\\\/\"},\"author\":{\"name\":\"redazione\",\"@id\":\"https:\\\/\\\/www.bellunopress.it\\\/#\\\/schema\\\/person\\\/79bb06722b37ece1c03d3e94beb30d73\"},\"headline\":\"Sci Club 980, 40 inverni sugli sci\",\"datePublished\":\"2020-01-19T21:11:58+00:00\",\"dateModified\":\"2020-01-19T21:12:04+00:00\",\"mainEntityOfPage\":{\"@id\":\"https:\\\/\\\/www.bellunopress.it\\\/2020\\\/01\\\/19\\\/sci-club-980-40-inverni-sugli-sci\\\/\"},\"wordCount\":437,\"publisher\":{\"@id\":\"https:\\\/\\\/www.bellunopress.it\\\/#organization\"},\"image\":{\"@id\":\"https:\\\/\\\/www.bellunopress.it\\\/2020\\\/01\\\/19\\\/sci-club-980-40-inverni-sugli-sci\\\/#primaryimage\"},\"thumbnailUrl\":\"http:\\\/\\\/www.bellunopress.it\\\/wp-content\\\/uploads\\\/2020\\\/01\\\/Sci-Club-980-Francesco-De-Bastiani.jpg\",\"articleSection\":[\"Prima Pagina\",\"Societ\u00e0, Associazioni, Istituzioni\"],\"inLanguage\":\"fr-FR\"},{\"@type\":\"WebPage\",\"@id\":\"https:\\\/\\\/www.bellunopress.it\\\/2020\\\/01\\\/19\\\/sci-club-980-40-inverni-sugli-sci\\\/\",\"url\":\"https:\\\/\\\/www.bellunopress.it\\\/2020\\\/01\\\/19\\\/sci-club-980-40-inverni-sugli-sci\\\/\",\"name\":\"Sci Club 980, 40 inverni sugli sci - Bellunopress - Dolomiti\",\"isPartOf\":{\"@id\":\"https:\\\/\\\/www.bellunopress.it\\\/#website\"},\"primaryImageOfPage\":{\"@id\":\"https:\\\/\\\/www.bellunopress.it\\\/2020\\\/01\\\/19\\\/sci-club-980-40-inverni-sugli-sci\\\/#primaryimage\"},\"image\":{\"@id\":\"https:\\\/\\\/www.bellunopress.it\\\/2020\\\/01\\\/19\\\/sci-club-980-40-inverni-sugli-sci\\\/#primaryimage\"},\"thumbnailUrl\":\"http:\\\/\\\/www.bellunopress.it\\\/wp-content\\\/uploads\\\/2020\\\/01\\\/Sci-Club-980-Francesco-De-Bastiani.jpg\",\"datePublished\":\"2020-01-19T21:11:58+00:00\",\"dateModified\":\"2020-01-19T21:12:04+00:00\",\"breadcrumb\":{\"@id\":\"https:\\\/\\\/www.bellunopress.it\\\/2020\\\/01\\\/19\\\/sci-club-980-40-inverni-sugli-sci\\\/#breadcrumb\"},\"inLanguage\":\"fr-FR\",\"potentialAction\":[{\"@type\":\"ReadAction\",\"target\":[\"https:\\\/\\\/www.bellunopress.it\\\/2020\\\/01\\\/19\\\/sci-club-980-40-inverni-sugli-sci\\\/\"]}]},{\"@type\":\"ImageObject\",\"inLanguage\":\"fr-FR\",\"@id\":\"https:\\\/\\\/www.bellunopress.it\\\/2020\\\/01\\\/19\\\/sci-club-980-40-inverni-sugli-sci\\\/#primaryimage\",\"url\":\"http:\\\/\\\/www.bellunopress.it\\\/wp-content\\\/uploads\\\/2020\\\/01\\\/Sci-Club-980-Francesco-De-Bastiani.jpg\",\"contentUrl\":\"http:\\\/\\\/www.bellunopress.it\\\/wp-content\\\/uploads\\\/2020\\\/01\\\/Sci-Club-980-Francesco-De-Bastiani.jpg\"},{\"@type\":\"BreadcrumbList\",\"@id\":\"https:\\\/\\\/www.bellunopress.it\\\/2020\\\/01\\\/19\\\/sci-club-980-40-inverni-sugli-sci\\\/#breadcrumb\",\"itemListElement\":[{\"@type\":\"ListItem\",\"position\":1,\"name\":\"Home\",\"item\":\"https:\\\/\\\/www.bellunopress.it\\\/\"},{\"@type\":\"ListItem\",\"position\":2,\"name\":\"Sci Club 980, 40 inverni sugli sci\"}]},{\"@type\":\"WebSite\",\"@id\":\"https:\\\/\\\/www.bellunopress.it\\\/#website\",\"url\":\"https:\\\/\\\/www.bellunopress.it\\\/\",\"name\":\"Bellunopress - Dolomiti\",\"description\":\"e-mail: redazione@bellunopress.it\",\"publisher\":{\"@id\":\"https:\\\/\\\/www.bellunopress.it\\\/#organization\"},\"potentialAction\":[{\"@type\":\"SearchAction\",\"target\":{\"@type\":\"EntryPoint\",\"urlTemplate\":\"https:\\\/\\\/www.bellunopress.it\\\/?s={search_term_string}\"},\"query-input\":{\"@type\":\"PropertyValueSpecification\",\"valueRequired\":true,\"valueName\":\"search_term_string\"}}],\"inLanguage\":\"fr-FR\"},{\"@type\":\"Organization\",\"@id\":\"https:\\\/\\\/www.bellunopress.it\\\/#organization\",\"name\":\"Bellunopress\",\"url\":\"https:\\\/\\\/www.bellunopress.it\\\/\",\"logo\":{\"@type\":\"ImageObject\",\"inLanguage\":\"fr-FR\",\"@id\":\"https:\\\/\\\/www.bellunopress.it\\\/#\\\/schema\\\/logo\\\/image\\\/\",\"url\":\"https:\\\/\\\/www.bellunopress.it\\\/wp-content\\\/uploads\\\/2011\\\/05\\\/cropped-logo-bellunopress-.jpg\",\"contentUrl\":\"https:\\\/\\\/www.bellunopress.it\\\/wp-content\\\/uploads\\\/2011\\\/05\\\/cropped-logo-bellunopress-.jpg\",\"width\":512,\"height\":512,\"caption\":\"Bellunopress\"},\"image\":{\"@id\":\"https:\\\/\\\/www.bellunopress.it\\\/#\\\/schema\\\/logo\\\/image\\\/\"},\"sameAs\":[\"https:\\\/\\\/www.facebook.com\\\/profile.php?id=100008943462799\",\"https:\\\/\\\/x.com\\\/bellunopress\",\"https:\\\/\\\/www.linkedin.com\\\/hp\\\/?dnr=JBzUWaJfMUw8vbXJJ2tVW5-I3jZKvC4wsoxE&amp;amp;amp;amp;amp;amp;trk=nav_responsive_tab_home\",\"https:\\\/\\\/www.youtube.com\\\/channel\\\/UCxL0wu1uN0_3_7hGG0306cw\"]},{\"@type\":\"Person\",\"@id\":\"https:\\\/\\\/www.bellunopress.it\\\/#\\\/schema\\\/person\\\/79bb06722b37ece1c03d3e94beb30d73\",\"name\":\"redazione\",\"image\":{\"@type\":\"ImageObject\",\"inLanguage\":\"fr-FR\",\"@id\":\"https:\\\/\\\/secure.gravatar.com\\\/avatar\\\/37d968a2e67a6fd04c169c4bdef102d0bc5d31b2546345219e348575eb80e9a0?s=96&d=mm&r=g\",\"url\":\"https:\\\/\\\/secure.gravatar.com\\\/avatar\\\/37d968a2e67a6fd04c169c4bdef102d0bc5d31b2546345219e348575eb80e9a0?s=96&d=mm&r=g\",\"contentUrl\":\"https:\\\/\\\/secure.gravatar.com\\\/avatar\\\/37d968a2e67a6fd04c169c4bdef102d0bc5d31b2546345219e348575eb80e9a0?s=96&d=mm&r=g\",\"caption\":\"redazione\"},\"sameAs\":[\"http:\\\/\\\/www.bellunopress.it\",\"https:\\\/\\\/x.com\\\/bellunopress\"],\"url\":\"https:\\\/\\\/www.bellunopress.it\\\/fr\\\/author\\\/redazione\\\/\"}]}<\/script>\n<!-- \/ Yoast SEO plugin. -->","yoast_head_json":{"title":"Sci Club 980, 40 inverni sugli sci - Bellunopress - Dolomiti","robots":{"index":"index","follow":"follow","max-snippet":"max-snippet:-1","max-image-preview":"max-image-preview:large","max-video-preview":"max-video-preview:-1"},"canonical":"https:\/\/www.bellunopress.it\/fr\/2020\/01\/19\/sci-club-980-40-inverni-sugli-sci\/","og_locale":"fr_FR","og_type":"article","og_title":"Sci Club 980, 40 inverni sugli sci - Bellunopress - Dolomiti","og_description":"La sala \u201cPerotto\u201d del Centro spirituale di Col Cumano a Santa Giustina colma di simpatizzanti, cittadini, atleti, tecnici, sportivi, evoca il veloce salire della cabinovia sempre colma di sciatori del Col Margherita nella Ski Area San Pellegrino, casa dello Sci Club 980. Un viaggio verso il futuro quello che \u00e8 stato presentato sabato 18 gennaio [&hellip;]","og_url":"https:\/\/www.bellunopress.it\/fr\/2020\/01\/19\/sci-club-980-40-inverni-sugli-sci\/","og_site_name":"Bellunopress - Dolomiti","article_publisher":"https:\/\/www.facebook.com\/profile.php?id=100008943462799","article_published_time":"2020-01-19T21:11:58+00:00","article_modified_time":"2020-01-19T21:12:04+00:00","og_image":[{"url":"http:\/\/www.bellunopress.it\/wp-content\/uploads\/2020\/01\/Sci-Club-980-Francesco-De-Bastiani.jpg","type":"","width":"","height":""}],"author":"redazione","twitter_card":"summary_large_image","twitter_creator":"@bellunopress","twitter_site":"@bellunopress","twitter_misc":{"\u00c9crit par":"redazione","Dur\u00e9e de lecture estim\u00e9e":"2 minutes"},"schema":{"@context":"https:\/\/schema.org","@graph":[{"@type":"Article","@id":"https:\/\/www.bellunopress.it\/2020\/01\/19\/sci-club-980-40-inverni-sugli-sci\/#article","isPartOf":{"@id":"https:\/\/www.bellunopress.it\/2020\/01\/19\/sci-club-980-40-inverni-sugli-sci\/"},"author":{"name":"redazione","@id":"https:\/\/www.bellunopress.it\/#\/schema\/person\/79bb06722b37ece1c03d3e94beb30d73"},"headline":"Sci Club 980, 40 inverni sugli sci","datePublished":"2020-01-19T21:11:58+00:00","dateModified":"2020-01-19T21:12:04+00:00","mainEntityOfPage":{"@id":"https:\/\/www.bellunopress.it\/2020\/01\/19\/sci-club-980-40-inverni-sugli-sci\/"},"wordCount":437,"publisher":{"@id":"https:\/\/www.bellunopress.it\/#organization"},"image":{"@id":"https:\/\/www.bellunopress.it\/2020\/01\/19\/sci-club-980-40-inverni-sugli-sci\/#primaryimage"},"thumbnailUrl":"http:\/\/www.bellunopress.it\/wp-content\/uploads\/2020\/01\/Sci-Club-980-Francesco-De-Bastiani.jpg","articleSection":["Prima Pagina","Societ\u00e0, Associazioni, Istituzioni"],"inLanguage":"fr-FR"},{"@type":"WebPage","@id":"https:\/\/www.bellunopress.it\/2020\/01\/19\/sci-club-980-40-inverni-sugli-sci\/","url":"https:\/\/www.bellunopress.it\/2020\/01\/19\/sci-club-980-40-inverni-sugli-sci\/","name":"Sci Club 980, 40 inverni sugli sci - Bellunopress - Dolomiti","isPartOf":{"@id":"https:\/\/www.bellunopress.it\/#website"},"primaryImageOfPage":{"@id":"https:\/\/www.bellunopress.it\/2020\/01\/19\/sci-club-980-40-inverni-sugli-sci\/#primaryimage"},"image":{"@id":"https:\/\/www.bellunopress.it\/2020\/01\/19\/sci-club-980-40-inverni-sugli-sci\/#primaryimage"},"thumbnailUrl":"http:\/\/www.bellunopress.it\/wp-content\/uploads\/2020\/01\/Sci-Club-980-Francesco-De-Bastiani.jpg","datePublished":"2020-01-19T21:11:58+00:00","dateModified":"2020-01-19T21:12:04+00:00","breadcrumb":{"@id":"https:\/\/www.bellunopress.it\/2020\/01\/19\/sci-club-980-40-inverni-sugli-sci\/#breadcrumb"},"inLanguage":"fr-FR","potentialAction":[{"@type":"ReadAction","target":["https:\/\/www.bellunopress.it\/2020\/01\/19\/sci-club-980-40-inverni-sugli-sci\/"]}]},{"@type":"ImageObject","inLanguage":"fr-FR","@id":"https:\/\/www.bellunopress.it\/2020\/01\/19\/sci-club-980-40-inverni-sugli-sci\/#primaryimage","url":"http:\/\/www.bellunopress.it\/wp-content\/uploads\/2020\/01\/Sci-Club-980-Francesco-De-Bastiani.jpg","contentUrl":"http:\/\/www.bellunopress.it\/wp-content\/uploads\/2020\/01\/Sci-Club-980-Francesco-De-Bastiani.jpg"},{"@type":"BreadcrumbList","@id":"https:\/\/www.bellunopress.it\/2020\/01\/19\/sci-club-980-40-inverni-sugli-sci\/#breadcrumb","itemListElement":[{"@type":"ListItem","position":1,"name":"Home","item":"https:\/\/www.bellunopress.it\/"},{"@type":"ListItem","position":2,"name":"Sci Club 980, 40 inverni sugli sci"}]},{"@type":"WebSite","@id":"https:\/\/www.bellunopress.it\/#website","url":"https:\/\/www.bellunopress.it\/","name":"Bellunopress - Dolomiti","description":"e-mail: redazione@bellunopress.it","publisher":{"@id":"https:\/\/www.bellunopress.it\/#organization"},"potentialAction":[{"@type":"SearchAction","target":{"@type":"EntryPoint","urlTemplate":"https:\/\/www.bellunopress.it\/?s={search_term_string}"},"query-input":{"@type":"PropertyValueSpecification","valueRequired":true,"valueName":"search_term_string"}}],"inLanguage":"fr-FR"},{"@type":"Organization","@id":"https:\/\/www.bellunopress.it\/#organization","name":"Bellunopress","url":"https:\/\/www.bellunopress.it\/","logo":{"@type":"ImageObject","inLanguage":"fr-FR","@id":"https:\/\/www.bellunopress.it\/#\/schema\/logo\/image\/","url":"https:\/\/www.bellunopress.it\/wp-content\/uploads\/2011\/05\/cropped-logo-bellunopress-.jpg","contentUrl":"https:\/\/www.bellunopress.it\/wp-content\/uploads\/2011\/05\/cropped-logo-bellunopress-.jpg","width":512,"height":512,"caption":"Bellunopress"},"image":{"@id":"https:\/\/www.bellunopress.it\/#\/schema\/logo\/image\/"},"sameAs":["https:\/\/www.facebook.com\/profile.php?id=100008943462799","https:\/\/x.com\/bellunopress","https:\/\/www.linkedin.com\/hp\/?dnr=JBzUWaJfMUw8vbXJJ2tVW5-I3jZKvC4wsoxE&amp;amp;amp;amp;amp;amp;trk=nav_responsive_tab_home","https:\/\/www.youtube.com\/channel\/UCxL0wu1uN0_3_7hGG0306cw"]},{"@type":"Person","@id":"https:\/\/www.bellunopress.it\/#\/schema\/person\/79bb06722b37ece1c03d3e94beb30d73","name":"r\u00e9daction","image":{"@type":"ImageObject","inLanguage":"fr-FR","@id":"https:\/\/secure.gravatar.com\/avatar\/37d968a2e67a6fd04c169c4bdef102d0bc5d31b2546345219e348575eb80e9a0?s=96&d=mm&r=g","url":"https:\/\/secure.gravatar.com\/avatar\/37d968a2e67a6fd04c169c4bdef102d0bc5d31b2546345219e348575eb80e9a0?s=96&d=mm&r=g","contentUrl":"https:\/\/secure.gravatar.com\/avatar\/37d968a2e67a6fd04c169c4bdef102d0bc5d31b2546345219e348575eb80e9a0?s=96&d=mm&r=g","caption":"redazione"},"sameAs":["http:\/\/www.bellunopress.it","https:\/\/x.com\/bellunopress"],"url":"https:\/\/www.bellunopress.it\/fr\/author\/redazione\/"}]}},"_links":{"self":[{"href":"https:\/\/www.bellunopress.it\/fr\/wp-json\/wp\/v2\/posts\/111382","targetHints":{"allow":["GET"]}}],"collection":[{"href":"https:\/\/www.bellunopress.it\/fr\/wp-json\/wp\/v2\/posts"}],"about":[{"href":"https:\/\/www.bellunopress.it\/fr\/wp-json\/wp\/v2\/types\/post"}],"author":[{"embeddable":true,"href":"https:\/\/www.bellunopress.it\/fr\/wp-json\/wp\/v2\/users\/2"}],"replies":[{"embeddable":true,"href":"https:\/\/www.bellunopress.it\/fr\/wp-json\/wp\/v2\/comments?post=111382"}],"version-history":[{"count":2,"href":"https:\/\/www.bellunopress.it\/fr\/wp-json\/wp\/v2\/posts\/111382\/revisions"}],"predecessor-version":[{"id":111385,"href":"https:\/\/www.bellunopress.it\/fr\/wp-json\/wp\/v2\/posts\/111382\/revisions\/111385"}],"wp:attachment":[{"href":"https:\/\/www.bellunopress.it\/fr\/wp-json\/wp\/v2\/media?parent=111382"}],"wp:term":[{"taxonomy":"category","embeddable":true,"href":"https:\/\/www.bellunopress.it\/fr\/wp-json\/wp\/v2\/categories?post=111382"},{"taxonomy":"post_tag","embeddable":true,"href":"https:\/\/www.bellunopress.it\/fr\/wp-json\/wp\/v2\/tags?post=111382"}],"curies":[{"name":"wp","href":"https:\/\/api.w.org\/{rel}","templated":true}]}}