{"id":111357,"date":"2020-01-17T15:32:16","date_gmt":"2020-01-17T14:32:16","guid":{"rendered":"http:\/\/www.bellunopress.it\/?p=111357"},"modified":"2020-01-18T16:36:07","modified_gmt":"2020-01-18T15:36:07","slug":"analisi-di-laboratorio-e-cancro-i-temi-della-conferenza-sabato-ore-1700-al-centro-giovanni-23mo-di-belluno","status":"publish","type":"post","link":"https:\/\/www.bellunopress.it\/fr\/2020\/01\/17\/analisi-di-laboratorio-e-cancro-i-temi-della-conferenza-sabato-ore-1700-al-centro-giovanni-23mo-di-belluno\/","title":{"rendered":"Analisi di laboratorio e cancro, i temi della conferenza, sabato ore 17:00 al Centro Giovanni 23mo di Belluno"},"content":{"rendered":"<p>La quattordicesima edizione del \u201cDolomiti in Scienza\u201d avr\u00e0 inizio sabato 18 gennaio 2020<br \/>\nalle ore 17:00, nella sala-teatro del Centro \u201cGiovanni XXIII\u201d a Belluno. Si tratta dell&#8217;appuntamento<br \/>\ndi spicco nel calendario del GDS (Gruppo Divulgazione Scientifica Dolomiti \u201cE. Fermi\u201d) che da<br \/>\nanni promuove conferenze di argomento scientifico, adatte a un pubblico eterogeneo e di<br \/>\nformazione varia.<\/p>\n<p><a href=\"http:\/\/www.bellunopress.it\/fr\/2010\/01\/14\/alla-ricerca-della-vita-extraterrestre-sabato-16-gennaio-in-sala-bianchi-a-cura-del-gruppo-divulgazione-scientifica-dolomiti\/gruppo-divulgazione-scientifica\/\" rel=\"attachment wp-att-11390\"><img loading=\"lazy\" decoding=\"async\" class=\"alignleft size-full wp-image-11390\" src=\"http:\/\/www.bellunopress.it\/wp-content\/uploads\/2010\/01\/gruppo-divulgazione-scientifica.jpg\" alt=\"\" width=\"212\" height=\"209\" \/><\/a>Ogni anno la rassegna cerca di rinnovarsi in alcuni aspetti, offrendo alla cittadinanza un ventaglio<br \/>\noriginale di possibilit\u00e0 di approfondimento. Il programma di questa edizione si apre &#8220;in rosa&#8221; con<br \/>\ndue relatrici che tratteranno argomenti legati alla medicina: la dott.ssa Tiziana Roncada parler\u00e0<br \/>\ninfatti delle analisi di laboratorio, della loro evoluzione e importanza, mentre la dott.ssa Laura<br \/>\nVidalino si occuper\u00e0 di un tema sempre pi\u00f9 quotidiano quale le nuove frontiere nella lotta al cancro.<\/p>\n<p>Il secondo appuntamento, sabato 1\u00b0 febbraio, sar\u00e0 all&#8217;insegna della fisica; il dott, Fabiano Nart ci<br \/>\nmostrer\u00e0 gli aspetti pi\u00f9 curiosi e meno noti della termodinamica, a seguire il prof. Alex Casanova<br \/>\nrelazioner\u00e0 sull&#8217;importanza scientifica di due fotografie scattate a cent&#8217;anni di distanza che hanno<br \/>\nconsolidato la teoria della relativit\u00e0 di Einstein.<\/p>\n<p>La terza serata propone le prime due novit\u00e0: nella prima, il Dolomiti in Scienza ospita i ragazzi del<br \/>\nLiceo Galilei-Tiziano di Belluno che esporranno le interessanti esperienze che sono offerte da<br \/>\nprogetti extracurricolari legati all&#8217;astronomia, senza tralasciare alcuni spunti che il cielo bellunese<br \/>\npu\u00f2 offrire. Nella seconda, il prof. Paolo Alessandrini, accompagnato dalla chitarra di Stefano<br \/>\nZamuner e dalla voce di Giorgia Pramparo, si esibir\u00e0 nella conferenza-spettacolo \u201cMatematica<br \/>\nrock!\u201d in cui la storia del rock verr\u00e0 presentata attraverso argomenti matematici che si celano in<br \/>\nmolte canzoni e non solo.<\/p>\n<p>Quarto appuntamento molto &#8220;caldo&#8221;, si parler\u00e0 infatti di variazioni climatiche e dei loro effetti; il<br \/>\nprof. Carlo Barbante far\u00e0 un&#8217;analisi di come l&#8217;aumento delle temperature medie sia dovuto alla<br \/>\nemissione in atmosfera dei cosiddetti gas clima alteranti, con tutte le conseguenze del caso, mentre<br \/>\nil dott. Jacopo Gabrieli parler\u00e0 di come il climate change stia facendo sparire i ghiacciai, veri<br \/>\narchivi di informazioni, e di quali siano i progetti scientifici per contrastare questo disastro.<br \/>\nIl ciclo si concluder\u00e0 con un&#8217;ulteriore novit\u00e0 e un doppio incontro: \u201cISS chiama Dolomiti: Umberto<br \/>\nGuidoni al Dolomiti in Scienza\u201d. Non succede spesso di poter dialogare con una persona che ha<br \/>\nviaggiato a bordo dello Space Shuttle e della Stazione Spaziale Internazionale e che ha potuto<br \/>\ncontemplare il nostro pianeta dallo spazio, ammirandone la bellezza e la fragilit\u00e0. In due straordinari incontri, il primo aperto a tutta la cittadinanza (venerd\u00ec 13 marzo ore 20:30) e il secondo (sabato 14 marzo, ore 9:30) riservato su prenotazione alle scuole secondarie di secondo grado della provincia di Belluno, il dott. Umberto Guidoni racconter\u00e0 le sue esperienze come astronauta e chiarir\u00e0 le prospettive future dell&#8217;esplorazione umana dello spazio.<br \/>\nTutti gli appuntamenti si terranno presso la sala teatro Centro Congressi Giovanni XXIII, Piazza<br \/>\nPiloni 11 \u2013 Belluno, in collaborazione con l&#8217;Associazione Bellunesi nel Mondo e con il patrocinio<br \/>\ndel Comune di Belluno.<\/p>","protected":false},"excerpt":{"rendered":"<p>La quattordicesima edizione del \u201cDolomiti in Scienza\u201d avr\u00e0 inizio sabato 18 gennaio 2020 alle ore 17:00, nella sala-teatro del Centro \u201cGiovanni XXIII\u201d a Belluno. Si tratta dell&#8217;appuntamento di spicco nel calendario del GDS (Gruppo Divulgazione Scientifica Dolomiti \u201cE. Fermi\u201d) che da anni promuove conferenze di argomento scientifico, adatte a un pubblico eterogeneo e di formazione [&hellip;]<\/p>\n","protected":false},"author":2,"featured_media":0,"comment_status":"closed","ping_status":"open","sticky":false,"template":"","format":"standard","meta":{"footnotes":""},"categories":[27,3,25],"tags":[],"class_list":["post-111357","post","type-post","status-publish","format-standard","category-appuntamenti","category-arte-cultura-spettacoli-scienza-archivi","category-pausa-caffe"],"yoast_head":"<!-- This site is optimized with the Yoast SEO plugin v28.4 - https:\/\/yoast.com\/product\/yoast-seo-wordpress\/ -->\n<title>Analisi di laboratorio e cancro, i temi della conferenza, sabato ore 17:00 al Centro Giovanni 23mo di Belluno - Bellunopress - Dolomiti<\/title>\n<meta name=\"robots\" content=\"index, follow, max-snippet:-1, max-image-preview:large, max-video-preview:-1\" \/>\n<link rel=\"canonical\" href=\"https:\/\/www.bellunopress.it\/fr\/2020\/01\/17\/analisi-di-laboratorio-e-cancro-i-temi-della-conferenza-sabato-ore-1700-al-centro-giovanni-23mo-di-belluno\/\" \/>\n<meta property=\"og:locale\" content=\"fr_FR\" \/>\n<meta property=\"og:type\" content=\"article\" \/>\n<meta property=\"og:title\" content=\"Analisi di laboratorio e cancro, i temi della conferenza, sabato ore 17:00 al Centro Giovanni 23mo di Belluno - Bellunopress - Dolomiti\" \/>\n<meta property=\"og:description\" content=\"La quattordicesima edizione del \u201cDolomiti in Scienza\u201d avr\u00e0 inizio sabato 18 gennaio 2020 alle ore 17:00, nella sala-teatro del Centro \u201cGiovanni XXIII\u201d a Belluno. Si tratta dell&#8217;appuntamento di spicco nel calendario del GDS (Gruppo Divulgazione Scientifica Dolomiti \u201cE. Fermi\u201d) che da anni promuove conferenze di argomento scientifico, adatte a un pubblico eterogeneo e di formazione [&hellip;]\" \/>\n<meta property=\"og:url\" content=\"https:\/\/www.bellunopress.it\/fr\/2020\/01\/17\/analisi-di-laboratorio-e-cancro-i-temi-della-conferenza-sabato-ore-1700-al-centro-giovanni-23mo-di-belluno\/\" \/>\n<meta property=\"og:site_name\" content=\"Bellunopress - Dolomiti\" \/>\n<meta property=\"article:publisher\" content=\"https:\/\/www.facebook.com\/profile.php?id=100008943462799\" \/>\n<meta property=\"article:published_time\" content=\"2020-01-17T14:32:16+00:00\" \/>\n<meta property=\"article:modified_time\" content=\"2020-01-18T15:36:07+00:00\" \/>\n<meta property=\"og:image\" content=\"http:\/\/www.bellunopress.it\/wp-content\/uploads\/2010\/01\/gruppo-divulgazione-scientifica.jpg\" \/>\n<meta name=\"author\" content=\"redazione\" \/>\n<meta name=\"twitter:card\" content=\"summary_large_image\" \/>\n<meta name=\"twitter:creator\" content=\"@bellunopress\" \/>\n<meta name=\"twitter:site\" content=\"@bellunopress\" \/>\n<meta name=\"twitter:label1\" content=\"\u00c9crit par\" \/>\n\t<meta name=\"twitter:data1\" content=\"redazione\" \/>\n\t<meta name=\"twitter:label2\" content=\"Dur\u00e9e de lecture estim\u00e9e\" \/>\n\t<meta name=\"twitter:data2\" content=\"2 minutes\" \/>\n<script type=\"application\/ld+json\" class=\"yoast-schema-graph\">{\"@context\":\"https:\\\/\\\/schema.org\",\"@graph\":[{\"@type\":\"Article\",\"@id\":\"https:\\\/\\\/www.bellunopress.it\\\/2020\\\/01\\\/17\\\/analisi-di-laboratorio-e-cancro-i-temi-della-conferenza-sabato-ore-1700-al-centro-giovanni-23mo-di-belluno\\\/#article\",\"isPartOf\":{\"@id\":\"https:\\\/\\\/www.bellunopress.it\\\/2020\\\/01\\\/17\\\/analisi-di-laboratorio-e-cancro-i-temi-della-conferenza-sabato-ore-1700-al-centro-giovanni-23mo-di-belluno\\\/\"},\"author\":{\"name\":\"redazione\",\"@id\":\"https:\\\/\\\/www.bellunopress.it\\\/#\\\/schema\\\/person\\\/79bb06722b37ece1c03d3e94beb30d73\"},\"headline\":\"Analisi di laboratorio e cancro, i temi della conferenza, sabato ore 17:00 al Centro Giovanni 23mo di Belluno\",\"datePublished\":\"2020-01-17T14:32:16+00:00\",\"dateModified\":\"2020-01-18T15:36:07+00:00\",\"mainEntityOfPage\":{\"@id\":\"https:\\\/\\\/www.bellunopress.it\\\/2020\\\/01\\\/17\\\/analisi-di-laboratorio-e-cancro-i-temi-della-conferenza-sabato-ore-1700-al-centro-giovanni-23mo-di-belluno\\\/\"},\"wordCount\":510,\"publisher\":{\"@id\":\"https:\\\/\\\/www.bellunopress.it\\\/#organization\"},\"image\":{\"@id\":\"https:\\\/\\\/www.bellunopress.it\\\/2020\\\/01\\\/17\\\/analisi-di-laboratorio-e-cancro-i-temi-della-conferenza-sabato-ore-1700-al-centro-giovanni-23mo-di-belluno\\\/#primaryimage\"},\"thumbnailUrl\":\"http:\\\/\\\/www.bellunopress.it\\\/wp-content\\\/uploads\\\/2010\\\/01\\\/gruppo-divulgazione-scientifica.jpg\",\"articleSection\":[\"Appuntamenti, Eventi\",\"Arte, Cultura, Spettacoli, Scienza\",\"Pausa Caff\u00e8\"],\"inLanguage\":\"fr-FR\"},{\"@type\":\"WebPage\",\"@id\":\"https:\\\/\\\/www.bellunopress.it\\\/2020\\\/01\\\/17\\\/analisi-di-laboratorio-e-cancro-i-temi-della-conferenza-sabato-ore-1700-al-centro-giovanni-23mo-di-belluno\\\/\",\"url\":\"https:\\\/\\\/www.bellunopress.it\\\/2020\\\/01\\\/17\\\/analisi-di-laboratorio-e-cancro-i-temi-della-conferenza-sabato-ore-1700-al-centro-giovanni-23mo-di-belluno\\\/\",\"name\":\"Analisi di laboratorio e cancro, i temi della conferenza, sabato ore 17:00 al Centro Giovanni 23mo di Belluno - Bellunopress - Dolomiti\",\"isPartOf\":{\"@id\":\"https:\\\/\\\/www.bellunopress.it\\\/#website\"},\"primaryImageOfPage\":{\"@id\":\"https:\\\/\\\/www.bellunopress.it\\\/2020\\\/01\\\/17\\\/analisi-di-laboratorio-e-cancro-i-temi-della-conferenza-sabato-ore-1700-al-centro-giovanni-23mo-di-belluno\\\/#primaryimage\"},\"image\":{\"@id\":\"https:\\\/\\\/www.bellunopress.it\\\/2020\\\/01\\\/17\\\/analisi-di-laboratorio-e-cancro-i-temi-della-conferenza-sabato-ore-1700-al-centro-giovanni-23mo-di-belluno\\\/#primaryimage\"},\"thumbnailUrl\":\"http:\\\/\\\/www.bellunopress.it\\\/wp-content\\\/uploads\\\/2010\\\/01\\\/gruppo-divulgazione-scientifica.jpg\",\"datePublished\":\"2020-01-17T14:32:16+00:00\",\"dateModified\":\"2020-01-18T15:36:07+00:00\",\"breadcrumb\":{\"@id\":\"https:\\\/\\\/www.bellunopress.it\\\/2020\\\/01\\\/17\\\/analisi-di-laboratorio-e-cancro-i-temi-della-conferenza-sabato-ore-1700-al-centro-giovanni-23mo-di-belluno\\\/#breadcrumb\"},\"inLanguage\":\"fr-FR\",\"potentialAction\":[{\"@type\":\"ReadAction\",\"target\":[\"https:\\\/\\\/www.bellunopress.it\\\/2020\\\/01\\\/17\\\/analisi-di-laboratorio-e-cancro-i-temi-della-conferenza-sabato-ore-1700-al-centro-giovanni-23mo-di-belluno\\\/\"]}]},{\"@type\":\"ImageObject\",\"inLanguage\":\"fr-FR\",\"@id\":\"https:\\\/\\\/www.bellunopress.it\\\/2020\\\/01\\\/17\\\/analisi-di-laboratorio-e-cancro-i-temi-della-conferenza-sabato-ore-1700-al-centro-giovanni-23mo-di-belluno\\\/#primaryimage\",\"url\":\"http:\\\/\\\/www.bellunopress.it\\\/wp-content\\\/uploads\\\/2010\\\/01\\\/gruppo-divulgazione-scientifica.jpg\",\"contentUrl\":\"http:\\\/\\\/www.bellunopress.it\\\/wp-content\\\/uploads\\\/2010\\\/01\\\/gruppo-divulgazione-scientifica.jpg\"},{\"@type\":\"BreadcrumbList\",\"@id\":\"https:\\\/\\\/www.bellunopress.it\\\/2020\\\/01\\\/17\\\/analisi-di-laboratorio-e-cancro-i-temi-della-conferenza-sabato-ore-1700-al-centro-giovanni-23mo-di-belluno\\\/#breadcrumb\",\"itemListElement\":[{\"@type\":\"ListItem\",\"position\":1,\"name\":\"Home\",\"item\":\"https:\\\/\\\/www.bellunopress.it\\\/\"},{\"@type\":\"ListItem\",\"position\":2,\"name\":\"Analisi di laboratorio e cancro, i temi della conferenza, sabato ore 17:00 al Centro Giovanni 23mo di Belluno\"}]},{\"@type\":\"WebSite\",\"@id\":\"https:\\\/\\\/www.bellunopress.it\\\/#website\",\"url\":\"https:\\\/\\\/www.bellunopress.it\\\/\",\"name\":\"Bellunopress - Dolomiti\",\"description\":\"e-mail: redazione@bellunopress.it\",\"publisher\":{\"@id\":\"https:\\\/\\\/www.bellunopress.it\\\/#organization\"},\"potentialAction\":[{\"@type\":\"SearchAction\",\"target\":{\"@type\":\"EntryPoint\",\"urlTemplate\":\"https:\\\/\\\/www.bellunopress.it\\\/?s={search_term_string}\"},\"query-input\":{\"@type\":\"PropertyValueSpecification\",\"valueRequired\":true,\"valueName\":\"search_term_string\"}}],\"inLanguage\":\"fr-FR\"},{\"@type\":\"Organization\",\"@id\":\"https:\\\/\\\/www.bellunopress.it\\\/#organization\",\"name\":\"Bellunopress\",\"url\":\"https:\\\/\\\/www.bellunopress.it\\\/\",\"logo\":{\"@type\":\"ImageObject\",\"inLanguage\":\"fr-FR\",\"@id\":\"https:\\\/\\\/www.bellunopress.it\\\/#\\\/schema\\\/logo\\\/image\\\/\",\"url\":\"https:\\\/\\\/www.bellunopress.it\\\/wp-content\\\/uploads\\\/2011\\\/05\\\/cropped-logo-bellunopress-.jpg\",\"contentUrl\":\"https:\\\/\\\/www.bellunopress.it\\\/wp-content\\\/uploads\\\/2011\\\/05\\\/cropped-logo-bellunopress-.jpg\",\"width\":512,\"height\":512,\"caption\":\"Bellunopress\"},\"image\":{\"@id\":\"https:\\\/\\\/www.bellunopress.it\\\/#\\\/schema\\\/logo\\\/image\\\/\"},\"sameAs\":[\"https:\\\/\\\/www.facebook.com\\\/profile.php?id=100008943462799\",\"https:\\\/\\\/x.com\\\/bellunopress\",\"https:\\\/\\\/www.linkedin.com\\\/hp\\\/?dnr=JBzUWaJfMUw8vbXJJ2tVW5-I3jZKvC4wsoxE&amp;amp;amp;amp;amp;amp;trk=nav_responsive_tab_home\",\"https:\\\/\\\/www.youtube.com\\\/channel\\\/UCxL0wu1uN0_3_7hGG0306cw\"]},{\"@type\":\"Person\",\"@id\":\"https:\\\/\\\/www.bellunopress.it\\\/#\\\/schema\\\/person\\\/79bb06722b37ece1c03d3e94beb30d73\",\"name\":\"redazione\",\"image\":{\"@type\":\"ImageObject\",\"inLanguage\":\"fr-FR\",\"@id\":\"https:\\\/\\\/secure.gravatar.com\\\/avatar\\\/37d968a2e67a6fd04c169c4bdef102d0bc5d31b2546345219e348575eb80e9a0?s=96&d=mm&r=g\",\"url\":\"https:\\\/\\\/secure.gravatar.com\\\/avatar\\\/37d968a2e67a6fd04c169c4bdef102d0bc5d31b2546345219e348575eb80e9a0?s=96&d=mm&r=g\",\"contentUrl\":\"https:\\\/\\\/secure.gravatar.com\\\/avatar\\\/37d968a2e67a6fd04c169c4bdef102d0bc5d31b2546345219e348575eb80e9a0?s=96&d=mm&r=g\",\"caption\":\"redazione\"},\"sameAs\":[\"http:\\\/\\\/www.bellunopress.it\",\"https:\\\/\\\/x.com\\\/bellunopress\"],\"url\":\"https:\\\/\\\/www.bellunopress.it\\\/fr\\\/author\\\/redazione\\\/\"}]}<\/script>\n<!-- \/ Yoast SEO plugin. -->","yoast_head_json":{"title":"Analisi di laboratorio e cancro, i temi della conferenza, sabato ore 17:00 al Centro Giovanni 23mo di Belluno - Bellunopress - Dolomiti","robots":{"index":"index","follow":"follow","max-snippet":"max-snippet:-1","max-image-preview":"max-image-preview:large","max-video-preview":"max-video-preview:-1"},"canonical":"https:\/\/www.bellunopress.it\/fr\/2020\/01\/17\/analisi-di-laboratorio-e-cancro-i-temi-della-conferenza-sabato-ore-1700-al-centro-giovanni-23mo-di-belluno\/","og_locale":"fr_FR","og_type":"article","og_title":"Analisi di laboratorio e cancro, i temi della conferenza, sabato ore 17:00 al Centro Giovanni 23mo di Belluno - Bellunopress - Dolomiti","og_description":"La quattordicesima edizione del \u201cDolomiti in Scienza\u201d avr\u00e0 inizio sabato 18 gennaio 2020 alle ore 17:00, nella sala-teatro del Centro \u201cGiovanni XXIII\u201d a Belluno. Si tratta dell&#8217;appuntamento di spicco nel calendario del GDS (Gruppo Divulgazione Scientifica Dolomiti \u201cE. Fermi\u201d) che da anni promuove conferenze di argomento scientifico, adatte a un pubblico eterogeneo e di formazione [&hellip;]","og_url":"https:\/\/www.bellunopress.it\/fr\/2020\/01\/17\/analisi-di-laboratorio-e-cancro-i-temi-della-conferenza-sabato-ore-1700-al-centro-giovanni-23mo-di-belluno\/","og_site_name":"Bellunopress - Dolomiti","article_publisher":"https:\/\/www.facebook.com\/profile.php?id=100008943462799","article_published_time":"2020-01-17T14:32:16+00:00","article_modified_time":"2020-01-18T15:36:07+00:00","og_image":[{"url":"http:\/\/www.bellunopress.it\/wp-content\/uploads\/2010\/01\/gruppo-divulgazione-scientifica.jpg","type":"","width":"","height":""}],"author":"redazione","twitter_card":"summary_large_image","twitter_creator":"@bellunopress","twitter_site":"@bellunopress","twitter_misc":{"\u00c9crit par":"redazione","Dur\u00e9e de lecture estim\u00e9e":"2 minutes"},"schema":{"@context":"https:\/\/schema.org","@graph":[{"@type":"Article","@id":"https:\/\/www.bellunopress.it\/2020\/01\/17\/analisi-di-laboratorio-e-cancro-i-temi-della-conferenza-sabato-ore-1700-al-centro-giovanni-23mo-di-belluno\/#article","isPartOf":{"@id":"https:\/\/www.bellunopress.it\/2020\/01\/17\/analisi-di-laboratorio-e-cancro-i-temi-della-conferenza-sabato-ore-1700-al-centro-giovanni-23mo-di-belluno\/"},"author":{"name":"redazione","@id":"https:\/\/www.bellunopress.it\/#\/schema\/person\/79bb06722b37ece1c03d3e94beb30d73"},"headline":"Analisi di laboratorio e cancro, i temi della conferenza, sabato ore 17:00 al Centro Giovanni 23mo di Belluno","datePublished":"2020-01-17T14:32:16+00:00","dateModified":"2020-01-18T15:36:07+00:00","mainEntityOfPage":{"@id":"https:\/\/www.bellunopress.it\/2020\/01\/17\/analisi-di-laboratorio-e-cancro-i-temi-della-conferenza-sabato-ore-1700-al-centro-giovanni-23mo-di-belluno\/"},"wordCount":510,"publisher":{"@id":"https:\/\/www.bellunopress.it\/#organization"},"image":{"@id":"https:\/\/www.bellunopress.it\/2020\/01\/17\/analisi-di-laboratorio-e-cancro-i-temi-della-conferenza-sabato-ore-1700-al-centro-giovanni-23mo-di-belluno\/#primaryimage"},"thumbnailUrl":"http:\/\/www.bellunopress.it\/wp-content\/uploads\/2010\/01\/gruppo-divulgazione-scientifica.jpg","articleSection":["Appuntamenti, Eventi","Arte, Cultura, Spettacoli, Scienza","Pausa Caff\u00e8"],"inLanguage":"fr-FR"},{"@type":"WebPage","@id":"https:\/\/www.bellunopress.it\/2020\/01\/17\/analisi-di-laboratorio-e-cancro-i-temi-della-conferenza-sabato-ore-1700-al-centro-giovanni-23mo-di-belluno\/","url":"https:\/\/www.bellunopress.it\/2020\/01\/17\/analisi-di-laboratorio-e-cancro-i-temi-della-conferenza-sabato-ore-1700-al-centro-giovanni-23mo-di-belluno\/","name":"Analisi di laboratorio e cancro, i temi della conferenza, sabato ore 17:00 al Centro Giovanni 23mo di Belluno - Bellunopress - Dolomiti","isPartOf":{"@id":"https:\/\/www.bellunopress.it\/#website"},"primaryImageOfPage":{"@id":"https:\/\/www.bellunopress.it\/2020\/01\/17\/analisi-di-laboratorio-e-cancro-i-temi-della-conferenza-sabato-ore-1700-al-centro-giovanni-23mo-di-belluno\/#primaryimage"},"image":{"@id":"https:\/\/www.bellunopress.it\/2020\/01\/17\/analisi-di-laboratorio-e-cancro-i-temi-della-conferenza-sabato-ore-1700-al-centro-giovanni-23mo-di-belluno\/#primaryimage"},"thumbnailUrl":"http:\/\/www.bellunopress.it\/wp-content\/uploads\/2010\/01\/gruppo-divulgazione-scientifica.jpg","datePublished":"2020-01-17T14:32:16+00:00","dateModified":"2020-01-18T15:36:07+00:00","breadcrumb":{"@id":"https:\/\/www.bellunopress.it\/2020\/01\/17\/analisi-di-laboratorio-e-cancro-i-temi-della-conferenza-sabato-ore-1700-al-centro-giovanni-23mo-di-belluno\/#breadcrumb"},"inLanguage":"fr-FR","potentialAction":[{"@type":"ReadAction","target":["https:\/\/www.bellunopress.it\/2020\/01\/17\/analisi-di-laboratorio-e-cancro-i-temi-della-conferenza-sabato-ore-1700-al-centro-giovanni-23mo-di-belluno\/"]}]},{"@type":"ImageObject","inLanguage":"fr-FR","@id":"https:\/\/www.bellunopress.it\/2020\/01\/17\/analisi-di-laboratorio-e-cancro-i-temi-della-conferenza-sabato-ore-1700-al-centro-giovanni-23mo-di-belluno\/#primaryimage","url":"http:\/\/www.bellunopress.it\/wp-content\/uploads\/2010\/01\/gruppo-divulgazione-scientifica.jpg","contentUrl":"http:\/\/www.bellunopress.it\/wp-content\/uploads\/2010\/01\/gruppo-divulgazione-scientifica.jpg"},{"@type":"BreadcrumbList","@id":"https:\/\/www.bellunopress.it\/2020\/01\/17\/analisi-di-laboratorio-e-cancro-i-temi-della-conferenza-sabato-ore-1700-al-centro-giovanni-23mo-di-belluno\/#breadcrumb","itemListElement":[{"@type":"ListItem","position":1,"name":"Home","item":"https:\/\/www.bellunopress.it\/"},{"@type":"ListItem","position":2,"name":"Analisi di laboratorio e cancro, i temi della conferenza, sabato ore 17:00 al Centro Giovanni 23mo di Belluno"}]},{"@type":"WebSite","@id":"https:\/\/www.bellunopress.it\/#website","url":"https:\/\/www.bellunopress.it\/","name":"Bellunopress - Dolomiti","description":"e-mail: redazione@bellunopress.it","publisher":{"@id":"https:\/\/www.bellunopress.it\/#organization"},"potentialAction":[{"@type":"SearchAction","target":{"@type":"EntryPoint","urlTemplate":"https:\/\/www.bellunopress.it\/?s={search_term_string}"},"query-input":{"@type":"PropertyValueSpecification","valueRequired":true,"valueName":"search_term_string"}}],"inLanguage":"fr-FR"},{"@type":"Organization","@id":"https:\/\/www.bellunopress.it\/#organization","name":"Bellunopress","url":"https:\/\/www.bellunopress.it\/","logo":{"@type":"ImageObject","inLanguage":"fr-FR","@id":"https:\/\/www.bellunopress.it\/#\/schema\/logo\/image\/","url":"https:\/\/www.bellunopress.it\/wp-content\/uploads\/2011\/05\/cropped-logo-bellunopress-.jpg","contentUrl":"https:\/\/www.bellunopress.it\/wp-content\/uploads\/2011\/05\/cropped-logo-bellunopress-.jpg","width":512,"height":512,"caption":"Bellunopress"},"image":{"@id":"https:\/\/www.bellunopress.it\/#\/schema\/logo\/image\/"},"sameAs":["https:\/\/www.facebook.com\/profile.php?id=100008943462799","https:\/\/x.com\/bellunopress","https:\/\/www.linkedin.com\/hp\/?dnr=JBzUWaJfMUw8vbXJJ2tVW5-I3jZKvC4wsoxE&amp;amp;amp;amp;amp;amp;trk=nav_responsive_tab_home","https:\/\/www.youtube.com\/channel\/UCxL0wu1uN0_3_7hGG0306cw"]},{"@type":"Person","@id":"https:\/\/www.bellunopress.it\/#\/schema\/person\/79bb06722b37ece1c03d3e94beb30d73","name":"r\u00e9daction","image":{"@type":"ImageObject","inLanguage":"fr-FR","@id":"https:\/\/secure.gravatar.com\/avatar\/37d968a2e67a6fd04c169c4bdef102d0bc5d31b2546345219e348575eb80e9a0?s=96&d=mm&r=g","url":"https:\/\/secure.gravatar.com\/avatar\/37d968a2e67a6fd04c169c4bdef102d0bc5d31b2546345219e348575eb80e9a0?s=96&d=mm&r=g","contentUrl":"https:\/\/secure.gravatar.com\/avatar\/37d968a2e67a6fd04c169c4bdef102d0bc5d31b2546345219e348575eb80e9a0?s=96&d=mm&r=g","caption":"redazione"},"sameAs":["http:\/\/www.bellunopress.it","https:\/\/x.com\/bellunopress"],"url":"https:\/\/www.bellunopress.it\/fr\/author\/redazione\/"}]}},"_links":{"self":[{"href":"https:\/\/www.bellunopress.it\/fr\/wp-json\/wp\/v2\/posts\/111357","targetHints":{"allow":["GET"]}}],"collection":[{"href":"https:\/\/www.bellunopress.it\/fr\/wp-json\/wp\/v2\/posts"}],"about":[{"href":"https:\/\/www.bellunopress.it\/fr\/wp-json\/wp\/v2\/types\/post"}],"author":[{"embeddable":true,"href":"https:\/\/www.bellunopress.it\/fr\/wp-json\/wp\/v2\/users\/2"}],"replies":[{"embeddable":true,"href":"https:\/\/www.bellunopress.it\/fr\/wp-json\/wp\/v2\/comments?post=111357"}],"version-history":[{"count":1,"href":"https:\/\/www.bellunopress.it\/fr\/wp-json\/wp\/v2\/posts\/111357\/revisions"}],"predecessor-version":[{"id":111358,"href":"https:\/\/www.bellunopress.it\/fr\/wp-json\/wp\/v2\/posts\/111357\/revisions\/111358"}],"wp:attachment":[{"href":"https:\/\/www.bellunopress.it\/fr\/wp-json\/wp\/v2\/media?parent=111357"}],"wp:term":[{"taxonomy":"category","embeddable":true,"href":"https:\/\/www.bellunopress.it\/fr\/wp-json\/wp\/v2\/categories?post=111357"},{"taxonomy":"post_tag","embeddable":true,"href":"https:\/\/www.bellunopress.it\/fr\/wp-json\/wp\/v2\/tags?post=111357"}],"curies":[{"name":"wp","href":"https:\/\/api.w.org\/{rel}","templated":true}]}}