{"id":111354,"date":"2020-01-19T12:14:52","date_gmt":"2020-01-19T11:14:52","guid":{"rendered":"http:\/\/www.bellunopress.it\/?p=111354"},"modified":"2020-01-18T16:27:42","modified_gmt":"2020-01-18T15:27:42","slug":"le-ali-allitalia-davide-giacalone-e-carlo-nordio-sabato-al-centro-giovanni-23mo-di-belluno-per-i-grandi-incontri-di-liberal-belluno","status":"publish","type":"post","link":"https:\/\/www.bellunopress.it\/fr\/2020\/01\/19\/le-ali-allitalia-davide-giacalone-e-carlo-nordio-sabato-al-centro-giovanni-23mo-di-belluno-per-i-grandi-incontri-di-liberal-belluno\/","title":{"rendered":"Le ali all&#8217;Italia. Davide Giacalone e Carlo Nordio sabato al Centro Giovanni 23mo di Belluno per I Grandi incontri di Liberal Belluno"},"content":{"rendered":"<p>Sabato 25 gennaio 2020 alle ore 17.30 in sala Teatro del Centro congressi in piazza Piloni a Belluno, si terr\u00e0 la conferenza dal titolo &#8220;Le ali all&#8217;Italia&#8221; con relatori Davide Giacalone, giornalista, scrittore, opinionista per Rtl 102.5, autore di saggi ed inchieste e Carlo Nordio gi\u00e0 Procuratore aggiunto della Repubblica di Venezia, editorialista e scrittore.\u00a0 Conduce Roberto De Nart direttore responsabile Bellunopress.<\/p>\n<p>&nbsp;<\/p>\n<figure id=\"attachment_111355\" aria-describedby=\"caption-attachment-111355\" style=\"width: 300px\" class=\"wp-caption alignleft\"><a href=\"http:\/\/www.bellunopress.it\/fr\/?attachment_id=111355\" rel=\"attachment wp-att-111355\"><img loading=\"lazy\" decoding=\"async\" class=\"size-full wp-image-111355\" src=\"http:\/\/www.bellunopress.it\/wp-content\/uploads\/2020\/01\/nordio-giacalone-de-nart.jpg\" alt=\"Liberal Nordio Giacalone De Nart\" width=\"300\" height=\"176\" \/><\/a><figcaption id=\"caption-attachment-111355\" class=\"wp-caption-text\">Nordio, Giacalone, De Nart<\/figcaption><\/figure>\n<p>L&#8217;iniziativa \u00e8 dell&#8217;Associazione Liberal Belluno, presieduta da Rosalba Schenal, all&#8217;interno della rassegna culturale I Grandi incontri di Liberal Belluno.<\/p>\n<p>&#8230;Quando si sente di una societ\u00e0 italiana che prende sede legale in qualche altro Paese, si pensa subito agli aspetti fiscali. Lo fa per risparmiare. Conta, certamente, ma non \u00e8 la sola cosa, perch\u00e9 conta anche il poter disporre di una giustizia affidabile, di normative leggibili. E quando dall&#8217;estero si valuta l&#8217;opportunit\u00e0 di investire in Italia, si fanno i conti fiscali, ma spesso a far passare la voglia \u00e8 proprio l&#8217;indeterminatezza del diritto e l&#8217;inaffidabilit\u00e0 della giustizia&#8230;<br \/>\nda &#8220;LeAli all&#8217; Italia&#8221;\u00a0 di Davide Giacalone<\/p>\n<p>&#8230;La credibilit\u00e0 dello Stato progressivamente si riduce e, in parallelo, aumenta la sfiducia. Questo dipende dal fatto, cui abbiamo accennato all&#8217;inizio del capitolo, che il nostro sistema penalprocessuale \u00e8 incapace di assicurare la certezza della pena. Ma qui occorre un chiarimento importante. La certezza della pena ha poco a che vedere con la sua efficacia intimidatrice. Se \u00e8 vero che la pena futura e incerta, proprio perch\u00e9 tale, non ha nessun effetto deterrente, \u00e8 altrettanto vero che una pena certa e rapida non \u00e8 assolutamente dissuasiva&#8230;<br \/>\nda &#8221; La stagione dell&#8217;indulgenza e i suoi frutti avvelenati &#8221; di Carlo Nordio<\/p>\n<p>&nbsp;<\/p>","protected":false},"excerpt":{"rendered":"<p>Sabato 25 gennaio 2020 alle ore 17.30 in sala Teatro del Centro congressi in piazza Piloni a Belluno, si terr\u00e0 la conferenza dal titolo &#8220;Le ali all&#8217;Italia&#8221; con relatori Davide Giacalone, giornalista, scrittore, opinionista per Rtl 102.5, autore di saggi ed inchieste e Carlo Nordio gi\u00e0 Procuratore aggiunto della Repubblica di Venezia, editorialista e scrittore.\u00a0 [&hellip;]<\/p>\n","protected":false},"author":2,"featured_media":0,"comment_status":"closed","ping_status":"open","sticky":false,"template":"","format":"standard","meta":{"footnotes":""},"categories":[27,3,25],"tags":[],"class_list":["post-111354","post","type-post","status-publish","format-standard","category-appuntamenti","category-arte-cultura-spettacoli-scienza-archivi","category-pausa-caffe"],"yoast_head":"<!-- This site is optimized with the Yoast SEO plugin v28.4 - https:\/\/yoast.com\/product\/yoast-seo-wordpress\/ -->\n<title>Le ali all&#039;Italia. Davide Giacalone e Carlo Nordio sabato al Centro Giovanni 23mo di Belluno per I Grandi incontri di Liberal Belluno - Bellunopress - Dolomiti<\/title>\n<meta name=\"robots\" content=\"index, follow, max-snippet:-1, max-image-preview:large, max-video-preview:-1\" \/>\n<link rel=\"canonical\" href=\"https:\/\/www.bellunopress.it\/fr\/2020\/01\/19\/le-ali-allitalia-davide-giacalone-e-carlo-nordio-sabato-al-centro-giovanni-23mo-di-belluno-per-i-grandi-incontri-di-liberal-belluno\/\" \/>\n<meta property=\"og:locale\" content=\"fr_FR\" \/>\n<meta property=\"og:type\" content=\"article\" \/>\n<meta property=\"og:title\" content=\"Le ali all&#039;Italia. Davide Giacalone e Carlo Nordio sabato al Centro Giovanni 23mo di Belluno per I Grandi incontri di Liberal Belluno - Bellunopress - Dolomiti\" \/>\n<meta property=\"og:description\" content=\"Sabato 25 gennaio 2020 alle ore 17.30 in sala Teatro del Centro congressi in piazza Piloni a Belluno, si terr\u00e0 la conferenza dal titolo &#8220;Le ali all&#8217;Italia&#8221; con relatori Davide Giacalone, giornalista, scrittore, opinionista per Rtl 102.5, autore di saggi ed inchieste e Carlo Nordio gi\u00e0 Procuratore aggiunto della Repubblica di Venezia, editorialista e scrittore.\u00a0 [&hellip;]\" \/>\n<meta property=\"og:url\" content=\"https:\/\/www.bellunopress.it\/fr\/2020\/01\/19\/le-ali-allitalia-davide-giacalone-e-carlo-nordio-sabato-al-centro-giovanni-23mo-di-belluno-per-i-grandi-incontri-di-liberal-belluno\/\" \/>\n<meta property=\"og:site_name\" content=\"Bellunopress - Dolomiti\" \/>\n<meta property=\"article:publisher\" content=\"https:\/\/www.facebook.com\/profile.php?id=100008943462799\" \/>\n<meta property=\"article:published_time\" content=\"2020-01-19T11:14:52+00:00\" \/>\n<meta property=\"og:image\" content=\"http:\/\/www.bellunopress.it\/wp-content\/uploads\/2020\/01\/nordio-giacalone-de-nart.jpg\" \/>\n<meta name=\"author\" content=\"redazione\" \/>\n<meta name=\"twitter:card\" content=\"summary_large_image\" \/>\n<meta name=\"twitter:creator\" content=\"@bellunopress\" \/>\n<meta name=\"twitter:site\" content=\"@bellunopress\" \/>\n<meta name=\"twitter:label1\" content=\"\u00c9crit par\" \/>\n\t<meta name=\"twitter:data1\" content=\"redazione\" \/>\n\t<meta name=\"twitter:label2\" content=\"Dur\u00e9e de lecture estim\u00e9e\" \/>\n\t<meta name=\"twitter:data2\" content=\"1 minute\" \/>\n<script type=\"application\/ld+json\" class=\"yoast-schema-graph\">{\"@context\":\"https:\\\/\\\/schema.org\",\"@graph\":[{\"@type\":\"Article\",\"@id\":\"https:\\\/\\\/www.bellunopress.it\\\/2020\\\/01\\\/19\\\/le-ali-allitalia-davide-giacalone-e-carlo-nordio-sabato-al-centro-giovanni-23mo-di-belluno-per-i-grandi-incontri-di-liberal-belluno\\\/#article\",\"isPartOf\":{\"@id\":\"https:\\\/\\\/www.bellunopress.it\\\/2020\\\/01\\\/19\\\/le-ali-allitalia-davide-giacalone-e-carlo-nordio-sabato-al-centro-giovanni-23mo-di-belluno-per-i-grandi-incontri-di-liberal-belluno\\\/\"},\"author\":{\"name\":\"redazione\",\"@id\":\"https:\\\/\\\/www.bellunopress.it\\\/#\\\/schema\\\/person\\\/79bb06722b37ece1c03d3e94beb30d73\"},\"headline\":\"Le ali all&#8217;Italia. Davide Giacalone e Carlo Nordio sabato al Centro Giovanni 23mo di Belluno per I Grandi incontri di Liberal Belluno\",\"datePublished\":\"2020-01-19T11:14:52+00:00\",\"mainEntityOfPage\":{\"@id\":\"https:\\\/\\\/www.bellunopress.it\\\/2020\\\/01\\\/19\\\/le-ali-allitalia-davide-giacalone-e-carlo-nordio-sabato-al-centro-giovanni-23mo-di-belluno-per-i-grandi-incontri-di-liberal-belluno\\\/\"},\"wordCount\":298,\"publisher\":{\"@id\":\"https:\\\/\\\/www.bellunopress.it\\\/#organization\"},\"image\":{\"@id\":\"https:\\\/\\\/www.bellunopress.it\\\/2020\\\/01\\\/19\\\/le-ali-allitalia-davide-giacalone-e-carlo-nordio-sabato-al-centro-giovanni-23mo-di-belluno-per-i-grandi-incontri-di-liberal-belluno\\\/#primaryimage\"},\"thumbnailUrl\":\"http:\\\/\\\/www.bellunopress.it\\\/wp-content\\\/uploads\\\/2020\\\/01\\\/nordio-giacalone-de-nart.jpg\",\"articleSection\":[\"Appuntamenti, Eventi\",\"Arte, Cultura, Spettacoli, Scienza\",\"Pausa Caff\u00e8\"],\"inLanguage\":\"fr-FR\"},{\"@type\":\"WebPage\",\"@id\":\"https:\\\/\\\/www.bellunopress.it\\\/2020\\\/01\\\/19\\\/le-ali-allitalia-davide-giacalone-e-carlo-nordio-sabato-al-centro-giovanni-23mo-di-belluno-per-i-grandi-incontri-di-liberal-belluno\\\/\",\"url\":\"https:\\\/\\\/www.bellunopress.it\\\/2020\\\/01\\\/19\\\/le-ali-allitalia-davide-giacalone-e-carlo-nordio-sabato-al-centro-giovanni-23mo-di-belluno-per-i-grandi-incontri-di-liberal-belluno\\\/\",\"name\":\"Le ali all'Italia. Davide Giacalone e Carlo Nordio sabato al Centro Giovanni 23mo di Belluno per I Grandi incontri di Liberal Belluno - Bellunopress - Dolomiti\",\"isPartOf\":{\"@id\":\"https:\\\/\\\/www.bellunopress.it\\\/#website\"},\"primaryImageOfPage\":{\"@id\":\"https:\\\/\\\/www.bellunopress.it\\\/2020\\\/01\\\/19\\\/le-ali-allitalia-davide-giacalone-e-carlo-nordio-sabato-al-centro-giovanni-23mo-di-belluno-per-i-grandi-incontri-di-liberal-belluno\\\/#primaryimage\"},\"image\":{\"@id\":\"https:\\\/\\\/www.bellunopress.it\\\/2020\\\/01\\\/19\\\/le-ali-allitalia-davide-giacalone-e-carlo-nordio-sabato-al-centro-giovanni-23mo-di-belluno-per-i-grandi-incontri-di-liberal-belluno\\\/#primaryimage\"},\"thumbnailUrl\":\"http:\\\/\\\/www.bellunopress.it\\\/wp-content\\\/uploads\\\/2020\\\/01\\\/nordio-giacalone-de-nart.jpg\",\"datePublished\":\"2020-01-19T11:14:52+00:00\",\"breadcrumb\":{\"@id\":\"https:\\\/\\\/www.bellunopress.it\\\/2020\\\/01\\\/19\\\/le-ali-allitalia-davide-giacalone-e-carlo-nordio-sabato-al-centro-giovanni-23mo-di-belluno-per-i-grandi-incontri-di-liberal-belluno\\\/#breadcrumb\"},\"inLanguage\":\"fr-FR\",\"potentialAction\":[{\"@type\":\"ReadAction\",\"target\":[\"https:\\\/\\\/www.bellunopress.it\\\/2020\\\/01\\\/19\\\/le-ali-allitalia-davide-giacalone-e-carlo-nordio-sabato-al-centro-giovanni-23mo-di-belluno-per-i-grandi-incontri-di-liberal-belluno\\\/\"]}]},{\"@type\":\"ImageObject\",\"inLanguage\":\"fr-FR\",\"@id\":\"https:\\\/\\\/www.bellunopress.it\\\/2020\\\/01\\\/19\\\/le-ali-allitalia-davide-giacalone-e-carlo-nordio-sabato-al-centro-giovanni-23mo-di-belluno-per-i-grandi-incontri-di-liberal-belluno\\\/#primaryimage\",\"url\":\"http:\\\/\\\/www.bellunopress.it\\\/wp-content\\\/uploads\\\/2020\\\/01\\\/nordio-giacalone-de-nart.jpg\",\"contentUrl\":\"http:\\\/\\\/www.bellunopress.it\\\/wp-content\\\/uploads\\\/2020\\\/01\\\/nordio-giacalone-de-nart.jpg\"},{\"@type\":\"BreadcrumbList\",\"@id\":\"https:\\\/\\\/www.bellunopress.it\\\/2020\\\/01\\\/19\\\/le-ali-allitalia-davide-giacalone-e-carlo-nordio-sabato-al-centro-giovanni-23mo-di-belluno-per-i-grandi-incontri-di-liberal-belluno\\\/#breadcrumb\",\"itemListElement\":[{\"@type\":\"ListItem\",\"position\":1,\"name\":\"Home\",\"item\":\"https:\\\/\\\/www.bellunopress.it\\\/\"},{\"@type\":\"ListItem\",\"position\":2,\"name\":\"Le ali all&#8217;Italia. Davide Giacalone e Carlo Nordio sabato al Centro Giovanni 23mo di Belluno per I Grandi incontri di Liberal Belluno\"}]},{\"@type\":\"WebSite\",\"@id\":\"https:\\\/\\\/www.bellunopress.it\\\/#website\",\"url\":\"https:\\\/\\\/www.bellunopress.it\\\/\",\"name\":\"Bellunopress - Dolomiti\",\"description\":\"e-mail: redazione@bellunopress.it\",\"publisher\":{\"@id\":\"https:\\\/\\\/www.bellunopress.it\\\/#organization\"},\"potentialAction\":[{\"@type\":\"SearchAction\",\"target\":{\"@type\":\"EntryPoint\",\"urlTemplate\":\"https:\\\/\\\/www.bellunopress.it\\\/?s={search_term_string}\"},\"query-input\":{\"@type\":\"PropertyValueSpecification\",\"valueRequired\":true,\"valueName\":\"search_term_string\"}}],\"inLanguage\":\"fr-FR\"},{\"@type\":\"Organization\",\"@id\":\"https:\\\/\\\/www.bellunopress.it\\\/#organization\",\"name\":\"Bellunopress\",\"url\":\"https:\\\/\\\/www.bellunopress.it\\\/\",\"logo\":{\"@type\":\"ImageObject\",\"inLanguage\":\"fr-FR\",\"@id\":\"https:\\\/\\\/www.bellunopress.it\\\/#\\\/schema\\\/logo\\\/image\\\/\",\"url\":\"https:\\\/\\\/www.bellunopress.it\\\/wp-content\\\/uploads\\\/2011\\\/05\\\/cropped-logo-bellunopress-.jpg\",\"contentUrl\":\"https:\\\/\\\/www.bellunopress.it\\\/wp-content\\\/uploads\\\/2011\\\/05\\\/cropped-logo-bellunopress-.jpg\",\"width\":512,\"height\":512,\"caption\":\"Bellunopress\"},\"image\":{\"@id\":\"https:\\\/\\\/www.bellunopress.it\\\/#\\\/schema\\\/logo\\\/image\\\/\"},\"sameAs\":[\"https:\\\/\\\/www.facebook.com\\\/profile.php?id=100008943462799\",\"https:\\\/\\\/x.com\\\/bellunopress\",\"https:\\\/\\\/www.linkedin.com\\\/hp\\\/?dnr=JBzUWaJfMUw8vbXJJ2tVW5-I3jZKvC4wsoxE&amp;amp;amp;amp;amp;amp;trk=nav_responsive_tab_home\",\"https:\\\/\\\/www.youtube.com\\\/channel\\\/UCxL0wu1uN0_3_7hGG0306cw\"]},{\"@type\":\"Person\",\"@id\":\"https:\\\/\\\/www.bellunopress.it\\\/#\\\/schema\\\/person\\\/79bb06722b37ece1c03d3e94beb30d73\",\"name\":\"redazione\",\"image\":{\"@type\":\"ImageObject\",\"inLanguage\":\"fr-FR\",\"@id\":\"https:\\\/\\\/secure.gravatar.com\\\/avatar\\\/37d968a2e67a6fd04c169c4bdef102d0bc5d31b2546345219e348575eb80e9a0?s=96&d=mm&r=g\",\"url\":\"https:\\\/\\\/secure.gravatar.com\\\/avatar\\\/37d968a2e67a6fd04c169c4bdef102d0bc5d31b2546345219e348575eb80e9a0?s=96&d=mm&r=g\",\"contentUrl\":\"https:\\\/\\\/secure.gravatar.com\\\/avatar\\\/37d968a2e67a6fd04c169c4bdef102d0bc5d31b2546345219e348575eb80e9a0?s=96&d=mm&r=g\",\"caption\":\"redazione\"},\"sameAs\":[\"http:\\\/\\\/www.bellunopress.it\",\"https:\\\/\\\/x.com\\\/bellunopress\"],\"url\":\"https:\\\/\\\/www.bellunopress.it\\\/fr\\\/author\\\/redazione\\\/\"}]}<\/script>\n<!-- \/ Yoast SEO plugin. -->","yoast_head_json":{"title":"Le ali all'Italia. Davide Giacalone e Carlo Nordio sabato al Centro Giovanni 23mo di Belluno per I Grandi incontri di Liberal Belluno - Bellunopress - Dolomiti","robots":{"index":"index","follow":"follow","max-snippet":"max-snippet:-1","max-image-preview":"max-image-preview:large","max-video-preview":"max-video-preview:-1"},"canonical":"https:\/\/www.bellunopress.it\/fr\/2020\/01\/19\/le-ali-allitalia-davide-giacalone-e-carlo-nordio-sabato-al-centro-giovanni-23mo-di-belluno-per-i-grandi-incontri-di-liberal-belluno\/","og_locale":"fr_FR","og_type":"article","og_title":"Le ali all'Italia. Davide Giacalone e Carlo Nordio sabato al Centro Giovanni 23mo di Belluno per I Grandi incontri di Liberal Belluno - Bellunopress - Dolomiti","og_description":"Sabato 25 gennaio 2020 alle ore 17.30 in sala Teatro del Centro congressi in piazza Piloni a Belluno, si terr\u00e0 la conferenza dal titolo &#8220;Le ali all&#8217;Italia&#8221; con relatori Davide Giacalone, giornalista, scrittore, opinionista per Rtl 102.5, autore di saggi ed inchieste e Carlo Nordio gi\u00e0 Procuratore aggiunto della Repubblica di Venezia, editorialista e scrittore.\u00a0 [&hellip;]","og_url":"https:\/\/www.bellunopress.it\/fr\/2020\/01\/19\/le-ali-allitalia-davide-giacalone-e-carlo-nordio-sabato-al-centro-giovanni-23mo-di-belluno-per-i-grandi-incontri-di-liberal-belluno\/","og_site_name":"Bellunopress - Dolomiti","article_publisher":"https:\/\/www.facebook.com\/profile.php?id=100008943462799","article_published_time":"2020-01-19T11:14:52+00:00","og_image":[{"url":"http:\/\/www.bellunopress.it\/wp-content\/uploads\/2020\/01\/nordio-giacalone-de-nart.jpg","type":"","width":"","height":""}],"author":"redazione","twitter_card":"summary_large_image","twitter_creator":"@bellunopress","twitter_site":"@bellunopress","twitter_misc":{"\u00c9crit par":"redazione","Dur\u00e9e de lecture estim\u00e9e":"1 minute"},"schema":{"@context":"https:\/\/schema.org","@graph":[{"@type":"Article","@id":"https:\/\/www.bellunopress.it\/2020\/01\/19\/le-ali-allitalia-davide-giacalone-e-carlo-nordio-sabato-al-centro-giovanni-23mo-di-belluno-per-i-grandi-incontri-di-liberal-belluno\/#article","isPartOf":{"@id":"https:\/\/www.bellunopress.it\/2020\/01\/19\/le-ali-allitalia-davide-giacalone-e-carlo-nordio-sabato-al-centro-giovanni-23mo-di-belluno-per-i-grandi-incontri-di-liberal-belluno\/"},"author":{"name":"redazione","@id":"https:\/\/www.bellunopress.it\/#\/schema\/person\/79bb06722b37ece1c03d3e94beb30d73"},"headline":"Le ali all&#8217;Italia. Davide Giacalone e Carlo Nordio sabato al Centro Giovanni 23mo di Belluno per I Grandi incontri di Liberal Belluno","datePublished":"2020-01-19T11:14:52+00:00","mainEntityOfPage":{"@id":"https:\/\/www.bellunopress.it\/2020\/01\/19\/le-ali-allitalia-davide-giacalone-e-carlo-nordio-sabato-al-centro-giovanni-23mo-di-belluno-per-i-grandi-incontri-di-liberal-belluno\/"},"wordCount":298,"publisher":{"@id":"https:\/\/www.bellunopress.it\/#organization"},"image":{"@id":"https:\/\/www.bellunopress.it\/2020\/01\/19\/le-ali-allitalia-davide-giacalone-e-carlo-nordio-sabato-al-centro-giovanni-23mo-di-belluno-per-i-grandi-incontri-di-liberal-belluno\/#primaryimage"},"thumbnailUrl":"http:\/\/www.bellunopress.it\/wp-content\/uploads\/2020\/01\/nordio-giacalone-de-nart.jpg","articleSection":["Appuntamenti, Eventi","Arte, Cultura, Spettacoli, Scienza","Pausa Caff\u00e8"],"inLanguage":"fr-FR"},{"@type":"WebPage","@id":"https:\/\/www.bellunopress.it\/2020\/01\/19\/le-ali-allitalia-davide-giacalone-e-carlo-nordio-sabato-al-centro-giovanni-23mo-di-belluno-per-i-grandi-incontri-di-liberal-belluno\/","url":"https:\/\/www.bellunopress.it\/2020\/01\/19\/le-ali-allitalia-davide-giacalone-e-carlo-nordio-sabato-al-centro-giovanni-23mo-di-belluno-per-i-grandi-incontri-di-liberal-belluno\/","name":"Le ali all'Italia. Davide Giacalone e Carlo Nordio sabato al Centro Giovanni 23mo di Belluno per I Grandi incontri di Liberal Belluno - Bellunopress - Dolomiti","isPartOf":{"@id":"https:\/\/www.bellunopress.it\/#website"},"primaryImageOfPage":{"@id":"https:\/\/www.bellunopress.it\/2020\/01\/19\/le-ali-allitalia-davide-giacalone-e-carlo-nordio-sabato-al-centro-giovanni-23mo-di-belluno-per-i-grandi-incontri-di-liberal-belluno\/#primaryimage"},"image":{"@id":"https:\/\/www.bellunopress.it\/2020\/01\/19\/le-ali-allitalia-davide-giacalone-e-carlo-nordio-sabato-al-centro-giovanni-23mo-di-belluno-per-i-grandi-incontri-di-liberal-belluno\/#primaryimage"},"thumbnailUrl":"http:\/\/www.bellunopress.it\/wp-content\/uploads\/2020\/01\/nordio-giacalone-de-nart.jpg","datePublished":"2020-01-19T11:14:52+00:00","breadcrumb":{"@id":"https:\/\/www.bellunopress.it\/2020\/01\/19\/le-ali-allitalia-davide-giacalone-e-carlo-nordio-sabato-al-centro-giovanni-23mo-di-belluno-per-i-grandi-incontri-di-liberal-belluno\/#breadcrumb"},"inLanguage":"fr-FR","potentialAction":[{"@type":"ReadAction","target":["https:\/\/www.bellunopress.it\/2020\/01\/19\/le-ali-allitalia-davide-giacalone-e-carlo-nordio-sabato-al-centro-giovanni-23mo-di-belluno-per-i-grandi-incontri-di-liberal-belluno\/"]}]},{"@type":"ImageObject","inLanguage":"fr-FR","@id":"https:\/\/www.bellunopress.it\/2020\/01\/19\/le-ali-allitalia-davide-giacalone-e-carlo-nordio-sabato-al-centro-giovanni-23mo-di-belluno-per-i-grandi-incontri-di-liberal-belluno\/#primaryimage","url":"http:\/\/www.bellunopress.it\/wp-content\/uploads\/2020\/01\/nordio-giacalone-de-nart.jpg","contentUrl":"http:\/\/www.bellunopress.it\/wp-content\/uploads\/2020\/01\/nordio-giacalone-de-nart.jpg"},{"@type":"BreadcrumbList","@id":"https:\/\/www.bellunopress.it\/2020\/01\/19\/le-ali-allitalia-davide-giacalone-e-carlo-nordio-sabato-al-centro-giovanni-23mo-di-belluno-per-i-grandi-incontri-di-liberal-belluno\/#breadcrumb","itemListElement":[{"@type":"ListItem","position":1,"name":"Home","item":"https:\/\/www.bellunopress.it\/"},{"@type":"ListItem","position":2,"name":"Le ali all&#8217;Italia. Davide Giacalone e Carlo Nordio sabato al Centro Giovanni 23mo di Belluno per I Grandi incontri di Liberal Belluno"}]},{"@type":"WebSite","@id":"https:\/\/www.bellunopress.it\/#website","url":"https:\/\/www.bellunopress.it\/","name":"Bellunopress - Dolomiti","description":"e-mail: redazione@bellunopress.it","publisher":{"@id":"https:\/\/www.bellunopress.it\/#organization"},"potentialAction":[{"@type":"SearchAction","target":{"@type":"EntryPoint","urlTemplate":"https:\/\/www.bellunopress.it\/?s={search_term_string}"},"query-input":{"@type":"PropertyValueSpecification","valueRequired":true,"valueName":"search_term_string"}}],"inLanguage":"fr-FR"},{"@type":"Organization","@id":"https:\/\/www.bellunopress.it\/#organization","name":"Bellunopress","url":"https:\/\/www.bellunopress.it\/","logo":{"@type":"ImageObject","inLanguage":"fr-FR","@id":"https:\/\/www.bellunopress.it\/#\/schema\/logo\/image\/","url":"https:\/\/www.bellunopress.it\/wp-content\/uploads\/2011\/05\/cropped-logo-bellunopress-.jpg","contentUrl":"https:\/\/www.bellunopress.it\/wp-content\/uploads\/2011\/05\/cropped-logo-bellunopress-.jpg","width":512,"height":512,"caption":"Bellunopress"},"image":{"@id":"https:\/\/www.bellunopress.it\/#\/schema\/logo\/image\/"},"sameAs":["https:\/\/www.facebook.com\/profile.php?id=100008943462799","https:\/\/x.com\/bellunopress","https:\/\/www.linkedin.com\/hp\/?dnr=JBzUWaJfMUw8vbXJJ2tVW5-I3jZKvC4wsoxE&amp;amp;amp;amp;amp;amp;trk=nav_responsive_tab_home","https:\/\/www.youtube.com\/channel\/UCxL0wu1uN0_3_7hGG0306cw"]},{"@type":"Person","@id":"https:\/\/www.bellunopress.it\/#\/schema\/person\/79bb06722b37ece1c03d3e94beb30d73","name":"r\u00e9daction","image":{"@type":"ImageObject","inLanguage":"fr-FR","@id":"https:\/\/secure.gravatar.com\/avatar\/37d968a2e67a6fd04c169c4bdef102d0bc5d31b2546345219e348575eb80e9a0?s=96&d=mm&r=g","url":"https:\/\/secure.gravatar.com\/avatar\/37d968a2e67a6fd04c169c4bdef102d0bc5d31b2546345219e348575eb80e9a0?s=96&d=mm&r=g","contentUrl":"https:\/\/secure.gravatar.com\/avatar\/37d968a2e67a6fd04c169c4bdef102d0bc5d31b2546345219e348575eb80e9a0?s=96&d=mm&r=g","caption":"redazione"},"sameAs":["http:\/\/www.bellunopress.it","https:\/\/x.com\/bellunopress"],"url":"https:\/\/www.bellunopress.it\/fr\/author\/redazione\/"}]}},"_links":{"self":[{"href":"https:\/\/www.bellunopress.it\/fr\/wp-json\/wp\/v2\/posts\/111354","targetHints":{"allow":["GET"]}}],"collection":[{"href":"https:\/\/www.bellunopress.it\/fr\/wp-json\/wp\/v2\/posts"}],"about":[{"href":"https:\/\/www.bellunopress.it\/fr\/wp-json\/wp\/v2\/types\/post"}],"author":[{"embeddable":true,"href":"https:\/\/www.bellunopress.it\/fr\/wp-json\/wp\/v2\/users\/2"}],"replies":[{"embeddable":true,"href":"https:\/\/www.bellunopress.it\/fr\/wp-json\/wp\/v2\/comments?post=111354"}],"version-history":[{"count":1,"href":"https:\/\/www.bellunopress.it\/fr\/wp-json\/wp\/v2\/posts\/111354\/revisions"}],"predecessor-version":[{"id":111356,"href":"https:\/\/www.bellunopress.it\/fr\/wp-json\/wp\/v2\/posts\/111354\/revisions\/111356"}],"wp:attachment":[{"href":"https:\/\/www.bellunopress.it\/fr\/wp-json\/wp\/v2\/media?parent=111354"}],"wp:term":[{"taxonomy":"category","embeddable":true,"href":"https:\/\/www.bellunopress.it\/fr\/wp-json\/wp\/v2\/categories?post=111354"},{"taxonomy":"post_tag","embeddable":true,"href":"https:\/\/www.bellunopress.it\/fr\/wp-json\/wp\/v2\/tags?post=111354"}],"curies":[{"name":"wp","href":"https:\/\/api.w.org\/{rel}","templated":true}]}}