{"id":111350,"date":"2020-01-18T21:27:57","date_gmt":"2020-01-18T20:27:57","guid":{"rendered":"http:\/\/www.bellunopress.it\/?p=111350"},"modified":"2020-01-21T22:29:23","modified_gmt":"2020-01-21T21:29:23","slug":"lanziano-non-autosufficiente-se-ne-parla-martedi-pomeriggio-in-sala-bianchi-a-belluno","status":"publish","type":"post","link":"https:\/\/www.bellunopress.it\/fr\/2020\/01\/18\/lanziano-non-autosufficiente-se-ne-parla-martedi-pomeriggio-in-sala-bianchi-a-belluno\/","title":{"rendered":"L&#8217;anziano non autosufficiente. Se ne parla marted\u00ec pomeriggio in Sala Bianchi a Belluno"},"content":{"rendered":"<p>Marted\u00ec 21 gennaio alle ore 18:00 alla Sala &#8220;Bianchi&#8221; in viale Fantuzzi a Belluno, si terr\u00e0 la conferenza-dibattito dal titolo &#8220;L&#8217;anziano non autosufficiente. Aspetti etici, giuridici, assistenziali&#8221;. Con relatori Dott. R Cavagna, Avv. LV De Biasi, Dr.ssa MC Santin.<\/p>\n<figure id=\"attachment_76765\" aria-describedby=\"caption-attachment-76765\" style=\"width: 300px\" class=\"wp-caption alignleft\"><a href=\"http:\/\/www.bellunopress.it\/fr\/2016\/04\/10\/giovedi-sala-bianchi-belluno-film-denuncia-sugli-allevamenti-intensivi-animali\/sala-bianchi-belluno\/\" rel=\"attachment wp-att-76765\"><img loading=\"lazy\" decoding=\"async\" class=\"size-full wp-image-76765\" src=\"http:\/\/www.bellunopress.it\/wp-content\/uploads\/2016\/04\/sala-bianchi-belluno.jpg\" alt=\"\" width=\"300\" height=\"200\" \/><\/a><figcaption id=\"caption-attachment-76765\" class=\"wp-caption-text\">Sala Bianchi &#8211; Belluno<\/figcaption><\/figure>\n<p>L&#8217;iniziativa \u00e8 dell&#8217;Associazione Mazziniana Italiana onlus Sezione \u201cDoveri dell\u2019Uomo\u201d di Belluno, con la collaborazione della Consulta di Bioetica onlus di Belluno e il patrocinio del Comune di Belluno.<\/p>\n<p>L\u2019invecchiamento crescente della popolazione pone problemi economici, assistenziali, etici\u2026La disabilit\u00e0 dell\u2019anziano crea forti difficolt\u00e0 alla famiglia e spesso si deve ricorrere alla Casa di riposo. L\u2019anziano vive con sofferenza la propria disabilit\u00e0, deve adeguarsi alle esigenze dei famigliari o della struttura che lo ospita, ma non si integra, si adegua. L\u2019invalidit\u00e0 non \u00e8 in genere solamente di ordine fisico, ma soprattutto mentale. La patologia psichiatrica pi\u00f9 frequente nell\u2019et\u00e0 senile \u00e8 il morbo di Alzheimer, che causa un progressivo decadimento delle funzioni cognitive e della memoria fino alla completa demenza. Si calcola (fonte Inps) che il numero di malati di Alzheimer nel nostro Paese sia intorno a un milione di persone; questo implica un grave peso economico per le famiglie e per lo Stato, oltre naturalmente problemi etici e affettivi.<\/p>\n<p>.<\/p>","protected":false},"excerpt":{"rendered":"<p>Marted\u00ec 21 gennaio alle ore 18:00 alla Sala &#8220;Bianchi&#8221; in viale Fantuzzi a Belluno, si terr\u00e0 la conferenza-dibattito dal titolo &#8220;L&#8217;anziano non autosufficiente. Aspetti etici, giuridici, assistenziali&#8221;. Con relatori Dott. R Cavagna, Avv. LV De Biasi, Dr.ssa MC Santin. L&#8217;iniziativa \u00e8 dell&#8217;Associazione Mazziniana Italiana onlus Sezione \u201cDoveri dell\u2019Uomo\u201d di Belluno, con la collaborazione della Consulta [&hellip;]<\/p>\n","protected":false},"author":2,"featured_media":0,"comment_status":"closed","ping_status":"open","sticky":false,"template":"","format":"standard","meta":{"footnotes":""},"categories":[27,3,17],"tags":[],"class_list":["post-111350","post","type-post","status-publish","format-standard","category-appuntamenti","category-arte-cultura-spettacoli-scienza-archivi","category-sanita"],"yoast_head":"<!-- This site is optimized with the Yoast SEO plugin v28.4 - https:\/\/yoast.com\/product\/yoast-seo-wordpress\/ -->\n<title>L&#039;anziano non autosufficiente. Se ne parla marted\u00ec pomeriggio in Sala Bianchi a Belluno - Bellunopress - Dolomiti<\/title>\n<meta name=\"robots\" content=\"index, follow, max-snippet:-1, max-image-preview:large, max-video-preview:-1\" \/>\n<link rel=\"canonical\" href=\"https:\/\/www.bellunopress.it\/fr\/2020\/01\/18\/lanziano-non-autosufficiente-se-ne-parla-martedi-pomeriggio-in-sala-bianchi-a-belluno\/\" \/>\n<meta property=\"og:locale\" content=\"fr_FR\" \/>\n<meta property=\"og:type\" content=\"article\" \/>\n<meta property=\"og:title\" content=\"L&#039;anziano non autosufficiente. Se ne parla marted\u00ec pomeriggio in Sala Bianchi a Belluno - Bellunopress - Dolomiti\" \/>\n<meta property=\"og:description\" content=\"Marted\u00ec 21 gennaio alle ore 18:00 alla Sala &#8220;Bianchi&#8221; in viale Fantuzzi a Belluno, si terr\u00e0 la conferenza-dibattito dal titolo &#8220;L&#8217;anziano non autosufficiente. Aspetti etici, giuridici, assistenziali&#8221;. Con relatori Dott. R Cavagna, Avv. LV De Biasi, Dr.ssa MC Santin. L&#8217;iniziativa \u00e8 dell&#8217;Associazione Mazziniana Italiana onlus Sezione \u201cDoveri dell\u2019Uomo\u201d di Belluno, con la collaborazione della Consulta [&hellip;]\" \/>\n<meta property=\"og:url\" content=\"https:\/\/www.bellunopress.it\/fr\/2020\/01\/18\/lanziano-non-autosufficiente-se-ne-parla-martedi-pomeriggio-in-sala-bianchi-a-belluno\/\" \/>\n<meta property=\"og:site_name\" content=\"Bellunopress - Dolomiti\" \/>\n<meta property=\"article:publisher\" content=\"https:\/\/www.facebook.com\/profile.php?id=100008943462799\" \/>\n<meta property=\"article:published_time\" content=\"2020-01-18T20:27:57+00:00\" \/>\n<meta property=\"article:modified_time\" content=\"2020-01-21T21:29:23+00:00\" \/>\n<meta property=\"og:image\" content=\"http:\/\/www.bellunopress.it\/wp-content\/uploads\/2016\/04\/sala-bianchi-belluno.jpg\" \/>\n<meta name=\"author\" content=\"redazione\" \/>\n<meta name=\"twitter:card\" content=\"summary_large_image\" \/>\n<meta name=\"twitter:creator\" content=\"@bellunopress\" \/>\n<meta name=\"twitter:site\" content=\"@bellunopress\" \/>\n<meta name=\"twitter:label1\" content=\"\u00c9crit par\" \/>\n\t<meta name=\"twitter:data1\" content=\"redazione\" \/>\n\t<meta name=\"twitter:label2\" content=\"Dur\u00e9e de lecture estim\u00e9e\" \/>\n\t<meta name=\"twitter:data2\" content=\"1 minute\" \/>\n<script type=\"application\/ld+json\" class=\"yoast-schema-graph\">{\"@context\":\"https:\\\/\\\/schema.org\",\"@graph\":[{\"@type\":\"Article\",\"@id\":\"https:\\\/\\\/www.bellunopress.it\\\/2020\\\/01\\\/18\\\/lanziano-non-autosufficiente-se-ne-parla-martedi-pomeriggio-in-sala-bianchi-a-belluno\\\/#article\",\"isPartOf\":{\"@id\":\"https:\\\/\\\/www.bellunopress.it\\\/2020\\\/01\\\/18\\\/lanziano-non-autosufficiente-se-ne-parla-martedi-pomeriggio-in-sala-bianchi-a-belluno\\\/\"},\"author\":{\"name\":\"redazione\",\"@id\":\"https:\\\/\\\/www.bellunopress.it\\\/#\\\/schema\\\/person\\\/79bb06722b37ece1c03d3e94beb30d73\"},\"headline\":\"L&#8217;anziano non autosufficiente. Se ne parla marted\u00ec pomeriggio in Sala Bianchi a Belluno\",\"datePublished\":\"2020-01-18T20:27:57+00:00\",\"dateModified\":\"2020-01-21T21:29:23+00:00\",\"mainEntityOfPage\":{\"@id\":\"https:\\\/\\\/www.bellunopress.it\\\/2020\\\/01\\\/18\\\/lanziano-non-autosufficiente-se-ne-parla-martedi-pomeriggio-in-sala-bianchi-a-belluno\\\/\"},\"wordCount\":227,\"publisher\":{\"@id\":\"https:\\\/\\\/www.bellunopress.it\\\/#organization\"},\"image\":{\"@id\":\"https:\\\/\\\/www.bellunopress.it\\\/2020\\\/01\\\/18\\\/lanziano-non-autosufficiente-se-ne-parla-martedi-pomeriggio-in-sala-bianchi-a-belluno\\\/#primaryimage\"},\"thumbnailUrl\":\"http:\\\/\\\/www.bellunopress.it\\\/wp-content\\\/uploads\\\/2016\\\/04\\\/sala-bianchi-belluno.jpg\",\"articleSection\":[\"Appuntamenti, Eventi\",\"Arte, Cultura, Spettacoli, Scienza\",\"Sanit\u00e0 Medicina\"],\"inLanguage\":\"fr-FR\"},{\"@type\":\"WebPage\",\"@id\":\"https:\\\/\\\/www.bellunopress.it\\\/2020\\\/01\\\/18\\\/lanziano-non-autosufficiente-se-ne-parla-martedi-pomeriggio-in-sala-bianchi-a-belluno\\\/\",\"url\":\"https:\\\/\\\/www.bellunopress.it\\\/2020\\\/01\\\/18\\\/lanziano-non-autosufficiente-se-ne-parla-martedi-pomeriggio-in-sala-bianchi-a-belluno\\\/\",\"name\":\"L'anziano non autosufficiente. Se ne parla marted\u00ec pomeriggio in Sala Bianchi a Belluno - Bellunopress - Dolomiti\",\"isPartOf\":{\"@id\":\"https:\\\/\\\/www.bellunopress.it\\\/#website\"},\"primaryImageOfPage\":{\"@id\":\"https:\\\/\\\/www.bellunopress.it\\\/2020\\\/01\\\/18\\\/lanziano-non-autosufficiente-se-ne-parla-martedi-pomeriggio-in-sala-bianchi-a-belluno\\\/#primaryimage\"},\"image\":{\"@id\":\"https:\\\/\\\/www.bellunopress.it\\\/2020\\\/01\\\/18\\\/lanziano-non-autosufficiente-se-ne-parla-martedi-pomeriggio-in-sala-bianchi-a-belluno\\\/#primaryimage\"},\"thumbnailUrl\":\"http:\\\/\\\/www.bellunopress.it\\\/wp-content\\\/uploads\\\/2016\\\/04\\\/sala-bianchi-belluno.jpg\",\"datePublished\":\"2020-01-18T20:27:57+00:00\",\"dateModified\":\"2020-01-21T21:29:23+00:00\",\"breadcrumb\":{\"@id\":\"https:\\\/\\\/www.bellunopress.it\\\/2020\\\/01\\\/18\\\/lanziano-non-autosufficiente-se-ne-parla-martedi-pomeriggio-in-sala-bianchi-a-belluno\\\/#breadcrumb\"},\"inLanguage\":\"fr-FR\",\"potentialAction\":[{\"@type\":\"ReadAction\",\"target\":[\"https:\\\/\\\/www.bellunopress.it\\\/2020\\\/01\\\/18\\\/lanziano-non-autosufficiente-se-ne-parla-martedi-pomeriggio-in-sala-bianchi-a-belluno\\\/\"]}]},{\"@type\":\"ImageObject\",\"inLanguage\":\"fr-FR\",\"@id\":\"https:\\\/\\\/www.bellunopress.it\\\/2020\\\/01\\\/18\\\/lanziano-non-autosufficiente-se-ne-parla-martedi-pomeriggio-in-sala-bianchi-a-belluno\\\/#primaryimage\",\"url\":\"http:\\\/\\\/www.bellunopress.it\\\/wp-content\\\/uploads\\\/2016\\\/04\\\/sala-bianchi-belluno.jpg\",\"contentUrl\":\"http:\\\/\\\/www.bellunopress.it\\\/wp-content\\\/uploads\\\/2016\\\/04\\\/sala-bianchi-belluno.jpg\"},{\"@type\":\"BreadcrumbList\",\"@id\":\"https:\\\/\\\/www.bellunopress.it\\\/2020\\\/01\\\/18\\\/lanziano-non-autosufficiente-se-ne-parla-martedi-pomeriggio-in-sala-bianchi-a-belluno\\\/#breadcrumb\",\"itemListElement\":[{\"@type\":\"ListItem\",\"position\":1,\"name\":\"Home\",\"item\":\"https:\\\/\\\/www.bellunopress.it\\\/\"},{\"@type\":\"ListItem\",\"position\":2,\"name\":\"L&#8217;anziano non autosufficiente. Se ne parla marted\u00ec pomeriggio in Sala Bianchi a Belluno\"}]},{\"@type\":\"WebSite\",\"@id\":\"https:\\\/\\\/www.bellunopress.it\\\/#website\",\"url\":\"https:\\\/\\\/www.bellunopress.it\\\/\",\"name\":\"Bellunopress - Dolomiti\",\"description\":\"e-mail: redazione@bellunopress.it\",\"publisher\":{\"@id\":\"https:\\\/\\\/www.bellunopress.it\\\/#organization\"},\"potentialAction\":[{\"@type\":\"SearchAction\",\"target\":{\"@type\":\"EntryPoint\",\"urlTemplate\":\"https:\\\/\\\/www.bellunopress.it\\\/?s={search_term_string}\"},\"query-input\":{\"@type\":\"PropertyValueSpecification\",\"valueRequired\":true,\"valueName\":\"search_term_string\"}}],\"inLanguage\":\"fr-FR\"},{\"@type\":\"Organization\",\"@id\":\"https:\\\/\\\/www.bellunopress.it\\\/#organization\",\"name\":\"Bellunopress\",\"url\":\"https:\\\/\\\/www.bellunopress.it\\\/\",\"logo\":{\"@type\":\"ImageObject\",\"inLanguage\":\"fr-FR\",\"@id\":\"https:\\\/\\\/www.bellunopress.it\\\/#\\\/schema\\\/logo\\\/image\\\/\",\"url\":\"https:\\\/\\\/www.bellunopress.it\\\/wp-content\\\/uploads\\\/2011\\\/05\\\/cropped-logo-bellunopress-.jpg\",\"contentUrl\":\"https:\\\/\\\/www.bellunopress.it\\\/wp-content\\\/uploads\\\/2011\\\/05\\\/cropped-logo-bellunopress-.jpg\",\"width\":512,\"height\":512,\"caption\":\"Bellunopress\"},\"image\":{\"@id\":\"https:\\\/\\\/www.bellunopress.it\\\/#\\\/schema\\\/logo\\\/image\\\/\"},\"sameAs\":[\"https:\\\/\\\/www.facebook.com\\\/profile.php?id=100008943462799\",\"https:\\\/\\\/x.com\\\/bellunopress\",\"https:\\\/\\\/www.linkedin.com\\\/hp\\\/?dnr=JBzUWaJfMUw8vbXJJ2tVW5-I3jZKvC4wsoxE&amp;amp;amp;amp;amp;amp;trk=nav_responsive_tab_home\",\"https:\\\/\\\/www.youtube.com\\\/channel\\\/UCxL0wu1uN0_3_7hGG0306cw\"]},{\"@type\":\"Person\",\"@id\":\"https:\\\/\\\/www.bellunopress.it\\\/#\\\/schema\\\/person\\\/79bb06722b37ece1c03d3e94beb30d73\",\"name\":\"redazione\",\"image\":{\"@type\":\"ImageObject\",\"inLanguage\":\"fr-FR\",\"@id\":\"https:\\\/\\\/secure.gravatar.com\\\/avatar\\\/37d968a2e67a6fd04c169c4bdef102d0bc5d31b2546345219e348575eb80e9a0?s=96&d=mm&r=g\",\"url\":\"https:\\\/\\\/secure.gravatar.com\\\/avatar\\\/37d968a2e67a6fd04c169c4bdef102d0bc5d31b2546345219e348575eb80e9a0?s=96&d=mm&r=g\",\"contentUrl\":\"https:\\\/\\\/secure.gravatar.com\\\/avatar\\\/37d968a2e67a6fd04c169c4bdef102d0bc5d31b2546345219e348575eb80e9a0?s=96&d=mm&r=g\",\"caption\":\"redazione\"},\"sameAs\":[\"http:\\\/\\\/www.bellunopress.it\",\"https:\\\/\\\/x.com\\\/bellunopress\"],\"url\":\"https:\\\/\\\/www.bellunopress.it\\\/fr\\\/author\\\/redazione\\\/\"}]}<\/script>\n<!-- \/ Yoast SEO plugin. -->","yoast_head_json":{"title":"L'anziano non autosufficiente. Se ne parla marted\u00ec pomeriggio in Sala Bianchi a Belluno - Bellunopress - Dolomiti","robots":{"index":"index","follow":"follow","max-snippet":"max-snippet:-1","max-image-preview":"max-image-preview:large","max-video-preview":"max-video-preview:-1"},"canonical":"https:\/\/www.bellunopress.it\/fr\/2020\/01\/18\/lanziano-non-autosufficiente-se-ne-parla-martedi-pomeriggio-in-sala-bianchi-a-belluno\/","og_locale":"fr_FR","og_type":"article","og_title":"L'anziano non autosufficiente. Se ne parla marted\u00ec pomeriggio in Sala Bianchi a Belluno - Bellunopress - Dolomiti","og_description":"Marted\u00ec 21 gennaio alle ore 18:00 alla Sala &#8220;Bianchi&#8221; in viale Fantuzzi a Belluno, si terr\u00e0 la conferenza-dibattito dal titolo &#8220;L&#8217;anziano non autosufficiente. Aspetti etici, giuridici, assistenziali&#8221;. Con relatori Dott. R Cavagna, Avv. LV De Biasi, Dr.ssa MC Santin. L&#8217;iniziativa \u00e8 dell&#8217;Associazione Mazziniana Italiana onlus Sezione \u201cDoveri dell\u2019Uomo\u201d di Belluno, con la collaborazione della Consulta [&hellip;]","og_url":"https:\/\/www.bellunopress.it\/fr\/2020\/01\/18\/lanziano-non-autosufficiente-se-ne-parla-martedi-pomeriggio-in-sala-bianchi-a-belluno\/","og_site_name":"Bellunopress - Dolomiti","article_publisher":"https:\/\/www.facebook.com\/profile.php?id=100008943462799","article_published_time":"2020-01-18T20:27:57+00:00","article_modified_time":"2020-01-21T21:29:23+00:00","og_image":[{"url":"http:\/\/www.bellunopress.it\/wp-content\/uploads\/2016\/04\/sala-bianchi-belluno.jpg","type":"","width":"","height":""}],"author":"redazione","twitter_card":"summary_large_image","twitter_creator":"@bellunopress","twitter_site":"@bellunopress","twitter_misc":{"\u00c9crit par":"redazione","Dur\u00e9e de lecture estim\u00e9e":"1 minute"},"schema":{"@context":"https:\/\/schema.org","@graph":[{"@type":"Article","@id":"https:\/\/www.bellunopress.it\/2020\/01\/18\/lanziano-non-autosufficiente-se-ne-parla-martedi-pomeriggio-in-sala-bianchi-a-belluno\/#article","isPartOf":{"@id":"https:\/\/www.bellunopress.it\/2020\/01\/18\/lanziano-non-autosufficiente-se-ne-parla-martedi-pomeriggio-in-sala-bianchi-a-belluno\/"},"author":{"name":"redazione","@id":"https:\/\/www.bellunopress.it\/#\/schema\/person\/79bb06722b37ece1c03d3e94beb30d73"},"headline":"L&#8217;anziano non autosufficiente. Se ne parla marted\u00ec pomeriggio in Sala Bianchi a Belluno","datePublished":"2020-01-18T20:27:57+00:00","dateModified":"2020-01-21T21:29:23+00:00","mainEntityOfPage":{"@id":"https:\/\/www.bellunopress.it\/2020\/01\/18\/lanziano-non-autosufficiente-se-ne-parla-martedi-pomeriggio-in-sala-bianchi-a-belluno\/"},"wordCount":227,"publisher":{"@id":"https:\/\/www.bellunopress.it\/#organization"},"image":{"@id":"https:\/\/www.bellunopress.it\/2020\/01\/18\/lanziano-non-autosufficiente-se-ne-parla-martedi-pomeriggio-in-sala-bianchi-a-belluno\/#primaryimage"},"thumbnailUrl":"http:\/\/www.bellunopress.it\/wp-content\/uploads\/2016\/04\/sala-bianchi-belluno.jpg","articleSection":["Appuntamenti, Eventi","Arte, Cultura, Spettacoli, Scienza","Sanit\u00e0 Medicina"],"inLanguage":"fr-FR"},{"@type":"WebPage","@id":"https:\/\/www.bellunopress.it\/2020\/01\/18\/lanziano-non-autosufficiente-se-ne-parla-martedi-pomeriggio-in-sala-bianchi-a-belluno\/","url":"https:\/\/www.bellunopress.it\/2020\/01\/18\/lanziano-non-autosufficiente-se-ne-parla-martedi-pomeriggio-in-sala-bianchi-a-belluno\/","name":"L'anziano non autosufficiente. Se ne parla marted\u00ec pomeriggio in Sala Bianchi a Belluno - Bellunopress - Dolomiti","isPartOf":{"@id":"https:\/\/www.bellunopress.it\/#website"},"primaryImageOfPage":{"@id":"https:\/\/www.bellunopress.it\/2020\/01\/18\/lanziano-non-autosufficiente-se-ne-parla-martedi-pomeriggio-in-sala-bianchi-a-belluno\/#primaryimage"},"image":{"@id":"https:\/\/www.bellunopress.it\/2020\/01\/18\/lanziano-non-autosufficiente-se-ne-parla-martedi-pomeriggio-in-sala-bianchi-a-belluno\/#primaryimage"},"thumbnailUrl":"http:\/\/www.bellunopress.it\/wp-content\/uploads\/2016\/04\/sala-bianchi-belluno.jpg","datePublished":"2020-01-18T20:27:57+00:00","dateModified":"2020-01-21T21:29:23+00:00","breadcrumb":{"@id":"https:\/\/www.bellunopress.it\/2020\/01\/18\/lanziano-non-autosufficiente-se-ne-parla-martedi-pomeriggio-in-sala-bianchi-a-belluno\/#breadcrumb"},"inLanguage":"fr-FR","potentialAction":[{"@type":"ReadAction","target":["https:\/\/www.bellunopress.it\/2020\/01\/18\/lanziano-non-autosufficiente-se-ne-parla-martedi-pomeriggio-in-sala-bianchi-a-belluno\/"]}]},{"@type":"ImageObject","inLanguage":"fr-FR","@id":"https:\/\/www.bellunopress.it\/2020\/01\/18\/lanziano-non-autosufficiente-se-ne-parla-martedi-pomeriggio-in-sala-bianchi-a-belluno\/#primaryimage","url":"http:\/\/www.bellunopress.it\/wp-content\/uploads\/2016\/04\/sala-bianchi-belluno.jpg","contentUrl":"http:\/\/www.bellunopress.it\/wp-content\/uploads\/2016\/04\/sala-bianchi-belluno.jpg"},{"@type":"BreadcrumbList","@id":"https:\/\/www.bellunopress.it\/2020\/01\/18\/lanziano-non-autosufficiente-se-ne-parla-martedi-pomeriggio-in-sala-bianchi-a-belluno\/#breadcrumb","itemListElement":[{"@type":"ListItem","position":1,"name":"Home","item":"https:\/\/www.bellunopress.it\/"},{"@type":"ListItem","position":2,"name":"L&#8217;anziano non autosufficiente. Se ne parla marted\u00ec pomeriggio in Sala Bianchi a Belluno"}]},{"@type":"WebSite","@id":"https:\/\/www.bellunopress.it\/#website","url":"https:\/\/www.bellunopress.it\/","name":"Bellunopress - Dolomiti","description":"e-mail: redazione@bellunopress.it","publisher":{"@id":"https:\/\/www.bellunopress.it\/#organization"},"potentialAction":[{"@type":"SearchAction","target":{"@type":"EntryPoint","urlTemplate":"https:\/\/www.bellunopress.it\/?s={search_term_string}"},"query-input":{"@type":"PropertyValueSpecification","valueRequired":true,"valueName":"search_term_string"}}],"inLanguage":"fr-FR"},{"@type":"Organization","@id":"https:\/\/www.bellunopress.it\/#organization","name":"Bellunopress","url":"https:\/\/www.bellunopress.it\/","logo":{"@type":"ImageObject","inLanguage":"fr-FR","@id":"https:\/\/www.bellunopress.it\/#\/schema\/logo\/image\/","url":"https:\/\/www.bellunopress.it\/wp-content\/uploads\/2011\/05\/cropped-logo-bellunopress-.jpg","contentUrl":"https:\/\/www.bellunopress.it\/wp-content\/uploads\/2011\/05\/cropped-logo-bellunopress-.jpg","width":512,"height":512,"caption":"Bellunopress"},"image":{"@id":"https:\/\/www.bellunopress.it\/#\/schema\/logo\/image\/"},"sameAs":["https:\/\/www.facebook.com\/profile.php?id=100008943462799","https:\/\/x.com\/bellunopress","https:\/\/www.linkedin.com\/hp\/?dnr=JBzUWaJfMUw8vbXJJ2tVW5-I3jZKvC4wsoxE&amp;amp;amp;amp;amp;amp;trk=nav_responsive_tab_home","https:\/\/www.youtube.com\/channel\/UCxL0wu1uN0_3_7hGG0306cw"]},{"@type":"Person","@id":"https:\/\/www.bellunopress.it\/#\/schema\/person\/79bb06722b37ece1c03d3e94beb30d73","name":"r\u00e9daction","image":{"@type":"ImageObject","inLanguage":"fr-FR","@id":"https:\/\/secure.gravatar.com\/avatar\/37d968a2e67a6fd04c169c4bdef102d0bc5d31b2546345219e348575eb80e9a0?s=96&d=mm&r=g","url":"https:\/\/secure.gravatar.com\/avatar\/37d968a2e67a6fd04c169c4bdef102d0bc5d31b2546345219e348575eb80e9a0?s=96&d=mm&r=g","contentUrl":"https:\/\/secure.gravatar.com\/avatar\/37d968a2e67a6fd04c169c4bdef102d0bc5d31b2546345219e348575eb80e9a0?s=96&d=mm&r=g","caption":"redazione"},"sameAs":["http:\/\/www.bellunopress.it","https:\/\/x.com\/bellunopress"],"url":"https:\/\/www.bellunopress.it\/fr\/author\/redazione\/"}]}},"_links":{"self":[{"href":"https:\/\/www.bellunopress.it\/fr\/wp-json\/wp\/v2\/posts\/111350","targetHints":{"allow":["GET"]}}],"collection":[{"href":"https:\/\/www.bellunopress.it\/fr\/wp-json\/wp\/v2\/posts"}],"about":[{"href":"https:\/\/www.bellunopress.it\/fr\/wp-json\/wp\/v2\/types\/post"}],"author":[{"embeddable":true,"href":"https:\/\/www.bellunopress.it\/fr\/wp-json\/wp\/v2\/users\/2"}],"replies":[{"embeddable":true,"href":"https:\/\/www.bellunopress.it\/fr\/wp-json\/wp\/v2\/comments?post=111350"}],"version-history":[{"count":1,"href":"https:\/\/www.bellunopress.it\/fr\/wp-json\/wp\/v2\/posts\/111350\/revisions"}],"predecessor-version":[{"id":111351,"href":"https:\/\/www.bellunopress.it\/fr\/wp-json\/wp\/v2\/posts\/111350\/revisions\/111351"}],"wp:attachment":[{"href":"https:\/\/www.bellunopress.it\/fr\/wp-json\/wp\/v2\/media?parent=111350"}],"wp:term":[{"taxonomy":"category","embeddable":true,"href":"https:\/\/www.bellunopress.it\/fr\/wp-json\/wp\/v2\/categories?post=111350"},{"taxonomy":"post_tag","embeddable":true,"href":"https:\/\/www.bellunopress.it\/fr\/wp-json\/wp\/v2\/tags?post=111350"}],"curies":[{"name":"wp","href":"https:\/\/api.w.org\/{rel}","templated":true}]}}