{"id":111348,"date":"2020-01-18T15:07:42","date_gmt":"2020-01-18T14:07:42","guid":{"rendered":"http:\/\/www.bellunopress.it\/?p=111348"},"modified":"2020-01-18T15:07:42","modified_gmt":"2020-01-18T14:07:42","slug":"olimpiadi-cortina-padrin-unoccasione-per-il-rilancio-del-territorio-anche-oltre-i-giochi","status":"publish","type":"post","link":"https:\/\/www.bellunopress.it\/fr\/2020\/01\/18\/olimpiadi-cortina-padrin-unoccasione-per-il-rilancio-del-territorio-anche-oltre-i-giochi\/","title":{"rendered":"Olimpiadi Cortina. Padrin: &#8220;Un&#8217;occasione per il rilancio del territorio anche oltre i giochi&#8221;"},"content":{"rendered":"<figure id=\"attachment_111249\" aria-describedby=\"caption-attachment-111249\" style=\"width: 200px\" class=\"wp-caption alignleft\"><a href=\"http:\/\/www.bellunopress.it\/fr\/2020\/01\/15\/riclassificazione-delle-strade-padrin-bene-ma-si-mantenga-il-sistema-di-gestione-di-veneto-strade\/roberto-padrin-presidente-provincia\/\" rel=\"attachment wp-att-111249\"><img loading=\"lazy\" decoding=\"async\" class=\"size-full wp-image-111249\" src=\"http:\/\/www.bellunopress.it\/wp-content\/uploads\/2020\/01\/roberto-padrin-presidente-provincia.jpg\" alt=\"\" width=\"200\" height=\"279\" \/><\/a><figcaption id=\"caption-attachment-111249\" class=\"wp-caption-text\">Roberto Padrin &#8211; Presidente della Provincia<\/figcaption><\/figure>\n<p>\u00abLe Olimpiadi di Cortina erano un sogno, adesso sono una realt\u00e0, un\u2019occasione importantissima per il nostro territorio, che va ben oltre le due settimane dei Giochi. Per questo ho gi\u00e0 parlato con Vincenzo Novari, amministratore delegato del comitato organizzativo, per programmare al meglio le opere a servizio della manifestazione e che poi resteranno a servizio dello sviluppo turistico. Opere che devono guardare alla sostenibilit\u00e0 ambientale e contemporaneamente costituire quel rilancio infrastrutturale di cui il Bellunese ha bisogno\u00bb.<\/p>\n<p>\u00c8 quanto afferma il presidente della Provincia, Roberto Padrin.<\/p>\n<p>\u00abIl fatto di ospitare un evento planetario del genere, a breve distanza dai Mondiali di Sci 2021, ci impone una programmazione precisa &#8211; prosegue Roberto Padrin -. Per i giorni delle gare, certo; ma soprattutto per quello che sar\u00e0 dopo. La nostra provincia ha di fronte l\u2019occasione giusta per il rilancio dopo anni in cui assistiamo allo spopolamento della montagna. Servono per\u00f2 scelte precise. E su questo, abbiamo la necessit\u00e0 di poter incidere in quelle che saranno le programmazioni del comitato organizzativo, insieme alla Regione Veneto e al Comune di Cortina. Le prime scelte vanno fatte sulle infrastrutture a servizio dei Giochi. Senza per\u00f2 dimenticare che il territorio ha bisogno dell\u2019onda lunga anche dopo le Olimpiadi, e per questo serviranno infrastrutture a servizio dei cittadini e dei turisti, con un occhio particolare all\u2019ambiente di pregio che le Dolomiti rappresentano. \u00c8 necessario il coinvolgimento attivo del territorio, allargando la programmazione a tutto il resto della provincia, non solo a Cortina e al Cadore. Abbiamo un\u2019occasione unica e non possiamo lasciarla passare\u00bb.<\/p>","protected":false},"excerpt":{"rendered":"<p>\u00abLe Olimpiadi di Cortina erano un sogno, adesso sono una realt\u00e0, un\u2019occasione importantissima per il nostro territorio, che va ben oltre le due settimane dei Giochi. Per questo ho gi\u00e0 parlato con Vincenzo Novari, amministratore delegato del comitato organizzativo, per programmare al meglio le opere a servizio della manifestazione e che poi resteranno a servizio [&hellip;]<\/p>\n","protected":false},"author":2,"featured_media":0,"comment_status":"closed","ping_status":"open","sticky":false,"template":"","format":"standard","meta":{"footnotes":""},"categories":[5,26],"tags":[],"class_list":["post-111348","post","type-post","status-publish","format-standard","category-cronaca","category-prima-pagina"],"yoast_head":"<!-- This site is optimized with the Yoast SEO plugin v28.4 - https:\/\/yoast.com\/product\/yoast-seo-wordpress\/ -->\n<title>Olimpiadi Cortina. Padrin: &quot;Un&#039;occasione per il rilancio del territorio anche oltre i giochi&quot; - Bellunopress - Dolomiti<\/title>\n<meta name=\"robots\" content=\"index, follow, max-snippet:-1, max-image-preview:large, max-video-preview:-1\" \/>\n<link rel=\"canonical\" href=\"https:\/\/www.bellunopress.it\/fr\/2020\/01\/18\/olimpiadi-cortina-padrin-unoccasione-per-il-rilancio-del-territorio-anche-oltre-i-giochi\/\" \/>\n<meta property=\"og:locale\" content=\"fr_FR\" \/>\n<meta property=\"og:type\" content=\"article\" \/>\n<meta property=\"og:title\" content=\"Olimpiadi Cortina. Padrin: &quot;Un&#039;occasione per il rilancio del territorio anche oltre i giochi&quot; - Bellunopress - Dolomiti\" \/>\n<meta property=\"og:description\" content=\"\u00abLe Olimpiadi di Cortina erano un sogno, adesso sono una realt\u00e0, un\u2019occasione importantissima per il nostro territorio, che va ben oltre le due settimane dei Giochi. Per questo ho gi\u00e0 parlato con Vincenzo Novari, amministratore delegato del comitato organizzativo, per programmare al meglio le opere a servizio della manifestazione e che poi resteranno a servizio [&hellip;]\" \/>\n<meta property=\"og:url\" content=\"https:\/\/www.bellunopress.it\/fr\/2020\/01\/18\/olimpiadi-cortina-padrin-unoccasione-per-il-rilancio-del-territorio-anche-oltre-i-giochi\/\" \/>\n<meta property=\"og:site_name\" content=\"Bellunopress - Dolomiti\" \/>\n<meta property=\"article:publisher\" content=\"https:\/\/www.facebook.com\/profile.php?id=100008943462799\" \/>\n<meta property=\"article:published_time\" content=\"2020-01-18T14:07:42+00:00\" \/>\n<meta property=\"og:image\" content=\"http:\/\/www.bellunopress.it\/wp-content\/uploads\/2020\/01\/roberto-padrin-presidente-provincia.jpg\" \/>\n<meta name=\"author\" content=\"redazione\" \/>\n<meta name=\"twitter:card\" content=\"summary_large_image\" \/>\n<meta name=\"twitter:creator\" content=\"@bellunopress\" \/>\n<meta name=\"twitter:site\" content=\"@bellunopress\" \/>\n<meta name=\"twitter:label1\" content=\"\u00c9crit par\" \/>\n\t<meta name=\"twitter:data1\" content=\"redazione\" \/>\n\t<meta name=\"twitter:label2\" content=\"Dur\u00e9e de lecture estim\u00e9e\" \/>\n\t<meta name=\"twitter:data2\" content=\"1 minute\" \/>\n<script type=\"application\/ld+json\" class=\"yoast-schema-graph\">{\"@context\":\"https:\\\/\\\/schema.org\",\"@graph\":[{\"@type\":\"Article\",\"@id\":\"https:\\\/\\\/www.bellunopress.it\\\/2020\\\/01\\\/18\\\/olimpiadi-cortina-padrin-unoccasione-per-il-rilancio-del-territorio-anche-oltre-i-giochi\\\/#article\",\"isPartOf\":{\"@id\":\"https:\\\/\\\/www.bellunopress.it\\\/2020\\\/01\\\/18\\\/olimpiadi-cortina-padrin-unoccasione-per-il-rilancio-del-territorio-anche-oltre-i-giochi\\\/\"},\"author\":{\"name\":\"redazione\",\"@id\":\"https:\\\/\\\/www.bellunopress.it\\\/#\\\/schema\\\/person\\\/79bb06722b37ece1c03d3e94beb30d73\"},\"headline\":\"Olimpiadi Cortina. Padrin: &#8220;Un&#8217;occasione per il rilancio del territorio anche oltre i giochi&#8221;\",\"datePublished\":\"2020-01-18T14:07:42+00:00\",\"mainEntityOfPage\":{\"@id\":\"https:\\\/\\\/www.bellunopress.it\\\/2020\\\/01\\\/18\\\/olimpiadi-cortina-padrin-unoccasione-per-il-rilancio-del-territorio-anche-oltre-i-giochi\\\/\"},\"wordCount\":285,\"publisher\":{\"@id\":\"https:\\\/\\\/www.bellunopress.it\\\/#organization\"},\"image\":{\"@id\":\"https:\\\/\\\/www.bellunopress.it\\\/2020\\\/01\\\/18\\\/olimpiadi-cortina-padrin-unoccasione-per-il-rilancio-del-territorio-anche-oltre-i-giochi\\\/#primaryimage\"},\"thumbnailUrl\":\"http:\\\/\\\/www.bellunopress.it\\\/wp-content\\\/uploads\\\/2020\\\/01\\\/roberto-padrin-presidente-provincia.jpg\",\"articleSection\":[\"Cronaca\\\/Politica\",\"Prima Pagina\"],\"inLanguage\":\"fr-FR\"},{\"@type\":\"WebPage\",\"@id\":\"https:\\\/\\\/www.bellunopress.it\\\/2020\\\/01\\\/18\\\/olimpiadi-cortina-padrin-unoccasione-per-il-rilancio-del-territorio-anche-oltre-i-giochi\\\/\",\"url\":\"https:\\\/\\\/www.bellunopress.it\\\/2020\\\/01\\\/18\\\/olimpiadi-cortina-padrin-unoccasione-per-il-rilancio-del-territorio-anche-oltre-i-giochi\\\/\",\"name\":\"Olimpiadi Cortina. Padrin: \\\"Un'occasione per il rilancio del territorio anche oltre i giochi\\\" - Bellunopress - Dolomiti\",\"isPartOf\":{\"@id\":\"https:\\\/\\\/www.bellunopress.it\\\/#website\"},\"primaryImageOfPage\":{\"@id\":\"https:\\\/\\\/www.bellunopress.it\\\/2020\\\/01\\\/18\\\/olimpiadi-cortina-padrin-unoccasione-per-il-rilancio-del-territorio-anche-oltre-i-giochi\\\/#primaryimage\"},\"image\":{\"@id\":\"https:\\\/\\\/www.bellunopress.it\\\/2020\\\/01\\\/18\\\/olimpiadi-cortina-padrin-unoccasione-per-il-rilancio-del-territorio-anche-oltre-i-giochi\\\/#primaryimage\"},\"thumbnailUrl\":\"http:\\\/\\\/www.bellunopress.it\\\/wp-content\\\/uploads\\\/2020\\\/01\\\/roberto-padrin-presidente-provincia.jpg\",\"datePublished\":\"2020-01-18T14:07:42+00:00\",\"breadcrumb\":{\"@id\":\"https:\\\/\\\/www.bellunopress.it\\\/2020\\\/01\\\/18\\\/olimpiadi-cortina-padrin-unoccasione-per-il-rilancio-del-territorio-anche-oltre-i-giochi\\\/#breadcrumb\"},\"inLanguage\":\"fr-FR\",\"potentialAction\":[{\"@type\":\"ReadAction\",\"target\":[\"https:\\\/\\\/www.bellunopress.it\\\/2020\\\/01\\\/18\\\/olimpiadi-cortina-padrin-unoccasione-per-il-rilancio-del-territorio-anche-oltre-i-giochi\\\/\"]}]},{\"@type\":\"ImageObject\",\"inLanguage\":\"fr-FR\",\"@id\":\"https:\\\/\\\/www.bellunopress.it\\\/2020\\\/01\\\/18\\\/olimpiadi-cortina-padrin-unoccasione-per-il-rilancio-del-territorio-anche-oltre-i-giochi\\\/#primaryimage\",\"url\":\"http:\\\/\\\/www.bellunopress.it\\\/wp-content\\\/uploads\\\/2020\\\/01\\\/roberto-padrin-presidente-provincia.jpg\",\"contentUrl\":\"http:\\\/\\\/www.bellunopress.it\\\/wp-content\\\/uploads\\\/2020\\\/01\\\/roberto-padrin-presidente-provincia.jpg\"},{\"@type\":\"BreadcrumbList\",\"@id\":\"https:\\\/\\\/www.bellunopress.it\\\/2020\\\/01\\\/18\\\/olimpiadi-cortina-padrin-unoccasione-per-il-rilancio-del-territorio-anche-oltre-i-giochi\\\/#breadcrumb\",\"itemListElement\":[{\"@type\":\"ListItem\",\"position\":1,\"name\":\"Home\",\"item\":\"https:\\\/\\\/www.bellunopress.it\\\/\"},{\"@type\":\"ListItem\",\"position\":2,\"name\":\"Olimpiadi Cortina. Padrin: &#8220;Un&#8217;occasione per il rilancio del territorio anche oltre i giochi&#8221;\"}]},{\"@type\":\"WebSite\",\"@id\":\"https:\\\/\\\/www.bellunopress.it\\\/#website\",\"url\":\"https:\\\/\\\/www.bellunopress.it\\\/\",\"name\":\"Bellunopress - Dolomiti\",\"description\":\"e-mail: redazione@bellunopress.it\",\"publisher\":{\"@id\":\"https:\\\/\\\/www.bellunopress.it\\\/#organization\"},\"potentialAction\":[{\"@type\":\"SearchAction\",\"target\":{\"@type\":\"EntryPoint\",\"urlTemplate\":\"https:\\\/\\\/www.bellunopress.it\\\/?s={search_term_string}\"},\"query-input\":{\"@type\":\"PropertyValueSpecification\",\"valueRequired\":true,\"valueName\":\"search_term_string\"}}],\"inLanguage\":\"fr-FR\"},{\"@type\":\"Organization\",\"@id\":\"https:\\\/\\\/www.bellunopress.it\\\/#organization\",\"name\":\"Bellunopress\",\"url\":\"https:\\\/\\\/www.bellunopress.it\\\/\",\"logo\":{\"@type\":\"ImageObject\",\"inLanguage\":\"fr-FR\",\"@id\":\"https:\\\/\\\/www.bellunopress.it\\\/#\\\/schema\\\/logo\\\/image\\\/\",\"url\":\"https:\\\/\\\/www.bellunopress.it\\\/wp-content\\\/uploads\\\/2011\\\/05\\\/cropped-logo-bellunopress-.jpg\",\"contentUrl\":\"https:\\\/\\\/www.bellunopress.it\\\/wp-content\\\/uploads\\\/2011\\\/05\\\/cropped-logo-bellunopress-.jpg\",\"width\":512,\"height\":512,\"caption\":\"Bellunopress\"},\"image\":{\"@id\":\"https:\\\/\\\/www.bellunopress.it\\\/#\\\/schema\\\/logo\\\/image\\\/\"},\"sameAs\":[\"https:\\\/\\\/www.facebook.com\\\/profile.php?id=100008943462799\",\"https:\\\/\\\/x.com\\\/bellunopress\",\"https:\\\/\\\/www.linkedin.com\\\/hp\\\/?dnr=JBzUWaJfMUw8vbXJJ2tVW5-I3jZKvC4wsoxE&amp;amp;amp;amp;amp;amp;trk=nav_responsive_tab_home\",\"https:\\\/\\\/www.youtube.com\\\/channel\\\/UCxL0wu1uN0_3_7hGG0306cw\"]},{\"@type\":\"Person\",\"@id\":\"https:\\\/\\\/www.bellunopress.it\\\/#\\\/schema\\\/person\\\/79bb06722b37ece1c03d3e94beb30d73\",\"name\":\"redazione\",\"image\":{\"@type\":\"ImageObject\",\"inLanguage\":\"fr-FR\",\"@id\":\"https:\\\/\\\/secure.gravatar.com\\\/avatar\\\/37d968a2e67a6fd04c169c4bdef102d0bc5d31b2546345219e348575eb80e9a0?s=96&d=mm&r=g\",\"url\":\"https:\\\/\\\/secure.gravatar.com\\\/avatar\\\/37d968a2e67a6fd04c169c4bdef102d0bc5d31b2546345219e348575eb80e9a0?s=96&d=mm&r=g\",\"contentUrl\":\"https:\\\/\\\/secure.gravatar.com\\\/avatar\\\/37d968a2e67a6fd04c169c4bdef102d0bc5d31b2546345219e348575eb80e9a0?s=96&d=mm&r=g\",\"caption\":\"redazione\"},\"sameAs\":[\"http:\\\/\\\/www.bellunopress.it\",\"https:\\\/\\\/x.com\\\/bellunopress\"],\"url\":\"https:\\\/\\\/www.bellunopress.it\\\/fr\\\/author\\\/redazione\\\/\"}]}<\/script>\n<!-- \/ Yoast SEO plugin. -->","yoast_head_json":{"title":"Olimpiadi Cortina. Padrin: \"Un'occasione per il rilancio del territorio anche oltre i giochi\" - Bellunopress - Dolomiti","robots":{"index":"index","follow":"follow","max-snippet":"max-snippet:-1","max-image-preview":"max-image-preview:large","max-video-preview":"max-video-preview:-1"},"canonical":"https:\/\/www.bellunopress.it\/fr\/2020\/01\/18\/olimpiadi-cortina-padrin-unoccasione-per-il-rilancio-del-territorio-anche-oltre-i-giochi\/","og_locale":"fr_FR","og_type":"article","og_title":"Olimpiadi Cortina. Padrin: \"Un'occasione per il rilancio del territorio anche oltre i giochi\" - Bellunopress - Dolomiti","og_description":"\u00abLe Olimpiadi di Cortina erano un sogno, adesso sono una realt\u00e0, un\u2019occasione importantissima per il nostro territorio, che va ben oltre le due settimane dei Giochi. Per questo ho gi\u00e0 parlato con Vincenzo Novari, amministratore delegato del comitato organizzativo, per programmare al meglio le opere a servizio della manifestazione e che poi resteranno a servizio [&hellip;]","og_url":"https:\/\/www.bellunopress.it\/fr\/2020\/01\/18\/olimpiadi-cortina-padrin-unoccasione-per-il-rilancio-del-territorio-anche-oltre-i-giochi\/","og_site_name":"Bellunopress - Dolomiti","article_publisher":"https:\/\/www.facebook.com\/profile.php?id=100008943462799","article_published_time":"2020-01-18T14:07:42+00:00","og_image":[{"url":"http:\/\/www.bellunopress.it\/wp-content\/uploads\/2020\/01\/roberto-padrin-presidente-provincia.jpg","type":"","width":"","height":""}],"author":"redazione","twitter_card":"summary_large_image","twitter_creator":"@bellunopress","twitter_site":"@bellunopress","twitter_misc":{"\u00c9crit par":"redazione","Dur\u00e9e de lecture estim\u00e9e":"1 minute"},"schema":{"@context":"https:\/\/schema.org","@graph":[{"@type":"Article","@id":"https:\/\/www.bellunopress.it\/2020\/01\/18\/olimpiadi-cortina-padrin-unoccasione-per-il-rilancio-del-territorio-anche-oltre-i-giochi\/#article","isPartOf":{"@id":"https:\/\/www.bellunopress.it\/2020\/01\/18\/olimpiadi-cortina-padrin-unoccasione-per-il-rilancio-del-territorio-anche-oltre-i-giochi\/"},"author":{"name":"redazione","@id":"https:\/\/www.bellunopress.it\/#\/schema\/person\/79bb06722b37ece1c03d3e94beb30d73"},"headline":"Olimpiadi Cortina. Padrin: &#8220;Un&#8217;occasione per il rilancio del territorio anche oltre i giochi&#8221;","datePublished":"2020-01-18T14:07:42+00:00","mainEntityOfPage":{"@id":"https:\/\/www.bellunopress.it\/2020\/01\/18\/olimpiadi-cortina-padrin-unoccasione-per-il-rilancio-del-territorio-anche-oltre-i-giochi\/"},"wordCount":285,"publisher":{"@id":"https:\/\/www.bellunopress.it\/#organization"},"image":{"@id":"https:\/\/www.bellunopress.it\/2020\/01\/18\/olimpiadi-cortina-padrin-unoccasione-per-il-rilancio-del-territorio-anche-oltre-i-giochi\/#primaryimage"},"thumbnailUrl":"http:\/\/www.bellunopress.it\/wp-content\/uploads\/2020\/01\/roberto-padrin-presidente-provincia.jpg","articleSection":["Cronaca\/Politica","Prima Pagina"],"inLanguage":"fr-FR"},{"@type":"WebPage","@id":"https:\/\/www.bellunopress.it\/2020\/01\/18\/olimpiadi-cortina-padrin-unoccasione-per-il-rilancio-del-territorio-anche-oltre-i-giochi\/","url":"https:\/\/www.bellunopress.it\/2020\/01\/18\/olimpiadi-cortina-padrin-unoccasione-per-il-rilancio-del-territorio-anche-oltre-i-giochi\/","name":"Olimpiadi Cortina. Padrin: \"Un'occasione per il rilancio del territorio anche oltre i giochi\" - Bellunopress - Dolomiti","isPartOf":{"@id":"https:\/\/www.bellunopress.it\/#website"},"primaryImageOfPage":{"@id":"https:\/\/www.bellunopress.it\/2020\/01\/18\/olimpiadi-cortina-padrin-unoccasione-per-il-rilancio-del-territorio-anche-oltre-i-giochi\/#primaryimage"},"image":{"@id":"https:\/\/www.bellunopress.it\/2020\/01\/18\/olimpiadi-cortina-padrin-unoccasione-per-il-rilancio-del-territorio-anche-oltre-i-giochi\/#primaryimage"},"thumbnailUrl":"http:\/\/www.bellunopress.it\/wp-content\/uploads\/2020\/01\/roberto-padrin-presidente-provincia.jpg","datePublished":"2020-01-18T14:07:42+00:00","breadcrumb":{"@id":"https:\/\/www.bellunopress.it\/2020\/01\/18\/olimpiadi-cortina-padrin-unoccasione-per-il-rilancio-del-territorio-anche-oltre-i-giochi\/#breadcrumb"},"inLanguage":"fr-FR","potentialAction":[{"@type":"ReadAction","target":["https:\/\/www.bellunopress.it\/2020\/01\/18\/olimpiadi-cortina-padrin-unoccasione-per-il-rilancio-del-territorio-anche-oltre-i-giochi\/"]}]},{"@type":"ImageObject","inLanguage":"fr-FR","@id":"https:\/\/www.bellunopress.it\/2020\/01\/18\/olimpiadi-cortina-padrin-unoccasione-per-il-rilancio-del-territorio-anche-oltre-i-giochi\/#primaryimage","url":"http:\/\/www.bellunopress.it\/wp-content\/uploads\/2020\/01\/roberto-padrin-presidente-provincia.jpg","contentUrl":"http:\/\/www.bellunopress.it\/wp-content\/uploads\/2020\/01\/roberto-padrin-presidente-provincia.jpg"},{"@type":"BreadcrumbList","@id":"https:\/\/www.bellunopress.it\/2020\/01\/18\/olimpiadi-cortina-padrin-unoccasione-per-il-rilancio-del-territorio-anche-oltre-i-giochi\/#breadcrumb","itemListElement":[{"@type":"ListItem","position":1,"name":"Home","item":"https:\/\/www.bellunopress.it\/"},{"@type":"ListItem","position":2,"name":"Olimpiadi Cortina. Padrin: &#8220;Un&#8217;occasione per il rilancio del territorio anche oltre i giochi&#8221;"}]},{"@type":"WebSite","@id":"https:\/\/www.bellunopress.it\/#website","url":"https:\/\/www.bellunopress.it\/","name":"Bellunopress - Dolomiti","description":"e-mail: redazione@bellunopress.it","publisher":{"@id":"https:\/\/www.bellunopress.it\/#organization"},"potentialAction":[{"@type":"SearchAction","target":{"@type":"EntryPoint","urlTemplate":"https:\/\/www.bellunopress.it\/?s={search_term_string}"},"query-input":{"@type":"PropertyValueSpecification","valueRequired":true,"valueName":"search_term_string"}}],"inLanguage":"fr-FR"},{"@type":"Organization","@id":"https:\/\/www.bellunopress.it\/#organization","name":"Bellunopress","url":"https:\/\/www.bellunopress.it\/","logo":{"@type":"ImageObject","inLanguage":"fr-FR","@id":"https:\/\/www.bellunopress.it\/#\/schema\/logo\/image\/","url":"https:\/\/www.bellunopress.it\/wp-content\/uploads\/2011\/05\/cropped-logo-bellunopress-.jpg","contentUrl":"https:\/\/www.bellunopress.it\/wp-content\/uploads\/2011\/05\/cropped-logo-bellunopress-.jpg","width":512,"height":512,"caption":"Bellunopress"},"image":{"@id":"https:\/\/www.bellunopress.it\/#\/schema\/logo\/image\/"},"sameAs":["https:\/\/www.facebook.com\/profile.php?id=100008943462799","https:\/\/x.com\/bellunopress","https:\/\/www.linkedin.com\/hp\/?dnr=JBzUWaJfMUw8vbXJJ2tVW5-I3jZKvC4wsoxE&amp;amp;amp;amp;amp;amp;trk=nav_responsive_tab_home","https:\/\/www.youtube.com\/channel\/UCxL0wu1uN0_3_7hGG0306cw"]},{"@type":"Person","@id":"https:\/\/www.bellunopress.it\/#\/schema\/person\/79bb06722b37ece1c03d3e94beb30d73","name":"r\u00e9daction","image":{"@type":"ImageObject","inLanguage":"fr-FR","@id":"https:\/\/secure.gravatar.com\/avatar\/37d968a2e67a6fd04c169c4bdef102d0bc5d31b2546345219e348575eb80e9a0?s=96&d=mm&r=g","url":"https:\/\/secure.gravatar.com\/avatar\/37d968a2e67a6fd04c169c4bdef102d0bc5d31b2546345219e348575eb80e9a0?s=96&d=mm&r=g","contentUrl":"https:\/\/secure.gravatar.com\/avatar\/37d968a2e67a6fd04c169c4bdef102d0bc5d31b2546345219e348575eb80e9a0?s=96&d=mm&r=g","caption":"redazione"},"sameAs":["http:\/\/www.bellunopress.it","https:\/\/x.com\/bellunopress"],"url":"https:\/\/www.bellunopress.it\/fr\/author\/redazione\/"}]}},"_links":{"self":[{"href":"https:\/\/www.bellunopress.it\/fr\/wp-json\/wp\/v2\/posts\/111348","targetHints":{"allow":["GET"]}}],"collection":[{"href":"https:\/\/www.bellunopress.it\/fr\/wp-json\/wp\/v2\/posts"}],"about":[{"href":"https:\/\/www.bellunopress.it\/fr\/wp-json\/wp\/v2\/types\/post"}],"author":[{"embeddable":true,"href":"https:\/\/www.bellunopress.it\/fr\/wp-json\/wp\/v2\/users\/2"}],"replies":[{"embeddable":true,"href":"https:\/\/www.bellunopress.it\/fr\/wp-json\/wp\/v2\/comments?post=111348"}],"version-history":[{"count":1,"href":"https:\/\/www.bellunopress.it\/fr\/wp-json\/wp\/v2\/posts\/111348\/revisions"}],"predecessor-version":[{"id":111349,"href":"https:\/\/www.bellunopress.it\/fr\/wp-json\/wp\/v2\/posts\/111348\/revisions\/111349"}],"wp:attachment":[{"href":"https:\/\/www.bellunopress.it\/fr\/wp-json\/wp\/v2\/media?parent=111348"}],"wp:term":[{"taxonomy":"category","embeddable":true,"href":"https:\/\/www.bellunopress.it\/fr\/wp-json\/wp\/v2\/categories?post=111348"},{"taxonomy":"post_tag","embeddable":true,"href":"https:\/\/www.bellunopress.it\/fr\/wp-json\/wp\/v2\/tags?post=111348"}],"curies":[{"name":"wp","href":"https:\/\/api.w.org\/{rel}","templated":true}]}}