{"id":111344,"date":"2020-01-18T14:36:44","date_gmt":"2020-01-18T13:36:44","guid":{"rendered":"http:\/\/www.bellunopress.it\/?p=111344"},"modified":"2020-01-18T14:36:47","modified_gmt":"2020-01-18T13:36:47","slug":"pistola-elettrica-taser-armelao-fsp-polizia-veneto-bene-la-dotazione-anche-se-in-numero-troppo-ridotto-ma-il-regolamento-non-sia-trappola-per-gli-operatori","status":"publish","type":"post","link":"https:\/\/www.bellunopress.it\/fr\/2020\/01\/18\/pistola-elettrica-taser-armelao-fsp-polizia-veneto-bene-la-dotazione-anche-se-in-numero-troppo-ridotto-ma-il-regolamento-non-sia-trappola-per-gli-operatori\/","title":{"rendered":"Pistola elettrica Taser.  Armelao (Fsp Polizia Veneto): &#8220;Bene la dotazione, anche se in numero troppo ridotto, ma il regolamento non sia trappola per gli operatori&#8221;"},"content":{"rendered":"<p><a href=\"http:\/\/www.bellunopress.it\/fr\/2020\/01\/18\/pistola-elettrica-taser-armelao-fsp-polizia-veneto-bene-la-dotazione-anche-se-in-numero-troppo-ridotto-ma-il-regolamento-non-sia-trappola-per-gli-operatori\/fsp-federazione-sindacale-di-polizia\/\" rel=\"attachment wp-att-111345\"><img loading=\"lazy\" decoding=\"async\" class=\"alignleft size-full wp-image-111345\" src=\"http:\/\/www.bellunopress.it\/wp-content\/uploads\/2020\/01\/FSP-Federazione-Sindacale-di-Polizia.jpg\" alt=\"\" width=\"204\" height=\"109\" \/><\/a>&#8220;Siamo molto soddisfatti per la dotazione alle Forze di Polizia del taser, finalizzato alla salvaguardia della vita e a rendere molti interventi pi\u00f9 sicuri per tutti. Troppi anni e troppi drammi sono trascorsi prima che si arrivasse a questo eppure, purtroppo, nella Polizia di Stato \u00e8 prevista l&#8217;assegnazione di sole 1600 pistole elettriche e oltre tutto non in tempi brevi, perch\u00e9 fra la distribuzione e la formazione nel migliore dei casi dovr\u00e0 trascorrere un anno prima del reale uso&#8221;.<\/p>\n<p>Cos\u00ec Mauro Armelao, segretario generale regionale dell&#8217;Fsp Polizia di Stato del Veneto, il giorno dopo in cui il Consiglio dei Ministri ha approvato in via preliminare il Regolamento che disciplina l&#8217;impiego del taser che sar\u00e0 fornito in dotazione alle Forze di Polizia.<\/p>\n<p><a href=\"http:\/\/www.bellunopress.it\/fr\/2019\/04\/16\/da-giugno-la-pistola-elettrica-taser-sara-in-dotazione-a-tutte-le-forze-di-polizia-soddisfatto-il-sindacato-sap\/polizia-pistola-taser\/\" rel=\"attachment wp-att-103840\"><img loading=\"lazy\" decoding=\"async\" class=\"alignleft size-full wp-image-103840\" src=\"http:\/\/www.bellunopress.it\/wp-content\/uploads\/2019\/04\/polizia-pistola-taser.jpg\" alt=\"\" width=\"300\" height=\"199\" \/><\/a>&#8220;Noi chiediamo questo fondamentale strumento da lungo tempo insieme a protocolli uniformi per tutti i Corpi e che non si traducano in un&#8217;ulteriore esposizione a rischi per gli operatori. Ma su questo fronte possiamo solo esprimere forti critiche rispetto a un regolamento di utilizzo che a livello nazionale avevamo chiesto di modificare, perch\u00e9 per come lo conosciamo rischia di tradursi nell&#8217;ennesima trappola per l&#8217;operatore. Sono infatti previsti parametri di utilizzo con tutta evidenza pensati da chi non tiene conto in modo prioritario del punto di vista di chi presta servizio in strada. Sono richieste valutazioni e conoscenze che in alcun caso si pu\u00f2 pretendere da chi appartiene a un &#8216;ruolo esecutivo&#8217;, come ancora ci si ostina offensivamente a definire donne e uomini che rischiano la vita e in una frazione di secondo compiono scelte che possono avere conseguenze civili, penali e amministrative enormi, pur senza un trattamento economico commisurato n\u00e9, evidentemente, il dovuto rispetto della loro dignit\u00e0 professionale. Sarebbe ora che ciascuno si assumesse le proprie responsabilit\u00e0, senza ipocrisie e le solite mezze misure usate nel goffo tentativo di fare tutti contenti, scaricando per\u00f2 sull&#8217;ultimo anello della catena di comando ogni implicazione legata all&#8217;espletamento del pi\u00f9 delicato dei lavori&#8221;.<\/p>","protected":false},"excerpt":{"rendered":"<p>&#8220;Siamo molto soddisfatti per la dotazione alle Forze di Polizia del taser, finalizzato alla salvaguardia della vita e a rendere molti interventi pi\u00f9 sicuri per tutti. Troppi anni e troppi drammi sono trascorsi prima che si arrivasse a questo eppure, purtroppo, nella Polizia di Stato \u00e8 prevista l&#8217;assegnazione di sole 1600 pistole elettriche e oltre [&hellip;]<\/p>\n","protected":false},"author":2,"featured_media":0,"comment_status":"closed","ping_status":"open","sticky":false,"template":"","format":"standard","meta":{"footnotes":""},"categories":[5,26,8],"tags":[],"class_list":["post-111344","post","type-post","status-publish","format-standard","category-cronaca","category-prima-pagina","category-societa-istituzioni"],"yoast_head":"<!-- This site is optimized with the Yoast SEO plugin v28.4 - https:\/\/yoast.com\/product\/yoast-seo-wordpress\/ -->\n<title>Pistola elettrica Taser. Armelao (Fsp Polizia Veneto): &quot;Bene la dotazione, anche se in numero troppo ridotto, ma il regolamento non sia trappola per gli operatori&quot; - Bellunopress - Dolomiti<\/title>\n<meta name=\"robots\" content=\"index, follow, max-snippet:-1, max-image-preview:large, max-video-preview:-1\" \/>\n<link rel=\"canonical\" href=\"https:\/\/www.bellunopress.it\/fr\/2020\/01\/18\/pistola-elettrica-taser-armelao-fsp-polizia-veneto-bene-la-dotazione-anche-se-in-numero-troppo-ridotto-ma-il-regolamento-non-sia-trappola-per-gli-operatori\/\" \/>\n<meta property=\"og:locale\" content=\"fr_FR\" \/>\n<meta property=\"og:type\" content=\"article\" \/>\n<meta property=\"og:title\" content=\"Pistola elettrica Taser. Armelao (Fsp Polizia Veneto): &quot;Bene la dotazione, anche se in numero troppo ridotto, ma il regolamento non sia trappola per gli operatori&quot; - Bellunopress - Dolomiti\" \/>\n<meta property=\"og:description\" content=\"&#8220;Siamo molto soddisfatti per la dotazione alle Forze di Polizia del taser, finalizzato alla salvaguardia della vita e a rendere molti interventi pi\u00f9 sicuri per tutti. Troppi anni e troppi drammi sono trascorsi prima che si arrivasse a questo eppure, purtroppo, nella Polizia di Stato \u00e8 prevista l&#8217;assegnazione di sole 1600 pistole elettriche e oltre [&hellip;]\" \/>\n<meta property=\"og:url\" content=\"https:\/\/www.bellunopress.it\/fr\/2020\/01\/18\/pistola-elettrica-taser-armelao-fsp-polizia-veneto-bene-la-dotazione-anche-se-in-numero-troppo-ridotto-ma-il-regolamento-non-sia-trappola-per-gli-operatori\/\" \/>\n<meta property=\"og:site_name\" content=\"Bellunopress - Dolomiti\" \/>\n<meta property=\"article:publisher\" content=\"https:\/\/www.facebook.com\/profile.php?id=100008943462799\" \/>\n<meta property=\"article:published_time\" content=\"2020-01-18T13:36:44+00:00\" \/>\n<meta property=\"article:modified_time\" content=\"2020-01-18T13:36:47+00:00\" \/>\n<meta property=\"og:image\" content=\"http:\/\/www.bellunopress.it\/wp-content\/uploads\/2020\/01\/FSP-Federazione-Sindacale-di-Polizia.jpg\" \/>\n<meta name=\"author\" content=\"redazione\" \/>\n<meta name=\"twitter:card\" content=\"summary_large_image\" \/>\n<meta name=\"twitter:creator\" content=\"@bellunopress\" \/>\n<meta name=\"twitter:site\" content=\"@bellunopress\" \/>\n<meta name=\"twitter:label1\" content=\"\u00c9crit par\" \/>\n\t<meta name=\"twitter:data1\" content=\"redazione\" \/>\n\t<meta name=\"twitter:label2\" content=\"Dur\u00e9e de lecture estim\u00e9e\" \/>\n\t<meta name=\"twitter:data2\" content=\"2 minutes\" \/>\n<script type=\"application\/ld+json\" class=\"yoast-schema-graph\">{\"@context\":\"https:\\\/\\\/schema.org\",\"@graph\":[{\"@type\":\"Article\",\"@id\":\"https:\\\/\\\/www.bellunopress.it\\\/2020\\\/01\\\/18\\\/pistola-elettrica-taser-armelao-fsp-polizia-veneto-bene-la-dotazione-anche-se-in-numero-troppo-ridotto-ma-il-regolamento-non-sia-trappola-per-gli-operatori\\\/#article\",\"isPartOf\":{\"@id\":\"https:\\\/\\\/www.bellunopress.it\\\/2020\\\/01\\\/18\\\/pistola-elettrica-taser-armelao-fsp-polizia-veneto-bene-la-dotazione-anche-se-in-numero-troppo-ridotto-ma-il-regolamento-non-sia-trappola-per-gli-operatori\\\/\"},\"author\":{\"name\":\"redazione\",\"@id\":\"https:\\\/\\\/www.bellunopress.it\\\/#\\\/schema\\\/person\\\/79bb06722b37ece1c03d3e94beb30d73\"},\"headline\":\"Pistola elettrica Taser. Armelao (Fsp Polizia Veneto): &#8220;Bene la dotazione, anche se in numero troppo ridotto, ma il regolamento non sia trappola per gli operatori&#8221;\",\"datePublished\":\"2020-01-18T13:36:44+00:00\",\"dateModified\":\"2020-01-18T13:36:47+00:00\",\"mainEntityOfPage\":{\"@id\":\"https:\\\/\\\/www.bellunopress.it\\\/2020\\\/01\\\/18\\\/pistola-elettrica-taser-armelao-fsp-polizia-veneto-bene-la-dotazione-anche-se-in-numero-troppo-ridotto-ma-il-regolamento-non-sia-trappola-per-gli-operatori\\\/\"},\"wordCount\":351,\"publisher\":{\"@id\":\"https:\\\/\\\/www.bellunopress.it\\\/#organization\"},\"image\":{\"@id\":\"https:\\\/\\\/www.bellunopress.it\\\/2020\\\/01\\\/18\\\/pistola-elettrica-taser-armelao-fsp-polizia-veneto-bene-la-dotazione-anche-se-in-numero-troppo-ridotto-ma-il-regolamento-non-sia-trappola-per-gli-operatori\\\/#primaryimage\"},\"thumbnailUrl\":\"http:\\\/\\\/www.bellunopress.it\\\/wp-content\\\/uploads\\\/2020\\\/01\\\/FSP-Federazione-Sindacale-di-Polizia.jpg\",\"articleSection\":[\"Cronaca\\\/Politica\",\"Prima Pagina\",\"Societ\u00e0, Associazioni, Istituzioni\"],\"inLanguage\":\"fr-FR\"},{\"@type\":\"WebPage\",\"@id\":\"https:\\\/\\\/www.bellunopress.it\\\/2020\\\/01\\\/18\\\/pistola-elettrica-taser-armelao-fsp-polizia-veneto-bene-la-dotazione-anche-se-in-numero-troppo-ridotto-ma-il-regolamento-non-sia-trappola-per-gli-operatori\\\/\",\"url\":\"https:\\\/\\\/www.bellunopress.it\\\/2020\\\/01\\\/18\\\/pistola-elettrica-taser-armelao-fsp-polizia-veneto-bene-la-dotazione-anche-se-in-numero-troppo-ridotto-ma-il-regolamento-non-sia-trappola-per-gli-operatori\\\/\",\"name\":\"Pistola elettrica Taser. Armelao (Fsp Polizia Veneto): \\\"Bene la dotazione, anche se in numero troppo ridotto, ma il regolamento non sia trappola per gli operatori\\\" - Bellunopress - Dolomiti\",\"isPartOf\":{\"@id\":\"https:\\\/\\\/www.bellunopress.it\\\/#website\"},\"primaryImageOfPage\":{\"@id\":\"https:\\\/\\\/www.bellunopress.it\\\/2020\\\/01\\\/18\\\/pistola-elettrica-taser-armelao-fsp-polizia-veneto-bene-la-dotazione-anche-se-in-numero-troppo-ridotto-ma-il-regolamento-non-sia-trappola-per-gli-operatori\\\/#primaryimage\"},\"image\":{\"@id\":\"https:\\\/\\\/www.bellunopress.it\\\/2020\\\/01\\\/18\\\/pistola-elettrica-taser-armelao-fsp-polizia-veneto-bene-la-dotazione-anche-se-in-numero-troppo-ridotto-ma-il-regolamento-non-sia-trappola-per-gli-operatori\\\/#primaryimage\"},\"thumbnailUrl\":\"http:\\\/\\\/www.bellunopress.it\\\/wp-content\\\/uploads\\\/2020\\\/01\\\/FSP-Federazione-Sindacale-di-Polizia.jpg\",\"datePublished\":\"2020-01-18T13:36:44+00:00\",\"dateModified\":\"2020-01-18T13:36:47+00:00\",\"breadcrumb\":{\"@id\":\"https:\\\/\\\/www.bellunopress.it\\\/2020\\\/01\\\/18\\\/pistola-elettrica-taser-armelao-fsp-polizia-veneto-bene-la-dotazione-anche-se-in-numero-troppo-ridotto-ma-il-regolamento-non-sia-trappola-per-gli-operatori\\\/#breadcrumb\"},\"inLanguage\":\"fr-FR\",\"potentialAction\":[{\"@type\":\"ReadAction\",\"target\":[\"https:\\\/\\\/www.bellunopress.it\\\/2020\\\/01\\\/18\\\/pistola-elettrica-taser-armelao-fsp-polizia-veneto-bene-la-dotazione-anche-se-in-numero-troppo-ridotto-ma-il-regolamento-non-sia-trappola-per-gli-operatori\\\/\"]}]},{\"@type\":\"ImageObject\",\"inLanguage\":\"fr-FR\",\"@id\":\"https:\\\/\\\/www.bellunopress.it\\\/2020\\\/01\\\/18\\\/pistola-elettrica-taser-armelao-fsp-polizia-veneto-bene-la-dotazione-anche-se-in-numero-troppo-ridotto-ma-il-regolamento-non-sia-trappola-per-gli-operatori\\\/#primaryimage\",\"url\":\"http:\\\/\\\/www.bellunopress.it\\\/wp-content\\\/uploads\\\/2020\\\/01\\\/FSP-Federazione-Sindacale-di-Polizia.jpg\",\"contentUrl\":\"http:\\\/\\\/www.bellunopress.it\\\/wp-content\\\/uploads\\\/2020\\\/01\\\/FSP-Federazione-Sindacale-di-Polizia.jpg\"},{\"@type\":\"BreadcrumbList\",\"@id\":\"https:\\\/\\\/www.bellunopress.it\\\/2020\\\/01\\\/18\\\/pistola-elettrica-taser-armelao-fsp-polizia-veneto-bene-la-dotazione-anche-se-in-numero-troppo-ridotto-ma-il-regolamento-non-sia-trappola-per-gli-operatori\\\/#breadcrumb\",\"itemListElement\":[{\"@type\":\"ListItem\",\"position\":1,\"name\":\"Home\",\"item\":\"https:\\\/\\\/www.bellunopress.it\\\/\"},{\"@type\":\"ListItem\",\"position\":2,\"name\":\"Pistola elettrica Taser. Armelao (Fsp Polizia Veneto): &#8220;Bene la dotazione, anche se in numero troppo ridotto, ma il regolamento non sia trappola per gli operatori&#8221;\"}]},{\"@type\":\"WebSite\",\"@id\":\"https:\\\/\\\/www.bellunopress.it\\\/#website\",\"url\":\"https:\\\/\\\/www.bellunopress.it\\\/\",\"name\":\"Bellunopress - Dolomiti\",\"description\":\"e-mail: redazione@bellunopress.it\",\"publisher\":{\"@id\":\"https:\\\/\\\/www.bellunopress.it\\\/#organization\"},\"potentialAction\":[{\"@type\":\"SearchAction\",\"target\":{\"@type\":\"EntryPoint\",\"urlTemplate\":\"https:\\\/\\\/www.bellunopress.it\\\/?s={search_term_string}\"},\"query-input\":{\"@type\":\"PropertyValueSpecification\",\"valueRequired\":true,\"valueName\":\"search_term_string\"}}],\"inLanguage\":\"fr-FR\"},{\"@type\":\"Organization\",\"@id\":\"https:\\\/\\\/www.bellunopress.it\\\/#organization\",\"name\":\"Bellunopress\",\"url\":\"https:\\\/\\\/www.bellunopress.it\\\/\",\"logo\":{\"@type\":\"ImageObject\",\"inLanguage\":\"fr-FR\",\"@id\":\"https:\\\/\\\/www.bellunopress.it\\\/#\\\/schema\\\/logo\\\/image\\\/\",\"url\":\"https:\\\/\\\/www.bellunopress.it\\\/wp-content\\\/uploads\\\/2011\\\/05\\\/cropped-logo-bellunopress-.jpg\",\"contentUrl\":\"https:\\\/\\\/www.bellunopress.it\\\/wp-content\\\/uploads\\\/2011\\\/05\\\/cropped-logo-bellunopress-.jpg\",\"width\":512,\"height\":512,\"caption\":\"Bellunopress\"},\"image\":{\"@id\":\"https:\\\/\\\/www.bellunopress.it\\\/#\\\/schema\\\/logo\\\/image\\\/\"},\"sameAs\":[\"https:\\\/\\\/www.facebook.com\\\/profile.php?id=100008943462799\",\"https:\\\/\\\/x.com\\\/bellunopress\",\"https:\\\/\\\/www.linkedin.com\\\/hp\\\/?dnr=JBzUWaJfMUw8vbXJJ2tVW5-I3jZKvC4wsoxE&amp;amp;amp;amp;amp;amp;trk=nav_responsive_tab_home\",\"https:\\\/\\\/www.youtube.com\\\/channel\\\/UCxL0wu1uN0_3_7hGG0306cw\"]},{\"@type\":\"Person\",\"@id\":\"https:\\\/\\\/www.bellunopress.it\\\/#\\\/schema\\\/person\\\/79bb06722b37ece1c03d3e94beb30d73\",\"name\":\"redazione\",\"image\":{\"@type\":\"ImageObject\",\"inLanguage\":\"fr-FR\",\"@id\":\"https:\\\/\\\/secure.gravatar.com\\\/avatar\\\/37d968a2e67a6fd04c169c4bdef102d0bc5d31b2546345219e348575eb80e9a0?s=96&d=mm&r=g\",\"url\":\"https:\\\/\\\/secure.gravatar.com\\\/avatar\\\/37d968a2e67a6fd04c169c4bdef102d0bc5d31b2546345219e348575eb80e9a0?s=96&d=mm&r=g\",\"contentUrl\":\"https:\\\/\\\/secure.gravatar.com\\\/avatar\\\/37d968a2e67a6fd04c169c4bdef102d0bc5d31b2546345219e348575eb80e9a0?s=96&d=mm&r=g\",\"caption\":\"redazione\"},\"sameAs\":[\"http:\\\/\\\/www.bellunopress.it\",\"https:\\\/\\\/x.com\\\/bellunopress\"],\"url\":\"https:\\\/\\\/www.bellunopress.it\\\/fr\\\/author\\\/redazione\\\/\"}]}<\/script>\n<!-- \/ Yoast SEO plugin. -->","yoast_head_json":{"title":"Pistola elettrica Taser. Armelao (Fsp Polizia Veneto): \"Bene la dotazione, anche se in numero troppo ridotto, ma il regolamento non sia trappola per gli operatori\" - Bellunopress - Dolomiti","robots":{"index":"index","follow":"follow","max-snippet":"max-snippet:-1","max-image-preview":"max-image-preview:large","max-video-preview":"max-video-preview:-1"},"canonical":"https:\/\/www.bellunopress.it\/fr\/2020\/01\/18\/pistola-elettrica-taser-armelao-fsp-polizia-veneto-bene-la-dotazione-anche-se-in-numero-troppo-ridotto-ma-il-regolamento-non-sia-trappola-per-gli-operatori\/","og_locale":"fr_FR","og_type":"article","og_title":"Pistola elettrica Taser. Armelao (Fsp Polizia Veneto): \"Bene la dotazione, anche se in numero troppo ridotto, ma il regolamento non sia trappola per gli operatori\" - Bellunopress - Dolomiti","og_description":"&#8220;Siamo molto soddisfatti per la dotazione alle Forze di Polizia del taser, finalizzato alla salvaguardia della vita e a rendere molti interventi pi\u00f9 sicuri per tutti. Troppi anni e troppi drammi sono trascorsi prima che si arrivasse a questo eppure, purtroppo, nella Polizia di Stato \u00e8 prevista l&#8217;assegnazione di sole 1600 pistole elettriche e oltre [&hellip;]","og_url":"https:\/\/www.bellunopress.it\/fr\/2020\/01\/18\/pistola-elettrica-taser-armelao-fsp-polizia-veneto-bene-la-dotazione-anche-se-in-numero-troppo-ridotto-ma-il-regolamento-non-sia-trappola-per-gli-operatori\/","og_site_name":"Bellunopress - Dolomiti","article_publisher":"https:\/\/www.facebook.com\/profile.php?id=100008943462799","article_published_time":"2020-01-18T13:36:44+00:00","article_modified_time":"2020-01-18T13:36:47+00:00","og_image":[{"url":"http:\/\/www.bellunopress.it\/wp-content\/uploads\/2020\/01\/FSP-Federazione-Sindacale-di-Polizia.jpg","type":"","width":"","height":""}],"author":"redazione","twitter_card":"summary_large_image","twitter_creator":"@bellunopress","twitter_site":"@bellunopress","twitter_misc":{"\u00c9crit par":"redazione","Dur\u00e9e de lecture estim\u00e9e":"2 minutes"},"schema":{"@context":"https:\/\/schema.org","@graph":[{"@type":"Article","@id":"https:\/\/www.bellunopress.it\/2020\/01\/18\/pistola-elettrica-taser-armelao-fsp-polizia-veneto-bene-la-dotazione-anche-se-in-numero-troppo-ridotto-ma-il-regolamento-non-sia-trappola-per-gli-operatori\/#article","isPartOf":{"@id":"https:\/\/www.bellunopress.it\/2020\/01\/18\/pistola-elettrica-taser-armelao-fsp-polizia-veneto-bene-la-dotazione-anche-se-in-numero-troppo-ridotto-ma-il-regolamento-non-sia-trappola-per-gli-operatori\/"},"author":{"name":"redazione","@id":"https:\/\/www.bellunopress.it\/#\/schema\/person\/79bb06722b37ece1c03d3e94beb30d73"},"headline":"Pistola elettrica Taser. Armelao (Fsp Polizia Veneto): &#8220;Bene la dotazione, anche se in numero troppo ridotto, ma il regolamento non sia trappola per gli operatori&#8221;","datePublished":"2020-01-18T13:36:44+00:00","dateModified":"2020-01-18T13:36:47+00:00","mainEntityOfPage":{"@id":"https:\/\/www.bellunopress.it\/2020\/01\/18\/pistola-elettrica-taser-armelao-fsp-polizia-veneto-bene-la-dotazione-anche-se-in-numero-troppo-ridotto-ma-il-regolamento-non-sia-trappola-per-gli-operatori\/"},"wordCount":351,"publisher":{"@id":"https:\/\/www.bellunopress.it\/#organization"},"image":{"@id":"https:\/\/www.bellunopress.it\/2020\/01\/18\/pistola-elettrica-taser-armelao-fsp-polizia-veneto-bene-la-dotazione-anche-se-in-numero-troppo-ridotto-ma-il-regolamento-non-sia-trappola-per-gli-operatori\/#primaryimage"},"thumbnailUrl":"http:\/\/www.bellunopress.it\/wp-content\/uploads\/2020\/01\/FSP-Federazione-Sindacale-di-Polizia.jpg","articleSection":["Cronaca\/Politica","Prima Pagina","Societ\u00e0, Associazioni, Istituzioni"],"inLanguage":"fr-FR"},{"@type":"WebPage","@id":"https:\/\/www.bellunopress.it\/2020\/01\/18\/pistola-elettrica-taser-armelao-fsp-polizia-veneto-bene-la-dotazione-anche-se-in-numero-troppo-ridotto-ma-il-regolamento-non-sia-trappola-per-gli-operatori\/","url":"https:\/\/www.bellunopress.it\/2020\/01\/18\/pistola-elettrica-taser-armelao-fsp-polizia-veneto-bene-la-dotazione-anche-se-in-numero-troppo-ridotto-ma-il-regolamento-non-sia-trappola-per-gli-operatori\/","name":"Pistola elettrica Taser. Armelao (Fsp Polizia Veneto): \"Bene la dotazione, anche se in numero troppo ridotto, ma il regolamento non sia trappola per gli operatori\" - Bellunopress - Dolomiti","isPartOf":{"@id":"https:\/\/www.bellunopress.it\/#website"},"primaryImageOfPage":{"@id":"https:\/\/www.bellunopress.it\/2020\/01\/18\/pistola-elettrica-taser-armelao-fsp-polizia-veneto-bene-la-dotazione-anche-se-in-numero-troppo-ridotto-ma-il-regolamento-non-sia-trappola-per-gli-operatori\/#primaryimage"},"image":{"@id":"https:\/\/www.bellunopress.it\/2020\/01\/18\/pistola-elettrica-taser-armelao-fsp-polizia-veneto-bene-la-dotazione-anche-se-in-numero-troppo-ridotto-ma-il-regolamento-non-sia-trappola-per-gli-operatori\/#primaryimage"},"thumbnailUrl":"http:\/\/www.bellunopress.it\/wp-content\/uploads\/2020\/01\/FSP-Federazione-Sindacale-di-Polizia.jpg","datePublished":"2020-01-18T13:36:44+00:00","dateModified":"2020-01-18T13:36:47+00:00","breadcrumb":{"@id":"https:\/\/www.bellunopress.it\/2020\/01\/18\/pistola-elettrica-taser-armelao-fsp-polizia-veneto-bene-la-dotazione-anche-se-in-numero-troppo-ridotto-ma-il-regolamento-non-sia-trappola-per-gli-operatori\/#breadcrumb"},"inLanguage":"fr-FR","potentialAction":[{"@type":"ReadAction","target":["https:\/\/www.bellunopress.it\/2020\/01\/18\/pistola-elettrica-taser-armelao-fsp-polizia-veneto-bene-la-dotazione-anche-se-in-numero-troppo-ridotto-ma-il-regolamento-non-sia-trappola-per-gli-operatori\/"]}]},{"@type":"ImageObject","inLanguage":"fr-FR","@id":"https:\/\/www.bellunopress.it\/2020\/01\/18\/pistola-elettrica-taser-armelao-fsp-polizia-veneto-bene-la-dotazione-anche-se-in-numero-troppo-ridotto-ma-il-regolamento-non-sia-trappola-per-gli-operatori\/#primaryimage","url":"http:\/\/www.bellunopress.it\/wp-content\/uploads\/2020\/01\/FSP-Federazione-Sindacale-di-Polizia.jpg","contentUrl":"http:\/\/www.bellunopress.it\/wp-content\/uploads\/2020\/01\/FSP-Federazione-Sindacale-di-Polizia.jpg"},{"@type":"BreadcrumbList","@id":"https:\/\/www.bellunopress.it\/2020\/01\/18\/pistola-elettrica-taser-armelao-fsp-polizia-veneto-bene-la-dotazione-anche-se-in-numero-troppo-ridotto-ma-il-regolamento-non-sia-trappola-per-gli-operatori\/#breadcrumb","itemListElement":[{"@type":"ListItem","position":1,"name":"Home","item":"https:\/\/www.bellunopress.it\/"},{"@type":"ListItem","position":2,"name":"Pistola elettrica Taser. Armelao (Fsp Polizia Veneto): &#8220;Bene la dotazione, anche se in numero troppo ridotto, ma il regolamento non sia trappola per gli operatori&#8221;"}]},{"@type":"WebSite","@id":"https:\/\/www.bellunopress.it\/#website","url":"https:\/\/www.bellunopress.it\/","name":"Bellunopress - Dolomiti","description":"e-mail: redazione@bellunopress.it","publisher":{"@id":"https:\/\/www.bellunopress.it\/#organization"},"potentialAction":[{"@type":"SearchAction","target":{"@type":"EntryPoint","urlTemplate":"https:\/\/www.bellunopress.it\/?s={search_term_string}"},"query-input":{"@type":"PropertyValueSpecification","valueRequired":true,"valueName":"search_term_string"}}],"inLanguage":"fr-FR"},{"@type":"Organization","@id":"https:\/\/www.bellunopress.it\/#organization","name":"Bellunopress","url":"https:\/\/www.bellunopress.it\/","logo":{"@type":"ImageObject","inLanguage":"fr-FR","@id":"https:\/\/www.bellunopress.it\/#\/schema\/logo\/image\/","url":"https:\/\/www.bellunopress.it\/wp-content\/uploads\/2011\/05\/cropped-logo-bellunopress-.jpg","contentUrl":"https:\/\/www.bellunopress.it\/wp-content\/uploads\/2011\/05\/cropped-logo-bellunopress-.jpg","width":512,"height":512,"caption":"Bellunopress"},"image":{"@id":"https:\/\/www.bellunopress.it\/#\/schema\/logo\/image\/"},"sameAs":["https:\/\/www.facebook.com\/profile.php?id=100008943462799","https:\/\/x.com\/bellunopress","https:\/\/www.linkedin.com\/hp\/?dnr=JBzUWaJfMUw8vbXJJ2tVW5-I3jZKvC4wsoxE&amp;amp;amp;amp;amp;amp;trk=nav_responsive_tab_home","https:\/\/www.youtube.com\/channel\/UCxL0wu1uN0_3_7hGG0306cw"]},{"@type":"Person","@id":"https:\/\/www.bellunopress.it\/#\/schema\/person\/79bb06722b37ece1c03d3e94beb30d73","name":"r\u00e9daction","image":{"@type":"ImageObject","inLanguage":"fr-FR","@id":"https:\/\/secure.gravatar.com\/avatar\/37d968a2e67a6fd04c169c4bdef102d0bc5d31b2546345219e348575eb80e9a0?s=96&d=mm&r=g","url":"https:\/\/secure.gravatar.com\/avatar\/37d968a2e67a6fd04c169c4bdef102d0bc5d31b2546345219e348575eb80e9a0?s=96&d=mm&r=g","contentUrl":"https:\/\/secure.gravatar.com\/avatar\/37d968a2e67a6fd04c169c4bdef102d0bc5d31b2546345219e348575eb80e9a0?s=96&d=mm&r=g","caption":"redazione"},"sameAs":["http:\/\/www.bellunopress.it","https:\/\/x.com\/bellunopress"],"url":"https:\/\/www.bellunopress.it\/fr\/author\/redazione\/"}]}},"_links":{"self":[{"href":"https:\/\/www.bellunopress.it\/fr\/wp-json\/wp\/v2\/posts\/111344","targetHints":{"allow":["GET"]}}],"collection":[{"href":"https:\/\/www.bellunopress.it\/fr\/wp-json\/wp\/v2\/posts"}],"about":[{"href":"https:\/\/www.bellunopress.it\/fr\/wp-json\/wp\/v2\/types\/post"}],"author":[{"embeddable":true,"href":"https:\/\/www.bellunopress.it\/fr\/wp-json\/wp\/v2\/users\/2"}],"replies":[{"embeddable":true,"href":"https:\/\/www.bellunopress.it\/fr\/wp-json\/wp\/v2\/comments?post=111344"}],"version-history":[{"count":2,"href":"https:\/\/www.bellunopress.it\/fr\/wp-json\/wp\/v2\/posts\/111344\/revisions"}],"predecessor-version":[{"id":111347,"href":"https:\/\/www.bellunopress.it\/fr\/wp-json\/wp\/v2\/posts\/111344\/revisions\/111347"}],"wp:attachment":[{"href":"https:\/\/www.bellunopress.it\/fr\/wp-json\/wp\/v2\/media?parent=111344"}],"wp:term":[{"taxonomy":"category","embeddable":true,"href":"https:\/\/www.bellunopress.it\/fr\/wp-json\/wp\/v2\/categories?post=111344"},{"taxonomy":"post_tag","embeddable":true,"href":"https:\/\/www.bellunopress.it\/fr\/wp-json\/wp\/v2\/tags?post=111344"}],"curies":[{"name":"wp","href":"https:\/\/api.w.org\/{rel}","templated":true}]}}