{"id":111285,"date":"2020-01-16T16:32:43","date_gmt":"2020-01-16T15:32:43","guid":{"rendered":"http:\/\/www.bellunopress.it\/?p=111285"},"modified":"2020-01-16T16:32:43","modified_gmt":"2020-01-16T15:32:43","slug":"eventi-sportivi-in-valbelluna-nasce-il-tavolo-di-coordinamento","status":"publish","type":"post","link":"https:\/\/www.bellunopress.it\/fr\/2020\/01\/16\/eventi-sportivi-in-valbelluna-nasce-il-tavolo-di-coordinamento\/","title":{"rendered":"Eventi sportivi in Valbelluna: nasce il tavolo di coordinamento"},"content":{"rendered":"<figure id=\"attachment_87552\" aria-describedby=\"caption-attachment-87552\" style=\"width: 152px\" class=\"wp-caption alignleft\"><a href=\"http:\/\/www.bellunopress.it\/fr\/2017\/07\/08\/ecco-la-nuova-giunta-di-belluno\/marco-bogo\/\" rel=\"attachment wp-att-87552\"><img loading=\"lazy\" decoding=\"async\" class=\"size-full wp-image-87552\" src=\"http:\/\/www.bellunopress.it\/wp-content\/uploads\/2017\/07\/marco-bogo.jpg\" alt=\"\" width=\"152\" height=\"200\" \/><\/a><figcaption id=\"caption-attachment-87552\" class=\"wp-caption-text\">Marco Bogo, assessore<\/figcaption><\/figure>\n<p>Belluno, 16 gennaio 2020\u00a0 &#8211;\u00a0 Eventi e manifestazioni sportive in Valbelluna, nasce oggi il tavolo di coordinamento: su invito dell&#8217;assessore allo sport del Comune di Belluno, Marco Bogo, si sono riuniti infatti a Palazzo Rosso i rappresentanti dei comuni di Feltre, Borgo Valbelluna, Limana e Sedico proprio per confrontarsi sul calendario degli eventi della vallata.<\/p>\n<p>\u00ab\u00c8 stato un incontro molto positivo, che ha raccolto l&#8217;adesione e l&#8217;interesse degli altri comuni. &#8211; ha commentato a fine incontro Bogo, che ha coordinato l&#8217;incontro con Yuki d&#8217;Emilia, assessore alle manifestazioni \u2013 Con questo confronto, vogliamo cercare di evitare sovrapposizioni di eventi sportivi e culturali di richiamo tra le varie realt\u00e0, cos\u00ec da evitare la dispersione di pubblico e partecipanti. Chiaramente, ogni comune avr\u00e0 l&#8217;autonomia di organizzare il proprio programma di manifestazioni, ma confrontandoci prima potremo evitare incomprensioni e situazioni logistiche complesse\u00bb.<\/p>\n<p>La proposta quindi ricalca su scala pi\u00f9 ampia quanto messo in atto da alcuni anni nel capoluogo, ossia il calendario condiviso degli eventi, che consente a tutti gli enti, associazioni e realt\u00e0 impegnate nell&#8217;organizzazione di eventi di conoscere l&#8217;offerta sul territorio comunale e di poter cos\u00ec realizzare la propria manifestazione senza rischi di sovrapposizioni.<br \/>\nIl tavolo permetter\u00e0 anche di lavorare sulla promozione: \u00abConoscendo per tempo il programma delle manifestazioni che animeranno nel corso dell&#8217;anno l&#8217;intera vallata bellunese, potremo far partire nuove collaborazioni in materia di promozione e pubblicizzazione degli eventi tra i vari comuni, cos\u00ec da far conoscere a tutti i visitatori l&#8217;offerta di attivit\u00e0 in tutto il nostro territorio\u00bb, sottolinea Bogo.<\/p>\n<p>L&#8217;incontro di oggi ha gi\u00e0 portato alla luce alcune problematiche: \u00abCi ritroveremo presto per cercare di risolvere o quantomeno intervenire sulle sovrapposizioni che abbiamo rilevato nel 2020 e per iniziare a stendere alcune linee comuni di collaborazione, magari estendendo il confronto anche ad altri comuni limitrofi\u00bb, conclude l&#8217;assessore.<\/p>","protected":false},"excerpt":{"rendered":"<p>Belluno, 16 gennaio 2020\u00a0 &#8211;\u00a0 Eventi e manifestazioni sportive in Valbelluna, nasce oggi il tavolo di coordinamento: su invito dell&#8217;assessore allo sport del Comune di Belluno, Marco Bogo, si sono riuniti infatti a Palazzo Rosso i rappresentanti dei comuni di Feltre, Borgo Valbelluna, Limana e Sedico proprio per confrontarsi sul calendario degli eventi della vallata. [&hellip;]<\/p>\n","protected":false},"author":2,"featured_media":0,"comment_status":"closed","ping_status":"open","sticky":false,"template":"","format":"standard","meta":{"footnotes":""},"categories":[5,26,8,4],"tags":[],"class_list":["post-111285","post","type-post","status-publish","format-standard","category-cronaca","category-prima-pagina","category-societa-istituzioni","category-sport"],"yoast_head":"<!-- This site is optimized with the Yoast SEO plugin v28.4 - https:\/\/yoast.com\/product\/yoast-seo-wordpress\/ -->\n<title>Eventi sportivi in Valbelluna: nasce il tavolo di coordinamento - Bellunopress - Dolomiti<\/title>\n<meta name=\"robots\" content=\"index, follow, max-snippet:-1, max-image-preview:large, max-video-preview:-1\" \/>\n<link rel=\"canonical\" href=\"https:\/\/www.bellunopress.it\/fr\/2020\/01\/16\/eventi-sportivi-in-valbelluna-nasce-il-tavolo-di-coordinamento\/\" \/>\n<meta property=\"og:locale\" content=\"fr_FR\" \/>\n<meta property=\"og:type\" content=\"article\" \/>\n<meta property=\"og:title\" content=\"Eventi sportivi in Valbelluna: nasce il tavolo di coordinamento - Bellunopress - Dolomiti\" \/>\n<meta property=\"og:description\" content=\"Belluno, 16 gennaio 2020\u00a0 &#8211;\u00a0 Eventi e manifestazioni sportive in Valbelluna, nasce oggi il tavolo di coordinamento: su invito dell&#8217;assessore allo sport del Comune di Belluno, Marco Bogo, si sono riuniti infatti a Palazzo Rosso i rappresentanti dei comuni di Feltre, Borgo Valbelluna, Limana e Sedico proprio per confrontarsi sul calendario degli eventi della vallata. [&hellip;]\" \/>\n<meta property=\"og:url\" content=\"https:\/\/www.bellunopress.it\/fr\/2020\/01\/16\/eventi-sportivi-in-valbelluna-nasce-il-tavolo-di-coordinamento\/\" \/>\n<meta property=\"og:site_name\" content=\"Bellunopress - Dolomiti\" \/>\n<meta property=\"article:publisher\" content=\"https:\/\/www.facebook.com\/profile.php?id=100008943462799\" \/>\n<meta property=\"article:published_time\" content=\"2020-01-16T15:32:43+00:00\" \/>\n<meta property=\"og:image\" content=\"http:\/\/www.bellunopress.it\/wp-content\/uploads\/2017\/07\/marco-bogo.jpg\" \/>\n<meta name=\"author\" content=\"redazione\" \/>\n<meta name=\"twitter:card\" content=\"summary_large_image\" \/>\n<meta name=\"twitter:creator\" content=\"@bellunopress\" \/>\n<meta name=\"twitter:site\" content=\"@bellunopress\" \/>\n<meta name=\"twitter:label1\" content=\"\u00c9crit par\" \/>\n\t<meta name=\"twitter:data1\" content=\"redazione\" \/>\n\t<meta name=\"twitter:label2\" content=\"Dur\u00e9e de lecture estim\u00e9e\" \/>\n\t<meta name=\"twitter:data2\" content=\"2 minutes\" \/>\n<script type=\"application\/ld+json\" class=\"yoast-schema-graph\">{\"@context\":\"https:\\\/\\\/schema.org\",\"@graph\":[{\"@type\":\"Article\",\"@id\":\"https:\\\/\\\/www.bellunopress.it\\\/2020\\\/01\\\/16\\\/eventi-sportivi-in-valbelluna-nasce-il-tavolo-di-coordinamento\\\/#article\",\"isPartOf\":{\"@id\":\"https:\\\/\\\/www.bellunopress.it\\\/2020\\\/01\\\/16\\\/eventi-sportivi-in-valbelluna-nasce-il-tavolo-di-coordinamento\\\/\"},\"author\":{\"name\":\"redazione\",\"@id\":\"https:\\\/\\\/www.bellunopress.it\\\/#\\\/schema\\\/person\\\/79bb06722b37ece1c03d3e94beb30d73\"},\"headline\":\"Eventi sportivi in Valbelluna: nasce il tavolo di coordinamento\",\"datePublished\":\"2020-01-16T15:32:43+00:00\",\"mainEntityOfPage\":{\"@id\":\"https:\\\/\\\/www.bellunopress.it\\\/2020\\\/01\\\/16\\\/eventi-sportivi-in-valbelluna-nasce-il-tavolo-di-coordinamento\\\/\"},\"wordCount\":325,\"publisher\":{\"@id\":\"https:\\\/\\\/www.bellunopress.it\\\/#organization\"},\"image\":{\"@id\":\"https:\\\/\\\/www.bellunopress.it\\\/2020\\\/01\\\/16\\\/eventi-sportivi-in-valbelluna-nasce-il-tavolo-di-coordinamento\\\/#primaryimage\"},\"thumbnailUrl\":\"http:\\\/\\\/www.bellunopress.it\\\/wp-content\\\/uploads\\\/2017\\\/07\\\/marco-bogo.jpg\",\"articleSection\":[\"Cronaca\\\/Politica\",\"Prima Pagina\",\"Societ\u00e0, Associazioni, Istituzioni\",\"Sport, tempo libero\"],\"inLanguage\":\"fr-FR\"},{\"@type\":\"WebPage\",\"@id\":\"https:\\\/\\\/www.bellunopress.it\\\/2020\\\/01\\\/16\\\/eventi-sportivi-in-valbelluna-nasce-il-tavolo-di-coordinamento\\\/\",\"url\":\"https:\\\/\\\/www.bellunopress.it\\\/2020\\\/01\\\/16\\\/eventi-sportivi-in-valbelluna-nasce-il-tavolo-di-coordinamento\\\/\",\"name\":\"Eventi sportivi in Valbelluna: nasce il tavolo di coordinamento - Bellunopress - Dolomiti\",\"isPartOf\":{\"@id\":\"https:\\\/\\\/www.bellunopress.it\\\/#website\"},\"primaryImageOfPage\":{\"@id\":\"https:\\\/\\\/www.bellunopress.it\\\/2020\\\/01\\\/16\\\/eventi-sportivi-in-valbelluna-nasce-il-tavolo-di-coordinamento\\\/#primaryimage\"},\"image\":{\"@id\":\"https:\\\/\\\/www.bellunopress.it\\\/2020\\\/01\\\/16\\\/eventi-sportivi-in-valbelluna-nasce-il-tavolo-di-coordinamento\\\/#primaryimage\"},\"thumbnailUrl\":\"http:\\\/\\\/www.bellunopress.it\\\/wp-content\\\/uploads\\\/2017\\\/07\\\/marco-bogo.jpg\",\"datePublished\":\"2020-01-16T15:32:43+00:00\",\"breadcrumb\":{\"@id\":\"https:\\\/\\\/www.bellunopress.it\\\/2020\\\/01\\\/16\\\/eventi-sportivi-in-valbelluna-nasce-il-tavolo-di-coordinamento\\\/#breadcrumb\"},\"inLanguage\":\"fr-FR\",\"potentialAction\":[{\"@type\":\"ReadAction\",\"target\":[\"https:\\\/\\\/www.bellunopress.it\\\/2020\\\/01\\\/16\\\/eventi-sportivi-in-valbelluna-nasce-il-tavolo-di-coordinamento\\\/\"]}]},{\"@type\":\"ImageObject\",\"inLanguage\":\"fr-FR\",\"@id\":\"https:\\\/\\\/www.bellunopress.it\\\/2020\\\/01\\\/16\\\/eventi-sportivi-in-valbelluna-nasce-il-tavolo-di-coordinamento\\\/#primaryimage\",\"url\":\"http:\\\/\\\/www.bellunopress.it\\\/wp-content\\\/uploads\\\/2017\\\/07\\\/marco-bogo.jpg\",\"contentUrl\":\"http:\\\/\\\/www.bellunopress.it\\\/wp-content\\\/uploads\\\/2017\\\/07\\\/marco-bogo.jpg\"},{\"@type\":\"BreadcrumbList\",\"@id\":\"https:\\\/\\\/www.bellunopress.it\\\/2020\\\/01\\\/16\\\/eventi-sportivi-in-valbelluna-nasce-il-tavolo-di-coordinamento\\\/#breadcrumb\",\"itemListElement\":[{\"@type\":\"ListItem\",\"position\":1,\"name\":\"Home\",\"item\":\"https:\\\/\\\/www.bellunopress.it\\\/\"},{\"@type\":\"ListItem\",\"position\":2,\"name\":\"Eventi sportivi in Valbelluna: nasce il tavolo di coordinamento\"}]},{\"@type\":\"WebSite\",\"@id\":\"https:\\\/\\\/www.bellunopress.it\\\/#website\",\"url\":\"https:\\\/\\\/www.bellunopress.it\\\/\",\"name\":\"Bellunopress - Dolomiti\",\"description\":\"e-mail: redazione@bellunopress.it\",\"publisher\":{\"@id\":\"https:\\\/\\\/www.bellunopress.it\\\/#organization\"},\"potentialAction\":[{\"@type\":\"SearchAction\",\"target\":{\"@type\":\"EntryPoint\",\"urlTemplate\":\"https:\\\/\\\/www.bellunopress.it\\\/?s={search_term_string}\"},\"query-input\":{\"@type\":\"PropertyValueSpecification\",\"valueRequired\":true,\"valueName\":\"search_term_string\"}}],\"inLanguage\":\"fr-FR\"},{\"@type\":\"Organization\",\"@id\":\"https:\\\/\\\/www.bellunopress.it\\\/#organization\",\"name\":\"Bellunopress\",\"url\":\"https:\\\/\\\/www.bellunopress.it\\\/\",\"logo\":{\"@type\":\"ImageObject\",\"inLanguage\":\"fr-FR\",\"@id\":\"https:\\\/\\\/www.bellunopress.it\\\/#\\\/schema\\\/logo\\\/image\\\/\",\"url\":\"https:\\\/\\\/www.bellunopress.it\\\/wp-content\\\/uploads\\\/2011\\\/05\\\/cropped-logo-bellunopress-.jpg\",\"contentUrl\":\"https:\\\/\\\/www.bellunopress.it\\\/wp-content\\\/uploads\\\/2011\\\/05\\\/cropped-logo-bellunopress-.jpg\",\"width\":512,\"height\":512,\"caption\":\"Bellunopress\"},\"image\":{\"@id\":\"https:\\\/\\\/www.bellunopress.it\\\/#\\\/schema\\\/logo\\\/image\\\/\"},\"sameAs\":[\"https:\\\/\\\/www.facebook.com\\\/profile.php?id=100008943462799\",\"https:\\\/\\\/x.com\\\/bellunopress\",\"https:\\\/\\\/www.linkedin.com\\\/hp\\\/?dnr=JBzUWaJfMUw8vbXJJ2tVW5-I3jZKvC4wsoxE&amp;amp;amp;amp;amp;amp;trk=nav_responsive_tab_home\",\"https:\\\/\\\/www.youtube.com\\\/channel\\\/UCxL0wu1uN0_3_7hGG0306cw\"]},{\"@type\":\"Person\",\"@id\":\"https:\\\/\\\/www.bellunopress.it\\\/#\\\/schema\\\/person\\\/79bb06722b37ece1c03d3e94beb30d73\",\"name\":\"redazione\",\"image\":{\"@type\":\"ImageObject\",\"inLanguage\":\"fr-FR\",\"@id\":\"https:\\\/\\\/secure.gravatar.com\\\/avatar\\\/37d968a2e67a6fd04c169c4bdef102d0bc5d31b2546345219e348575eb80e9a0?s=96&d=mm&r=g\",\"url\":\"https:\\\/\\\/secure.gravatar.com\\\/avatar\\\/37d968a2e67a6fd04c169c4bdef102d0bc5d31b2546345219e348575eb80e9a0?s=96&d=mm&r=g\",\"contentUrl\":\"https:\\\/\\\/secure.gravatar.com\\\/avatar\\\/37d968a2e67a6fd04c169c4bdef102d0bc5d31b2546345219e348575eb80e9a0?s=96&d=mm&r=g\",\"caption\":\"redazione\"},\"sameAs\":[\"http:\\\/\\\/www.bellunopress.it\",\"https:\\\/\\\/x.com\\\/bellunopress\"],\"url\":\"https:\\\/\\\/www.bellunopress.it\\\/fr\\\/author\\\/redazione\\\/\"}]}<\/script>\n<!-- \/ Yoast SEO plugin. -->","yoast_head_json":{"title":"Eventi sportivi in Valbelluna: nasce il tavolo di coordinamento - Bellunopress - Dolomiti","robots":{"index":"index","follow":"follow","max-snippet":"max-snippet:-1","max-image-preview":"max-image-preview:large","max-video-preview":"max-video-preview:-1"},"canonical":"https:\/\/www.bellunopress.it\/fr\/2020\/01\/16\/eventi-sportivi-in-valbelluna-nasce-il-tavolo-di-coordinamento\/","og_locale":"fr_FR","og_type":"article","og_title":"Eventi sportivi in Valbelluna: nasce il tavolo di coordinamento - Bellunopress - Dolomiti","og_description":"Belluno, 16 gennaio 2020\u00a0 &#8211;\u00a0 Eventi e manifestazioni sportive in Valbelluna, nasce oggi il tavolo di coordinamento: su invito dell&#8217;assessore allo sport del Comune di Belluno, Marco Bogo, si sono riuniti infatti a Palazzo Rosso i rappresentanti dei comuni di Feltre, Borgo Valbelluna, Limana e Sedico proprio per confrontarsi sul calendario degli eventi della vallata. [&hellip;]","og_url":"https:\/\/www.bellunopress.it\/fr\/2020\/01\/16\/eventi-sportivi-in-valbelluna-nasce-il-tavolo-di-coordinamento\/","og_site_name":"Bellunopress - Dolomiti","article_publisher":"https:\/\/www.facebook.com\/profile.php?id=100008943462799","article_published_time":"2020-01-16T15:32:43+00:00","og_image":[{"url":"http:\/\/www.bellunopress.it\/wp-content\/uploads\/2017\/07\/marco-bogo.jpg","type":"","width":"","height":""}],"author":"redazione","twitter_card":"summary_large_image","twitter_creator":"@bellunopress","twitter_site":"@bellunopress","twitter_misc":{"\u00c9crit par":"redazione","Dur\u00e9e de lecture estim\u00e9e":"2 minutes"},"schema":{"@context":"https:\/\/schema.org","@graph":[{"@type":"Article","@id":"https:\/\/www.bellunopress.it\/2020\/01\/16\/eventi-sportivi-in-valbelluna-nasce-il-tavolo-di-coordinamento\/#article","isPartOf":{"@id":"https:\/\/www.bellunopress.it\/2020\/01\/16\/eventi-sportivi-in-valbelluna-nasce-il-tavolo-di-coordinamento\/"},"author":{"name":"redazione","@id":"https:\/\/www.bellunopress.it\/#\/schema\/person\/79bb06722b37ece1c03d3e94beb30d73"},"headline":"Eventi sportivi in Valbelluna: nasce il tavolo di coordinamento","datePublished":"2020-01-16T15:32:43+00:00","mainEntityOfPage":{"@id":"https:\/\/www.bellunopress.it\/2020\/01\/16\/eventi-sportivi-in-valbelluna-nasce-il-tavolo-di-coordinamento\/"},"wordCount":325,"publisher":{"@id":"https:\/\/www.bellunopress.it\/#organization"},"image":{"@id":"https:\/\/www.bellunopress.it\/2020\/01\/16\/eventi-sportivi-in-valbelluna-nasce-il-tavolo-di-coordinamento\/#primaryimage"},"thumbnailUrl":"http:\/\/www.bellunopress.it\/wp-content\/uploads\/2017\/07\/marco-bogo.jpg","articleSection":["Cronaca\/Politica","Prima Pagina","Societ\u00e0, Associazioni, Istituzioni","Sport, tempo libero"],"inLanguage":"fr-FR"},{"@type":"WebPage","@id":"https:\/\/www.bellunopress.it\/2020\/01\/16\/eventi-sportivi-in-valbelluna-nasce-il-tavolo-di-coordinamento\/","url":"https:\/\/www.bellunopress.it\/2020\/01\/16\/eventi-sportivi-in-valbelluna-nasce-il-tavolo-di-coordinamento\/","name":"Eventi sportivi in Valbelluna: nasce il tavolo di coordinamento - Bellunopress - Dolomiti","isPartOf":{"@id":"https:\/\/www.bellunopress.it\/#website"},"primaryImageOfPage":{"@id":"https:\/\/www.bellunopress.it\/2020\/01\/16\/eventi-sportivi-in-valbelluna-nasce-il-tavolo-di-coordinamento\/#primaryimage"},"image":{"@id":"https:\/\/www.bellunopress.it\/2020\/01\/16\/eventi-sportivi-in-valbelluna-nasce-il-tavolo-di-coordinamento\/#primaryimage"},"thumbnailUrl":"http:\/\/www.bellunopress.it\/wp-content\/uploads\/2017\/07\/marco-bogo.jpg","datePublished":"2020-01-16T15:32:43+00:00","breadcrumb":{"@id":"https:\/\/www.bellunopress.it\/2020\/01\/16\/eventi-sportivi-in-valbelluna-nasce-il-tavolo-di-coordinamento\/#breadcrumb"},"inLanguage":"fr-FR","potentialAction":[{"@type":"ReadAction","target":["https:\/\/www.bellunopress.it\/2020\/01\/16\/eventi-sportivi-in-valbelluna-nasce-il-tavolo-di-coordinamento\/"]}]},{"@type":"ImageObject","inLanguage":"fr-FR","@id":"https:\/\/www.bellunopress.it\/2020\/01\/16\/eventi-sportivi-in-valbelluna-nasce-il-tavolo-di-coordinamento\/#primaryimage","url":"http:\/\/www.bellunopress.it\/wp-content\/uploads\/2017\/07\/marco-bogo.jpg","contentUrl":"http:\/\/www.bellunopress.it\/wp-content\/uploads\/2017\/07\/marco-bogo.jpg"},{"@type":"BreadcrumbList","@id":"https:\/\/www.bellunopress.it\/2020\/01\/16\/eventi-sportivi-in-valbelluna-nasce-il-tavolo-di-coordinamento\/#breadcrumb","itemListElement":[{"@type":"ListItem","position":1,"name":"Home","item":"https:\/\/www.bellunopress.it\/"},{"@type":"ListItem","position":2,"name":"Eventi sportivi in Valbelluna: nasce il tavolo di coordinamento"}]},{"@type":"WebSite","@id":"https:\/\/www.bellunopress.it\/#website","url":"https:\/\/www.bellunopress.it\/","name":"Bellunopress - Dolomiti","description":"e-mail: redazione@bellunopress.it","publisher":{"@id":"https:\/\/www.bellunopress.it\/#organization"},"potentialAction":[{"@type":"SearchAction","target":{"@type":"EntryPoint","urlTemplate":"https:\/\/www.bellunopress.it\/?s={search_term_string}"},"query-input":{"@type":"PropertyValueSpecification","valueRequired":true,"valueName":"search_term_string"}}],"inLanguage":"fr-FR"},{"@type":"Organization","@id":"https:\/\/www.bellunopress.it\/#organization","name":"Bellunopress","url":"https:\/\/www.bellunopress.it\/","logo":{"@type":"ImageObject","inLanguage":"fr-FR","@id":"https:\/\/www.bellunopress.it\/#\/schema\/logo\/image\/","url":"https:\/\/www.bellunopress.it\/wp-content\/uploads\/2011\/05\/cropped-logo-bellunopress-.jpg","contentUrl":"https:\/\/www.bellunopress.it\/wp-content\/uploads\/2011\/05\/cropped-logo-bellunopress-.jpg","width":512,"height":512,"caption":"Bellunopress"},"image":{"@id":"https:\/\/www.bellunopress.it\/#\/schema\/logo\/image\/"},"sameAs":["https:\/\/www.facebook.com\/profile.php?id=100008943462799","https:\/\/x.com\/bellunopress","https:\/\/www.linkedin.com\/hp\/?dnr=JBzUWaJfMUw8vbXJJ2tVW5-I3jZKvC4wsoxE&amp;amp;amp;amp;amp;amp;trk=nav_responsive_tab_home","https:\/\/www.youtube.com\/channel\/UCxL0wu1uN0_3_7hGG0306cw"]},{"@type":"Person","@id":"https:\/\/www.bellunopress.it\/#\/schema\/person\/79bb06722b37ece1c03d3e94beb30d73","name":"r\u00e9daction","image":{"@type":"ImageObject","inLanguage":"fr-FR","@id":"https:\/\/secure.gravatar.com\/avatar\/37d968a2e67a6fd04c169c4bdef102d0bc5d31b2546345219e348575eb80e9a0?s=96&d=mm&r=g","url":"https:\/\/secure.gravatar.com\/avatar\/37d968a2e67a6fd04c169c4bdef102d0bc5d31b2546345219e348575eb80e9a0?s=96&d=mm&r=g","contentUrl":"https:\/\/secure.gravatar.com\/avatar\/37d968a2e67a6fd04c169c4bdef102d0bc5d31b2546345219e348575eb80e9a0?s=96&d=mm&r=g","caption":"redazione"},"sameAs":["http:\/\/www.bellunopress.it","https:\/\/x.com\/bellunopress"],"url":"https:\/\/www.bellunopress.it\/fr\/author\/redazione\/"}]}},"_links":{"self":[{"href":"https:\/\/www.bellunopress.it\/fr\/wp-json\/wp\/v2\/posts\/111285","targetHints":{"allow":["GET"]}}],"collection":[{"href":"https:\/\/www.bellunopress.it\/fr\/wp-json\/wp\/v2\/posts"}],"about":[{"href":"https:\/\/www.bellunopress.it\/fr\/wp-json\/wp\/v2\/types\/post"}],"author":[{"embeddable":true,"href":"https:\/\/www.bellunopress.it\/fr\/wp-json\/wp\/v2\/users\/2"}],"replies":[{"embeddable":true,"href":"https:\/\/www.bellunopress.it\/fr\/wp-json\/wp\/v2\/comments?post=111285"}],"version-history":[{"count":1,"href":"https:\/\/www.bellunopress.it\/fr\/wp-json\/wp\/v2\/posts\/111285\/revisions"}],"predecessor-version":[{"id":111286,"href":"https:\/\/www.bellunopress.it\/fr\/wp-json\/wp\/v2\/posts\/111285\/revisions\/111286"}],"wp:attachment":[{"href":"https:\/\/www.bellunopress.it\/fr\/wp-json\/wp\/v2\/media?parent=111285"}],"wp:term":[{"taxonomy":"category","embeddable":true,"href":"https:\/\/www.bellunopress.it\/fr\/wp-json\/wp\/v2\/categories?post=111285"},{"taxonomy":"post_tag","embeddable":true,"href":"https:\/\/www.bellunopress.it\/fr\/wp-json\/wp\/v2\/tags?post=111285"}],"curies":[{"name":"wp","href":"https:\/\/api.w.org\/{rel}","templated":true}]}}