{"id":111281,"date":"2020-01-16T13:47:13","date_gmt":"2020-01-16T12:47:13","guid":{"rendered":"http:\/\/www.bellunopress.it\/?p=111281"},"modified":"2020-01-16T13:47:13","modified_gmt":"2020-01-16T12:47:13","slug":"sabato-al-comunale-il-monologo-di-roberta-biagiarelli-a-come-srebrenica-sulla-guerra-civile-nella-ex-jugoslavia-nel-1995","status":"publish","type":"post","link":"https:\/\/www.bellunopress.it\/fr\/2020\/01\/16\/sabato-al-comunale-il-monologo-di-roberta-biagiarelli-a-come-srebrenica-sulla-guerra-civile-nella-ex-jugoslavia-nel-1995\/","title":{"rendered":"Sabato al Comunale il monologo di Roberta Biagiarelli &#8220;A come Srebrenica&#8221; sulla guerra civile nella ex Jugoslavia nel 1995"},"content":{"rendered":"<p>Sabato 18 gennaio 2020 alle ore 20.45, al Teatro Comunale di Belluno andr\u00e0 in scena lo spettacolo &#8220;A come Srebrenica&#8221;\u00a0 da un progetto di Roberta Biagiarelli, a cura di: Scuole in Rete. Secondo appuntamento della rassegna di Teatro Civile: Tracciati.<\/p>\n<figure id=\"attachment_108723\" aria-describedby=\"caption-attachment-108723\" style=\"width: 300px\" class=\"wp-caption alignleft\"><a href=\"http:\/\/www.bellunopress.it\/fr\/2019\/10\/14\/temporali-in-arrivo-da-martedi-pomeriggio-a-mercoledi-mattina\/pioggia-teatro-comunale\/\" rel=\"attachment wp-att-108723\"><img loading=\"lazy\" decoding=\"async\" class=\"size-full wp-image-108723\" src=\"http:\/\/www.bellunopress.it\/wp-content\/uploads\/2019\/10\/Pioggia-teatro-comunale.jpg\" alt=\"\" width=\"300\" height=\"225\" \/><\/a><figcaption id=\"caption-attachment-108723\" class=\"wp-caption-text\">Teatro Comunale di Belluno<\/figcaption><\/figure>\n<p>Il monologo \u201cA come Srebrenica\u201d, come testimonianza teatrale. Roberta Biagiarelli ricostruisce la storia recente del genocidio di Srebrenica avvenuto nel luglio 1995, l\u2019ultimo grande Genocidio compiuto in Europa da dopo la fine della Seconda Guerra mondiale.<br \/>\nIntorno al 9 luglio 1995 l\u2019armata serbo \u2013 bosniaca attacca la zona protetta di Srebrenica, piccola cittadina della Bosnia-Erzegovina e il territorio circostante. L\u2019offensiva si protrae fino all\u201911 luglio 1995, giorno in cui le unit\u00e0 serbo bosniache entrano nella citt\u00e0. Seguono stupri, mutilazioni, esecuzioni<br \/>\ndi civili, sepolture di vivi. Ma il massacro di 8.372 civili di quella met\u00e0 di luglio del 1995 \u00e8 solo l\u2019epilogo di una storia iniziata tre anni prima, una storia di assedio. Un\u2019attrice sola sul palco per pi\u00f9 di un\u2019ora diventa narratrice e protagonista di una storia dove la ragion di Stato e gli interessi di politica internazionale hanno giocato a Risiko con la vita di decine di migliaia di persone.<\/p>\n<p>&nbsp;<\/p>\n<p><strong>AUTORI E CAST<\/strong><\/p>\n<p>di e con Roberta Biagiarelli,<br \/>\nmaestro d\u2019ispirazione Luca Rastello<br \/>\nregia di Simona Gonella<br \/>\n\u00e8 stato replicato per ben oltre 500 volte in Italia e all\u2019estero ( tourn\u00e9e in Spagna,<br \/>\nSarajevo, Gerusalemme, Vienna e recentemente al Parlamento Europeo a<br \/>\nBruxelles)<\/p>\n<p><strong>BIGLIETTI E PREVENDITE<\/strong><\/p>\n<p>Intero Euro 15,00<br \/>\nRidotto Euro 12,00 (riduzioni per under 18 \u2013 over 65 \u2013 possessori della tessera<br \/>\nVivoteatro*)<\/p>\n<p>Abbonamento: Intero Euro 60,00 e Ridotto Euro 50,00<\/p>\n<p>Biglietteria Online al seguente link<\/p>\n<p><strong>PREVENDITE<\/strong><\/p>\n<p>presso il Museo Civico di Palazzo Fulcis, via Roma 28 (di fronte al Teatro) nei seguenti orari:<\/p>\n<p>Marted\u00ec, Mercoled\u00ec e Venerd\u00ec: dalle 9.30 alle 12.30 e dalle 15.30 alle 18.30<br \/>\nGioved\u00ec: dalle 9.30 alle 12.30<br \/>\nSabato e Domenica: orario continuato dalle 10.00 alle 18.30<br \/>\nLuned\u00ec: chiuso<\/p>","protected":false},"excerpt":{"rendered":"<p>Sabato 18 gennaio 2020 alle ore 20.45, al Teatro Comunale di Belluno andr\u00e0 in scena lo spettacolo &#8220;A come Srebrenica&#8221;\u00a0 da un progetto di Roberta Biagiarelli, a cura di: Scuole in Rete. Secondo appuntamento della rassegna di Teatro Civile: Tracciati. Il monologo \u201cA come Srebrenica\u201d, come testimonianza teatrale. Roberta Biagiarelli ricostruisce la storia recente del [&hellip;]<\/p>\n","protected":false},"author":2,"featured_media":0,"comment_status":"closed","ping_status":"open","sticky":false,"template":"","format":"standard","meta":{"footnotes":""},"categories":[27,3,25],"tags":[],"class_list":["post-111281","post","type-post","status-publish","format-standard","category-appuntamenti","category-arte-cultura-spettacoli-scienza-archivi","category-pausa-caffe"],"yoast_head":"<!-- This site is optimized with the Yoast SEO plugin v28.4 - https:\/\/yoast.com\/product\/yoast-seo-wordpress\/ -->\n<title>Sabato al Comunale il monologo di Roberta Biagiarelli &quot;A come Srebrenica&quot; sulla guerra civile nella ex Jugoslavia nel 1995 - Bellunopress - Dolomiti<\/title>\n<meta name=\"robots\" content=\"index, follow, max-snippet:-1, max-image-preview:large, max-video-preview:-1\" \/>\n<link rel=\"canonical\" href=\"https:\/\/www.bellunopress.it\/fr\/2020\/01\/16\/sabato-al-comunale-il-monologo-di-roberta-biagiarelli-a-come-srebrenica-sulla-guerra-civile-nella-ex-jugoslavia-nel-1995\/\" \/>\n<meta property=\"og:locale\" content=\"fr_FR\" \/>\n<meta property=\"og:type\" content=\"article\" \/>\n<meta property=\"og:title\" content=\"Sabato al Comunale il monologo di Roberta Biagiarelli &quot;A come Srebrenica&quot; sulla guerra civile nella ex Jugoslavia nel 1995 - Bellunopress - Dolomiti\" \/>\n<meta property=\"og:description\" content=\"Sabato 18 gennaio 2020 alle ore 20.45, al Teatro Comunale di Belluno andr\u00e0 in scena lo spettacolo &#8220;A come Srebrenica&#8221;\u00a0 da un progetto di Roberta Biagiarelli, a cura di: Scuole in Rete. Secondo appuntamento della rassegna di Teatro Civile: Tracciati. Il monologo \u201cA come Srebrenica\u201d, come testimonianza teatrale. Roberta Biagiarelli ricostruisce la storia recente del [&hellip;]\" \/>\n<meta property=\"og:url\" content=\"https:\/\/www.bellunopress.it\/fr\/2020\/01\/16\/sabato-al-comunale-il-monologo-di-roberta-biagiarelli-a-come-srebrenica-sulla-guerra-civile-nella-ex-jugoslavia-nel-1995\/\" \/>\n<meta property=\"og:site_name\" content=\"Bellunopress - Dolomiti\" \/>\n<meta property=\"article:publisher\" content=\"https:\/\/www.facebook.com\/profile.php?id=100008943462799\" \/>\n<meta property=\"article:published_time\" content=\"2020-01-16T12:47:13+00:00\" \/>\n<meta property=\"og:image\" content=\"http:\/\/www.bellunopress.it\/wp-content\/uploads\/2019\/10\/Pioggia-teatro-comunale.jpg\" \/>\n<meta name=\"author\" content=\"redazione\" \/>\n<meta name=\"twitter:card\" content=\"summary_large_image\" \/>\n<meta name=\"twitter:creator\" content=\"@bellunopress\" \/>\n<meta name=\"twitter:site\" content=\"@bellunopress\" \/>\n<meta name=\"twitter:label1\" content=\"\u00c9crit par\" \/>\n\t<meta name=\"twitter:data1\" content=\"redazione\" \/>\n\t<meta name=\"twitter:label2\" content=\"Dur\u00e9e de lecture estim\u00e9e\" \/>\n\t<meta name=\"twitter:data2\" content=\"2 minutes\" \/>\n<script type=\"application\/ld+json\" class=\"yoast-schema-graph\">{\"@context\":\"https:\\\/\\\/schema.org\",\"@graph\":[{\"@type\":\"Article\",\"@id\":\"https:\\\/\\\/www.bellunopress.it\\\/2020\\\/01\\\/16\\\/sabato-al-comunale-il-monologo-di-roberta-biagiarelli-a-come-srebrenica-sulla-guerra-civile-nella-ex-jugoslavia-nel-1995\\\/#article\",\"isPartOf\":{\"@id\":\"https:\\\/\\\/www.bellunopress.it\\\/2020\\\/01\\\/16\\\/sabato-al-comunale-il-monologo-di-roberta-biagiarelli-a-come-srebrenica-sulla-guerra-civile-nella-ex-jugoslavia-nel-1995\\\/\"},\"author\":{\"name\":\"redazione\",\"@id\":\"https:\\\/\\\/www.bellunopress.it\\\/#\\\/schema\\\/person\\\/79bb06722b37ece1c03d3e94beb30d73\"},\"headline\":\"Sabato al Comunale il monologo di Roberta Biagiarelli &#8220;A come Srebrenica&#8221; sulla guerra civile nella ex Jugoslavia nel 1995\",\"datePublished\":\"2020-01-16T12:47:13+00:00\",\"mainEntityOfPage\":{\"@id\":\"https:\\\/\\\/www.bellunopress.it\\\/2020\\\/01\\\/16\\\/sabato-al-comunale-il-monologo-di-roberta-biagiarelli-a-come-srebrenica-sulla-guerra-civile-nella-ex-jugoslavia-nel-1995\\\/\"},\"wordCount\":322,\"publisher\":{\"@id\":\"https:\\\/\\\/www.bellunopress.it\\\/#organization\"},\"image\":{\"@id\":\"https:\\\/\\\/www.bellunopress.it\\\/2020\\\/01\\\/16\\\/sabato-al-comunale-il-monologo-di-roberta-biagiarelli-a-come-srebrenica-sulla-guerra-civile-nella-ex-jugoslavia-nel-1995\\\/#primaryimage\"},\"thumbnailUrl\":\"http:\\\/\\\/www.bellunopress.it\\\/wp-content\\\/uploads\\\/2019\\\/10\\\/Pioggia-teatro-comunale.jpg\",\"articleSection\":[\"Appuntamenti, Eventi\",\"Arte, Cultura, Spettacoli, Scienza\",\"Pausa Caff\u00e8\"],\"inLanguage\":\"fr-FR\"},{\"@type\":\"WebPage\",\"@id\":\"https:\\\/\\\/www.bellunopress.it\\\/2020\\\/01\\\/16\\\/sabato-al-comunale-il-monologo-di-roberta-biagiarelli-a-come-srebrenica-sulla-guerra-civile-nella-ex-jugoslavia-nel-1995\\\/\",\"url\":\"https:\\\/\\\/www.bellunopress.it\\\/2020\\\/01\\\/16\\\/sabato-al-comunale-il-monologo-di-roberta-biagiarelli-a-come-srebrenica-sulla-guerra-civile-nella-ex-jugoslavia-nel-1995\\\/\",\"name\":\"Sabato al Comunale il monologo di Roberta Biagiarelli \\\"A come Srebrenica\\\" sulla guerra civile nella ex Jugoslavia nel 1995 - Bellunopress - Dolomiti\",\"isPartOf\":{\"@id\":\"https:\\\/\\\/www.bellunopress.it\\\/#website\"},\"primaryImageOfPage\":{\"@id\":\"https:\\\/\\\/www.bellunopress.it\\\/2020\\\/01\\\/16\\\/sabato-al-comunale-il-monologo-di-roberta-biagiarelli-a-come-srebrenica-sulla-guerra-civile-nella-ex-jugoslavia-nel-1995\\\/#primaryimage\"},\"image\":{\"@id\":\"https:\\\/\\\/www.bellunopress.it\\\/2020\\\/01\\\/16\\\/sabato-al-comunale-il-monologo-di-roberta-biagiarelli-a-come-srebrenica-sulla-guerra-civile-nella-ex-jugoslavia-nel-1995\\\/#primaryimage\"},\"thumbnailUrl\":\"http:\\\/\\\/www.bellunopress.it\\\/wp-content\\\/uploads\\\/2019\\\/10\\\/Pioggia-teatro-comunale.jpg\",\"datePublished\":\"2020-01-16T12:47:13+00:00\",\"breadcrumb\":{\"@id\":\"https:\\\/\\\/www.bellunopress.it\\\/2020\\\/01\\\/16\\\/sabato-al-comunale-il-monologo-di-roberta-biagiarelli-a-come-srebrenica-sulla-guerra-civile-nella-ex-jugoslavia-nel-1995\\\/#breadcrumb\"},\"inLanguage\":\"fr-FR\",\"potentialAction\":[{\"@type\":\"ReadAction\",\"target\":[\"https:\\\/\\\/www.bellunopress.it\\\/2020\\\/01\\\/16\\\/sabato-al-comunale-il-monologo-di-roberta-biagiarelli-a-come-srebrenica-sulla-guerra-civile-nella-ex-jugoslavia-nel-1995\\\/\"]}]},{\"@type\":\"ImageObject\",\"inLanguage\":\"fr-FR\",\"@id\":\"https:\\\/\\\/www.bellunopress.it\\\/2020\\\/01\\\/16\\\/sabato-al-comunale-il-monologo-di-roberta-biagiarelli-a-come-srebrenica-sulla-guerra-civile-nella-ex-jugoslavia-nel-1995\\\/#primaryimage\",\"url\":\"http:\\\/\\\/www.bellunopress.it\\\/wp-content\\\/uploads\\\/2019\\\/10\\\/Pioggia-teatro-comunale.jpg\",\"contentUrl\":\"http:\\\/\\\/www.bellunopress.it\\\/wp-content\\\/uploads\\\/2019\\\/10\\\/Pioggia-teatro-comunale.jpg\"},{\"@type\":\"BreadcrumbList\",\"@id\":\"https:\\\/\\\/www.bellunopress.it\\\/2020\\\/01\\\/16\\\/sabato-al-comunale-il-monologo-di-roberta-biagiarelli-a-come-srebrenica-sulla-guerra-civile-nella-ex-jugoslavia-nel-1995\\\/#breadcrumb\",\"itemListElement\":[{\"@type\":\"ListItem\",\"position\":1,\"name\":\"Home\",\"item\":\"https:\\\/\\\/www.bellunopress.it\\\/\"},{\"@type\":\"ListItem\",\"position\":2,\"name\":\"Sabato al Comunale il monologo di Roberta Biagiarelli &#8220;A come Srebrenica&#8221; sulla guerra civile nella ex Jugoslavia nel 1995\"}]},{\"@type\":\"WebSite\",\"@id\":\"https:\\\/\\\/www.bellunopress.it\\\/#website\",\"url\":\"https:\\\/\\\/www.bellunopress.it\\\/\",\"name\":\"Bellunopress - Dolomiti\",\"description\":\"e-mail: redazione@bellunopress.it\",\"publisher\":{\"@id\":\"https:\\\/\\\/www.bellunopress.it\\\/#organization\"},\"potentialAction\":[{\"@type\":\"SearchAction\",\"target\":{\"@type\":\"EntryPoint\",\"urlTemplate\":\"https:\\\/\\\/www.bellunopress.it\\\/?s={search_term_string}\"},\"query-input\":{\"@type\":\"PropertyValueSpecification\",\"valueRequired\":true,\"valueName\":\"search_term_string\"}}],\"inLanguage\":\"fr-FR\"},{\"@type\":\"Organization\",\"@id\":\"https:\\\/\\\/www.bellunopress.it\\\/#organization\",\"name\":\"Bellunopress\",\"url\":\"https:\\\/\\\/www.bellunopress.it\\\/\",\"logo\":{\"@type\":\"ImageObject\",\"inLanguage\":\"fr-FR\",\"@id\":\"https:\\\/\\\/www.bellunopress.it\\\/#\\\/schema\\\/logo\\\/image\\\/\",\"url\":\"https:\\\/\\\/www.bellunopress.it\\\/wp-content\\\/uploads\\\/2011\\\/05\\\/cropped-logo-bellunopress-.jpg\",\"contentUrl\":\"https:\\\/\\\/www.bellunopress.it\\\/wp-content\\\/uploads\\\/2011\\\/05\\\/cropped-logo-bellunopress-.jpg\",\"width\":512,\"height\":512,\"caption\":\"Bellunopress\"},\"image\":{\"@id\":\"https:\\\/\\\/www.bellunopress.it\\\/#\\\/schema\\\/logo\\\/image\\\/\"},\"sameAs\":[\"https:\\\/\\\/www.facebook.com\\\/profile.php?id=100008943462799\",\"https:\\\/\\\/x.com\\\/bellunopress\",\"https:\\\/\\\/www.linkedin.com\\\/hp\\\/?dnr=JBzUWaJfMUw8vbXJJ2tVW5-I3jZKvC4wsoxE&amp;amp;amp;amp;amp;amp;trk=nav_responsive_tab_home\",\"https:\\\/\\\/www.youtube.com\\\/channel\\\/UCxL0wu1uN0_3_7hGG0306cw\"]},{\"@type\":\"Person\",\"@id\":\"https:\\\/\\\/www.bellunopress.it\\\/#\\\/schema\\\/person\\\/79bb06722b37ece1c03d3e94beb30d73\",\"name\":\"redazione\",\"image\":{\"@type\":\"ImageObject\",\"inLanguage\":\"fr-FR\",\"@id\":\"https:\\\/\\\/secure.gravatar.com\\\/avatar\\\/37d968a2e67a6fd04c169c4bdef102d0bc5d31b2546345219e348575eb80e9a0?s=96&d=mm&r=g\",\"url\":\"https:\\\/\\\/secure.gravatar.com\\\/avatar\\\/37d968a2e67a6fd04c169c4bdef102d0bc5d31b2546345219e348575eb80e9a0?s=96&d=mm&r=g\",\"contentUrl\":\"https:\\\/\\\/secure.gravatar.com\\\/avatar\\\/37d968a2e67a6fd04c169c4bdef102d0bc5d31b2546345219e348575eb80e9a0?s=96&d=mm&r=g\",\"caption\":\"redazione\"},\"sameAs\":[\"http:\\\/\\\/www.bellunopress.it\",\"https:\\\/\\\/x.com\\\/bellunopress\"],\"url\":\"https:\\\/\\\/www.bellunopress.it\\\/fr\\\/author\\\/redazione\\\/\"}]}<\/script>\n<!-- \/ Yoast SEO plugin. -->","yoast_head_json":{"title":"Sabato al Comunale il monologo di Roberta Biagiarelli \"A come Srebrenica\" sulla guerra civile nella ex Jugoslavia nel 1995 - Bellunopress - Dolomiti","robots":{"index":"index","follow":"follow","max-snippet":"max-snippet:-1","max-image-preview":"max-image-preview:large","max-video-preview":"max-video-preview:-1"},"canonical":"https:\/\/www.bellunopress.it\/fr\/2020\/01\/16\/sabato-al-comunale-il-monologo-di-roberta-biagiarelli-a-come-srebrenica-sulla-guerra-civile-nella-ex-jugoslavia-nel-1995\/","og_locale":"fr_FR","og_type":"article","og_title":"Sabato al Comunale il monologo di Roberta Biagiarelli \"A come Srebrenica\" sulla guerra civile nella ex Jugoslavia nel 1995 - Bellunopress - Dolomiti","og_description":"Sabato 18 gennaio 2020 alle ore 20.45, al Teatro Comunale di Belluno andr\u00e0 in scena lo spettacolo &#8220;A come Srebrenica&#8221;\u00a0 da un progetto di Roberta Biagiarelli, a cura di: Scuole in Rete. Secondo appuntamento della rassegna di Teatro Civile: Tracciati. Il monologo \u201cA come Srebrenica\u201d, come testimonianza teatrale. Roberta Biagiarelli ricostruisce la storia recente del [&hellip;]","og_url":"https:\/\/www.bellunopress.it\/fr\/2020\/01\/16\/sabato-al-comunale-il-monologo-di-roberta-biagiarelli-a-come-srebrenica-sulla-guerra-civile-nella-ex-jugoslavia-nel-1995\/","og_site_name":"Bellunopress - Dolomiti","article_publisher":"https:\/\/www.facebook.com\/profile.php?id=100008943462799","article_published_time":"2020-01-16T12:47:13+00:00","og_image":[{"url":"http:\/\/www.bellunopress.it\/wp-content\/uploads\/2019\/10\/Pioggia-teatro-comunale.jpg","type":"","width":"","height":""}],"author":"redazione","twitter_card":"summary_large_image","twitter_creator":"@bellunopress","twitter_site":"@bellunopress","twitter_misc":{"\u00c9crit par":"redazione","Dur\u00e9e de lecture estim\u00e9e":"2 minutes"},"schema":{"@context":"https:\/\/schema.org","@graph":[{"@type":"Article","@id":"https:\/\/www.bellunopress.it\/2020\/01\/16\/sabato-al-comunale-il-monologo-di-roberta-biagiarelli-a-come-srebrenica-sulla-guerra-civile-nella-ex-jugoslavia-nel-1995\/#article","isPartOf":{"@id":"https:\/\/www.bellunopress.it\/2020\/01\/16\/sabato-al-comunale-il-monologo-di-roberta-biagiarelli-a-come-srebrenica-sulla-guerra-civile-nella-ex-jugoslavia-nel-1995\/"},"author":{"name":"redazione","@id":"https:\/\/www.bellunopress.it\/#\/schema\/person\/79bb06722b37ece1c03d3e94beb30d73"},"headline":"Sabato al Comunale il monologo di Roberta Biagiarelli &#8220;A come Srebrenica&#8221; sulla guerra civile nella ex Jugoslavia nel 1995","datePublished":"2020-01-16T12:47:13+00:00","mainEntityOfPage":{"@id":"https:\/\/www.bellunopress.it\/2020\/01\/16\/sabato-al-comunale-il-monologo-di-roberta-biagiarelli-a-come-srebrenica-sulla-guerra-civile-nella-ex-jugoslavia-nel-1995\/"},"wordCount":322,"publisher":{"@id":"https:\/\/www.bellunopress.it\/#organization"},"image":{"@id":"https:\/\/www.bellunopress.it\/2020\/01\/16\/sabato-al-comunale-il-monologo-di-roberta-biagiarelli-a-come-srebrenica-sulla-guerra-civile-nella-ex-jugoslavia-nel-1995\/#primaryimage"},"thumbnailUrl":"http:\/\/www.bellunopress.it\/wp-content\/uploads\/2019\/10\/Pioggia-teatro-comunale.jpg","articleSection":["Appuntamenti, Eventi","Arte, Cultura, Spettacoli, Scienza","Pausa Caff\u00e8"],"inLanguage":"fr-FR"},{"@type":"WebPage","@id":"https:\/\/www.bellunopress.it\/2020\/01\/16\/sabato-al-comunale-il-monologo-di-roberta-biagiarelli-a-come-srebrenica-sulla-guerra-civile-nella-ex-jugoslavia-nel-1995\/","url":"https:\/\/www.bellunopress.it\/2020\/01\/16\/sabato-al-comunale-il-monologo-di-roberta-biagiarelli-a-come-srebrenica-sulla-guerra-civile-nella-ex-jugoslavia-nel-1995\/","name":"Sabato al Comunale il monologo di Roberta Biagiarelli \"A come Srebrenica\" sulla guerra civile nella ex Jugoslavia nel 1995 - Bellunopress - Dolomiti","isPartOf":{"@id":"https:\/\/www.bellunopress.it\/#website"},"primaryImageOfPage":{"@id":"https:\/\/www.bellunopress.it\/2020\/01\/16\/sabato-al-comunale-il-monologo-di-roberta-biagiarelli-a-come-srebrenica-sulla-guerra-civile-nella-ex-jugoslavia-nel-1995\/#primaryimage"},"image":{"@id":"https:\/\/www.bellunopress.it\/2020\/01\/16\/sabato-al-comunale-il-monologo-di-roberta-biagiarelli-a-come-srebrenica-sulla-guerra-civile-nella-ex-jugoslavia-nel-1995\/#primaryimage"},"thumbnailUrl":"http:\/\/www.bellunopress.it\/wp-content\/uploads\/2019\/10\/Pioggia-teatro-comunale.jpg","datePublished":"2020-01-16T12:47:13+00:00","breadcrumb":{"@id":"https:\/\/www.bellunopress.it\/2020\/01\/16\/sabato-al-comunale-il-monologo-di-roberta-biagiarelli-a-come-srebrenica-sulla-guerra-civile-nella-ex-jugoslavia-nel-1995\/#breadcrumb"},"inLanguage":"fr-FR","potentialAction":[{"@type":"ReadAction","target":["https:\/\/www.bellunopress.it\/2020\/01\/16\/sabato-al-comunale-il-monologo-di-roberta-biagiarelli-a-come-srebrenica-sulla-guerra-civile-nella-ex-jugoslavia-nel-1995\/"]}]},{"@type":"ImageObject","inLanguage":"fr-FR","@id":"https:\/\/www.bellunopress.it\/2020\/01\/16\/sabato-al-comunale-il-monologo-di-roberta-biagiarelli-a-come-srebrenica-sulla-guerra-civile-nella-ex-jugoslavia-nel-1995\/#primaryimage","url":"http:\/\/www.bellunopress.it\/wp-content\/uploads\/2019\/10\/Pioggia-teatro-comunale.jpg","contentUrl":"http:\/\/www.bellunopress.it\/wp-content\/uploads\/2019\/10\/Pioggia-teatro-comunale.jpg"},{"@type":"BreadcrumbList","@id":"https:\/\/www.bellunopress.it\/2020\/01\/16\/sabato-al-comunale-il-monologo-di-roberta-biagiarelli-a-come-srebrenica-sulla-guerra-civile-nella-ex-jugoslavia-nel-1995\/#breadcrumb","itemListElement":[{"@type":"ListItem","position":1,"name":"Home","item":"https:\/\/www.bellunopress.it\/"},{"@type":"ListItem","position":2,"name":"Sabato al Comunale il monologo di Roberta Biagiarelli &#8220;A come Srebrenica&#8221; sulla guerra civile nella ex Jugoslavia nel 1995"}]},{"@type":"WebSite","@id":"https:\/\/www.bellunopress.it\/#website","url":"https:\/\/www.bellunopress.it\/","name":"Bellunopress - Dolomiti","description":"e-mail: redazione@bellunopress.it","publisher":{"@id":"https:\/\/www.bellunopress.it\/#organization"},"potentialAction":[{"@type":"SearchAction","target":{"@type":"EntryPoint","urlTemplate":"https:\/\/www.bellunopress.it\/?s={search_term_string}"},"query-input":{"@type":"PropertyValueSpecification","valueRequired":true,"valueName":"search_term_string"}}],"inLanguage":"fr-FR"},{"@type":"Organization","@id":"https:\/\/www.bellunopress.it\/#organization","name":"Bellunopress","url":"https:\/\/www.bellunopress.it\/","logo":{"@type":"ImageObject","inLanguage":"fr-FR","@id":"https:\/\/www.bellunopress.it\/#\/schema\/logo\/image\/","url":"https:\/\/www.bellunopress.it\/wp-content\/uploads\/2011\/05\/cropped-logo-bellunopress-.jpg","contentUrl":"https:\/\/www.bellunopress.it\/wp-content\/uploads\/2011\/05\/cropped-logo-bellunopress-.jpg","width":512,"height":512,"caption":"Bellunopress"},"image":{"@id":"https:\/\/www.bellunopress.it\/#\/schema\/logo\/image\/"},"sameAs":["https:\/\/www.facebook.com\/profile.php?id=100008943462799","https:\/\/x.com\/bellunopress","https:\/\/www.linkedin.com\/hp\/?dnr=JBzUWaJfMUw8vbXJJ2tVW5-I3jZKvC4wsoxE&amp;amp;amp;amp;amp;amp;trk=nav_responsive_tab_home","https:\/\/www.youtube.com\/channel\/UCxL0wu1uN0_3_7hGG0306cw"]},{"@type":"Person","@id":"https:\/\/www.bellunopress.it\/#\/schema\/person\/79bb06722b37ece1c03d3e94beb30d73","name":"r\u00e9daction","image":{"@type":"ImageObject","inLanguage":"fr-FR","@id":"https:\/\/secure.gravatar.com\/avatar\/37d968a2e67a6fd04c169c4bdef102d0bc5d31b2546345219e348575eb80e9a0?s=96&d=mm&r=g","url":"https:\/\/secure.gravatar.com\/avatar\/37d968a2e67a6fd04c169c4bdef102d0bc5d31b2546345219e348575eb80e9a0?s=96&d=mm&r=g","contentUrl":"https:\/\/secure.gravatar.com\/avatar\/37d968a2e67a6fd04c169c4bdef102d0bc5d31b2546345219e348575eb80e9a0?s=96&d=mm&r=g","caption":"redazione"},"sameAs":["http:\/\/www.bellunopress.it","https:\/\/x.com\/bellunopress"],"url":"https:\/\/www.bellunopress.it\/fr\/author\/redazione\/"}]}},"_links":{"self":[{"href":"https:\/\/www.bellunopress.it\/fr\/wp-json\/wp\/v2\/posts\/111281","targetHints":{"allow":["GET"]}}],"collection":[{"href":"https:\/\/www.bellunopress.it\/fr\/wp-json\/wp\/v2\/posts"}],"about":[{"href":"https:\/\/www.bellunopress.it\/fr\/wp-json\/wp\/v2\/types\/post"}],"author":[{"embeddable":true,"href":"https:\/\/www.bellunopress.it\/fr\/wp-json\/wp\/v2\/users\/2"}],"replies":[{"embeddable":true,"href":"https:\/\/www.bellunopress.it\/fr\/wp-json\/wp\/v2\/comments?post=111281"}],"version-history":[{"count":1,"href":"https:\/\/www.bellunopress.it\/fr\/wp-json\/wp\/v2\/posts\/111281\/revisions"}],"predecessor-version":[{"id":111282,"href":"https:\/\/www.bellunopress.it\/fr\/wp-json\/wp\/v2\/posts\/111281\/revisions\/111282"}],"wp:attachment":[{"href":"https:\/\/www.bellunopress.it\/fr\/wp-json\/wp\/v2\/media?parent=111281"}],"wp:term":[{"taxonomy":"category","embeddable":true,"href":"https:\/\/www.bellunopress.it\/fr\/wp-json\/wp\/v2\/categories?post=111281"},{"taxonomy":"post_tag","embeddable":true,"href":"https:\/\/www.bellunopress.it\/fr\/wp-json\/wp\/v2\/tags?post=111281"}],"curies":[{"name":"wp","href":"https:\/\/api.w.org\/{rel}","templated":true}]}}