{"id":111267,"date":"2020-01-15T18:24:36","date_gmt":"2020-01-15T17:24:36","guid":{"rendered":"http:\/\/www.bellunopress.it\/?p=111267"},"modified":"2020-01-15T18:24:36","modified_gmt":"2020-01-15T17:24:36","slug":"vincoli-comelico-doglioni-confcommercio-bene-il-ricorso-a-tutela-del-comelico-espressione-della-volonta-di-vera-tutela-delle-terre-alte","status":"publish","type":"post","link":"https:\/\/www.bellunopress.it\/fr\/2020\/01\/15\/vincoli-comelico-doglioni-confcommercio-bene-il-ricorso-a-tutela-del-comelico-espressione-della-volonta-di-vera-tutela-delle-terre-alte\/","title":{"rendered":"Vincoli Comelico. Doglioni (Confcommercio): \u00abBene il ricorso a tutela del Comelico, espressione della volont\u00e0 di vera tutela delle Terre Alte\u00bb"},"content":{"rendered":"<p><a href=\"http:\/\/www.bellunopress.it\/fr\/2011\/06\/20\/alla-locanda-san-lorenzo-di-puos-dalpago-il-premio-regionale-per-lo-sviluppo-economico-del-veneto\/paolo-doglioni-2\/\" rel=\"attachment wp-att-27959\"><img loading=\"lazy\" decoding=\"async\" class=\"alignleft size-full wp-image-27959\" src=\"http:\/\/www.bellunopress.it\/wp-content\/uploads\/2011\/06\/Paolo-Doglioni.jpg\" alt=\"\" width=\"140\" height=\"140\" \/><\/a>Il presidente di Confcommercio Belluno, Paolo Doglioni, \u00e8 netto nel sostenere la decisione della Provincia e dei Sindaci avverso i vincoli ai territori del Comelico e di Auronzo: \u00abSono convinto che questa decisione sia stata l\u2019unica strada coerente con la necessit\u00e0 di salvaguardare il futuro sociale ed economico della nostra Terra, volont\u00e0 da tutti condivisa e testimoniata anche dalla partecipata manifestazione di inizio estate\u00bb.<\/p>\n<p>\u00abCi\u00f2 che duole\u00bb, lamenta Doglioni \u00ab\u00e8 che si debba portare di fronte ad un giudice ci\u00f2 che doveva essere campo di precisa scelta da parte della politica a livello centrale. Questa, abdicando al proprio ruolo e lasciando libero campo alla burocrazia pi\u00f9 cavillosa, ha trasformato dei provvedimenti che dovrebbero costituire il riconoscimento dell\u2019eccezionalit\u00e0 ed unicit\u00e0 del nostro sistema territoriale in strumenti di vincolo e soggezione a lacci che non permettono alcuna valorizzazione e sviluppo\u00bb.<\/p>\n<p>\u00abIl presidente Padrin e tutti i sindaci sentano quindi il pieno appoggio della nostra Organizzazione e spero che attorno a tale vicenda vi sia un consenso tanto corale ed unanime da riportare la discussione nel senso di ribadire che la Provincia tutta non intende certo compromettere l\u2019ambiente, la natura e questo immenso patrimonio di cui siamo custodi\u00bb.<br \/>\n\u00abIn questo senso\u00bb, conclude Doglioni \u00abesprimo soddisfazione anche per la decisione della Regione a muoversi in modo analogo a quanto intrapreso a livello locale\u00bb.<\/p>","protected":false},"excerpt":{"rendered":"<p>Il presidente di Confcommercio Belluno, Paolo Doglioni, \u00e8 netto nel sostenere la decisione della Provincia e dei Sindaci avverso i vincoli ai territori del Comelico e di Auronzo: \u00abSono convinto che questa decisione sia stata l\u2019unica strada coerente con la necessit\u00e0 di salvaguardare il futuro sociale ed economico della nostra Terra, volont\u00e0 da tutti condivisa [&hellip;]<\/p>\n","protected":false},"author":2,"featured_media":0,"comment_status":"closed","ping_status":"open","sticky":false,"template":"","format":"standard","meta":{"footnotes":""},"categories":[5,36,26],"tags":[],"class_list":["post-111267","post","type-post","status-publish","format-standard","category-cronaca","category-lavoro-economia","category-prima-pagina"],"yoast_head":"<!-- This site is optimized with the Yoast SEO plugin v28.4 - https:\/\/yoast.com\/product\/yoast-seo-wordpress\/ -->\n<title>Vincoli Comelico. Doglioni (Confcommercio): \u00abBene il ricorso a tutela del Comelico, espressione della volont\u00e0 di vera tutela delle Terre Alte\u00bb - Bellunopress - Dolomiti<\/title>\n<meta name=\"robots\" content=\"index, follow, max-snippet:-1, max-image-preview:large, max-video-preview:-1\" \/>\n<link rel=\"canonical\" href=\"https:\/\/www.bellunopress.it\/fr\/2020\/01\/15\/vincoli-comelico-doglioni-confcommercio-bene-il-ricorso-a-tutela-del-comelico-espressione-della-volonta-di-vera-tutela-delle-terre-alte\/\" \/>\n<meta property=\"og:locale\" content=\"fr_FR\" \/>\n<meta property=\"og:type\" content=\"article\" \/>\n<meta property=\"og:title\" content=\"Vincoli Comelico. Doglioni (Confcommercio): \u00abBene il ricorso a tutela del Comelico, espressione della volont\u00e0 di vera tutela delle Terre Alte\u00bb - Bellunopress - Dolomiti\" \/>\n<meta property=\"og:description\" content=\"Il presidente di Confcommercio Belluno, Paolo Doglioni, \u00e8 netto nel sostenere la decisione della Provincia e dei Sindaci avverso i vincoli ai territori del Comelico e di Auronzo: \u00abSono convinto che questa decisione sia stata l\u2019unica strada coerente con la necessit\u00e0 di salvaguardare il futuro sociale ed economico della nostra Terra, volont\u00e0 da tutti condivisa [&hellip;]\" \/>\n<meta property=\"og:url\" content=\"https:\/\/www.bellunopress.it\/fr\/2020\/01\/15\/vincoli-comelico-doglioni-confcommercio-bene-il-ricorso-a-tutela-del-comelico-espressione-della-volonta-di-vera-tutela-delle-terre-alte\/\" \/>\n<meta property=\"og:site_name\" content=\"Bellunopress - Dolomiti\" \/>\n<meta property=\"article:publisher\" content=\"https:\/\/www.facebook.com\/profile.php?id=100008943462799\" \/>\n<meta property=\"article:published_time\" content=\"2020-01-15T17:24:36+00:00\" \/>\n<meta property=\"og:image\" content=\"http:\/\/www.bellunopress.it\/wp-content\/uploads\/2011\/06\/Paolo-Doglioni.jpg\" \/>\n<meta name=\"author\" content=\"redazione\" \/>\n<meta name=\"twitter:card\" content=\"summary_large_image\" \/>\n<meta name=\"twitter:creator\" content=\"@bellunopress\" \/>\n<meta name=\"twitter:site\" content=\"@bellunopress\" \/>\n<meta name=\"twitter:label1\" content=\"\u00c9crit par\" \/>\n\t<meta name=\"twitter:data1\" content=\"redazione\" \/>\n\t<meta name=\"twitter:label2\" content=\"Dur\u00e9e de lecture estim\u00e9e\" \/>\n\t<meta name=\"twitter:data2\" content=\"1 minute\" \/>\n<script type=\"application\/ld+json\" class=\"yoast-schema-graph\">{\"@context\":\"https:\\\/\\\/schema.org\",\"@graph\":[{\"@type\":\"Article\",\"@id\":\"https:\\\/\\\/www.bellunopress.it\\\/2020\\\/01\\\/15\\\/vincoli-comelico-doglioni-confcommercio-bene-il-ricorso-a-tutela-del-comelico-espressione-della-volonta-di-vera-tutela-delle-terre-alte\\\/#article\",\"isPartOf\":{\"@id\":\"https:\\\/\\\/www.bellunopress.it\\\/2020\\\/01\\\/15\\\/vincoli-comelico-doglioni-confcommercio-bene-il-ricorso-a-tutela-del-comelico-espressione-della-volonta-di-vera-tutela-delle-terre-alte\\\/\"},\"author\":{\"name\":\"redazione\",\"@id\":\"https:\\\/\\\/www.bellunopress.it\\\/#\\\/schema\\\/person\\\/79bb06722b37ece1c03d3e94beb30d73\"},\"headline\":\"Vincoli Comelico. Doglioni (Confcommercio): \u00abBene il ricorso a tutela del Comelico, espressione della volont\u00e0 di vera tutela delle Terre Alte\u00bb\",\"datePublished\":\"2020-01-15T17:24:36+00:00\",\"mainEntityOfPage\":{\"@id\":\"https:\\\/\\\/www.bellunopress.it\\\/2020\\\/01\\\/15\\\/vincoli-comelico-doglioni-confcommercio-bene-il-ricorso-a-tutela-del-comelico-espressione-della-volonta-di-vera-tutela-delle-terre-alte\\\/\"},\"wordCount\":240,\"publisher\":{\"@id\":\"https:\\\/\\\/www.bellunopress.it\\\/#organization\"},\"image\":{\"@id\":\"https:\\\/\\\/www.bellunopress.it\\\/2020\\\/01\\\/15\\\/vincoli-comelico-doglioni-confcommercio-bene-il-ricorso-a-tutela-del-comelico-espressione-della-volonta-di-vera-tutela-delle-terre-alte\\\/#primaryimage\"},\"thumbnailUrl\":\"http:\\\/\\\/www.bellunopress.it\\\/wp-content\\\/uploads\\\/2011\\\/06\\\/Paolo-Doglioni.jpg\",\"articleSection\":[\"Cronaca\\\/Politica\",\"Lavoro, Economia, Turismo\",\"Prima Pagina\"],\"inLanguage\":\"fr-FR\"},{\"@type\":\"WebPage\",\"@id\":\"https:\\\/\\\/www.bellunopress.it\\\/2020\\\/01\\\/15\\\/vincoli-comelico-doglioni-confcommercio-bene-il-ricorso-a-tutela-del-comelico-espressione-della-volonta-di-vera-tutela-delle-terre-alte\\\/\",\"url\":\"https:\\\/\\\/www.bellunopress.it\\\/2020\\\/01\\\/15\\\/vincoli-comelico-doglioni-confcommercio-bene-il-ricorso-a-tutela-del-comelico-espressione-della-volonta-di-vera-tutela-delle-terre-alte\\\/\",\"name\":\"Vincoli Comelico. Doglioni (Confcommercio): \u00abBene il ricorso a tutela del Comelico, espressione della volont\u00e0 di vera tutela delle Terre Alte\u00bb - Bellunopress - Dolomiti\",\"isPartOf\":{\"@id\":\"https:\\\/\\\/www.bellunopress.it\\\/#website\"},\"primaryImageOfPage\":{\"@id\":\"https:\\\/\\\/www.bellunopress.it\\\/2020\\\/01\\\/15\\\/vincoli-comelico-doglioni-confcommercio-bene-il-ricorso-a-tutela-del-comelico-espressione-della-volonta-di-vera-tutela-delle-terre-alte\\\/#primaryimage\"},\"image\":{\"@id\":\"https:\\\/\\\/www.bellunopress.it\\\/2020\\\/01\\\/15\\\/vincoli-comelico-doglioni-confcommercio-bene-il-ricorso-a-tutela-del-comelico-espressione-della-volonta-di-vera-tutela-delle-terre-alte\\\/#primaryimage\"},\"thumbnailUrl\":\"http:\\\/\\\/www.bellunopress.it\\\/wp-content\\\/uploads\\\/2011\\\/06\\\/Paolo-Doglioni.jpg\",\"datePublished\":\"2020-01-15T17:24:36+00:00\",\"breadcrumb\":{\"@id\":\"https:\\\/\\\/www.bellunopress.it\\\/2020\\\/01\\\/15\\\/vincoli-comelico-doglioni-confcommercio-bene-il-ricorso-a-tutela-del-comelico-espressione-della-volonta-di-vera-tutela-delle-terre-alte\\\/#breadcrumb\"},\"inLanguage\":\"fr-FR\",\"potentialAction\":[{\"@type\":\"ReadAction\",\"target\":[\"https:\\\/\\\/www.bellunopress.it\\\/2020\\\/01\\\/15\\\/vincoli-comelico-doglioni-confcommercio-bene-il-ricorso-a-tutela-del-comelico-espressione-della-volonta-di-vera-tutela-delle-terre-alte\\\/\"]}]},{\"@type\":\"ImageObject\",\"inLanguage\":\"fr-FR\",\"@id\":\"https:\\\/\\\/www.bellunopress.it\\\/2020\\\/01\\\/15\\\/vincoli-comelico-doglioni-confcommercio-bene-il-ricorso-a-tutela-del-comelico-espressione-della-volonta-di-vera-tutela-delle-terre-alte\\\/#primaryimage\",\"url\":\"http:\\\/\\\/www.bellunopress.it\\\/wp-content\\\/uploads\\\/2011\\\/06\\\/Paolo-Doglioni.jpg\",\"contentUrl\":\"http:\\\/\\\/www.bellunopress.it\\\/wp-content\\\/uploads\\\/2011\\\/06\\\/Paolo-Doglioni.jpg\"},{\"@type\":\"BreadcrumbList\",\"@id\":\"https:\\\/\\\/www.bellunopress.it\\\/2020\\\/01\\\/15\\\/vincoli-comelico-doglioni-confcommercio-bene-il-ricorso-a-tutela-del-comelico-espressione-della-volonta-di-vera-tutela-delle-terre-alte\\\/#breadcrumb\",\"itemListElement\":[{\"@type\":\"ListItem\",\"position\":1,\"name\":\"Home\",\"item\":\"https:\\\/\\\/www.bellunopress.it\\\/\"},{\"@type\":\"ListItem\",\"position\":2,\"name\":\"Vincoli Comelico. Doglioni (Confcommercio): \u00abBene il ricorso a tutela del Comelico, espressione della volont\u00e0 di vera tutela delle Terre Alte\u00bb\"}]},{\"@type\":\"WebSite\",\"@id\":\"https:\\\/\\\/www.bellunopress.it\\\/#website\",\"url\":\"https:\\\/\\\/www.bellunopress.it\\\/\",\"name\":\"Bellunopress - Dolomiti\",\"description\":\"e-mail: redazione@bellunopress.it\",\"publisher\":{\"@id\":\"https:\\\/\\\/www.bellunopress.it\\\/#organization\"},\"potentialAction\":[{\"@type\":\"SearchAction\",\"target\":{\"@type\":\"EntryPoint\",\"urlTemplate\":\"https:\\\/\\\/www.bellunopress.it\\\/?s={search_term_string}\"},\"query-input\":{\"@type\":\"PropertyValueSpecification\",\"valueRequired\":true,\"valueName\":\"search_term_string\"}}],\"inLanguage\":\"fr-FR\"},{\"@type\":\"Organization\",\"@id\":\"https:\\\/\\\/www.bellunopress.it\\\/#organization\",\"name\":\"Bellunopress\",\"url\":\"https:\\\/\\\/www.bellunopress.it\\\/\",\"logo\":{\"@type\":\"ImageObject\",\"inLanguage\":\"fr-FR\",\"@id\":\"https:\\\/\\\/www.bellunopress.it\\\/#\\\/schema\\\/logo\\\/image\\\/\",\"url\":\"https:\\\/\\\/www.bellunopress.it\\\/wp-content\\\/uploads\\\/2011\\\/05\\\/cropped-logo-bellunopress-.jpg\",\"contentUrl\":\"https:\\\/\\\/www.bellunopress.it\\\/wp-content\\\/uploads\\\/2011\\\/05\\\/cropped-logo-bellunopress-.jpg\",\"width\":512,\"height\":512,\"caption\":\"Bellunopress\"},\"image\":{\"@id\":\"https:\\\/\\\/www.bellunopress.it\\\/#\\\/schema\\\/logo\\\/image\\\/\"},\"sameAs\":[\"https:\\\/\\\/www.facebook.com\\\/profile.php?id=100008943462799\",\"https:\\\/\\\/x.com\\\/bellunopress\",\"https:\\\/\\\/www.linkedin.com\\\/hp\\\/?dnr=JBzUWaJfMUw8vbXJJ2tVW5-I3jZKvC4wsoxE&amp;amp;amp;amp;amp;amp;trk=nav_responsive_tab_home\",\"https:\\\/\\\/www.youtube.com\\\/channel\\\/UCxL0wu1uN0_3_7hGG0306cw\"]},{\"@type\":\"Person\",\"@id\":\"https:\\\/\\\/www.bellunopress.it\\\/#\\\/schema\\\/person\\\/79bb06722b37ece1c03d3e94beb30d73\",\"name\":\"redazione\",\"image\":{\"@type\":\"ImageObject\",\"inLanguage\":\"fr-FR\",\"@id\":\"https:\\\/\\\/secure.gravatar.com\\\/avatar\\\/37d968a2e67a6fd04c169c4bdef102d0bc5d31b2546345219e348575eb80e9a0?s=96&d=mm&r=g\",\"url\":\"https:\\\/\\\/secure.gravatar.com\\\/avatar\\\/37d968a2e67a6fd04c169c4bdef102d0bc5d31b2546345219e348575eb80e9a0?s=96&d=mm&r=g\",\"contentUrl\":\"https:\\\/\\\/secure.gravatar.com\\\/avatar\\\/37d968a2e67a6fd04c169c4bdef102d0bc5d31b2546345219e348575eb80e9a0?s=96&d=mm&r=g\",\"caption\":\"redazione\"},\"sameAs\":[\"http:\\\/\\\/www.bellunopress.it\",\"https:\\\/\\\/x.com\\\/bellunopress\"],\"url\":\"https:\\\/\\\/www.bellunopress.it\\\/fr\\\/author\\\/redazione\\\/\"}]}<\/script>\n<!-- \/ Yoast SEO plugin. -->","yoast_head_json":{"title":"Vincoli Comelico. Doglioni (Confcommercio): \u00abBene il ricorso a tutela del Comelico, espressione della volont\u00e0 di vera tutela delle Terre Alte\u00bb - Bellunopress - Dolomiti","robots":{"index":"index","follow":"follow","max-snippet":"max-snippet:-1","max-image-preview":"max-image-preview:large","max-video-preview":"max-video-preview:-1"},"canonical":"https:\/\/www.bellunopress.it\/fr\/2020\/01\/15\/vincoli-comelico-doglioni-confcommercio-bene-il-ricorso-a-tutela-del-comelico-espressione-della-volonta-di-vera-tutela-delle-terre-alte\/","og_locale":"fr_FR","og_type":"article","og_title":"Vincoli Comelico. Doglioni (Confcommercio): \u00abBene il ricorso a tutela del Comelico, espressione della volont\u00e0 di vera tutela delle Terre Alte\u00bb - Bellunopress - Dolomiti","og_description":"Il presidente di Confcommercio Belluno, Paolo Doglioni, \u00e8 netto nel sostenere la decisione della Provincia e dei Sindaci avverso i vincoli ai territori del Comelico e di Auronzo: \u00abSono convinto che questa decisione sia stata l\u2019unica strada coerente con la necessit\u00e0 di salvaguardare il futuro sociale ed economico della nostra Terra, volont\u00e0 da tutti condivisa [&hellip;]","og_url":"https:\/\/www.bellunopress.it\/fr\/2020\/01\/15\/vincoli-comelico-doglioni-confcommercio-bene-il-ricorso-a-tutela-del-comelico-espressione-della-volonta-di-vera-tutela-delle-terre-alte\/","og_site_name":"Bellunopress - Dolomiti","article_publisher":"https:\/\/www.facebook.com\/profile.php?id=100008943462799","article_published_time":"2020-01-15T17:24:36+00:00","og_image":[{"url":"http:\/\/www.bellunopress.it\/wp-content\/uploads\/2011\/06\/Paolo-Doglioni.jpg","type":"","width":"","height":""}],"author":"redazione","twitter_card":"summary_large_image","twitter_creator":"@bellunopress","twitter_site":"@bellunopress","twitter_misc":{"\u00c9crit par":"redazione","Dur\u00e9e de lecture estim\u00e9e":"1 minute"},"schema":{"@context":"https:\/\/schema.org","@graph":[{"@type":"Article","@id":"https:\/\/www.bellunopress.it\/2020\/01\/15\/vincoli-comelico-doglioni-confcommercio-bene-il-ricorso-a-tutela-del-comelico-espressione-della-volonta-di-vera-tutela-delle-terre-alte\/#article","isPartOf":{"@id":"https:\/\/www.bellunopress.it\/2020\/01\/15\/vincoli-comelico-doglioni-confcommercio-bene-il-ricorso-a-tutela-del-comelico-espressione-della-volonta-di-vera-tutela-delle-terre-alte\/"},"author":{"name":"redazione","@id":"https:\/\/www.bellunopress.it\/#\/schema\/person\/79bb06722b37ece1c03d3e94beb30d73"},"headline":"Vincoli Comelico. Doglioni (Confcommercio): \u00abBene il ricorso a tutela del Comelico, espressione della volont\u00e0 di vera tutela delle Terre Alte\u00bb","datePublished":"2020-01-15T17:24:36+00:00","mainEntityOfPage":{"@id":"https:\/\/www.bellunopress.it\/2020\/01\/15\/vincoli-comelico-doglioni-confcommercio-bene-il-ricorso-a-tutela-del-comelico-espressione-della-volonta-di-vera-tutela-delle-terre-alte\/"},"wordCount":240,"publisher":{"@id":"https:\/\/www.bellunopress.it\/#organization"},"image":{"@id":"https:\/\/www.bellunopress.it\/2020\/01\/15\/vincoli-comelico-doglioni-confcommercio-bene-il-ricorso-a-tutela-del-comelico-espressione-della-volonta-di-vera-tutela-delle-terre-alte\/#primaryimage"},"thumbnailUrl":"http:\/\/www.bellunopress.it\/wp-content\/uploads\/2011\/06\/Paolo-Doglioni.jpg","articleSection":["Cronaca\/Politica","Lavoro, Economia, Turismo","Prima Pagina"],"inLanguage":"fr-FR"},{"@type":"WebPage","@id":"https:\/\/www.bellunopress.it\/2020\/01\/15\/vincoli-comelico-doglioni-confcommercio-bene-il-ricorso-a-tutela-del-comelico-espressione-della-volonta-di-vera-tutela-delle-terre-alte\/","url":"https:\/\/www.bellunopress.it\/2020\/01\/15\/vincoli-comelico-doglioni-confcommercio-bene-il-ricorso-a-tutela-del-comelico-espressione-della-volonta-di-vera-tutela-delle-terre-alte\/","name":"Vincoli Comelico. Doglioni (Confcommercio): \u00abBene il ricorso a tutela del Comelico, espressione della volont\u00e0 di vera tutela delle Terre Alte\u00bb - Bellunopress - Dolomiti","isPartOf":{"@id":"https:\/\/www.bellunopress.it\/#website"},"primaryImageOfPage":{"@id":"https:\/\/www.bellunopress.it\/2020\/01\/15\/vincoli-comelico-doglioni-confcommercio-bene-il-ricorso-a-tutela-del-comelico-espressione-della-volonta-di-vera-tutela-delle-terre-alte\/#primaryimage"},"image":{"@id":"https:\/\/www.bellunopress.it\/2020\/01\/15\/vincoli-comelico-doglioni-confcommercio-bene-il-ricorso-a-tutela-del-comelico-espressione-della-volonta-di-vera-tutela-delle-terre-alte\/#primaryimage"},"thumbnailUrl":"http:\/\/www.bellunopress.it\/wp-content\/uploads\/2011\/06\/Paolo-Doglioni.jpg","datePublished":"2020-01-15T17:24:36+00:00","breadcrumb":{"@id":"https:\/\/www.bellunopress.it\/2020\/01\/15\/vincoli-comelico-doglioni-confcommercio-bene-il-ricorso-a-tutela-del-comelico-espressione-della-volonta-di-vera-tutela-delle-terre-alte\/#breadcrumb"},"inLanguage":"fr-FR","potentialAction":[{"@type":"ReadAction","target":["https:\/\/www.bellunopress.it\/2020\/01\/15\/vincoli-comelico-doglioni-confcommercio-bene-il-ricorso-a-tutela-del-comelico-espressione-della-volonta-di-vera-tutela-delle-terre-alte\/"]}]},{"@type":"ImageObject","inLanguage":"fr-FR","@id":"https:\/\/www.bellunopress.it\/2020\/01\/15\/vincoli-comelico-doglioni-confcommercio-bene-il-ricorso-a-tutela-del-comelico-espressione-della-volonta-di-vera-tutela-delle-terre-alte\/#primaryimage","url":"http:\/\/www.bellunopress.it\/wp-content\/uploads\/2011\/06\/Paolo-Doglioni.jpg","contentUrl":"http:\/\/www.bellunopress.it\/wp-content\/uploads\/2011\/06\/Paolo-Doglioni.jpg"},{"@type":"BreadcrumbList","@id":"https:\/\/www.bellunopress.it\/2020\/01\/15\/vincoli-comelico-doglioni-confcommercio-bene-il-ricorso-a-tutela-del-comelico-espressione-della-volonta-di-vera-tutela-delle-terre-alte\/#breadcrumb","itemListElement":[{"@type":"ListItem","position":1,"name":"Home","item":"https:\/\/www.bellunopress.it\/"},{"@type":"ListItem","position":2,"name":"Vincoli Comelico. Doglioni (Confcommercio): \u00abBene il ricorso a tutela del Comelico, espressione della volont\u00e0 di vera tutela delle Terre Alte\u00bb"}]},{"@type":"WebSite","@id":"https:\/\/www.bellunopress.it\/#website","url":"https:\/\/www.bellunopress.it\/","name":"Bellunopress - Dolomiti","description":"e-mail: redazione@bellunopress.it","publisher":{"@id":"https:\/\/www.bellunopress.it\/#organization"},"potentialAction":[{"@type":"SearchAction","target":{"@type":"EntryPoint","urlTemplate":"https:\/\/www.bellunopress.it\/?s={search_term_string}"},"query-input":{"@type":"PropertyValueSpecification","valueRequired":true,"valueName":"search_term_string"}}],"inLanguage":"fr-FR"},{"@type":"Organization","@id":"https:\/\/www.bellunopress.it\/#organization","name":"Bellunopress","url":"https:\/\/www.bellunopress.it\/","logo":{"@type":"ImageObject","inLanguage":"fr-FR","@id":"https:\/\/www.bellunopress.it\/#\/schema\/logo\/image\/","url":"https:\/\/www.bellunopress.it\/wp-content\/uploads\/2011\/05\/cropped-logo-bellunopress-.jpg","contentUrl":"https:\/\/www.bellunopress.it\/wp-content\/uploads\/2011\/05\/cropped-logo-bellunopress-.jpg","width":512,"height":512,"caption":"Bellunopress"},"image":{"@id":"https:\/\/www.bellunopress.it\/#\/schema\/logo\/image\/"},"sameAs":["https:\/\/www.facebook.com\/profile.php?id=100008943462799","https:\/\/x.com\/bellunopress","https:\/\/www.linkedin.com\/hp\/?dnr=JBzUWaJfMUw8vbXJJ2tVW5-I3jZKvC4wsoxE&amp;amp;amp;amp;amp;amp;trk=nav_responsive_tab_home","https:\/\/www.youtube.com\/channel\/UCxL0wu1uN0_3_7hGG0306cw"]},{"@type":"Person","@id":"https:\/\/www.bellunopress.it\/#\/schema\/person\/79bb06722b37ece1c03d3e94beb30d73","name":"r\u00e9daction","image":{"@type":"ImageObject","inLanguage":"fr-FR","@id":"https:\/\/secure.gravatar.com\/avatar\/37d968a2e67a6fd04c169c4bdef102d0bc5d31b2546345219e348575eb80e9a0?s=96&d=mm&r=g","url":"https:\/\/secure.gravatar.com\/avatar\/37d968a2e67a6fd04c169c4bdef102d0bc5d31b2546345219e348575eb80e9a0?s=96&d=mm&r=g","contentUrl":"https:\/\/secure.gravatar.com\/avatar\/37d968a2e67a6fd04c169c4bdef102d0bc5d31b2546345219e348575eb80e9a0?s=96&d=mm&r=g","caption":"redazione"},"sameAs":["http:\/\/www.bellunopress.it","https:\/\/x.com\/bellunopress"],"url":"https:\/\/www.bellunopress.it\/fr\/author\/redazione\/"}]}},"_links":{"self":[{"href":"https:\/\/www.bellunopress.it\/fr\/wp-json\/wp\/v2\/posts\/111267","targetHints":{"allow":["GET"]}}],"collection":[{"href":"https:\/\/www.bellunopress.it\/fr\/wp-json\/wp\/v2\/posts"}],"about":[{"href":"https:\/\/www.bellunopress.it\/fr\/wp-json\/wp\/v2\/types\/post"}],"author":[{"embeddable":true,"href":"https:\/\/www.bellunopress.it\/fr\/wp-json\/wp\/v2\/users\/2"}],"replies":[{"embeddable":true,"href":"https:\/\/www.bellunopress.it\/fr\/wp-json\/wp\/v2\/comments?post=111267"}],"version-history":[{"count":1,"href":"https:\/\/www.bellunopress.it\/fr\/wp-json\/wp\/v2\/posts\/111267\/revisions"}],"predecessor-version":[{"id":111268,"href":"https:\/\/www.bellunopress.it\/fr\/wp-json\/wp\/v2\/posts\/111267\/revisions\/111268"}],"wp:attachment":[{"href":"https:\/\/www.bellunopress.it\/fr\/wp-json\/wp\/v2\/media?parent=111267"}],"wp:term":[{"taxonomy":"category","embeddable":true,"href":"https:\/\/www.bellunopress.it\/fr\/wp-json\/wp\/v2\/categories?post=111267"},{"taxonomy":"post_tag","embeddable":true,"href":"https:\/\/www.bellunopress.it\/fr\/wp-json\/wp\/v2\/tags?post=111267"}],"curies":[{"name":"wp","href":"https:\/\/api.w.org\/{rel}","templated":true}]}}