{"id":111212,"date":"2020-01-13T18:50:13","date_gmt":"2020-01-13T17:50:13","guid":{"rendered":"http:\/\/www.bellunopress.it\/?p=111212"},"modified":"2020-01-13T18:50:13","modified_gmt":"2020-01-13T17:50:13","slug":"sicurezza-stradale-tavolo-in-prefettura-per-lavvio-di-una-serie-di-iniziative-prevista-listituzione-di-una-task-force-interistituzionale-per-la-prevenzione-degli-incidenti","status":"publish","type":"post","link":"https:\/\/www.bellunopress.it\/fr\/2020\/01\/13\/sicurezza-stradale-tavolo-in-prefettura-per-lavvio-di-una-serie-di-iniziative-prevista-listituzione-di-una-task-force-interistituzionale-per-la-prevenzione-degli-incidenti\/","title":{"rendered":"Sicurezza stradale. Tavolo in Prefettura per l&#8217;avvio di una serie di iniziative. Prevista l\u2019istituzione di una task force interistituzionale per la prevenzione degli incidenti"},"content":{"rendered":"<figure id=\"attachment_110652\" aria-describedby=\"caption-attachment-110652\" style=\"width: 242px\" class=\"wp-caption alignleft\"><a href=\"http:\/\/www.bellunopress.it\/fr\/2019\/12\/20\/antinesca-de-pol-gianni-longo-e-massimo-trento-insigniti-dellonorificenza-di-cavaliere-della-repubblica\/prefetto-cogode\/\" rel=\"attachment wp-att-110652\"><img loading=\"lazy\" decoding=\"async\" class=\"size-full wp-image-110652\" src=\"http:\/\/www.bellunopress.it\/wp-content\/uploads\/2019\/12\/Prefetto-Cogode.jpg\" alt=\"\" width=\"242\" height=\"300\" \/><\/a><figcaption id=\"caption-attachment-110652\" class=\"wp-caption-text\">Adriana Cogode &#8211; Prefetto di Belluno<\/figcaption><\/figure>\n<p>Belluno, 13 gennaio 2020 &#8211; Incidenti in leggero calo nel Bellunese ma attenzione massima al fenomeno da parte di tutte le Istituzioni coinvolte. E&#8217; questo l\u2019esito del tavolo presieduto oggi, a Palazzo dei Rettori, dal prefetto, Adriana Cogode, nell\u2019ambito dell\u2019Osservatorio Provinciale sull\u2019incidentalit\u00e0 stradale, con la partecipazione del sindaco di Belluno, Jacopo Massaro, del consigliere Provinciale, Massimo Bortoluzzi, dei rappresentanti delle Forze di polizia, dei Vigili del fuoco, della Motorizzazione civile, dell\u2019Ufficio scolastico territoriale, di Anas e Veneto s trade.<\/p>\n<p>In particolare, sono stati esaminati i dati sull\u2019incidentalit\u00e0 in provincia che, nel 1^ semestre 2019, hanno registrato un calo dei sinistri \u2013 rispetto allo stesso periodo del 2018 \u2013 pari al 21,6% (174 incidenti rispetto ai 222 del primo semestre 2018) cui \u00e8 corrisposta una diminuzione del numero dei morti e dei feriti (in calo, rispettivamente del 40% e 18,7%).<\/p>\n<p>Analogo trend si rileva anche per il secondo semestre dello scorso anno, sebbene la rilevazione statistica debba ancora essere validata.<\/p>\n<p>A fronte del dato positivo relativo ai sinistri, il 2019 ha segnato un deciso aumento del numero delle sospensioni e revoche di patenti disposte dalla Prefettura a seguito di violazioni del codice della strada, passate dalle 477 del 2018 (425 sospensioni e 52 revoche) alle 638 del 2019 (572 sospensioni e 66 revoche).<\/p>\n<p>La violazione pi\u00f9 ricorrente \u00e8 stata quella relativa alla guida in stato di ebbrezza (213 casi nel 2018, 274 nel 2019).<\/p>\n<p>Sulla base dell\u2019analisi condotta durante la riunione, i presenti hanno concordato sull\u2019esigenza di individuare un sistema di interventi e di azioni integrate e coordinate volte a migliorare e incrementare la prevenzione e il controllo lungo la viabilit\u00e0 bellunese, tenuto anche conto della recente direttiva del Ministro dell\u2019Interno in materia.<\/p>\n<p>In questo contesto, il Prefetto ha proposto a tutti i presenti, che hanno manifestato la propria disponibilit\u00e0, la definizione di una specifica intesa avente le seguenti finalit\u00e0:<\/p>\n<p>&#8211; sensibilizzare la comunit\u00e0 bellunese, e in particolare le giovani generazioni, sul tema della sicurezza stradale e sull\u2019importanza di tenere comportamenti corretti alla guida;<\/p>\n<p>&#8211; consolidare la partecipazione stabile di pi\u00f9 amministrazioni e di organismi privati alla definizione ed all\u2019attuazione di progetti multisettoriali di prevenzione e contrasto del fenomeno della incidentalit\u00e0 stradale;<\/p>\n<p>&#8211; organizzare iniziative ed attivit\u00e0 di prevenzione, anche attraverso campagne di comunicazione, per prevenire il fenomeno della guida in stato di ebbrezza o sotto l\u2019effetto di sostanze stupefacenti;<\/p>\n<p>&#8211; rafforzare l\u2019attivit\u00e0 coordinata di controllo da parte di tutti i soggetti aventi compiti di polizia stradale;<\/p>\n<p>&#8211; operare una mappatura della viabilit\u00e0 provinciale al fine di individuarne i punti pi\u00f9 critici, specie per gli utenti della strada pi\u00f9 \u201cdeboli\u201d (ad esempio: pedoni e ciclisti);<\/p>\n<p>&#8211; avviare il monitoraggio degli incidenti stradali che avvengono in orario di lavoro, con particolare riferimento alle attivit\u00e0 di autotrasporto, al fine di verificare l\u2019esistenza di eventuali correlazioni tra incidentalit\u00e0 e mancato rispetto di norme attinenti alla circolazione stradale o alla sicurezza del lavoratore;<\/p>\n<p>sensibilizzare adeguatamente le organizzazioni datoriali di settore affinch\u00e9 vengano intensificati le attivit\u00e0 di informazione e formazione delle maestranze;<br \/>\ncreare un sistema di raccolta ed elaborazione dati ad uso comune.<br \/>\nL\u2019intesa, che sar\u00e0 formalizzata a breve, sar\u00e0 aperta alla partecipazione di tutti gli altri attori istituzionali a vario titolo interessati dalla problematica, anche sulla base delle esigenze che dovessero manifestarsi nell\u2019ambito dei lavori dell\u2019Osservatorio provinciale che proseguir\u00e0 nella propria azione di monitoraggio.<\/p>","protected":false},"excerpt":{"rendered":"<p>Belluno, 13 gennaio 2020 &#8211; Incidenti in leggero calo nel Bellunese ma attenzione massima al fenomeno da parte di tutte le Istituzioni coinvolte. E&#8217; questo l\u2019esito del tavolo presieduto oggi, a Palazzo dei Rettori, dal prefetto, Adriana Cogode, nell\u2019ambito dell\u2019Osservatorio Provinciale sull\u2019incidentalit\u00e0 stradale, con la partecipazione del sindaco di Belluno, Jacopo Massaro, del consigliere Provinciale, [&hellip;]<\/p>\n","protected":false},"author":2,"featured_media":0,"comment_status":"closed","ping_status":"open","sticky":false,"template":"","format":"standard","meta":{"footnotes":""},"categories":[26,8],"tags":[],"class_list":["post-111212","post","type-post","status-publish","format-standard","category-prima-pagina","category-societa-istituzioni"],"yoast_head":"<!-- This site is optimized with the Yoast SEO plugin v28.4 - https:\/\/yoast.com\/product\/yoast-seo-wordpress\/ -->\n<title>Sicurezza stradale. Tavolo in Prefettura per l&#039;avvio di una serie di iniziative. Prevista l\u2019istituzione di una task force interistituzionale per la prevenzione degli incidenti - Bellunopress - Dolomiti<\/title>\n<meta name=\"robots\" content=\"index, follow, max-snippet:-1, max-image-preview:large, max-video-preview:-1\" \/>\n<link rel=\"canonical\" href=\"https:\/\/www.bellunopress.it\/fr\/2020\/01\/13\/sicurezza-stradale-tavolo-in-prefettura-per-lavvio-di-una-serie-di-iniziative-prevista-listituzione-di-una-task-force-interistituzionale-per-la-prevenzione-degli-incidenti\/\" \/>\n<meta property=\"og:locale\" content=\"fr_FR\" \/>\n<meta property=\"og:type\" content=\"article\" \/>\n<meta property=\"og:title\" content=\"Sicurezza stradale. Tavolo in Prefettura per l&#039;avvio di una serie di iniziative. Prevista l\u2019istituzione di una task force interistituzionale per la prevenzione degli incidenti - Bellunopress - Dolomiti\" \/>\n<meta property=\"og:description\" content=\"Belluno, 13 gennaio 2020 &#8211; Incidenti in leggero calo nel Bellunese ma attenzione massima al fenomeno da parte di tutte le Istituzioni coinvolte. E&#8217; questo l\u2019esito del tavolo presieduto oggi, a Palazzo dei Rettori, dal prefetto, Adriana Cogode, nell\u2019ambito dell\u2019Osservatorio Provinciale sull\u2019incidentalit\u00e0 stradale, con la partecipazione del sindaco di Belluno, Jacopo Massaro, del consigliere Provinciale, [&hellip;]\" \/>\n<meta property=\"og:url\" content=\"https:\/\/www.bellunopress.it\/fr\/2020\/01\/13\/sicurezza-stradale-tavolo-in-prefettura-per-lavvio-di-una-serie-di-iniziative-prevista-listituzione-di-una-task-force-interistituzionale-per-la-prevenzione-degli-incidenti\/\" \/>\n<meta property=\"og:site_name\" content=\"Bellunopress - Dolomiti\" \/>\n<meta property=\"article:publisher\" content=\"https:\/\/www.facebook.com\/profile.php?id=100008943462799\" \/>\n<meta property=\"article:published_time\" content=\"2020-01-13T17:50:13+00:00\" \/>\n<meta property=\"og:image\" content=\"http:\/\/www.bellunopress.it\/wp-content\/uploads\/2019\/12\/Prefetto-Cogode.jpg\" \/>\n<meta name=\"author\" content=\"redazione\" \/>\n<meta name=\"twitter:card\" content=\"summary_large_image\" \/>\n<meta name=\"twitter:creator\" content=\"@bellunopress\" \/>\n<meta name=\"twitter:site\" content=\"@bellunopress\" \/>\n<meta name=\"twitter:label1\" content=\"\u00c9crit par\" \/>\n\t<meta name=\"twitter:data1\" content=\"redazione\" \/>\n\t<meta name=\"twitter:label2\" content=\"Dur\u00e9e de lecture estim\u00e9e\" \/>\n\t<meta name=\"twitter:data2\" content=\"3 minutes\" \/>\n<script type=\"application\/ld+json\" class=\"yoast-schema-graph\">{\"@context\":\"https:\\\/\\\/schema.org\",\"@graph\":[{\"@type\":\"Article\",\"@id\":\"https:\\\/\\\/www.bellunopress.it\\\/2020\\\/01\\\/13\\\/sicurezza-stradale-tavolo-in-prefettura-per-lavvio-di-una-serie-di-iniziative-prevista-listituzione-di-una-task-force-interistituzionale-per-la-prevenzione-degli-incidenti\\\/#article\",\"isPartOf\":{\"@id\":\"https:\\\/\\\/www.bellunopress.it\\\/2020\\\/01\\\/13\\\/sicurezza-stradale-tavolo-in-prefettura-per-lavvio-di-una-serie-di-iniziative-prevista-listituzione-di-una-task-force-interistituzionale-per-la-prevenzione-degli-incidenti\\\/\"},\"author\":{\"name\":\"redazione\",\"@id\":\"https:\\\/\\\/www.bellunopress.it\\\/#\\\/schema\\\/person\\\/79bb06722b37ece1c03d3e94beb30d73\"},\"headline\":\"Sicurezza stradale. Tavolo in Prefettura per l&#8217;avvio di una serie di iniziative. Prevista l\u2019istituzione di una task force interistituzionale per la prevenzione degli incidenti\",\"datePublished\":\"2020-01-13T17:50:13+00:00\",\"mainEntityOfPage\":{\"@id\":\"https:\\\/\\\/www.bellunopress.it\\\/2020\\\/01\\\/13\\\/sicurezza-stradale-tavolo-in-prefettura-per-lavvio-di-una-serie-di-iniziative-prevista-listituzione-di-una-task-force-interistituzionale-per-la-prevenzione-degli-incidenti\\\/\"},\"wordCount\":577,\"publisher\":{\"@id\":\"https:\\\/\\\/www.bellunopress.it\\\/#organization\"},\"image\":{\"@id\":\"https:\\\/\\\/www.bellunopress.it\\\/2020\\\/01\\\/13\\\/sicurezza-stradale-tavolo-in-prefettura-per-lavvio-di-una-serie-di-iniziative-prevista-listituzione-di-una-task-force-interistituzionale-per-la-prevenzione-degli-incidenti\\\/#primaryimage\"},\"thumbnailUrl\":\"http:\\\/\\\/www.bellunopress.it\\\/wp-content\\\/uploads\\\/2019\\\/12\\\/Prefetto-Cogode.jpg\",\"articleSection\":[\"Prima Pagina\",\"Societ\u00e0, Associazioni, Istituzioni\"],\"inLanguage\":\"fr-FR\"},{\"@type\":\"WebPage\",\"@id\":\"https:\\\/\\\/www.bellunopress.it\\\/2020\\\/01\\\/13\\\/sicurezza-stradale-tavolo-in-prefettura-per-lavvio-di-una-serie-di-iniziative-prevista-listituzione-di-una-task-force-interistituzionale-per-la-prevenzione-degli-incidenti\\\/\",\"url\":\"https:\\\/\\\/www.bellunopress.it\\\/2020\\\/01\\\/13\\\/sicurezza-stradale-tavolo-in-prefettura-per-lavvio-di-una-serie-di-iniziative-prevista-listituzione-di-una-task-force-interistituzionale-per-la-prevenzione-degli-incidenti\\\/\",\"name\":\"Sicurezza stradale. Tavolo in Prefettura per l'avvio di una serie di iniziative. Prevista l\u2019istituzione di una task force interistituzionale per la prevenzione degli incidenti - Bellunopress - Dolomiti\",\"isPartOf\":{\"@id\":\"https:\\\/\\\/www.bellunopress.it\\\/#website\"},\"primaryImageOfPage\":{\"@id\":\"https:\\\/\\\/www.bellunopress.it\\\/2020\\\/01\\\/13\\\/sicurezza-stradale-tavolo-in-prefettura-per-lavvio-di-una-serie-di-iniziative-prevista-listituzione-di-una-task-force-interistituzionale-per-la-prevenzione-degli-incidenti\\\/#primaryimage\"},\"image\":{\"@id\":\"https:\\\/\\\/www.bellunopress.it\\\/2020\\\/01\\\/13\\\/sicurezza-stradale-tavolo-in-prefettura-per-lavvio-di-una-serie-di-iniziative-prevista-listituzione-di-una-task-force-interistituzionale-per-la-prevenzione-degli-incidenti\\\/#primaryimage\"},\"thumbnailUrl\":\"http:\\\/\\\/www.bellunopress.it\\\/wp-content\\\/uploads\\\/2019\\\/12\\\/Prefetto-Cogode.jpg\",\"datePublished\":\"2020-01-13T17:50:13+00:00\",\"breadcrumb\":{\"@id\":\"https:\\\/\\\/www.bellunopress.it\\\/2020\\\/01\\\/13\\\/sicurezza-stradale-tavolo-in-prefettura-per-lavvio-di-una-serie-di-iniziative-prevista-listituzione-di-una-task-force-interistituzionale-per-la-prevenzione-degli-incidenti\\\/#breadcrumb\"},\"inLanguage\":\"fr-FR\",\"potentialAction\":[{\"@type\":\"ReadAction\",\"target\":[\"https:\\\/\\\/www.bellunopress.it\\\/2020\\\/01\\\/13\\\/sicurezza-stradale-tavolo-in-prefettura-per-lavvio-di-una-serie-di-iniziative-prevista-listituzione-di-una-task-force-interistituzionale-per-la-prevenzione-degli-incidenti\\\/\"]}]},{\"@type\":\"ImageObject\",\"inLanguage\":\"fr-FR\",\"@id\":\"https:\\\/\\\/www.bellunopress.it\\\/2020\\\/01\\\/13\\\/sicurezza-stradale-tavolo-in-prefettura-per-lavvio-di-una-serie-di-iniziative-prevista-listituzione-di-una-task-force-interistituzionale-per-la-prevenzione-degli-incidenti\\\/#primaryimage\",\"url\":\"http:\\\/\\\/www.bellunopress.it\\\/wp-content\\\/uploads\\\/2019\\\/12\\\/Prefetto-Cogode.jpg\",\"contentUrl\":\"http:\\\/\\\/www.bellunopress.it\\\/wp-content\\\/uploads\\\/2019\\\/12\\\/Prefetto-Cogode.jpg\"},{\"@type\":\"BreadcrumbList\",\"@id\":\"https:\\\/\\\/www.bellunopress.it\\\/2020\\\/01\\\/13\\\/sicurezza-stradale-tavolo-in-prefettura-per-lavvio-di-una-serie-di-iniziative-prevista-listituzione-di-una-task-force-interistituzionale-per-la-prevenzione-degli-incidenti\\\/#breadcrumb\",\"itemListElement\":[{\"@type\":\"ListItem\",\"position\":1,\"name\":\"Home\",\"item\":\"https:\\\/\\\/www.bellunopress.it\\\/\"},{\"@type\":\"ListItem\",\"position\":2,\"name\":\"Sicurezza stradale. Tavolo in Prefettura per l&#8217;avvio di una serie di iniziative. Prevista l\u2019istituzione di una task force interistituzionale per la prevenzione degli incidenti\"}]},{\"@type\":\"WebSite\",\"@id\":\"https:\\\/\\\/www.bellunopress.it\\\/#website\",\"url\":\"https:\\\/\\\/www.bellunopress.it\\\/\",\"name\":\"Bellunopress - Dolomiti\",\"description\":\"e-mail: redazione@bellunopress.it\",\"publisher\":{\"@id\":\"https:\\\/\\\/www.bellunopress.it\\\/#organization\"},\"potentialAction\":[{\"@type\":\"SearchAction\",\"target\":{\"@type\":\"EntryPoint\",\"urlTemplate\":\"https:\\\/\\\/www.bellunopress.it\\\/?s={search_term_string}\"},\"query-input\":{\"@type\":\"PropertyValueSpecification\",\"valueRequired\":true,\"valueName\":\"search_term_string\"}}],\"inLanguage\":\"fr-FR\"},{\"@type\":\"Organization\",\"@id\":\"https:\\\/\\\/www.bellunopress.it\\\/#organization\",\"name\":\"Bellunopress\",\"url\":\"https:\\\/\\\/www.bellunopress.it\\\/\",\"logo\":{\"@type\":\"ImageObject\",\"inLanguage\":\"fr-FR\",\"@id\":\"https:\\\/\\\/www.bellunopress.it\\\/#\\\/schema\\\/logo\\\/image\\\/\",\"url\":\"https:\\\/\\\/www.bellunopress.it\\\/wp-content\\\/uploads\\\/2011\\\/05\\\/cropped-logo-bellunopress-.jpg\",\"contentUrl\":\"https:\\\/\\\/www.bellunopress.it\\\/wp-content\\\/uploads\\\/2011\\\/05\\\/cropped-logo-bellunopress-.jpg\",\"width\":512,\"height\":512,\"caption\":\"Bellunopress\"},\"image\":{\"@id\":\"https:\\\/\\\/www.bellunopress.it\\\/#\\\/schema\\\/logo\\\/image\\\/\"},\"sameAs\":[\"https:\\\/\\\/www.facebook.com\\\/profile.php?id=100008943462799\",\"https:\\\/\\\/x.com\\\/bellunopress\",\"https:\\\/\\\/www.linkedin.com\\\/hp\\\/?dnr=JBzUWaJfMUw8vbXJJ2tVW5-I3jZKvC4wsoxE&amp;amp;amp;amp;amp;amp;trk=nav_responsive_tab_home\",\"https:\\\/\\\/www.youtube.com\\\/channel\\\/UCxL0wu1uN0_3_7hGG0306cw\"]},{\"@type\":\"Person\",\"@id\":\"https:\\\/\\\/www.bellunopress.it\\\/#\\\/schema\\\/person\\\/79bb06722b37ece1c03d3e94beb30d73\",\"name\":\"redazione\",\"image\":{\"@type\":\"ImageObject\",\"inLanguage\":\"fr-FR\",\"@id\":\"https:\\\/\\\/secure.gravatar.com\\\/avatar\\\/37d968a2e67a6fd04c169c4bdef102d0bc5d31b2546345219e348575eb80e9a0?s=96&d=mm&r=g\",\"url\":\"https:\\\/\\\/secure.gravatar.com\\\/avatar\\\/37d968a2e67a6fd04c169c4bdef102d0bc5d31b2546345219e348575eb80e9a0?s=96&d=mm&r=g\",\"contentUrl\":\"https:\\\/\\\/secure.gravatar.com\\\/avatar\\\/37d968a2e67a6fd04c169c4bdef102d0bc5d31b2546345219e348575eb80e9a0?s=96&d=mm&r=g\",\"caption\":\"redazione\"},\"sameAs\":[\"http:\\\/\\\/www.bellunopress.it\",\"https:\\\/\\\/x.com\\\/bellunopress\"],\"url\":\"https:\\\/\\\/www.bellunopress.it\\\/fr\\\/author\\\/redazione\\\/\"}]}<\/script>\n<!-- \/ Yoast SEO plugin. -->","yoast_head_json":{"title":"Sicurezza stradale. Tavolo in Prefettura per l'avvio di una serie di iniziative. Prevista l\u2019istituzione di una task force interistituzionale per la prevenzione degli incidenti - Bellunopress - Dolomiti","robots":{"index":"index","follow":"follow","max-snippet":"max-snippet:-1","max-image-preview":"max-image-preview:large","max-video-preview":"max-video-preview:-1"},"canonical":"https:\/\/www.bellunopress.it\/fr\/2020\/01\/13\/sicurezza-stradale-tavolo-in-prefettura-per-lavvio-di-una-serie-di-iniziative-prevista-listituzione-di-una-task-force-interistituzionale-per-la-prevenzione-degli-incidenti\/","og_locale":"fr_FR","og_type":"article","og_title":"Sicurezza stradale. Tavolo in Prefettura per l'avvio di una serie di iniziative. Prevista l\u2019istituzione di una task force interistituzionale per la prevenzione degli incidenti - Bellunopress - Dolomiti","og_description":"Belluno, 13 gennaio 2020 &#8211; Incidenti in leggero calo nel Bellunese ma attenzione massima al fenomeno da parte di tutte le Istituzioni coinvolte. E&#8217; questo l\u2019esito del tavolo presieduto oggi, a Palazzo dei Rettori, dal prefetto, Adriana Cogode, nell\u2019ambito dell\u2019Osservatorio Provinciale sull\u2019incidentalit\u00e0 stradale, con la partecipazione del sindaco di Belluno, Jacopo Massaro, del consigliere Provinciale, [&hellip;]","og_url":"https:\/\/www.bellunopress.it\/fr\/2020\/01\/13\/sicurezza-stradale-tavolo-in-prefettura-per-lavvio-di-una-serie-di-iniziative-prevista-listituzione-di-una-task-force-interistituzionale-per-la-prevenzione-degli-incidenti\/","og_site_name":"Bellunopress - Dolomiti","article_publisher":"https:\/\/www.facebook.com\/profile.php?id=100008943462799","article_published_time":"2020-01-13T17:50:13+00:00","og_image":[{"url":"http:\/\/www.bellunopress.it\/wp-content\/uploads\/2019\/12\/Prefetto-Cogode.jpg","type":"","width":"","height":""}],"author":"redazione","twitter_card":"summary_large_image","twitter_creator":"@bellunopress","twitter_site":"@bellunopress","twitter_misc":{"\u00c9crit par":"redazione","Dur\u00e9e de lecture estim\u00e9e":"3 minutes"},"schema":{"@context":"https:\/\/schema.org","@graph":[{"@type":"Article","@id":"https:\/\/www.bellunopress.it\/2020\/01\/13\/sicurezza-stradale-tavolo-in-prefettura-per-lavvio-di-una-serie-di-iniziative-prevista-listituzione-di-una-task-force-interistituzionale-per-la-prevenzione-degli-incidenti\/#article","isPartOf":{"@id":"https:\/\/www.bellunopress.it\/2020\/01\/13\/sicurezza-stradale-tavolo-in-prefettura-per-lavvio-di-una-serie-di-iniziative-prevista-listituzione-di-una-task-force-interistituzionale-per-la-prevenzione-degli-incidenti\/"},"author":{"name":"redazione","@id":"https:\/\/www.bellunopress.it\/#\/schema\/person\/79bb06722b37ece1c03d3e94beb30d73"},"headline":"Sicurezza stradale. Tavolo in Prefettura per l&#8217;avvio di una serie di iniziative. Prevista l\u2019istituzione di una task force interistituzionale per la prevenzione degli incidenti","datePublished":"2020-01-13T17:50:13+00:00","mainEntityOfPage":{"@id":"https:\/\/www.bellunopress.it\/2020\/01\/13\/sicurezza-stradale-tavolo-in-prefettura-per-lavvio-di-una-serie-di-iniziative-prevista-listituzione-di-una-task-force-interistituzionale-per-la-prevenzione-degli-incidenti\/"},"wordCount":577,"publisher":{"@id":"https:\/\/www.bellunopress.it\/#organization"},"image":{"@id":"https:\/\/www.bellunopress.it\/2020\/01\/13\/sicurezza-stradale-tavolo-in-prefettura-per-lavvio-di-una-serie-di-iniziative-prevista-listituzione-di-una-task-force-interistituzionale-per-la-prevenzione-degli-incidenti\/#primaryimage"},"thumbnailUrl":"http:\/\/www.bellunopress.it\/wp-content\/uploads\/2019\/12\/Prefetto-Cogode.jpg","articleSection":["Prima Pagina","Societ\u00e0, Associazioni, Istituzioni"],"inLanguage":"fr-FR"},{"@type":"WebPage","@id":"https:\/\/www.bellunopress.it\/2020\/01\/13\/sicurezza-stradale-tavolo-in-prefettura-per-lavvio-di-una-serie-di-iniziative-prevista-listituzione-di-una-task-force-interistituzionale-per-la-prevenzione-degli-incidenti\/","url":"https:\/\/www.bellunopress.it\/2020\/01\/13\/sicurezza-stradale-tavolo-in-prefettura-per-lavvio-di-una-serie-di-iniziative-prevista-listituzione-di-una-task-force-interistituzionale-per-la-prevenzione-degli-incidenti\/","name":"Sicurezza stradale. Tavolo in Prefettura per l'avvio di una serie di iniziative. Prevista l\u2019istituzione di una task force interistituzionale per la prevenzione degli incidenti - Bellunopress - Dolomiti","isPartOf":{"@id":"https:\/\/www.bellunopress.it\/#website"},"primaryImageOfPage":{"@id":"https:\/\/www.bellunopress.it\/2020\/01\/13\/sicurezza-stradale-tavolo-in-prefettura-per-lavvio-di-una-serie-di-iniziative-prevista-listituzione-di-una-task-force-interistituzionale-per-la-prevenzione-degli-incidenti\/#primaryimage"},"image":{"@id":"https:\/\/www.bellunopress.it\/2020\/01\/13\/sicurezza-stradale-tavolo-in-prefettura-per-lavvio-di-una-serie-di-iniziative-prevista-listituzione-di-una-task-force-interistituzionale-per-la-prevenzione-degli-incidenti\/#primaryimage"},"thumbnailUrl":"http:\/\/www.bellunopress.it\/wp-content\/uploads\/2019\/12\/Prefetto-Cogode.jpg","datePublished":"2020-01-13T17:50:13+00:00","breadcrumb":{"@id":"https:\/\/www.bellunopress.it\/2020\/01\/13\/sicurezza-stradale-tavolo-in-prefettura-per-lavvio-di-una-serie-di-iniziative-prevista-listituzione-di-una-task-force-interistituzionale-per-la-prevenzione-degli-incidenti\/#breadcrumb"},"inLanguage":"fr-FR","potentialAction":[{"@type":"ReadAction","target":["https:\/\/www.bellunopress.it\/2020\/01\/13\/sicurezza-stradale-tavolo-in-prefettura-per-lavvio-di-una-serie-di-iniziative-prevista-listituzione-di-una-task-force-interistituzionale-per-la-prevenzione-degli-incidenti\/"]}]},{"@type":"ImageObject","inLanguage":"fr-FR","@id":"https:\/\/www.bellunopress.it\/2020\/01\/13\/sicurezza-stradale-tavolo-in-prefettura-per-lavvio-di-una-serie-di-iniziative-prevista-listituzione-di-una-task-force-interistituzionale-per-la-prevenzione-degli-incidenti\/#primaryimage","url":"http:\/\/www.bellunopress.it\/wp-content\/uploads\/2019\/12\/Prefetto-Cogode.jpg","contentUrl":"http:\/\/www.bellunopress.it\/wp-content\/uploads\/2019\/12\/Prefetto-Cogode.jpg"},{"@type":"BreadcrumbList","@id":"https:\/\/www.bellunopress.it\/2020\/01\/13\/sicurezza-stradale-tavolo-in-prefettura-per-lavvio-di-una-serie-di-iniziative-prevista-listituzione-di-una-task-force-interistituzionale-per-la-prevenzione-degli-incidenti\/#breadcrumb","itemListElement":[{"@type":"ListItem","position":1,"name":"Home","item":"https:\/\/www.bellunopress.it\/"},{"@type":"ListItem","position":2,"name":"Sicurezza stradale. Tavolo in Prefettura per l&#8217;avvio di una serie di iniziative. Prevista l\u2019istituzione di una task force interistituzionale per la prevenzione degli incidenti"}]},{"@type":"WebSite","@id":"https:\/\/www.bellunopress.it\/#website","url":"https:\/\/www.bellunopress.it\/","name":"Bellunopress - Dolomiti","description":"e-mail: redazione@bellunopress.it","publisher":{"@id":"https:\/\/www.bellunopress.it\/#organization"},"potentialAction":[{"@type":"SearchAction","target":{"@type":"EntryPoint","urlTemplate":"https:\/\/www.bellunopress.it\/?s={search_term_string}"},"query-input":{"@type":"PropertyValueSpecification","valueRequired":true,"valueName":"search_term_string"}}],"inLanguage":"fr-FR"},{"@type":"Organization","@id":"https:\/\/www.bellunopress.it\/#organization","name":"Bellunopress","url":"https:\/\/www.bellunopress.it\/","logo":{"@type":"ImageObject","inLanguage":"fr-FR","@id":"https:\/\/www.bellunopress.it\/#\/schema\/logo\/image\/","url":"https:\/\/www.bellunopress.it\/wp-content\/uploads\/2011\/05\/cropped-logo-bellunopress-.jpg","contentUrl":"https:\/\/www.bellunopress.it\/wp-content\/uploads\/2011\/05\/cropped-logo-bellunopress-.jpg","width":512,"height":512,"caption":"Bellunopress"},"image":{"@id":"https:\/\/www.bellunopress.it\/#\/schema\/logo\/image\/"},"sameAs":["https:\/\/www.facebook.com\/profile.php?id=100008943462799","https:\/\/x.com\/bellunopress","https:\/\/www.linkedin.com\/hp\/?dnr=JBzUWaJfMUw8vbXJJ2tVW5-I3jZKvC4wsoxE&amp;amp;amp;amp;amp;amp;trk=nav_responsive_tab_home","https:\/\/www.youtube.com\/channel\/UCxL0wu1uN0_3_7hGG0306cw"]},{"@type":"Person","@id":"https:\/\/www.bellunopress.it\/#\/schema\/person\/79bb06722b37ece1c03d3e94beb30d73","name":"r\u00e9daction","image":{"@type":"ImageObject","inLanguage":"fr-FR","@id":"https:\/\/secure.gravatar.com\/avatar\/37d968a2e67a6fd04c169c4bdef102d0bc5d31b2546345219e348575eb80e9a0?s=96&d=mm&r=g","url":"https:\/\/secure.gravatar.com\/avatar\/37d968a2e67a6fd04c169c4bdef102d0bc5d31b2546345219e348575eb80e9a0?s=96&d=mm&r=g","contentUrl":"https:\/\/secure.gravatar.com\/avatar\/37d968a2e67a6fd04c169c4bdef102d0bc5d31b2546345219e348575eb80e9a0?s=96&d=mm&r=g","caption":"redazione"},"sameAs":["http:\/\/www.bellunopress.it","https:\/\/x.com\/bellunopress"],"url":"https:\/\/www.bellunopress.it\/fr\/author\/redazione\/"}]}},"_links":{"self":[{"href":"https:\/\/www.bellunopress.it\/fr\/wp-json\/wp\/v2\/posts\/111212","targetHints":{"allow":["GET"]}}],"collection":[{"href":"https:\/\/www.bellunopress.it\/fr\/wp-json\/wp\/v2\/posts"}],"about":[{"href":"https:\/\/www.bellunopress.it\/fr\/wp-json\/wp\/v2\/types\/post"}],"author":[{"embeddable":true,"href":"https:\/\/www.bellunopress.it\/fr\/wp-json\/wp\/v2\/users\/2"}],"replies":[{"embeddable":true,"href":"https:\/\/www.bellunopress.it\/fr\/wp-json\/wp\/v2\/comments?post=111212"}],"version-history":[{"count":1,"href":"https:\/\/www.bellunopress.it\/fr\/wp-json\/wp\/v2\/posts\/111212\/revisions"}],"predecessor-version":[{"id":111213,"href":"https:\/\/www.bellunopress.it\/fr\/wp-json\/wp\/v2\/posts\/111212\/revisions\/111213"}],"wp:attachment":[{"href":"https:\/\/www.bellunopress.it\/fr\/wp-json\/wp\/v2\/media?parent=111212"}],"wp:term":[{"taxonomy":"category","embeddable":true,"href":"https:\/\/www.bellunopress.it\/fr\/wp-json\/wp\/v2\/categories?post=111212"},{"taxonomy":"post_tag","embeddable":true,"href":"https:\/\/www.bellunopress.it\/fr\/wp-json\/wp\/v2\/tags?post=111212"}],"curies":[{"name":"wp","href":"https:\/\/api.w.org\/{rel}","templated":true}]}}