{"id":111179,"date":"2020-01-12T20:08:29","date_gmt":"2020-01-12T19:08:29","guid":{"rendered":"http:\/\/www.bellunopress.it\/?p=111179"},"modified":"2020-01-12T20:08:29","modified_gmt":"2020-01-12T19:08:29","slug":"5g-un-rischio-per-la-salute-sabato-sera-a-la-valle-agordina-la-conferenza-del-dottor-achille-sacchi","status":"publish","type":"post","link":"https:\/\/www.bellunopress.it\/fr\/2020\/01\/12\/5g-un-rischio-per-la-salute-sabato-sera-a-la-valle-agordina-la-conferenza-del-dottor-achille-sacchi\/","title":{"rendered":"5G: un rischio per la salute? Sabato sera a La Valle Agordina la conferenza del dottor Achille Sacchi"},"content":{"rendered":"<p>\u201cL\u2019uso del 5G quanto contribuir\u00e0 ad aumentare il rischio per la nostra salute causato dai campi elettromagnetici?\u201d.<\/p>\n<p><a href=\"http:\/\/www.bellunopress.it\/fr\/2019\/08\/19\/il-rapporto-dellistituto-superiore-di-sanita-sui-rapporti-tra-utilizzo-dei-cellulari-e-cancro-e-inadeguato-a-garantire-al-meglio-la-salute-pubblica-promossa-una-raccolta-di-firme-per-chiedere\/5g\/\" rel=\"attachment wp-att-107196\"><img loading=\"lazy\" decoding=\"async\" class=\"alignleft size-full wp-image-107196\" src=\"http:\/\/www.bellunopress.it\/wp-content\/uploads\/2019\/08\/5g.jpg\" alt=\"\" width=\"300\" height=\"175\" \/><\/a>Questo \u00e8 il quesito al quale cercher\u00e0 di dare una risposta il dottore Achille Sacchi &#8211; laureato in Scienze Matematiche Fisiche e Naturali e precisamente in Scienze Geologiche, specializzato sulle terapie della casa grazie alla frequenta di diversi corsi di radioestesia, geobiologia e domo terapia che gli hanno permesso di fare esperienza nella bonifica di abitazioni tramite la rilevazione di campi elettromagnetici artificiali e naturali (radiazioni a differente frequenza), di anomalie geomagnetiche e di reti cosmo-telluriche &#8211; la cui utopia \u00e8 il raggiungimento di un futuro migliore per tutto e per tutti, che utilizzi gli strumenti necessari, compresa la tecnologia, per un benessere &#8220;reale e duraturo&#8221;.<\/p>\n<p>\u00abCon molto piacere \u2013 afferma Antonio Intiglietta, responsabile dell\u2019associazione culturale Un Punto Macrobiotico di Belluno \u2013 abbiamo accolto la proposta del comune di La Valle Agordina per organizzare una serata su questo scottante tema dell\u2019inquinamento invisibile provocato dai campi magnetici. La conoscenza dei rischi per la salute \u00e8 un diritto di tutti e il nostro obiettivo \u00e8 di fornire gli strumenti per valutare l\u2019impatto di questa nuova forma di tecnologia. Abbiamo invitato il dottor Sacchi proprio per fare luce sul 5G, la cui sperimentazione \u00e8 in atto pur senza una strumentazione validata e precisa per la misurazione del campo elettromagnetico generato\u00bb.<\/p>\n<p>L\u2019appuntamento \u00e8 per sabato 18 gennaio 2020 alle ore 20.30 presso la Sala Valmassoni (ex latteria) di La Valle Agordina.<\/p>\n<p>Larissa Roncaglia<\/p>\n<p>Nella foto: La nostra sensibilit\u00e0 elettromagnetica (ph Antonio Intiglietta)<\/p>","protected":false},"excerpt":{"rendered":"<p>\u201cL\u2019uso del 5G quanto contribuir\u00e0 ad aumentare il rischio per la nostra salute causato dai campi elettromagnetici?\u201d. Questo \u00e8 il quesito al quale cercher\u00e0 di dare una risposta il dottore Achille Sacchi &#8211; laureato in Scienze Matematiche Fisiche e Naturali e precisamente in Scienze Geologiche, specializzato sulle terapie della casa grazie alla frequenta di diversi [&hellip;]<\/p>\n","protected":false},"author":2,"featured_media":0,"comment_status":"closed","ping_status":"open","sticky":false,"template":"","format":"standard","meta":{"footnotes":""},"categories":[27,3,25],"tags":[],"class_list":["post-111179","post","type-post","status-publish","format-standard","category-appuntamenti","category-arte-cultura-spettacoli-scienza-archivi","category-pausa-caffe"],"yoast_head":"<!-- This site is optimized with the Yoast SEO plugin v28.4 - https:\/\/yoast.com\/product\/yoast-seo-wordpress\/ -->\n<title>5G: un rischio per la salute? Sabato sera a La Valle Agordina la conferenza del dottor Achille Sacchi - Bellunopress - Dolomiti<\/title>\n<meta name=\"robots\" content=\"index, follow, max-snippet:-1, max-image-preview:large, max-video-preview:-1\" \/>\n<link rel=\"canonical\" href=\"https:\/\/www.bellunopress.it\/fr\/2020\/01\/12\/5g-un-rischio-per-la-salute-sabato-sera-a-la-valle-agordina-la-conferenza-del-dottor-achille-sacchi\/\" \/>\n<meta property=\"og:locale\" content=\"fr_FR\" \/>\n<meta property=\"og:type\" content=\"article\" \/>\n<meta property=\"og:title\" content=\"5G: un rischio per la salute? Sabato sera a La Valle Agordina la conferenza del dottor Achille Sacchi - Bellunopress - Dolomiti\" \/>\n<meta property=\"og:description\" content=\"\u201cL\u2019uso del 5G quanto contribuir\u00e0 ad aumentare il rischio per la nostra salute causato dai campi elettromagnetici?\u201d. Questo \u00e8 il quesito al quale cercher\u00e0 di dare una risposta il dottore Achille Sacchi &#8211; laureato in Scienze Matematiche Fisiche e Naturali e precisamente in Scienze Geologiche, specializzato sulle terapie della casa grazie alla frequenta di diversi [&hellip;]\" \/>\n<meta property=\"og:url\" content=\"https:\/\/www.bellunopress.it\/fr\/2020\/01\/12\/5g-un-rischio-per-la-salute-sabato-sera-a-la-valle-agordina-la-conferenza-del-dottor-achille-sacchi\/\" \/>\n<meta property=\"og:site_name\" content=\"Bellunopress - Dolomiti\" \/>\n<meta property=\"article:publisher\" content=\"https:\/\/www.facebook.com\/profile.php?id=100008943462799\" \/>\n<meta property=\"article:published_time\" content=\"2020-01-12T19:08:29+00:00\" \/>\n<meta property=\"og:image\" content=\"http:\/\/www.bellunopress.it\/wp-content\/uploads\/2019\/08\/5g.jpg\" \/>\n<meta name=\"author\" content=\"redazione\" \/>\n<meta name=\"twitter:card\" content=\"summary_large_image\" \/>\n<meta name=\"twitter:creator\" content=\"@bellunopress\" \/>\n<meta name=\"twitter:site\" content=\"@bellunopress\" \/>\n<meta name=\"twitter:label1\" content=\"\u00c9crit par\" \/>\n\t<meta name=\"twitter:data1\" content=\"redazione\" \/>\n\t<meta name=\"twitter:label2\" content=\"Dur\u00e9e de lecture estim\u00e9e\" \/>\n\t<meta name=\"twitter:data2\" content=\"1 minute\" \/>\n<script type=\"application\/ld+json\" class=\"yoast-schema-graph\">{\"@context\":\"https:\\\/\\\/schema.org\",\"@graph\":[{\"@type\":\"Article\",\"@id\":\"https:\\\/\\\/www.bellunopress.it\\\/2020\\\/01\\\/12\\\/5g-un-rischio-per-la-salute-sabato-sera-a-la-valle-agordina-la-conferenza-del-dottor-achille-sacchi\\\/#article\",\"isPartOf\":{\"@id\":\"https:\\\/\\\/www.bellunopress.it\\\/2020\\\/01\\\/12\\\/5g-un-rischio-per-la-salute-sabato-sera-a-la-valle-agordina-la-conferenza-del-dottor-achille-sacchi\\\/\"},\"author\":{\"name\":\"redazione\",\"@id\":\"https:\\\/\\\/www.bellunopress.it\\\/#\\\/schema\\\/person\\\/79bb06722b37ece1c03d3e94beb30d73\"},\"headline\":\"5G: un rischio per la salute? Sabato sera a La Valle Agordina la conferenza del dottor Achille Sacchi\",\"datePublished\":\"2020-01-12T19:08:29+00:00\",\"mainEntityOfPage\":{\"@id\":\"https:\\\/\\\/www.bellunopress.it\\\/2020\\\/01\\\/12\\\/5g-un-rischio-per-la-salute-sabato-sera-a-la-valle-agordina-la-conferenza-del-dottor-achille-sacchi\\\/\"},\"wordCount\":267,\"publisher\":{\"@id\":\"https:\\\/\\\/www.bellunopress.it\\\/#organization\"},\"image\":{\"@id\":\"https:\\\/\\\/www.bellunopress.it\\\/2020\\\/01\\\/12\\\/5g-un-rischio-per-la-salute-sabato-sera-a-la-valle-agordina-la-conferenza-del-dottor-achille-sacchi\\\/#primaryimage\"},\"thumbnailUrl\":\"http:\\\/\\\/www.bellunopress.it\\\/wp-content\\\/uploads\\\/2019\\\/08\\\/5g.jpg\",\"articleSection\":[\"Appuntamenti, Eventi\",\"Arte, Cultura, Spettacoli, Scienza\",\"Pausa Caff\u00e8\"],\"inLanguage\":\"fr-FR\"},{\"@type\":\"WebPage\",\"@id\":\"https:\\\/\\\/www.bellunopress.it\\\/2020\\\/01\\\/12\\\/5g-un-rischio-per-la-salute-sabato-sera-a-la-valle-agordina-la-conferenza-del-dottor-achille-sacchi\\\/\",\"url\":\"https:\\\/\\\/www.bellunopress.it\\\/2020\\\/01\\\/12\\\/5g-un-rischio-per-la-salute-sabato-sera-a-la-valle-agordina-la-conferenza-del-dottor-achille-sacchi\\\/\",\"name\":\"5G: un rischio per la salute? Sabato sera a La Valle Agordina la conferenza del dottor Achille Sacchi - Bellunopress - Dolomiti\",\"isPartOf\":{\"@id\":\"https:\\\/\\\/www.bellunopress.it\\\/#website\"},\"primaryImageOfPage\":{\"@id\":\"https:\\\/\\\/www.bellunopress.it\\\/2020\\\/01\\\/12\\\/5g-un-rischio-per-la-salute-sabato-sera-a-la-valle-agordina-la-conferenza-del-dottor-achille-sacchi\\\/#primaryimage\"},\"image\":{\"@id\":\"https:\\\/\\\/www.bellunopress.it\\\/2020\\\/01\\\/12\\\/5g-un-rischio-per-la-salute-sabato-sera-a-la-valle-agordina-la-conferenza-del-dottor-achille-sacchi\\\/#primaryimage\"},\"thumbnailUrl\":\"http:\\\/\\\/www.bellunopress.it\\\/wp-content\\\/uploads\\\/2019\\\/08\\\/5g.jpg\",\"datePublished\":\"2020-01-12T19:08:29+00:00\",\"breadcrumb\":{\"@id\":\"https:\\\/\\\/www.bellunopress.it\\\/2020\\\/01\\\/12\\\/5g-un-rischio-per-la-salute-sabato-sera-a-la-valle-agordina-la-conferenza-del-dottor-achille-sacchi\\\/#breadcrumb\"},\"inLanguage\":\"fr-FR\",\"potentialAction\":[{\"@type\":\"ReadAction\",\"target\":[\"https:\\\/\\\/www.bellunopress.it\\\/2020\\\/01\\\/12\\\/5g-un-rischio-per-la-salute-sabato-sera-a-la-valle-agordina-la-conferenza-del-dottor-achille-sacchi\\\/\"]}]},{\"@type\":\"ImageObject\",\"inLanguage\":\"fr-FR\",\"@id\":\"https:\\\/\\\/www.bellunopress.it\\\/2020\\\/01\\\/12\\\/5g-un-rischio-per-la-salute-sabato-sera-a-la-valle-agordina-la-conferenza-del-dottor-achille-sacchi\\\/#primaryimage\",\"url\":\"http:\\\/\\\/www.bellunopress.it\\\/wp-content\\\/uploads\\\/2019\\\/08\\\/5g.jpg\",\"contentUrl\":\"http:\\\/\\\/www.bellunopress.it\\\/wp-content\\\/uploads\\\/2019\\\/08\\\/5g.jpg\"},{\"@type\":\"BreadcrumbList\",\"@id\":\"https:\\\/\\\/www.bellunopress.it\\\/2020\\\/01\\\/12\\\/5g-un-rischio-per-la-salute-sabato-sera-a-la-valle-agordina-la-conferenza-del-dottor-achille-sacchi\\\/#breadcrumb\",\"itemListElement\":[{\"@type\":\"ListItem\",\"position\":1,\"name\":\"Home\",\"item\":\"https:\\\/\\\/www.bellunopress.it\\\/\"},{\"@type\":\"ListItem\",\"position\":2,\"name\":\"5G: un rischio per la salute? Sabato sera a La Valle Agordina la conferenza del dottor Achille Sacchi\"}]},{\"@type\":\"WebSite\",\"@id\":\"https:\\\/\\\/www.bellunopress.it\\\/#website\",\"url\":\"https:\\\/\\\/www.bellunopress.it\\\/\",\"name\":\"Bellunopress - Dolomiti\",\"description\":\"e-mail: redazione@bellunopress.it\",\"publisher\":{\"@id\":\"https:\\\/\\\/www.bellunopress.it\\\/#organization\"},\"potentialAction\":[{\"@type\":\"SearchAction\",\"target\":{\"@type\":\"EntryPoint\",\"urlTemplate\":\"https:\\\/\\\/www.bellunopress.it\\\/?s={search_term_string}\"},\"query-input\":{\"@type\":\"PropertyValueSpecification\",\"valueRequired\":true,\"valueName\":\"search_term_string\"}}],\"inLanguage\":\"fr-FR\"},{\"@type\":\"Organization\",\"@id\":\"https:\\\/\\\/www.bellunopress.it\\\/#organization\",\"name\":\"Bellunopress\",\"url\":\"https:\\\/\\\/www.bellunopress.it\\\/\",\"logo\":{\"@type\":\"ImageObject\",\"inLanguage\":\"fr-FR\",\"@id\":\"https:\\\/\\\/www.bellunopress.it\\\/#\\\/schema\\\/logo\\\/image\\\/\",\"url\":\"https:\\\/\\\/www.bellunopress.it\\\/wp-content\\\/uploads\\\/2011\\\/05\\\/cropped-logo-bellunopress-.jpg\",\"contentUrl\":\"https:\\\/\\\/www.bellunopress.it\\\/wp-content\\\/uploads\\\/2011\\\/05\\\/cropped-logo-bellunopress-.jpg\",\"width\":512,\"height\":512,\"caption\":\"Bellunopress\"},\"image\":{\"@id\":\"https:\\\/\\\/www.bellunopress.it\\\/#\\\/schema\\\/logo\\\/image\\\/\"},\"sameAs\":[\"https:\\\/\\\/www.facebook.com\\\/profile.php?id=100008943462799\",\"https:\\\/\\\/x.com\\\/bellunopress\",\"https:\\\/\\\/www.linkedin.com\\\/hp\\\/?dnr=JBzUWaJfMUw8vbXJJ2tVW5-I3jZKvC4wsoxE&amp;amp;amp;amp;amp;amp;trk=nav_responsive_tab_home\",\"https:\\\/\\\/www.youtube.com\\\/channel\\\/UCxL0wu1uN0_3_7hGG0306cw\"]},{\"@type\":\"Person\",\"@id\":\"https:\\\/\\\/www.bellunopress.it\\\/#\\\/schema\\\/person\\\/79bb06722b37ece1c03d3e94beb30d73\",\"name\":\"redazione\",\"image\":{\"@type\":\"ImageObject\",\"inLanguage\":\"fr-FR\",\"@id\":\"https:\\\/\\\/secure.gravatar.com\\\/avatar\\\/37d968a2e67a6fd04c169c4bdef102d0bc5d31b2546345219e348575eb80e9a0?s=96&d=mm&r=g\",\"url\":\"https:\\\/\\\/secure.gravatar.com\\\/avatar\\\/37d968a2e67a6fd04c169c4bdef102d0bc5d31b2546345219e348575eb80e9a0?s=96&d=mm&r=g\",\"contentUrl\":\"https:\\\/\\\/secure.gravatar.com\\\/avatar\\\/37d968a2e67a6fd04c169c4bdef102d0bc5d31b2546345219e348575eb80e9a0?s=96&d=mm&r=g\",\"caption\":\"redazione\"},\"sameAs\":[\"http:\\\/\\\/www.bellunopress.it\",\"https:\\\/\\\/x.com\\\/bellunopress\"],\"url\":\"https:\\\/\\\/www.bellunopress.it\\\/fr\\\/author\\\/redazione\\\/\"}]}<\/script>\n<!-- \/ Yoast SEO plugin. -->","yoast_head_json":{"title":"5G: un rischio per la salute? Sabato sera a La Valle Agordina la conferenza del dottor Achille Sacchi - Bellunopress - Dolomiti","robots":{"index":"index","follow":"follow","max-snippet":"max-snippet:-1","max-image-preview":"max-image-preview:large","max-video-preview":"max-video-preview:-1"},"canonical":"https:\/\/www.bellunopress.it\/fr\/2020\/01\/12\/5g-un-rischio-per-la-salute-sabato-sera-a-la-valle-agordina-la-conferenza-del-dottor-achille-sacchi\/","og_locale":"fr_FR","og_type":"article","og_title":"5G: un rischio per la salute? Sabato sera a La Valle Agordina la conferenza del dottor Achille Sacchi - Bellunopress - Dolomiti","og_description":"\u201cL\u2019uso del 5G quanto contribuir\u00e0 ad aumentare il rischio per la nostra salute causato dai campi elettromagnetici?\u201d. Questo \u00e8 il quesito al quale cercher\u00e0 di dare una risposta il dottore Achille Sacchi &#8211; laureato in Scienze Matematiche Fisiche e Naturali e precisamente in Scienze Geologiche, specializzato sulle terapie della casa grazie alla frequenta di diversi [&hellip;]","og_url":"https:\/\/www.bellunopress.it\/fr\/2020\/01\/12\/5g-un-rischio-per-la-salute-sabato-sera-a-la-valle-agordina-la-conferenza-del-dottor-achille-sacchi\/","og_site_name":"Bellunopress - Dolomiti","article_publisher":"https:\/\/www.facebook.com\/profile.php?id=100008943462799","article_published_time":"2020-01-12T19:08:29+00:00","og_image":[{"url":"http:\/\/www.bellunopress.it\/wp-content\/uploads\/2019\/08\/5g.jpg","type":"","width":"","height":""}],"author":"redazione","twitter_card":"summary_large_image","twitter_creator":"@bellunopress","twitter_site":"@bellunopress","twitter_misc":{"\u00c9crit par":"redazione","Dur\u00e9e de lecture estim\u00e9e":"1 minute"},"schema":{"@context":"https:\/\/schema.org","@graph":[{"@type":"Article","@id":"https:\/\/www.bellunopress.it\/2020\/01\/12\/5g-un-rischio-per-la-salute-sabato-sera-a-la-valle-agordina-la-conferenza-del-dottor-achille-sacchi\/#article","isPartOf":{"@id":"https:\/\/www.bellunopress.it\/2020\/01\/12\/5g-un-rischio-per-la-salute-sabato-sera-a-la-valle-agordina-la-conferenza-del-dottor-achille-sacchi\/"},"author":{"name":"redazione","@id":"https:\/\/www.bellunopress.it\/#\/schema\/person\/79bb06722b37ece1c03d3e94beb30d73"},"headline":"5G: un rischio per la salute? Sabato sera a La Valle Agordina la conferenza del dottor Achille Sacchi","datePublished":"2020-01-12T19:08:29+00:00","mainEntityOfPage":{"@id":"https:\/\/www.bellunopress.it\/2020\/01\/12\/5g-un-rischio-per-la-salute-sabato-sera-a-la-valle-agordina-la-conferenza-del-dottor-achille-sacchi\/"},"wordCount":267,"publisher":{"@id":"https:\/\/www.bellunopress.it\/#organization"},"image":{"@id":"https:\/\/www.bellunopress.it\/2020\/01\/12\/5g-un-rischio-per-la-salute-sabato-sera-a-la-valle-agordina-la-conferenza-del-dottor-achille-sacchi\/#primaryimage"},"thumbnailUrl":"http:\/\/www.bellunopress.it\/wp-content\/uploads\/2019\/08\/5g.jpg","articleSection":["Appuntamenti, Eventi","Arte, Cultura, Spettacoli, Scienza","Pausa Caff\u00e8"],"inLanguage":"fr-FR"},{"@type":"WebPage","@id":"https:\/\/www.bellunopress.it\/2020\/01\/12\/5g-un-rischio-per-la-salute-sabato-sera-a-la-valle-agordina-la-conferenza-del-dottor-achille-sacchi\/","url":"https:\/\/www.bellunopress.it\/2020\/01\/12\/5g-un-rischio-per-la-salute-sabato-sera-a-la-valle-agordina-la-conferenza-del-dottor-achille-sacchi\/","name":"5G: un rischio per la salute? Sabato sera a La Valle Agordina la conferenza del dottor Achille Sacchi - Bellunopress - Dolomiti","isPartOf":{"@id":"https:\/\/www.bellunopress.it\/#website"},"primaryImageOfPage":{"@id":"https:\/\/www.bellunopress.it\/2020\/01\/12\/5g-un-rischio-per-la-salute-sabato-sera-a-la-valle-agordina-la-conferenza-del-dottor-achille-sacchi\/#primaryimage"},"image":{"@id":"https:\/\/www.bellunopress.it\/2020\/01\/12\/5g-un-rischio-per-la-salute-sabato-sera-a-la-valle-agordina-la-conferenza-del-dottor-achille-sacchi\/#primaryimage"},"thumbnailUrl":"http:\/\/www.bellunopress.it\/wp-content\/uploads\/2019\/08\/5g.jpg","datePublished":"2020-01-12T19:08:29+00:00","breadcrumb":{"@id":"https:\/\/www.bellunopress.it\/2020\/01\/12\/5g-un-rischio-per-la-salute-sabato-sera-a-la-valle-agordina-la-conferenza-del-dottor-achille-sacchi\/#breadcrumb"},"inLanguage":"fr-FR","potentialAction":[{"@type":"ReadAction","target":["https:\/\/www.bellunopress.it\/2020\/01\/12\/5g-un-rischio-per-la-salute-sabato-sera-a-la-valle-agordina-la-conferenza-del-dottor-achille-sacchi\/"]}]},{"@type":"ImageObject","inLanguage":"fr-FR","@id":"https:\/\/www.bellunopress.it\/2020\/01\/12\/5g-un-rischio-per-la-salute-sabato-sera-a-la-valle-agordina-la-conferenza-del-dottor-achille-sacchi\/#primaryimage","url":"http:\/\/www.bellunopress.it\/wp-content\/uploads\/2019\/08\/5g.jpg","contentUrl":"http:\/\/www.bellunopress.it\/wp-content\/uploads\/2019\/08\/5g.jpg"},{"@type":"BreadcrumbList","@id":"https:\/\/www.bellunopress.it\/2020\/01\/12\/5g-un-rischio-per-la-salute-sabato-sera-a-la-valle-agordina-la-conferenza-del-dottor-achille-sacchi\/#breadcrumb","itemListElement":[{"@type":"ListItem","position":1,"name":"Home","item":"https:\/\/www.bellunopress.it\/"},{"@type":"ListItem","position":2,"name":"5G: un rischio per la salute? Sabato sera a La Valle Agordina la conferenza del dottor Achille Sacchi"}]},{"@type":"WebSite","@id":"https:\/\/www.bellunopress.it\/#website","url":"https:\/\/www.bellunopress.it\/","name":"Bellunopress - Dolomiti","description":"e-mail: redazione@bellunopress.it","publisher":{"@id":"https:\/\/www.bellunopress.it\/#organization"},"potentialAction":[{"@type":"SearchAction","target":{"@type":"EntryPoint","urlTemplate":"https:\/\/www.bellunopress.it\/?s={search_term_string}"},"query-input":{"@type":"PropertyValueSpecification","valueRequired":true,"valueName":"search_term_string"}}],"inLanguage":"fr-FR"},{"@type":"Organization","@id":"https:\/\/www.bellunopress.it\/#organization","name":"Bellunopress","url":"https:\/\/www.bellunopress.it\/","logo":{"@type":"ImageObject","inLanguage":"fr-FR","@id":"https:\/\/www.bellunopress.it\/#\/schema\/logo\/image\/","url":"https:\/\/www.bellunopress.it\/wp-content\/uploads\/2011\/05\/cropped-logo-bellunopress-.jpg","contentUrl":"https:\/\/www.bellunopress.it\/wp-content\/uploads\/2011\/05\/cropped-logo-bellunopress-.jpg","width":512,"height":512,"caption":"Bellunopress"},"image":{"@id":"https:\/\/www.bellunopress.it\/#\/schema\/logo\/image\/"},"sameAs":["https:\/\/www.facebook.com\/profile.php?id=100008943462799","https:\/\/x.com\/bellunopress","https:\/\/www.linkedin.com\/hp\/?dnr=JBzUWaJfMUw8vbXJJ2tVW5-I3jZKvC4wsoxE&amp;amp;amp;amp;amp;amp;trk=nav_responsive_tab_home","https:\/\/www.youtube.com\/channel\/UCxL0wu1uN0_3_7hGG0306cw"]},{"@type":"Person","@id":"https:\/\/www.bellunopress.it\/#\/schema\/person\/79bb06722b37ece1c03d3e94beb30d73","name":"r\u00e9daction","image":{"@type":"ImageObject","inLanguage":"fr-FR","@id":"https:\/\/secure.gravatar.com\/avatar\/37d968a2e67a6fd04c169c4bdef102d0bc5d31b2546345219e348575eb80e9a0?s=96&d=mm&r=g","url":"https:\/\/secure.gravatar.com\/avatar\/37d968a2e67a6fd04c169c4bdef102d0bc5d31b2546345219e348575eb80e9a0?s=96&d=mm&r=g","contentUrl":"https:\/\/secure.gravatar.com\/avatar\/37d968a2e67a6fd04c169c4bdef102d0bc5d31b2546345219e348575eb80e9a0?s=96&d=mm&r=g","caption":"redazione"},"sameAs":["http:\/\/www.bellunopress.it","https:\/\/x.com\/bellunopress"],"url":"https:\/\/www.bellunopress.it\/fr\/author\/redazione\/"}]}},"_links":{"self":[{"href":"https:\/\/www.bellunopress.it\/fr\/wp-json\/wp\/v2\/posts\/111179","targetHints":{"allow":["GET"]}}],"collection":[{"href":"https:\/\/www.bellunopress.it\/fr\/wp-json\/wp\/v2\/posts"}],"about":[{"href":"https:\/\/www.bellunopress.it\/fr\/wp-json\/wp\/v2\/types\/post"}],"author":[{"embeddable":true,"href":"https:\/\/www.bellunopress.it\/fr\/wp-json\/wp\/v2\/users\/2"}],"replies":[{"embeddable":true,"href":"https:\/\/www.bellunopress.it\/fr\/wp-json\/wp\/v2\/comments?post=111179"}],"version-history":[{"count":1,"href":"https:\/\/www.bellunopress.it\/fr\/wp-json\/wp\/v2\/posts\/111179\/revisions"}],"predecessor-version":[{"id":111180,"href":"https:\/\/www.bellunopress.it\/fr\/wp-json\/wp\/v2\/posts\/111179\/revisions\/111180"}],"wp:attachment":[{"href":"https:\/\/www.bellunopress.it\/fr\/wp-json\/wp\/v2\/media?parent=111179"}],"wp:term":[{"taxonomy":"category","embeddable":true,"href":"https:\/\/www.bellunopress.it\/fr\/wp-json\/wp\/v2\/categories?post=111179"},{"taxonomy":"post_tag","embeddable":true,"href":"https:\/\/www.bellunopress.it\/fr\/wp-json\/wp\/v2\/tags?post=111179"}],"curies":[{"name":"wp","href":"https:\/\/api.w.org\/{rel}","templated":true}]}}