{"id":111171,"date":"2020-01-12T18:41:42","date_gmt":"2020-01-12T17:41:42","guid":{"rendered":"http:\/\/www.bellunopress.it\/?p=111171"},"modified":"2020-01-12T18:41:48","modified_gmt":"2020-01-12T17:41:48","slug":"inaugurata-a-cortina-la-nuova-pista-lino-lacedelli","status":"publish","type":"post","link":"https:\/\/www.bellunopress.it\/fr\/2020\/01\/12\/inaugurata-a-cortina-la-nuova-pista-lino-lacedelli\/","title":{"rendered":"Inaugurata a Cortina la nuova pista Lino Lacedelli"},"content":{"rendered":"<figure id=\"attachment_111172\" aria-describedby=\"caption-attachment-111172\" style=\"width: 300px\" class=\"wp-caption alignleft\"><a href=\"http:\/\/www.bellunopress.it\/fr\/2020\/01\/12\/inaugurata-a-cortina-la-nuova-pista-lino-lacedelli\/pista-lino-lacedelli-cortina-foto-francesca-vieceli\/\" rel=\"attachment wp-att-111172\"><img loading=\"lazy\" decoding=\"async\" class=\"size-full wp-image-111172\" src=\"http:\/\/www.bellunopress.it\/wp-content\/uploads\/2020\/01\/pista-Lino-Lacedelli-Cortina-foto-Francesca-Vieceli.jpg\" alt=\"\" width=\"300\" height=\"200\" \/><\/a><figcaption id=\"caption-attachment-111172\" class=\"wp-caption-text\">pista Lino Lacedelli -Cortina (foto Francesca Vieceli)<\/figcaption><\/figure>\n<p>Cortina d&#8217;Ampezzo, 12 gennaio 2020_Cortina scende in pista con una grande novit\u00e0. Incastonato nel panorama mozzafiato delle Cinque Torri, ha inaugurato oggi il nuovo tracciato Lino Lacedelli, una variante di 1.5 km della principale Cinque Torri dedicata al grande alpinista che conquist\u00f2 il K2 nel 1954, nonch\u00e9 primo presidente della societ\u00e0 Impianti Averau.<\/p>\n<p>&#8220;Queste opere sono fondamentali per l&#8217;evoluzione della citt\u00e0 in vista dei grandi eventi sportivi dei prossimi anni&#8221;, ha ricordato il Commissario di Governo Luigi Valerio Sant&#8217;Andrea, che ieri ha inaugurato anche la nuova e avanguardistica cabinovia Freccia nel Cielo. Presenti al battesimo della pista Lacedelli anche Alessandro Benetton, presidente della Fondazione Cortina 2021; Marco Zardini, presidente Impianti a Fune di Cortina d&#8217;Ampezzo, Auronzo, Misurina e San Vito; il sindaco di Cortina Gianpietro Ghedina; Alberto Ghezze, responsabile sportivo della Fondazione Cortina 2021; Kristian Ghedina, ambassador dei Mondiali 2021.<\/p>\n<p>I protagonisti della conca ampezzana si sono alternati ai microfoni nel saluto inaugurale moderato da Massimiliano Ossini, conduttore di Linea Bianca su Rai1. Significativa, al taglio del nastro, la partecipazione della famiglia di Lino, tra cui la figlia Alberta Lacedelli, che ha poi &#8220;piantato&#8221; il cartello della pista dedicata al padre, e di Lorenzo Lorenzi, socio fondatore della societ\u00e0 Impianti Averau.<\/p>\n<p>La pista, la prima pubblica in Italia per l&#8217;allenamento agonistico, \u00e8 completamente attrezzata per gli allenamenti e pensata per le qualificazioni alle gare e per il training degli atleti anche oltre i Mondiali di sci alpino 2021. Il tracciato, con quasi 300 metri di dislivello, presenta pendenze al di sotto del 40% ad eccezione di alcuni tratti pi\u00f9 ripidi. Completa dei pi\u00f9 moderni servizi, dalle reti di sicurezza A, al sistema di innevamento artificiale, a quello di cronometraggio, la pista Lacedelli aumenta cos\u00ec l&#8217;offerta della ski area Lagazuoi &#8211; 5 Torri &#8211; Giau.<\/p>","protected":false},"excerpt":{"rendered":"<p>Cortina d&#8217;Ampezzo, 12 gennaio 2020_Cortina scende in pista con una grande novit\u00e0. Incastonato nel panorama mozzafiato delle Cinque Torri, ha inaugurato oggi il nuovo tracciato Lino Lacedelli, una variante di 1.5 km della principale Cinque Torri dedicata al grande alpinista che conquist\u00f2 il K2 nel 1954, nonch\u00e9 primo presidente della societ\u00e0 Impianti Averau. &#8220;Queste opere [&hellip;]<\/p>\n","protected":false},"author":2,"featured_media":0,"comment_status":"closed","ping_status":"open","sticky":false,"template":"","format":"standard","meta":{"footnotes":""},"categories":[26,4],"tags":[],"class_list":["post-111171","post","type-post","status-publish","format-standard","category-prima-pagina","category-sport"],"yoast_head":"<!-- This site is optimized with the Yoast SEO plugin v28.4 - https:\/\/yoast.com\/product\/yoast-seo-wordpress\/ -->\n<title>Inaugurata a Cortina la nuova pista Lino Lacedelli - Bellunopress - Dolomiti<\/title>\n<meta name=\"robots\" content=\"index, follow, max-snippet:-1, max-image-preview:large, max-video-preview:-1\" \/>\n<link rel=\"canonical\" href=\"https:\/\/www.bellunopress.it\/fr\/2020\/01\/12\/inaugurata-a-cortina-la-nuova-pista-lino-lacedelli\/\" \/>\n<meta property=\"og:locale\" content=\"fr_FR\" \/>\n<meta property=\"og:type\" content=\"article\" \/>\n<meta property=\"og:title\" content=\"Inaugurata a Cortina la nuova pista Lino Lacedelli - Bellunopress - Dolomiti\" \/>\n<meta property=\"og:description\" content=\"Cortina d&#8217;Ampezzo, 12 gennaio 2020_Cortina scende in pista con una grande novit\u00e0. Incastonato nel panorama mozzafiato delle Cinque Torri, ha inaugurato oggi il nuovo tracciato Lino Lacedelli, una variante di 1.5 km della principale Cinque Torri dedicata al grande alpinista che conquist\u00f2 il K2 nel 1954, nonch\u00e9 primo presidente della societ\u00e0 Impianti Averau. &#8220;Queste opere [&hellip;]\" \/>\n<meta property=\"og:url\" content=\"https:\/\/www.bellunopress.it\/fr\/2020\/01\/12\/inaugurata-a-cortina-la-nuova-pista-lino-lacedelli\/\" \/>\n<meta property=\"og:site_name\" content=\"Bellunopress - Dolomiti\" \/>\n<meta property=\"article:publisher\" content=\"https:\/\/www.facebook.com\/profile.php?id=100008943462799\" \/>\n<meta property=\"article:published_time\" content=\"2020-01-12T17:41:42+00:00\" \/>\n<meta property=\"article:modified_time\" content=\"2020-01-12T17:41:48+00:00\" \/>\n<meta property=\"og:image\" content=\"http:\/\/www.bellunopress.it\/wp-content\/uploads\/2020\/01\/pista-Lino-Lacedelli-Cortina-foto-Francesca-Vieceli.jpg\" \/>\n<meta name=\"author\" content=\"redazione\" \/>\n<meta name=\"twitter:card\" content=\"summary_large_image\" \/>\n<meta name=\"twitter:creator\" content=\"@bellunopress\" \/>\n<meta name=\"twitter:site\" content=\"@bellunopress\" \/>\n<meta name=\"twitter:label1\" content=\"\u00c9crit par\" \/>\n\t<meta name=\"twitter:data1\" content=\"redazione\" \/>\n\t<meta name=\"twitter:label2\" content=\"Dur\u00e9e de lecture estim\u00e9e\" \/>\n\t<meta name=\"twitter:data2\" content=\"1 minute\" \/>\n<script type=\"application\/ld+json\" class=\"yoast-schema-graph\">{\"@context\":\"https:\\\/\\\/schema.org\",\"@graph\":[{\"@type\":\"Article\",\"@id\":\"https:\\\/\\\/www.bellunopress.it\\\/2020\\\/01\\\/12\\\/inaugurata-a-cortina-la-nuova-pista-lino-lacedelli\\\/#article\",\"isPartOf\":{\"@id\":\"https:\\\/\\\/www.bellunopress.it\\\/2020\\\/01\\\/12\\\/inaugurata-a-cortina-la-nuova-pista-lino-lacedelli\\\/\"},\"author\":{\"name\":\"redazione\",\"@id\":\"https:\\\/\\\/www.bellunopress.it\\\/#\\\/schema\\\/person\\\/79bb06722b37ece1c03d3e94beb30d73\"},\"headline\":\"Inaugurata a Cortina la nuova pista Lino Lacedelli\",\"datePublished\":\"2020-01-12T17:41:42+00:00\",\"dateModified\":\"2020-01-12T17:41:48+00:00\",\"mainEntityOfPage\":{\"@id\":\"https:\\\/\\\/www.bellunopress.it\\\/2020\\\/01\\\/12\\\/inaugurata-a-cortina-la-nuova-pista-lino-lacedelli\\\/\"},\"wordCount\":311,\"publisher\":{\"@id\":\"https:\\\/\\\/www.bellunopress.it\\\/#organization\"},\"image\":{\"@id\":\"https:\\\/\\\/www.bellunopress.it\\\/2020\\\/01\\\/12\\\/inaugurata-a-cortina-la-nuova-pista-lino-lacedelli\\\/#primaryimage\"},\"thumbnailUrl\":\"http:\\\/\\\/www.bellunopress.it\\\/wp-content\\\/uploads\\\/2020\\\/01\\\/pista-Lino-Lacedelli-Cortina-foto-Francesca-Vieceli.jpg\",\"articleSection\":[\"Prima Pagina\",\"Sport, tempo libero\"],\"inLanguage\":\"fr-FR\"},{\"@type\":\"WebPage\",\"@id\":\"https:\\\/\\\/www.bellunopress.it\\\/2020\\\/01\\\/12\\\/inaugurata-a-cortina-la-nuova-pista-lino-lacedelli\\\/\",\"url\":\"https:\\\/\\\/www.bellunopress.it\\\/2020\\\/01\\\/12\\\/inaugurata-a-cortina-la-nuova-pista-lino-lacedelli\\\/\",\"name\":\"Inaugurata a Cortina la nuova pista Lino Lacedelli - Bellunopress - Dolomiti\",\"isPartOf\":{\"@id\":\"https:\\\/\\\/www.bellunopress.it\\\/#website\"},\"primaryImageOfPage\":{\"@id\":\"https:\\\/\\\/www.bellunopress.it\\\/2020\\\/01\\\/12\\\/inaugurata-a-cortina-la-nuova-pista-lino-lacedelli\\\/#primaryimage\"},\"image\":{\"@id\":\"https:\\\/\\\/www.bellunopress.it\\\/2020\\\/01\\\/12\\\/inaugurata-a-cortina-la-nuova-pista-lino-lacedelli\\\/#primaryimage\"},\"thumbnailUrl\":\"http:\\\/\\\/www.bellunopress.it\\\/wp-content\\\/uploads\\\/2020\\\/01\\\/pista-Lino-Lacedelli-Cortina-foto-Francesca-Vieceli.jpg\",\"datePublished\":\"2020-01-12T17:41:42+00:00\",\"dateModified\":\"2020-01-12T17:41:48+00:00\",\"breadcrumb\":{\"@id\":\"https:\\\/\\\/www.bellunopress.it\\\/2020\\\/01\\\/12\\\/inaugurata-a-cortina-la-nuova-pista-lino-lacedelli\\\/#breadcrumb\"},\"inLanguage\":\"fr-FR\",\"potentialAction\":[{\"@type\":\"ReadAction\",\"target\":[\"https:\\\/\\\/www.bellunopress.it\\\/2020\\\/01\\\/12\\\/inaugurata-a-cortina-la-nuova-pista-lino-lacedelli\\\/\"]}]},{\"@type\":\"ImageObject\",\"inLanguage\":\"fr-FR\",\"@id\":\"https:\\\/\\\/www.bellunopress.it\\\/2020\\\/01\\\/12\\\/inaugurata-a-cortina-la-nuova-pista-lino-lacedelli\\\/#primaryimage\",\"url\":\"http:\\\/\\\/www.bellunopress.it\\\/wp-content\\\/uploads\\\/2020\\\/01\\\/pista-Lino-Lacedelli-Cortina-foto-Francesca-Vieceli.jpg\",\"contentUrl\":\"http:\\\/\\\/www.bellunopress.it\\\/wp-content\\\/uploads\\\/2020\\\/01\\\/pista-Lino-Lacedelli-Cortina-foto-Francesca-Vieceli.jpg\"},{\"@type\":\"BreadcrumbList\",\"@id\":\"https:\\\/\\\/www.bellunopress.it\\\/2020\\\/01\\\/12\\\/inaugurata-a-cortina-la-nuova-pista-lino-lacedelli\\\/#breadcrumb\",\"itemListElement\":[{\"@type\":\"ListItem\",\"position\":1,\"name\":\"Home\",\"item\":\"https:\\\/\\\/www.bellunopress.it\\\/\"},{\"@type\":\"ListItem\",\"position\":2,\"name\":\"Inaugurata a Cortina la nuova pista Lino Lacedelli\"}]},{\"@type\":\"WebSite\",\"@id\":\"https:\\\/\\\/www.bellunopress.it\\\/#website\",\"url\":\"https:\\\/\\\/www.bellunopress.it\\\/\",\"name\":\"Bellunopress - Dolomiti\",\"description\":\"e-mail: redazione@bellunopress.it\",\"publisher\":{\"@id\":\"https:\\\/\\\/www.bellunopress.it\\\/#organization\"},\"potentialAction\":[{\"@type\":\"SearchAction\",\"target\":{\"@type\":\"EntryPoint\",\"urlTemplate\":\"https:\\\/\\\/www.bellunopress.it\\\/?s={search_term_string}\"},\"query-input\":{\"@type\":\"PropertyValueSpecification\",\"valueRequired\":true,\"valueName\":\"search_term_string\"}}],\"inLanguage\":\"fr-FR\"},{\"@type\":\"Organization\",\"@id\":\"https:\\\/\\\/www.bellunopress.it\\\/#organization\",\"name\":\"Bellunopress\",\"url\":\"https:\\\/\\\/www.bellunopress.it\\\/\",\"logo\":{\"@type\":\"ImageObject\",\"inLanguage\":\"fr-FR\",\"@id\":\"https:\\\/\\\/www.bellunopress.it\\\/#\\\/schema\\\/logo\\\/image\\\/\",\"url\":\"https:\\\/\\\/www.bellunopress.it\\\/wp-content\\\/uploads\\\/2011\\\/05\\\/cropped-logo-bellunopress-.jpg\",\"contentUrl\":\"https:\\\/\\\/www.bellunopress.it\\\/wp-content\\\/uploads\\\/2011\\\/05\\\/cropped-logo-bellunopress-.jpg\",\"width\":512,\"height\":512,\"caption\":\"Bellunopress\"},\"image\":{\"@id\":\"https:\\\/\\\/www.bellunopress.it\\\/#\\\/schema\\\/logo\\\/image\\\/\"},\"sameAs\":[\"https:\\\/\\\/www.facebook.com\\\/profile.php?id=100008943462799\",\"https:\\\/\\\/x.com\\\/bellunopress\",\"https:\\\/\\\/www.linkedin.com\\\/hp\\\/?dnr=JBzUWaJfMUw8vbXJJ2tVW5-I3jZKvC4wsoxE&amp;amp;amp;amp;amp;amp;trk=nav_responsive_tab_home\",\"https:\\\/\\\/www.youtube.com\\\/channel\\\/UCxL0wu1uN0_3_7hGG0306cw\"]},{\"@type\":\"Person\",\"@id\":\"https:\\\/\\\/www.bellunopress.it\\\/#\\\/schema\\\/person\\\/79bb06722b37ece1c03d3e94beb30d73\",\"name\":\"redazione\",\"image\":{\"@type\":\"ImageObject\",\"inLanguage\":\"fr-FR\",\"@id\":\"https:\\\/\\\/secure.gravatar.com\\\/avatar\\\/37d968a2e67a6fd04c169c4bdef102d0bc5d31b2546345219e348575eb80e9a0?s=96&d=mm&r=g\",\"url\":\"https:\\\/\\\/secure.gravatar.com\\\/avatar\\\/37d968a2e67a6fd04c169c4bdef102d0bc5d31b2546345219e348575eb80e9a0?s=96&d=mm&r=g\",\"contentUrl\":\"https:\\\/\\\/secure.gravatar.com\\\/avatar\\\/37d968a2e67a6fd04c169c4bdef102d0bc5d31b2546345219e348575eb80e9a0?s=96&d=mm&r=g\",\"caption\":\"redazione\"},\"sameAs\":[\"http:\\\/\\\/www.bellunopress.it\",\"https:\\\/\\\/x.com\\\/bellunopress\"],\"url\":\"https:\\\/\\\/www.bellunopress.it\\\/fr\\\/author\\\/redazione\\\/\"}]}<\/script>\n<!-- \/ Yoast SEO plugin. -->","yoast_head_json":{"title":"Inaugurata a Cortina la nuova pista Lino Lacedelli - Bellunopress - Dolomiti","robots":{"index":"index","follow":"follow","max-snippet":"max-snippet:-1","max-image-preview":"max-image-preview:large","max-video-preview":"max-video-preview:-1"},"canonical":"https:\/\/www.bellunopress.it\/fr\/2020\/01\/12\/inaugurata-a-cortina-la-nuova-pista-lino-lacedelli\/","og_locale":"fr_FR","og_type":"article","og_title":"Inaugurata a Cortina la nuova pista Lino Lacedelli - Bellunopress - Dolomiti","og_description":"Cortina d&#8217;Ampezzo, 12 gennaio 2020_Cortina scende in pista con una grande novit\u00e0. Incastonato nel panorama mozzafiato delle Cinque Torri, ha inaugurato oggi il nuovo tracciato Lino Lacedelli, una variante di 1.5 km della principale Cinque Torri dedicata al grande alpinista che conquist\u00f2 il K2 nel 1954, nonch\u00e9 primo presidente della societ\u00e0 Impianti Averau. &#8220;Queste opere [&hellip;]","og_url":"https:\/\/www.bellunopress.it\/fr\/2020\/01\/12\/inaugurata-a-cortina-la-nuova-pista-lino-lacedelli\/","og_site_name":"Bellunopress - Dolomiti","article_publisher":"https:\/\/www.facebook.com\/profile.php?id=100008943462799","article_published_time":"2020-01-12T17:41:42+00:00","article_modified_time":"2020-01-12T17:41:48+00:00","og_image":[{"url":"http:\/\/www.bellunopress.it\/wp-content\/uploads\/2020\/01\/pista-Lino-Lacedelli-Cortina-foto-Francesca-Vieceli.jpg","type":"","width":"","height":""}],"author":"redazione","twitter_card":"summary_large_image","twitter_creator":"@bellunopress","twitter_site":"@bellunopress","twitter_misc":{"\u00c9crit par":"redazione","Dur\u00e9e de lecture estim\u00e9e":"1 minute"},"schema":{"@context":"https:\/\/schema.org","@graph":[{"@type":"Article","@id":"https:\/\/www.bellunopress.it\/2020\/01\/12\/inaugurata-a-cortina-la-nuova-pista-lino-lacedelli\/#article","isPartOf":{"@id":"https:\/\/www.bellunopress.it\/2020\/01\/12\/inaugurata-a-cortina-la-nuova-pista-lino-lacedelli\/"},"author":{"name":"redazione","@id":"https:\/\/www.bellunopress.it\/#\/schema\/person\/79bb06722b37ece1c03d3e94beb30d73"},"headline":"Inaugurata a Cortina la nuova pista Lino Lacedelli","datePublished":"2020-01-12T17:41:42+00:00","dateModified":"2020-01-12T17:41:48+00:00","mainEntityOfPage":{"@id":"https:\/\/www.bellunopress.it\/2020\/01\/12\/inaugurata-a-cortina-la-nuova-pista-lino-lacedelli\/"},"wordCount":311,"publisher":{"@id":"https:\/\/www.bellunopress.it\/#organization"},"image":{"@id":"https:\/\/www.bellunopress.it\/2020\/01\/12\/inaugurata-a-cortina-la-nuova-pista-lino-lacedelli\/#primaryimage"},"thumbnailUrl":"http:\/\/www.bellunopress.it\/wp-content\/uploads\/2020\/01\/pista-Lino-Lacedelli-Cortina-foto-Francesca-Vieceli.jpg","articleSection":["Prima Pagina","Sport, tempo libero"],"inLanguage":"fr-FR"},{"@type":"WebPage","@id":"https:\/\/www.bellunopress.it\/2020\/01\/12\/inaugurata-a-cortina-la-nuova-pista-lino-lacedelli\/","url":"https:\/\/www.bellunopress.it\/2020\/01\/12\/inaugurata-a-cortina-la-nuova-pista-lino-lacedelli\/","name":"Inaugurata a Cortina la nuova pista Lino Lacedelli - Bellunopress - Dolomiti","isPartOf":{"@id":"https:\/\/www.bellunopress.it\/#website"},"primaryImageOfPage":{"@id":"https:\/\/www.bellunopress.it\/2020\/01\/12\/inaugurata-a-cortina-la-nuova-pista-lino-lacedelli\/#primaryimage"},"image":{"@id":"https:\/\/www.bellunopress.it\/2020\/01\/12\/inaugurata-a-cortina-la-nuova-pista-lino-lacedelli\/#primaryimage"},"thumbnailUrl":"http:\/\/www.bellunopress.it\/wp-content\/uploads\/2020\/01\/pista-Lino-Lacedelli-Cortina-foto-Francesca-Vieceli.jpg","datePublished":"2020-01-12T17:41:42+00:00","dateModified":"2020-01-12T17:41:48+00:00","breadcrumb":{"@id":"https:\/\/www.bellunopress.it\/2020\/01\/12\/inaugurata-a-cortina-la-nuova-pista-lino-lacedelli\/#breadcrumb"},"inLanguage":"fr-FR","potentialAction":[{"@type":"ReadAction","target":["https:\/\/www.bellunopress.it\/2020\/01\/12\/inaugurata-a-cortina-la-nuova-pista-lino-lacedelli\/"]}]},{"@type":"ImageObject","inLanguage":"fr-FR","@id":"https:\/\/www.bellunopress.it\/2020\/01\/12\/inaugurata-a-cortina-la-nuova-pista-lino-lacedelli\/#primaryimage","url":"http:\/\/www.bellunopress.it\/wp-content\/uploads\/2020\/01\/pista-Lino-Lacedelli-Cortina-foto-Francesca-Vieceli.jpg","contentUrl":"http:\/\/www.bellunopress.it\/wp-content\/uploads\/2020\/01\/pista-Lino-Lacedelli-Cortina-foto-Francesca-Vieceli.jpg"},{"@type":"BreadcrumbList","@id":"https:\/\/www.bellunopress.it\/2020\/01\/12\/inaugurata-a-cortina-la-nuova-pista-lino-lacedelli\/#breadcrumb","itemListElement":[{"@type":"ListItem","position":1,"name":"Home","item":"https:\/\/www.bellunopress.it\/"},{"@type":"ListItem","position":2,"name":"Inaugurata a Cortina la nuova pista Lino Lacedelli"}]},{"@type":"WebSite","@id":"https:\/\/www.bellunopress.it\/#website","url":"https:\/\/www.bellunopress.it\/","name":"Bellunopress - Dolomiti","description":"e-mail: redazione@bellunopress.it","publisher":{"@id":"https:\/\/www.bellunopress.it\/#organization"},"potentialAction":[{"@type":"SearchAction","target":{"@type":"EntryPoint","urlTemplate":"https:\/\/www.bellunopress.it\/?s={search_term_string}"},"query-input":{"@type":"PropertyValueSpecification","valueRequired":true,"valueName":"search_term_string"}}],"inLanguage":"fr-FR"},{"@type":"Organization","@id":"https:\/\/www.bellunopress.it\/#organization","name":"Bellunopress","url":"https:\/\/www.bellunopress.it\/","logo":{"@type":"ImageObject","inLanguage":"fr-FR","@id":"https:\/\/www.bellunopress.it\/#\/schema\/logo\/image\/","url":"https:\/\/www.bellunopress.it\/wp-content\/uploads\/2011\/05\/cropped-logo-bellunopress-.jpg","contentUrl":"https:\/\/www.bellunopress.it\/wp-content\/uploads\/2011\/05\/cropped-logo-bellunopress-.jpg","width":512,"height":512,"caption":"Bellunopress"},"image":{"@id":"https:\/\/www.bellunopress.it\/#\/schema\/logo\/image\/"},"sameAs":["https:\/\/www.facebook.com\/profile.php?id=100008943462799","https:\/\/x.com\/bellunopress","https:\/\/www.linkedin.com\/hp\/?dnr=JBzUWaJfMUw8vbXJJ2tVW5-I3jZKvC4wsoxE&amp;amp;amp;amp;amp;amp;trk=nav_responsive_tab_home","https:\/\/www.youtube.com\/channel\/UCxL0wu1uN0_3_7hGG0306cw"]},{"@type":"Person","@id":"https:\/\/www.bellunopress.it\/#\/schema\/person\/79bb06722b37ece1c03d3e94beb30d73","name":"r\u00e9daction","image":{"@type":"ImageObject","inLanguage":"fr-FR","@id":"https:\/\/secure.gravatar.com\/avatar\/37d968a2e67a6fd04c169c4bdef102d0bc5d31b2546345219e348575eb80e9a0?s=96&d=mm&r=g","url":"https:\/\/secure.gravatar.com\/avatar\/37d968a2e67a6fd04c169c4bdef102d0bc5d31b2546345219e348575eb80e9a0?s=96&d=mm&r=g","contentUrl":"https:\/\/secure.gravatar.com\/avatar\/37d968a2e67a6fd04c169c4bdef102d0bc5d31b2546345219e348575eb80e9a0?s=96&d=mm&r=g","caption":"redazione"},"sameAs":["http:\/\/www.bellunopress.it","https:\/\/x.com\/bellunopress"],"url":"https:\/\/www.bellunopress.it\/fr\/author\/redazione\/"}]}},"_links":{"self":[{"href":"https:\/\/www.bellunopress.it\/fr\/wp-json\/wp\/v2\/posts\/111171","targetHints":{"allow":["GET"]}}],"collection":[{"href":"https:\/\/www.bellunopress.it\/fr\/wp-json\/wp\/v2\/posts"}],"about":[{"href":"https:\/\/www.bellunopress.it\/fr\/wp-json\/wp\/v2\/types\/post"}],"author":[{"embeddable":true,"href":"https:\/\/www.bellunopress.it\/fr\/wp-json\/wp\/v2\/users\/2"}],"replies":[{"embeddable":true,"href":"https:\/\/www.bellunopress.it\/fr\/wp-json\/wp\/v2\/comments?post=111171"}],"version-history":[{"count":2,"href":"https:\/\/www.bellunopress.it\/fr\/wp-json\/wp\/v2\/posts\/111171\/revisions"}],"predecessor-version":[{"id":111174,"href":"https:\/\/www.bellunopress.it\/fr\/wp-json\/wp\/v2\/posts\/111171\/revisions\/111174"}],"wp:attachment":[{"href":"https:\/\/www.bellunopress.it\/fr\/wp-json\/wp\/v2\/media?parent=111171"}],"wp:term":[{"taxonomy":"category","embeddable":true,"href":"https:\/\/www.bellunopress.it\/fr\/wp-json\/wp\/v2\/categories?post=111171"},{"taxonomy":"post_tag","embeddable":true,"href":"https:\/\/www.bellunopress.it\/fr\/wp-json\/wp\/v2\/tags?post=111171"}],"curies":[{"name":"wp","href":"https:\/\/api.w.org\/{rel}","templated":true}]}}