{"id":11117,"date":"2009-12-31T12:39:22","date_gmt":"2009-12-31T11:39:22","guid":{"rendered":"http:\/\/www.bellunopress.it\/?p=11117"},"modified":"2009-12-31T12:41:05","modified_gmt":"2009-12-31T11:41:05","slug":"la-lilt-di-belluno-dona-una-lavaendoscopi-allospedale-san-martino-di-belluno","status":"publish","type":"post","link":"https:\/\/www.bellunopress.it\/fr\/2009\/12\/31\/la-lilt-di-belluno-dona-una-lavaendoscopi-allospedale-san-martino-di-belluno\/","title":{"rendered":"La Lilt di Belluno dona una &#8220;lavaendoscopi&#8221; all&#8217;ospedale San Martino"},"content":{"rendered":"<p><a href=\"http:\/\/www.bellunopress.it\/wp-content\/uploads\/2009\/12\/leggera.jpg\"><img loading=\"lazy\" decoding=\"async\" class=\"alignleft size-medium wp-image-11118\" title=\"leggera\" src=\"http:\/\/www.bellunopress.it\/wp-content\/uploads\/2009\/12\/leggera.jpg\" alt=\"\" width=\"220\" height=\"293\" \/><\/a>Ieri la cerimonia di consegna dell&#8217;apparecchio utilizzato per la sterilizzazione.\u00a0 Un gradito regalo di Natale per l&#8217;ospedale San Martino di Belluno. La Lilt (Lega Italiana Lotta ai Tumori) ha consegnato ieri mattina (mercoled\u00ec 30 dicembre) una \u201clavaendoscopi\u201d all&#8217;Unit\u00e0 Operativa di Pneumologia. Si tratta di un apparecchio che serve per la sterilizzazione degli endoscopi utilizzati in broncoscopia. \u201cL&#8217;esigenza \u2013 ha spiegato Renzo Zampieri, nuovo presidente della Lilt di Belluno \u2013 mi era stata evidenziata dagli stessi medici. Tra l&#8217;altro si pensava anche a un&#8217;iniziativa in memoria del dottor Guido Degli Angeli, a lungo primario del reparto, in occasione dei dieci anni della sua scomparsa. Abbiamo cos\u00ec iniziato la raccolta dei fondi e, in appena un anno, siamo riusciti a racimolare la cifra necessaria all&#8217;acquisto della lavaendoscopi\u201d. Alla raccolta fondi hanno partecipato in molti. In particolare, c&#8217;\u00e8 stato il contributo del Comitato della Strabelluno. Anche per questo alla cerimonia di consegna erano presenti il presidente Giovanni Fontana e l&#8217;Assessore allo Sport della Provincia di Belluno Lorenza De Kunovic. \u201cPer la prima volta in 23 anni \u2013 ha detto Fontana \u2013 abbiamo donato il ricavato della manifestazione alla stessa associazione. Ma la decisione non \u00e8 stata affatto difficile, vista l&#8217;importanza dell&#8217;attivit\u00e0 svolta dalla Lilt\u201d. Un aiuto importante \u00e8 arrivato anche dai volontari che effettuano il trasporto delle persone malate in Agordino e Comelico e dalla vendita di oggetti portata avanti dalle volontarie di Belluno. \u201cAncora una volta \u2013 ha commentato Zampieri \u2013 la Lilt si dimostra attenta alle esigenze delle strutture sanitarie della nostra provincia\u201d. Il rapporto di assidua collaborazione tra l&#8217;associazione e l&#8217;azienda \u00e8 stato sottolineato anche dal direttore sanitario Lucio Di Silvio, che ha voluto ricordare anche la figura di Guido Degli Angeli nel decimo anno dalla sua scomparsa.<br \/>\n<!--[if gte mso 9]><xml> <w :WordDocument> <\/w><w :View>Normal<\/w> <w :Zoom>0<\/w> <w :HyphenationZone>14<\/w> <w :Compatibility> <w :BreakWrappedTables \/> <w :SnapToGridInCell \/> <w :ApplyBreakingRules \/> <w :WrapTextWithPunct \/> <w :UseAsianBreakRules \/> <w :UseFELayout \/> <\/w> <w :BrowserLevel>MicrosoftInternetExplorer4<\/w> <\/xml>< ![endif]--><!--[if !mso]><span class=\"mceItemObject\"  classid=\"clsid:38481807-CA0E-42D2-BF39-B33AF135CC4D\" id=ieooui><\/span>\n<mce :style>< !  st1\\:*{behavior:url(#ieooui) } --><\/p>\n<p>&lt; ![endif]&#8211;&gt;&lt;!&#8211;  \/* Font Definitions *\/  @font-face \t{font-family:&#8221;Arial Unicode MS&#8221;; \tpanose-1:2 11 6 4 2 2 2 2 2 4; \tmso-font-charset:128; \tmso-generic-font-family:swiss; \tmso-font-pitch:variable; \tmso-font-signature:-1 -369098753 63 0 4129279 0;} @font-face \t{font-family:&#8221;\\@Arial Unicode MS&#8221;; \tpanose-1:2 11 6 4 2 2 2 2 2 4; \tmso-font-charset:128; \tmso-generic-font-family:swiss; \tmso-font-pitch:variable; \tmso-font-signature:-1 -369098753 63 0 4129279 0;}  \/* Style Definitions *\/  p.MsoNormal, li.MsoNormal, div.MsoNormal \t{mso-style-parent:&#8221;&#8221;; \tmargin:0in; \tmargin-bottom:.0001pt; \tmso-pagination:none; \tmso-hyphenate:none; \tfont-size:12.0pt; \tfont-family:&#8221;Times New Roman&#8221;; \tmso-fareast-font-family:&#8221;Arial Unicode MS&#8221;; \tmso-font-kerning:.5pt;} p.MsoBodyText, li.MsoBodyText, div.MsoBodyText \t{margin-top:0in; \tmargin-right:0in; \tmargin-bottom:6.0pt; \tmargin-left:0in; \tmso-pagination:none; \tmso-hyphenate:none; \tfont-size:12.0pt; \tfont-family:&#8221;Times New Roman&#8221;; \tmso-fareast-font-family:&#8221;Arial Unicode MS&#8221;; \tmso-font-kerning:.5pt;} @page Section1 \t{size:595.25pt 841.85pt; \tmargin:56.7pt 56.7pt 56.7pt 56.7pt; \tmso-header-margin:.5in; \tmso-footer-margin:.5in; \tmso-paper-source:0;} div.Section1 \t{page:Section1; \tmso-footnote-position:beneath-text;} &#8211;&gt;<\/p>\n<p><!--[if gte mso 10]>\n<\/mce><mce :style>< !   \/* Style Definitions *\/  table.MsoNormalTable \t{mso-style-name:\"Tabella normale\"; \tmso-tstyle-rowband-size:0; \tmso-tstyle-colband-size:0; \tmso-style-noshow:yes; \tmso-style-parent:\"\"; \tmso-padding-alt:0in 5.4pt 0in 5.4pt; \tmso-para-margin:0in; \tmso-para-margin-bottom:.0001pt; \tmso-pagination:widow-orphan; \tfont-size:10.0pt; \tfont-family:\"Times New Roman\"; \tmso-fareast-font-family:\"Times New Roman\";} --><\/p>\n<p>&lt; ![endif]&#8211;&gt;<!--[if gte mso 9]><xml> <o :shapedefaults v:ext=\"edit\" spidmax=\"1026\" \/> <\/xml>< ![endif]--><!--[if gte mso 9]><xml> <o :shapelayout v:ext=\"edit\"> <o :idmap v:ext=\"edit\" data=\"1\" \/> <\/o><\/xml>< ![endif]--><\/mce><\/p>\n","protected":false},"excerpt":{"rendered":"<p>Ieri la cerimonia di consegna dell&#8217;apparecchio utilizzato per la sterilizzazione.\u00a0 Un gradito regalo di Natale per l&#8217;ospedale San Martino di Belluno. La Lilt (Lega Italiana Lotta ai Tumori) ha consegnato ieri mattina (mercoled\u00ec 30 dicembre) una \u201clavaendoscopi\u201d all&#8217;Unit\u00e0 Operativa di Pneumologia. Si tratta di un apparecchio che serve per la sterilizzazione degli endoscopi utilizzati in [&hellip;]<\/p>\n","protected":false},"author":2,"featured_media":0,"comment_status":"closed","ping_status":"open","sticky":false,"template":"","format":"standard","meta":{"footnotes":""},"categories":[5,26,17],"tags":[3050],"class_list":["post-11117","post","type-post","status-publish","format-standard","category-cronaca","category-prima-pagina","category-sanita","tag-sanita"],"yoast_head":"<!-- This site is optimized with the Yoast SEO plugin v28.4 - https:\/\/yoast.com\/product\/yoast-seo-wordpress\/ -->\n<title>La Lilt di Belluno dona una &quot;lavaendoscopi&quot; all&#039;ospedale San Martino - Bellunopress - Dolomiti<\/title>\n<meta name=\"robots\" content=\"index, follow, max-snippet:-1, max-image-preview:large, max-video-preview:-1\" \/>\n<link rel=\"canonical\" href=\"https:\/\/www.bellunopress.it\/fr\/2009\/12\/31\/la-lilt-di-belluno-dona-una-lavaendoscopi-allospedale-san-martino-di-belluno\/\" \/>\n<meta property=\"og:locale\" content=\"fr_FR\" \/>\n<meta property=\"og:type\" content=\"article\" \/>\n<meta property=\"og:title\" content=\"La Lilt di Belluno dona una &quot;lavaendoscopi&quot; all&#039;ospedale San Martino - Bellunopress - Dolomiti\" \/>\n<meta property=\"og:description\" content=\"Ieri la cerimonia di consegna dell&#8217;apparecchio utilizzato per la sterilizzazione.\u00a0 Un gradito regalo di Natale per l&#8217;ospedale San Martino di Belluno. La Lilt (Lega Italiana Lotta ai Tumori) ha consegnato ieri mattina (mercoled\u00ec 30 dicembre) una \u201clavaendoscopi\u201d all&#8217;Unit\u00e0 Operativa di Pneumologia. Si tratta di un apparecchio che serve per la sterilizzazione degli endoscopi utilizzati in [&hellip;]\" \/>\n<meta property=\"og:url\" content=\"https:\/\/www.bellunopress.it\/fr\/2009\/12\/31\/la-lilt-di-belluno-dona-una-lavaendoscopi-allospedale-san-martino-di-belluno\/\" \/>\n<meta property=\"og:site_name\" content=\"Bellunopress - Dolomiti\" \/>\n<meta property=\"article:publisher\" content=\"https:\/\/www.facebook.com\/profile.php?id=100008943462799\" \/>\n<meta property=\"article:published_time\" content=\"2009-12-31T11:39:22+00:00\" \/>\n<meta property=\"article:modified_time\" content=\"2009-12-31T11:41:05+00:00\" \/>\n<meta property=\"og:image\" content=\"http:\/\/www.bellunopress.it\/wp-content\/uploads\/2009\/12\/leggera.jpg\" \/>\n<meta name=\"author\" content=\"redazione\" \/>\n<meta name=\"twitter:card\" content=\"summary_large_image\" \/>\n<meta name=\"twitter:creator\" content=\"@bellunopress\" \/>\n<meta name=\"twitter:site\" content=\"@bellunopress\" \/>\n<meta name=\"twitter:label1\" content=\"\u00c9crit par\" \/>\n\t<meta name=\"twitter:data1\" content=\"redazione\" \/>\n\t<meta name=\"twitter:label2\" content=\"Dur\u00e9e de lecture estim\u00e9e\" \/>\n\t<meta name=\"twitter:data2\" content=\"2 minutes\" \/>\n<script type=\"application\/ld+json\" class=\"yoast-schema-graph\">{\"@context\":\"https:\\\/\\\/schema.org\",\"@graph\":[{\"@type\":\"Article\",\"@id\":\"https:\\\/\\\/www.bellunopress.it\\\/2009\\\/12\\\/31\\\/la-lilt-di-belluno-dona-una-lavaendoscopi-allospedale-san-martino-di-belluno\\\/#article\",\"isPartOf\":{\"@id\":\"https:\\\/\\\/www.bellunopress.it\\\/2009\\\/12\\\/31\\\/la-lilt-di-belluno-dona-una-lavaendoscopi-allospedale-san-martino-di-belluno\\\/\"},\"author\":{\"name\":\"redazione\",\"@id\":\"https:\\\/\\\/www.bellunopress.it\\\/#\\\/schema\\\/person\\\/79bb06722b37ece1c03d3e94beb30d73\"},\"headline\":\"La Lilt di Belluno dona una &#8220;lavaendoscopi&#8221; all&#8217;ospedale San Martino\",\"datePublished\":\"2009-12-31T11:39:22+00:00\",\"dateModified\":\"2009-12-31T11:41:05+00:00\",\"mainEntityOfPage\":{\"@id\":\"https:\\\/\\\/www.bellunopress.it\\\/2009\\\/12\\\/31\\\/la-lilt-di-belluno-dona-una-lavaendoscopi-allospedale-san-martino-di-belluno\\\/\"},\"wordCount\":422,\"publisher\":{\"@id\":\"https:\\\/\\\/www.bellunopress.it\\\/#organization\"},\"image\":{\"@id\":\"https:\\\/\\\/www.bellunopress.it\\\/2009\\\/12\\\/31\\\/la-lilt-di-belluno-dona-una-lavaendoscopi-allospedale-san-martino-di-belluno\\\/#primaryimage\"},\"thumbnailUrl\":\"http:\\\/\\\/www.bellunopress.it\\\/wp-content\\\/uploads\\\/2009\\\/12\\\/leggera.jpg\",\"keywords\":[\"Sanit\u00e0\"],\"articleSection\":[\"Cronaca\\\/Politica\",\"Prima Pagina\",\"Sanit\u00e0 Medicina\"],\"inLanguage\":\"fr-FR\"},{\"@type\":\"WebPage\",\"@id\":\"https:\\\/\\\/www.bellunopress.it\\\/2009\\\/12\\\/31\\\/la-lilt-di-belluno-dona-una-lavaendoscopi-allospedale-san-martino-di-belluno\\\/\",\"url\":\"https:\\\/\\\/www.bellunopress.it\\\/2009\\\/12\\\/31\\\/la-lilt-di-belluno-dona-una-lavaendoscopi-allospedale-san-martino-di-belluno\\\/\",\"name\":\"La Lilt di Belluno dona una \\\"lavaendoscopi\\\" all'ospedale San Martino - Bellunopress - Dolomiti\",\"isPartOf\":{\"@id\":\"https:\\\/\\\/www.bellunopress.it\\\/#website\"},\"primaryImageOfPage\":{\"@id\":\"https:\\\/\\\/www.bellunopress.it\\\/2009\\\/12\\\/31\\\/la-lilt-di-belluno-dona-una-lavaendoscopi-allospedale-san-martino-di-belluno\\\/#primaryimage\"},\"image\":{\"@id\":\"https:\\\/\\\/www.bellunopress.it\\\/2009\\\/12\\\/31\\\/la-lilt-di-belluno-dona-una-lavaendoscopi-allospedale-san-martino-di-belluno\\\/#primaryimage\"},\"thumbnailUrl\":\"http:\\\/\\\/www.bellunopress.it\\\/wp-content\\\/uploads\\\/2009\\\/12\\\/leggera.jpg\",\"datePublished\":\"2009-12-31T11:39:22+00:00\",\"dateModified\":\"2009-12-31T11:41:05+00:00\",\"breadcrumb\":{\"@id\":\"https:\\\/\\\/www.bellunopress.it\\\/2009\\\/12\\\/31\\\/la-lilt-di-belluno-dona-una-lavaendoscopi-allospedale-san-martino-di-belluno\\\/#breadcrumb\"},\"inLanguage\":\"fr-FR\",\"potentialAction\":[{\"@type\":\"ReadAction\",\"target\":[\"https:\\\/\\\/www.bellunopress.it\\\/2009\\\/12\\\/31\\\/la-lilt-di-belluno-dona-una-lavaendoscopi-allospedale-san-martino-di-belluno\\\/\"]}]},{\"@type\":\"ImageObject\",\"inLanguage\":\"fr-FR\",\"@id\":\"https:\\\/\\\/www.bellunopress.it\\\/2009\\\/12\\\/31\\\/la-lilt-di-belluno-dona-una-lavaendoscopi-allospedale-san-martino-di-belluno\\\/#primaryimage\",\"url\":\"http:\\\/\\\/www.bellunopress.it\\\/wp-content\\\/uploads\\\/2009\\\/12\\\/leggera.jpg\",\"contentUrl\":\"http:\\\/\\\/www.bellunopress.it\\\/wp-content\\\/uploads\\\/2009\\\/12\\\/leggera.jpg\"},{\"@type\":\"BreadcrumbList\",\"@id\":\"https:\\\/\\\/www.bellunopress.it\\\/2009\\\/12\\\/31\\\/la-lilt-di-belluno-dona-una-lavaendoscopi-allospedale-san-martino-di-belluno\\\/#breadcrumb\",\"itemListElement\":[{\"@type\":\"ListItem\",\"position\":1,\"name\":\"Home\",\"item\":\"https:\\\/\\\/www.bellunopress.it\\\/\"},{\"@type\":\"ListItem\",\"position\":2,\"name\":\"La Lilt di Belluno dona una &#8220;lavaendoscopi&#8221; all&#8217;ospedale San Martino\"}]},{\"@type\":\"WebSite\",\"@id\":\"https:\\\/\\\/www.bellunopress.it\\\/#website\",\"url\":\"https:\\\/\\\/www.bellunopress.it\\\/\",\"name\":\"Bellunopress - Dolomiti\",\"description\":\"e-mail: redazione@bellunopress.it\",\"publisher\":{\"@id\":\"https:\\\/\\\/www.bellunopress.it\\\/#organization\"},\"potentialAction\":[{\"@type\":\"SearchAction\",\"target\":{\"@type\":\"EntryPoint\",\"urlTemplate\":\"https:\\\/\\\/www.bellunopress.it\\\/?s={search_term_string}\"},\"query-input\":{\"@type\":\"PropertyValueSpecification\",\"valueRequired\":true,\"valueName\":\"search_term_string\"}}],\"inLanguage\":\"fr-FR\"},{\"@type\":\"Organization\",\"@id\":\"https:\\\/\\\/www.bellunopress.it\\\/#organization\",\"name\":\"Bellunopress\",\"url\":\"https:\\\/\\\/www.bellunopress.it\\\/\",\"logo\":{\"@type\":\"ImageObject\",\"inLanguage\":\"fr-FR\",\"@id\":\"https:\\\/\\\/www.bellunopress.it\\\/#\\\/schema\\\/logo\\\/image\\\/\",\"url\":\"https:\\\/\\\/www.bellunopress.it\\\/wp-content\\\/uploads\\\/2011\\\/05\\\/cropped-logo-bellunopress-.jpg\",\"contentUrl\":\"https:\\\/\\\/www.bellunopress.it\\\/wp-content\\\/uploads\\\/2011\\\/05\\\/cropped-logo-bellunopress-.jpg\",\"width\":512,\"height\":512,\"caption\":\"Bellunopress\"},\"image\":{\"@id\":\"https:\\\/\\\/www.bellunopress.it\\\/#\\\/schema\\\/logo\\\/image\\\/\"},\"sameAs\":[\"https:\\\/\\\/www.facebook.com\\\/profile.php?id=100008943462799\",\"https:\\\/\\\/x.com\\\/bellunopress\",\"https:\\\/\\\/www.linkedin.com\\\/hp\\\/?dnr=JBzUWaJfMUw8vbXJJ2tVW5-I3jZKvC4wsoxE&amp;amp;amp;amp;amp;amp;trk=nav_responsive_tab_home\",\"https:\\\/\\\/www.youtube.com\\\/channel\\\/UCxL0wu1uN0_3_7hGG0306cw\"]},{\"@type\":\"Person\",\"@id\":\"https:\\\/\\\/www.bellunopress.it\\\/#\\\/schema\\\/person\\\/79bb06722b37ece1c03d3e94beb30d73\",\"name\":\"redazione\",\"image\":{\"@type\":\"ImageObject\",\"inLanguage\":\"fr-FR\",\"@id\":\"https:\\\/\\\/secure.gravatar.com\\\/avatar\\\/37d968a2e67a6fd04c169c4bdef102d0bc5d31b2546345219e348575eb80e9a0?s=96&d=mm&r=g\",\"url\":\"https:\\\/\\\/secure.gravatar.com\\\/avatar\\\/37d968a2e67a6fd04c169c4bdef102d0bc5d31b2546345219e348575eb80e9a0?s=96&d=mm&r=g\",\"contentUrl\":\"https:\\\/\\\/secure.gravatar.com\\\/avatar\\\/37d968a2e67a6fd04c169c4bdef102d0bc5d31b2546345219e348575eb80e9a0?s=96&d=mm&r=g\",\"caption\":\"redazione\"},\"sameAs\":[\"http:\\\/\\\/www.bellunopress.it\",\"https:\\\/\\\/x.com\\\/bellunopress\"],\"url\":\"https:\\\/\\\/www.bellunopress.it\\\/fr\\\/author\\\/redazione\\\/\"}]}<\/script>\n<!-- \/ Yoast SEO plugin. -->","yoast_head_json":{"title":"La Lilt di Belluno dona una \"lavaendoscopi\" all'ospedale San Martino - Bellunopress - Dolomiti","robots":{"index":"index","follow":"follow","max-snippet":"max-snippet:-1","max-image-preview":"max-image-preview:large","max-video-preview":"max-video-preview:-1"},"canonical":"https:\/\/www.bellunopress.it\/fr\/2009\/12\/31\/la-lilt-di-belluno-dona-una-lavaendoscopi-allospedale-san-martino-di-belluno\/","og_locale":"fr_FR","og_type":"article","og_title":"La Lilt di Belluno dona una \"lavaendoscopi\" all'ospedale San Martino - Bellunopress - Dolomiti","og_description":"Ieri la cerimonia di consegna dell&#8217;apparecchio utilizzato per la sterilizzazione.\u00a0 Un gradito regalo di Natale per l&#8217;ospedale San Martino di Belluno. La Lilt (Lega Italiana Lotta ai Tumori) ha consegnato ieri mattina (mercoled\u00ec 30 dicembre) una \u201clavaendoscopi\u201d all&#8217;Unit\u00e0 Operativa di Pneumologia. Si tratta di un apparecchio che serve per la sterilizzazione degli endoscopi utilizzati in [&hellip;]","og_url":"https:\/\/www.bellunopress.it\/fr\/2009\/12\/31\/la-lilt-di-belluno-dona-una-lavaendoscopi-allospedale-san-martino-di-belluno\/","og_site_name":"Bellunopress - Dolomiti","article_publisher":"https:\/\/www.facebook.com\/profile.php?id=100008943462799","article_published_time":"2009-12-31T11:39:22+00:00","article_modified_time":"2009-12-31T11:41:05+00:00","og_image":[{"url":"http:\/\/www.bellunopress.it\/wp-content\/uploads\/2009\/12\/leggera.jpg","type":"","width":"","height":""}],"author":"redazione","twitter_card":"summary_large_image","twitter_creator":"@bellunopress","twitter_site":"@bellunopress","twitter_misc":{"\u00c9crit par":"redazione","Dur\u00e9e de lecture estim\u00e9e":"2 minutes"},"schema":{"@context":"https:\/\/schema.org","@graph":[{"@type":"Article","@id":"https:\/\/www.bellunopress.it\/2009\/12\/31\/la-lilt-di-belluno-dona-una-lavaendoscopi-allospedale-san-martino-di-belluno\/#article","isPartOf":{"@id":"https:\/\/www.bellunopress.it\/2009\/12\/31\/la-lilt-di-belluno-dona-una-lavaendoscopi-allospedale-san-martino-di-belluno\/"},"author":{"name":"redazione","@id":"https:\/\/www.bellunopress.it\/#\/schema\/person\/79bb06722b37ece1c03d3e94beb30d73"},"headline":"La Lilt di Belluno dona una &#8220;lavaendoscopi&#8221; all&#8217;ospedale San Martino","datePublished":"2009-12-31T11:39:22+00:00","dateModified":"2009-12-31T11:41:05+00:00","mainEntityOfPage":{"@id":"https:\/\/www.bellunopress.it\/2009\/12\/31\/la-lilt-di-belluno-dona-una-lavaendoscopi-allospedale-san-martino-di-belluno\/"},"wordCount":422,"publisher":{"@id":"https:\/\/www.bellunopress.it\/#organization"},"image":{"@id":"https:\/\/www.bellunopress.it\/2009\/12\/31\/la-lilt-di-belluno-dona-una-lavaendoscopi-allospedale-san-martino-di-belluno\/#primaryimage"},"thumbnailUrl":"http:\/\/www.bellunopress.it\/wp-content\/uploads\/2009\/12\/leggera.jpg","keywords":["Sanit\u00e0"],"articleSection":["Cronaca\/Politica","Prima Pagina","Sanit\u00e0 Medicina"],"inLanguage":"fr-FR"},{"@type":"WebPage","@id":"https:\/\/www.bellunopress.it\/2009\/12\/31\/la-lilt-di-belluno-dona-una-lavaendoscopi-allospedale-san-martino-di-belluno\/","url":"https:\/\/www.bellunopress.it\/2009\/12\/31\/la-lilt-di-belluno-dona-una-lavaendoscopi-allospedale-san-martino-di-belluno\/","name":"La Lilt di Belluno dona una \"lavaendoscopi\" all'ospedale San Martino - Bellunopress - Dolomiti","isPartOf":{"@id":"https:\/\/www.bellunopress.it\/#website"},"primaryImageOfPage":{"@id":"https:\/\/www.bellunopress.it\/2009\/12\/31\/la-lilt-di-belluno-dona-una-lavaendoscopi-allospedale-san-martino-di-belluno\/#primaryimage"},"image":{"@id":"https:\/\/www.bellunopress.it\/2009\/12\/31\/la-lilt-di-belluno-dona-una-lavaendoscopi-allospedale-san-martino-di-belluno\/#primaryimage"},"thumbnailUrl":"http:\/\/www.bellunopress.it\/wp-content\/uploads\/2009\/12\/leggera.jpg","datePublished":"2009-12-31T11:39:22+00:00","dateModified":"2009-12-31T11:41:05+00:00","breadcrumb":{"@id":"https:\/\/www.bellunopress.it\/2009\/12\/31\/la-lilt-di-belluno-dona-una-lavaendoscopi-allospedale-san-martino-di-belluno\/#breadcrumb"},"inLanguage":"fr-FR","potentialAction":[{"@type":"ReadAction","target":["https:\/\/www.bellunopress.it\/2009\/12\/31\/la-lilt-di-belluno-dona-una-lavaendoscopi-allospedale-san-martino-di-belluno\/"]}]},{"@type":"ImageObject","inLanguage":"fr-FR","@id":"https:\/\/www.bellunopress.it\/2009\/12\/31\/la-lilt-di-belluno-dona-una-lavaendoscopi-allospedale-san-martino-di-belluno\/#primaryimage","url":"http:\/\/www.bellunopress.it\/wp-content\/uploads\/2009\/12\/leggera.jpg","contentUrl":"http:\/\/www.bellunopress.it\/wp-content\/uploads\/2009\/12\/leggera.jpg"},{"@type":"BreadcrumbList","@id":"https:\/\/www.bellunopress.it\/2009\/12\/31\/la-lilt-di-belluno-dona-una-lavaendoscopi-allospedale-san-martino-di-belluno\/#breadcrumb","itemListElement":[{"@type":"ListItem","position":1,"name":"Home","item":"https:\/\/www.bellunopress.it\/"},{"@type":"ListItem","position":2,"name":"La Lilt di Belluno dona una &#8220;lavaendoscopi&#8221; all&#8217;ospedale San Martino"}]},{"@type":"WebSite","@id":"https:\/\/www.bellunopress.it\/#website","url":"https:\/\/www.bellunopress.it\/","name":"Bellunopress - Dolomiti","description":"e-mail: redazione@bellunopress.it","publisher":{"@id":"https:\/\/www.bellunopress.it\/#organization"},"potentialAction":[{"@type":"SearchAction","target":{"@type":"EntryPoint","urlTemplate":"https:\/\/www.bellunopress.it\/?s={search_term_string}"},"query-input":{"@type":"PropertyValueSpecification","valueRequired":true,"valueName":"search_term_string"}}],"inLanguage":"fr-FR"},{"@type":"Organization","@id":"https:\/\/www.bellunopress.it\/#organization","name":"Bellunopress","url":"https:\/\/www.bellunopress.it\/","logo":{"@type":"ImageObject","inLanguage":"fr-FR","@id":"https:\/\/www.bellunopress.it\/#\/schema\/logo\/image\/","url":"https:\/\/www.bellunopress.it\/wp-content\/uploads\/2011\/05\/cropped-logo-bellunopress-.jpg","contentUrl":"https:\/\/www.bellunopress.it\/wp-content\/uploads\/2011\/05\/cropped-logo-bellunopress-.jpg","width":512,"height":512,"caption":"Bellunopress"},"image":{"@id":"https:\/\/www.bellunopress.it\/#\/schema\/logo\/image\/"},"sameAs":["https:\/\/www.facebook.com\/profile.php?id=100008943462799","https:\/\/x.com\/bellunopress","https:\/\/www.linkedin.com\/hp\/?dnr=JBzUWaJfMUw8vbXJJ2tVW5-I3jZKvC4wsoxE&amp;amp;amp;amp;amp;amp;trk=nav_responsive_tab_home","https:\/\/www.youtube.com\/channel\/UCxL0wu1uN0_3_7hGG0306cw"]},{"@type":"Person","@id":"https:\/\/www.bellunopress.it\/#\/schema\/person\/79bb06722b37ece1c03d3e94beb30d73","name":"r\u00e9daction","image":{"@type":"ImageObject","inLanguage":"fr-FR","@id":"https:\/\/secure.gravatar.com\/avatar\/37d968a2e67a6fd04c169c4bdef102d0bc5d31b2546345219e348575eb80e9a0?s=96&d=mm&r=g","url":"https:\/\/secure.gravatar.com\/avatar\/37d968a2e67a6fd04c169c4bdef102d0bc5d31b2546345219e348575eb80e9a0?s=96&d=mm&r=g","contentUrl":"https:\/\/secure.gravatar.com\/avatar\/37d968a2e67a6fd04c169c4bdef102d0bc5d31b2546345219e348575eb80e9a0?s=96&d=mm&r=g","caption":"redazione"},"sameAs":["http:\/\/www.bellunopress.it","https:\/\/x.com\/bellunopress"],"url":"https:\/\/www.bellunopress.it\/fr\/author\/redazione\/"}]}},"_links":{"self":[{"href":"https:\/\/www.bellunopress.it\/fr\/wp-json\/wp\/v2\/posts\/11117","targetHints":{"allow":["GET"]}}],"collection":[{"href":"https:\/\/www.bellunopress.it\/fr\/wp-json\/wp\/v2\/posts"}],"about":[{"href":"https:\/\/www.bellunopress.it\/fr\/wp-json\/wp\/v2\/types\/post"}],"author":[{"embeddable":true,"href":"https:\/\/www.bellunopress.it\/fr\/wp-json\/wp\/v2\/users\/2"}],"replies":[{"embeddable":true,"href":"https:\/\/www.bellunopress.it\/fr\/wp-json\/wp\/v2\/comments?post=11117"}],"version-history":[{"count":3,"href":"https:\/\/www.bellunopress.it\/fr\/wp-json\/wp\/v2\/posts\/11117\/revisions"}],"predecessor-version":[{"id":11122,"href":"https:\/\/www.bellunopress.it\/fr\/wp-json\/wp\/v2\/posts\/11117\/revisions\/11122"}],"wp:attachment":[{"href":"https:\/\/www.bellunopress.it\/fr\/wp-json\/wp\/v2\/media?parent=11117"}],"wp:term":[{"taxonomy":"category","embeddable":true,"href":"https:\/\/www.bellunopress.it\/fr\/wp-json\/wp\/v2\/categories?post=11117"},{"taxonomy":"post_tag","embeddable":true,"href":"https:\/\/www.bellunopress.it\/fr\/wp-json\/wp\/v2\/tags?post=11117"}],"curies":[{"name":"wp","href":"https:\/\/api.w.org\/{rel}","templated":true}]}}