{"id":111166,"date":"2020-01-12T18:15:04","date_gmt":"2020-01-12T17:15:04","guid":{"rendered":"http:\/\/www.bellunopress.it\/?p=111166"},"modified":"2020-01-13T22:06:17","modified_gmt":"2020-01-13T21:06:17","slug":"luomo-dal-cuore-bambino-lunedi-alla-libreria-mondadori-bookstore-di-belluno-con-silvia-piccollo-e-clementina-mankenda-cumonidioko","status":"publish","type":"post","link":"https:\/\/www.bellunopress.it\/fr\/2020\/01\/12\/luomo-dal-cuore-bambino-lunedi-alla-libreria-mondadori-bookstore-di-belluno-con-silvia-piccollo-e-clementina-mankenda-cumonidioko\/","title":{"rendered":"L\u2019uomo dal cuore bambino. Luned\u00ec alla Libreria Mondadori Bookstore di Belluno, con Silvia Piccollo e Clementina Mankenda Cumonidioko"},"content":{"rendered":"<p>Luned\u00ec 13 gennaio alle ore 18.30 alla Libreria Mondadori Bookstore, in via Mezzaterra 15 \u2013a Belluno, si terr\u00e0 l&#8217;incontro con Silvia Piccollo e Clementina Mankenda Cumonidioko per parlare insieme di \u201cL\u2019uomo dal cuore bambino\u201d edizioni Ultima Spiaggia.<\/p>\n<p><a href=\"http:\/\/www.bellunopress.it\/fr\/2019\/11\/12\/folli-storie-di-simon-mace-con-simone-mazza-venerdi-alla-libreria-degli-eddini-in-via-mezzaterra\/libreria-degli-eddini\/\" rel=\"attachment wp-att-109512\"><img loading=\"lazy\" decoding=\"async\" class=\"alignleft size-full wp-image-109512\" src=\"http:\/\/www.bellunopress.it\/wp-content\/uploads\/2019\/11\/libreria-degli-eddini.jpg\" alt=\"\" width=\"300\" height=\"208\" \/><\/a>\u201cIl libro, nato dall&#8217;immane onda emotiva e dal flusso di pensieri sgorgati nell&#8217;autrice in seguito alla scomparsa del compagno di vita e dall&#8217;esigenza di elaborarne il ricordo, ripercorre le tappe di un&#8217;intensa e coinvolgente storia d&#8217;amore. L&#8217;incontro, favorito dalla musica e dal canto, e il conseguente confronto \u2013 a tratti acceso nei contrasti \u2013 tra l&#8217;anima irrequieta e travolgente, capace di enormi entusiasmi e di abissi emotivi di Renzo e la solida concretezza e l&#8217;equilibrata stabilit\u00e0 di Silvia, in un dialettico rapporto d&#8217;amore. Dal racconto emerge l&#8217;immagine di un uomo generoso, sempre animato da esclusive passioni ed inarrestabili entusiasmi, che ha trasformato le proprie inquietudini in occasioni di conoscenza: come l&#8217;autrice racconta, \u00abil suo approccio alla conoscenza era come quello dei bambini, con gli occhi perennemente spalancati per la meraviglia: ci\u00f2 che destava il suo interesse in quel momento era sempre lo sport pi\u00f9 originale, la musica pi\u00f9 emozionante, il libro pi\u00f9 geniale, il quadro pi\u00f9 bello, il poema pi\u00f9 profondo che avesse mai conosciuto. Era impossibile non lasciarsi contagiare\u00bb. La generosa apertura di Renzo ha compiuto persino il miracolo di alimentare, grazie all&#8217;incontro fortuito ma non casuale con una donna africana, Mankenda Kumonidioko (Clementina per gli italiani), l&#8217;avvio di un&#8217;iniziativa benefica che ha permesso di creare in Burkina Faso una scuola che ospita 240 bambini dalla nascita agli 8 anni, intitolata a Renzo Bez. A questa Garderie sociale vanno i proventi per la vendita del libro.<\/p>","protected":false},"excerpt":{"rendered":"<p>Luned\u00ec 13 gennaio alle ore 18.30 alla Libreria Mondadori Bookstore, in via Mezzaterra 15 \u2013a Belluno, si terr\u00e0 l&#8217;incontro con Silvia Piccollo e Clementina Mankenda Cumonidioko per parlare insieme di \u201cL\u2019uomo dal cuore bambino\u201d edizioni Ultima Spiaggia. \u201cIl libro, nato dall&#8217;immane onda emotiva e dal flusso di pensieri sgorgati nell&#8217;autrice in seguito alla scomparsa del [&hellip;]<\/p>\n","protected":false},"author":2,"featured_media":0,"comment_status":"closed","ping_status":"open","sticky":false,"template":"","format":"standard","meta":{"footnotes":""},"categories":[27,3],"tags":[],"class_list":["post-111166","post","type-post","status-publish","format-standard","category-appuntamenti","category-arte-cultura-spettacoli-scienza-archivi"],"yoast_head":"<!-- This site is optimized with the Yoast SEO plugin v28.4 - https:\/\/yoast.com\/product\/yoast-seo-wordpress\/ -->\n<title>L\u2019uomo dal cuore bambino. Luned\u00ec alla Libreria Mondadori Bookstore di Belluno, con Silvia Piccollo e Clementina Mankenda Cumonidioko - Bellunopress - Dolomiti<\/title>\n<meta name=\"robots\" content=\"index, follow, max-snippet:-1, max-image-preview:large, max-video-preview:-1\" \/>\n<link rel=\"canonical\" href=\"https:\/\/www.bellunopress.it\/fr\/2020\/01\/12\/luomo-dal-cuore-bambino-lunedi-alla-libreria-mondadori-bookstore-di-belluno-con-silvia-piccollo-e-clementina-mankenda-cumonidioko\/\" \/>\n<meta property=\"og:locale\" content=\"fr_FR\" \/>\n<meta property=\"og:type\" content=\"article\" \/>\n<meta property=\"og:title\" content=\"L\u2019uomo dal cuore bambino. Luned\u00ec alla Libreria Mondadori Bookstore di Belluno, con Silvia Piccollo e Clementina Mankenda Cumonidioko - Bellunopress - Dolomiti\" \/>\n<meta property=\"og:description\" content=\"Luned\u00ec 13 gennaio alle ore 18.30 alla Libreria Mondadori Bookstore, in via Mezzaterra 15 \u2013a Belluno, si terr\u00e0 l&#8217;incontro con Silvia Piccollo e Clementina Mankenda Cumonidioko per parlare insieme di \u201cL\u2019uomo dal cuore bambino\u201d edizioni Ultima Spiaggia. \u201cIl libro, nato dall&#8217;immane onda emotiva e dal flusso di pensieri sgorgati nell&#8217;autrice in seguito alla scomparsa del [&hellip;]\" \/>\n<meta property=\"og:url\" content=\"https:\/\/www.bellunopress.it\/fr\/2020\/01\/12\/luomo-dal-cuore-bambino-lunedi-alla-libreria-mondadori-bookstore-di-belluno-con-silvia-piccollo-e-clementina-mankenda-cumonidioko\/\" \/>\n<meta property=\"og:site_name\" content=\"Bellunopress - Dolomiti\" \/>\n<meta property=\"article:publisher\" content=\"https:\/\/www.facebook.com\/profile.php?id=100008943462799\" \/>\n<meta property=\"article:published_time\" content=\"2020-01-12T17:15:04+00:00\" \/>\n<meta property=\"article:modified_time\" content=\"2020-01-13T21:06:17+00:00\" \/>\n<meta property=\"og:image\" content=\"http:\/\/www.bellunopress.it\/wp-content\/uploads\/2019\/11\/libreria-degli-eddini.jpg\" \/>\n<meta name=\"author\" content=\"redazione\" \/>\n<meta name=\"twitter:card\" content=\"summary_large_image\" \/>\n<meta name=\"twitter:creator\" content=\"@bellunopress\" \/>\n<meta name=\"twitter:site\" content=\"@bellunopress\" \/>\n<meta name=\"twitter:label1\" content=\"\u00c9crit par\" \/>\n\t<meta name=\"twitter:data1\" content=\"redazione\" \/>\n\t<meta name=\"twitter:label2\" content=\"Dur\u00e9e de lecture estim\u00e9e\" \/>\n\t<meta name=\"twitter:data2\" content=\"1 minute\" \/>\n<script type=\"application\/ld+json\" class=\"yoast-schema-graph\">{\"@context\":\"https:\\\/\\\/schema.org\",\"@graph\":[{\"@type\":\"Article\",\"@id\":\"https:\\\/\\\/www.bellunopress.it\\\/2020\\\/01\\\/12\\\/luomo-dal-cuore-bambino-lunedi-alla-libreria-mondadori-bookstore-di-belluno-con-silvia-piccollo-e-clementina-mankenda-cumonidioko\\\/#article\",\"isPartOf\":{\"@id\":\"https:\\\/\\\/www.bellunopress.it\\\/2020\\\/01\\\/12\\\/luomo-dal-cuore-bambino-lunedi-alla-libreria-mondadori-bookstore-di-belluno-con-silvia-piccollo-e-clementina-mankenda-cumonidioko\\\/\"},\"author\":{\"name\":\"redazione\",\"@id\":\"https:\\\/\\\/www.bellunopress.it\\\/#\\\/schema\\\/person\\\/79bb06722b37ece1c03d3e94beb30d73\"},\"headline\":\"L\u2019uomo dal cuore bambino. Luned\u00ec alla Libreria Mondadori Bookstore di Belluno, con Silvia Piccollo e Clementina Mankenda Cumonidioko\",\"datePublished\":\"2020-01-12T17:15:04+00:00\",\"dateModified\":\"2020-01-13T21:06:17+00:00\",\"mainEntityOfPage\":{\"@id\":\"https:\\\/\\\/www.bellunopress.it\\\/2020\\\/01\\\/12\\\/luomo-dal-cuore-bambino-lunedi-alla-libreria-mondadori-bookstore-di-belluno-con-silvia-piccollo-e-clementina-mankenda-cumonidioko\\\/\"},\"wordCount\":302,\"publisher\":{\"@id\":\"https:\\\/\\\/www.bellunopress.it\\\/#organization\"},\"image\":{\"@id\":\"https:\\\/\\\/www.bellunopress.it\\\/2020\\\/01\\\/12\\\/luomo-dal-cuore-bambino-lunedi-alla-libreria-mondadori-bookstore-di-belluno-con-silvia-piccollo-e-clementina-mankenda-cumonidioko\\\/#primaryimage\"},\"thumbnailUrl\":\"http:\\\/\\\/www.bellunopress.it\\\/wp-content\\\/uploads\\\/2019\\\/11\\\/libreria-degli-eddini.jpg\",\"articleSection\":[\"Appuntamenti, Eventi\",\"Arte, Cultura, Spettacoli, Scienza\"],\"inLanguage\":\"fr-FR\"},{\"@type\":\"WebPage\",\"@id\":\"https:\\\/\\\/www.bellunopress.it\\\/2020\\\/01\\\/12\\\/luomo-dal-cuore-bambino-lunedi-alla-libreria-mondadori-bookstore-di-belluno-con-silvia-piccollo-e-clementina-mankenda-cumonidioko\\\/\",\"url\":\"https:\\\/\\\/www.bellunopress.it\\\/2020\\\/01\\\/12\\\/luomo-dal-cuore-bambino-lunedi-alla-libreria-mondadori-bookstore-di-belluno-con-silvia-piccollo-e-clementina-mankenda-cumonidioko\\\/\",\"name\":\"L\u2019uomo dal cuore bambino. Luned\u00ec alla Libreria Mondadori Bookstore di Belluno, con Silvia Piccollo e Clementina Mankenda Cumonidioko - Bellunopress - Dolomiti\",\"isPartOf\":{\"@id\":\"https:\\\/\\\/www.bellunopress.it\\\/#website\"},\"primaryImageOfPage\":{\"@id\":\"https:\\\/\\\/www.bellunopress.it\\\/2020\\\/01\\\/12\\\/luomo-dal-cuore-bambino-lunedi-alla-libreria-mondadori-bookstore-di-belluno-con-silvia-piccollo-e-clementina-mankenda-cumonidioko\\\/#primaryimage\"},\"image\":{\"@id\":\"https:\\\/\\\/www.bellunopress.it\\\/2020\\\/01\\\/12\\\/luomo-dal-cuore-bambino-lunedi-alla-libreria-mondadori-bookstore-di-belluno-con-silvia-piccollo-e-clementina-mankenda-cumonidioko\\\/#primaryimage\"},\"thumbnailUrl\":\"http:\\\/\\\/www.bellunopress.it\\\/wp-content\\\/uploads\\\/2019\\\/11\\\/libreria-degli-eddini.jpg\",\"datePublished\":\"2020-01-12T17:15:04+00:00\",\"dateModified\":\"2020-01-13T21:06:17+00:00\",\"breadcrumb\":{\"@id\":\"https:\\\/\\\/www.bellunopress.it\\\/2020\\\/01\\\/12\\\/luomo-dal-cuore-bambino-lunedi-alla-libreria-mondadori-bookstore-di-belluno-con-silvia-piccollo-e-clementina-mankenda-cumonidioko\\\/#breadcrumb\"},\"inLanguage\":\"fr-FR\",\"potentialAction\":[{\"@type\":\"ReadAction\",\"target\":[\"https:\\\/\\\/www.bellunopress.it\\\/2020\\\/01\\\/12\\\/luomo-dal-cuore-bambino-lunedi-alla-libreria-mondadori-bookstore-di-belluno-con-silvia-piccollo-e-clementina-mankenda-cumonidioko\\\/\"]}]},{\"@type\":\"ImageObject\",\"inLanguage\":\"fr-FR\",\"@id\":\"https:\\\/\\\/www.bellunopress.it\\\/2020\\\/01\\\/12\\\/luomo-dal-cuore-bambino-lunedi-alla-libreria-mondadori-bookstore-di-belluno-con-silvia-piccollo-e-clementina-mankenda-cumonidioko\\\/#primaryimage\",\"url\":\"http:\\\/\\\/www.bellunopress.it\\\/wp-content\\\/uploads\\\/2019\\\/11\\\/libreria-degli-eddini.jpg\",\"contentUrl\":\"http:\\\/\\\/www.bellunopress.it\\\/wp-content\\\/uploads\\\/2019\\\/11\\\/libreria-degli-eddini.jpg\"},{\"@type\":\"BreadcrumbList\",\"@id\":\"https:\\\/\\\/www.bellunopress.it\\\/2020\\\/01\\\/12\\\/luomo-dal-cuore-bambino-lunedi-alla-libreria-mondadori-bookstore-di-belluno-con-silvia-piccollo-e-clementina-mankenda-cumonidioko\\\/#breadcrumb\",\"itemListElement\":[{\"@type\":\"ListItem\",\"position\":1,\"name\":\"Home\",\"item\":\"https:\\\/\\\/www.bellunopress.it\\\/\"},{\"@type\":\"ListItem\",\"position\":2,\"name\":\"L\u2019uomo dal cuore bambino. Luned\u00ec alla Libreria Mondadori Bookstore di Belluno, con Silvia Piccollo e Clementina Mankenda Cumonidioko\"}]},{\"@type\":\"WebSite\",\"@id\":\"https:\\\/\\\/www.bellunopress.it\\\/#website\",\"url\":\"https:\\\/\\\/www.bellunopress.it\\\/\",\"name\":\"Bellunopress - Dolomiti\",\"description\":\"e-mail: redazione@bellunopress.it\",\"publisher\":{\"@id\":\"https:\\\/\\\/www.bellunopress.it\\\/#organization\"},\"potentialAction\":[{\"@type\":\"SearchAction\",\"target\":{\"@type\":\"EntryPoint\",\"urlTemplate\":\"https:\\\/\\\/www.bellunopress.it\\\/?s={search_term_string}\"},\"query-input\":{\"@type\":\"PropertyValueSpecification\",\"valueRequired\":true,\"valueName\":\"search_term_string\"}}],\"inLanguage\":\"fr-FR\"},{\"@type\":\"Organization\",\"@id\":\"https:\\\/\\\/www.bellunopress.it\\\/#organization\",\"name\":\"Bellunopress\",\"url\":\"https:\\\/\\\/www.bellunopress.it\\\/\",\"logo\":{\"@type\":\"ImageObject\",\"inLanguage\":\"fr-FR\",\"@id\":\"https:\\\/\\\/www.bellunopress.it\\\/#\\\/schema\\\/logo\\\/image\\\/\",\"url\":\"https:\\\/\\\/www.bellunopress.it\\\/wp-content\\\/uploads\\\/2011\\\/05\\\/cropped-logo-bellunopress-.jpg\",\"contentUrl\":\"https:\\\/\\\/www.bellunopress.it\\\/wp-content\\\/uploads\\\/2011\\\/05\\\/cropped-logo-bellunopress-.jpg\",\"width\":512,\"height\":512,\"caption\":\"Bellunopress\"},\"image\":{\"@id\":\"https:\\\/\\\/www.bellunopress.it\\\/#\\\/schema\\\/logo\\\/image\\\/\"},\"sameAs\":[\"https:\\\/\\\/www.facebook.com\\\/profile.php?id=100008943462799\",\"https:\\\/\\\/x.com\\\/bellunopress\",\"https:\\\/\\\/www.linkedin.com\\\/hp\\\/?dnr=JBzUWaJfMUw8vbXJJ2tVW5-I3jZKvC4wsoxE&amp;amp;amp;amp;amp;amp;trk=nav_responsive_tab_home\",\"https:\\\/\\\/www.youtube.com\\\/channel\\\/UCxL0wu1uN0_3_7hGG0306cw\"]},{\"@type\":\"Person\",\"@id\":\"https:\\\/\\\/www.bellunopress.it\\\/#\\\/schema\\\/person\\\/79bb06722b37ece1c03d3e94beb30d73\",\"name\":\"redazione\",\"image\":{\"@type\":\"ImageObject\",\"inLanguage\":\"fr-FR\",\"@id\":\"https:\\\/\\\/secure.gravatar.com\\\/avatar\\\/37d968a2e67a6fd04c169c4bdef102d0bc5d31b2546345219e348575eb80e9a0?s=96&d=mm&r=g\",\"url\":\"https:\\\/\\\/secure.gravatar.com\\\/avatar\\\/37d968a2e67a6fd04c169c4bdef102d0bc5d31b2546345219e348575eb80e9a0?s=96&d=mm&r=g\",\"contentUrl\":\"https:\\\/\\\/secure.gravatar.com\\\/avatar\\\/37d968a2e67a6fd04c169c4bdef102d0bc5d31b2546345219e348575eb80e9a0?s=96&d=mm&r=g\",\"caption\":\"redazione\"},\"sameAs\":[\"http:\\\/\\\/www.bellunopress.it\",\"https:\\\/\\\/x.com\\\/bellunopress\"],\"url\":\"https:\\\/\\\/www.bellunopress.it\\\/fr\\\/author\\\/redazione\\\/\"}]}<\/script>\n<!-- \/ Yoast SEO plugin. -->","yoast_head_json":{"title":"L\u2019uomo dal cuore bambino. Luned\u00ec alla Libreria Mondadori Bookstore di Belluno, con Silvia Piccollo e Clementina Mankenda Cumonidioko - Bellunopress - Dolomiti","robots":{"index":"index","follow":"follow","max-snippet":"max-snippet:-1","max-image-preview":"max-image-preview:large","max-video-preview":"max-video-preview:-1"},"canonical":"https:\/\/www.bellunopress.it\/fr\/2020\/01\/12\/luomo-dal-cuore-bambino-lunedi-alla-libreria-mondadori-bookstore-di-belluno-con-silvia-piccollo-e-clementina-mankenda-cumonidioko\/","og_locale":"fr_FR","og_type":"article","og_title":"L\u2019uomo dal cuore bambino. Luned\u00ec alla Libreria Mondadori Bookstore di Belluno, con Silvia Piccollo e Clementina Mankenda Cumonidioko - Bellunopress - Dolomiti","og_description":"Luned\u00ec 13 gennaio alle ore 18.30 alla Libreria Mondadori Bookstore, in via Mezzaterra 15 \u2013a Belluno, si terr\u00e0 l&#8217;incontro con Silvia Piccollo e Clementina Mankenda Cumonidioko per parlare insieme di \u201cL\u2019uomo dal cuore bambino\u201d edizioni Ultima Spiaggia. \u201cIl libro, nato dall&#8217;immane onda emotiva e dal flusso di pensieri sgorgati nell&#8217;autrice in seguito alla scomparsa del [&hellip;]","og_url":"https:\/\/www.bellunopress.it\/fr\/2020\/01\/12\/luomo-dal-cuore-bambino-lunedi-alla-libreria-mondadori-bookstore-di-belluno-con-silvia-piccollo-e-clementina-mankenda-cumonidioko\/","og_site_name":"Bellunopress - Dolomiti","article_publisher":"https:\/\/www.facebook.com\/profile.php?id=100008943462799","article_published_time":"2020-01-12T17:15:04+00:00","article_modified_time":"2020-01-13T21:06:17+00:00","og_image":[{"url":"http:\/\/www.bellunopress.it\/wp-content\/uploads\/2019\/11\/libreria-degli-eddini.jpg","type":"","width":"","height":""}],"author":"redazione","twitter_card":"summary_large_image","twitter_creator":"@bellunopress","twitter_site":"@bellunopress","twitter_misc":{"\u00c9crit par":"redazione","Dur\u00e9e de lecture estim\u00e9e":"1 minute"},"schema":{"@context":"https:\/\/schema.org","@graph":[{"@type":"Article","@id":"https:\/\/www.bellunopress.it\/2020\/01\/12\/luomo-dal-cuore-bambino-lunedi-alla-libreria-mondadori-bookstore-di-belluno-con-silvia-piccollo-e-clementina-mankenda-cumonidioko\/#article","isPartOf":{"@id":"https:\/\/www.bellunopress.it\/2020\/01\/12\/luomo-dal-cuore-bambino-lunedi-alla-libreria-mondadori-bookstore-di-belluno-con-silvia-piccollo-e-clementina-mankenda-cumonidioko\/"},"author":{"name":"redazione","@id":"https:\/\/www.bellunopress.it\/#\/schema\/person\/79bb06722b37ece1c03d3e94beb30d73"},"headline":"L\u2019uomo dal cuore bambino. Luned\u00ec alla Libreria Mondadori Bookstore di Belluno, con Silvia Piccollo e Clementina Mankenda Cumonidioko","datePublished":"2020-01-12T17:15:04+00:00","dateModified":"2020-01-13T21:06:17+00:00","mainEntityOfPage":{"@id":"https:\/\/www.bellunopress.it\/2020\/01\/12\/luomo-dal-cuore-bambino-lunedi-alla-libreria-mondadori-bookstore-di-belluno-con-silvia-piccollo-e-clementina-mankenda-cumonidioko\/"},"wordCount":302,"publisher":{"@id":"https:\/\/www.bellunopress.it\/#organization"},"image":{"@id":"https:\/\/www.bellunopress.it\/2020\/01\/12\/luomo-dal-cuore-bambino-lunedi-alla-libreria-mondadori-bookstore-di-belluno-con-silvia-piccollo-e-clementina-mankenda-cumonidioko\/#primaryimage"},"thumbnailUrl":"http:\/\/www.bellunopress.it\/wp-content\/uploads\/2019\/11\/libreria-degli-eddini.jpg","articleSection":["Appuntamenti, Eventi","Arte, Cultura, Spettacoli, Scienza"],"inLanguage":"fr-FR"},{"@type":"WebPage","@id":"https:\/\/www.bellunopress.it\/2020\/01\/12\/luomo-dal-cuore-bambino-lunedi-alla-libreria-mondadori-bookstore-di-belluno-con-silvia-piccollo-e-clementina-mankenda-cumonidioko\/","url":"https:\/\/www.bellunopress.it\/2020\/01\/12\/luomo-dal-cuore-bambino-lunedi-alla-libreria-mondadori-bookstore-di-belluno-con-silvia-piccollo-e-clementina-mankenda-cumonidioko\/","name":"L\u2019uomo dal cuore bambino. Luned\u00ec alla Libreria Mondadori Bookstore di Belluno, con Silvia Piccollo e Clementina Mankenda Cumonidioko - Bellunopress - Dolomiti","isPartOf":{"@id":"https:\/\/www.bellunopress.it\/#website"},"primaryImageOfPage":{"@id":"https:\/\/www.bellunopress.it\/2020\/01\/12\/luomo-dal-cuore-bambino-lunedi-alla-libreria-mondadori-bookstore-di-belluno-con-silvia-piccollo-e-clementina-mankenda-cumonidioko\/#primaryimage"},"image":{"@id":"https:\/\/www.bellunopress.it\/2020\/01\/12\/luomo-dal-cuore-bambino-lunedi-alla-libreria-mondadori-bookstore-di-belluno-con-silvia-piccollo-e-clementina-mankenda-cumonidioko\/#primaryimage"},"thumbnailUrl":"http:\/\/www.bellunopress.it\/wp-content\/uploads\/2019\/11\/libreria-degli-eddini.jpg","datePublished":"2020-01-12T17:15:04+00:00","dateModified":"2020-01-13T21:06:17+00:00","breadcrumb":{"@id":"https:\/\/www.bellunopress.it\/2020\/01\/12\/luomo-dal-cuore-bambino-lunedi-alla-libreria-mondadori-bookstore-di-belluno-con-silvia-piccollo-e-clementina-mankenda-cumonidioko\/#breadcrumb"},"inLanguage":"fr-FR","potentialAction":[{"@type":"ReadAction","target":["https:\/\/www.bellunopress.it\/2020\/01\/12\/luomo-dal-cuore-bambino-lunedi-alla-libreria-mondadori-bookstore-di-belluno-con-silvia-piccollo-e-clementina-mankenda-cumonidioko\/"]}]},{"@type":"ImageObject","inLanguage":"fr-FR","@id":"https:\/\/www.bellunopress.it\/2020\/01\/12\/luomo-dal-cuore-bambino-lunedi-alla-libreria-mondadori-bookstore-di-belluno-con-silvia-piccollo-e-clementina-mankenda-cumonidioko\/#primaryimage","url":"http:\/\/www.bellunopress.it\/wp-content\/uploads\/2019\/11\/libreria-degli-eddini.jpg","contentUrl":"http:\/\/www.bellunopress.it\/wp-content\/uploads\/2019\/11\/libreria-degli-eddini.jpg"},{"@type":"BreadcrumbList","@id":"https:\/\/www.bellunopress.it\/2020\/01\/12\/luomo-dal-cuore-bambino-lunedi-alla-libreria-mondadori-bookstore-di-belluno-con-silvia-piccollo-e-clementina-mankenda-cumonidioko\/#breadcrumb","itemListElement":[{"@type":"ListItem","position":1,"name":"Home","item":"https:\/\/www.bellunopress.it\/"},{"@type":"ListItem","position":2,"name":"L\u2019uomo dal cuore bambino. Luned\u00ec alla Libreria Mondadori Bookstore di Belluno, con Silvia Piccollo e Clementina Mankenda Cumonidioko"}]},{"@type":"WebSite","@id":"https:\/\/www.bellunopress.it\/#website","url":"https:\/\/www.bellunopress.it\/","name":"Bellunopress - Dolomiti","description":"e-mail: redazione@bellunopress.it","publisher":{"@id":"https:\/\/www.bellunopress.it\/#organization"},"potentialAction":[{"@type":"SearchAction","target":{"@type":"EntryPoint","urlTemplate":"https:\/\/www.bellunopress.it\/?s={search_term_string}"},"query-input":{"@type":"PropertyValueSpecification","valueRequired":true,"valueName":"search_term_string"}}],"inLanguage":"fr-FR"},{"@type":"Organization","@id":"https:\/\/www.bellunopress.it\/#organization","name":"Bellunopress","url":"https:\/\/www.bellunopress.it\/","logo":{"@type":"ImageObject","inLanguage":"fr-FR","@id":"https:\/\/www.bellunopress.it\/#\/schema\/logo\/image\/","url":"https:\/\/www.bellunopress.it\/wp-content\/uploads\/2011\/05\/cropped-logo-bellunopress-.jpg","contentUrl":"https:\/\/www.bellunopress.it\/wp-content\/uploads\/2011\/05\/cropped-logo-bellunopress-.jpg","width":512,"height":512,"caption":"Bellunopress"},"image":{"@id":"https:\/\/www.bellunopress.it\/#\/schema\/logo\/image\/"},"sameAs":["https:\/\/www.facebook.com\/profile.php?id=100008943462799","https:\/\/x.com\/bellunopress","https:\/\/www.linkedin.com\/hp\/?dnr=JBzUWaJfMUw8vbXJJ2tVW5-I3jZKvC4wsoxE&amp;amp;amp;amp;amp;amp;trk=nav_responsive_tab_home","https:\/\/www.youtube.com\/channel\/UCxL0wu1uN0_3_7hGG0306cw"]},{"@type":"Person","@id":"https:\/\/www.bellunopress.it\/#\/schema\/person\/79bb06722b37ece1c03d3e94beb30d73","name":"r\u00e9daction","image":{"@type":"ImageObject","inLanguage":"fr-FR","@id":"https:\/\/secure.gravatar.com\/avatar\/37d968a2e67a6fd04c169c4bdef102d0bc5d31b2546345219e348575eb80e9a0?s=96&d=mm&r=g","url":"https:\/\/secure.gravatar.com\/avatar\/37d968a2e67a6fd04c169c4bdef102d0bc5d31b2546345219e348575eb80e9a0?s=96&d=mm&r=g","contentUrl":"https:\/\/secure.gravatar.com\/avatar\/37d968a2e67a6fd04c169c4bdef102d0bc5d31b2546345219e348575eb80e9a0?s=96&d=mm&r=g","caption":"redazione"},"sameAs":["http:\/\/www.bellunopress.it","https:\/\/x.com\/bellunopress"],"url":"https:\/\/www.bellunopress.it\/fr\/author\/redazione\/"}]}},"_links":{"self":[{"href":"https:\/\/www.bellunopress.it\/fr\/wp-json\/wp\/v2\/posts\/111166","targetHints":{"allow":["GET"]}}],"collection":[{"href":"https:\/\/www.bellunopress.it\/fr\/wp-json\/wp\/v2\/posts"}],"about":[{"href":"https:\/\/www.bellunopress.it\/fr\/wp-json\/wp\/v2\/types\/post"}],"author":[{"embeddable":true,"href":"https:\/\/www.bellunopress.it\/fr\/wp-json\/wp\/v2\/users\/2"}],"replies":[{"embeddable":true,"href":"https:\/\/www.bellunopress.it\/fr\/wp-json\/wp\/v2\/comments?post=111166"}],"version-history":[{"count":1,"href":"https:\/\/www.bellunopress.it\/fr\/wp-json\/wp\/v2\/posts\/111166\/revisions"}],"predecessor-version":[{"id":111167,"href":"https:\/\/www.bellunopress.it\/fr\/wp-json\/wp\/v2\/posts\/111166\/revisions\/111167"}],"wp:attachment":[{"href":"https:\/\/www.bellunopress.it\/fr\/wp-json\/wp\/v2\/media?parent=111166"}],"wp:term":[{"taxonomy":"category","embeddable":true,"href":"https:\/\/www.bellunopress.it\/fr\/wp-json\/wp\/v2\/categories?post=111166"},{"taxonomy":"post_tag","embeddable":true,"href":"https:\/\/www.bellunopress.it\/fr\/wp-json\/wp\/v2\/tags?post=111166"}],"curies":[{"name":"wp","href":"https:\/\/api.w.org\/{rel}","templated":true}]}}