{"id":111139,"date":"2020-01-11T17:23:00","date_gmt":"2020-01-11T16:23:00","guid":{"rendered":"http:\/\/www.bellunopress.it\/?p=111139"},"modified":"2020-01-11T17:23:01","modified_gmt":"2020-01-11T16:23:01","slug":"alpago-viabilita-ed-edifici-scolastici-in-primo-piano-nel-bilancio-di-previsione","status":"publish","type":"post","link":"https:\/\/www.bellunopress.it\/fr\/2020\/01\/11\/alpago-viabilita-ed-edifici-scolastici-in-primo-piano-nel-bilancio-di-previsione\/","title":{"rendered":"Alpago: viabilit\u00e0 ed edifici scolastici in primo piano nel bilancio di previsione"},"content":{"rendered":"<figure id=\"attachment_111140\" aria-describedby=\"caption-attachment-111140\" style=\"width: 235px\" class=\"wp-caption alignleft\"><a href=\"http:\/\/www.bellunopress.it\/fr\/2020\/01\/11\/alpago-viabilita-ed-edifici-scolastici-in-primo-piano-nel-bilancio-di-previsione\/floriano-de-pra\/\" rel=\"attachment wp-att-111140\"><img loading=\"lazy\" decoding=\"async\" class=\"size-full wp-image-111140\" src=\"http:\/\/www.bellunopress.it\/wp-content\/uploads\/2020\/01\/Floriano-De-Pra.jpg\" alt=\"\" width=\"235\" height=\"300\" \/><\/a><figcaption id=\"caption-attachment-111140\" class=\"wp-caption-text\">Floriano De Pr\u00e0, consigliere con delega ai Lavori pubblici Comune Alpago<\/figcaption><\/figure>\n<p>Un capitolo importante del bilancio previsione approvato dal consiglio comunale di Alpago qualche giorno fa riguarda i lavori pubblici in programma nei prossimi mesi.<br \/>\nSu fronte della viabilit\u00e0, trova posto uno stanziamento di 100 mila euro (somma che dovrebbe peraltro essere raddoppiata in sede di consuntivo) per l&#8217;avvio dell&#8217;asfaltatura di alcune tra le principali strade comunali. Altre risorse importanti sono poi destinate alla sistemazione dell&#8217;arredo urbano, dei parchi giochi per bambini, oltre che di piazze, sentieristica, verde pubblico e per l&#8217;installazione di nuovi punti luce, anche nell&#8217;otica di migliorare la sicurezza dei cittadini.<br \/>\nNei prossimi mesi, presumibilmente entro l\u2019estate, \u00e8 inoltre programmata la conclusione di un&#8217;altra importante arteria della viabilit\u00e0, ovvero la nuova strada di collegamento Pieve-Plois.<\/p>\n<p>Un capitolo estremamente corposo del bilancio comunale riguarda poi gli edifici scolastici. Nel previsionale, anzitutto, l&#8217;avvio della progettazione esecutiva della Scuola Media di Puos, per la quale sar\u00e0 contratto un muto di 1,6 milioni di euro. L&#8217;opera avr\u00e0 un valore complessivo finale di 4,1 milioni, gi\u00e0 finanziati al momento con contributi per oltre 2 milioni. A Puos trover\u00e0 cos\u00ec posto il nuovo polo scolastico delle medie, mentre Farra ospiter\u00e0 quello della materna e delle elementari; al riguardo la conclusione per la nuova scuola dell&#8217;infanzia \u00e8 previsto per il prossimo mese di agosto, in modo che i bambini possano usufruire della nuova struttura gi\u00e0 da settembre, ovvero all&#8217;inizio del nuovo anno scolastico. Per il solo 2020 sono programmati lavori per 1.240.000 euro.<br \/>\nUn progetto importante riguarda, poi, le strutture municipali. Il programma prevede che il municipio di Puos venga reso operativo nel corso del 2020 con il trasferimento del personale dell\u2019area finanziaria e tecnica; a Farra resteranno lo sportello polifunzionale, l\u2019ufficio tributi e la sede dell&#8217;Unione Montana, mentre il municipio di Pieve, dove rester\u00e0 lo sportello polifunzionale, ospiter\u00e0 anche lo spazio museale permanente con i reperti archeologici dell&#8217;area di Pian de la Gnela.<\/p>\n<p>\u201cE&#8217; un programma ambizioso e impegnativo, quello che ci siamo dati per il prossimo anno sul fronte delle opere pubbliche, commenta il consigliere con delega ai lavori pubblici Floriano De Pr\u00e0, sia per quanto riguarda la viabilit\u00e0, che sul fronte del patrimonio pubblico, in particolare scolastico. Siamo peraltro convinti che solo investendo sui servizi, in particolar modo per le imprese e le famiglie, possiamo dare un futuro alle nostre comunit\u00e0 locali: la scuola \u00e8 certamente uno dei principali e le scelte che abbiamo fatto anche in altri ambiti del settore (trasporto, mense, doposcuola) testimoniano che il cammino intrapreso dall&#8217;Amministrazione su questo fronte \u00e8 chiaro e preciso\u201d, conclude De Pr\u00e0.<\/p>","protected":false},"excerpt":{"rendered":"<p>Un capitolo importante del bilancio previsione approvato dal consiglio comunale di Alpago qualche giorno fa riguarda i lavori pubblici in programma nei prossimi mesi. Su fronte della viabilit\u00e0, trova posto uno stanziamento di 100 mila euro (somma che dovrebbe peraltro essere raddoppiata in sede di consuntivo) per l&#8217;avvio dell&#8217;asfaltatura di alcune tra le principali strade [&hellip;]<\/p>\n","protected":false},"author":2,"featured_media":0,"comment_status":"closed","ping_status":"open","sticky":false,"template":"","format":"standard","meta":{"footnotes":""},"categories":[5,26],"tags":[],"class_list":["post-111139","post","type-post","status-publish","format-standard","category-cronaca","category-prima-pagina"],"yoast_head":"<!-- This site is optimized with the Yoast SEO plugin v28.4 - https:\/\/yoast.com\/product\/yoast-seo-wordpress\/ -->\n<title>Alpago: viabilit\u00e0 ed edifici scolastici in primo piano nel bilancio di previsione - Bellunopress - Dolomiti<\/title>\n<meta name=\"robots\" content=\"index, follow, max-snippet:-1, max-image-preview:large, max-video-preview:-1\" \/>\n<link rel=\"canonical\" href=\"https:\/\/www.bellunopress.it\/fr\/2020\/01\/11\/alpago-viabilita-ed-edifici-scolastici-in-primo-piano-nel-bilancio-di-previsione\/\" \/>\n<meta property=\"og:locale\" content=\"fr_FR\" \/>\n<meta property=\"og:type\" content=\"article\" \/>\n<meta property=\"og:title\" content=\"Alpago: viabilit\u00e0 ed edifici scolastici in primo piano nel bilancio di previsione - Bellunopress - Dolomiti\" \/>\n<meta property=\"og:description\" content=\"Un capitolo importante del bilancio previsione approvato dal consiglio comunale di Alpago qualche giorno fa riguarda i lavori pubblici in programma nei prossimi mesi. Su fronte della viabilit\u00e0, trova posto uno stanziamento di 100 mila euro (somma che dovrebbe peraltro essere raddoppiata in sede di consuntivo) per l&#8217;avvio dell&#8217;asfaltatura di alcune tra le principali strade [&hellip;]\" \/>\n<meta property=\"og:url\" content=\"https:\/\/www.bellunopress.it\/fr\/2020\/01\/11\/alpago-viabilita-ed-edifici-scolastici-in-primo-piano-nel-bilancio-di-previsione\/\" \/>\n<meta property=\"og:site_name\" content=\"Bellunopress - Dolomiti\" \/>\n<meta property=\"article:publisher\" content=\"https:\/\/www.facebook.com\/profile.php?id=100008943462799\" \/>\n<meta property=\"article:published_time\" content=\"2020-01-11T16:23:00+00:00\" \/>\n<meta property=\"article:modified_time\" content=\"2020-01-11T16:23:01+00:00\" \/>\n<meta property=\"og:image\" content=\"http:\/\/www.bellunopress.it\/wp-content\/uploads\/2020\/01\/Floriano-De-Pra.jpg\" \/>\n<meta name=\"author\" content=\"redazione\" \/>\n<meta name=\"twitter:card\" content=\"summary_large_image\" \/>\n<meta name=\"twitter:creator\" content=\"@bellunopress\" \/>\n<meta name=\"twitter:site\" content=\"@bellunopress\" \/>\n<meta name=\"twitter:label1\" content=\"\u00c9crit par\" \/>\n\t<meta name=\"twitter:data1\" content=\"redazione\" \/>\n\t<meta name=\"twitter:label2\" content=\"Dur\u00e9e de lecture estim\u00e9e\" \/>\n\t<meta name=\"twitter:data2\" content=\"2 minutes\" \/>\n<script type=\"application\/ld+json\" class=\"yoast-schema-graph\">{\"@context\":\"https:\\\/\\\/schema.org\",\"@graph\":[{\"@type\":\"Article\",\"@id\":\"https:\\\/\\\/www.bellunopress.it\\\/2020\\\/01\\\/11\\\/alpago-viabilita-ed-edifici-scolastici-in-primo-piano-nel-bilancio-di-previsione\\\/#article\",\"isPartOf\":{\"@id\":\"https:\\\/\\\/www.bellunopress.it\\\/2020\\\/01\\\/11\\\/alpago-viabilita-ed-edifici-scolastici-in-primo-piano-nel-bilancio-di-previsione\\\/\"},\"author\":{\"name\":\"redazione\",\"@id\":\"https:\\\/\\\/www.bellunopress.it\\\/#\\\/schema\\\/person\\\/79bb06722b37ece1c03d3e94beb30d73\"},\"headline\":\"Alpago: viabilit\u00e0 ed edifici scolastici in primo piano nel bilancio di previsione\",\"datePublished\":\"2020-01-11T16:23:00+00:00\",\"dateModified\":\"2020-01-11T16:23:01+00:00\",\"mainEntityOfPage\":{\"@id\":\"https:\\\/\\\/www.bellunopress.it\\\/2020\\\/01\\\/11\\\/alpago-viabilita-ed-edifici-scolastici-in-primo-piano-nel-bilancio-di-previsione\\\/\"},\"wordCount\":453,\"publisher\":{\"@id\":\"https:\\\/\\\/www.bellunopress.it\\\/#organization\"},\"image\":{\"@id\":\"https:\\\/\\\/www.bellunopress.it\\\/2020\\\/01\\\/11\\\/alpago-viabilita-ed-edifici-scolastici-in-primo-piano-nel-bilancio-di-previsione\\\/#primaryimage\"},\"thumbnailUrl\":\"http:\\\/\\\/www.bellunopress.it\\\/wp-content\\\/uploads\\\/2020\\\/01\\\/Floriano-De-Pra.jpg\",\"articleSection\":[\"Cronaca\\\/Politica\",\"Prima Pagina\"],\"inLanguage\":\"fr-FR\"},{\"@type\":\"WebPage\",\"@id\":\"https:\\\/\\\/www.bellunopress.it\\\/2020\\\/01\\\/11\\\/alpago-viabilita-ed-edifici-scolastici-in-primo-piano-nel-bilancio-di-previsione\\\/\",\"url\":\"https:\\\/\\\/www.bellunopress.it\\\/2020\\\/01\\\/11\\\/alpago-viabilita-ed-edifici-scolastici-in-primo-piano-nel-bilancio-di-previsione\\\/\",\"name\":\"Alpago: viabilit\u00e0 ed edifici scolastici in primo piano nel bilancio di previsione - Bellunopress - Dolomiti\",\"isPartOf\":{\"@id\":\"https:\\\/\\\/www.bellunopress.it\\\/#website\"},\"primaryImageOfPage\":{\"@id\":\"https:\\\/\\\/www.bellunopress.it\\\/2020\\\/01\\\/11\\\/alpago-viabilita-ed-edifici-scolastici-in-primo-piano-nel-bilancio-di-previsione\\\/#primaryimage\"},\"image\":{\"@id\":\"https:\\\/\\\/www.bellunopress.it\\\/2020\\\/01\\\/11\\\/alpago-viabilita-ed-edifici-scolastici-in-primo-piano-nel-bilancio-di-previsione\\\/#primaryimage\"},\"thumbnailUrl\":\"http:\\\/\\\/www.bellunopress.it\\\/wp-content\\\/uploads\\\/2020\\\/01\\\/Floriano-De-Pra.jpg\",\"datePublished\":\"2020-01-11T16:23:00+00:00\",\"dateModified\":\"2020-01-11T16:23:01+00:00\",\"breadcrumb\":{\"@id\":\"https:\\\/\\\/www.bellunopress.it\\\/2020\\\/01\\\/11\\\/alpago-viabilita-ed-edifici-scolastici-in-primo-piano-nel-bilancio-di-previsione\\\/#breadcrumb\"},\"inLanguage\":\"fr-FR\",\"potentialAction\":[{\"@type\":\"ReadAction\",\"target\":[\"https:\\\/\\\/www.bellunopress.it\\\/2020\\\/01\\\/11\\\/alpago-viabilita-ed-edifici-scolastici-in-primo-piano-nel-bilancio-di-previsione\\\/\"]}]},{\"@type\":\"ImageObject\",\"inLanguage\":\"fr-FR\",\"@id\":\"https:\\\/\\\/www.bellunopress.it\\\/2020\\\/01\\\/11\\\/alpago-viabilita-ed-edifici-scolastici-in-primo-piano-nel-bilancio-di-previsione\\\/#primaryimage\",\"url\":\"http:\\\/\\\/www.bellunopress.it\\\/wp-content\\\/uploads\\\/2020\\\/01\\\/Floriano-De-Pra.jpg\",\"contentUrl\":\"http:\\\/\\\/www.bellunopress.it\\\/wp-content\\\/uploads\\\/2020\\\/01\\\/Floriano-De-Pra.jpg\"},{\"@type\":\"BreadcrumbList\",\"@id\":\"https:\\\/\\\/www.bellunopress.it\\\/2020\\\/01\\\/11\\\/alpago-viabilita-ed-edifici-scolastici-in-primo-piano-nel-bilancio-di-previsione\\\/#breadcrumb\",\"itemListElement\":[{\"@type\":\"ListItem\",\"position\":1,\"name\":\"Home\",\"item\":\"https:\\\/\\\/www.bellunopress.it\\\/\"},{\"@type\":\"ListItem\",\"position\":2,\"name\":\"Alpago: viabilit\u00e0 ed edifici scolastici in primo piano nel bilancio di previsione\"}]},{\"@type\":\"WebSite\",\"@id\":\"https:\\\/\\\/www.bellunopress.it\\\/#website\",\"url\":\"https:\\\/\\\/www.bellunopress.it\\\/\",\"name\":\"Bellunopress - Dolomiti\",\"description\":\"e-mail: redazione@bellunopress.it\",\"publisher\":{\"@id\":\"https:\\\/\\\/www.bellunopress.it\\\/#organization\"},\"potentialAction\":[{\"@type\":\"SearchAction\",\"target\":{\"@type\":\"EntryPoint\",\"urlTemplate\":\"https:\\\/\\\/www.bellunopress.it\\\/?s={search_term_string}\"},\"query-input\":{\"@type\":\"PropertyValueSpecification\",\"valueRequired\":true,\"valueName\":\"search_term_string\"}}],\"inLanguage\":\"fr-FR\"},{\"@type\":\"Organization\",\"@id\":\"https:\\\/\\\/www.bellunopress.it\\\/#organization\",\"name\":\"Bellunopress\",\"url\":\"https:\\\/\\\/www.bellunopress.it\\\/\",\"logo\":{\"@type\":\"ImageObject\",\"inLanguage\":\"fr-FR\",\"@id\":\"https:\\\/\\\/www.bellunopress.it\\\/#\\\/schema\\\/logo\\\/image\\\/\",\"url\":\"https:\\\/\\\/www.bellunopress.it\\\/wp-content\\\/uploads\\\/2011\\\/05\\\/cropped-logo-bellunopress-.jpg\",\"contentUrl\":\"https:\\\/\\\/www.bellunopress.it\\\/wp-content\\\/uploads\\\/2011\\\/05\\\/cropped-logo-bellunopress-.jpg\",\"width\":512,\"height\":512,\"caption\":\"Bellunopress\"},\"image\":{\"@id\":\"https:\\\/\\\/www.bellunopress.it\\\/#\\\/schema\\\/logo\\\/image\\\/\"},\"sameAs\":[\"https:\\\/\\\/www.facebook.com\\\/profile.php?id=100008943462799\",\"https:\\\/\\\/x.com\\\/bellunopress\",\"https:\\\/\\\/www.linkedin.com\\\/hp\\\/?dnr=JBzUWaJfMUw8vbXJJ2tVW5-I3jZKvC4wsoxE&amp;amp;amp;amp;amp;amp;trk=nav_responsive_tab_home\",\"https:\\\/\\\/www.youtube.com\\\/channel\\\/UCxL0wu1uN0_3_7hGG0306cw\"]},{\"@type\":\"Person\",\"@id\":\"https:\\\/\\\/www.bellunopress.it\\\/#\\\/schema\\\/person\\\/79bb06722b37ece1c03d3e94beb30d73\",\"name\":\"redazione\",\"image\":{\"@type\":\"ImageObject\",\"inLanguage\":\"fr-FR\",\"@id\":\"https:\\\/\\\/secure.gravatar.com\\\/avatar\\\/37d968a2e67a6fd04c169c4bdef102d0bc5d31b2546345219e348575eb80e9a0?s=96&d=mm&r=g\",\"url\":\"https:\\\/\\\/secure.gravatar.com\\\/avatar\\\/37d968a2e67a6fd04c169c4bdef102d0bc5d31b2546345219e348575eb80e9a0?s=96&d=mm&r=g\",\"contentUrl\":\"https:\\\/\\\/secure.gravatar.com\\\/avatar\\\/37d968a2e67a6fd04c169c4bdef102d0bc5d31b2546345219e348575eb80e9a0?s=96&d=mm&r=g\",\"caption\":\"redazione\"},\"sameAs\":[\"http:\\\/\\\/www.bellunopress.it\",\"https:\\\/\\\/x.com\\\/bellunopress\"],\"url\":\"https:\\\/\\\/www.bellunopress.it\\\/fr\\\/author\\\/redazione\\\/\"}]}<\/script>\n<!-- \/ Yoast SEO plugin. -->","yoast_head_json":{"title":"Alpago: viabilit\u00e0 ed edifici scolastici in primo piano nel bilancio di previsione - Bellunopress - Dolomiti","robots":{"index":"index","follow":"follow","max-snippet":"max-snippet:-1","max-image-preview":"max-image-preview:large","max-video-preview":"max-video-preview:-1"},"canonical":"https:\/\/www.bellunopress.it\/fr\/2020\/01\/11\/alpago-viabilita-ed-edifici-scolastici-in-primo-piano-nel-bilancio-di-previsione\/","og_locale":"fr_FR","og_type":"article","og_title":"Alpago: viabilit\u00e0 ed edifici scolastici in primo piano nel bilancio di previsione - Bellunopress - Dolomiti","og_description":"Un capitolo importante del bilancio previsione approvato dal consiglio comunale di Alpago qualche giorno fa riguarda i lavori pubblici in programma nei prossimi mesi. Su fronte della viabilit\u00e0, trova posto uno stanziamento di 100 mila euro (somma che dovrebbe peraltro essere raddoppiata in sede di consuntivo) per l&#8217;avvio dell&#8217;asfaltatura di alcune tra le principali strade [&hellip;]","og_url":"https:\/\/www.bellunopress.it\/fr\/2020\/01\/11\/alpago-viabilita-ed-edifici-scolastici-in-primo-piano-nel-bilancio-di-previsione\/","og_site_name":"Bellunopress - Dolomiti","article_publisher":"https:\/\/www.facebook.com\/profile.php?id=100008943462799","article_published_time":"2020-01-11T16:23:00+00:00","article_modified_time":"2020-01-11T16:23:01+00:00","og_image":[{"url":"http:\/\/www.bellunopress.it\/wp-content\/uploads\/2020\/01\/Floriano-De-Pra.jpg","type":"","width":"","height":""}],"author":"redazione","twitter_card":"summary_large_image","twitter_creator":"@bellunopress","twitter_site":"@bellunopress","twitter_misc":{"\u00c9crit par":"redazione","Dur\u00e9e de lecture estim\u00e9e":"2 minutes"},"schema":{"@context":"https:\/\/schema.org","@graph":[{"@type":"Article","@id":"https:\/\/www.bellunopress.it\/2020\/01\/11\/alpago-viabilita-ed-edifici-scolastici-in-primo-piano-nel-bilancio-di-previsione\/#article","isPartOf":{"@id":"https:\/\/www.bellunopress.it\/2020\/01\/11\/alpago-viabilita-ed-edifici-scolastici-in-primo-piano-nel-bilancio-di-previsione\/"},"author":{"name":"redazione","@id":"https:\/\/www.bellunopress.it\/#\/schema\/person\/79bb06722b37ece1c03d3e94beb30d73"},"headline":"Alpago: viabilit\u00e0 ed edifici scolastici in primo piano nel bilancio di previsione","datePublished":"2020-01-11T16:23:00+00:00","dateModified":"2020-01-11T16:23:01+00:00","mainEntityOfPage":{"@id":"https:\/\/www.bellunopress.it\/2020\/01\/11\/alpago-viabilita-ed-edifici-scolastici-in-primo-piano-nel-bilancio-di-previsione\/"},"wordCount":453,"publisher":{"@id":"https:\/\/www.bellunopress.it\/#organization"},"image":{"@id":"https:\/\/www.bellunopress.it\/2020\/01\/11\/alpago-viabilita-ed-edifici-scolastici-in-primo-piano-nel-bilancio-di-previsione\/#primaryimage"},"thumbnailUrl":"http:\/\/www.bellunopress.it\/wp-content\/uploads\/2020\/01\/Floriano-De-Pra.jpg","articleSection":["Cronaca\/Politica","Prima Pagina"],"inLanguage":"fr-FR"},{"@type":"WebPage","@id":"https:\/\/www.bellunopress.it\/2020\/01\/11\/alpago-viabilita-ed-edifici-scolastici-in-primo-piano-nel-bilancio-di-previsione\/","url":"https:\/\/www.bellunopress.it\/2020\/01\/11\/alpago-viabilita-ed-edifici-scolastici-in-primo-piano-nel-bilancio-di-previsione\/","name":"Alpago: viabilit\u00e0 ed edifici scolastici in primo piano nel bilancio di previsione - Bellunopress - Dolomiti","isPartOf":{"@id":"https:\/\/www.bellunopress.it\/#website"},"primaryImageOfPage":{"@id":"https:\/\/www.bellunopress.it\/2020\/01\/11\/alpago-viabilita-ed-edifici-scolastici-in-primo-piano-nel-bilancio-di-previsione\/#primaryimage"},"image":{"@id":"https:\/\/www.bellunopress.it\/2020\/01\/11\/alpago-viabilita-ed-edifici-scolastici-in-primo-piano-nel-bilancio-di-previsione\/#primaryimage"},"thumbnailUrl":"http:\/\/www.bellunopress.it\/wp-content\/uploads\/2020\/01\/Floriano-De-Pra.jpg","datePublished":"2020-01-11T16:23:00+00:00","dateModified":"2020-01-11T16:23:01+00:00","breadcrumb":{"@id":"https:\/\/www.bellunopress.it\/2020\/01\/11\/alpago-viabilita-ed-edifici-scolastici-in-primo-piano-nel-bilancio-di-previsione\/#breadcrumb"},"inLanguage":"fr-FR","potentialAction":[{"@type":"ReadAction","target":["https:\/\/www.bellunopress.it\/2020\/01\/11\/alpago-viabilita-ed-edifici-scolastici-in-primo-piano-nel-bilancio-di-previsione\/"]}]},{"@type":"ImageObject","inLanguage":"fr-FR","@id":"https:\/\/www.bellunopress.it\/2020\/01\/11\/alpago-viabilita-ed-edifici-scolastici-in-primo-piano-nel-bilancio-di-previsione\/#primaryimage","url":"http:\/\/www.bellunopress.it\/wp-content\/uploads\/2020\/01\/Floriano-De-Pra.jpg","contentUrl":"http:\/\/www.bellunopress.it\/wp-content\/uploads\/2020\/01\/Floriano-De-Pra.jpg"},{"@type":"BreadcrumbList","@id":"https:\/\/www.bellunopress.it\/2020\/01\/11\/alpago-viabilita-ed-edifici-scolastici-in-primo-piano-nel-bilancio-di-previsione\/#breadcrumb","itemListElement":[{"@type":"ListItem","position":1,"name":"Home","item":"https:\/\/www.bellunopress.it\/"},{"@type":"ListItem","position":2,"name":"Alpago: viabilit\u00e0 ed edifici scolastici in primo piano nel bilancio di previsione"}]},{"@type":"WebSite","@id":"https:\/\/www.bellunopress.it\/#website","url":"https:\/\/www.bellunopress.it\/","name":"Bellunopress - Dolomiti","description":"e-mail: redazione@bellunopress.it","publisher":{"@id":"https:\/\/www.bellunopress.it\/#organization"},"potentialAction":[{"@type":"SearchAction","target":{"@type":"EntryPoint","urlTemplate":"https:\/\/www.bellunopress.it\/?s={search_term_string}"},"query-input":{"@type":"PropertyValueSpecification","valueRequired":true,"valueName":"search_term_string"}}],"inLanguage":"fr-FR"},{"@type":"Organization","@id":"https:\/\/www.bellunopress.it\/#organization","name":"Bellunopress","url":"https:\/\/www.bellunopress.it\/","logo":{"@type":"ImageObject","inLanguage":"fr-FR","@id":"https:\/\/www.bellunopress.it\/#\/schema\/logo\/image\/","url":"https:\/\/www.bellunopress.it\/wp-content\/uploads\/2011\/05\/cropped-logo-bellunopress-.jpg","contentUrl":"https:\/\/www.bellunopress.it\/wp-content\/uploads\/2011\/05\/cropped-logo-bellunopress-.jpg","width":512,"height":512,"caption":"Bellunopress"},"image":{"@id":"https:\/\/www.bellunopress.it\/#\/schema\/logo\/image\/"},"sameAs":["https:\/\/www.facebook.com\/profile.php?id=100008943462799","https:\/\/x.com\/bellunopress","https:\/\/www.linkedin.com\/hp\/?dnr=JBzUWaJfMUw8vbXJJ2tVW5-I3jZKvC4wsoxE&amp;amp;amp;amp;amp;amp;trk=nav_responsive_tab_home","https:\/\/www.youtube.com\/channel\/UCxL0wu1uN0_3_7hGG0306cw"]},{"@type":"Person","@id":"https:\/\/www.bellunopress.it\/#\/schema\/person\/79bb06722b37ece1c03d3e94beb30d73","name":"r\u00e9daction","image":{"@type":"ImageObject","inLanguage":"fr-FR","@id":"https:\/\/secure.gravatar.com\/avatar\/37d968a2e67a6fd04c169c4bdef102d0bc5d31b2546345219e348575eb80e9a0?s=96&d=mm&r=g","url":"https:\/\/secure.gravatar.com\/avatar\/37d968a2e67a6fd04c169c4bdef102d0bc5d31b2546345219e348575eb80e9a0?s=96&d=mm&r=g","contentUrl":"https:\/\/secure.gravatar.com\/avatar\/37d968a2e67a6fd04c169c4bdef102d0bc5d31b2546345219e348575eb80e9a0?s=96&d=mm&r=g","caption":"redazione"},"sameAs":["http:\/\/www.bellunopress.it","https:\/\/x.com\/bellunopress"],"url":"https:\/\/www.bellunopress.it\/fr\/author\/redazione\/"}]}},"_links":{"self":[{"href":"https:\/\/www.bellunopress.it\/fr\/wp-json\/wp\/v2\/posts\/111139","targetHints":{"allow":["GET"]}}],"collection":[{"href":"https:\/\/www.bellunopress.it\/fr\/wp-json\/wp\/v2\/posts"}],"about":[{"href":"https:\/\/www.bellunopress.it\/fr\/wp-json\/wp\/v2\/types\/post"}],"author":[{"embeddable":true,"href":"https:\/\/www.bellunopress.it\/fr\/wp-json\/wp\/v2\/users\/2"}],"replies":[{"embeddable":true,"href":"https:\/\/www.bellunopress.it\/fr\/wp-json\/wp\/v2\/comments?post=111139"}],"version-history":[{"count":2,"href":"https:\/\/www.bellunopress.it\/fr\/wp-json\/wp\/v2\/posts\/111139\/revisions"}],"predecessor-version":[{"id":111142,"href":"https:\/\/www.bellunopress.it\/fr\/wp-json\/wp\/v2\/posts\/111139\/revisions\/111142"}],"wp:attachment":[{"href":"https:\/\/www.bellunopress.it\/fr\/wp-json\/wp\/v2\/media?parent=111139"}],"wp:term":[{"taxonomy":"category","embeddable":true,"href":"https:\/\/www.bellunopress.it\/fr\/wp-json\/wp\/v2\/categories?post=111139"},{"taxonomy":"post_tag","embeddable":true,"href":"https:\/\/www.bellunopress.it\/fr\/wp-json\/wp\/v2\/tags?post=111139"}],"curies":[{"name":"wp","href":"https:\/\/api.w.org\/{rel}","templated":true}]}}