{"id":111135,"date":"2020-01-11T17:00:57","date_gmt":"2020-01-11T16:00:57","guid":{"rendered":"http:\/\/www.bellunopress.it\/?p=111135"},"modified":"2020-01-11T17:00:57","modified_gmt":"2020-01-11T16:00:57","slug":"belluno-riaperta-via-miari-terminati-i-lavori-per-9mila-euro","status":"publish","type":"post","link":"https:\/\/www.bellunopress.it\/fr\/2020\/01\/11\/belluno-riaperta-via-miari-terminati-i-lavori-per-9mila-euro\/","title":{"rendered":"Belluno. Riaperta Via Miari, terminati i\u00a0lavori per 9mila euro"},"content":{"rendered":"<figure id=\"attachment_87547\" aria-describedby=\"caption-attachment-87547\" style=\"width: 151px\" class=\"wp-caption alignleft\"><a href=\"http:\/\/www.bellunopress.it\/fr\/2017\/07\/08\/ecco-la-nuova-giunta-di-belluno\/biagio-giannone-2\/\" rel=\"attachment wp-att-87547\"><img loading=\"lazy\" decoding=\"async\" class=\"size-full wp-image-87547\" src=\"http:\/\/www.bellunopress.it\/wp-content\/uploads\/2017\/07\/biagio-giannone.jpg\" alt=\"\" width=\"151\" height=\"200\" \/><\/a><figcaption id=\"caption-attachment-87547\" class=\"wp-caption-text\">Biagio Giannone, assessore<\/figcaption><\/figure>\n<p>\u00c8 stata riaperta nella serata di ieri, venerd\u00ec 10 gennaio, Via Miari, chiusa dall&#8217;ultima ondata di maltempo dello scorso novembre. Per i lavori eseguiti la spesa \u00e8 stata di poco superiore ai 9mila euro.<\/p>\n<p>\u00ab\u00c8 stato necessario rimuovere dal versante tutto il materiale smosso dalla frana superficiale, &#8211; spiega l&#8217;assessore ai lavori pubblici, Biagio Giannone \u2013 per poi passare alla rimozione dei detriti che occupavano la carreggiata e sostituire la rete paramassi, piegata dal peso di rami, fango e sassi scesi a valle. Una volta ultimate queste operazioni, infine, si \u00e8 potuta effettuare la necessaria verifica della sicurezza e della tenuta del versante\u00bb.<\/p>\n<p>\u00abVia Miari resta una parte importante della viabilit\u00e0 cittadina, sulla quale teniamo un occhio costante, soprattutto in questo periodo in cui gli eventi meteorologici si fanno pi\u00f9 frequenti e intensi. &#8211; conclude Giannone \u2013 Fortunatamente, la presenza del ponte bailey, per la cui sostituzione e stabilizzazione stiamo lavorando, e del traforo di Col Cavalier ci consentono di poter superare con disagi limitati anche situazioni come questa\u00bb.<\/p>","protected":false},"excerpt":{"rendered":"<p>\u00c8 stata riaperta nella serata di ieri, venerd\u00ec 10 gennaio, Via Miari, chiusa dall&#8217;ultima ondata di maltempo dello scorso novembre. Per i lavori eseguiti la spesa \u00e8 stata di poco superiore ai 9mila euro. \u00ab\u00c8 stato necessario rimuovere dal versante tutto il materiale smosso dalla frana superficiale, &#8211; spiega l&#8217;assessore ai lavori pubblici, Biagio Giannone [&hellip;]<\/p>\n","protected":false},"author":2,"featured_media":0,"comment_status":"closed","ping_status":"open","sticky":false,"template":"","format":"standard","meta":{"footnotes":""},"categories":[5,26],"tags":[],"class_list":["post-111135","post","type-post","status-publish","format-standard","category-cronaca","category-prima-pagina"],"yoast_head":"<!-- This site is optimized with the Yoast SEO plugin v28.4 - https:\/\/yoast.com\/product\/yoast-seo-wordpress\/ -->\n<title>Belluno. Riaperta Via Miari, terminati i\u00a0lavori per 9mila euro - Bellunopress - Dolomiti<\/title>\n<meta name=\"robots\" content=\"index, follow, max-snippet:-1, max-image-preview:large, max-video-preview:-1\" \/>\n<link rel=\"canonical\" href=\"https:\/\/www.bellunopress.it\/fr\/2020\/01\/11\/belluno-riaperta-via-miari-terminati-i-lavori-per-9mila-euro\/\" \/>\n<meta property=\"og:locale\" content=\"fr_FR\" \/>\n<meta property=\"og:type\" content=\"article\" \/>\n<meta property=\"og:title\" content=\"Belluno. Riaperta Via Miari, terminati i\u00a0lavori per 9mila euro - Bellunopress - Dolomiti\" \/>\n<meta property=\"og:description\" content=\"\u00c8 stata riaperta nella serata di ieri, venerd\u00ec 10 gennaio, Via Miari, chiusa dall&#8217;ultima ondata di maltempo dello scorso novembre. Per i lavori eseguiti la spesa \u00e8 stata di poco superiore ai 9mila euro. \u00ab\u00c8 stato necessario rimuovere dal versante tutto il materiale smosso dalla frana superficiale, &#8211; spiega l&#8217;assessore ai lavori pubblici, Biagio Giannone [&hellip;]\" \/>\n<meta property=\"og:url\" content=\"https:\/\/www.bellunopress.it\/fr\/2020\/01\/11\/belluno-riaperta-via-miari-terminati-i-lavori-per-9mila-euro\/\" \/>\n<meta property=\"og:site_name\" content=\"Bellunopress - Dolomiti\" \/>\n<meta property=\"article:publisher\" content=\"https:\/\/www.facebook.com\/profile.php?id=100008943462799\" \/>\n<meta property=\"article:published_time\" content=\"2020-01-11T16:00:57+00:00\" \/>\n<meta property=\"og:image\" content=\"http:\/\/www.bellunopress.it\/wp-content\/uploads\/2017\/07\/biagio-giannone.jpg\" \/>\n<meta name=\"author\" content=\"redazione\" \/>\n<meta name=\"twitter:card\" content=\"summary_large_image\" \/>\n<meta name=\"twitter:creator\" content=\"@bellunopress\" \/>\n<meta name=\"twitter:site\" content=\"@bellunopress\" \/>\n<meta name=\"twitter:label1\" content=\"\u00c9crit par\" \/>\n\t<meta name=\"twitter:data1\" content=\"redazione\" \/>\n\t<meta name=\"twitter:label2\" content=\"Dur\u00e9e de lecture estim\u00e9e\" \/>\n\t<meta name=\"twitter:data2\" content=\"1 minute\" \/>\n<script type=\"application\/ld+json\" class=\"yoast-schema-graph\">{\"@context\":\"https:\\\/\\\/schema.org\",\"@graph\":[{\"@type\":\"Article\",\"@id\":\"https:\\\/\\\/www.bellunopress.it\\\/2020\\\/01\\\/11\\\/belluno-riaperta-via-miari-terminati-i-lavori-per-9mila-euro\\\/#article\",\"isPartOf\":{\"@id\":\"https:\\\/\\\/www.bellunopress.it\\\/2020\\\/01\\\/11\\\/belluno-riaperta-via-miari-terminati-i-lavori-per-9mila-euro\\\/\"},\"author\":{\"name\":\"redazione\",\"@id\":\"https:\\\/\\\/www.bellunopress.it\\\/#\\\/schema\\\/person\\\/79bb06722b37ece1c03d3e94beb30d73\"},\"headline\":\"Belluno. Riaperta Via Miari, terminati i\u00a0lavori per 9mila euro\",\"datePublished\":\"2020-01-11T16:00:57+00:00\",\"mainEntityOfPage\":{\"@id\":\"https:\\\/\\\/www.bellunopress.it\\\/2020\\\/01\\\/11\\\/belluno-riaperta-via-miari-terminati-i-lavori-per-9mila-euro\\\/\"},\"wordCount\":184,\"publisher\":{\"@id\":\"https:\\\/\\\/www.bellunopress.it\\\/#organization\"},\"image\":{\"@id\":\"https:\\\/\\\/www.bellunopress.it\\\/2020\\\/01\\\/11\\\/belluno-riaperta-via-miari-terminati-i-lavori-per-9mila-euro\\\/#primaryimage\"},\"thumbnailUrl\":\"http:\\\/\\\/www.bellunopress.it\\\/wp-content\\\/uploads\\\/2017\\\/07\\\/biagio-giannone.jpg\",\"articleSection\":[\"Cronaca\\\/Politica\",\"Prima Pagina\"],\"inLanguage\":\"fr-FR\"},{\"@type\":\"WebPage\",\"@id\":\"https:\\\/\\\/www.bellunopress.it\\\/2020\\\/01\\\/11\\\/belluno-riaperta-via-miari-terminati-i-lavori-per-9mila-euro\\\/\",\"url\":\"https:\\\/\\\/www.bellunopress.it\\\/2020\\\/01\\\/11\\\/belluno-riaperta-via-miari-terminati-i-lavori-per-9mila-euro\\\/\",\"name\":\"Belluno. Riaperta Via Miari, terminati i\u00a0lavori per 9mila euro - Bellunopress - Dolomiti\",\"isPartOf\":{\"@id\":\"https:\\\/\\\/www.bellunopress.it\\\/#website\"},\"primaryImageOfPage\":{\"@id\":\"https:\\\/\\\/www.bellunopress.it\\\/2020\\\/01\\\/11\\\/belluno-riaperta-via-miari-terminati-i-lavori-per-9mila-euro\\\/#primaryimage\"},\"image\":{\"@id\":\"https:\\\/\\\/www.bellunopress.it\\\/2020\\\/01\\\/11\\\/belluno-riaperta-via-miari-terminati-i-lavori-per-9mila-euro\\\/#primaryimage\"},\"thumbnailUrl\":\"http:\\\/\\\/www.bellunopress.it\\\/wp-content\\\/uploads\\\/2017\\\/07\\\/biagio-giannone.jpg\",\"datePublished\":\"2020-01-11T16:00:57+00:00\",\"breadcrumb\":{\"@id\":\"https:\\\/\\\/www.bellunopress.it\\\/2020\\\/01\\\/11\\\/belluno-riaperta-via-miari-terminati-i-lavori-per-9mila-euro\\\/#breadcrumb\"},\"inLanguage\":\"fr-FR\",\"potentialAction\":[{\"@type\":\"ReadAction\",\"target\":[\"https:\\\/\\\/www.bellunopress.it\\\/2020\\\/01\\\/11\\\/belluno-riaperta-via-miari-terminati-i-lavori-per-9mila-euro\\\/\"]}]},{\"@type\":\"ImageObject\",\"inLanguage\":\"fr-FR\",\"@id\":\"https:\\\/\\\/www.bellunopress.it\\\/2020\\\/01\\\/11\\\/belluno-riaperta-via-miari-terminati-i-lavori-per-9mila-euro\\\/#primaryimage\",\"url\":\"http:\\\/\\\/www.bellunopress.it\\\/wp-content\\\/uploads\\\/2017\\\/07\\\/biagio-giannone.jpg\",\"contentUrl\":\"http:\\\/\\\/www.bellunopress.it\\\/wp-content\\\/uploads\\\/2017\\\/07\\\/biagio-giannone.jpg\"},{\"@type\":\"BreadcrumbList\",\"@id\":\"https:\\\/\\\/www.bellunopress.it\\\/2020\\\/01\\\/11\\\/belluno-riaperta-via-miari-terminati-i-lavori-per-9mila-euro\\\/#breadcrumb\",\"itemListElement\":[{\"@type\":\"ListItem\",\"position\":1,\"name\":\"Home\",\"item\":\"https:\\\/\\\/www.bellunopress.it\\\/\"},{\"@type\":\"ListItem\",\"position\":2,\"name\":\"Belluno. Riaperta Via Miari, terminati i\u00a0lavori per 9mila euro\"}]},{\"@type\":\"WebSite\",\"@id\":\"https:\\\/\\\/www.bellunopress.it\\\/#website\",\"url\":\"https:\\\/\\\/www.bellunopress.it\\\/\",\"name\":\"Bellunopress - Dolomiti\",\"description\":\"e-mail: redazione@bellunopress.it\",\"publisher\":{\"@id\":\"https:\\\/\\\/www.bellunopress.it\\\/#organization\"},\"potentialAction\":[{\"@type\":\"SearchAction\",\"target\":{\"@type\":\"EntryPoint\",\"urlTemplate\":\"https:\\\/\\\/www.bellunopress.it\\\/?s={search_term_string}\"},\"query-input\":{\"@type\":\"PropertyValueSpecification\",\"valueRequired\":true,\"valueName\":\"search_term_string\"}}],\"inLanguage\":\"fr-FR\"},{\"@type\":\"Organization\",\"@id\":\"https:\\\/\\\/www.bellunopress.it\\\/#organization\",\"name\":\"Bellunopress\",\"url\":\"https:\\\/\\\/www.bellunopress.it\\\/\",\"logo\":{\"@type\":\"ImageObject\",\"inLanguage\":\"fr-FR\",\"@id\":\"https:\\\/\\\/www.bellunopress.it\\\/#\\\/schema\\\/logo\\\/image\\\/\",\"url\":\"https:\\\/\\\/www.bellunopress.it\\\/wp-content\\\/uploads\\\/2011\\\/05\\\/cropped-logo-bellunopress-.jpg\",\"contentUrl\":\"https:\\\/\\\/www.bellunopress.it\\\/wp-content\\\/uploads\\\/2011\\\/05\\\/cropped-logo-bellunopress-.jpg\",\"width\":512,\"height\":512,\"caption\":\"Bellunopress\"},\"image\":{\"@id\":\"https:\\\/\\\/www.bellunopress.it\\\/#\\\/schema\\\/logo\\\/image\\\/\"},\"sameAs\":[\"https:\\\/\\\/www.facebook.com\\\/profile.php?id=100008943462799\",\"https:\\\/\\\/x.com\\\/bellunopress\",\"https:\\\/\\\/www.linkedin.com\\\/hp\\\/?dnr=JBzUWaJfMUw8vbXJJ2tVW5-I3jZKvC4wsoxE&amp;amp;amp;amp;amp;amp;trk=nav_responsive_tab_home\",\"https:\\\/\\\/www.youtube.com\\\/channel\\\/UCxL0wu1uN0_3_7hGG0306cw\"]},{\"@type\":\"Person\",\"@id\":\"https:\\\/\\\/www.bellunopress.it\\\/#\\\/schema\\\/person\\\/79bb06722b37ece1c03d3e94beb30d73\",\"name\":\"redazione\",\"image\":{\"@type\":\"ImageObject\",\"inLanguage\":\"fr-FR\",\"@id\":\"https:\\\/\\\/secure.gravatar.com\\\/avatar\\\/37d968a2e67a6fd04c169c4bdef102d0bc5d31b2546345219e348575eb80e9a0?s=96&d=mm&r=g\",\"url\":\"https:\\\/\\\/secure.gravatar.com\\\/avatar\\\/37d968a2e67a6fd04c169c4bdef102d0bc5d31b2546345219e348575eb80e9a0?s=96&d=mm&r=g\",\"contentUrl\":\"https:\\\/\\\/secure.gravatar.com\\\/avatar\\\/37d968a2e67a6fd04c169c4bdef102d0bc5d31b2546345219e348575eb80e9a0?s=96&d=mm&r=g\",\"caption\":\"redazione\"},\"sameAs\":[\"http:\\\/\\\/www.bellunopress.it\",\"https:\\\/\\\/x.com\\\/bellunopress\"],\"url\":\"https:\\\/\\\/www.bellunopress.it\\\/fr\\\/author\\\/redazione\\\/\"}]}<\/script>\n<!-- \/ Yoast SEO plugin. -->","yoast_head_json":{"title":"Belluno. Riaperta Via Miari, terminati i\u00a0lavori per 9mila euro - Bellunopress - Dolomiti","robots":{"index":"index","follow":"follow","max-snippet":"max-snippet:-1","max-image-preview":"max-image-preview:large","max-video-preview":"max-video-preview:-1"},"canonical":"https:\/\/www.bellunopress.it\/fr\/2020\/01\/11\/belluno-riaperta-via-miari-terminati-i-lavori-per-9mila-euro\/","og_locale":"fr_FR","og_type":"article","og_title":"Belluno. Riaperta Via Miari, terminati i\u00a0lavori per 9mila euro - Bellunopress - Dolomiti","og_description":"\u00c8 stata riaperta nella serata di ieri, venerd\u00ec 10 gennaio, Via Miari, chiusa dall&#8217;ultima ondata di maltempo dello scorso novembre. Per i lavori eseguiti la spesa \u00e8 stata di poco superiore ai 9mila euro. \u00ab\u00c8 stato necessario rimuovere dal versante tutto il materiale smosso dalla frana superficiale, &#8211; spiega l&#8217;assessore ai lavori pubblici, Biagio Giannone [&hellip;]","og_url":"https:\/\/www.bellunopress.it\/fr\/2020\/01\/11\/belluno-riaperta-via-miari-terminati-i-lavori-per-9mila-euro\/","og_site_name":"Bellunopress - Dolomiti","article_publisher":"https:\/\/www.facebook.com\/profile.php?id=100008943462799","article_published_time":"2020-01-11T16:00:57+00:00","og_image":[{"url":"http:\/\/www.bellunopress.it\/wp-content\/uploads\/2017\/07\/biagio-giannone.jpg","type":"","width":"","height":""}],"author":"redazione","twitter_card":"summary_large_image","twitter_creator":"@bellunopress","twitter_site":"@bellunopress","twitter_misc":{"\u00c9crit par":"redazione","Dur\u00e9e de lecture estim\u00e9e":"1 minute"},"schema":{"@context":"https:\/\/schema.org","@graph":[{"@type":"Article","@id":"https:\/\/www.bellunopress.it\/2020\/01\/11\/belluno-riaperta-via-miari-terminati-i-lavori-per-9mila-euro\/#article","isPartOf":{"@id":"https:\/\/www.bellunopress.it\/2020\/01\/11\/belluno-riaperta-via-miari-terminati-i-lavori-per-9mila-euro\/"},"author":{"name":"redazione","@id":"https:\/\/www.bellunopress.it\/#\/schema\/person\/79bb06722b37ece1c03d3e94beb30d73"},"headline":"Belluno. Riaperta Via Miari, terminati i\u00a0lavori per 9mila euro","datePublished":"2020-01-11T16:00:57+00:00","mainEntityOfPage":{"@id":"https:\/\/www.bellunopress.it\/2020\/01\/11\/belluno-riaperta-via-miari-terminati-i-lavori-per-9mila-euro\/"},"wordCount":184,"publisher":{"@id":"https:\/\/www.bellunopress.it\/#organization"},"image":{"@id":"https:\/\/www.bellunopress.it\/2020\/01\/11\/belluno-riaperta-via-miari-terminati-i-lavori-per-9mila-euro\/#primaryimage"},"thumbnailUrl":"http:\/\/www.bellunopress.it\/wp-content\/uploads\/2017\/07\/biagio-giannone.jpg","articleSection":["Cronaca\/Politica","Prima Pagina"],"inLanguage":"fr-FR"},{"@type":"WebPage","@id":"https:\/\/www.bellunopress.it\/2020\/01\/11\/belluno-riaperta-via-miari-terminati-i-lavori-per-9mila-euro\/","url":"https:\/\/www.bellunopress.it\/2020\/01\/11\/belluno-riaperta-via-miari-terminati-i-lavori-per-9mila-euro\/","name":"Belluno. Riaperta Via Miari, terminati i\u00a0lavori per 9mila euro - Bellunopress - Dolomiti","isPartOf":{"@id":"https:\/\/www.bellunopress.it\/#website"},"primaryImageOfPage":{"@id":"https:\/\/www.bellunopress.it\/2020\/01\/11\/belluno-riaperta-via-miari-terminati-i-lavori-per-9mila-euro\/#primaryimage"},"image":{"@id":"https:\/\/www.bellunopress.it\/2020\/01\/11\/belluno-riaperta-via-miari-terminati-i-lavori-per-9mila-euro\/#primaryimage"},"thumbnailUrl":"http:\/\/www.bellunopress.it\/wp-content\/uploads\/2017\/07\/biagio-giannone.jpg","datePublished":"2020-01-11T16:00:57+00:00","breadcrumb":{"@id":"https:\/\/www.bellunopress.it\/2020\/01\/11\/belluno-riaperta-via-miari-terminati-i-lavori-per-9mila-euro\/#breadcrumb"},"inLanguage":"fr-FR","potentialAction":[{"@type":"ReadAction","target":["https:\/\/www.bellunopress.it\/2020\/01\/11\/belluno-riaperta-via-miari-terminati-i-lavori-per-9mila-euro\/"]}]},{"@type":"ImageObject","inLanguage":"fr-FR","@id":"https:\/\/www.bellunopress.it\/2020\/01\/11\/belluno-riaperta-via-miari-terminati-i-lavori-per-9mila-euro\/#primaryimage","url":"http:\/\/www.bellunopress.it\/wp-content\/uploads\/2017\/07\/biagio-giannone.jpg","contentUrl":"http:\/\/www.bellunopress.it\/wp-content\/uploads\/2017\/07\/biagio-giannone.jpg"},{"@type":"BreadcrumbList","@id":"https:\/\/www.bellunopress.it\/2020\/01\/11\/belluno-riaperta-via-miari-terminati-i-lavori-per-9mila-euro\/#breadcrumb","itemListElement":[{"@type":"ListItem","position":1,"name":"Home","item":"https:\/\/www.bellunopress.it\/"},{"@type":"ListItem","position":2,"name":"Belluno. Riaperta Via Miari, terminati i\u00a0lavori per 9mila euro"}]},{"@type":"WebSite","@id":"https:\/\/www.bellunopress.it\/#website","url":"https:\/\/www.bellunopress.it\/","name":"Bellunopress - Dolomiti","description":"e-mail: redazione@bellunopress.it","publisher":{"@id":"https:\/\/www.bellunopress.it\/#organization"},"potentialAction":[{"@type":"SearchAction","target":{"@type":"EntryPoint","urlTemplate":"https:\/\/www.bellunopress.it\/?s={search_term_string}"},"query-input":{"@type":"PropertyValueSpecification","valueRequired":true,"valueName":"search_term_string"}}],"inLanguage":"fr-FR"},{"@type":"Organization","@id":"https:\/\/www.bellunopress.it\/#organization","name":"Bellunopress","url":"https:\/\/www.bellunopress.it\/","logo":{"@type":"ImageObject","inLanguage":"fr-FR","@id":"https:\/\/www.bellunopress.it\/#\/schema\/logo\/image\/","url":"https:\/\/www.bellunopress.it\/wp-content\/uploads\/2011\/05\/cropped-logo-bellunopress-.jpg","contentUrl":"https:\/\/www.bellunopress.it\/wp-content\/uploads\/2011\/05\/cropped-logo-bellunopress-.jpg","width":512,"height":512,"caption":"Bellunopress"},"image":{"@id":"https:\/\/www.bellunopress.it\/#\/schema\/logo\/image\/"},"sameAs":["https:\/\/www.facebook.com\/profile.php?id=100008943462799","https:\/\/x.com\/bellunopress","https:\/\/www.linkedin.com\/hp\/?dnr=JBzUWaJfMUw8vbXJJ2tVW5-I3jZKvC4wsoxE&amp;amp;amp;amp;amp;amp;trk=nav_responsive_tab_home","https:\/\/www.youtube.com\/channel\/UCxL0wu1uN0_3_7hGG0306cw"]},{"@type":"Person","@id":"https:\/\/www.bellunopress.it\/#\/schema\/person\/79bb06722b37ece1c03d3e94beb30d73","name":"r\u00e9daction","image":{"@type":"ImageObject","inLanguage":"fr-FR","@id":"https:\/\/secure.gravatar.com\/avatar\/37d968a2e67a6fd04c169c4bdef102d0bc5d31b2546345219e348575eb80e9a0?s=96&d=mm&r=g","url":"https:\/\/secure.gravatar.com\/avatar\/37d968a2e67a6fd04c169c4bdef102d0bc5d31b2546345219e348575eb80e9a0?s=96&d=mm&r=g","contentUrl":"https:\/\/secure.gravatar.com\/avatar\/37d968a2e67a6fd04c169c4bdef102d0bc5d31b2546345219e348575eb80e9a0?s=96&d=mm&r=g","caption":"redazione"},"sameAs":["http:\/\/www.bellunopress.it","https:\/\/x.com\/bellunopress"],"url":"https:\/\/www.bellunopress.it\/fr\/author\/redazione\/"}]}},"_links":{"self":[{"href":"https:\/\/www.bellunopress.it\/fr\/wp-json\/wp\/v2\/posts\/111135","targetHints":{"allow":["GET"]}}],"collection":[{"href":"https:\/\/www.bellunopress.it\/fr\/wp-json\/wp\/v2\/posts"}],"about":[{"href":"https:\/\/www.bellunopress.it\/fr\/wp-json\/wp\/v2\/types\/post"}],"author":[{"embeddable":true,"href":"https:\/\/www.bellunopress.it\/fr\/wp-json\/wp\/v2\/users\/2"}],"replies":[{"embeddable":true,"href":"https:\/\/www.bellunopress.it\/fr\/wp-json\/wp\/v2\/comments?post=111135"}],"version-history":[{"count":1,"href":"https:\/\/www.bellunopress.it\/fr\/wp-json\/wp\/v2\/posts\/111135\/revisions"}],"predecessor-version":[{"id":111136,"href":"https:\/\/www.bellunopress.it\/fr\/wp-json\/wp\/v2\/posts\/111135\/revisions\/111136"}],"wp:attachment":[{"href":"https:\/\/www.bellunopress.it\/fr\/wp-json\/wp\/v2\/media?parent=111135"}],"wp:term":[{"taxonomy":"category","embeddable":true,"href":"https:\/\/www.bellunopress.it\/fr\/wp-json\/wp\/v2\/categories?post=111135"},{"taxonomy":"post_tag","embeddable":true,"href":"https:\/\/www.bellunopress.it\/fr\/wp-json\/wp\/v2\/tags?post=111135"}],"curies":[{"name":"wp","href":"https:\/\/api.w.org\/{rel}","templated":true}]}}