{"id":111133,"date":"2020-01-11T13:46:21","date_gmt":"2020-01-11T12:46:21","guid":{"rendered":"http:\/\/www.bellunopress.it\/?p=111133"},"modified":"2020-01-11T13:46:21","modified_gmt":"2020-01-11T12:46:21","slug":"io-sono-la-bestia-mercoledi-la-presentazione-del-libro-di-donaera-alla-libreria-tarantola-di-belluno","status":"publish","type":"post","link":"https:\/\/www.bellunopress.it\/fr\/2020\/01\/11\/io-sono-la-bestia-mercoledi-la-presentazione-del-libro-di-donaera-alla-libreria-tarantola-di-belluno\/","title":{"rendered":"Io sono la bestia. Mercoled\u00ec la presentazione del libro di Donaera alla Libreria Tarantola di Belluno"},"content":{"rendered":"<p>Mercoled\u00ec 15 gennaio alle ore 18,30 alla Libreria Tarantola in via Psaro 13 a Belluno<br \/>\nsi terr\u00e0 la presentazione del libro &#8220;Io sono la bestia&#8221;\u00a0di Andrea Donaera.<\/p>\n<p><strong><a href=\"http:\/\/www.bellunopress.it\/fr\/2019\/12\/17\/mercoledi-alla-libreria-tarantola-di-belluno-la-presentazione-del-libro-la-porta-di-paolo-salvini\/libreria-tarantola-3\/\" rel=\"attachment wp-att-110512\"><img loading=\"lazy\" decoding=\"async\" class=\"alignleft size-full wp-image-110512\" src=\"http:\/\/www.bellunopress.it\/wp-content\/uploads\/2019\/12\/Libreria-Tarantola.jpg\" alt=\"\" width=\"300\" height=\"208\" \/><\/a>Il libro<\/strong><br \/>\nMim\u00ec \u00e8 folle di dolore: il figlio Michele, quindici anni, si \u00e8 tolto la vita. Si dice che sia colpa di Nicole, la compagna di scuola, che ha rifiutato ridendo il suo regalo, un quaderno di poesie. Mim\u00ec non \u00e8 un padre come gli altri. \u00c8 un boss della Sacra, e per quel gesto vuole vendetta: cos\u00ec prende Nicole e la rinchiude in una casa sperduta nella campagna salentina. Il guardiano della casa, Veli, rivede in Nicole la ragazza che ama: Arianna, la figlia maggiore di Mim\u00ec. Anche Arianna ama Veli. O forse lo amava, prima che la morte del fratello bruciasse tutto e tutti come un incendio. Tra Veli e Nicole fiorisce un legame fatto di racconti e silenzi, ma anche di sfida e ferocia.<br \/>\nIn una narrazione a pi\u00f9 voci, animata da una lingua che impasta prosa, poesia e musica, Io sono la bestia racconta storie d\u2019amore anomale, brutali, interrotte. Ma Andrea Donaera racconta soprattutto un destino di violenza scolpito nella pietra del linguaggio, che esplode travolgendo l\u2019innocenza di personaggi e luoghi.<\/p>\n<p>Questo libro \u00e8 per chi vorrebbe entrare in un libro, cos\u00ec da fermarsi in quelle pagine di mondo, per chi adora fare colazione con giornali, caff\u00e8 e pasticciotti, per chi ha fatto di una scopa una chitarra cantando Come as your are dei Nirvana, e per chi ricorda la prima volta che ha provato paura per qualcun altro, la scossa profondissima che gli ha tolto le parole e squarciato il cuore.<\/p>\n<p><strong>L\u2019autore<\/strong><\/p>\n<p>Andrea Donaera \u00e8 nato nel 1989 a Maglie ed \u00e8 cresciuto a Gallipoli. Nel 2019 ha pubblicato la raccolta Una Madonna che mai appare all\u2019interno del XIV Quaderno italiano di poesia contemporanea edito da Marcos y Marcos. Io sono la bestia \u00e8 il suo primo romanzo.<\/p>","protected":false},"excerpt":{"rendered":"<p>Mercoled\u00ec 15 gennaio alle ore 18,30 alla Libreria Tarantola in via Psaro 13 a Belluno si terr\u00e0 la presentazione del libro &#8220;Io sono la bestia&#8221;\u00a0di Andrea Donaera. Il libro Mim\u00ec \u00e8 folle di dolore: il figlio Michele, quindici anni, si \u00e8 tolto la vita. Si dice che sia colpa di Nicole, la compagna di scuola, [&hellip;]<\/p>\n","protected":false},"author":2,"featured_media":0,"comment_status":"closed","ping_status":"open","sticky":false,"template":"","format":"standard","meta":{"footnotes":""},"categories":[27,3,25],"tags":[],"class_list":["post-111133","post","type-post","status-publish","format-standard","category-appuntamenti","category-arte-cultura-spettacoli-scienza-archivi","category-pausa-caffe"],"yoast_head":"<!-- This site is optimized with the Yoast SEO plugin v28.4 - https:\/\/yoast.com\/product\/yoast-seo-wordpress\/ -->\n<title>Io sono la bestia. Mercoled\u00ec la presentazione del libro di Donaera alla Libreria Tarantola di Belluno - Bellunopress - Dolomiti<\/title>\n<meta name=\"robots\" content=\"index, follow, max-snippet:-1, max-image-preview:large, max-video-preview:-1\" \/>\n<link rel=\"canonical\" href=\"https:\/\/www.bellunopress.it\/fr\/2020\/01\/11\/io-sono-la-bestia-mercoledi-la-presentazione-del-libro-di-donaera-alla-libreria-tarantola-di-belluno\/\" \/>\n<meta property=\"og:locale\" content=\"fr_FR\" \/>\n<meta property=\"og:type\" content=\"article\" \/>\n<meta property=\"og:title\" content=\"Io sono la bestia. Mercoled\u00ec la presentazione del libro di Donaera alla Libreria Tarantola di Belluno - Bellunopress - Dolomiti\" \/>\n<meta property=\"og:description\" content=\"Mercoled\u00ec 15 gennaio alle ore 18,30 alla Libreria Tarantola in via Psaro 13 a Belluno si terr\u00e0 la presentazione del libro &#8220;Io sono la bestia&#8221;\u00a0di Andrea Donaera. Il libro Mim\u00ec \u00e8 folle di dolore: il figlio Michele, quindici anni, si \u00e8 tolto la vita. Si dice che sia colpa di Nicole, la compagna di scuola, [&hellip;]\" \/>\n<meta property=\"og:url\" content=\"https:\/\/www.bellunopress.it\/fr\/2020\/01\/11\/io-sono-la-bestia-mercoledi-la-presentazione-del-libro-di-donaera-alla-libreria-tarantola-di-belluno\/\" \/>\n<meta property=\"og:site_name\" content=\"Bellunopress - Dolomiti\" \/>\n<meta property=\"article:publisher\" content=\"https:\/\/www.facebook.com\/profile.php?id=100008943462799\" \/>\n<meta property=\"article:published_time\" content=\"2020-01-11T12:46:21+00:00\" \/>\n<meta property=\"og:image\" content=\"http:\/\/www.bellunopress.it\/wp-content\/uploads\/2019\/12\/Libreria-Tarantola.jpg\" \/>\n<meta name=\"author\" content=\"redazione\" \/>\n<meta name=\"twitter:card\" content=\"summary_large_image\" \/>\n<meta name=\"twitter:creator\" content=\"@bellunopress\" \/>\n<meta name=\"twitter:site\" content=\"@bellunopress\" \/>\n<meta name=\"twitter:label1\" content=\"\u00c9crit par\" \/>\n\t<meta name=\"twitter:data1\" content=\"redazione\" \/>\n\t<meta name=\"twitter:label2\" content=\"Dur\u00e9e de lecture estim\u00e9e\" \/>\n\t<meta name=\"twitter:data2\" content=\"2 minutes\" \/>\n<script type=\"application\/ld+json\" class=\"yoast-schema-graph\">{\"@context\":\"https:\\\/\\\/schema.org\",\"@graph\":[{\"@type\":\"Article\",\"@id\":\"https:\\\/\\\/www.bellunopress.it\\\/2020\\\/01\\\/11\\\/io-sono-la-bestia-mercoledi-la-presentazione-del-libro-di-donaera-alla-libreria-tarantola-di-belluno\\\/#article\",\"isPartOf\":{\"@id\":\"https:\\\/\\\/www.bellunopress.it\\\/2020\\\/01\\\/11\\\/io-sono-la-bestia-mercoledi-la-presentazione-del-libro-di-donaera-alla-libreria-tarantola-di-belluno\\\/\"},\"author\":{\"name\":\"redazione\",\"@id\":\"https:\\\/\\\/www.bellunopress.it\\\/#\\\/schema\\\/person\\\/79bb06722b37ece1c03d3e94beb30d73\"},\"headline\":\"Io sono la bestia. Mercoled\u00ec la presentazione del libro di Donaera alla Libreria Tarantola di Belluno\",\"datePublished\":\"2020-01-11T12:46:21+00:00\",\"mainEntityOfPage\":{\"@id\":\"https:\\\/\\\/www.bellunopress.it\\\/2020\\\/01\\\/11\\\/io-sono-la-bestia-mercoledi-la-presentazione-del-libro-di-donaera-alla-libreria-tarantola-di-belluno\\\/\"},\"wordCount\":329,\"publisher\":{\"@id\":\"https:\\\/\\\/www.bellunopress.it\\\/#organization\"},\"image\":{\"@id\":\"https:\\\/\\\/www.bellunopress.it\\\/2020\\\/01\\\/11\\\/io-sono-la-bestia-mercoledi-la-presentazione-del-libro-di-donaera-alla-libreria-tarantola-di-belluno\\\/#primaryimage\"},\"thumbnailUrl\":\"http:\\\/\\\/www.bellunopress.it\\\/wp-content\\\/uploads\\\/2019\\\/12\\\/Libreria-Tarantola.jpg\",\"articleSection\":[\"Appuntamenti, Eventi\",\"Arte, Cultura, Spettacoli, Scienza\",\"Pausa Caff\u00e8\"],\"inLanguage\":\"fr-FR\"},{\"@type\":\"WebPage\",\"@id\":\"https:\\\/\\\/www.bellunopress.it\\\/2020\\\/01\\\/11\\\/io-sono-la-bestia-mercoledi-la-presentazione-del-libro-di-donaera-alla-libreria-tarantola-di-belluno\\\/\",\"url\":\"https:\\\/\\\/www.bellunopress.it\\\/2020\\\/01\\\/11\\\/io-sono-la-bestia-mercoledi-la-presentazione-del-libro-di-donaera-alla-libreria-tarantola-di-belluno\\\/\",\"name\":\"Io sono la bestia. Mercoled\u00ec la presentazione del libro di Donaera alla Libreria Tarantola di Belluno - Bellunopress - Dolomiti\",\"isPartOf\":{\"@id\":\"https:\\\/\\\/www.bellunopress.it\\\/#website\"},\"primaryImageOfPage\":{\"@id\":\"https:\\\/\\\/www.bellunopress.it\\\/2020\\\/01\\\/11\\\/io-sono-la-bestia-mercoledi-la-presentazione-del-libro-di-donaera-alla-libreria-tarantola-di-belluno\\\/#primaryimage\"},\"image\":{\"@id\":\"https:\\\/\\\/www.bellunopress.it\\\/2020\\\/01\\\/11\\\/io-sono-la-bestia-mercoledi-la-presentazione-del-libro-di-donaera-alla-libreria-tarantola-di-belluno\\\/#primaryimage\"},\"thumbnailUrl\":\"http:\\\/\\\/www.bellunopress.it\\\/wp-content\\\/uploads\\\/2019\\\/12\\\/Libreria-Tarantola.jpg\",\"datePublished\":\"2020-01-11T12:46:21+00:00\",\"breadcrumb\":{\"@id\":\"https:\\\/\\\/www.bellunopress.it\\\/2020\\\/01\\\/11\\\/io-sono-la-bestia-mercoledi-la-presentazione-del-libro-di-donaera-alla-libreria-tarantola-di-belluno\\\/#breadcrumb\"},\"inLanguage\":\"fr-FR\",\"potentialAction\":[{\"@type\":\"ReadAction\",\"target\":[\"https:\\\/\\\/www.bellunopress.it\\\/2020\\\/01\\\/11\\\/io-sono-la-bestia-mercoledi-la-presentazione-del-libro-di-donaera-alla-libreria-tarantola-di-belluno\\\/\"]}]},{\"@type\":\"ImageObject\",\"inLanguage\":\"fr-FR\",\"@id\":\"https:\\\/\\\/www.bellunopress.it\\\/2020\\\/01\\\/11\\\/io-sono-la-bestia-mercoledi-la-presentazione-del-libro-di-donaera-alla-libreria-tarantola-di-belluno\\\/#primaryimage\",\"url\":\"http:\\\/\\\/www.bellunopress.it\\\/wp-content\\\/uploads\\\/2019\\\/12\\\/Libreria-Tarantola.jpg\",\"contentUrl\":\"http:\\\/\\\/www.bellunopress.it\\\/wp-content\\\/uploads\\\/2019\\\/12\\\/Libreria-Tarantola.jpg\"},{\"@type\":\"BreadcrumbList\",\"@id\":\"https:\\\/\\\/www.bellunopress.it\\\/2020\\\/01\\\/11\\\/io-sono-la-bestia-mercoledi-la-presentazione-del-libro-di-donaera-alla-libreria-tarantola-di-belluno\\\/#breadcrumb\",\"itemListElement\":[{\"@type\":\"ListItem\",\"position\":1,\"name\":\"Home\",\"item\":\"https:\\\/\\\/www.bellunopress.it\\\/\"},{\"@type\":\"ListItem\",\"position\":2,\"name\":\"Io sono la bestia. Mercoled\u00ec la presentazione del libro di Donaera alla Libreria Tarantola di Belluno\"}]},{\"@type\":\"WebSite\",\"@id\":\"https:\\\/\\\/www.bellunopress.it\\\/#website\",\"url\":\"https:\\\/\\\/www.bellunopress.it\\\/\",\"name\":\"Bellunopress - Dolomiti\",\"description\":\"e-mail: redazione@bellunopress.it\",\"publisher\":{\"@id\":\"https:\\\/\\\/www.bellunopress.it\\\/#organization\"},\"potentialAction\":[{\"@type\":\"SearchAction\",\"target\":{\"@type\":\"EntryPoint\",\"urlTemplate\":\"https:\\\/\\\/www.bellunopress.it\\\/?s={search_term_string}\"},\"query-input\":{\"@type\":\"PropertyValueSpecification\",\"valueRequired\":true,\"valueName\":\"search_term_string\"}}],\"inLanguage\":\"fr-FR\"},{\"@type\":\"Organization\",\"@id\":\"https:\\\/\\\/www.bellunopress.it\\\/#organization\",\"name\":\"Bellunopress\",\"url\":\"https:\\\/\\\/www.bellunopress.it\\\/\",\"logo\":{\"@type\":\"ImageObject\",\"inLanguage\":\"fr-FR\",\"@id\":\"https:\\\/\\\/www.bellunopress.it\\\/#\\\/schema\\\/logo\\\/image\\\/\",\"url\":\"https:\\\/\\\/www.bellunopress.it\\\/wp-content\\\/uploads\\\/2011\\\/05\\\/cropped-logo-bellunopress-.jpg\",\"contentUrl\":\"https:\\\/\\\/www.bellunopress.it\\\/wp-content\\\/uploads\\\/2011\\\/05\\\/cropped-logo-bellunopress-.jpg\",\"width\":512,\"height\":512,\"caption\":\"Bellunopress\"},\"image\":{\"@id\":\"https:\\\/\\\/www.bellunopress.it\\\/#\\\/schema\\\/logo\\\/image\\\/\"},\"sameAs\":[\"https:\\\/\\\/www.facebook.com\\\/profile.php?id=100008943462799\",\"https:\\\/\\\/x.com\\\/bellunopress\",\"https:\\\/\\\/www.linkedin.com\\\/hp\\\/?dnr=JBzUWaJfMUw8vbXJJ2tVW5-I3jZKvC4wsoxE&amp;amp;amp;amp;amp;amp;trk=nav_responsive_tab_home\",\"https:\\\/\\\/www.youtube.com\\\/channel\\\/UCxL0wu1uN0_3_7hGG0306cw\"]},{\"@type\":\"Person\",\"@id\":\"https:\\\/\\\/www.bellunopress.it\\\/#\\\/schema\\\/person\\\/79bb06722b37ece1c03d3e94beb30d73\",\"name\":\"redazione\",\"image\":{\"@type\":\"ImageObject\",\"inLanguage\":\"fr-FR\",\"@id\":\"https:\\\/\\\/secure.gravatar.com\\\/avatar\\\/37d968a2e67a6fd04c169c4bdef102d0bc5d31b2546345219e348575eb80e9a0?s=96&d=mm&r=g\",\"url\":\"https:\\\/\\\/secure.gravatar.com\\\/avatar\\\/37d968a2e67a6fd04c169c4bdef102d0bc5d31b2546345219e348575eb80e9a0?s=96&d=mm&r=g\",\"contentUrl\":\"https:\\\/\\\/secure.gravatar.com\\\/avatar\\\/37d968a2e67a6fd04c169c4bdef102d0bc5d31b2546345219e348575eb80e9a0?s=96&d=mm&r=g\",\"caption\":\"redazione\"},\"sameAs\":[\"http:\\\/\\\/www.bellunopress.it\",\"https:\\\/\\\/x.com\\\/bellunopress\"],\"url\":\"https:\\\/\\\/www.bellunopress.it\\\/fr\\\/author\\\/redazione\\\/\"}]}<\/script>\n<!-- \/ Yoast SEO plugin. -->","yoast_head_json":{"title":"Io sono la bestia. Mercoled\u00ec la presentazione del libro di Donaera alla Libreria Tarantola di Belluno - Bellunopress - Dolomiti","robots":{"index":"index","follow":"follow","max-snippet":"max-snippet:-1","max-image-preview":"max-image-preview:large","max-video-preview":"max-video-preview:-1"},"canonical":"https:\/\/www.bellunopress.it\/fr\/2020\/01\/11\/io-sono-la-bestia-mercoledi-la-presentazione-del-libro-di-donaera-alla-libreria-tarantola-di-belluno\/","og_locale":"fr_FR","og_type":"article","og_title":"Io sono la bestia. Mercoled\u00ec la presentazione del libro di Donaera alla Libreria Tarantola di Belluno - Bellunopress - Dolomiti","og_description":"Mercoled\u00ec 15 gennaio alle ore 18,30 alla Libreria Tarantola in via Psaro 13 a Belluno si terr\u00e0 la presentazione del libro &#8220;Io sono la bestia&#8221;\u00a0di Andrea Donaera. Il libro Mim\u00ec \u00e8 folle di dolore: il figlio Michele, quindici anni, si \u00e8 tolto la vita. Si dice che sia colpa di Nicole, la compagna di scuola, [&hellip;]","og_url":"https:\/\/www.bellunopress.it\/fr\/2020\/01\/11\/io-sono-la-bestia-mercoledi-la-presentazione-del-libro-di-donaera-alla-libreria-tarantola-di-belluno\/","og_site_name":"Bellunopress - Dolomiti","article_publisher":"https:\/\/www.facebook.com\/profile.php?id=100008943462799","article_published_time":"2020-01-11T12:46:21+00:00","og_image":[{"url":"http:\/\/www.bellunopress.it\/wp-content\/uploads\/2019\/12\/Libreria-Tarantola.jpg","type":"","width":"","height":""}],"author":"redazione","twitter_card":"summary_large_image","twitter_creator":"@bellunopress","twitter_site":"@bellunopress","twitter_misc":{"\u00c9crit par":"redazione","Dur\u00e9e de lecture estim\u00e9e":"2 minutes"},"schema":{"@context":"https:\/\/schema.org","@graph":[{"@type":"Article","@id":"https:\/\/www.bellunopress.it\/2020\/01\/11\/io-sono-la-bestia-mercoledi-la-presentazione-del-libro-di-donaera-alla-libreria-tarantola-di-belluno\/#article","isPartOf":{"@id":"https:\/\/www.bellunopress.it\/2020\/01\/11\/io-sono-la-bestia-mercoledi-la-presentazione-del-libro-di-donaera-alla-libreria-tarantola-di-belluno\/"},"author":{"name":"redazione","@id":"https:\/\/www.bellunopress.it\/#\/schema\/person\/79bb06722b37ece1c03d3e94beb30d73"},"headline":"Io sono la bestia. Mercoled\u00ec la presentazione del libro di Donaera alla Libreria Tarantola di Belluno","datePublished":"2020-01-11T12:46:21+00:00","mainEntityOfPage":{"@id":"https:\/\/www.bellunopress.it\/2020\/01\/11\/io-sono-la-bestia-mercoledi-la-presentazione-del-libro-di-donaera-alla-libreria-tarantola-di-belluno\/"},"wordCount":329,"publisher":{"@id":"https:\/\/www.bellunopress.it\/#organization"},"image":{"@id":"https:\/\/www.bellunopress.it\/2020\/01\/11\/io-sono-la-bestia-mercoledi-la-presentazione-del-libro-di-donaera-alla-libreria-tarantola-di-belluno\/#primaryimage"},"thumbnailUrl":"http:\/\/www.bellunopress.it\/wp-content\/uploads\/2019\/12\/Libreria-Tarantola.jpg","articleSection":["Appuntamenti, Eventi","Arte, Cultura, Spettacoli, Scienza","Pausa Caff\u00e8"],"inLanguage":"fr-FR"},{"@type":"WebPage","@id":"https:\/\/www.bellunopress.it\/2020\/01\/11\/io-sono-la-bestia-mercoledi-la-presentazione-del-libro-di-donaera-alla-libreria-tarantola-di-belluno\/","url":"https:\/\/www.bellunopress.it\/2020\/01\/11\/io-sono-la-bestia-mercoledi-la-presentazione-del-libro-di-donaera-alla-libreria-tarantola-di-belluno\/","name":"Io sono la bestia. Mercoled\u00ec la presentazione del libro di Donaera alla Libreria Tarantola di Belluno - Bellunopress - Dolomiti","isPartOf":{"@id":"https:\/\/www.bellunopress.it\/#website"},"primaryImageOfPage":{"@id":"https:\/\/www.bellunopress.it\/2020\/01\/11\/io-sono-la-bestia-mercoledi-la-presentazione-del-libro-di-donaera-alla-libreria-tarantola-di-belluno\/#primaryimage"},"image":{"@id":"https:\/\/www.bellunopress.it\/2020\/01\/11\/io-sono-la-bestia-mercoledi-la-presentazione-del-libro-di-donaera-alla-libreria-tarantola-di-belluno\/#primaryimage"},"thumbnailUrl":"http:\/\/www.bellunopress.it\/wp-content\/uploads\/2019\/12\/Libreria-Tarantola.jpg","datePublished":"2020-01-11T12:46:21+00:00","breadcrumb":{"@id":"https:\/\/www.bellunopress.it\/2020\/01\/11\/io-sono-la-bestia-mercoledi-la-presentazione-del-libro-di-donaera-alla-libreria-tarantola-di-belluno\/#breadcrumb"},"inLanguage":"fr-FR","potentialAction":[{"@type":"ReadAction","target":["https:\/\/www.bellunopress.it\/2020\/01\/11\/io-sono-la-bestia-mercoledi-la-presentazione-del-libro-di-donaera-alla-libreria-tarantola-di-belluno\/"]}]},{"@type":"ImageObject","inLanguage":"fr-FR","@id":"https:\/\/www.bellunopress.it\/2020\/01\/11\/io-sono-la-bestia-mercoledi-la-presentazione-del-libro-di-donaera-alla-libreria-tarantola-di-belluno\/#primaryimage","url":"http:\/\/www.bellunopress.it\/wp-content\/uploads\/2019\/12\/Libreria-Tarantola.jpg","contentUrl":"http:\/\/www.bellunopress.it\/wp-content\/uploads\/2019\/12\/Libreria-Tarantola.jpg"},{"@type":"BreadcrumbList","@id":"https:\/\/www.bellunopress.it\/2020\/01\/11\/io-sono-la-bestia-mercoledi-la-presentazione-del-libro-di-donaera-alla-libreria-tarantola-di-belluno\/#breadcrumb","itemListElement":[{"@type":"ListItem","position":1,"name":"Home","item":"https:\/\/www.bellunopress.it\/"},{"@type":"ListItem","position":2,"name":"Io sono la bestia. Mercoled\u00ec la presentazione del libro di Donaera alla Libreria Tarantola di Belluno"}]},{"@type":"WebSite","@id":"https:\/\/www.bellunopress.it\/#website","url":"https:\/\/www.bellunopress.it\/","name":"Bellunopress - Dolomiti","description":"e-mail: redazione@bellunopress.it","publisher":{"@id":"https:\/\/www.bellunopress.it\/#organization"},"potentialAction":[{"@type":"SearchAction","target":{"@type":"EntryPoint","urlTemplate":"https:\/\/www.bellunopress.it\/?s={search_term_string}"},"query-input":{"@type":"PropertyValueSpecification","valueRequired":true,"valueName":"search_term_string"}}],"inLanguage":"fr-FR"},{"@type":"Organization","@id":"https:\/\/www.bellunopress.it\/#organization","name":"Bellunopress","url":"https:\/\/www.bellunopress.it\/","logo":{"@type":"ImageObject","inLanguage":"fr-FR","@id":"https:\/\/www.bellunopress.it\/#\/schema\/logo\/image\/","url":"https:\/\/www.bellunopress.it\/wp-content\/uploads\/2011\/05\/cropped-logo-bellunopress-.jpg","contentUrl":"https:\/\/www.bellunopress.it\/wp-content\/uploads\/2011\/05\/cropped-logo-bellunopress-.jpg","width":512,"height":512,"caption":"Bellunopress"},"image":{"@id":"https:\/\/www.bellunopress.it\/#\/schema\/logo\/image\/"},"sameAs":["https:\/\/www.facebook.com\/profile.php?id=100008943462799","https:\/\/x.com\/bellunopress","https:\/\/www.linkedin.com\/hp\/?dnr=JBzUWaJfMUw8vbXJJ2tVW5-I3jZKvC4wsoxE&amp;amp;amp;amp;amp;amp;trk=nav_responsive_tab_home","https:\/\/www.youtube.com\/channel\/UCxL0wu1uN0_3_7hGG0306cw"]},{"@type":"Person","@id":"https:\/\/www.bellunopress.it\/#\/schema\/person\/79bb06722b37ece1c03d3e94beb30d73","name":"r\u00e9daction","image":{"@type":"ImageObject","inLanguage":"fr-FR","@id":"https:\/\/secure.gravatar.com\/avatar\/37d968a2e67a6fd04c169c4bdef102d0bc5d31b2546345219e348575eb80e9a0?s=96&d=mm&r=g","url":"https:\/\/secure.gravatar.com\/avatar\/37d968a2e67a6fd04c169c4bdef102d0bc5d31b2546345219e348575eb80e9a0?s=96&d=mm&r=g","contentUrl":"https:\/\/secure.gravatar.com\/avatar\/37d968a2e67a6fd04c169c4bdef102d0bc5d31b2546345219e348575eb80e9a0?s=96&d=mm&r=g","caption":"redazione"},"sameAs":["http:\/\/www.bellunopress.it","https:\/\/x.com\/bellunopress"],"url":"https:\/\/www.bellunopress.it\/fr\/author\/redazione\/"}]}},"_links":{"self":[{"href":"https:\/\/www.bellunopress.it\/fr\/wp-json\/wp\/v2\/posts\/111133","targetHints":{"allow":["GET"]}}],"collection":[{"href":"https:\/\/www.bellunopress.it\/fr\/wp-json\/wp\/v2\/posts"}],"about":[{"href":"https:\/\/www.bellunopress.it\/fr\/wp-json\/wp\/v2\/types\/post"}],"author":[{"embeddable":true,"href":"https:\/\/www.bellunopress.it\/fr\/wp-json\/wp\/v2\/users\/2"}],"replies":[{"embeddable":true,"href":"https:\/\/www.bellunopress.it\/fr\/wp-json\/wp\/v2\/comments?post=111133"}],"version-history":[{"count":1,"href":"https:\/\/www.bellunopress.it\/fr\/wp-json\/wp\/v2\/posts\/111133\/revisions"}],"predecessor-version":[{"id":111134,"href":"https:\/\/www.bellunopress.it\/fr\/wp-json\/wp\/v2\/posts\/111133\/revisions\/111134"}],"wp:attachment":[{"href":"https:\/\/www.bellunopress.it\/fr\/wp-json\/wp\/v2\/media?parent=111133"}],"wp:term":[{"taxonomy":"category","embeddable":true,"href":"https:\/\/www.bellunopress.it\/fr\/wp-json\/wp\/v2\/categories?post=111133"},{"taxonomy":"post_tag","embeddable":true,"href":"https:\/\/www.bellunopress.it\/fr\/wp-json\/wp\/v2\/tags?post=111133"}],"curies":[{"name":"wp","href":"https:\/\/api.w.org\/{rel}","templated":true}]}}