{"id":111131,"date":"2020-01-11T13:35:53","date_gmt":"2020-01-11T12:35:53","guid":{"rendered":"http:\/\/www.bellunopress.it\/?p=111131"},"modified":"2020-01-11T17:09:39","modified_gmt":"2020-01-11T16:09:39","slug":"ricette-false-e-detenzione-stupefacenti-denunciati-due-ampezzani","status":"publish","type":"post","link":"https:\/\/www.bellunopress.it\/fr\/2020\/01\/11\/ricette-false-e-detenzione-stupefacenti-denunciati-due-ampezzani\/","title":{"rendered":"Ricette false e detenzione stupefacenti, denunciati due ampezzani"},"content":{"rendered":"<figure id=\"attachment_93220\" aria-describedby=\"caption-attachment-93220\" style=\"width: 300px\" class=\"wp-caption alignleft\"><a href=\"http:\/\/www.bellunopress.it\/fr\/2018\/03\/03\/truffe-in-rete-identificati-dai-carabinieri-tre-specialisti-del-settore\/carabinieri-cortina\/\" rel=\"attachment wp-att-93220\"><img loading=\"lazy\" decoding=\"async\" class=\"size-full wp-image-93220\" src=\"http:\/\/www.bellunopress.it\/wp-content\/uploads\/2018\/03\/carabinieri-cortina.jpg\" alt=\"\" width=\"300\" height=\"200\" \/><\/a><figcaption id=\"caption-attachment-93220\" class=\"wp-caption-text\">Comando Stazione carabinieri di Cortina<\/figcaption><\/figure>\n<p>I carabinieri del Nucleo operativo radiomobile di Cortina, al termine delle indagini, hanno denunciato in stato di libert\u00e0 I.M. 32enne e F.DL 25enne, entrambi ampezzani per il reato di furto e uso di atto falso (ricette). La vicenda nasce dal sospetto di alcuni farmacisti di Cortina che avevano notato la richiesta frequente dei due giovani per un forte analgesico con componenti oppiacee. Dopo alcuni appostamenti presso le principali farmacie i carabinieri identificavano i due giovani che venivano trovati in possesso delle ricette segnalate. Da successivi accertamenti risultava che i due, in tempi recenti, si erano introdotti negli ambulatori di due medici del luogo durante l&#8217;orario di chiusura e si erano impossessati di diverse ricette in bianco che utilizzavano dopo averle completate con i vari timbri per presentarle in farmacia.<\/p>\n<p>Durante le perquisizioni di altre abitazioni tese a rinvenire altre ricette, nell apparamento di M.I. 25 anni e C.B. 35 anni, conviventi in Cadore, venivano rinvenuti 70 grammi circa di stupefacente marijuana posta successivamente sotto sequestro. I due sono stati denunciati per detenzione di stupefacente ex art. 73 dpr 309\/90 .<\/p>","protected":false},"excerpt":{"rendered":"<p>I carabinieri del Nucleo operativo radiomobile di Cortina, al termine delle indagini, hanno denunciato in stato di libert\u00e0 I.M. 32enne e F.DL 25enne, entrambi ampezzani per il reato di furto e uso di atto falso (ricette). La vicenda nasce dal sospetto di alcuni farmacisti di Cortina che avevano notato la richiesta frequente dei due giovani [&hellip;]<\/p>\n","protected":false},"author":2,"featured_media":0,"comment_status":"closed","ping_status":"open","sticky":false,"template":"","format":"standard","meta":{"footnotes":""},"categories":[5,26],"tags":[],"class_list":["post-111131","post","type-post","status-publish","format-standard","category-cronaca","category-prima-pagina"],"yoast_head":"<!-- This site is optimized with the Yoast SEO plugin v28.4 - https:\/\/yoast.com\/product\/yoast-seo-wordpress\/ -->\n<title>Ricette false e detenzione stupefacenti, denunciati due ampezzani - Bellunopress - Dolomiti<\/title>\n<meta name=\"robots\" content=\"index, follow, max-snippet:-1, max-image-preview:large, max-video-preview:-1\" \/>\n<link rel=\"canonical\" href=\"https:\/\/www.bellunopress.it\/fr\/2020\/01\/11\/ricette-false-e-detenzione-stupefacenti-denunciati-due-ampezzani\/\" \/>\n<meta property=\"og:locale\" content=\"fr_FR\" \/>\n<meta property=\"og:type\" content=\"article\" \/>\n<meta property=\"og:title\" content=\"Ricette false e detenzione stupefacenti, denunciati due ampezzani - Bellunopress - Dolomiti\" \/>\n<meta property=\"og:description\" content=\"I carabinieri del Nucleo operativo radiomobile di Cortina, al termine delle indagini, hanno denunciato in stato di libert\u00e0 I.M. 32enne e F.DL 25enne, entrambi ampezzani per il reato di furto e uso di atto falso (ricette). La vicenda nasce dal sospetto di alcuni farmacisti di Cortina che avevano notato la richiesta frequente dei due giovani [&hellip;]\" \/>\n<meta property=\"og:url\" content=\"https:\/\/www.bellunopress.it\/fr\/2020\/01\/11\/ricette-false-e-detenzione-stupefacenti-denunciati-due-ampezzani\/\" \/>\n<meta property=\"og:site_name\" content=\"Bellunopress - Dolomiti\" \/>\n<meta property=\"article:publisher\" content=\"https:\/\/www.facebook.com\/profile.php?id=100008943462799\" \/>\n<meta property=\"article:published_time\" content=\"2020-01-11T12:35:53+00:00\" \/>\n<meta property=\"article:modified_time\" content=\"2020-01-11T16:09:39+00:00\" \/>\n<meta property=\"og:image\" content=\"http:\/\/www.bellunopress.it\/wp-content\/uploads\/2018\/03\/carabinieri-cortina.jpg\" \/>\n<meta name=\"author\" content=\"redazione\" \/>\n<meta name=\"twitter:card\" content=\"summary_large_image\" \/>\n<meta name=\"twitter:creator\" content=\"@bellunopress\" \/>\n<meta name=\"twitter:site\" content=\"@bellunopress\" \/>\n<meta name=\"twitter:label1\" content=\"\u00c9crit par\" \/>\n\t<meta name=\"twitter:data1\" content=\"redazione\" \/>\n\t<meta name=\"twitter:label2\" content=\"Dur\u00e9e de lecture estim\u00e9e\" \/>\n\t<meta name=\"twitter:data2\" content=\"1 minute\" \/>\n<script type=\"application\/ld+json\" class=\"yoast-schema-graph\">{\"@context\":\"https:\\\/\\\/schema.org\",\"@graph\":[{\"@type\":\"Article\",\"@id\":\"https:\\\/\\\/www.bellunopress.it\\\/2020\\\/01\\\/11\\\/ricette-false-e-detenzione-stupefacenti-denunciati-due-ampezzani\\\/#article\",\"isPartOf\":{\"@id\":\"https:\\\/\\\/www.bellunopress.it\\\/2020\\\/01\\\/11\\\/ricette-false-e-detenzione-stupefacenti-denunciati-due-ampezzani\\\/\"},\"author\":{\"name\":\"redazione\",\"@id\":\"https:\\\/\\\/www.bellunopress.it\\\/#\\\/schema\\\/person\\\/79bb06722b37ece1c03d3e94beb30d73\"},\"headline\":\"Ricette false e detenzione stupefacenti, denunciati due ampezzani\",\"datePublished\":\"2020-01-11T12:35:53+00:00\",\"dateModified\":\"2020-01-11T16:09:39+00:00\",\"mainEntityOfPage\":{\"@id\":\"https:\\\/\\\/www.bellunopress.it\\\/2020\\\/01\\\/11\\\/ricette-false-e-detenzione-stupefacenti-denunciati-due-ampezzani\\\/\"},\"wordCount\":199,\"publisher\":{\"@id\":\"https:\\\/\\\/www.bellunopress.it\\\/#organization\"},\"image\":{\"@id\":\"https:\\\/\\\/www.bellunopress.it\\\/2020\\\/01\\\/11\\\/ricette-false-e-detenzione-stupefacenti-denunciati-due-ampezzani\\\/#primaryimage\"},\"thumbnailUrl\":\"http:\\\/\\\/www.bellunopress.it\\\/wp-content\\\/uploads\\\/2018\\\/03\\\/carabinieri-cortina.jpg\",\"articleSection\":[\"Cronaca\\\/Politica\",\"Prima Pagina\"],\"inLanguage\":\"fr-FR\"},{\"@type\":\"WebPage\",\"@id\":\"https:\\\/\\\/www.bellunopress.it\\\/2020\\\/01\\\/11\\\/ricette-false-e-detenzione-stupefacenti-denunciati-due-ampezzani\\\/\",\"url\":\"https:\\\/\\\/www.bellunopress.it\\\/2020\\\/01\\\/11\\\/ricette-false-e-detenzione-stupefacenti-denunciati-due-ampezzani\\\/\",\"name\":\"Ricette false e detenzione stupefacenti, denunciati due ampezzani - Bellunopress - Dolomiti\",\"isPartOf\":{\"@id\":\"https:\\\/\\\/www.bellunopress.it\\\/#website\"},\"primaryImageOfPage\":{\"@id\":\"https:\\\/\\\/www.bellunopress.it\\\/2020\\\/01\\\/11\\\/ricette-false-e-detenzione-stupefacenti-denunciati-due-ampezzani\\\/#primaryimage\"},\"image\":{\"@id\":\"https:\\\/\\\/www.bellunopress.it\\\/2020\\\/01\\\/11\\\/ricette-false-e-detenzione-stupefacenti-denunciati-due-ampezzani\\\/#primaryimage\"},\"thumbnailUrl\":\"http:\\\/\\\/www.bellunopress.it\\\/wp-content\\\/uploads\\\/2018\\\/03\\\/carabinieri-cortina.jpg\",\"datePublished\":\"2020-01-11T12:35:53+00:00\",\"dateModified\":\"2020-01-11T16:09:39+00:00\",\"breadcrumb\":{\"@id\":\"https:\\\/\\\/www.bellunopress.it\\\/2020\\\/01\\\/11\\\/ricette-false-e-detenzione-stupefacenti-denunciati-due-ampezzani\\\/#breadcrumb\"},\"inLanguage\":\"fr-FR\",\"potentialAction\":[{\"@type\":\"ReadAction\",\"target\":[\"https:\\\/\\\/www.bellunopress.it\\\/2020\\\/01\\\/11\\\/ricette-false-e-detenzione-stupefacenti-denunciati-due-ampezzani\\\/\"]}]},{\"@type\":\"ImageObject\",\"inLanguage\":\"fr-FR\",\"@id\":\"https:\\\/\\\/www.bellunopress.it\\\/2020\\\/01\\\/11\\\/ricette-false-e-detenzione-stupefacenti-denunciati-due-ampezzani\\\/#primaryimage\",\"url\":\"http:\\\/\\\/www.bellunopress.it\\\/wp-content\\\/uploads\\\/2018\\\/03\\\/carabinieri-cortina.jpg\",\"contentUrl\":\"http:\\\/\\\/www.bellunopress.it\\\/wp-content\\\/uploads\\\/2018\\\/03\\\/carabinieri-cortina.jpg\"},{\"@type\":\"BreadcrumbList\",\"@id\":\"https:\\\/\\\/www.bellunopress.it\\\/2020\\\/01\\\/11\\\/ricette-false-e-detenzione-stupefacenti-denunciati-due-ampezzani\\\/#breadcrumb\",\"itemListElement\":[{\"@type\":\"ListItem\",\"position\":1,\"name\":\"Home\",\"item\":\"https:\\\/\\\/www.bellunopress.it\\\/\"},{\"@type\":\"ListItem\",\"position\":2,\"name\":\"Ricette false e detenzione stupefacenti, denunciati due ampezzani\"}]},{\"@type\":\"WebSite\",\"@id\":\"https:\\\/\\\/www.bellunopress.it\\\/#website\",\"url\":\"https:\\\/\\\/www.bellunopress.it\\\/\",\"name\":\"Bellunopress - Dolomiti\",\"description\":\"e-mail: redazione@bellunopress.it\",\"publisher\":{\"@id\":\"https:\\\/\\\/www.bellunopress.it\\\/#organization\"},\"potentialAction\":[{\"@type\":\"SearchAction\",\"target\":{\"@type\":\"EntryPoint\",\"urlTemplate\":\"https:\\\/\\\/www.bellunopress.it\\\/?s={search_term_string}\"},\"query-input\":{\"@type\":\"PropertyValueSpecification\",\"valueRequired\":true,\"valueName\":\"search_term_string\"}}],\"inLanguage\":\"fr-FR\"},{\"@type\":\"Organization\",\"@id\":\"https:\\\/\\\/www.bellunopress.it\\\/#organization\",\"name\":\"Bellunopress\",\"url\":\"https:\\\/\\\/www.bellunopress.it\\\/\",\"logo\":{\"@type\":\"ImageObject\",\"inLanguage\":\"fr-FR\",\"@id\":\"https:\\\/\\\/www.bellunopress.it\\\/#\\\/schema\\\/logo\\\/image\\\/\",\"url\":\"https:\\\/\\\/www.bellunopress.it\\\/wp-content\\\/uploads\\\/2011\\\/05\\\/cropped-logo-bellunopress-.jpg\",\"contentUrl\":\"https:\\\/\\\/www.bellunopress.it\\\/wp-content\\\/uploads\\\/2011\\\/05\\\/cropped-logo-bellunopress-.jpg\",\"width\":512,\"height\":512,\"caption\":\"Bellunopress\"},\"image\":{\"@id\":\"https:\\\/\\\/www.bellunopress.it\\\/#\\\/schema\\\/logo\\\/image\\\/\"},\"sameAs\":[\"https:\\\/\\\/www.facebook.com\\\/profile.php?id=100008943462799\",\"https:\\\/\\\/x.com\\\/bellunopress\",\"https:\\\/\\\/www.linkedin.com\\\/hp\\\/?dnr=JBzUWaJfMUw8vbXJJ2tVW5-I3jZKvC4wsoxE&amp;amp;amp;amp;amp;amp;trk=nav_responsive_tab_home\",\"https:\\\/\\\/www.youtube.com\\\/channel\\\/UCxL0wu1uN0_3_7hGG0306cw\"]},{\"@type\":\"Person\",\"@id\":\"https:\\\/\\\/www.bellunopress.it\\\/#\\\/schema\\\/person\\\/79bb06722b37ece1c03d3e94beb30d73\",\"name\":\"redazione\",\"image\":{\"@type\":\"ImageObject\",\"inLanguage\":\"fr-FR\",\"@id\":\"https:\\\/\\\/secure.gravatar.com\\\/avatar\\\/37d968a2e67a6fd04c169c4bdef102d0bc5d31b2546345219e348575eb80e9a0?s=96&d=mm&r=g\",\"url\":\"https:\\\/\\\/secure.gravatar.com\\\/avatar\\\/37d968a2e67a6fd04c169c4bdef102d0bc5d31b2546345219e348575eb80e9a0?s=96&d=mm&r=g\",\"contentUrl\":\"https:\\\/\\\/secure.gravatar.com\\\/avatar\\\/37d968a2e67a6fd04c169c4bdef102d0bc5d31b2546345219e348575eb80e9a0?s=96&d=mm&r=g\",\"caption\":\"redazione\"},\"sameAs\":[\"http:\\\/\\\/www.bellunopress.it\",\"https:\\\/\\\/x.com\\\/bellunopress\"],\"url\":\"https:\\\/\\\/www.bellunopress.it\\\/fr\\\/author\\\/redazione\\\/\"}]}<\/script>\n<!-- \/ Yoast SEO plugin. -->","yoast_head_json":{"title":"Ricette false e detenzione stupefacenti, denunciati due ampezzani - Bellunopress - Dolomiti","robots":{"index":"index","follow":"follow","max-snippet":"max-snippet:-1","max-image-preview":"max-image-preview:large","max-video-preview":"max-video-preview:-1"},"canonical":"https:\/\/www.bellunopress.it\/fr\/2020\/01\/11\/ricette-false-e-detenzione-stupefacenti-denunciati-due-ampezzani\/","og_locale":"fr_FR","og_type":"article","og_title":"Ricette false e detenzione stupefacenti, denunciati due ampezzani - Bellunopress - Dolomiti","og_description":"I carabinieri del Nucleo operativo radiomobile di Cortina, al termine delle indagini, hanno denunciato in stato di libert\u00e0 I.M. 32enne e F.DL 25enne, entrambi ampezzani per il reato di furto e uso di atto falso (ricette). La vicenda nasce dal sospetto di alcuni farmacisti di Cortina che avevano notato la richiesta frequente dei due giovani [&hellip;]","og_url":"https:\/\/www.bellunopress.it\/fr\/2020\/01\/11\/ricette-false-e-detenzione-stupefacenti-denunciati-due-ampezzani\/","og_site_name":"Bellunopress - Dolomiti","article_publisher":"https:\/\/www.facebook.com\/profile.php?id=100008943462799","article_published_time":"2020-01-11T12:35:53+00:00","article_modified_time":"2020-01-11T16:09:39+00:00","og_image":[{"url":"http:\/\/www.bellunopress.it\/wp-content\/uploads\/2018\/03\/carabinieri-cortina.jpg","type":"","width":"","height":""}],"author":"redazione","twitter_card":"summary_large_image","twitter_creator":"@bellunopress","twitter_site":"@bellunopress","twitter_misc":{"\u00c9crit par":"redazione","Dur\u00e9e de lecture estim\u00e9e":"1 minute"},"schema":{"@context":"https:\/\/schema.org","@graph":[{"@type":"Article","@id":"https:\/\/www.bellunopress.it\/2020\/01\/11\/ricette-false-e-detenzione-stupefacenti-denunciati-due-ampezzani\/#article","isPartOf":{"@id":"https:\/\/www.bellunopress.it\/2020\/01\/11\/ricette-false-e-detenzione-stupefacenti-denunciati-due-ampezzani\/"},"author":{"name":"redazione","@id":"https:\/\/www.bellunopress.it\/#\/schema\/person\/79bb06722b37ece1c03d3e94beb30d73"},"headline":"Ricette false e detenzione stupefacenti, denunciati due ampezzani","datePublished":"2020-01-11T12:35:53+00:00","dateModified":"2020-01-11T16:09:39+00:00","mainEntityOfPage":{"@id":"https:\/\/www.bellunopress.it\/2020\/01\/11\/ricette-false-e-detenzione-stupefacenti-denunciati-due-ampezzani\/"},"wordCount":199,"publisher":{"@id":"https:\/\/www.bellunopress.it\/#organization"},"image":{"@id":"https:\/\/www.bellunopress.it\/2020\/01\/11\/ricette-false-e-detenzione-stupefacenti-denunciati-due-ampezzani\/#primaryimage"},"thumbnailUrl":"http:\/\/www.bellunopress.it\/wp-content\/uploads\/2018\/03\/carabinieri-cortina.jpg","articleSection":["Cronaca\/Politica","Prima Pagina"],"inLanguage":"fr-FR"},{"@type":"WebPage","@id":"https:\/\/www.bellunopress.it\/2020\/01\/11\/ricette-false-e-detenzione-stupefacenti-denunciati-due-ampezzani\/","url":"https:\/\/www.bellunopress.it\/2020\/01\/11\/ricette-false-e-detenzione-stupefacenti-denunciati-due-ampezzani\/","name":"Ricette false e detenzione stupefacenti, denunciati due ampezzani - Bellunopress - Dolomiti","isPartOf":{"@id":"https:\/\/www.bellunopress.it\/#website"},"primaryImageOfPage":{"@id":"https:\/\/www.bellunopress.it\/2020\/01\/11\/ricette-false-e-detenzione-stupefacenti-denunciati-due-ampezzani\/#primaryimage"},"image":{"@id":"https:\/\/www.bellunopress.it\/2020\/01\/11\/ricette-false-e-detenzione-stupefacenti-denunciati-due-ampezzani\/#primaryimage"},"thumbnailUrl":"http:\/\/www.bellunopress.it\/wp-content\/uploads\/2018\/03\/carabinieri-cortina.jpg","datePublished":"2020-01-11T12:35:53+00:00","dateModified":"2020-01-11T16:09:39+00:00","breadcrumb":{"@id":"https:\/\/www.bellunopress.it\/2020\/01\/11\/ricette-false-e-detenzione-stupefacenti-denunciati-due-ampezzani\/#breadcrumb"},"inLanguage":"fr-FR","potentialAction":[{"@type":"ReadAction","target":["https:\/\/www.bellunopress.it\/2020\/01\/11\/ricette-false-e-detenzione-stupefacenti-denunciati-due-ampezzani\/"]}]},{"@type":"ImageObject","inLanguage":"fr-FR","@id":"https:\/\/www.bellunopress.it\/2020\/01\/11\/ricette-false-e-detenzione-stupefacenti-denunciati-due-ampezzani\/#primaryimage","url":"http:\/\/www.bellunopress.it\/wp-content\/uploads\/2018\/03\/carabinieri-cortina.jpg","contentUrl":"http:\/\/www.bellunopress.it\/wp-content\/uploads\/2018\/03\/carabinieri-cortina.jpg"},{"@type":"BreadcrumbList","@id":"https:\/\/www.bellunopress.it\/2020\/01\/11\/ricette-false-e-detenzione-stupefacenti-denunciati-due-ampezzani\/#breadcrumb","itemListElement":[{"@type":"ListItem","position":1,"name":"Home","item":"https:\/\/www.bellunopress.it\/"},{"@type":"ListItem","position":2,"name":"Ricette false e detenzione stupefacenti, denunciati due ampezzani"}]},{"@type":"WebSite","@id":"https:\/\/www.bellunopress.it\/#website","url":"https:\/\/www.bellunopress.it\/","name":"Bellunopress - Dolomiti","description":"e-mail: redazione@bellunopress.it","publisher":{"@id":"https:\/\/www.bellunopress.it\/#organization"},"potentialAction":[{"@type":"SearchAction","target":{"@type":"EntryPoint","urlTemplate":"https:\/\/www.bellunopress.it\/?s={search_term_string}"},"query-input":{"@type":"PropertyValueSpecification","valueRequired":true,"valueName":"search_term_string"}}],"inLanguage":"fr-FR"},{"@type":"Organization","@id":"https:\/\/www.bellunopress.it\/#organization","name":"Bellunopress","url":"https:\/\/www.bellunopress.it\/","logo":{"@type":"ImageObject","inLanguage":"fr-FR","@id":"https:\/\/www.bellunopress.it\/#\/schema\/logo\/image\/","url":"https:\/\/www.bellunopress.it\/wp-content\/uploads\/2011\/05\/cropped-logo-bellunopress-.jpg","contentUrl":"https:\/\/www.bellunopress.it\/wp-content\/uploads\/2011\/05\/cropped-logo-bellunopress-.jpg","width":512,"height":512,"caption":"Bellunopress"},"image":{"@id":"https:\/\/www.bellunopress.it\/#\/schema\/logo\/image\/"},"sameAs":["https:\/\/www.facebook.com\/profile.php?id=100008943462799","https:\/\/x.com\/bellunopress","https:\/\/www.linkedin.com\/hp\/?dnr=JBzUWaJfMUw8vbXJJ2tVW5-I3jZKvC4wsoxE&amp;amp;amp;amp;amp;amp;trk=nav_responsive_tab_home","https:\/\/www.youtube.com\/channel\/UCxL0wu1uN0_3_7hGG0306cw"]},{"@type":"Person","@id":"https:\/\/www.bellunopress.it\/#\/schema\/person\/79bb06722b37ece1c03d3e94beb30d73","name":"r\u00e9daction","image":{"@type":"ImageObject","inLanguage":"fr-FR","@id":"https:\/\/secure.gravatar.com\/avatar\/37d968a2e67a6fd04c169c4bdef102d0bc5d31b2546345219e348575eb80e9a0?s=96&d=mm&r=g","url":"https:\/\/secure.gravatar.com\/avatar\/37d968a2e67a6fd04c169c4bdef102d0bc5d31b2546345219e348575eb80e9a0?s=96&d=mm&r=g","contentUrl":"https:\/\/secure.gravatar.com\/avatar\/37d968a2e67a6fd04c169c4bdef102d0bc5d31b2546345219e348575eb80e9a0?s=96&d=mm&r=g","caption":"redazione"},"sameAs":["http:\/\/www.bellunopress.it","https:\/\/x.com\/bellunopress"],"url":"https:\/\/www.bellunopress.it\/fr\/author\/redazione\/"}]}},"_links":{"self":[{"href":"https:\/\/www.bellunopress.it\/fr\/wp-json\/wp\/v2\/posts\/111131","targetHints":{"allow":["GET"]}}],"collection":[{"href":"https:\/\/www.bellunopress.it\/fr\/wp-json\/wp\/v2\/posts"}],"about":[{"href":"https:\/\/www.bellunopress.it\/fr\/wp-json\/wp\/v2\/types\/post"}],"author":[{"embeddable":true,"href":"https:\/\/www.bellunopress.it\/fr\/wp-json\/wp\/v2\/users\/2"}],"replies":[{"embeddable":true,"href":"https:\/\/www.bellunopress.it\/fr\/wp-json\/wp\/v2\/comments?post=111131"}],"version-history":[{"count":1,"href":"https:\/\/www.bellunopress.it\/fr\/wp-json\/wp\/v2\/posts\/111131\/revisions"}],"predecessor-version":[{"id":111132,"href":"https:\/\/www.bellunopress.it\/fr\/wp-json\/wp\/v2\/posts\/111131\/revisions\/111132"}],"wp:attachment":[{"href":"https:\/\/www.bellunopress.it\/fr\/wp-json\/wp\/v2\/media?parent=111131"}],"wp:term":[{"taxonomy":"category","embeddable":true,"href":"https:\/\/www.bellunopress.it\/fr\/wp-json\/wp\/v2\/categories?post=111131"},{"taxonomy":"post_tag","embeddable":true,"href":"https:\/\/www.bellunopress.it\/fr\/wp-json\/wp\/v2\/tags?post=111131"}],"curies":[{"name":"wp","href":"https:\/\/api.w.org\/{rel}","templated":true}]}}