{"id":11113,"date":"2009-12-30T21:29:13","date_gmt":"2009-12-30T20:29:13","guid":{"rendered":"http:\/\/www.bellunopress.it\/?p=11113"},"modified":"2009-12-30T21:29:13","modified_gmt":"2009-12-30T20:29:13","slug":"belluno-ai-vertici-nazionali-europei-e-mondiali-anche-grazie-al-karate-tradizionale","status":"publish","type":"post","link":"https:\/\/www.bellunopress.it\/fr\/2009\/12\/30\/belluno-ai-vertici-nazionali-europei-e-mondiali-anche-grazie-al-karate-tradizionale\/","title":{"rendered":"Belluno ai vertici nazionali, europei e mondiali anche grazie al karate tradizionale"},"content":{"rendered":"<p><a href=\"http:\/\/www.bellunopress.it\/wp-content\/uploads\/2009\/12\/roberto-bacchilega.jpg\"><img loading=\"lazy\" decoding=\"async\" class=\"alignleft size-medium wp-image-11112\" title=\"roberto-bacchilega\" src=\"http:\/\/www.bellunopress.it\/wp-content\/uploads\/2009\/12\/roberto-bacchilega.jpg\" alt=\"\" width=\"270\" height=\"203\" \/><\/a>Il 2009 si sta per concludere ed \u00e8 arrivato il momento di tirare le somme per gli atleti del Tsks Belluno. &#8220;Un anno magico &#8211; ci rivela il Maestro Roberto Bacchilega &#8211; Gi\u00e0 nel 2008 avevamo portato in casa il titolo Mondiale grazie a Marco Bacchilega che in Lituania era salito con Matteo Leone (Puglia) e Stefao De Bartolomeo (Lombardia) sul gradino pi\u00f9 alto del podio ai Mondiali ITKF. Ma il 2009 \u00e8 stato l&#8217;anno della consacrazione internazionale di altri due atleti della nostra scuderia, Mattia Bacchilega e Alessandro Cesco Bolla&#8221;. Ma procediamo con ordine. La stagione si \u00e8 aperta con il campionato inernazionale di karate tradizionale per ragazzi dai 6 ai 15 anni tenutosi a Vladimir (Russia) la competizione di kata (forma) ha visto sfidarsi 150 partecipanti tra i quali gli atleti del Tsks Belluno hanno ottenuto i seguenti risultati:<br \/>\nNoemi Olivotto Belluno I Classificata cintura arancione 10 anni<br \/>\nDaniel Ferroni Belluno I classificato cintura arancione 14 anni<br \/>\nLeonardo Antonazzi Cappella Maggiore I classificato cintura marrone 14 anni<br \/>\nFrancesca Pasta Belluno II classificata cintura marrone 14 anni<br \/>\nConsuelo Gaggio I classificata cintura nera 15 anni<br \/>\nInoltre, la squadra composta da Cosuelo, Francesca e Leonardo ha vinto il primo posto nel kata a squadre. Successivamente si \u00e8 svolto il trofeo topolino, il 30 e 31 maggio a Montecatini oltre 1500 giovani tra gli 8 e i 15 anni hanno giocato e gareggiato tra loro sotto la super visione di topolino, minnie e pluto, il TSKS ha partecipato con 20 atleti e ha ottenuto questi piazzamenti:<br \/>\nMarco De Silvestro (domegge di Cad) I classificato<br \/>\nGersi Manusi (Pieve di Cad) I classificato<br \/>\nDaniel Ferroni (Belluno) I classificato<br \/>\nLeonardo Antonazzi (Cappella Maggiore) I classificato<br \/>\nLidia Franchin (Vigo di Cadore) I classificata<br \/>\nSergey Baranov (Vladimir) I classificato<br \/>\nCristina Triches (Belluno) II classificata<br \/>\nMarco Del Favero (Valle di Cad.) II classificato<br \/>\nFrancesco Rinaldin (Cappella Maggiore) II classificato<br \/>\nCarlo Franchin (vigo di Cad.) III classificato<br \/>\nGiulia Da Pr\u00e0 (Lozzo di Cad.) III classificata<br \/>\nMichael Di Girolamo (Pieve di Cad) III classificato<br \/>\nIl week end successivo a Bassano sono iniziate le gare per i pi\u00f9 grandi infatti i ragazzi bellunesi dopo aver superato i campionati regionali hanno affrontato i campionati italiani assoluti FIKTA con i seguenti risultati:<br \/>\nMattia Baldo (Pieve di Cadore) II classificato kumite (combattimento) speranze -70kg<br \/>\nAlessandro Cesco Bolla II (San Pietro di Cadore) II classificato kumite speranze +70kg<br \/>\nClaudia Vecelio (Laggio di Cadore) III classificata categoria cadetti -50kg<br \/>\nValentina De Lorenzo (Lorenzago di Cadore)III classifaicata kumite seniores +60kg<br \/>\nMarco Bacchilega (Calalzo di Cadore) I classificato seniores +75 kg<br \/>\nMattia Bacchilega (Lorenzago di Cadore) III classificato seniores + 75 kg<br \/>\n&#8220;Dopo i campionati Italiani &#8211; prosegue Roberto Bacchilega &#8211;\u00a0 i nostri atleti si sono concessi un po&#8217; di ferie ma non Marco Mattia ed Alessandro che, convocati per il campionato Europeo ITKF, che si \u00e8 svolto a Casale Monferrato il 24 e25 ottobre, sono stati impegnati tutta l&#8217;estate con numerosi raduni ed allenamenti. Questo sforzo ha portato i suoi frutti, infatti Alessandro Cesco Bolla, alla prima esperienza in campo internazionale si \u00e9 aggiudicato ben tre podi, medaglia d&#8217;oro kumite (combattimento) individuale juniores, Medaglia d&#8217;argento fukugo (una gara composta da un alternanza di kata,forma, e kumite, combattimento) e medaglia di bronzo nel kumite a squadre juniores. Una vera rivelazione\u00a0 &#8211; racconta il maestro Bacchilega &#8211;\u00a0 ero veramente emozionato nel vederlo superare avversario dopo avversario fino a raggiungere il gradino pi\u00f9 alto del podio europeo, ricordo ancora quando era un piccolo bimbo riccioluto ed ora eccolo a sfidare atleti che provengono da tutta europa senza nessuna paura proprio da vero uomo.&#8221;\u00a0 Poi Marco Bacchilega che ha dato una dimostrazione di enorme coraggio contro l&#8217;atleta polacco nella finale individuale, dove ne \u00e8 uscito assolutamente vittorioso, ma ancor di pi\u00f9 \u00e8 stata per noi straordinaria la finale a squadre dove oltre a Stefano De Bartolomeo (Lombardia) e Marco Bacchilega \u00e8 entrato, in sostituzione di Matteo Leone (Puglia) infortunatosi il giorno precedente, Mattia Bacchilega il quale ha fatto un incontro incomiabile. Stefano aveva pareggiato zero a zero, poi Marco ha fatto un straordinario 2 a 0 e Mattia quando \ufffd entrato doveva solo mantenere il risultato, invece ha fatto un incontro incredibile, impegnandosi come se dovesse recuperare senza lasciare nessun spazio all&#8217;avversario e cos\u00ec un altro oro \u00e8 arrivato in casa! Quattro ori, un argento e un bronzo, direi a dir poco un risultato eccezionale per la nostra associazione e per la provincia di Belluno. Il 31 Ottobre a Breghenz (Austria) in un quadrangolare, Italia, Svizzera, Germania e Austria; L&#8217;italia rappresentata da Alessandro Cesco Bolla e Matteo Pagan ha vinto con due ori rispettivamente nei pi\u00f9 e meno 75 kg. mentre a Cividale del Friuli contemporaneamente si svolgeva il Campionato Italiano dell&#8217;ente di promozione sportiva AICS, al quale hanno partecipato 970 atleti di tutte le cinture e categorie, una occasione anche per i meno esperti di dimostrare il proprio impegno, qui di seguito i risultati:<br \/>\nPrimi classificati medaglie d&#8217;oro Campioni Italiani<br \/>\nDragana Brocilovic cat. esordienti A femminile kata cinture verdi<br \/>\nBryan De Monte cat. esordienti A maschile kata cinture blu<br \/>\nLidia Franchin cat. esordienti A femminile kata cinture marroni<br \/>\nFrancesco Rinaldin cat. esordienti B maschile kata cinture verdi<br \/>\nGiulia Da Pr\u00e0 cat. esordienti B femminile kata cinture marroni<br \/>\nMassimo Bacchilega cat. ragazzi maschile kata cinture nere<br \/>\nTabacchi Lorena cat. over femminile kata cinture arancio<br \/>\nSimone Pagan cat. speranze maschile kumite cinture nere<br \/>\nMatteo Pagan cat. juniores + 70 kg maschile kumite cinture nere<\/p>\n<p>Medaglie d&#8217;argento secondi classificati<br \/>\nGiovanni Nadal cat. esordienti A maschile kata cinture gialle<br \/>\nMarco De Candido cat. esordienti A maschile kata cinture verdi<br \/>\nNoemi Olivotto cat. esordienti B femminile kata cinture verdi<br \/>\nSilvia Cortemetto cat. esordienti B femminile kata cinture blu<br \/>\nMichael Di\u00a0 Girolamo cat. esordienti B maschile kata cintue marroni<br \/>\nAlessandra Pensalfine cat. ragazzi femminile kata cinture blu<br \/>\nLeonardo Antonazzi cat. ragazzi maschile kata cinture marroni<br \/>\nCarlo Franchin cat. ragazzi maschile kata cinture marroni<br \/>\nChiara Gava cat. ragazzi femminile kata cinture nere<br \/>\nAgnese Da Pra cat. cadetti femminile kata cinture nere<br \/>\nConsuelo Gaggio cat. speranze femminile kata cinture nere<br \/>\nStefano Genova cat. seniores maschile kata cinture arancio<br \/>\nLorenzo Pincin cat. master maschile kata cinture arancio<\/p>\n<p>Medaglie di bronzo terzi classificati<br \/>\nMatteo Perino cat. pulcini maschile kata cinture gialle<br \/>\nRenato Casagrande cat. esordienti maschile A kata cinture verdi<br \/>\nAmil Selimovic cat. esordienti B maschile kata cinture arancioni<br \/>\nMarco De Silvestro cat. esordienti B maschile kata cinture marroni<br \/>\nDaniele Barnab\u00f2 cat. ragazzi maschile kata cinture marroni<br \/>\nFrancesca Pasta cat. cadetti femminile kata cinture marroni<br \/>\nSinisa Brocilovic cat. cadetti maschile kata e kumite cinture nere<br \/>\nDiego Tormen cat. cadetti maschile kumite cinture nere<br \/>\nAgnese Da Pr\ufffd cat. cadetti femminile kumite cinture nere<br \/>\nMattia Baldo cat. juniores -70 kg maschile kumite cinture nere<br \/>\nAlessandro Cesco Bolla cat. Juniores + 70 kg maschile kumite cinture nere<br \/>\nMedaglie di bronzo quarti classificati<br \/>\nEmanuel Nucilla cat. ragazzi maschile kata cinture arancio<br \/>\nEnrico Da Ros cat. pulcini maschile kata cinture arancioni<br \/>\nLuca Del Favero cat. esordienti A maschile kata cinture gialle<br \/>\nMarco Del Favero cat. esordienti B maschile kata cinture gialle<br \/>\nGaia Parmeggiani cat. esordienti B femminile kata cinture verdi<br \/>\nDavide de Silvestro cat. esordienti B maschile kata cinture marroni<br \/>\nPriscilla Mirando cat. ragazzi femminile kata cinture marroni<br \/>\nDaniel Ferroni cat. cadetti maschile kata cinture arancioni<br \/>\nDiego Tormen cat. cadetti maschile kata cinture nere<br \/>\nSimone Pagan cat. speranze maschile kata cinture nere<br \/>\nGiulia Baldo cat. speranze femminile kata cinture nere<br \/>\nValeria Giannelli cat. speranze femminile kata cinture nere<br \/>\nJosselyn Astudillo cat. esordienti B femminile kata cinture arancio<br \/>\nDana Genova cat.\u00a0 esordienti B femminile kata cinture marroni<br \/>\nPer concludere un anno a dir poco strepitoso\u00a0 il 12 Dicembre a Barletta si \u00e8 svolta la Coppa Shotokan, la gara pi\u00f9 prestigiosa di karate tradizionale che si svolge in Italia. Ogni comitato regionale presenta i suoi migliori atleti e una squadra composta di 5 elementi rappresenta la propria regione, Marco Bacchilega gi\u00e0 vincitore 5 volte di questa gara quest&#8217;anno ha partecipato solo con la squadra ma il fratello, Mattia, non ci ha fatto certo rimpiangere Marco, vincendo incontro dopo incontro con tecniche a dir poco spettacolari l&#8217;ambito premio.<br \/>\n&#8220;La soddisfazione pi\u00f9 grande per\u00f2, viene dalla vittoria a squadre &#8211; conclude il maestro Roberto Bacchilega &#8211;\u00a0 infatti la squadra veneta era composta da Marco (Calalzo) Mattia (Lorenzago) Riccardo Cvecich (Belluno) Matteo Pagan (San Vito) e Paolo Marcon (Treviso) e quando in finale i nostri hanno vinto con uno schiacciante 4-1 contro la squadra Lombarda pensare che il gradino pi\u00f9 alto era per 4\/5 Bellunese \u00e8 incredibile!\u00a0 Forse questa lunga lista di risultati risulta un po&#8217; noiosa ma, non ci stancheremo mai d&#8217;annoiarvi e di portare in alto il nome della nostra bella provincia in Italia e nel Mondo, orgogliosi di essere Italiani e Bellunesi&#8221;.<\/p>","protected":false},"excerpt":{"rendered":"<p>Il 2009 si sta per concludere ed \u00e8 arrivato il momento di tirare le somme per gli atleti del Tsks Belluno. &#8220;Un anno magico &#8211; ci rivela il Maestro Roberto Bacchilega &#8211; Gi\u00e0 nel 2008 avevamo portato in casa il titolo Mondiale grazie a Marco Bacchilega che in Lituania era salito con Matteo Leone (Puglia) [&hellip;]<\/p>\n","protected":false},"author":2,"featured_media":0,"comment_status":"closed","ping_status":"open","sticky":false,"template":"","format":"standard","meta":{"footnotes":""},"categories":[25,4],"tags":[139,151],"class_list":["post-11113","post","type-post","status-publish","format-standard","category-pausa-caffe","category-sport","tag-belluno","tag-cadore"],"yoast_head":"<!-- This site is optimized with the Yoast SEO plugin v28.4 - https:\/\/yoast.com\/product\/yoast-seo-wordpress\/ -->\n<title>Belluno ai vertici nazionali, europei e mondiali anche grazie al karate tradizionale - Bellunopress - Dolomiti<\/title>\n<meta name=\"robots\" content=\"index, follow, max-snippet:-1, max-image-preview:large, max-video-preview:-1\" \/>\n<link rel=\"canonical\" href=\"https:\/\/www.bellunopress.it\/fr\/2009\/12\/30\/belluno-ai-vertici-nazionali-europei-e-mondiali-anche-grazie-al-karate-tradizionale\/\" \/>\n<meta property=\"og:locale\" content=\"fr_FR\" \/>\n<meta property=\"og:type\" content=\"article\" \/>\n<meta property=\"og:title\" content=\"Belluno ai vertici nazionali, europei e mondiali anche grazie al karate tradizionale - Bellunopress - Dolomiti\" \/>\n<meta property=\"og:description\" content=\"Il 2009 si sta per concludere ed \u00e8 arrivato il momento di tirare le somme per gli atleti del Tsks Belluno. &#8220;Un anno magico &#8211; ci rivela il Maestro Roberto Bacchilega &#8211; Gi\u00e0 nel 2008 avevamo portato in casa il titolo Mondiale grazie a Marco Bacchilega che in Lituania era salito con Matteo Leone (Puglia) [&hellip;]\" \/>\n<meta property=\"og:url\" content=\"https:\/\/www.bellunopress.it\/fr\/2009\/12\/30\/belluno-ai-vertici-nazionali-europei-e-mondiali-anche-grazie-al-karate-tradizionale\/\" \/>\n<meta property=\"og:site_name\" content=\"Bellunopress - Dolomiti\" \/>\n<meta property=\"article:publisher\" content=\"https:\/\/www.facebook.com\/profile.php?id=100008943462799\" \/>\n<meta property=\"article:published_time\" content=\"2009-12-30T20:29:13+00:00\" \/>\n<meta property=\"og:image\" content=\"http:\/\/www.bellunopress.it\/wp-content\/uploads\/2009\/12\/roberto-bacchilega.jpg\" \/>\n<meta name=\"author\" content=\"redazione\" \/>\n<meta name=\"twitter:card\" content=\"summary_large_image\" \/>\n<meta name=\"twitter:creator\" content=\"@bellunopress\" \/>\n<meta name=\"twitter:site\" content=\"@bellunopress\" \/>\n<meta name=\"twitter:label1\" content=\"\u00c9crit par\" \/>\n\t<meta name=\"twitter:data1\" content=\"redazione\" \/>\n\t<meta name=\"twitter:label2\" content=\"Dur\u00e9e de lecture estim\u00e9e\" \/>\n\t<meta name=\"twitter:data2\" content=\"7 minutes\" \/>\n<script type=\"application\/ld+json\" class=\"yoast-schema-graph\">{\"@context\":\"https:\\\/\\\/schema.org\",\"@graph\":[{\"@type\":\"Article\",\"@id\":\"https:\\\/\\\/www.bellunopress.it\\\/2009\\\/12\\\/30\\\/belluno-ai-vertici-nazionali-europei-e-mondiali-anche-grazie-al-karate-tradizionale\\\/#article\",\"isPartOf\":{\"@id\":\"https:\\\/\\\/www.bellunopress.it\\\/2009\\\/12\\\/30\\\/belluno-ai-vertici-nazionali-europei-e-mondiali-anche-grazie-al-karate-tradizionale\\\/\"},\"author\":{\"name\":\"redazione\",\"@id\":\"https:\\\/\\\/www.bellunopress.it\\\/#\\\/schema\\\/person\\\/79bb06722b37ece1c03d3e94beb30d73\"},\"headline\":\"Belluno ai vertici nazionali, europei e mondiali anche grazie al karate tradizionale\",\"datePublished\":\"2009-12-30T20:29:13+00:00\",\"mainEntityOfPage\":{\"@id\":\"https:\\\/\\\/www.bellunopress.it\\\/2009\\\/12\\\/30\\\/belluno-ai-vertici-nazionali-europei-e-mondiali-anche-grazie-al-karate-tradizionale\\\/\"},\"wordCount\":1428,\"publisher\":{\"@id\":\"https:\\\/\\\/www.bellunopress.it\\\/#organization\"},\"image\":{\"@id\":\"https:\\\/\\\/www.bellunopress.it\\\/2009\\\/12\\\/30\\\/belluno-ai-vertici-nazionali-europei-e-mondiali-anche-grazie-al-karate-tradizionale\\\/#primaryimage\"},\"thumbnailUrl\":\"http:\\\/\\\/www.bellunopress.it\\\/wp-content\\\/uploads\\\/2009\\\/12\\\/roberto-bacchilega.jpg\",\"keywords\":[\"Belluno\",\"Cadore\"],\"articleSection\":[\"Pausa Caff\u00e8\",\"Sport, tempo libero\"],\"inLanguage\":\"fr-FR\"},{\"@type\":\"WebPage\",\"@id\":\"https:\\\/\\\/www.bellunopress.it\\\/2009\\\/12\\\/30\\\/belluno-ai-vertici-nazionali-europei-e-mondiali-anche-grazie-al-karate-tradizionale\\\/\",\"url\":\"https:\\\/\\\/www.bellunopress.it\\\/2009\\\/12\\\/30\\\/belluno-ai-vertici-nazionali-europei-e-mondiali-anche-grazie-al-karate-tradizionale\\\/\",\"name\":\"Belluno ai vertici nazionali, europei e mondiali anche grazie al karate tradizionale - Bellunopress - Dolomiti\",\"isPartOf\":{\"@id\":\"https:\\\/\\\/www.bellunopress.it\\\/#website\"},\"primaryImageOfPage\":{\"@id\":\"https:\\\/\\\/www.bellunopress.it\\\/2009\\\/12\\\/30\\\/belluno-ai-vertici-nazionali-europei-e-mondiali-anche-grazie-al-karate-tradizionale\\\/#primaryimage\"},\"image\":{\"@id\":\"https:\\\/\\\/www.bellunopress.it\\\/2009\\\/12\\\/30\\\/belluno-ai-vertici-nazionali-europei-e-mondiali-anche-grazie-al-karate-tradizionale\\\/#primaryimage\"},\"thumbnailUrl\":\"http:\\\/\\\/www.bellunopress.it\\\/wp-content\\\/uploads\\\/2009\\\/12\\\/roberto-bacchilega.jpg\",\"datePublished\":\"2009-12-30T20:29:13+00:00\",\"breadcrumb\":{\"@id\":\"https:\\\/\\\/www.bellunopress.it\\\/2009\\\/12\\\/30\\\/belluno-ai-vertici-nazionali-europei-e-mondiali-anche-grazie-al-karate-tradizionale\\\/#breadcrumb\"},\"inLanguage\":\"fr-FR\",\"potentialAction\":[{\"@type\":\"ReadAction\",\"target\":[\"https:\\\/\\\/www.bellunopress.it\\\/2009\\\/12\\\/30\\\/belluno-ai-vertici-nazionali-europei-e-mondiali-anche-grazie-al-karate-tradizionale\\\/\"]}]},{\"@type\":\"ImageObject\",\"inLanguage\":\"fr-FR\",\"@id\":\"https:\\\/\\\/www.bellunopress.it\\\/2009\\\/12\\\/30\\\/belluno-ai-vertici-nazionali-europei-e-mondiali-anche-grazie-al-karate-tradizionale\\\/#primaryimage\",\"url\":\"http:\\\/\\\/www.bellunopress.it\\\/wp-content\\\/uploads\\\/2009\\\/12\\\/roberto-bacchilega.jpg\",\"contentUrl\":\"http:\\\/\\\/www.bellunopress.it\\\/wp-content\\\/uploads\\\/2009\\\/12\\\/roberto-bacchilega.jpg\"},{\"@type\":\"BreadcrumbList\",\"@id\":\"https:\\\/\\\/www.bellunopress.it\\\/2009\\\/12\\\/30\\\/belluno-ai-vertici-nazionali-europei-e-mondiali-anche-grazie-al-karate-tradizionale\\\/#breadcrumb\",\"itemListElement\":[{\"@type\":\"ListItem\",\"position\":1,\"name\":\"Home\",\"item\":\"https:\\\/\\\/www.bellunopress.it\\\/\"},{\"@type\":\"ListItem\",\"position\":2,\"name\":\"Belluno ai vertici nazionali, europei e mondiali anche grazie al karate tradizionale\"}]},{\"@type\":\"WebSite\",\"@id\":\"https:\\\/\\\/www.bellunopress.it\\\/#website\",\"url\":\"https:\\\/\\\/www.bellunopress.it\\\/\",\"name\":\"Bellunopress - Dolomiti\",\"description\":\"e-mail: redazione@bellunopress.it\",\"publisher\":{\"@id\":\"https:\\\/\\\/www.bellunopress.it\\\/#organization\"},\"potentialAction\":[{\"@type\":\"SearchAction\",\"target\":{\"@type\":\"EntryPoint\",\"urlTemplate\":\"https:\\\/\\\/www.bellunopress.it\\\/?s={search_term_string}\"},\"query-input\":{\"@type\":\"PropertyValueSpecification\",\"valueRequired\":true,\"valueName\":\"search_term_string\"}}],\"inLanguage\":\"fr-FR\"},{\"@type\":\"Organization\",\"@id\":\"https:\\\/\\\/www.bellunopress.it\\\/#organization\",\"name\":\"Bellunopress\",\"url\":\"https:\\\/\\\/www.bellunopress.it\\\/\",\"logo\":{\"@type\":\"ImageObject\",\"inLanguage\":\"fr-FR\",\"@id\":\"https:\\\/\\\/www.bellunopress.it\\\/#\\\/schema\\\/logo\\\/image\\\/\",\"url\":\"https:\\\/\\\/www.bellunopress.it\\\/wp-content\\\/uploads\\\/2011\\\/05\\\/cropped-logo-bellunopress-.jpg\",\"contentUrl\":\"https:\\\/\\\/www.bellunopress.it\\\/wp-content\\\/uploads\\\/2011\\\/05\\\/cropped-logo-bellunopress-.jpg\",\"width\":512,\"height\":512,\"caption\":\"Bellunopress\"},\"image\":{\"@id\":\"https:\\\/\\\/www.bellunopress.it\\\/#\\\/schema\\\/logo\\\/image\\\/\"},\"sameAs\":[\"https:\\\/\\\/www.facebook.com\\\/profile.php?id=100008943462799\",\"https:\\\/\\\/x.com\\\/bellunopress\",\"https:\\\/\\\/www.linkedin.com\\\/hp\\\/?dnr=JBzUWaJfMUw8vbXJJ2tVW5-I3jZKvC4wsoxE&amp;amp;amp;amp;amp;amp;trk=nav_responsive_tab_home\",\"https:\\\/\\\/www.youtube.com\\\/channel\\\/UCxL0wu1uN0_3_7hGG0306cw\"]},{\"@type\":\"Person\",\"@id\":\"https:\\\/\\\/www.bellunopress.it\\\/#\\\/schema\\\/person\\\/79bb06722b37ece1c03d3e94beb30d73\",\"name\":\"redazione\",\"image\":{\"@type\":\"ImageObject\",\"inLanguage\":\"fr-FR\",\"@id\":\"https:\\\/\\\/secure.gravatar.com\\\/avatar\\\/37d968a2e67a6fd04c169c4bdef102d0bc5d31b2546345219e348575eb80e9a0?s=96&d=mm&r=g\",\"url\":\"https:\\\/\\\/secure.gravatar.com\\\/avatar\\\/37d968a2e67a6fd04c169c4bdef102d0bc5d31b2546345219e348575eb80e9a0?s=96&d=mm&r=g\",\"contentUrl\":\"https:\\\/\\\/secure.gravatar.com\\\/avatar\\\/37d968a2e67a6fd04c169c4bdef102d0bc5d31b2546345219e348575eb80e9a0?s=96&d=mm&r=g\",\"caption\":\"redazione\"},\"sameAs\":[\"http:\\\/\\\/www.bellunopress.it\",\"https:\\\/\\\/x.com\\\/bellunopress\"],\"url\":\"https:\\\/\\\/www.bellunopress.it\\\/fr\\\/author\\\/redazione\\\/\"}]}<\/script>\n<!-- \/ Yoast SEO plugin. -->","yoast_head_json":{"title":"Belluno ai vertici nazionali, europei e mondiali anche grazie al karate tradizionale - Bellunopress - Dolomiti","robots":{"index":"index","follow":"follow","max-snippet":"max-snippet:-1","max-image-preview":"max-image-preview:large","max-video-preview":"max-video-preview:-1"},"canonical":"https:\/\/www.bellunopress.it\/fr\/2009\/12\/30\/belluno-ai-vertici-nazionali-europei-e-mondiali-anche-grazie-al-karate-tradizionale\/","og_locale":"fr_FR","og_type":"article","og_title":"Belluno ai vertici nazionali, europei e mondiali anche grazie al karate tradizionale - Bellunopress - Dolomiti","og_description":"Il 2009 si sta per concludere ed \u00e8 arrivato il momento di tirare le somme per gli atleti del Tsks Belluno. &#8220;Un anno magico &#8211; ci rivela il Maestro Roberto Bacchilega &#8211; Gi\u00e0 nel 2008 avevamo portato in casa il titolo Mondiale grazie a Marco Bacchilega che in Lituania era salito con Matteo Leone (Puglia) [&hellip;]","og_url":"https:\/\/www.bellunopress.it\/fr\/2009\/12\/30\/belluno-ai-vertici-nazionali-europei-e-mondiali-anche-grazie-al-karate-tradizionale\/","og_site_name":"Bellunopress - Dolomiti","article_publisher":"https:\/\/www.facebook.com\/profile.php?id=100008943462799","article_published_time":"2009-12-30T20:29:13+00:00","og_image":[{"url":"http:\/\/www.bellunopress.it\/wp-content\/uploads\/2009\/12\/roberto-bacchilega.jpg","type":"","width":"","height":""}],"author":"redazione","twitter_card":"summary_large_image","twitter_creator":"@bellunopress","twitter_site":"@bellunopress","twitter_misc":{"\u00c9crit par":"redazione","Dur\u00e9e de lecture estim\u00e9e":"7 minutes"},"schema":{"@context":"https:\/\/schema.org","@graph":[{"@type":"Article","@id":"https:\/\/www.bellunopress.it\/2009\/12\/30\/belluno-ai-vertici-nazionali-europei-e-mondiali-anche-grazie-al-karate-tradizionale\/#article","isPartOf":{"@id":"https:\/\/www.bellunopress.it\/2009\/12\/30\/belluno-ai-vertici-nazionali-europei-e-mondiali-anche-grazie-al-karate-tradizionale\/"},"author":{"name":"redazione","@id":"https:\/\/www.bellunopress.it\/#\/schema\/person\/79bb06722b37ece1c03d3e94beb30d73"},"headline":"Belluno ai vertici nazionali, europei e mondiali anche grazie al karate tradizionale","datePublished":"2009-12-30T20:29:13+00:00","mainEntityOfPage":{"@id":"https:\/\/www.bellunopress.it\/2009\/12\/30\/belluno-ai-vertici-nazionali-europei-e-mondiali-anche-grazie-al-karate-tradizionale\/"},"wordCount":1428,"publisher":{"@id":"https:\/\/www.bellunopress.it\/#organization"},"image":{"@id":"https:\/\/www.bellunopress.it\/2009\/12\/30\/belluno-ai-vertici-nazionali-europei-e-mondiali-anche-grazie-al-karate-tradizionale\/#primaryimage"},"thumbnailUrl":"http:\/\/www.bellunopress.it\/wp-content\/uploads\/2009\/12\/roberto-bacchilega.jpg","keywords":["Belluno","Cadore"],"articleSection":["Pausa Caff\u00e8","Sport, tempo libero"],"inLanguage":"fr-FR"},{"@type":"WebPage","@id":"https:\/\/www.bellunopress.it\/2009\/12\/30\/belluno-ai-vertici-nazionali-europei-e-mondiali-anche-grazie-al-karate-tradizionale\/","url":"https:\/\/www.bellunopress.it\/2009\/12\/30\/belluno-ai-vertici-nazionali-europei-e-mondiali-anche-grazie-al-karate-tradizionale\/","name":"Belluno ai vertici nazionali, europei e mondiali anche grazie al karate tradizionale - Bellunopress - Dolomiti","isPartOf":{"@id":"https:\/\/www.bellunopress.it\/#website"},"primaryImageOfPage":{"@id":"https:\/\/www.bellunopress.it\/2009\/12\/30\/belluno-ai-vertici-nazionali-europei-e-mondiali-anche-grazie-al-karate-tradizionale\/#primaryimage"},"image":{"@id":"https:\/\/www.bellunopress.it\/2009\/12\/30\/belluno-ai-vertici-nazionali-europei-e-mondiali-anche-grazie-al-karate-tradizionale\/#primaryimage"},"thumbnailUrl":"http:\/\/www.bellunopress.it\/wp-content\/uploads\/2009\/12\/roberto-bacchilega.jpg","datePublished":"2009-12-30T20:29:13+00:00","breadcrumb":{"@id":"https:\/\/www.bellunopress.it\/2009\/12\/30\/belluno-ai-vertici-nazionali-europei-e-mondiali-anche-grazie-al-karate-tradizionale\/#breadcrumb"},"inLanguage":"fr-FR","potentialAction":[{"@type":"ReadAction","target":["https:\/\/www.bellunopress.it\/2009\/12\/30\/belluno-ai-vertici-nazionali-europei-e-mondiali-anche-grazie-al-karate-tradizionale\/"]}]},{"@type":"ImageObject","inLanguage":"fr-FR","@id":"https:\/\/www.bellunopress.it\/2009\/12\/30\/belluno-ai-vertici-nazionali-europei-e-mondiali-anche-grazie-al-karate-tradizionale\/#primaryimage","url":"http:\/\/www.bellunopress.it\/wp-content\/uploads\/2009\/12\/roberto-bacchilega.jpg","contentUrl":"http:\/\/www.bellunopress.it\/wp-content\/uploads\/2009\/12\/roberto-bacchilega.jpg"},{"@type":"BreadcrumbList","@id":"https:\/\/www.bellunopress.it\/2009\/12\/30\/belluno-ai-vertici-nazionali-europei-e-mondiali-anche-grazie-al-karate-tradizionale\/#breadcrumb","itemListElement":[{"@type":"ListItem","position":1,"name":"Home","item":"https:\/\/www.bellunopress.it\/"},{"@type":"ListItem","position":2,"name":"Belluno ai vertici nazionali, europei e mondiali anche grazie al karate tradizionale"}]},{"@type":"WebSite","@id":"https:\/\/www.bellunopress.it\/#website","url":"https:\/\/www.bellunopress.it\/","name":"Bellunopress - Dolomiti","description":"e-mail: redazione@bellunopress.it","publisher":{"@id":"https:\/\/www.bellunopress.it\/#organization"},"potentialAction":[{"@type":"SearchAction","target":{"@type":"EntryPoint","urlTemplate":"https:\/\/www.bellunopress.it\/?s={search_term_string}"},"query-input":{"@type":"PropertyValueSpecification","valueRequired":true,"valueName":"search_term_string"}}],"inLanguage":"fr-FR"},{"@type":"Organization","@id":"https:\/\/www.bellunopress.it\/#organization","name":"Bellunopress","url":"https:\/\/www.bellunopress.it\/","logo":{"@type":"ImageObject","inLanguage":"fr-FR","@id":"https:\/\/www.bellunopress.it\/#\/schema\/logo\/image\/","url":"https:\/\/www.bellunopress.it\/wp-content\/uploads\/2011\/05\/cropped-logo-bellunopress-.jpg","contentUrl":"https:\/\/www.bellunopress.it\/wp-content\/uploads\/2011\/05\/cropped-logo-bellunopress-.jpg","width":512,"height":512,"caption":"Bellunopress"},"image":{"@id":"https:\/\/www.bellunopress.it\/#\/schema\/logo\/image\/"},"sameAs":["https:\/\/www.facebook.com\/profile.php?id=100008943462799","https:\/\/x.com\/bellunopress","https:\/\/www.linkedin.com\/hp\/?dnr=JBzUWaJfMUw8vbXJJ2tVW5-I3jZKvC4wsoxE&amp;amp;amp;amp;amp;amp;trk=nav_responsive_tab_home","https:\/\/www.youtube.com\/channel\/UCxL0wu1uN0_3_7hGG0306cw"]},{"@type":"Person","@id":"https:\/\/www.bellunopress.it\/#\/schema\/person\/79bb06722b37ece1c03d3e94beb30d73","name":"r\u00e9daction","image":{"@type":"ImageObject","inLanguage":"fr-FR","@id":"https:\/\/secure.gravatar.com\/avatar\/37d968a2e67a6fd04c169c4bdef102d0bc5d31b2546345219e348575eb80e9a0?s=96&d=mm&r=g","url":"https:\/\/secure.gravatar.com\/avatar\/37d968a2e67a6fd04c169c4bdef102d0bc5d31b2546345219e348575eb80e9a0?s=96&d=mm&r=g","contentUrl":"https:\/\/secure.gravatar.com\/avatar\/37d968a2e67a6fd04c169c4bdef102d0bc5d31b2546345219e348575eb80e9a0?s=96&d=mm&r=g","caption":"redazione"},"sameAs":["http:\/\/www.bellunopress.it","https:\/\/x.com\/bellunopress"],"url":"https:\/\/www.bellunopress.it\/fr\/author\/redazione\/"}]}},"_links":{"self":[{"href":"https:\/\/www.bellunopress.it\/fr\/wp-json\/wp\/v2\/posts\/11113","targetHints":{"allow":["GET"]}}],"collection":[{"href":"https:\/\/www.bellunopress.it\/fr\/wp-json\/wp\/v2\/posts"}],"about":[{"href":"https:\/\/www.bellunopress.it\/fr\/wp-json\/wp\/v2\/types\/post"}],"author":[{"embeddable":true,"href":"https:\/\/www.bellunopress.it\/fr\/wp-json\/wp\/v2\/users\/2"}],"replies":[{"embeddable":true,"href":"https:\/\/www.bellunopress.it\/fr\/wp-json\/wp\/v2\/comments?post=11113"}],"version-history":[{"count":2,"href":"https:\/\/www.bellunopress.it\/fr\/wp-json\/wp\/v2\/posts\/11113\/revisions"}],"predecessor-version":[{"id":11115,"href":"https:\/\/www.bellunopress.it\/fr\/wp-json\/wp\/v2\/posts\/11113\/revisions\/11115"}],"wp:attachment":[{"href":"https:\/\/www.bellunopress.it\/fr\/wp-json\/wp\/v2\/media?parent=11113"}],"wp:term":[{"taxonomy":"category","embeddable":true,"href":"https:\/\/www.bellunopress.it\/fr\/wp-json\/wp\/v2\/categories?post=11113"},{"taxonomy":"post_tag","embeddable":true,"href":"https:\/\/www.bellunopress.it\/fr\/wp-json\/wp\/v2\/tags?post=11113"}],"curies":[{"name":"wp","href":"https:\/\/api.w.org\/{rel}","templated":true}]}}