{"id":111049,"date":"2020-01-07T17:33:16","date_gmt":"2020-01-07T16:33:16","guid":{"rendered":"http:\/\/www.bellunopress.it\/?p=111049"},"modified":"2020-01-07T17:33:16","modified_gmt":"2020-01-07T16:33:16","slug":"la-regione-vende-31-appartamenti-nel-centro-storico-di-venezia","status":"publish","type":"post","link":"https:\/\/www.bellunopress.it\/fr\/2020\/01\/07\/la-regione-vende-31-appartamenti-nel-centro-storico-di-venezia\/","title":{"rendered":"La Regione vende 31 appartamenti nel centro storico di Venezia"},"content":{"rendered":"<figure id=\"attachment_108103\" aria-describedby=\"caption-attachment-108103\" style=\"width: 300px\" class=\"wp-caption alignleft\"><a href=\"http:\/\/www.bellunopress.it\/fr\/2019\/09\/23\/la-provincia-cerca-foto-per-la-promozione-turistica-ma-solo-da-fotografi-con-partita-iva\/venezia-palazzo-ducale-e-monte-civetta\/\" rel=\"attachment wp-att-108103\"><img loading=\"lazy\" decoding=\"async\" class=\"size-full wp-image-108103\" src=\"http:\/\/www.bellunopress.it\/wp-content\/uploads\/2019\/09\/Venezia-Palazzo-Ducale-e-Monte-Civetta.jpg\" alt=\"\" width=\"300\" height=\"205\" \/><\/a><figcaption id=\"caption-attachment-108103\" class=\"wp-caption-text\">Palazzo-Ducale e Monte Civetta (foto di Nicol\u00f2 Miana)<\/figcaption><\/figure>\n<p>Venezia, 7 gennaio 2020 &#8211;\u00a0La Regione Veneto autorizza l\u2019Ulss 3 Serenissima a mettere all\u2019asta 32 beni immobiliari di propriet\u00e0, per un valore complessivo di 13,4 milioni di euro. I primi beni ad andare all\u2019incanto saranno 22 appartamenti situati nel centro storico di Venezia, liberi da contratti di locazione, vincoli o servit\u00f9, tutti di valore superiore a 150 mila euro, per un ammontare complessivo della prima tranche del piano di alienazioni di 8,7 milioni di euro. La decisione di autorizzare l\u2019azienda sanitaria veneziana a mettere in vendita gli immobili, a partire da quelli immediatamente disponibili e di maggior valore, \u00e8 stata data oggi dalla Giunta regionale e diventer\u00e0 operativa dopo il parere di competenza della commissione Sanit\u00e0 del Consiglio veneto.<\/p>\n<p>\u201cSi tratta di una decisione importante, che porter\u00e0 nuove risorse per il potenziamento delle strutture e delle strumentazioni della sanit\u00e0 veneziana \u2013 ha dichiarato il presidente della Regione Luca Zaia alla stampa convocata a palazzo Balbi \u2013 I quasi 9 milioni di introiti previsti da questa prima tranche piano di vendita, verranno ad aggiungersi agli oltre 25 milioni ricavati da precedenti vendite di immobili di propriet\u00e0 regionale. Da quando sono presidente del Veneto ho dato mandato alle strutture di mettere in vendita, quando le procedure lo consentono, i beni immobili che non sono funzionali alle nostre attivit\u00e0 istituzionali: ville, palazzi, terreni agricoli, valli da pesca, alberghi dismessi\u2026 La Regione non pu\u00f2 e non deve fare l\u2019immobiliarista, non ne \u00e8 titolata, n\u00e9 dispone degli strumenti di gestione del privato\u201d.<\/p>\n<p>\u201cVendere i beni immobili non funzionali \u2013 ha specificato Zaia \u2013 non significa depauperare il patrimonio pubblico, ma riqualificarlo, investendo il ricavato in opere e obiettivi di pubblica utilit\u00e0, come la sanit\u00e0\u201d.<\/p>\n<p>Il piano complessivo di vendita presentato dall\u2019Ulss 3 Serenissima riguarda 32 immobili diversi, d cui 31 appartamenti a Venezia centro storico. L\u2019autorizzazione alla vendita riguarda i beni disponibili gi\u00e0 da subito, cio\u00e8 sfitti e gi\u00e0 sottoposti a perizia di stima: si tratta di 9 alloggi tra San Marco e Rialto, 6 nel sestiere di Castello, 3 a Cannaregio e 3 nel sestiere di Dorsoduro, per un valore complessivo stimato dall\u2019Agenzia delle Entrate in 8.696.300 euro.<\/p>","protected":false},"excerpt":{"rendered":"<p>Venezia, 7 gennaio 2020 &#8211;\u00a0La Regione Veneto autorizza l\u2019Ulss 3 Serenissima a mettere all\u2019asta 32 beni immobiliari di propriet\u00e0, per un valore complessivo di 13,4 milioni di euro. I primi beni ad andare all\u2019incanto saranno 22 appartamenti situati nel centro storico di Venezia, liberi da contratti di locazione, vincoli o servit\u00f9, tutti di valore superiore [&hellip;]<\/p>\n","protected":false},"author":2,"featured_media":0,"comment_status":"closed","ping_status":"open","sticky":false,"template":"","format":"standard","meta":{"footnotes":""},"categories":[5,26],"tags":[],"class_list":["post-111049","post","type-post","status-publish","format-standard","category-cronaca","category-prima-pagina"],"yoast_head":"<!-- This site is optimized with the Yoast SEO plugin v28.4 - https:\/\/yoast.com\/product\/yoast-seo-wordpress\/ -->\n<title>La Regione vende 31 appartamenti nel centro storico di Venezia - Bellunopress - Dolomiti<\/title>\n<meta name=\"robots\" content=\"index, follow, max-snippet:-1, max-image-preview:large, max-video-preview:-1\" \/>\n<link rel=\"canonical\" href=\"https:\/\/www.bellunopress.it\/fr\/2020\/01\/07\/la-regione-vende-31-appartamenti-nel-centro-storico-di-venezia\/\" \/>\n<meta property=\"og:locale\" content=\"fr_FR\" \/>\n<meta property=\"og:type\" content=\"article\" \/>\n<meta property=\"og:title\" content=\"La Regione vende 31 appartamenti nel centro storico di Venezia - Bellunopress - Dolomiti\" \/>\n<meta property=\"og:description\" content=\"Venezia, 7 gennaio 2020 &#8211;\u00a0La Regione Veneto autorizza l\u2019Ulss 3 Serenissima a mettere all\u2019asta 32 beni immobiliari di propriet\u00e0, per un valore complessivo di 13,4 milioni di euro. I primi beni ad andare all\u2019incanto saranno 22 appartamenti situati nel centro storico di Venezia, liberi da contratti di locazione, vincoli o servit\u00f9, tutti di valore superiore [&hellip;]\" \/>\n<meta property=\"og:url\" content=\"https:\/\/www.bellunopress.it\/fr\/2020\/01\/07\/la-regione-vende-31-appartamenti-nel-centro-storico-di-venezia\/\" \/>\n<meta property=\"og:site_name\" content=\"Bellunopress - Dolomiti\" \/>\n<meta property=\"article:publisher\" content=\"https:\/\/www.facebook.com\/profile.php?id=100008943462799\" \/>\n<meta property=\"article:published_time\" content=\"2020-01-07T16:33:16+00:00\" \/>\n<meta property=\"og:image\" content=\"http:\/\/www.bellunopress.it\/wp-content\/uploads\/2019\/09\/Venezia-Palazzo-Ducale-e-Monte-Civetta.jpg\" \/>\n<meta name=\"author\" content=\"redazione\" \/>\n<meta name=\"twitter:card\" content=\"summary_large_image\" \/>\n<meta name=\"twitter:creator\" content=\"@bellunopress\" \/>\n<meta name=\"twitter:site\" content=\"@bellunopress\" \/>\n<meta name=\"twitter:label1\" content=\"\u00c9crit par\" \/>\n\t<meta name=\"twitter:data1\" content=\"redazione\" \/>\n\t<meta name=\"twitter:label2\" content=\"Dur\u00e9e de lecture estim\u00e9e\" \/>\n\t<meta name=\"twitter:data2\" content=\"2 minutes\" \/>\n<script type=\"application\/ld+json\" class=\"yoast-schema-graph\">{\"@context\":\"https:\\\/\\\/schema.org\",\"@graph\":[{\"@type\":\"Article\",\"@id\":\"https:\\\/\\\/www.bellunopress.it\\\/2020\\\/01\\\/07\\\/la-regione-vende-31-appartamenti-nel-centro-storico-di-venezia\\\/#article\",\"isPartOf\":{\"@id\":\"https:\\\/\\\/www.bellunopress.it\\\/2020\\\/01\\\/07\\\/la-regione-vende-31-appartamenti-nel-centro-storico-di-venezia\\\/\"},\"author\":{\"name\":\"redazione\",\"@id\":\"https:\\\/\\\/www.bellunopress.it\\\/#\\\/schema\\\/person\\\/79bb06722b37ece1c03d3e94beb30d73\"},\"headline\":\"La Regione vende 31 appartamenti nel centro storico di Venezia\",\"datePublished\":\"2020-01-07T16:33:16+00:00\",\"mainEntityOfPage\":{\"@id\":\"https:\\\/\\\/www.bellunopress.it\\\/2020\\\/01\\\/07\\\/la-regione-vende-31-appartamenti-nel-centro-storico-di-venezia\\\/\"},\"wordCount\":363,\"publisher\":{\"@id\":\"https:\\\/\\\/www.bellunopress.it\\\/#organization\"},\"image\":{\"@id\":\"https:\\\/\\\/www.bellunopress.it\\\/2020\\\/01\\\/07\\\/la-regione-vende-31-appartamenti-nel-centro-storico-di-venezia\\\/#primaryimage\"},\"thumbnailUrl\":\"http:\\\/\\\/www.bellunopress.it\\\/wp-content\\\/uploads\\\/2019\\\/09\\\/Venezia-Palazzo-Ducale-e-Monte-Civetta.jpg\",\"articleSection\":[\"Cronaca\\\/Politica\",\"Prima Pagina\"],\"inLanguage\":\"fr-FR\"},{\"@type\":\"WebPage\",\"@id\":\"https:\\\/\\\/www.bellunopress.it\\\/2020\\\/01\\\/07\\\/la-regione-vende-31-appartamenti-nel-centro-storico-di-venezia\\\/\",\"url\":\"https:\\\/\\\/www.bellunopress.it\\\/2020\\\/01\\\/07\\\/la-regione-vende-31-appartamenti-nel-centro-storico-di-venezia\\\/\",\"name\":\"La Regione vende 31 appartamenti nel centro storico di Venezia - Bellunopress - Dolomiti\",\"isPartOf\":{\"@id\":\"https:\\\/\\\/www.bellunopress.it\\\/#website\"},\"primaryImageOfPage\":{\"@id\":\"https:\\\/\\\/www.bellunopress.it\\\/2020\\\/01\\\/07\\\/la-regione-vende-31-appartamenti-nel-centro-storico-di-venezia\\\/#primaryimage\"},\"image\":{\"@id\":\"https:\\\/\\\/www.bellunopress.it\\\/2020\\\/01\\\/07\\\/la-regione-vende-31-appartamenti-nel-centro-storico-di-venezia\\\/#primaryimage\"},\"thumbnailUrl\":\"http:\\\/\\\/www.bellunopress.it\\\/wp-content\\\/uploads\\\/2019\\\/09\\\/Venezia-Palazzo-Ducale-e-Monte-Civetta.jpg\",\"datePublished\":\"2020-01-07T16:33:16+00:00\",\"breadcrumb\":{\"@id\":\"https:\\\/\\\/www.bellunopress.it\\\/2020\\\/01\\\/07\\\/la-regione-vende-31-appartamenti-nel-centro-storico-di-venezia\\\/#breadcrumb\"},\"inLanguage\":\"fr-FR\",\"potentialAction\":[{\"@type\":\"ReadAction\",\"target\":[\"https:\\\/\\\/www.bellunopress.it\\\/2020\\\/01\\\/07\\\/la-regione-vende-31-appartamenti-nel-centro-storico-di-venezia\\\/\"]}]},{\"@type\":\"ImageObject\",\"inLanguage\":\"fr-FR\",\"@id\":\"https:\\\/\\\/www.bellunopress.it\\\/2020\\\/01\\\/07\\\/la-regione-vende-31-appartamenti-nel-centro-storico-di-venezia\\\/#primaryimage\",\"url\":\"http:\\\/\\\/www.bellunopress.it\\\/wp-content\\\/uploads\\\/2019\\\/09\\\/Venezia-Palazzo-Ducale-e-Monte-Civetta.jpg\",\"contentUrl\":\"http:\\\/\\\/www.bellunopress.it\\\/wp-content\\\/uploads\\\/2019\\\/09\\\/Venezia-Palazzo-Ducale-e-Monte-Civetta.jpg\"},{\"@type\":\"BreadcrumbList\",\"@id\":\"https:\\\/\\\/www.bellunopress.it\\\/2020\\\/01\\\/07\\\/la-regione-vende-31-appartamenti-nel-centro-storico-di-venezia\\\/#breadcrumb\",\"itemListElement\":[{\"@type\":\"ListItem\",\"position\":1,\"name\":\"Home\",\"item\":\"https:\\\/\\\/www.bellunopress.it\\\/\"},{\"@type\":\"ListItem\",\"position\":2,\"name\":\"La Regione vende 31 appartamenti nel centro storico di Venezia\"}]},{\"@type\":\"WebSite\",\"@id\":\"https:\\\/\\\/www.bellunopress.it\\\/#website\",\"url\":\"https:\\\/\\\/www.bellunopress.it\\\/\",\"name\":\"Bellunopress - Dolomiti\",\"description\":\"e-mail: redazione@bellunopress.it\",\"publisher\":{\"@id\":\"https:\\\/\\\/www.bellunopress.it\\\/#organization\"},\"potentialAction\":[{\"@type\":\"SearchAction\",\"target\":{\"@type\":\"EntryPoint\",\"urlTemplate\":\"https:\\\/\\\/www.bellunopress.it\\\/?s={search_term_string}\"},\"query-input\":{\"@type\":\"PropertyValueSpecification\",\"valueRequired\":true,\"valueName\":\"search_term_string\"}}],\"inLanguage\":\"fr-FR\"},{\"@type\":\"Organization\",\"@id\":\"https:\\\/\\\/www.bellunopress.it\\\/#organization\",\"name\":\"Bellunopress\",\"url\":\"https:\\\/\\\/www.bellunopress.it\\\/\",\"logo\":{\"@type\":\"ImageObject\",\"inLanguage\":\"fr-FR\",\"@id\":\"https:\\\/\\\/www.bellunopress.it\\\/#\\\/schema\\\/logo\\\/image\\\/\",\"url\":\"https:\\\/\\\/www.bellunopress.it\\\/wp-content\\\/uploads\\\/2011\\\/05\\\/cropped-logo-bellunopress-.jpg\",\"contentUrl\":\"https:\\\/\\\/www.bellunopress.it\\\/wp-content\\\/uploads\\\/2011\\\/05\\\/cropped-logo-bellunopress-.jpg\",\"width\":512,\"height\":512,\"caption\":\"Bellunopress\"},\"image\":{\"@id\":\"https:\\\/\\\/www.bellunopress.it\\\/#\\\/schema\\\/logo\\\/image\\\/\"},\"sameAs\":[\"https:\\\/\\\/www.facebook.com\\\/profile.php?id=100008943462799\",\"https:\\\/\\\/x.com\\\/bellunopress\",\"https:\\\/\\\/www.linkedin.com\\\/hp\\\/?dnr=JBzUWaJfMUw8vbXJJ2tVW5-I3jZKvC4wsoxE&amp;amp;amp;amp;amp;amp;trk=nav_responsive_tab_home\",\"https:\\\/\\\/www.youtube.com\\\/channel\\\/UCxL0wu1uN0_3_7hGG0306cw\"]},{\"@type\":\"Person\",\"@id\":\"https:\\\/\\\/www.bellunopress.it\\\/#\\\/schema\\\/person\\\/79bb06722b37ece1c03d3e94beb30d73\",\"name\":\"redazione\",\"image\":{\"@type\":\"ImageObject\",\"inLanguage\":\"fr-FR\",\"@id\":\"https:\\\/\\\/secure.gravatar.com\\\/avatar\\\/37d968a2e67a6fd04c169c4bdef102d0bc5d31b2546345219e348575eb80e9a0?s=96&d=mm&r=g\",\"url\":\"https:\\\/\\\/secure.gravatar.com\\\/avatar\\\/37d968a2e67a6fd04c169c4bdef102d0bc5d31b2546345219e348575eb80e9a0?s=96&d=mm&r=g\",\"contentUrl\":\"https:\\\/\\\/secure.gravatar.com\\\/avatar\\\/37d968a2e67a6fd04c169c4bdef102d0bc5d31b2546345219e348575eb80e9a0?s=96&d=mm&r=g\",\"caption\":\"redazione\"},\"sameAs\":[\"http:\\\/\\\/www.bellunopress.it\",\"https:\\\/\\\/x.com\\\/bellunopress\"],\"url\":\"https:\\\/\\\/www.bellunopress.it\\\/fr\\\/author\\\/redazione\\\/\"}]}<\/script>\n<!-- \/ Yoast SEO plugin. -->","yoast_head_json":{"title":"La Regione vende 31 appartamenti nel centro storico di Venezia - Bellunopress - Dolomiti","robots":{"index":"index","follow":"follow","max-snippet":"max-snippet:-1","max-image-preview":"max-image-preview:large","max-video-preview":"max-video-preview:-1"},"canonical":"https:\/\/www.bellunopress.it\/fr\/2020\/01\/07\/la-regione-vende-31-appartamenti-nel-centro-storico-di-venezia\/","og_locale":"fr_FR","og_type":"article","og_title":"La Regione vende 31 appartamenti nel centro storico di Venezia - Bellunopress - Dolomiti","og_description":"Venezia, 7 gennaio 2020 &#8211;\u00a0La Regione Veneto autorizza l\u2019Ulss 3 Serenissima a mettere all\u2019asta 32 beni immobiliari di propriet\u00e0, per un valore complessivo di 13,4 milioni di euro. I primi beni ad andare all\u2019incanto saranno 22 appartamenti situati nel centro storico di Venezia, liberi da contratti di locazione, vincoli o servit\u00f9, tutti di valore superiore [&hellip;]","og_url":"https:\/\/www.bellunopress.it\/fr\/2020\/01\/07\/la-regione-vende-31-appartamenti-nel-centro-storico-di-venezia\/","og_site_name":"Bellunopress - Dolomiti","article_publisher":"https:\/\/www.facebook.com\/profile.php?id=100008943462799","article_published_time":"2020-01-07T16:33:16+00:00","og_image":[{"url":"http:\/\/www.bellunopress.it\/wp-content\/uploads\/2019\/09\/Venezia-Palazzo-Ducale-e-Monte-Civetta.jpg","type":"","width":"","height":""}],"author":"redazione","twitter_card":"summary_large_image","twitter_creator":"@bellunopress","twitter_site":"@bellunopress","twitter_misc":{"\u00c9crit par":"redazione","Dur\u00e9e de lecture estim\u00e9e":"2 minutes"},"schema":{"@context":"https:\/\/schema.org","@graph":[{"@type":"Article","@id":"https:\/\/www.bellunopress.it\/2020\/01\/07\/la-regione-vende-31-appartamenti-nel-centro-storico-di-venezia\/#article","isPartOf":{"@id":"https:\/\/www.bellunopress.it\/2020\/01\/07\/la-regione-vende-31-appartamenti-nel-centro-storico-di-venezia\/"},"author":{"name":"redazione","@id":"https:\/\/www.bellunopress.it\/#\/schema\/person\/79bb06722b37ece1c03d3e94beb30d73"},"headline":"La Regione vende 31 appartamenti nel centro storico di Venezia","datePublished":"2020-01-07T16:33:16+00:00","mainEntityOfPage":{"@id":"https:\/\/www.bellunopress.it\/2020\/01\/07\/la-regione-vende-31-appartamenti-nel-centro-storico-di-venezia\/"},"wordCount":363,"publisher":{"@id":"https:\/\/www.bellunopress.it\/#organization"},"image":{"@id":"https:\/\/www.bellunopress.it\/2020\/01\/07\/la-regione-vende-31-appartamenti-nel-centro-storico-di-venezia\/#primaryimage"},"thumbnailUrl":"http:\/\/www.bellunopress.it\/wp-content\/uploads\/2019\/09\/Venezia-Palazzo-Ducale-e-Monte-Civetta.jpg","articleSection":["Cronaca\/Politica","Prima Pagina"],"inLanguage":"fr-FR"},{"@type":"WebPage","@id":"https:\/\/www.bellunopress.it\/2020\/01\/07\/la-regione-vende-31-appartamenti-nel-centro-storico-di-venezia\/","url":"https:\/\/www.bellunopress.it\/2020\/01\/07\/la-regione-vende-31-appartamenti-nel-centro-storico-di-venezia\/","name":"La Regione vende 31 appartamenti nel centro storico di Venezia - Bellunopress - Dolomiti","isPartOf":{"@id":"https:\/\/www.bellunopress.it\/#website"},"primaryImageOfPage":{"@id":"https:\/\/www.bellunopress.it\/2020\/01\/07\/la-regione-vende-31-appartamenti-nel-centro-storico-di-venezia\/#primaryimage"},"image":{"@id":"https:\/\/www.bellunopress.it\/2020\/01\/07\/la-regione-vende-31-appartamenti-nel-centro-storico-di-venezia\/#primaryimage"},"thumbnailUrl":"http:\/\/www.bellunopress.it\/wp-content\/uploads\/2019\/09\/Venezia-Palazzo-Ducale-e-Monte-Civetta.jpg","datePublished":"2020-01-07T16:33:16+00:00","breadcrumb":{"@id":"https:\/\/www.bellunopress.it\/2020\/01\/07\/la-regione-vende-31-appartamenti-nel-centro-storico-di-venezia\/#breadcrumb"},"inLanguage":"fr-FR","potentialAction":[{"@type":"ReadAction","target":["https:\/\/www.bellunopress.it\/2020\/01\/07\/la-regione-vende-31-appartamenti-nel-centro-storico-di-venezia\/"]}]},{"@type":"ImageObject","inLanguage":"fr-FR","@id":"https:\/\/www.bellunopress.it\/2020\/01\/07\/la-regione-vende-31-appartamenti-nel-centro-storico-di-venezia\/#primaryimage","url":"http:\/\/www.bellunopress.it\/wp-content\/uploads\/2019\/09\/Venezia-Palazzo-Ducale-e-Monte-Civetta.jpg","contentUrl":"http:\/\/www.bellunopress.it\/wp-content\/uploads\/2019\/09\/Venezia-Palazzo-Ducale-e-Monte-Civetta.jpg"},{"@type":"BreadcrumbList","@id":"https:\/\/www.bellunopress.it\/2020\/01\/07\/la-regione-vende-31-appartamenti-nel-centro-storico-di-venezia\/#breadcrumb","itemListElement":[{"@type":"ListItem","position":1,"name":"Home","item":"https:\/\/www.bellunopress.it\/"},{"@type":"ListItem","position":2,"name":"La Regione vende 31 appartamenti nel centro storico di Venezia"}]},{"@type":"WebSite","@id":"https:\/\/www.bellunopress.it\/#website","url":"https:\/\/www.bellunopress.it\/","name":"Bellunopress - Dolomiti","description":"e-mail: redazione@bellunopress.it","publisher":{"@id":"https:\/\/www.bellunopress.it\/#organization"},"potentialAction":[{"@type":"SearchAction","target":{"@type":"EntryPoint","urlTemplate":"https:\/\/www.bellunopress.it\/?s={search_term_string}"},"query-input":{"@type":"PropertyValueSpecification","valueRequired":true,"valueName":"search_term_string"}}],"inLanguage":"fr-FR"},{"@type":"Organization","@id":"https:\/\/www.bellunopress.it\/#organization","name":"Bellunopress","url":"https:\/\/www.bellunopress.it\/","logo":{"@type":"ImageObject","inLanguage":"fr-FR","@id":"https:\/\/www.bellunopress.it\/#\/schema\/logo\/image\/","url":"https:\/\/www.bellunopress.it\/wp-content\/uploads\/2011\/05\/cropped-logo-bellunopress-.jpg","contentUrl":"https:\/\/www.bellunopress.it\/wp-content\/uploads\/2011\/05\/cropped-logo-bellunopress-.jpg","width":512,"height":512,"caption":"Bellunopress"},"image":{"@id":"https:\/\/www.bellunopress.it\/#\/schema\/logo\/image\/"},"sameAs":["https:\/\/www.facebook.com\/profile.php?id=100008943462799","https:\/\/x.com\/bellunopress","https:\/\/www.linkedin.com\/hp\/?dnr=JBzUWaJfMUw8vbXJJ2tVW5-I3jZKvC4wsoxE&amp;amp;amp;amp;amp;amp;trk=nav_responsive_tab_home","https:\/\/www.youtube.com\/channel\/UCxL0wu1uN0_3_7hGG0306cw"]},{"@type":"Person","@id":"https:\/\/www.bellunopress.it\/#\/schema\/person\/79bb06722b37ece1c03d3e94beb30d73","name":"r\u00e9daction","image":{"@type":"ImageObject","inLanguage":"fr-FR","@id":"https:\/\/secure.gravatar.com\/avatar\/37d968a2e67a6fd04c169c4bdef102d0bc5d31b2546345219e348575eb80e9a0?s=96&d=mm&r=g","url":"https:\/\/secure.gravatar.com\/avatar\/37d968a2e67a6fd04c169c4bdef102d0bc5d31b2546345219e348575eb80e9a0?s=96&d=mm&r=g","contentUrl":"https:\/\/secure.gravatar.com\/avatar\/37d968a2e67a6fd04c169c4bdef102d0bc5d31b2546345219e348575eb80e9a0?s=96&d=mm&r=g","caption":"redazione"},"sameAs":["http:\/\/www.bellunopress.it","https:\/\/x.com\/bellunopress"],"url":"https:\/\/www.bellunopress.it\/fr\/author\/redazione\/"}]}},"_links":{"self":[{"href":"https:\/\/www.bellunopress.it\/fr\/wp-json\/wp\/v2\/posts\/111049","targetHints":{"allow":["GET"]}}],"collection":[{"href":"https:\/\/www.bellunopress.it\/fr\/wp-json\/wp\/v2\/posts"}],"about":[{"href":"https:\/\/www.bellunopress.it\/fr\/wp-json\/wp\/v2\/types\/post"}],"author":[{"embeddable":true,"href":"https:\/\/www.bellunopress.it\/fr\/wp-json\/wp\/v2\/users\/2"}],"replies":[{"embeddable":true,"href":"https:\/\/www.bellunopress.it\/fr\/wp-json\/wp\/v2\/comments?post=111049"}],"version-history":[{"count":1,"href":"https:\/\/www.bellunopress.it\/fr\/wp-json\/wp\/v2\/posts\/111049\/revisions"}],"predecessor-version":[{"id":111050,"href":"https:\/\/www.bellunopress.it\/fr\/wp-json\/wp\/v2\/posts\/111049\/revisions\/111050"}],"wp:attachment":[{"href":"https:\/\/www.bellunopress.it\/fr\/wp-json\/wp\/v2\/media?parent=111049"}],"wp:term":[{"taxonomy":"category","embeddable":true,"href":"https:\/\/www.bellunopress.it\/fr\/wp-json\/wp\/v2\/categories?post=111049"},{"taxonomy":"post_tag","embeddable":true,"href":"https:\/\/www.bellunopress.it\/fr\/wp-json\/wp\/v2\/tags?post=111049"}],"curies":[{"name":"wp","href":"https:\/\/api.w.org\/{rel}","templated":true}]}}