{"id":111047,"date":"2020-01-07T17:29:08","date_gmt":"2020-01-07T16:29:08","guid":{"rendered":"http:\/\/www.bellunopress.it\/?p=111047"},"modified":"2020-01-07T17:29:08","modified_gmt":"2020-01-07T16:29:08","slug":"olimpiadi-2026-nominati-i-componenti-del-cda-della-fondazione","status":"publish","type":"post","link":"https:\/\/www.bellunopress.it\/fr\/2020\/01\/07\/olimpiadi-2026-nominati-i-componenti-del-cda-della-fondazione\/","title":{"rendered":"Olimpiadi 2026. Nominati i componenti del cda della Fondazione"},"content":{"rendered":"<figure id=\"attachment_107382\" aria-describedby=\"caption-attachment-107382\" style=\"width: 241px\" class=\"wp-caption alignleft\"><a href=\"http:\/\/www.bellunopress.it\/fr\/2019\/08\/27\/edilizia-popolare-zaia-14mila-famiglie-in-stato-di-bisogno-attendono-casa\/luca-zaia-4\/\" rel=\"attachment wp-att-107382\"><img loading=\"lazy\" decoding=\"async\" class=\"size-full wp-image-107382\" src=\"http:\/\/www.bellunopress.it\/wp-content\/uploads\/2019\/08\/Luca-Zaia.jpg\" alt=\"\" width=\"241\" height=\"300\" \/><\/a><figcaption id=\"caption-attachment-107382\" class=\"wp-caption-text\">Luca Zaia &#8211; Presidente della Regione del Veneto<\/figcaption><\/figure>\n<p>Venezia, 7 gennaio 2020\u00a0 &#8211;\u00a0\u00a0\u201cAbbiamo nominato i membri che rappresenteranno il Veneto nel consiglio di amministrazione della fondazione olimpica. Sono il prof. Andrea Giovanardi e l\u2019avvocato Antonella Lillo. Due profili tecnici, strutturati e altamente qualificati, che abbiamo delegato ad essere figure a tutela dei 4 miliardi e mezzo che gestiremo per l\u2019organizzazione delle olimpiadi 2026. Saranno loro a rappresentarci con obiettivo una gestione specchiata, esigente, a tutela dell\u2019interesse del Veneto\u201d.<\/p>\n<p>Cos\u00ec il presidente della Regione Luca Zaia ha annunciato la delibera con la quale la Giunta regionale oggi ha ratificato la nomina dei due componenti che rappresenteranno la Regione del Veneto nella neonata Fondazione olimpica destinata a gestire l\u2019intera organizzazione di Milano-Cortina 2026.<\/p>\n<p>La Regione del Veneto ha diritto alla nomina di due componenti nel cda, uno che rappresenta esclusivamente il Veneto, un secondo che viene nominato in condivisione con il Comune di Cortina. Per procedere alla scelta la Regione ha pubblicato un bando alla cui scadenza sono state presentate oltre una quindicina di domande. Da queste \u00e8 stata effettuata la scelta.<\/p>\n<p>La Giunta oggi ha formalizzato la nomina dell\u2019avvocato Antonella Lillo e, per la propria parte, del prof. Andrea Giovanardi, che verr\u00e0 poi nominato anche dal Comune di Cortina.<\/p>\n<p>\u201cNoi siamo i primi a procedere alla nomina \u2013 ha sottolineato il presidente Luca Zaia \u2013 seguiranno il Comune di Milano, la Regione Lombardia e poi via via tutti i soggetti coinvolti. Nel frattempo stanno arrivando le autorizzazioni per le opere e stiamo procedendo su tutti i fronti. Intanto, con questo atto, possiamo dire che la macchina delle olimpiadi \u00e8 partita\u201d.<\/p>\n<p>\u201cTema di fondamentale importanza resta la legge olimpica \u2013 ha concluso il Governatore \u2013 la bozza esiste gi\u00e0, si tratta di fare qualche limatura, ma siamo a buon punto e c\u2019\u00e8 massima collaborazione con il Ministro Spadafora. Le Olimpiadi sono un\u2019opportunit\u00e0, saranno olimpiadi low cost con massima attenzione all\u2019ambiente e noi ci siamo impegnati a gestirle con il massimo della trasparenza\u201d.<\/p>","protected":false},"excerpt":{"rendered":"<p>Venezia, 7 gennaio 2020\u00a0 &#8211;\u00a0\u00a0\u201cAbbiamo nominato i membri che rappresenteranno il Veneto nel consiglio di amministrazione della fondazione olimpica. Sono il prof. Andrea Giovanardi e l\u2019avvocato Antonella Lillo. Due profili tecnici, strutturati e altamente qualificati, che abbiamo delegato ad essere figure a tutela dei 4 miliardi e mezzo che gestiremo per l\u2019organizzazione delle olimpiadi 2026. [&hellip;]<\/p>\n","protected":false},"author":2,"featured_media":0,"comment_status":"closed","ping_status":"open","sticky":false,"template":"","format":"standard","meta":{"footnotes":""},"categories":[5,26,4],"tags":[],"class_list":["post-111047","post","type-post","status-publish","format-standard","category-cronaca","category-prima-pagina","category-sport"],"yoast_head":"<!-- This site is optimized with the Yoast SEO plugin v28.4 - https:\/\/yoast.com\/product\/yoast-seo-wordpress\/ -->\n<title>Olimpiadi 2026. Nominati i componenti del cda della Fondazione - Bellunopress - Dolomiti<\/title>\n<meta name=\"robots\" content=\"index, follow, max-snippet:-1, max-image-preview:large, max-video-preview:-1\" \/>\n<link rel=\"canonical\" href=\"https:\/\/www.bellunopress.it\/fr\/2020\/01\/07\/olimpiadi-2026-nominati-i-componenti-del-cda-della-fondazione\/\" \/>\n<meta property=\"og:locale\" content=\"fr_FR\" \/>\n<meta property=\"og:type\" content=\"article\" \/>\n<meta property=\"og:title\" content=\"Olimpiadi 2026. Nominati i componenti del cda della Fondazione - Bellunopress - Dolomiti\" \/>\n<meta property=\"og:description\" content=\"Venezia, 7 gennaio 2020\u00a0 &#8211;\u00a0\u00a0\u201cAbbiamo nominato i membri che rappresenteranno il Veneto nel consiglio di amministrazione della fondazione olimpica. Sono il prof. Andrea Giovanardi e l\u2019avvocato Antonella Lillo. Due profili tecnici, strutturati e altamente qualificati, che abbiamo delegato ad essere figure a tutela dei 4 miliardi e mezzo che gestiremo per l\u2019organizzazione delle olimpiadi 2026. [&hellip;]\" \/>\n<meta property=\"og:url\" content=\"https:\/\/www.bellunopress.it\/fr\/2020\/01\/07\/olimpiadi-2026-nominati-i-componenti-del-cda-della-fondazione\/\" \/>\n<meta property=\"og:site_name\" content=\"Bellunopress - Dolomiti\" \/>\n<meta property=\"article:publisher\" content=\"https:\/\/www.facebook.com\/profile.php?id=100008943462799\" \/>\n<meta property=\"article:published_time\" content=\"2020-01-07T16:29:08+00:00\" \/>\n<meta property=\"og:image\" content=\"http:\/\/www.bellunopress.it\/wp-content\/uploads\/2019\/08\/Luca-Zaia.jpg\" \/>\n<meta name=\"author\" content=\"redazione\" \/>\n<meta name=\"twitter:card\" content=\"summary_large_image\" \/>\n<meta name=\"twitter:creator\" content=\"@bellunopress\" \/>\n<meta name=\"twitter:site\" content=\"@bellunopress\" \/>\n<meta name=\"twitter:label1\" content=\"\u00c9crit par\" \/>\n\t<meta name=\"twitter:data1\" content=\"redazione\" \/>\n\t<meta name=\"twitter:label2\" content=\"Dur\u00e9e de lecture estim\u00e9e\" \/>\n\t<meta name=\"twitter:data2\" content=\"2 minutes\" \/>\n<script type=\"application\/ld+json\" class=\"yoast-schema-graph\">{\"@context\":\"https:\\\/\\\/schema.org\",\"@graph\":[{\"@type\":\"Article\",\"@id\":\"https:\\\/\\\/www.bellunopress.it\\\/2020\\\/01\\\/07\\\/olimpiadi-2026-nominati-i-componenti-del-cda-della-fondazione\\\/#article\",\"isPartOf\":{\"@id\":\"https:\\\/\\\/www.bellunopress.it\\\/2020\\\/01\\\/07\\\/olimpiadi-2026-nominati-i-componenti-del-cda-della-fondazione\\\/\"},\"author\":{\"name\":\"redazione\",\"@id\":\"https:\\\/\\\/www.bellunopress.it\\\/#\\\/schema\\\/person\\\/79bb06722b37ece1c03d3e94beb30d73\"},\"headline\":\"Olimpiadi 2026. Nominati i componenti del cda della Fondazione\",\"datePublished\":\"2020-01-07T16:29:08+00:00\",\"mainEntityOfPage\":{\"@id\":\"https:\\\/\\\/www.bellunopress.it\\\/2020\\\/01\\\/07\\\/olimpiadi-2026-nominati-i-componenti-del-cda-della-fondazione\\\/\"},\"wordCount\":342,\"publisher\":{\"@id\":\"https:\\\/\\\/www.bellunopress.it\\\/#organization\"},\"image\":{\"@id\":\"https:\\\/\\\/www.bellunopress.it\\\/2020\\\/01\\\/07\\\/olimpiadi-2026-nominati-i-componenti-del-cda-della-fondazione\\\/#primaryimage\"},\"thumbnailUrl\":\"http:\\\/\\\/www.bellunopress.it\\\/wp-content\\\/uploads\\\/2019\\\/08\\\/Luca-Zaia.jpg\",\"articleSection\":[\"Cronaca\\\/Politica\",\"Prima Pagina\",\"Sport, tempo libero\"],\"inLanguage\":\"fr-FR\"},{\"@type\":\"WebPage\",\"@id\":\"https:\\\/\\\/www.bellunopress.it\\\/2020\\\/01\\\/07\\\/olimpiadi-2026-nominati-i-componenti-del-cda-della-fondazione\\\/\",\"url\":\"https:\\\/\\\/www.bellunopress.it\\\/2020\\\/01\\\/07\\\/olimpiadi-2026-nominati-i-componenti-del-cda-della-fondazione\\\/\",\"name\":\"Olimpiadi 2026. Nominati i componenti del cda della Fondazione - Bellunopress - Dolomiti\",\"isPartOf\":{\"@id\":\"https:\\\/\\\/www.bellunopress.it\\\/#website\"},\"primaryImageOfPage\":{\"@id\":\"https:\\\/\\\/www.bellunopress.it\\\/2020\\\/01\\\/07\\\/olimpiadi-2026-nominati-i-componenti-del-cda-della-fondazione\\\/#primaryimage\"},\"image\":{\"@id\":\"https:\\\/\\\/www.bellunopress.it\\\/2020\\\/01\\\/07\\\/olimpiadi-2026-nominati-i-componenti-del-cda-della-fondazione\\\/#primaryimage\"},\"thumbnailUrl\":\"http:\\\/\\\/www.bellunopress.it\\\/wp-content\\\/uploads\\\/2019\\\/08\\\/Luca-Zaia.jpg\",\"datePublished\":\"2020-01-07T16:29:08+00:00\",\"breadcrumb\":{\"@id\":\"https:\\\/\\\/www.bellunopress.it\\\/2020\\\/01\\\/07\\\/olimpiadi-2026-nominati-i-componenti-del-cda-della-fondazione\\\/#breadcrumb\"},\"inLanguage\":\"fr-FR\",\"potentialAction\":[{\"@type\":\"ReadAction\",\"target\":[\"https:\\\/\\\/www.bellunopress.it\\\/2020\\\/01\\\/07\\\/olimpiadi-2026-nominati-i-componenti-del-cda-della-fondazione\\\/\"]}]},{\"@type\":\"ImageObject\",\"inLanguage\":\"fr-FR\",\"@id\":\"https:\\\/\\\/www.bellunopress.it\\\/2020\\\/01\\\/07\\\/olimpiadi-2026-nominati-i-componenti-del-cda-della-fondazione\\\/#primaryimage\",\"url\":\"http:\\\/\\\/www.bellunopress.it\\\/wp-content\\\/uploads\\\/2019\\\/08\\\/Luca-Zaia.jpg\",\"contentUrl\":\"http:\\\/\\\/www.bellunopress.it\\\/wp-content\\\/uploads\\\/2019\\\/08\\\/Luca-Zaia.jpg\"},{\"@type\":\"BreadcrumbList\",\"@id\":\"https:\\\/\\\/www.bellunopress.it\\\/2020\\\/01\\\/07\\\/olimpiadi-2026-nominati-i-componenti-del-cda-della-fondazione\\\/#breadcrumb\",\"itemListElement\":[{\"@type\":\"ListItem\",\"position\":1,\"name\":\"Home\",\"item\":\"https:\\\/\\\/www.bellunopress.it\\\/\"},{\"@type\":\"ListItem\",\"position\":2,\"name\":\"Olimpiadi 2026. Nominati i componenti del cda della Fondazione\"}]},{\"@type\":\"WebSite\",\"@id\":\"https:\\\/\\\/www.bellunopress.it\\\/#website\",\"url\":\"https:\\\/\\\/www.bellunopress.it\\\/\",\"name\":\"Bellunopress - Dolomiti\",\"description\":\"e-mail: redazione@bellunopress.it\",\"publisher\":{\"@id\":\"https:\\\/\\\/www.bellunopress.it\\\/#organization\"},\"potentialAction\":[{\"@type\":\"SearchAction\",\"target\":{\"@type\":\"EntryPoint\",\"urlTemplate\":\"https:\\\/\\\/www.bellunopress.it\\\/?s={search_term_string}\"},\"query-input\":{\"@type\":\"PropertyValueSpecification\",\"valueRequired\":true,\"valueName\":\"search_term_string\"}}],\"inLanguage\":\"fr-FR\"},{\"@type\":\"Organization\",\"@id\":\"https:\\\/\\\/www.bellunopress.it\\\/#organization\",\"name\":\"Bellunopress\",\"url\":\"https:\\\/\\\/www.bellunopress.it\\\/\",\"logo\":{\"@type\":\"ImageObject\",\"inLanguage\":\"fr-FR\",\"@id\":\"https:\\\/\\\/www.bellunopress.it\\\/#\\\/schema\\\/logo\\\/image\\\/\",\"url\":\"https:\\\/\\\/www.bellunopress.it\\\/wp-content\\\/uploads\\\/2011\\\/05\\\/cropped-logo-bellunopress-.jpg\",\"contentUrl\":\"https:\\\/\\\/www.bellunopress.it\\\/wp-content\\\/uploads\\\/2011\\\/05\\\/cropped-logo-bellunopress-.jpg\",\"width\":512,\"height\":512,\"caption\":\"Bellunopress\"},\"image\":{\"@id\":\"https:\\\/\\\/www.bellunopress.it\\\/#\\\/schema\\\/logo\\\/image\\\/\"},\"sameAs\":[\"https:\\\/\\\/www.facebook.com\\\/profile.php?id=100008943462799\",\"https:\\\/\\\/x.com\\\/bellunopress\",\"https:\\\/\\\/www.linkedin.com\\\/hp\\\/?dnr=JBzUWaJfMUw8vbXJJ2tVW5-I3jZKvC4wsoxE&amp;amp;amp;amp;amp;amp;trk=nav_responsive_tab_home\",\"https:\\\/\\\/www.youtube.com\\\/channel\\\/UCxL0wu1uN0_3_7hGG0306cw\"]},{\"@type\":\"Person\",\"@id\":\"https:\\\/\\\/www.bellunopress.it\\\/#\\\/schema\\\/person\\\/79bb06722b37ece1c03d3e94beb30d73\",\"name\":\"redazione\",\"image\":{\"@type\":\"ImageObject\",\"inLanguage\":\"fr-FR\",\"@id\":\"https:\\\/\\\/secure.gravatar.com\\\/avatar\\\/37d968a2e67a6fd04c169c4bdef102d0bc5d31b2546345219e348575eb80e9a0?s=96&d=mm&r=g\",\"url\":\"https:\\\/\\\/secure.gravatar.com\\\/avatar\\\/37d968a2e67a6fd04c169c4bdef102d0bc5d31b2546345219e348575eb80e9a0?s=96&d=mm&r=g\",\"contentUrl\":\"https:\\\/\\\/secure.gravatar.com\\\/avatar\\\/37d968a2e67a6fd04c169c4bdef102d0bc5d31b2546345219e348575eb80e9a0?s=96&d=mm&r=g\",\"caption\":\"redazione\"},\"sameAs\":[\"http:\\\/\\\/www.bellunopress.it\",\"https:\\\/\\\/x.com\\\/bellunopress\"],\"url\":\"https:\\\/\\\/www.bellunopress.it\\\/fr\\\/author\\\/redazione\\\/\"}]}<\/script>\n<!-- \/ Yoast SEO plugin. -->","yoast_head_json":{"title":"Olimpiadi 2026. Nominati i componenti del cda della Fondazione - Bellunopress - Dolomiti","robots":{"index":"index","follow":"follow","max-snippet":"max-snippet:-1","max-image-preview":"max-image-preview:large","max-video-preview":"max-video-preview:-1"},"canonical":"https:\/\/www.bellunopress.it\/fr\/2020\/01\/07\/olimpiadi-2026-nominati-i-componenti-del-cda-della-fondazione\/","og_locale":"fr_FR","og_type":"article","og_title":"Olimpiadi 2026. Nominati i componenti del cda della Fondazione - Bellunopress - Dolomiti","og_description":"Venezia, 7 gennaio 2020\u00a0 &#8211;\u00a0\u00a0\u201cAbbiamo nominato i membri che rappresenteranno il Veneto nel consiglio di amministrazione della fondazione olimpica. Sono il prof. Andrea Giovanardi e l\u2019avvocato Antonella Lillo. Due profili tecnici, strutturati e altamente qualificati, che abbiamo delegato ad essere figure a tutela dei 4 miliardi e mezzo che gestiremo per l\u2019organizzazione delle olimpiadi 2026. [&hellip;]","og_url":"https:\/\/www.bellunopress.it\/fr\/2020\/01\/07\/olimpiadi-2026-nominati-i-componenti-del-cda-della-fondazione\/","og_site_name":"Bellunopress - Dolomiti","article_publisher":"https:\/\/www.facebook.com\/profile.php?id=100008943462799","article_published_time":"2020-01-07T16:29:08+00:00","og_image":[{"url":"http:\/\/www.bellunopress.it\/wp-content\/uploads\/2019\/08\/Luca-Zaia.jpg","type":"","width":"","height":""}],"author":"redazione","twitter_card":"summary_large_image","twitter_creator":"@bellunopress","twitter_site":"@bellunopress","twitter_misc":{"\u00c9crit par":"redazione","Dur\u00e9e de lecture estim\u00e9e":"2 minutes"},"schema":{"@context":"https:\/\/schema.org","@graph":[{"@type":"Article","@id":"https:\/\/www.bellunopress.it\/2020\/01\/07\/olimpiadi-2026-nominati-i-componenti-del-cda-della-fondazione\/#article","isPartOf":{"@id":"https:\/\/www.bellunopress.it\/2020\/01\/07\/olimpiadi-2026-nominati-i-componenti-del-cda-della-fondazione\/"},"author":{"name":"redazione","@id":"https:\/\/www.bellunopress.it\/#\/schema\/person\/79bb06722b37ece1c03d3e94beb30d73"},"headline":"Olimpiadi 2026. Nominati i componenti del cda della Fondazione","datePublished":"2020-01-07T16:29:08+00:00","mainEntityOfPage":{"@id":"https:\/\/www.bellunopress.it\/2020\/01\/07\/olimpiadi-2026-nominati-i-componenti-del-cda-della-fondazione\/"},"wordCount":342,"publisher":{"@id":"https:\/\/www.bellunopress.it\/#organization"},"image":{"@id":"https:\/\/www.bellunopress.it\/2020\/01\/07\/olimpiadi-2026-nominati-i-componenti-del-cda-della-fondazione\/#primaryimage"},"thumbnailUrl":"http:\/\/www.bellunopress.it\/wp-content\/uploads\/2019\/08\/Luca-Zaia.jpg","articleSection":["Cronaca\/Politica","Prima Pagina","Sport, tempo libero"],"inLanguage":"fr-FR"},{"@type":"WebPage","@id":"https:\/\/www.bellunopress.it\/2020\/01\/07\/olimpiadi-2026-nominati-i-componenti-del-cda-della-fondazione\/","url":"https:\/\/www.bellunopress.it\/2020\/01\/07\/olimpiadi-2026-nominati-i-componenti-del-cda-della-fondazione\/","name":"Olimpiadi 2026. Nominati i componenti del cda della Fondazione - Bellunopress - Dolomiti","isPartOf":{"@id":"https:\/\/www.bellunopress.it\/#website"},"primaryImageOfPage":{"@id":"https:\/\/www.bellunopress.it\/2020\/01\/07\/olimpiadi-2026-nominati-i-componenti-del-cda-della-fondazione\/#primaryimage"},"image":{"@id":"https:\/\/www.bellunopress.it\/2020\/01\/07\/olimpiadi-2026-nominati-i-componenti-del-cda-della-fondazione\/#primaryimage"},"thumbnailUrl":"http:\/\/www.bellunopress.it\/wp-content\/uploads\/2019\/08\/Luca-Zaia.jpg","datePublished":"2020-01-07T16:29:08+00:00","breadcrumb":{"@id":"https:\/\/www.bellunopress.it\/2020\/01\/07\/olimpiadi-2026-nominati-i-componenti-del-cda-della-fondazione\/#breadcrumb"},"inLanguage":"fr-FR","potentialAction":[{"@type":"ReadAction","target":["https:\/\/www.bellunopress.it\/2020\/01\/07\/olimpiadi-2026-nominati-i-componenti-del-cda-della-fondazione\/"]}]},{"@type":"ImageObject","inLanguage":"fr-FR","@id":"https:\/\/www.bellunopress.it\/2020\/01\/07\/olimpiadi-2026-nominati-i-componenti-del-cda-della-fondazione\/#primaryimage","url":"http:\/\/www.bellunopress.it\/wp-content\/uploads\/2019\/08\/Luca-Zaia.jpg","contentUrl":"http:\/\/www.bellunopress.it\/wp-content\/uploads\/2019\/08\/Luca-Zaia.jpg"},{"@type":"BreadcrumbList","@id":"https:\/\/www.bellunopress.it\/2020\/01\/07\/olimpiadi-2026-nominati-i-componenti-del-cda-della-fondazione\/#breadcrumb","itemListElement":[{"@type":"ListItem","position":1,"name":"Home","item":"https:\/\/www.bellunopress.it\/"},{"@type":"ListItem","position":2,"name":"Olimpiadi 2026. Nominati i componenti del cda della Fondazione"}]},{"@type":"WebSite","@id":"https:\/\/www.bellunopress.it\/#website","url":"https:\/\/www.bellunopress.it\/","name":"Bellunopress - Dolomiti","description":"e-mail: redazione@bellunopress.it","publisher":{"@id":"https:\/\/www.bellunopress.it\/#organization"},"potentialAction":[{"@type":"SearchAction","target":{"@type":"EntryPoint","urlTemplate":"https:\/\/www.bellunopress.it\/?s={search_term_string}"},"query-input":{"@type":"PropertyValueSpecification","valueRequired":true,"valueName":"search_term_string"}}],"inLanguage":"fr-FR"},{"@type":"Organization","@id":"https:\/\/www.bellunopress.it\/#organization","name":"Bellunopress","url":"https:\/\/www.bellunopress.it\/","logo":{"@type":"ImageObject","inLanguage":"fr-FR","@id":"https:\/\/www.bellunopress.it\/#\/schema\/logo\/image\/","url":"https:\/\/www.bellunopress.it\/wp-content\/uploads\/2011\/05\/cropped-logo-bellunopress-.jpg","contentUrl":"https:\/\/www.bellunopress.it\/wp-content\/uploads\/2011\/05\/cropped-logo-bellunopress-.jpg","width":512,"height":512,"caption":"Bellunopress"},"image":{"@id":"https:\/\/www.bellunopress.it\/#\/schema\/logo\/image\/"},"sameAs":["https:\/\/www.facebook.com\/profile.php?id=100008943462799","https:\/\/x.com\/bellunopress","https:\/\/www.linkedin.com\/hp\/?dnr=JBzUWaJfMUw8vbXJJ2tVW5-I3jZKvC4wsoxE&amp;amp;amp;amp;amp;amp;trk=nav_responsive_tab_home","https:\/\/www.youtube.com\/channel\/UCxL0wu1uN0_3_7hGG0306cw"]},{"@type":"Person","@id":"https:\/\/www.bellunopress.it\/#\/schema\/person\/79bb06722b37ece1c03d3e94beb30d73","name":"r\u00e9daction","image":{"@type":"ImageObject","inLanguage":"fr-FR","@id":"https:\/\/secure.gravatar.com\/avatar\/37d968a2e67a6fd04c169c4bdef102d0bc5d31b2546345219e348575eb80e9a0?s=96&d=mm&r=g","url":"https:\/\/secure.gravatar.com\/avatar\/37d968a2e67a6fd04c169c4bdef102d0bc5d31b2546345219e348575eb80e9a0?s=96&d=mm&r=g","contentUrl":"https:\/\/secure.gravatar.com\/avatar\/37d968a2e67a6fd04c169c4bdef102d0bc5d31b2546345219e348575eb80e9a0?s=96&d=mm&r=g","caption":"redazione"},"sameAs":["http:\/\/www.bellunopress.it","https:\/\/x.com\/bellunopress"],"url":"https:\/\/www.bellunopress.it\/fr\/author\/redazione\/"}]}},"_links":{"self":[{"href":"https:\/\/www.bellunopress.it\/fr\/wp-json\/wp\/v2\/posts\/111047","targetHints":{"allow":["GET"]}}],"collection":[{"href":"https:\/\/www.bellunopress.it\/fr\/wp-json\/wp\/v2\/posts"}],"about":[{"href":"https:\/\/www.bellunopress.it\/fr\/wp-json\/wp\/v2\/types\/post"}],"author":[{"embeddable":true,"href":"https:\/\/www.bellunopress.it\/fr\/wp-json\/wp\/v2\/users\/2"}],"replies":[{"embeddable":true,"href":"https:\/\/www.bellunopress.it\/fr\/wp-json\/wp\/v2\/comments?post=111047"}],"version-history":[{"count":1,"href":"https:\/\/www.bellunopress.it\/fr\/wp-json\/wp\/v2\/posts\/111047\/revisions"}],"predecessor-version":[{"id":111048,"href":"https:\/\/www.bellunopress.it\/fr\/wp-json\/wp\/v2\/posts\/111047\/revisions\/111048"}],"wp:attachment":[{"href":"https:\/\/www.bellunopress.it\/fr\/wp-json\/wp\/v2\/media?parent=111047"}],"wp:term":[{"taxonomy":"category","embeddable":true,"href":"https:\/\/www.bellunopress.it\/fr\/wp-json\/wp\/v2\/categories?post=111047"},{"taxonomy":"post_tag","embeddable":true,"href":"https:\/\/www.bellunopress.it\/fr\/wp-json\/wp\/v2\/tags?post=111047"}],"curies":[{"name":"wp","href":"https:\/\/api.w.org\/{rel}","templated":true}]}}