{"id":111045,"date":"2020-01-07T17:11:23","date_gmt":"2020-01-07T16:11:23","guid":{"rendered":"http:\/\/www.bellunopress.it\/?p=111045"},"modified":"2020-01-07T17:11:23","modified_gmt":"2020-01-07T16:11:23","slug":"sabato-a-mel-la-conferenza-a-cura-di-luciano-riposi-sulla-frazione-di-pellegai","status":"publish","type":"post","link":"https:\/\/www.bellunopress.it\/fr\/2020\/01\/07\/sabato-a-mel-la-conferenza-a-cura-di-luciano-riposi-sulla-frazione-di-pellegai\/","title":{"rendered":"Sabato a Mel la conferenza a cura di Luciano Riposi sulla frazione di Pellegai"},"content":{"rendered":"<p>Appuntamento culturale a Mel &#8211; Borgo Valbelluna presso il Palazzo delle Contesse dove sabato 11 gennaio 2020 alle ore 20.30 avr\u00e0 luogo una conferenza dal titolo \u201cPellegai \u2013 Uno sguardo sulla storia di una comunit\u00e0\u2019 \u201d a cura di Luciano Riposi organizzata da Circolo Promozione Cultura di Mel , Comune di Borgo Valbelluna, Assessorato alla Cultura, e G.R.S. Pellegai- Samprogno.<\/p>\n<figure id=\"attachment_16598\" aria-describedby=\"caption-attachment-16598\" style=\"width: 270px\" class=\"wp-caption alignleft\"><a href=\"http:\/\/www.bellunopress.it\/fr\/2010\/06\/24\/venerdi-a-mel-il-convegno-belluno-autonoma-dolomiti-regione\/palazzo-delle-contesse-mel\/\" rel=\"attachment wp-att-16598\"><img loading=\"lazy\" decoding=\"async\" class=\"size-full wp-image-16598\" src=\"http:\/\/www.bellunopress.it\/wp-content\/uploads\/2010\/06\/palazzo-delle-contesse-mel.jpg\" alt=\"\" width=\"270\" height=\"180\" \/><\/a><figcaption id=\"caption-attachment-16598\" class=\"wp-caption-text\">Palazzo delle Contesse a Mel (Belluno)<\/figcaption><\/figure>\n<p>Un nuovo tassello va ad arricchire la ricostruzione della storia del Comune di Mel (ora Borgo Valbelluna) grazie all\u2019apporto della nuova ricerca di Luciano Riposi, appassionato cultore di storia locale, che da anni si interessa delle frazioni in particolare dal punto di vista storico-urbanistico.<br \/>\nAutore del libro \u201cLa secolare storia di Gus nel Comune di Mel\u201d, dopo aver presentato qualche anno fa il paesetto di Zottier, questa volta, Luciano Riposi ha concentrato la sua ricerca storica su Pellegai, altro paese di montagna. Il suo studio fa emergere una microstoria complessa che parla delle origini del paese, delle prime famiglie note, dei loro possedimenti, dei loro avi, delle loro ultime volont\u00e0, in particolare un testamento risalente all\u2019anno 1441. Tratta delle loro vicende di vita quotidiana, dei lavori praticati durante i secoli, dello sviluppo urbanistico stradale, di fatti strani, drammatici o curiosi, che nel tempo sono avvenuti nella piccola comunit\u00e0 di Pellegai.<br \/>\nUn interessante e dettagliato studio riguarda l\u2019antica chiesa di San Martino con il suo strano campanile che fin dal Cinquecento si erge solitario in cima ad un colle adiacente.<br \/>\nParticolare rilievo nella ricerca assume anche la cartografia storica, carte degli archivi di Belluno, Mel, Venezia e Treviso: i cinquecenteschi estimi della comunit\u00e0 di Zumelle, catasto napoleonico del 1810, quello austriaco di met\u00e0 Ottocento fino a quello di met\u00e0 Novecento, consultate per ricostruire le diverse fasi storiche di formazione dell\u2019abitato negli ultimi due secoli. Riposi si \u00e8 avvalso inoltre della vivida memoria, fonte preziosa, di alcuni anziani di Pellegai<br \/>\nLa ricerca ipotizza anche l\u2019esistenza di un antico monastero probabilmente antecedente al XIV\u00b0 secolo, di una torre di guardia forse di epoca medievale, di una zona particolarmente umida-paludosa, ed accenna a ritrovamenti superficiali di \u201ccocci ceramici\u201d che riaffiorano naturalmente dopo secoli di buio.<br \/>\nUn tesoro per gli abitanti di Pellegai, ma non solo\u2026<\/p>","protected":false},"excerpt":{"rendered":"<p>Appuntamento culturale a Mel &#8211; Borgo Valbelluna presso il Palazzo delle Contesse dove sabato 11 gennaio 2020 alle ore 20.30 avr\u00e0 luogo una conferenza dal titolo \u201cPellegai \u2013 Uno sguardo sulla storia di una comunit\u00e0\u2019 \u201d a cura di Luciano Riposi organizzata da Circolo Promozione Cultura di Mel , Comune di Borgo Valbelluna, Assessorato alla [&hellip;]<\/p>\n","protected":false},"author":2,"featured_media":0,"comment_status":"closed","ping_status":"open","sticky":false,"template":"","format":"standard","meta":{"footnotes":""},"categories":[27,3,25],"tags":[],"class_list":["post-111045","post","type-post","status-publish","format-standard","category-appuntamenti","category-arte-cultura-spettacoli-scienza-archivi","category-pausa-caffe"],"yoast_head":"<!-- This site is optimized with the Yoast SEO plugin v28.4 - https:\/\/yoast.com\/product\/yoast-seo-wordpress\/ -->\n<title>Sabato a Mel la conferenza a cura di Luciano Riposi sulla frazione di Pellegai - Bellunopress - Dolomiti<\/title>\n<meta name=\"robots\" content=\"index, follow, max-snippet:-1, max-image-preview:large, max-video-preview:-1\" \/>\n<link rel=\"canonical\" href=\"https:\/\/www.bellunopress.it\/fr\/2020\/01\/07\/sabato-a-mel-la-conferenza-a-cura-di-luciano-riposi-sulla-frazione-di-pellegai\/\" \/>\n<meta property=\"og:locale\" content=\"fr_FR\" \/>\n<meta property=\"og:type\" content=\"article\" \/>\n<meta property=\"og:title\" content=\"Sabato a Mel la conferenza a cura di Luciano Riposi sulla frazione di Pellegai - Bellunopress - Dolomiti\" \/>\n<meta property=\"og:description\" content=\"Appuntamento culturale a Mel &#8211; Borgo Valbelluna presso il Palazzo delle Contesse dove sabato 11 gennaio 2020 alle ore 20.30 avr\u00e0 luogo una conferenza dal titolo \u201cPellegai \u2013 Uno sguardo sulla storia di una comunit\u00e0\u2019 \u201d a cura di Luciano Riposi organizzata da Circolo Promozione Cultura di Mel , Comune di Borgo Valbelluna, Assessorato alla [&hellip;]\" \/>\n<meta property=\"og:url\" content=\"https:\/\/www.bellunopress.it\/fr\/2020\/01\/07\/sabato-a-mel-la-conferenza-a-cura-di-luciano-riposi-sulla-frazione-di-pellegai\/\" \/>\n<meta property=\"og:site_name\" content=\"Bellunopress - Dolomiti\" \/>\n<meta property=\"article:publisher\" content=\"https:\/\/www.facebook.com\/profile.php?id=100008943462799\" \/>\n<meta property=\"article:published_time\" content=\"2020-01-07T16:11:23+00:00\" \/>\n<meta property=\"og:image\" content=\"http:\/\/www.bellunopress.it\/wp-content\/uploads\/2010\/06\/palazzo-delle-contesse-mel.jpg\" \/>\n<meta name=\"author\" content=\"redazione\" \/>\n<meta name=\"twitter:card\" content=\"summary_large_image\" \/>\n<meta name=\"twitter:creator\" content=\"@bellunopress\" \/>\n<meta name=\"twitter:site\" content=\"@bellunopress\" \/>\n<meta name=\"twitter:label1\" content=\"\u00c9crit par\" \/>\n\t<meta name=\"twitter:data1\" content=\"redazione\" \/>\n\t<meta name=\"twitter:label2\" content=\"Dur\u00e9e de lecture estim\u00e9e\" \/>\n\t<meta name=\"twitter:data2\" content=\"2 minutes\" \/>\n<script type=\"application\/ld+json\" class=\"yoast-schema-graph\">{\"@context\":\"https:\\\/\\\/schema.org\",\"@graph\":[{\"@type\":\"Article\",\"@id\":\"https:\\\/\\\/www.bellunopress.it\\\/2020\\\/01\\\/07\\\/sabato-a-mel-la-conferenza-a-cura-di-luciano-riposi-sulla-frazione-di-pellegai\\\/#article\",\"isPartOf\":{\"@id\":\"https:\\\/\\\/www.bellunopress.it\\\/2020\\\/01\\\/07\\\/sabato-a-mel-la-conferenza-a-cura-di-luciano-riposi-sulla-frazione-di-pellegai\\\/\"},\"author\":{\"name\":\"redazione\",\"@id\":\"https:\\\/\\\/www.bellunopress.it\\\/#\\\/schema\\\/person\\\/79bb06722b37ece1c03d3e94beb30d73\"},\"headline\":\"Sabato a Mel la conferenza a cura di Luciano Riposi sulla frazione di Pellegai\",\"datePublished\":\"2020-01-07T16:11:23+00:00\",\"mainEntityOfPage\":{\"@id\":\"https:\\\/\\\/www.bellunopress.it\\\/2020\\\/01\\\/07\\\/sabato-a-mel-la-conferenza-a-cura-di-luciano-riposi-sulla-frazione-di-pellegai\\\/\"},\"wordCount\":386,\"publisher\":{\"@id\":\"https:\\\/\\\/www.bellunopress.it\\\/#organization\"},\"image\":{\"@id\":\"https:\\\/\\\/www.bellunopress.it\\\/2020\\\/01\\\/07\\\/sabato-a-mel-la-conferenza-a-cura-di-luciano-riposi-sulla-frazione-di-pellegai\\\/#primaryimage\"},\"thumbnailUrl\":\"http:\\\/\\\/www.bellunopress.it\\\/wp-content\\\/uploads\\\/2010\\\/06\\\/palazzo-delle-contesse-mel.jpg\",\"articleSection\":[\"Appuntamenti, Eventi\",\"Arte, Cultura, Spettacoli, Scienza\",\"Pausa Caff\u00e8\"],\"inLanguage\":\"fr-FR\"},{\"@type\":\"WebPage\",\"@id\":\"https:\\\/\\\/www.bellunopress.it\\\/2020\\\/01\\\/07\\\/sabato-a-mel-la-conferenza-a-cura-di-luciano-riposi-sulla-frazione-di-pellegai\\\/\",\"url\":\"https:\\\/\\\/www.bellunopress.it\\\/2020\\\/01\\\/07\\\/sabato-a-mel-la-conferenza-a-cura-di-luciano-riposi-sulla-frazione-di-pellegai\\\/\",\"name\":\"Sabato a Mel la conferenza a cura di Luciano Riposi sulla frazione di Pellegai - Bellunopress - Dolomiti\",\"isPartOf\":{\"@id\":\"https:\\\/\\\/www.bellunopress.it\\\/#website\"},\"primaryImageOfPage\":{\"@id\":\"https:\\\/\\\/www.bellunopress.it\\\/2020\\\/01\\\/07\\\/sabato-a-mel-la-conferenza-a-cura-di-luciano-riposi-sulla-frazione-di-pellegai\\\/#primaryimage\"},\"image\":{\"@id\":\"https:\\\/\\\/www.bellunopress.it\\\/2020\\\/01\\\/07\\\/sabato-a-mel-la-conferenza-a-cura-di-luciano-riposi-sulla-frazione-di-pellegai\\\/#primaryimage\"},\"thumbnailUrl\":\"http:\\\/\\\/www.bellunopress.it\\\/wp-content\\\/uploads\\\/2010\\\/06\\\/palazzo-delle-contesse-mel.jpg\",\"datePublished\":\"2020-01-07T16:11:23+00:00\",\"breadcrumb\":{\"@id\":\"https:\\\/\\\/www.bellunopress.it\\\/2020\\\/01\\\/07\\\/sabato-a-mel-la-conferenza-a-cura-di-luciano-riposi-sulla-frazione-di-pellegai\\\/#breadcrumb\"},\"inLanguage\":\"fr-FR\",\"potentialAction\":[{\"@type\":\"ReadAction\",\"target\":[\"https:\\\/\\\/www.bellunopress.it\\\/2020\\\/01\\\/07\\\/sabato-a-mel-la-conferenza-a-cura-di-luciano-riposi-sulla-frazione-di-pellegai\\\/\"]}]},{\"@type\":\"ImageObject\",\"inLanguage\":\"fr-FR\",\"@id\":\"https:\\\/\\\/www.bellunopress.it\\\/2020\\\/01\\\/07\\\/sabato-a-mel-la-conferenza-a-cura-di-luciano-riposi-sulla-frazione-di-pellegai\\\/#primaryimage\",\"url\":\"http:\\\/\\\/www.bellunopress.it\\\/wp-content\\\/uploads\\\/2010\\\/06\\\/palazzo-delle-contesse-mel.jpg\",\"contentUrl\":\"http:\\\/\\\/www.bellunopress.it\\\/wp-content\\\/uploads\\\/2010\\\/06\\\/palazzo-delle-contesse-mel.jpg\"},{\"@type\":\"BreadcrumbList\",\"@id\":\"https:\\\/\\\/www.bellunopress.it\\\/2020\\\/01\\\/07\\\/sabato-a-mel-la-conferenza-a-cura-di-luciano-riposi-sulla-frazione-di-pellegai\\\/#breadcrumb\",\"itemListElement\":[{\"@type\":\"ListItem\",\"position\":1,\"name\":\"Home\",\"item\":\"https:\\\/\\\/www.bellunopress.it\\\/\"},{\"@type\":\"ListItem\",\"position\":2,\"name\":\"Sabato a Mel la conferenza a cura di Luciano Riposi sulla frazione di Pellegai\"}]},{\"@type\":\"WebSite\",\"@id\":\"https:\\\/\\\/www.bellunopress.it\\\/#website\",\"url\":\"https:\\\/\\\/www.bellunopress.it\\\/\",\"name\":\"Bellunopress - Dolomiti\",\"description\":\"e-mail: redazione@bellunopress.it\",\"publisher\":{\"@id\":\"https:\\\/\\\/www.bellunopress.it\\\/#organization\"},\"potentialAction\":[{\"@type\":\"SearchAction\",\"target\":{\"@type\":\"EntryPoint\",\"urlTemplate\":\"https:\\\/\\\/www.bellunopress.it\\\/?s={search_term_string}\"},\"query-input\":{\"@type\":\"PropertyValueSpecification\",\"valueRequired\":true,\"valueName\":\"search_term_string\"}}],\"inLanguage\":\"fr-FR\"},{\"@type\":\"Organization\",\"@id\":\"https:\\\/\\\/www.bellunopress.it\\\/#organization\",\"name\":\"Bellunopress\",\"url\":\"https:\\\/\\\/www.bellunopress.it\\\/\",\"logo\":{\"@type\":\"ImageObject\",\"inLanguage\":\"fr-FR\",\"@id\":\"https:\\\/\\\/www.bellunopress.it\\\/#\\\/schema\\\/logo\\\/image\\\/\",\"url\":\"https:\\\/\\\/www.bellunopress.it\\\/wp-content\\\/uploads\\\/2011\\\/05\\\/cropped-logo-bellunopress-.jpg\",\"contentUrl\":\"https:\\\/\\\/www.bellunopress.it\\\/wp-content\\\/uploads\\\/2011\\\/05\\\/cropped-logo-bellunopress-.jpg\",\"width\":512,\"height\":512,\"caption\":\"Bellunopress\"},\"image\":{\"@id\":\"https:\\\/\\\/www.bellunopress.it\\\/#\\\/schema\\\/logo\\\/image\\\/\"},\"sameAs\":[\"https:\\\/\\\/www.facebook.com\\\/profile.php?id=100008943462799\",\"https:\\\/\\\/x.com\\\/bellunopress\",\"https:\\\/\\\/www.linkedin.com\\\/hp\\\/?dnr=JBzUWaJfMUw8vbXJJ2tVW5-I3jZKvC4wsoxE&amp;amp;amp;amp;amp;amp;trk=nav_responsive_tab_home\",\"https:\\\/\\\/www.youtube.com\\\/channel\\\/UCxL0wu1uN0_3_7hGG0306cw\"]},{\"@type\":\"Person\",\"@id\":\"https:\\\/\\\/www.bellunopress.it\\\/#\\\/schema\\\/person\\\/79bb06722b37ece1c03d3e94beb30d73\",\"name\":\"redazione\",\"image\":{\"@type\":\"ImageObject\",\"inLanguage\":\"fr-FR\",\"@id\":\"https:\\\/\\\/secure.gravatar.com\\\/avatar\\\/37d968a2e67a6fd04c169c4bdef102d0bc5d31b2546345219e348575eb80e9a0?s=96&d=mm&r=g\",\"url\":\"https:\\\/\\\/secure.gravatar.com\\\/avatar\\\/37d968a2e67a6fd04c169c4bdef102d0bc5d31b2546345219e348575eb80e9a0?s=96&d=mm&r=g\",\"contentUrl\":\"https:\\\/\\\/secure.gravatar.com\\\/avatar\\\/37d968a2e67a6fd04c169c4bdef102d0bc5d31b2546345219e348575eb80e9a0?s=96&d=mm&r=g\",\"caption\":\"redazione\"},\"sameAs\":[\"http:\\\/\\\/www.bellunopress.it\",\"https:\\\/\\\/x.com\\\/bellunopress\"],\"url\":\"https:\\\/\\\/www.bellunopress.it\\\/fr\\\/author\\\/redazione\\\/\"}]}<\/script>\n<!-- \/ Yoast SEO plugin. -->","yoast_head_json":{"title":"Sabato a Mel la conferenza a cura di Luciano Riposi sulla frazione di Pellegai - Bellunopress - Dolomiti","robots":{"index":"index","follow":"follow","max-snippet":"max-snippet:-1","max-image-preview":"max-image-preview:large","max-video-preview":"max-video-preview:-1"},"canonical":"https:\/\/www.bellunopress.it\/fr\/2020\/01\/07\/sabato-a-mel-la-conferenza-a-cura-di-luciano-riposi-sulla-frazione-di-pellegai\/","og_locale":"fr_FR","og_type":"article","og_title":"Sabato a Mel la conferenza a cura di Luciano Riposi sulla frazione di Pellegai - Bellunopress - Dolomiti","og_description":"Appuntamento culturale a Mel &#8211; Borgo Valbelluna presso il Palazzo delle Contesse dove sabato 11 gennaio 2020 alle ore 20.30 avr\u00e0 luogo una conferenza dal titolo \u201cPellegai \u2013 Uno sguardo sulla storia di una comunit\u00e0\u2019 \u201d a cura di Luciano Riposi organizzata da Circolo Promozione Cultura di Mel , Comune di Borgo Valbelluna, Assessorato alla [&hellip;]","og_url":"https:\/\/www.bellunopress.it\/fr\/2020\/01\/07\/sabato-a-mel-la-conferenza-a-cura-di-luciano-riposi-sulla-frazione-di-pellegai\/","og_site_name":"Bellunopress - Dolomiti","article_publisher":"https:\/\/www.facebook.com\/profile.php?id=100008943462799","article_published_time":"2020-01-07T16:11:23+00:00","og_image":[{"url":"http:\/\/www.bellunopress.it\/wp-content\/uploads\/2010\/06\/palazzo-delle-contesse-mel.jpg","type":"","width":"","height":""}],"author":"redazione","twitter_card":"summary_large_image","twitter_creator":"@bellunopress","twitter_site":"@bellunopress","twitter_misc":{"\u00c9crit par":"redazione","Dur\u00e9e de lecture estim\u00e9e":"2 minutes"},"schema":{"@context":"https:\/\/schema.org","@graph":[{"@type":"Article","@id":"https:\/\/www.bellunopress.it\/2020\/01\/07\/sabato-a-mel-la-conferenza-a-cura-di-luciano-riposi-sulla-frazione-di-pellegai\/#article","isPartOf":{"@id":"https:\/\/www.bellunopress.it\/2020\/01\/07\/sabato-a-mel-la-conferenza-a-cura-di-luciano-riposi-sulla-frazione-di-pellegai\/"},"author":{"name":"redazione","@id":"https:\/\/www.bellunopress.it\/#\/schema\/person\/79bb06722b37ece1c03d3e94beb30d73"},"headline":"Sabato a Mel la conferenza a cura di Luciano Riposi sulla frazione di Pellegai","datePublished":"2020-01-07T16:11:23+00:00","mainEntityOfPage":{"@id":"https:\/\/www.bellunopress.it\/2020\/01\/07\/sabato-a-mel-la-conferenza-a-cura-di-luciano-riposi-sulla-frazione-di-pellegai\/"},"wordCount":386,"publisher":{"@id":"https:\/\/www.bellunopress.it\/#organization"},"image":{"@id":"https:\/\/www.bellunopress.it\/2020\/01\/07\/sabato-a-mel-la-conferenza-a-cura-di-luciano-riposi-sulla-frazione-di-pellegai\/#primaryimage"},"thumbnailUrl":"http:\/\/www.bellunopress.it\/wp-content\/uploads\/2010\/06\/palazzo-delle-contesse-mel.jpg","articleSection":["Appuntamenti, Eventi","Arte, Cultura, Spettacoli, Scienza","Pausa Caff\u00e8"],"inLanguage":"fr-FR"},{"@type":"WebPage","@id":"https:\/\/www.bellunopress.it\/2020\/01\/07\/sabato-a-mel-la-conferenza-a-cura-di-luciano-riposi-sulla-frazione-di-pellegai\/","url":"https:\/\/www.bellunopress.it\/2020\/01\/07\/sabato-a-mel-la-conferenza-a-cura-di-luciano-riposi-sulla-frazione-di-pellegai\/","name":"Sabato a Mel la conferenza a cura di Luciano Riposi sulla frazione di Pellegai - Bellunopress - Dolomiti","isPartOf":{"@id":"https:\/\/www.bellunopress.it\/#website"},"primaryImageOfPage":{"@id":"https:\/\/www.bellunopress.it\/2020\/01\/07\/sabato-a-mel-la-conferenza-a-cura-di-luciano-riposi-sulla-frazione-di-pellegai\/#primaryimage"},"image":{"@id":"https:\/\/www.bellunopress.it\/2020\/01\/07\/sabato-a-mel-la-conferenza-a-cura-di-luciano-riposi-sulla-frazione-di-pellegai\/#primaryimage"},"thumbnailUrl":"http:\/\/www.bellunopress.it\/wp-content\/uploads\/2010\/06\/palazzo-delle-contesse-mel.jpg","datePublished":"2020-01-07T16:11:23+00:00","breadcrumb":{"@id":"https:\/\/www.bellunopress.it\/2020\/01\/07\/sabato-a-mel-la-conferenza-a-cura-di-luciano-riposi-sulla-frazione-di-pellegai\/#breadcrumb"},"inLanguage":"fr-FR","potentialAction":[{"@type":"ReadAction","target":["https:\/\/www.bellunopress.it\/2020\/01\/07\/sabato-a-mel-la-conferenza-a-cura-di-luciano-riposi-sulla-frazione-di-pellegai\/"]}]},{"@type":"ImageObject","inLanguage":"fr-FR","@id":"https:\/\/www.bellunopress.it\/2020\/01\/07\/sabato-a-mel-la-conferenza-a-cura-di-luciano-riposi-sulla-frazione-di-pellegai\/#primaryimage","url":"http:\/\/www.bellunopress.it\/wp-content\/uploads\/2010\/06\/palazzo-delle-contesse-mel.jpg","contentUrl":"http:\/\/www.bellunopress.it\/wp-content\/uploads\/2010\/06\/palazzo-delle-contesse-mel.jpg"},{"@type":"BreadcrumbList","@id":"https:\/\/www.bellunopress.it\/2020\/01\/07\/sabato-a-mel-la-conferenza-a-cura-di-luciano-riposi-sulla-frazione-di-pellegai\/#breadcrumb","itemListElement":[{"@type":"ListItem","position":1,"name":"Home","item":"https:\/\/www.bellunopress.it\/"},{"@type":"ListItem","position":2,"name":"Sabato a Mel la conferenza a cura di Luciano Riposi sulla frazione di Pellegai"}]},{"@type":"WebSite","@id":"https:\/\/www.bellunopress.it\/#website","url":"https:\/\/www.bellunopress.it\/","name":"Bellunopress - Dolomiti","description":"e-mail: redazione@bellunopress.it","publisher":{"@id":"https:\/\/www.bellunopress.it\/#organization"},"potentialAction":[{"@type":"SearchAction","target":{"@type":"EntryPoint","urlTemplate":"https:\/\/www.bellunopress.it\/?s={search_term_string}"},"query-input":{"@type":"PropertyValueSpecification","valueRequired":true,"valueName":"search_term_string"}}],"inLanguage":"fr-FR"},{"@type":"Organization","@id":"https:\/\/www.bellunopress.it\/#organization","name":"Bellunopress","url":"https:\/\/www.bellunopress.it\/","logo":{"@type":"ImageObject","inLanguage":"fr-FR","@id":"https:\/\/www.bellunopress.it\/#\/schema\/logo\/image\/","url":"https:\/\/www.bellunopress.it\/wp-content\/uploads\/2011\/05\/cropped-logo-bellunopress-.jpg","contentUrl":"https:\/\/www.bellunopress.it\/wp-content\/uploads\/2011\/05\/cropped-logo-bellunopress-.jpg","width":512,"height":512,"caption":"Bellunopress"},"image":{"@id":"https:\/\/www.bellunopress.it\/#\/schema\/logo\/image\/"},"sameAs":["https:\/\/www.facebook.com\/profile.php?id=100008943462799","https:\/\/x.com\/bellunopress","https:\/\/www.linkedin.com\/hp\/?dnr=JBzUWaJfMUw8vbXJJ2tVW5-I3jZKvC4wsoxE&amp;amp;amp;amp;amp;amp;trk=nav_responsive_tab_home","https:\/\/www.youtube.com\/channel\/UCxL0wu1uN0_3_7hGG0306cw"]},{"@type":"Person","@id":"https:\/\/www.bellunopress.it\/#\/schema\/person\/79bb06722b37ece1c03d3e94beb30d73","name":"r\u00e9daction","image":{"@type":"ImageObject","inLanguage":"fr-FR","@id":"https:\/\/secure.gravatar.com\/avatar\/37d968a2e67a6fd04c169c4bdef102d0bc5d31b2546345219e348575eb80e9a0?s=96&d=mm&r=g","url":"https:\/\/secure.gravatar.com\/avatar\/37d968a2e67a6fd04c169c4bdef102d0bc5d31b2546345219e348575eb80e9a0?s=96&d=mm&r=g","contentUrl":"https:\/\/secure.gravatar.com\/avatar\/37d968a2e67a6fd04c169c4bdef102d0bc5d31b2546345219e348575eb80e9a0?s=96&d=mm&r=g","caption":"redazione"},"sameAs":["http:\/\/www.bellunopress.it","https:\/\/x.com\/bellunopress"],"url":"https:\/\/www.bellunopress.it\/fr\/author\/redazione\/"}]}},"_links":{"self":[{"href":"https:\/\/www.bellunopress.it\/fr\/wp-json\/wp\/v2\/posts\/111045","targetHints":{"allow":["GET"]}}],"collection":[{"href":"https:\/\/www.bellunopress.it\/fr\/wp-json\/wp\/v2\/posts"}],"about":[{"href":"https:\/\/www.bellunopress.it\/fr\/wp-json\/wp\/v2\/types\/post"}],"author":[{"embeddable":true,"href":"https:\/\/www.bellunopress.it\/fr\/wp-json\/wp\/v2\/users\/2"}],"replies":[{"embeddable":true,"href":"https:\/\/www.bellunopress.it\/fr\/wp-json\/wp\/v2\/comments?post=111045"}],"version-history":[{"count":1,"href":"https:\/\/www.bellunopress.it\/fr\/wp-json\/wp\/v2\/posts\/111045\/revisions"}],"predecessor-version":[{"id":111046,"href":"https:\/\/www.bellunopress.it\/fr\/wp-json\/wp\/v2\/posts\/111045\/revisions\/111046"}],"wp:attachment":[{"href":"https:\/\/www.bellunopress.it\/fr\/wp-json\/wp\/v2\/media?parent=111045"}],"wp:term":[{"taxonomy":"category","embeddable":true,"href":"https:\/\/www.bellunopress.it\/fr\/wp-json\/wp\/v2\/categories?post=111045"},{"taxonomy":"post_tag","embeddable":true,"href":"https:\/\/www.bellunopress.it\/fr\/wp-json\/wp\/v2\/tags?post=111045"}],"curies":[{"name":"wp","href":"https:\/\/api.w.org\/{rel}","templated":true}]}}