{"id":111027,"date":"2020-01-07T13:25:07","date_gmt":"2020-01-07T12:25:07","guid":{"rendered":"http:\/\/www.bellunopress.it\/?p=111027"},"modified":"2020-01-07T13:25:07","modified_gmt":"2020-01-07T12:25:07","slug":"bilancio-2019-positivo-per-lassociazione-al-goser-al-lavoro-per-il-programma-2020","status":"publish","type":"post","link":"https:\/\/www.bellunopress.it\/fr\/2020\/01\/07\/bilancio-2019-positivo-per-lassociazione-al-goser-al-lavoro-per-il-programma-2020\/","title":{"rendered":"Bilancio 2019 positivo per l&#8217;Associazione Al Gos\u00e8r. Al lavoro per il programma 2020"},"content":{"rendered":"<p>Bilancio positivo da pollice alto per l\u2019Asd Al Gos\u00e8r che, dopo il rinvio obbligatorio delle manifestazioni da luglio a ottobre causa maltempo, non si \u00e8 persa d\u2019animo e ha concluso l\u2019anno 2019 a pieni voti. Tutto merito di una macchina organizzativa che ha saputo dimostrare grande determinazione e soprattutto un\u2019innata passione per lo sport e nello specifico per la corsa in montagna.<\/p>\n<p><a href=\"http:\/\/www.bellunopress.it\/fr\/2019\/07\/03\/corrinsieme-venerdi-a-tisoi-due-tracciati-di-12-e-7-km\/corrinsieme-goser-trail\/\" rel=\"attachment wp-att-105907\"><img loading=\"lazy\" decoding=\"async\" class=\"alignleft size-full wp-image-105907\" src=\"http:\/\/www.bellunopress.it\/wp-content\/uploads\/2019\/07\/Corrinsieme-Goser-Trail.jpg\" alt=\"\" width=\"300\" height=\"221\" \/><\/a>\u00abDopo l\u2019annullamento della data estiva a causa del maltempo, eravamo desolati\u00bb commenta il presidente dell\u2019Asd Al Gos\u00e8r Enrico Dal Farra, \u00abma gli obiettivi che ci eravamo prefissati erano troppo importanti per lanciare la spugna! In primis l\u2019organizzare una competizione di corsa in montagna alquanto tecnica nel tracciato e quindi competitivamente valida. In secondo luogo, non meno importante, il sostegno economico al progetto Dolomiti Orizzonte Paralimpico nato in collaborazione con l\u2019ASSI Onlus.\u00bb<\/p>\n<p>E proprio il bilancio chiuso a fine dicembre 2019 dall&#8217;Asd Al Gos\u00e8r, in collaborazione con il Comitato Feste Tisoi, ha permesso di donare quasi 5 mila euro al progetto Dolomiti Orizzonte Paralimpico. Una somma importante che permetter\u00e0 ai giovani atleti dell\u2019ASSI Onlus di praticare i propri sport preferiti, acquistando attrezzature specifiche.<\/p>\n<p>\u00abOrmai da diversi anni, grazie all&#8217;Asd Al Gos\u00e8r, abbiamo avviato un progetto che permette di sognare il raggiungimento di un obiettivo, come nello sport in questo caso\u00bb racconta Davide Giozet, segretario dell&#8217;ASSI Onlus. \u00abSolamente chi vive il mondo della disabilit\u00e0 pu\u00f2 comprendere come l&#8217;aspetto economico sia un grande scoglio, soprattutto quando si \u00e8 giovani e le priorit\u00e0 sono altre. Ecco che la donazione dell\u2019Asd Al Gos\u00e8r, unita a altre realt\u00e0 locali, ci permette di acquistare protesi sportive, carrozzine o attrezzature che permettono ai nostri atleti di praticare uno sport, che diversamente non sarebbe possibile.\u00bb<\/p>\n<p>Con la chiusura dell\u2019anno solare e l\u2019avvio del nuovo 2020, l\u2019Asd Al Gos\u00e8r si \u00e8 rimessa nuovamente in \u201ccammino\u201d lungo i pendii del Monte Talvena per verificarne i sentieri e programmare la nuova data.<\/p>\n<p>\u00abAbbiamo individuato il 4 ottobre 2020 come data ufficiale del Gos\u00e8r Trail\u00bb, conclude il vice-presidente dell\u2019Asd Al Gos\u00e8r Eugenio Tramontin, \u00abin quanto abbiamo visto che la data di ottobre dello scorso anno \u00e8 piaciuta a tutti. Adesso stiamo gi\u00e0 lavorando sui tracciati e nell\u2019aspetto prettamente organizzativo, poi a breve renderemmo pubbliche tutte le informazioni per l\u2019iscrizione e quanto utile agli atleti.\u00bb<\/p>\n<p>Nel frattempo non rimane che allacciare le scarpe da corsa ai piedi e salire lungo i sentieri che dall\u2019abitato di Tisoi portano alla cima del Monte Talvena, cosi da poter ammirare le bellezze naturali che caratterizzano i tracciati del Gos\u00e8r Trail.<\/p>\n<p>Si ricorda che tutte le comunicazioni ufficiali oppure eventuali informazioni possono essere consultate all\u2019indirizzo internet www.algoser.it oppure alla pagina Facebook.com\/gosertrail.<\/p>\n<p>INSTAGRAM &#8211; Il Gos\u00e8r Trail ha un proprio profilo Instagram dove pubblica periodicamente fotografie inerenti ai tracciati e soprattutto al lavoro che viene svolto nel campo sociale per il mantenimento del verde. Ogni singolo utente pu\u00f2 pubblicare le proprie fotografie, inerenti eventuali uscite lungo i sentieri del Talvena, utilizzando l&#8217;hashtag #gosertrail.<\/p>\n<p>&nbsp;<\/p>","protected":false},"excerpt":{"rendered":"<p>Bilancio positivo da pollice alto per l\u2019Asd Al Gos\u00e8r che, dopo il rinvio obbligatorio delle manifestazioni da luglio a ottobre causa maltempo, non si \u00e8 persa d\u2019animo e ha concluso l\u2019anno 2019 a pieni voti. Tutto merito di una macchina organizzativa che ha saputo dimostrare grande determinazione e soprattutto un\u2019innata passione per lo sport e [&hellip;]<\/p>\n","protected":false},"author":2,"featured_media":0,"comment_status":"closed","ping_status":"open","sticky":false,"template":"","format":"standard","meta":{"footnotes":""},"categories":[26,4],"tags":[],"class_list":["post-111027","post","type-post","status-publish","format-standard","category-prima-pagina","category-sport"],"yoast_head":"<!-- This site is optimized with the Yoast SEO plugin v28.4 - https:\/\/yoast.com\/product\/yoast-seo-wordpress\/ -->\n<title>Bilancio 2019 positivo per l&#039;Associazione Al Gos\u00e8r. Al lavoro per il programma 2020 - Bellunopress - Dolomiti<\/title>\n<meta name=\"robots\" content=\"index, follow, max-snippet:-1, max-image-preview:large, max-video-preview:-1\" \/>\n<link rel=\"canonical\" href=\"https:\/\/www.bellunopress.it\/fr\/2020\/01\/07\/bilancio-2019-positivo-per-lassociazione-al-goser-al-lavoro-per-il-programma-2020\/\" \/>\n<meta property=\"og:locale\" content=\"fr_FR\" \/>\n<meta property=\"og:type\" content=\"article\" \/>\n<meta property=\"og:title\" content=\"Bilancio 2019 positivo per l&#039;Associazione Al Gos\u00e8r. Al lavoro per il programma 2020 - Bellunopress - Dolomiti\" \/>\n<meta property=\"og:description\" content=\"Bilancio positivo da pollice alto per l\u2019Asd Al Gos\u00e8r che, dopo il rinvio obbligatorio delle manifestazioni da luglio a ottobre causa maltempo, non si \u00e8 persa d\u2019animo e ha concluso l\u2019anno 2019 a pieni voti. Tutto merito di una macchina organizzativa che ha saputo dimostrare grande determinazione e soprattutto un\u2019innata passione per lo sport e [&hellip;]\" \/>\n<meta property=\"og:url\" content=\"https:\/\/www.bellunopress.it\/fr\/2020\/01\/07\/bilancio-2019-positivo-per-lassociazione-al-goser-al-lavoro-per-il-programma-2020\/\" \/>\n<meta property=\"og:site_name\" content=\"Bellunopress - Dolomiti\" \/>\n<meta property=\"article:publisher\" content=\"https:\/\/www.facebook.com\/profile.php?id=100008943462799\" \/>\n<meta property=\"article:published_time\" content=\"2020-01-07T12:25:07+00:00\" \/>\n<meta property=\"og:image\" content=\"http:\/\/www.bellunopress.it\/wp-content\/uploads\/2019\/07\/Corrinsieme-Goser-Trail.jpg\" \/>\n<meta name=\"author\" content=\"redazione\" \/>\n<meta name=\"twitter:card\" content=\"summary_large_image\" \/>\n<meta name=\"twitter:creator\" content=\"@bellunopress\" \/>\n<meta name=\"twitter:site\" content=\"@bellunopress\" \/>\n<meta name=\"twitter:label1\" content=\"\u00c9crit par\" \/>\n\t<meta name=\"twitter:data1\" content=\"redazione\" \/>\n\t<meta name=\"twitter:label2\" content=\"Dur\u00e9e de lecture estim\u00e9e\" \/>\n\t<meta name=\"twitter:data2\" content=\"3 minutes\" \/>\n<script type=\"application\/ld+json\" class=\"yoast-schema-graph\">{\"@context\":\"https:\\\/\\\/schema.org\",\"@graph\":[{\"@type\":\"Article\",\"@id\":\"https:\\\/\\\/www.bellunopress.it\\\/2020\\\/01\\\/07\\\/bilancio-2019-positivo-per-lassociazione-al-goser-al-lavoro-per-il-programma-2020\\\/#article\",\"isPartOf\":{\"@id\":\"https:\\\/\\\/www.bellunopress.it\\\/2020\\\/01\\\/07\\\/bilancio-2019-positivo-per-lassociazione-al-goser-al-lavoro-per-il-programma-2020\\\/\"},\"author\":{\"name\":\"redazione\",\"@id\":\"https:\\\/\\\/www.bellunopress.it\\\/#\\\/schema\\\/person\\\/79bb06722b37ece1c03d3e94beb30d73\"},\"headline\":\"Bilancio 2019 positivo per l&#8217;Associazione Al Gos\u00e8r. Al lavoro per il programma 2020\",\"datePublished\":\"2020-01-07T12:25:07+00:00\",\"mainEntityOfPage\":{\"@id\":\"https:\\\/\\\/www.bellunopress.it\\\/2020\\\/01\\\/07\\\/bilancio-2019-positivo-per-lassociazione-al-goser-al-lavoro-per-il-programma-2020\\\/\"},\"wordCount\":526,\"publisher\":{\"@id\":\"https:\\\/\\\/www.bellunopress.it\\\/#organization\"},\"image\":{\"@id\":\"https:\\\/\\\/www.bellunopress.it\\\/2020\\\/01\\\/07\\\/bilancio-2019-positivo-per-lassociazione-al-goser-al-lavoro-per-il-programma-2020\\\/#primaryimage\"},\"thumbnailUrl\":\"http:\\\/\\\/www.bellunopress.it\\\/wp-content\\\/uploads\\\/2019\\\/07\\\/Corrinsieme-Goser-Trail.jpg\",\"articleSection\":[\"Prima Pagina\",\"Sport, tempo libero\"],\"inLanguage\":\"fr-FR\"},{\"@type\":\"WebPage\",\"@id\":\"https:\\\/\\\/www.bellunopress.it\\\/2020\\\/01\\\/07\\\/bilancio-2019-positivo-per-lassociazione-al-goser-al-lavoro-per-il-programma-2020\\\/\",\"url\":\"https:\\\/\\\/www.bellunopress.it\\\/2020\\\/01\\\/07\\\/bilancio-2019-positivo-per-lassociazione-al-goser-al-lavoro-per-il-programma-2020\\\/\",\"name\":\"Bilancio 2019 positivo per l'Associazione Al Gos\u00e8r. Al lavoro per il programma 2020 - Bellunopress - Dolomiti\",\"isPartOf\":{\"@id\":\"https:\\\/\\\/www.bellunopress.it\\\/#website\"},\"primaryImageOfPage\":{\"@id\":\"https:\\\/\\\/www.bellunopress.it\\\/2020\\\/01\\\/07\\\/bilancio-2019-positivo-per-lassociazione-al-goser-al-lavoro-per-il-programma-2020\\\/#primaryimage\"},\"image\":{\"@id\":\"https:\\\/\\\/www.bellunopress.it\\\/2020\\\/01\\\/07\\\/bilancio-2019-positivo-per-lassociazione-al-goser-al-lavoro-per-il-programma-2020\\\/#primaryimage\"},\"thumbnailUrl\":\"http:\\\/\\\/www.bellunopress.it\\\/wp-content\\\/uploads\\\/2019\\\/07\\\/Corrinsieme-Goser-Trail.jpg\",\"datePublished\":\"2020-01-07T12:25:07+00:00\",\"breadcrumb\":{\"@id\":\"https:\\\/\\\/www.bellunopress.it\\\/2020\\\/01\\\/07\\\/bilancio-2019-positivo-per-lassociazione-al-goser-al-lavoro-per-il-programma-2020\\\/#breadcrumb\"},\"inLanguage\":\"fr-FR\",\"potentialAction\":[{\"@type\":\"ReadAction\",\"target\":[\"https:\\\/\\\/www.bellunopress.it\\\/2020\\\/01\\\/07\\\/bilancio-2019-positivo-per-lassociazione-al-goser-al-lavoro-per-il-programma-2020\\\/\"]}]},{\"@type\":\"ImageObject\",\"inLanguage\":\"fr-FR\",\"@id\":\"https:\\\/\\\/www.bellunopress.it\\\/2020\\\/01\\\/07\\\/bilancio-2019-positivo-per-lassociazione-al-goser-al-lavoro-per-il-programma-2020\\\/#primaryimage\",\"url\":\"http:\\\/\\\/www.bellunopress.it\\\/wp-content\\\/uploads\\\/2019\\\/07\\\/Corrinsieme-Goser-Trail.jpg\",\"contentUrl\":\"http:\\\/\\\/www.bellunopress.it\\\/wp-content\\\/uploads\\\/2019\\\/07\\\/Corrinsieme-Goser-Trail.jpg\"},{\"@type\":\"BreadcrumbList\",\"@id\":\"https:\\\/\\\/www.bellunopress.it\\\/2020\\\/01\\\/07\\\/bilancio-2019-positivo-per-lassociazione-al-goser-al-lavoro-per-il-programma-2020\\\/#breadcrumb\",\"itemListElement\":[{\"@type\":\"ListItem\",\"position\":1,\"name\":\"Home\",\"item\":\"https:\\\/\\\/www.bellunopress.it\\\/\"},{\"@type\":\"ListItem\",\"position\":2,\"name\":\"Bilancio 2019 positivo per l&#8217;Associazione Al Gos\u00e8r. Al lavoro per il programma 2020\"}]},{\"@type\":\"WebSite\",\"@id\":\"https:\\\/\\\/www.bellunopress.it\\\/#website\",\"url\":\"https:\\\/\\\/www.bellunopress.it\\\/\",\"name\":\"Bellunopress - Dolomiti\",\"description\":\"e-mail: redazione@bellunopress.it\",\"publisher\":{\"@id\":\"https:\\\/\\\/www.bellunopress.it\\\/#organization\"},\"potentialAction\":[{\"@type\":\"SearchAction\",\"target\":{\"@type\":\"EntryPoint\",\"urlTemplate\":\"https:\\\/\\\/www.bellunopress.it\\\/?s={search_term_string}\"},\"query-input\":{\"@type\":\"PropertyValueSpecification\",\"valueRequired\":true,\"valueName\":\"search_term_string\"}}],\"inLanguage\":\"fr-FR\"},{\"@type\":\"Organization\",\"@id\":\"https:\\\/\\\/www.bellunopress.it\\\/#organization\",\"name\":\"Bellunopress\",\"url\":\"https:\\\/\\\/www.bellunopress.it\\\/\",\"logo\":{\"@type\":\"ImageObject\",\"inLanguage\":\"fr-FR\",\"@id\":\"https:\\\/\\\/www.bellunopress.it\\\/#\\\/schema\\\/logo\\\/image\\\/\",\"url\":\"https:\\\/\\\/www.bellunopress.it\\\/wp-content\\\/uploads\\\/2011\\\/05\\\/cropped-logo-bellunopress-.jpg\",\"contentUrl\":\"https:\\\/\\\/www.bellunopress.it\\\/wp-content\\\/uploads\\\/2011\\\/05\\\/cropped-logo-bellunopress-.jpg\",\"width\":512,\"height\":512,\"caption\":\"Bellunopress\"},\"image\":{\"@id\":\"https:\\\/\\\/www.bellunopress.it\\\/#\\\/schema\\\/logo\\\/image\\\/\"},\"sameAs\":[\"https:\\\/\\\/www.facebook.com\\\/profile.php?id=100008943462799\",\"https:\\\/\\\/x.com\\\/bellunopress\",\"https:\\\/\\\/www.linkedin.com\\\/hp\\\/?dnr=JBzUWaJfMUw8vbXJJ2tVW5-I3jZKvC4wsoxE&amp;amp;amp;amp;amp;amp;trk=nav_responsive_tab_home\",\"https:\\\/\\\/www.youtube.com\\\/channel\\\/UCxL0wu1uN0_3_7hGG0306cw\"]},{\"@type\":\"Person\",\"@id\":\"https:\\\/\\\/www.bellunopress.it\\\/#\\\/schema\\\/person\\\/79bb06722b37ece1c03d3e94beb30d73\",\"name\":\"redazione\",\"image\":{\"@type\":\"ImageObject\",\"inLanguage\":\"fr-FR\",\"@id\":\"https:\\\/\\\/secure.gravatar.com\\\/avatar\\\/37d968a2e67a6fd04c169c4bdef102d0bc5d31b2546345219e348575eb80e9a0?s=96&d=mm&r=g\",\"url\":\"https:\\\/\\\/secure.gravatar.com\\\/avatar\\\/37d968a2e67a6fd04c169c4bdef102d0bc5d31b2546345219e348575eb80e9a0?s=96&d=mm&r=g\",\"contentUrl\":\"https:\\\/\\\/secure.gravatar.com\\\/avatar\\\/37d968a2e67a6fd04c169c4bdef102d0bc5d31b2546345219e348575eb80e9a0?s=96&d=mm&r=g\",\"caption\":\"redazione\"},\"sameAs\":[\"http:\\\/\\\/www.bellunopress.it\",\"https:\\\/\\\/x.com\\\/bellunopress\"],\"url\":\"https:\\\/\\\/www.bellunopress.it\\\/fr\\\/author\\\/redazione\\\/\"}]}<\/script>\n<!-- \/ Yoast SEO plugin. -->","yoast_head_json":{"title":"Bilancio 2019 positivo per l'Associazione Al Gos\u00e8r. Al lavoro per il programma 2020 - Bellunopress - Dolomiti","robots":{"index":"index","follow":"follow","max-snippet":"max-snippet:-1","max-image-preview":"max-image-preview:large","max-video-preview":"max-video-preview:-1"},"canonical":"https:\/\/www.bellunopress.it\/fr\/2020\/01\/07\/bilancio-2019-positivo-per-lassociazione-al-goser-al-lavoro-per-il-programma-2020\/","og_locale":"fr_FR","og_type":"article","og_title":"Bilancio 2019 positivo per l'Associazione Al Gos\u00e8r. Al lavoro per il programma 2020 - Bellunopress - Dolomiti","og_description":"Bilancio positivo da pollice alto per l\u2019Asd Al Gos\u00e8r che, dopo il rinvio obbligatorio delle manifestazioni da luglio a ottobre causa maltempo, non si \u00e8 persa d\u2019animo e ha concluso l\u2019anno 2019 a pieni voti. Tutto merito di una macchina organizzativa che ha saputo dimostrare grande determinazione e soprattutto un\u2019innata passione per lo sport e [&hellip;]","og_url":"https:\/\/www.bellunopress.it\/fr\/2020\/01\/07\/bilancio-2019-positivo-per-lassociazione-al-goser-al-lavoro-per-il-programma-2020\/","og_site_name":"Bellunopress - Dolomiti","article_publisher":"https:\/\/www.facebook.com\/profile.php?id=100008943462799","article_published_time":"2020-01-07T12:25:07+00:00","og_image":[{"url":"http:\/\/www.bellunopress.it\/wp-content\/uploads\/2019\/07\/Corrinsieme-Goser-Trail.jpg","type":"","width":"","height":""}],"author":"redazione","twitter_card":"summary_large_image","twitter_creator":"@bellunopress","twitter_site":"@bellunopress","twitter_misc":{"\u00c9crit par":"redazione","Dur\u00e9e de lecture estim\u00e9e":"3 minutes"},"schema":{"@context":"https:\/\/schema.org","@graph":[{"@type":"Article","@id":"https:\/\/www.bellunopress.it\/2020\/01\/07\/bilancio-2019-positivo-per-lassociazione-al-goser-al-lavoro-per-il-programma-2020\/#article","isPartOf":{"@id":"https:\/\/www.bellunopress.it\/2020\/01\/07\/bilancio-2019-positivo-per-lassociazione-al-goser-al-lavoro-per-il-programma-2020\/"},"author":{"name":"redazione","@id":"https:\/\/www.bellunopress.it\/#\/schema\/person\/79bb06722b37ece1c03d3e94beb30d73"},"headline":"Bilancio 2019 positivo per l&#8217;Associazione Al Gos\u00e8r. Al lavoro per il programma 2020","datePublished":"2020-01-07T12:25:07+00:00","mainEntityOfPage":{"@id":"https:\/\/www.bellunopress.it\/2020\/01\/07\/bilancio-2019-positivo-per-lassociazione-al-goser-al-lavoro-per-il-programma-2020\/"},"wordCount":526,"publisher":{"@id":"https:\/\/www.bellunopress.it\/#organization"},"image":{"@id":"https:\/\/www.bellunopress.it\/2020\/01\/07\/bilancio-2019-positivo-per-lassociazione-al-goser-al-lavoro-per-il-programma-2020\/#primaryimage"},"thumbnailUrl":"http:\/\/www.bellunopress.it\/wp-content\/uploads\/2019\/07\/Corrinsieme-Goser-Trail.jpg","articleSection":["Prima Pagina","Sport, tempo libero"],"inLanguage":"fr-FR"},{"@type":"WebPage","@id":"https:\/\/www.bellunopress.it\/2020\/01\/07\/bilancio-2019-positivo-per-lassociazione-al-goser-al-lavoro-per-il-programma-2020\/","url":"https:\/\/www.bellunopress.it\/2020\/01\/07\/bilancio-2019-positivo-per-lassociazione-al-goser-al-lavoro-per-il-programma-2020\/","name":"Bilancio 2019 positivo per l'Associazione Al Gos\u00e8r. Al lavoro per il programma 2020 - Bellunopress - Dolomiti","isPartOf":{"@id":"https:\/\/www.bellunopress.it\/#website"},"primaryImageOfPage":{"@id":"https:\/\/www.bellunopress.it\/2020\/01\/07\/bilancio-2019-positivo-per-lassociazione-al-goser-al-lavoro-per-il-programma-2020\/#primaryimage"},"image":{"@id":"https:\/\/www.bellunopress.it\/2020\/01\/07\/bilancio-2019-positivo-per-lassociazione-al-goser-al-lavoro-per-il-programma-2020\/#primaryimage"},"thumbnailUrl":"http:\/\/www.bellunopress.it\/wp-content\/uploads\/2019\/07\/Corrinsieme-Goser-Trail.jpg","datePublished":"2020-01-07T12:25:07+00:00","breadcrumb":{"@id":"https:\/\/www.bellunopress.it\/2020\/01\/07\/bilancio-2019-positivo-per-lassociazione-al-goser-al-lavoro-per-il-programma-2020\/#breadcrumb"},"inLanguage":"fr-FR","potentialAction":[{"@type":"ReadAction","target":["https:\/\/www.bellunopress.it\/2020\/01\/07\/bilancio-2019-positivo-per-lassociazione-al-goser-al-lavoro-per-il-programma-2020\/"]}]},{"@type":"ImageObject","inLanguage":"fr-FR","@id":"https:\/\/www.bellunopress.it\/2020\/01\/07\/bilancio-2019-positivo-per-lassociazione-al-goser-al-lavoro-per-il-programma-2020\/#primaryimage","url":"http:\/\/www.bellunopress.it\/wp-content\/uploads\/2019\/07\/Corrinsieme-Goser-Trail.jpg","contentUrl":"http:\/\/www.bellunopress.it\/wp-content\/uploads\/2019\/07\/Corrinsieme-Goser-Trail.jpg"},{"@type":"BreadcrumbList","@id":"https:\/\/www.bellunopress.it\/2020\/01\/07\/bilancio-2019-positivo-per-lassociazione-al-goser-al-lavoro-per-il-programma-2020\/#breadcrumb","itemListElement":[{"@type":"ListItem","position":1,"name":"Home","item":"https:\/\/www.bellunopress.it\/"},{"@type":"ListItem","position":2,"name":"Bilancio 2019 positivo per l&#8217;Associazione Al Gos\u00e8r. Al lavoro per il programma 2020"}]},{"@type":"WebSite","@id":"https:\/\/www.bellunopress.it\/#website","url":"https:\/\/www.bellunopress.it\/","name":"Bellunopress - Dolomiti","description":"e-mail: redazione@bellunopress.it","publisher":{"@id":"https:\/\/www.bellunopress.it\/#organization"},"potentialAction":[{"@type":"SearchAction","target":{"@type":"EntryPoint","urlTemplate":"https:\/\/www.bellunopress.it\/?s={search_term_string}"},"query-input":{"@type":"PropertyValueSpecification","valueRequired":true,"valueName":"search_term_string"}}],"inLanguage":"fr-FR"},{"@type":"Organization","@id":"https:\/\/www.bellunopress.it\/#organization","name":"Bellunopress","url":"https:\/\/www.bellunopress.it\/","logo":{"@type":"ImageObject","inLanguage":"fr-FR","@id":"https:\/\/www.bellunopress.it\/#\/schema\/logo\/image\/","url":"https:\/\/www.bellunopress.it\/wp-content\/uploads\/2011\/05\/cropped-logo-bellunopress-.jpg","contentUrl":"https:\/\/www.bellunopress.it\/wp-content\/uploads\/2011\/05\/cropped-logo-bellunopress-.jpg","width":512,"height":512,"caption":"Bellunopress"},"image":{"@id":"https:\/\/www.bellunopress.it\/#\/schema\/logo\/image\/"},"sameAs":["https:\/\/www.facebook.com\/profile.php?id=100008943462799","https:\/\/x.com\/bellunopress","https:\/\/www.linkedin.com\/hp\/?dnr=JBzUWaJfMUw8vbXJJ2tVW5-I3jZKvC4wsoxE&amp;amp;amp;amp;amp;amp;trk=nav_responsive_tab_home","https:\/\/www.youtube.com\/channel\/UCxL0wu1uN0_3_7hGG0306cw"]},{"@type":"Person","@id":"https:\/\/www.bellunopress.it\/#\/schema\/person\/79bb06722b37ece1c03d3e94beb30d73","name":"r\u00e9daction","image":{"@type":"ImageObject","inLanguage":"fr-FR","@id":"https:\/\/secure.gravatar.com\/avatar\/37d968a2e67a6fd04c169c4bdef102d0bc5d31b2546345219e348575eb80e9a0?s=96&d=mm&r=g","url":"https:\/\/secure.gravatar.com\/avatar\/37d968a2e67a6fd04c169c4bdef102d0bc5d31b2546345219e348575eb80e9a0?s=96&d=mm&r=g","contentUrl":"https:\/\/secure.gravatar.com\/avatar\/37d968a2e67a6fd04c169c4bdef102d0bc5d31b2546345219e348575eb80e9a0?s=96&d=mm&r=g","caption":"redazione"},"sameAs":["http:\/\/www.bellunopress.it","https:\/\/x.com\/bellunopress"],"url":"https:\/\/www.bellunopress.it\/fr\/author\/redazione\/"}]}},"_links":{"self":[{"href":"https:\/\/www.bellunopress.it\/fr\/wp-json\/wp\/v2\/posts\/111027","targetHints":{"allow":["GET"]}}],"collection":[{"href":"https:\/\/www.bellunopress.it\/fr\/wp-json\/wp\/v2\/posts"}],"about":[{"href":"https:\/\/www.bellunopress.it\/fr\/wp-json\/wp\/v2\/types\/post"}],"author":[{"embeddable":true,"href":"https:\/\/www.bellunopress.it\/fr\/wp-json\/wp\/v2\/users\/2"}],"replies":[{"embeddable":true,"href":"https:\/\/www.bellunopress.it\/fr\/wp-json\/wp\/v2\/comments?post=111027"}],"version-history":[{"count":1,"href":"https:\/\/www.bellunopress.it\/fr\/wp-json\/wp\/v2\/posts\/111027\/revisions"}],"predecessor-version":[{"id":111028,"href":"https:\/\/www.bellunopress.it\/fr\/wp-json\/wp\/v2\/posts\/111027\/revisions\/111028"}],"wp:attachment":[{"href":"https:\/\/www.bellunopress.it\/fr\/wp-json\/wp\/v2\/media?parent=111027"}],"wp:term":[{"taxonomy":"category","embeddable":true,"href":"https:\/\/www.bellunopress.it\/fr\/wp-json\/wp\/v2\/categories?post=111027"},{"taxonomy":"post_tag","embeddable":true,"href":"https:\/\/www.bellunopress.it\/fr\/wp-json\/wp\/v2\/tags?post=111027"}],"curies":[{"name":"wp","href":"https:\/\/api.w.org\/{rel}","templated":true}]}}