{"id":111023,"date":"2020-01-07T13:18:01","date_gmt":"2020-01-07T12:18:01","guid":{"rendered":"http:\/\/www.bellunopress.it\/?p=111023"},"modified":"2020-01-10T20:06:55","modified_gmt":"2020-01-10T19:06:55","slug":"111023","status":"publish","type":"post","link":"https:\/\/www.bellunopress.it\/fr\/2020\/01\/07\/111023\/","title":{"rendered":"Successo a Santa Giustina per &#8220;La favola di Pollicino&#8230;come non l&#8217;avete mai vista&#8221;"},"content":{"rendered":"<p>Grande successo venerd\u00ec 20 dicembre per lo spettacolo \u201cLa favola di Pollicino\u2026 come non l\u2019avete mai vista!\u201d. La sala parrocchiale di Santa Giustina, gremita di gente. Grande emozione.<\/p>\n<p><a href=\"http:\/\/www.bellunopress.it\/fr\/2012\/05\/13\/comitato-pollicino-ultimato-il-convegno-internazionale-twinning-voluntary-cooperation-in-ungheria\/comitato-pollicino\/\" rel=\"attachment wp-att-37931\"><img loading=\"lazy\" decoding=\"async\" class=\"alignleft size-full wp-image-37931\" src=\"http:\/\/www.bellunopress.it\/wp-content\/uploads\/2012\/05\/comitato-pollicino.jpg\" alt=\"\" width=\"270\" height=\"258\" \/><\/a>E\u2019 un progetto nato dall\u2019idea di aiutare l\u2019associazione Comitato Pollicino nella raccolta fondi da destinare a un pulmino per i bambini di Casa Pollicino. Era l&#8217;ultimo di tre incontri nati proprio per questo motivo. Un progetto che nel nome racconta tutto: \u201cPollicino on the road\u201d.<\/p>\n<p>L&#8217;idea era quella di mettere in scena la classica favola di Pollicino rivisitando il finale e facendo s\u00ec che Pollicino e i suoi fratellini arrivassero proprio a Casa Pollicino, luogo accogliente e sicuro in cui ci sono persone pronte a coccolarli, a dargli un pasto caldo, lavarli e accudirli.<\/p>\n<p>Due le condizioni speciali che hanno caratterizzato lo spettacolo. La prima che sia stato messo in scena con protagonisti i bambini per altri bambini. La seconda il fatto che sono stati coinvolti alcuni volontari dell\u2019associazione che si sono calati nella parte dell\u2019orco, dell&#8217;orchessa e dei cavalieri di Pollicino.<\/p>\n<p>I messaggi trasmessi sono stati tanti: all&#8217;inizio i ragazzi delle medie, accompagnati dalla musica \u201cC\u2019\u00e8 tempo\u201d, hanno lanciato un messaggio per combattere l\u2019indifferenza, e alla fine \u00e8 stato lanciato un messaggio bellissimo \u201cNoi bambini possiamo cambiare il mondo e voi???\u201d. Un invito a fare qualcosa e a non starsene con le mani in mano.<\/p>\n<p>I ringraziamenti sono tanti: da Andrea Dassi\u00e8 che per primo ci ha dato fiducia e anche questa volta ci ha aiutato nella stesura del copione, i bambini e i genitori del doposcuola di Santa Giustina \u201cPomeriggi ricreativi\u201d che hanno messo il cuore nella preparazione dello spettacolo; un gruppo bellissimo che si \u00e8 impegnato davvero per la riuscita del tutto, i volontari dell\u2019associazione Comitato Pollicino, Don Gianni che ha messo a disposizione la Sala Parrocchiale, i volontari dell\u2019Oratorio di Santa Giustina che da mesi hanno lavorato per costruire le scenografie e fare i costumi, lo staff dei Pomeriggi Ricreativi che da sempre sostiene l\u2019associazione e anche questa volta si \u00e8 speso per questa buona causa, il gruppo di ballo di San Gregorio nelle Alpi.<\/p>\n<p>Visto il grande successo riscontrato con oltre 250 spettatori presenti, lo spettacolo verr\u00e0 riproposto a breve. Info e curiosit\u00e0 sulla pagina Facebook.com\/comitatopollicino o all&#8217;indirizzo web www.comitatopollicino.org.<\/p>","protected":false},"excerpt":{"rendered":"<p>Grande successo venerd\u00ec 20 dicembre per lo spettacolo \u201cLa favola di Pollicino\u2026 come non l\u2019avete mai vista!\u201d. La sala parrocchiale di Santa Giustina, gremita di gente. Grande emozione. E\u2019 un progetto nato dall\u2019idea di aiutare l\u2019associazione Comitato Pollicino nella raccolta fondi da destinare a un pulmino per i bambini di Casa Pollicino. Era l&#8217;ultimo di [&hellip;]<\/p>\n","protected":false},"author":2,"featured_media":0,"comment_status":"closed","ping_status":"open","sticky":false,"template":"","format":"standard","meta":{"footnotes":""},"categories":[27,3],"tags":[],"class_list":["post-111023","post","type-post","status-publish","format-standard","category-appuntamenti","category-arte-cultura-spettacoli-scienza-archivi"],"yoast_head":"<!-- This site is optimized with the Yoast SEO plugin v28.4 - https:\/\/yoast.com\/product\/yoast-seo-wordpress\/ -->\n<title>Successo a Santa Giustina per &quot;La favola di Pollicino...come non l&#039;avete mai vista&quot; - Bellunopress - Dolomiti<\/title>\n<meta name=\"robots\" content=\"index, follow, max-snippet:-1, max-image-preview:large, max-video-preview:-1\" \/>\n<link rel=\"canonical\" href=\"https:\/\/www.bellunopress.it\/fr\/2020\/01\/07\/111023\/\" \/>\n<meta property=\"og:locale\" content=\"fr_FR\" \/>\n<meta property=\"og:type\" content=\"article\" \/>\n<meta property=\"og:title\" content=\"Successo a Santa Giustina per &quot;La favola di Pollicino...come non l&#039;avete mai vista&quot; - Bellunopress - Dolomiti\" \/>\n<meta property=\"og:description\" content=\"Grande successo venerd\u00ec 20 dicembre per lo spettacolo \u201cLa favola di Pollicino\u2026 come non l\u2019avete mai vista!\u201d. La sala parrocchiale di Santa Giustina, gremita di gente. Grande emozione. E\u2019 un progetto nato dall\u2019idea di aiutare l\u2019associazione Comitato Pollicino nella raccolta fondi da destinare a un pulmino per i bambini di Casa Pollicino. Era l&#8217;ultimo di [&hellip;]\" \/>\n<meta property=\"og:url\" content=\"https:\/\/www.bellunopress.it\/fr\/2020\/01\/07\/111023\/\" \/>\n<meta property=\"og:site_name\" content=\"Bellunopress - Dolomiti\" \/>\n<meta property=\"article:publisher\" content=\"https:\/\/www.facebook.com\/profile.php?id=100008943462799\" \/>\n<meta property=\"article:published_time\" content=\"2020-01-07T12:18:01+00:00\" \/>\n<meta property=\"article:modified_time\" content=\"2020-01-10T19:06:55+00:00\" \/>\n<meta property=\"og:image\" content=\"http:\/\/www.bellunopress.it\/wp-content\/uploads\/2012\/05\/comitato-pollicino.jpg\" \/>\n<meta name=\"author\" content=\"redazione\" \/>\n<meta name=\"twitter:card\" content=\"summary_large_image\" \/>\n<meta name=\"twitter:creator\" content=\"@bellunopress\" \/>\n<meta name=\"twitter:site\" content=\"@bellunopress\" \/>\n<meta name=\"twitter:label1\" content=\"\u00c9crit par\" \/>\n\t<meta name=\"twitter:data1\" content=\"redazione\" \/>\n\t<meta name=\"twitter:label2\" content=\"Dur\u00e9e de lecture estim\u00e9e\" \/>\n\t<meta name=\"twitter:data2\" content=\"2 minutes\" \/>\n<script type=\"application\/ld+json\" class=\"yoast-schema-graph\">{\"@context\":\"https:\\\/\\\/schema.org\",\"@graph\":[{\"@type\":\"Article\",\"@id\":\"https:\\\/\\\/www.bellunopress.it\\\/2020\\\/01\\\/07\\\/111023\\\/#article\",\"isPartOf\":{\"@id\":\"https:\\\/\\\/www.bellunopress.it\\\/2020\\\/01\\\/07\\\/111023\\\/\"},\"author\":{\"name\":\"redazione\",\"@id\":\"https:\\\/\\\/www.bellunopress.it\\\/#\\\/schema\\\/person\\\/79bb06722b37ece1c03d3e94beb30d73\"},\"headline\":\"Successo a Santa Giustina per &#8220;La favola di Pollicino&#8230;come non l&#8217;avete mai vista&#8221;\",\"datePublished\":\"2020-01-07T12:18:01+00:00\",\"dateModified\":\"2020-01-10T19:06:55+00:00\",\"mainEntityOfPage\":{\"@id\":\"https:\\\/\\\/www.bellunopress.it\\\/2020\\\/01\\\/07\\\/111023\\\/\"},\"wordCount\":401,\"publisher\":{\"@id\":\"https:\\\/\\\/www.bellunopress.it\\\/#organization\"},\"image\":{\"@id\":\"https:\\\/\\\/www.bellunopress.it\\\/2020\\\/01\\\/07\\\/111023\\\/#primaryimage\"},\"thumbnailUrl\":\"http:\\\/\\\/www.bellunopress.it\\\/wp-content\\\/uploads\\\/2012\\\/05\\\/comitato-pollicino.jpg\",\"articleSection\":[\"Appuntamenti, Eventi\",\"Arte, Cultura, Spettacoli, Scienza\"],\"inLanguage\":\"fr-FR\"},{\"@type\":\"WebPage\",\"@id\":\"https:\\\/\\\/www.bellunopress.it\\\/2020\\\/01\\\/07\\\/111023\\\/\",\"url\":\"https:\\\/\\\/www.bellunopress.it\\\/2020\\\/01\\\/07\\\/111023\\\/\",\"name\":\"Successo a Santa Giustina per \\\"La favola di Pollicino...come non l'avete mai vista\\\" - Bellunopress - Dolomiti\",\"isPartOf\":{\"@id\":\"https:\\\/\\\/www.bellunopress.it\\\/#website\"},\"primaryImageOfPage\":{\"@id\":\"https:\\\/\\\/www.bellunopress.it\\\/2020\\\/01\\\/07\\\/111023\\\/#primaryimage\"},\"image\":{\"@id\":\"https:\\\/\\\/www.bellunopress.it\\\/2020\\\/01\\\/07\\\/111023\\\/#primaryimage\"},\"thumbnailUrl\":\"http:\\\/\\\/www.bellunopress.it\\\/wp-content\\\/uploads\\\/2012\\\/05\\\/comitato-pollicino.jpg\",\"datePublished\":\"2020-01-07T12:18:01+00:00\",\"dateModified\":\"2020-01-10T19:06:55+00:00\",\"breadcrumb\":{\"@id\":\"https:\\\/\\\/www.bellunopress.it\\\/2020\\\/01\\\/07\\\/111023\\\/#breadcrumb\"},\"inLanguage\":\"fr-FR\",\"potentialAction\":[{\"@type\":\"ReadAction\",\"target\":[\"https:\\\/\\\/www.bellunopress.it\\\/2020\\\/01\\\/07\\\/111023\\\/\"]}]},{\"@type\":\"ImageObject\",\"inLanguage\":\"fr-FR\",\"@id\":\"https:\\\/\\\/www.bellunopress.it\\\/2020\\\/01\\\/07\\\/111023\\\/#primaryimage\",\"url\":\"http:\\\/\\\/www.bellunopress.it\\\/wp-content\\\/uploads\\\/2012\\\/05\\\/comitato-pollicino.jpg\",\"contentUrl\":\"http:\\\/\\\/www.bellunopress.it\\\/wp-content\\\/uploads\\\/2012\\\/05\\\/comitato-pollicino.jpg\"},{\"@type\":\"BreadcrumbList\",\"@id\":\"https:\\\/\\\/www.bellunopress.it\\\/2020\\\/01\\\/07\\\/111023\\\/#breadcrumb\",\"itemListElement\":[{\"@type\":\"ListItem\",\"position\":1,\"name\":\"Home\",\"item\":\"https:\\\/\\\/www.bellunopress.it\\\/\"},{\"@type\":\"ListItem\",\"position\":2,\"name\":\"Successo a Santa Giustina per &#8220;La favola di Pollicino&#8230;come non l&#8217;avete mai vista&#8221;\"}]},{\"@type\":\"WebSite\",\"@id\":\"https:\\\/\\\/www.bellunopress.it\\\/#website\",\"url\":\"https:\\\/\\\/www.bellunopress.it\\\/\",\"name\":\"Bellunopress - Dolomiti\",\"description\":\"e-mail: redazione@bellunopress.it\",\"publisher\":{\"@id\":\"https:\\\/\\\/www.bellunopress.it\\\/#organization\"},\"potentialAction\":[{\"@type\":\"SearchAction\",\"target\":{\"@type\":\"EntryPoint\",\"urlTemplate\":\"https:\\\/\\\/www.bellunopress.it\\\/?s={search_term_string}\"},\"query-input\":{\"@type\":\"PropertyValueSpecification\",\"valueRequired\":true,\"valueName\":\"search_term_string\"}}],\"inLanguage\":\"fr-FR\"},{\"@type\":\"Organization\",\"@id\":\"https:\\\/\\\/www.bellunopress.it\\\/#organization\",\"name\":\"Bellunopress\",\"url\":\"https:\\\/\\\/www.bellunopress.it\\\/\",\"logo\":{\"@type\":\"ImageObject\",\"inLanguage\":\"fr-FR\",\"@id\":\"https:\\\/\\\/www.bellunopress.it\\\/#\\\/schema\\\/logo\\\/image\\\/\",\"url\":\"https:\\\/\\\/www.bellunopress.it\\\/wp-content\\\/uploads\\\/2011\\\/05\\\/cropped-logo-bellunopress-.jpg\",\"contentUrl\":\"https:\\\/\\\/www.bellunopress.it\\\/wp-content\\\/uploads\\\/2011\\\/05\\\/cropped-logo-bellunopress-.jpg\",\"width\":512,\"height\":512,\"caption\":\"Bellunopress\"},\"image\":{\"@id\":\"https:\\\/\\\/www.bellunopress.it\\\/#\\\/schema\\\/logo\\\/image\\\/\"},\"sameAs\":[\"https:\\\/\\\/www.facebook.com\\\/profile.php?id=100008943462799\",\"https:\\\/\\\/x.com\\\/bellunopress\",\"https:\\\/\\\/www.linkedin.com\\\/hp\\\/?dnr=JBzUWaJfMUw8vbXJJ2tVW5-I3jZKvC4wsoxE&amp;amp;amp;amp;amp;amp;trk=nav_responsive_tab_home\",\"https:\\\/\\\/www.youtube.com\\\/channel\\\/UCxL0wu1uN0_3_7hGG0306cw\"]},{\"@type\":\"Person\",\"@id\":\"https:\\\/\\\/www.bellunopress.it\\\/#\\\/schema\\\/person\\\/79bb06722b37ece1c03d3e94beb30d73\",\"name\":\"redazione\",\"image\":{\"@type\":\"ImageObject\",\"inLanguage\":\"fr-FR\",\"@id\":\"https:\\\/\\\/secure.gravatar.com\\\/avatar\\\/37d968a2e67a6fd04c169c4bdef102d0bc5d31b2546345219e348575eb80e9a0?s=96&d=mm&r=g\",\"url\":\"https:\\\/\\\/secure.gravatar.com\\\/avatar\\\/37d968a2e67a6fd04c169c4bdef102d0bc5d31b2546345219e348575eb80e9a0?s=96&d=mm&r=g\",\"contentUrl\":\"https:\\\/\\\/secure.gravatar.com\\\/avatar\\\/37d968a2e67a6fd04c169c4bdef102d0bc5d31b2546345219e348575eb80e9a0?s=96&d=mm&r=g\",\"caption\":\"redazione\"},\"sameAs\":[\"http:\\\/\\\/www.bellunopress.it\",\"https:\\\/\\\/x.com\\\/bellunopress\"],\"url\":\"https:\\\/\\\/www.bellunopress.it\\\/fr\\\/author\\\/redazione\\\/\"}]}<\/script>\n<!-- \/ Yoast SEO plugin. -->","yoast_head_json":{"title":"Successo a Santa Giustina per \"La favola di Pollicino...come non l'avete mai vista\" - Bellunopress - Dolomiti","robots":{"index":"index","follow":"follow","max-snippet":"max-snippet:-1","max-image-preview":"max-image-preview:large","max-video-preview":"max-video-preview:-1"},"canonical":"https:\/\/www.bellunopress.it\/fr\/2020\/01\/07\/111023\/","og_locale":"fr_FR","og_type":"article","og_title":"Successo a Santa Giustina per \"La favola di Pollicino...come non l'avete mai vista\" - Bellunopress - Dolomiti","og_description":"Grande successo venerd\u00ec 20 dicembre per lo spettacolo \u201cLa favola di Pollicino\u2026 come non l\u2019avete mai vista!\u201d. La sala parrocchiale di Santa Giustina, gremita di gente. Grande emozione. E\u2019 un progetto nato dall\u2019idea di aiutare l\u2019associazione Comitato Pollicino nella raccolta fondi da destinare a un pulmino per i bambini di Casa Pollicino. Era l&#8217;ultimo di [&hellip;]","og_url":"https:\/\/www.bellunopress.it\/fr\/2020\/01\/07\/111023\/","og_site_name":"Bellunopress - Dolomiti","article_publisher":"https:\/\/www.facebook.com\/profile.php?id=100008943462799","article_published_time":"2020-01-07T12:18:01+00:00","article_modified_time":"2020-01-10T19:06:55+00:00","og_image":[{"url":"http:\/\/www.bellunopress.it\/wp-content\/uploads\/2012\/05\/comitato-pollicino.jpg","type":"","width":"","height":""}],"author":"redazione","twitter_card":"summary_large_image","twitter_creator":"@bellunopress","twitter_site":"@bellunopress","twitter_misc":{"\u00c9crit par":"redazione","Dur\u00e9e de lecture estim\u00e9e":"2 minutes"},"schema":{"@context":"https:\/\/schema.org","@graph":[{"@type":"Article","@id":"https:\/\/www.bellunopress.it\/2020\/01\/07\/111023\/#article","isPartOf":{"@id":"https:\/\/www.bellunopress.it\/2020\/01\/07\/111023\/"},"author":{"name":"redazione","@id":"https:\/\/www.bellunopress.it\/#\/schema\/person\/79bb06722b37ece1c03d3e94beb30d73"},"headline":"Successo a Santa Giustina per &#8220;La favola di Pollicino&#8230;come non l&#8217;avete mai vista&#8221;","datePublished":"2020-01-07T12:18:01+00:00","dateModified":"2020-01-10T19:06:55+00:00","mainEntityOfPage":{"@id":"https:\/\/www.bellunopress.it\/2020\/01\/07\/111023\/"},"wordCount":401,"publisher":{"@id":"https:\/\/www.bellunopress.it\/#organization"},"image":{"@id":"https:\/\/www.bellunopress.it\/2020\/01\/07\/111023\/#primaryimage"},"thumbnailUrl":"http:\/\/www.bellunopress.it\/wp-content\/uploads\/2012\/05\/comitato-pollicino.jpg","articleSection":["Appuntamenti, Eventi","Arte, Cultura, Spettacoli, Scienza"],"inLanguage":"fr-FR"},{"@type":"WebPage","@id":"https:\/\/www.bellunopress.it\/2020\/01\/07\/111023\/","url":"https:\/\/www.bellunopress.it\/2020\/01\/07\/111023\/","name":"Successo a Santa Giustina per \"La favola di Pollicino...come non l'avete mai vista\" - Bellunopress - Dolomiti","isPartOf":{"@id":"https:\/\/www.bellunopress.it\/#website"},"primaryImageOfPage":{"@id":"https:\/\/www.bellunopress.it\/2020\/01\/07\/111023\/#primaryimage"},"image":{"@id":"https:\/\/www.bellunopress.it\/2020\/01\/07\/111023\/#primaryimage"},"thumbnailUrl":"http:\/\/www.bellunopress.it\/wp-content\/uploads\/2012\/05\/comitato-pollicino.jpg","datePublished":"2020-01-07T12:18:01+00:00","dateModified":"2020-01-10T19:06:55+00:00","breadcrumb":{"@id":"https:\/\/www.bellunopress.it\/2020\/01\/07\/111023\/#breadcrumb"},"inLanguage":"fr-FR","potentialAction":[{"@type":"ReadAction","target":["https:\/\/www.bellunopress.it\/2020\/01\/07\/111023\/"]}]},{"@type":"ImageObject","inLanguage":"fr-FR","@id":"https:\/\/www.bellunopress.it\/2020\/01\/07\/111023\/#primaryimage","url":"http:\/\/www.bellunopress.it\/wp-content\/uploads\/2012\/05\/comitato-pollicino.jpg","contentUrl":"http:\/\/www.bellunopress.it\/wp-content\/uploads\/2012\/05\/comitato-pollicino.jpg"},{"@type":"BreadcrumbList","@id":"https:\/\/www.bellunopress.it\/2020\/01\/07\/111023\/#breadcrumb","itemListElement":[{"@type":"ListItem","position":1,"name":"Home","item":"https:\/\/www.bellunopress.it\/"},{"@type":"ListItem","position":2,"name":"Successo a Santa Giustina per &#8220;La favola di Pollicino&#8230;come non l&#8217;avete mai vista&#8221;"}]},{"@type":"WebSite","@id":"https:\/\/www.bellunopress.it\/#website","url":"https:\/\/www.bellunopress.it\/","name":"Bellunopress - Dolomiti","description":"e-mail: redazione@bellunopress.it","publisher":{"@id":"https:\/\/www.bellunopress.it\/#organization"},"potentialAction":[{"@type":"SearchAction","target":{"@type":"EntryPoint","urlTemplate":"https:\/\/www.bellunopress.it\/?s={search_term_string}"},"query-input":{"@type":"PropertyValueSpecification","valueRequired":true,"valueName":"search_term_string"}}],"inLanguage":"fr-FR"},{"@type":"Organization","@id":"https:\/\/www.bellunopress.it\/#organization","name":"Bellunopress","url":"https:\/\/www.bellunopress.it\/","logo":{"@type":"ImageObject","inLanguage":"fr-FR","@id":"https:\/\/www.bellunopress.it\/#\/schema\/logo\/image\/","url":"https:\/\/www.bellunopress.it\/wp-content\/uploads\/2011\/05\/cropped-logo-bellunopress-.jpg","contentUrl":"https:\/\/www.bellunopress.it\/wp-content\/uploads\/2011\/05\/cropped-logo-bellunopress-.jpg","width":512,"height":512,"caption":"Bellunopress"},"image":{"@id":"https:\/\/www.bellunopress.it\/#\/schema\/logo\/image\/"},"sameAs":["https:\/\/www.facebook.com\/profile.php?id=100008943462799","https:\/\/x.com\/bellunopress","https:\/\/www.linkedin.com\/hp\/?dnr=JBzUWaJfMUw8vbXJJ2tVW5-I3jZKvC4wsoxE&amp;amp;amp;amp;amp;amp;trk=nav_responsive_tab_home","https:\/\/www.youtube.com\/channel\/UCxL0wu1uN0_3_7hGG0306cw"]},{"@type":"Person","@id":"https:\/\/www.bellunopress.it\/#\/schema\/person\/79bb06722b37ece1c03d3e94beb30d73","name":"r\u00e9daction","image":{"@type":"ImageObject","inLanguage":"fr-FR","@id":"https:\/\/secure.gravatar.com\/avatar\/37d968a2e67a6fd04c169c4bdef102d0bc5d31b2546345219e348575eb80e9a0?s=96&d=mm&r=g","url":"https:\/\/secure.gravatar.com\/avatar\/37d968a2e67a6fd04c169c4bdef102d0bc5d31b2546345219e348575eb80e9a0?s=96&d=mm&r=g","contentUrl":"https:\/\/secure.gravatar.com\/avatar\/37d968a2e67a6fd04c169c4bdef102d0bc5d31b2546345219e348575eb80e9a0?s=96&d=mm&r=g","caption":"redazione"},"sameAs":["http:\/\/www.bellunopress.it","https:\/\/x.com\/bellunopress"],"url":"https:\/\/www.bellunopress.it\/fr\/author\/redazione\/"}]}},"_links":{"self":[{"href":"https:\/\/www.bellunopress.it\/fr\/wp-json\/wp\/v2\/posts\/111023","targetHints":{"allow":["GET"]}}],"collection":[{"href":"https:\/\/www.bellunopress.it\/fr\/wp-json\/wp\/v2\/posts"}],"about":[{"href":"https:\/\/www.bellunopress.it\/fr\/wp-json\/wp\/v2\/types\/post"}],"author":[{"embeddable":true,"href":"https:\/\/www.bellunopress.it\/fr\/wp-json\/wp\/v2\/users\/2"}],"replies":[{"embeddable":true,"href":"https:\/\/www.bellunopress.it\/fr\/wp-json\/wp\/v2\/comments?post=111023"}],"version-history":[{"count":3,"href":"https:\/\/www.bellunopress.it\/fr\/wp-json\/wp\/v2\/posts\/111023\/revisions"}],"predecessor-version":[{"id":111026,"href":"https:\/\/www.bellunopress.it\/fr\/wp-json\/wp\/v2\/posts\/111023\/revisions\/111026"}],"wp:attachment":[{"href":"https:\/\/www.bellunopress.it\/fr\/wp-json\/wp\/v2\/media?parent=111023"}],"wp:term":[{"taxonomy":"category","embeddable":true,"href":"https:\/\/www.bellunopress.it\/fr\/wp-json\/wp\/v2\/categories?post=111023"},{"taxonomy":"post_tag","embeddable":true,"href":"https:\/\/www.bellunopress.it\/fr\/wp-json\/wp\/v2\/tags?post=111023"}],"curies":[{"name":"wp","href":"https:\/\/api.w.org\/{rel}","templated":true}]}}