{"id":111007,"date":"2020-01-06T19:11:16","date_gmt":"2020-01-06T18:11:16","guid":{"rendered":"http:\/\/www.bellunopress.it\/?p=111007"},"modified":"2020-01-06T19:11:24","modified_gmt":"2020-01-06T18:11:24","slug":"mirko-tabacchi-sul-podio-a-calusco-dadda","status":"publish","type":"post","link":"https:\/\/www.bellunopress.it\/fr\/2020\/01\/06\/mirko-tabacchi-sul-podio-a-calusco-dadda\/","title":{"rendered":"Mirko Tabacchi sul podio a Calusco d&#8217;Adda"},"content":{"rendered":"<figure id=\"attachment_111008\" aria-describedby=\"caption-attachment-111008\" style=\"width: 237px\" class=\"wp-caption alignleft\"><a href=\"http:\/\/www.bellunopress.it\/fr\/2020\/01\/06\/mirko-tabacchi-sul-podio-a-calusco-dadda\/mirko-tabacchi\/\" rel=\"attachment wp-att-111008\"><img loading=\"lazy\" decoding=\"async\" class=\"size-full wp-image-111008\" src=\"http:\/\/www.bellunopress.it\/wp-content\/uploads\/2020\/01\/mirko-tabacchi.jpeg\" alt=\"\" width=\"237\" height=\"300\" \/><\/a><figcaption id=\"caption-attachment-111008\" class=\"wp-caption-text\">Mirko Tabacchi<\/figcaption><\/figure>\n<p>Il giorno dell&#8217;Epifania va in scena come da tradizione il Trofeo AutoGhinzani, quest&#8217;anno alla sua 32ma edizione, con partenza ed arrivo da Calusco d&#8217;Adda, su un percorso di circa 26 km che costeggia le rive dell&#8217;Adda.<\/p>\n<p>Ktm Protek Dama era presente con due suoi Elite, Mirko Tabacchi, vincitore della scorsa edizione ed il vicentino Domenico Valerio.<\/p>\n<p>Il bellunese Tabacchi prende il comando con il compagno di squadra ed altri due bikers, alla salita dei Verghi, a met\u00e0 gara circa, non riesce a rispondere allo scatto di Pettin\u00e0, e transiter\u00e0 in cima alla stessa in seconda posizione, per l&#8217;altra met\u00e0 gara cercher\u00e0 il recupero senza riuscirci.<\/p>\n<p>Al traguardo porta la sua Ktm Scarp Prestige al secondo posto, seguito da Domenico Valerio al 4\u00b0 posto, come nella passata edizione.<\/p>\n<p>&#8220;Sono contento per la mia prova, meno per il risultato. Mi avrebbe fatto piacere bissare il successo dello scorso anno, \u00e8 quasi la gara di casa per il Team, visto che la sede \u00e8 a pochi km da qui. Questa gara, che ho scoperto lo scorso anno, mi piace \u00e8 nelle mie corde e mi serve anche in vista dei Campionati Italiani Ciclocross di domenica a Schio, sia per capire lo stato della mia preparazione per la stagione in arrivo. Ringrazio tutte le persone che mi hanno incitato lungo il percorso ed all&#8217;arrivo.&#8221; Ci dice Mirko Tabacchi.<\/p>\n<p>Il compagno di Team, Domenico Valerio, &#8220;Ho bissato il risultato dello scorso anno, anche se in questa edizione mi sento di aver gareggiato meglio e con meno fatica. Questa gara era funzionale alla mia preparazione, il percorso mi piace e mi ha dato delle buone sensazioni sulla mia condizione.&#8221;<\/p>","protected":false},"excerpt":{"rendered":"<p>Il giorno dell&#8217;Epifania va in scena come da tradizione il Trofeo AutoGhinzani, quest&#8217;anno alla sua 32ma edizione, con partenza ed arrivo da Calusco d&#8217;Adda, su un percorso di circa 26 km che costeggia le rive dell&#8217;Adda. Ktm Protek Dama era presente con due suoi Elite, Mirko Tabacchi, vincitore della scorsa edizione ed il vicentino Domenico [&hellip;]<\/p>\n","protected":false},"author":2,"featured_media":0,"comment_status":"closed","ping_status":"open","sticky":false,"template":"","format":"standard","meta":{"footnotes":""},"categories":[26,4],"tags":[],"class_list":["post-111007","post","type-post","status-publish","format-standard","category-prima-pagina","category-sport"],"yoast_head":"<!-- This site is optimized with the Yoast SEO plugin v28.4 - https:\/\/yoast.com\/product\/yoast-seo-wordpress\/ -->\n<title>Mirko Tabacchi sul podio a Calusco d&#039;Adda - Bellunopress - Dolomiti<\/title>\n<meta name=\"robots\" content=\"index, follow, max-snippet:-1, max-image-preview:large, max-video-preview:-1\" \/>\n<link rel=\"canonical\" href=\"https:\/\/www.bellunopress.it\/fr\/2020\/01\/06\/mirko-tabacchi-sul-podio-a-calusco-dadda\/\" \/>\n<meta property=\"og:locale\" content=\"fr_FR\" \/>\n<meta property=\"og:type\" content=\"article\" \/>\n<meta property=\"og:title\" content=\"Mirko Tabacchi sul podio a Calusco d&#039;Adda - Bellunopress - Dolomiti\" \/>\n<meta property=\"og:description\" content=\"Il giorno dell&#8217;Epifania va in scena come da tradizione il Trofeo AutoGhinzani, quest&#8217;anno alla sua 32ma edizione, con partenza ed arrivo da Calusco d&#8217;Adda, su un percorso di circa 26 km che costeggia le rive dell&#8217;Adda. Ktm Protek Dama era presente con due suoi Elite, Mirko Tabacchi, vincitore della scorsa edizione ed il vicentino Domenico [&hellip;]\" \/>\n<meta property=\"og:url\" content=\"https:\/\/www.bellunopress.it\/fr\/2020\/01\/06\/mirko-tabacchi-sul-podio-a-calusco-dadda\/\" \/>\n<meta property=\"og:site_name\" content=\"Bellunopress - Dolomiti\" \/>\n<meta property=\"article:publisher\" content=\"https:\/\/www.facebook.com\/profile.php?id=100008943462799\" \/>\n<meta property=\"article:published_time\" content=\"2020-01-06T18:11:16+00:00\" \/>\n<meta property=\"article:modified_time\" content=\"2020-01-06T18:11:24+00:00\" \/>\n<meta property=\"og:image\" content=\"http:\/\/www.bellunopress.it\/wp-content\/uploads\/2020\/01\/mirko-tabacchi.jpeg\" \/>\n<meta name=\"author\" content=\"redazione\" \/>\n<meta name=\"twitter:card\" content=\"summary_large_image\" \/>\n<meta name=\"twitter:creator\" content=\"@bellunopress\" \/>\n<meta name=\"twitter:site\" content=\"@bellunopress\" \/>\n<meta name=\"twitter:label1\" content=\"\u00c9crit par\" \/>\n\t<meta name=\"twitter:data1\" content=\"redazione\" \/>\n\t<meta name=\"twitter:label2\" content=\"Dur\u00e9e de lecture estim\u00e9e\" \/>\n\t<meta name=\"twitter:data2\" content=\"1 minute\" \/>\n<script type=\"application\/ld+json\" class=\"yoast-schema-graph\">{\"@context\":\"https:\\\/\\\/schema.org\",\"@graph\":[{\"@type\":\"Article\",\"@id\":\"https:\\\/\\\/www.bellunopress.it\\\/2020\\\/01\\\/06\\\/mirko-tabacchi-sul-podio-a-calusco-dadda\\\/#article\",\"isPartOf\":{\"@id\":\"https:\\\/\\\/www.bellunopress.it\\\/2020\\\/01\\\/06\\\/mirko-tabacchi-sul-podio-a-calusco-dadda\\\/\"},\"author\":{\"name\":\"redazione\",\"@id\":\"https:\\\/\\\/www.bellunopress.it\\\/#\\\/schema\\\/person\\\/79bb06722b37ece1c03d3e94beb30d73\"},\"headline\":\"Mirko Tabacchi sul podio a Calusco d&#8217;Adda\",\"datePublished\":\"2020-01-06T18:11:16+00:00\",\"dateModified\":\"2020-01-06T18:11:24+00:00\",\"mainEntityOfPage\":{\"@id\":\"https:\\\/\\\/www.bellunopress.it\\\/2020\\\/01\\\/06\\\/mirko-tabacchi-sul-podio-a-calusco-dadda\\\/\"},\"wordCount\":291,\"publisher\":{\"@id\":\"https:\\\/\\\/www.bellunopress.it\\\/#organization\"},\"image\":{\"@id\":\"https:\\\/\\\/www.bellunopress.it\\\/2020\\\/01\\\/06\\\/mirko-tabacchi-sul-podio-a-calusco-dadda\\\/#primaryimage\"},\"thumbnailUrl\":\"http:\\\/\\\/www.bellunopress.it\\\/wp-content\\\/uploads\\\/2020\\\/01\\\/mirko-tabacchi.jpeg\",\"articleSection\":[\"Prima Pagina\",\"Sport, tempo libero\"],\"inLanguage\":\"fr-FR\"},{\"@type\":\"WebPage\",\"@id\":\"https:\\\/\\\/www.bellunopress.it\\\/2020\\\/01\\\/06\\\/mirko-tabacchi-sul-podio-a-calusco-dadda\\\/\",\"url\":\"https:\\\/\\\/www.bellunopress.it\\\/2020\\\/01\\\/06\\\/mirko-tabacchi-sul-podio-a-calusco-dadda\\\/\",\"name\":\"Mirko Tabacchi sul podio a Calusco d'Adda - Bellunopress - Dolomiti\",\"isPartOf\":{\"@id\":\"https:\\\/\\\/www.bellunopress.it\\\/#website\"},\"primaryImageOfPage\":{\"@id\":\"https:\\\/\\\/www.bellunopress.it\\\/2020\\\/01\\\/06\\\/mirko-tabacchi-sul-podio-a-calusco-dadda\\\/#primaryimage\"},\"image\":{\"@id\":\"https:\\\/\\\/www.bellunopress.it\\\/2020\\\/01\\\/06\\\/mirko-tabacchi-sul-podio-a-calusco-dadda\\\/#primaryimage\"},\"thumbnailUrl\":\"http:\\\/\\\/www.bellunopress.it\\\/wp-content\\\/uploads\\\/2020\\\/01\\\/mirko-tabacchi.jpeg\",\"datePublished\":\"2020-01-06T18:11:16+00:00\",\"dateModified\":\"2020-01-06T18:11:24+00:00\",\"breadcrumb\":{\"@id\":\"https:\\\/\\\/www.bellunopress.it\\\/2020\\\/01\\\/06\\\/mirko-tabacchi-sul-podio-a-calusco-dadda\\\/#breadcrumb\"},\"inLanguage\":\"fr-FR\",\"potentialAction\":[{\"@type\":\"ReadAction\",\"target\":[\"https:\\\/\\\/www.bellunopress.it\\\/2020\\\/01\\\/06\\\/mirko-tabacchi-sul-podio-a-calusco-dadda\\\/\"]}]},{\"@type\":\"ImageObject\",\"inLanguage\":\"fr-FR\",\"@id\":\"https:\\\/\\\/www.bellunopress.it\\\/2020\\\/01\\\/06\\\/mirko-tabacchi-sul-podio-a-calusco-dadda\\\/#primaryimage\",\"url\":\"http:\\\/\\\/www.bellunopress.it\\\/wp-content\\\/uploads\\\/2020\\\/01\\\/mirko-tabacchi.jpeg\",\"contentUrl\":\"http:\\\/\\\/www.bellunopress.it\\\/wp-content\\\/uploads\\\/2020\\\/01\\\/mirko-tabacchi.jpeg\"},{\"@type\":\"BreadcrumbList\",\"@id\":\"https:\\\/\\\/www.bellunopress.it\\\/2020\\\/01\\\/06\\\/mirko-tabacchi-sul-podio-a-calusco-dadda\\\/#breadcrumb\",\"itemListElement\":[{\"@type\":\"ListItem\",\"position\":1,\"name\":\"Home\",\"item\":\"https:\\\/\\\/www.bellunopress.it\\\/\"},{\"@type\":\"ListItem\",\"position\":2,\"name\":\"Mirko Tabacchi sul podio a Calusco d&#8217;Adda\"}]},{\"@type\":\"WebSite\",\"@id\":\"https:\\\/\\\/www.bellunopress.it\\\/#website\",\"url\":\"https:\\\/\\\/www.bellunopress.it\\\/\",\"name\":\"Bellunopress - Dolomiti\",\"description\":\"e-mail: redazione@bellunopress.it\",\"publisher\":{\"@id\":\"https:\\\/\\\/www.bellunopress.it\\\/#organization\"},\"potentialAction\":[{\"@type\":\"SearchAction\",\"target\":{\"@type\":\"EntryPoint\",\"urlTemplate\":\"https:\\\/\\\/www.bellunopress.it\\\/?s={search_term_string}\"},\"query-input\":{\"@type\":\"PropertyValueSpecification\",\"valueRequired\":true,\"valueName\":\"search_term_string\"}}],\"inLanguage\":\"fr-FR\"},{\"@type\":\"Organization\",\"@id\":\"https:\\\/\\\/www.bellunopress.it\\\/#organization\",\"name\":\"Bellunopress\",\"url\":\"https:\\\/\\\/www.bellunopress.it\\\/\",\"logo\":{\"@type\":\"ImageObject\",\"inLanguage\":\"fr-FR\",\"@id\":\"https:\\\/\\\/www.bellunopress.it\\\/#\\\/schema\\\/logo\\\/image\\\/\",\"url\":\"https:\\\/\\\/www.bellunopress.it\\\/wp-content\\\/uploads\\\/2011\\\/05\\\/cropped-logo-bellunopress-.jpg\",\"contentUrl\":\"https:\\\/\\\/www.bellunopress.it\\\/wp-content\\\/uploads\\\/2011\\\/05\\\/cropped-logo-bellunopress-.jpg\",\"width\":512,\"height\":512,\"caption\":\"Bellunopress\"},\"image\":{\"@id\":\"https:\\\/\\\/www.bellunopress.it\\\/#\\\/schema\\\/logo\\\/image\\\/\"},\"sameAs\":[\"https:\\\/\\\/www.facebook.com\\\/profile.php?id=100008943462799\",\"https:\\\/\\\/x.com\\\/bellunopress\",\"https:\\\/\\\/www.linkedin.com\\\/hp\\\/?dnr=JBzUWaJfMUw8vbXJJ2tVW5-I3jZKvC4wsoxE&amp;amp;amp;amp;amp;amp;trk=nav_responsive_tab_home\",\"https:\\\/\\\/www.youtube.com\\\/channel\\\/UCxL0wu1uN0_3_7hGG0306cw\"]},{\"@type\":\"Person\",\"@id\":\"https:\\\/\\\/www.bellunopress.it\\\/#\\\/schema\\\/person\\\/79bb06722b37ece1c03d3e94beb30d73\",\"name\":\"redazione\",\"image\":{\"@type\":\"ImageObject\",\"inLanguage\":\"fr-FR\",\"@id\":\"https:\\\/\\\/secure.gravatar.com\\\/avatar\\\/37d968a2e67a6fd04c169c4bdef102d0bc5d31b2546345219e348575eb80e9a0?s=96&d=mm&r=g\",\"url\":\"https:\\\/\\\/secure.gravatar.com\\\/avatar\\\/37d968a2e67a6fd04c169c4bdef102d0bc5d31b2546345219e348575eb80e9a0?s=96&d=mm&r=g\",\"contentUrl\":\"https:\\\/\\\/secure.gravatar.com\\\/avatar\\\/37d968a2e67a6fd04c169c4bdef102d0bc5d31b2546345219e348575eb80e9a0?s=96&d=mm&r=g\",\"caption\":\"redazione\"},\"sameAs\":[\"http:\\\/\\\/www.bellunopress.it\",\"https:\\\/\\\/x.com\\\/bellunopress\"],\"url\":\"https:\\\/\\\/www.bellunopress.it\\\/fr\\\/author\\\/redazione\\\/\"}]}<\/script>\n<!-- \/ Yoast SEO plugin. -->","yoast_head_json":{"title":"Mirko Tabacchi sul podio a Calusco d'Adda - Bellunopress - Dolomiti","robots":{"index":"index","follow":"follow","max-snippet":"max-snippet:-1","max-image-preview":"max-image-preview:large","max-video-preview":"max-video-preview:-1"},"canonical":"https:\/\/www.bellunopress.it\/fr\/2020\/01\/06\/mirko-tabacchi-sul-podio-a-calusco-dadda\/","og_locale":"fr_FR","og_type":"article","og_title":"Mirko Tabacchi sul podio a Calusco d'Adda - Bellunopress - Dolomiti","og_description":"Il giorno dell&#8217;Epifania va in scena come da tradizione il Trofeo AutoGhinzani, quest&#8217;anno alla sua 32ma edizione, con partenza ed arrivo da Calusco d&#8217;Adda, su un percorso di circa 26 km che costeggia le rive dell&#8217;Adda. Ktm Protek Dama era presente con due suoi Elite, Mirko Tabacchi, vincitore della scorsa edizione ed il vicentino Domenico [&hellip;]","og_url":"https:\/\/www.bellunopress.it\/fr\/2020\/01\/06\/mirko-tabacchi-sul-podio-a-calusco-dadda\/","og_site_name":"Bellunopress - Dolomiti","article_publisher":"https:\/\/www.facebook.com\/profile.php?id=100008943462799","article_published_time":"2020-01-06T18:11:16+00:00","article_modified_time":"2020-01-06T18:11:24+00:00","og_image":[{"url":"http:\/\/www.bellunopress.it\/wp-content\/uploads\/2020\/01\/mirko-tabacchi.jpeg","type":"","width":"","height":""}],"author":"redazione","twitter_card":"summary_large_image","twitter_creator":"@bellunopress","twitter_site":"@bellunopress","twitter_misc":{"\u00c9crit par":"redazione","Dur\u00e9e de lecture estim\u00e9e":"1 minute"},"schema":{"@context":"https:\/\/schema.org","@graph":[{"@type":"Article","@id":"https:\/\/www.bellunopress.it\/2020\/01\/06\/mirko-tabacchi-sul-podio-a-calusco-dadda\/#article","isPartOf":{"@id":"https:\/\/www.bellunopress.it\/2020\/01\/06\/mirko-tabacchi-sul-podio-a-calusco-dadda\/"},"author":{"name":"redazione","@id":"https:\/\/www.bellunopress.it\/#\/schema\/person\/79bb06722b37ece1c03d3e94beb30d73"},"headline":"Mirko Tabacchi sul podio a Calusco d&#8217;Adda","datePublished":"2020-01-06T18:11:16+00:00","dateModified":"2020-01-06T18:11:24+00:00","mainEntityOfPage":{"@id":"https:\/\/www.bellunopress.it\/2020\/01\/06\/mirko-tabacchi-sul-podio-a-calusco-dadda\/"},"wordCount":291,"publisher":{"@id":"https:\/\/www.bellunopress.it\/#organization"},"image":{"@id":"https:\/\/www.bellunopress.it\/2020\/01\/06\/mirko-tabacchi-sul-podio-a-calusco-dadda\/#primaryimage"},"thumbnailUrl":"http:\/\/www.bellunopress.it\/wp-content\/uploads\/2020\/01\/mirko-tabacchi.jpeg","articleSection":["Prima Pagina","Sport, tempo libero"],"inLanguage":"fr-FR"},{"@type":"WebPage","@id":"https:\/\/www.bellunopress.it\/2020\/01\/06\/mirko-tabacchi-sul-podio-a-calusco-dadda\/","url":"https:\/\/www.bellunopress.it\/2020\/01\/06\/mirko-tabacchi-sul-podio-a-calusco-dadda\/","name":"Mirko Tabacchi sul podio a Calusco d'Adda - Bellunopress - Dolomiti","isPartOf":{"@id":"https:\/\/www.bellunopress.it\/#website"},"primaryImageOfPage":{"@id":"https:\/\/www.bellunopress.it\/2020\/01\/06\/mirko-tabacchi-sul-podio-a-calusco-dadda\/#primaryimage"},"image":{"@id":"https:\/\/www.bellunopress.it\/2020\/01\/06\/mirko-tabacchi-sul-podio-a-calusco-dadda\/#primaryimage"},"thumbnailUrl":"http:\/\/www.bellunopress.it\/wp-content\/uploads\/2020\/01\/mirko-tabacchi.jpeg","datePublished":"2020-01-06T18:11:16+00:00","dateModified":"2020-01-06T18:11:24+00:00","breadcrumb":{"@id":"https:\/\/www.bellunopress.it\/2020\/01\/06\/mirko-tabacchi-sul-podio-a-calusco-dadda\/#breadcrumb"},"inLanguage":"fr-FR","potentialAction":[{"@type":"ReadAction","target":["https:\/\/www.bellunopress.it\/2020\/01\/06\/mirko-tabacchi-sul-podio-a-calusco-dadda\/"]}]},{"@type":"ImageObject","inLanguage":"fr-FR","@id":"https:\/\/www.bellunopress.it\/2020\/01\/06\/mirko-tabacchi-sul-podio-a-calusco-dadda\/#primaryimage","url":"http:\/\/www.bellunopress.it\/wp-content\/uploads\/2020\/01\/mirko-tabacchi.jpeg","contentUrl":"http:\/\/www.bellunopress.it\/wp-content\/uploads\/2020\/01\/mirko-tabacchi.jpeg"},{"@type":"BreadcrumbList","@id":"https:\/\/www.bellunopress.it\/2020\/01\/06\/mirko-tabacchi-sul-podio-a-calusco-dadda\/#breadcrumb","itemListElement":[{"@type":"ListItem","position":1,"name":"Home","item":"https:\/\/www.bellunopress.it\/"},{"@type":"ListItem","position":2,"name":"Mirko Tabacchi sul podio a Calusco d&#8217;Adda"}]},{"@type":"WebSite","@id":"https:\/\/www.bellunopress.it\/#website","url":"https:\/\/www.bellunopress.it\/","name":"Bellunopress - Dolomiti","description":"e-mail: redazione@bellunopress.it","publisher":{"@id":"https:\/\/www.bellunopress.it\/#organization"},"potentialAction":[{"@type":"SearchAction","target":{"@type":"EntryPoint","urlTemplate":"https:\/\/www.bellunopress.it\/?s={search_term_string}"},"query-input":{"@type":"PropertyValueSpecification","valueRequired":true,"valueName":"search_term_string"}}],"inLanguage":"fr-FR"},{"@type":"Organization","@id":"https:\/\/www.bellunopress.it\/#organization","name":"Bellunopress","url":"https:\/\/www.bellunopress.it\/","logo":{"@type":"ImageObject","inLanguage":"fr-FR","@id":"https:\/\/www.bellunopress.it\/#\/schema\/logo\/image\/","url":"https:\/\/www.bellunopress.it\/wp-content\/uploads\/2011\/05\/cropped-logo-bellunopress-.jpg","contentUrl":"https:\/\/www.bellunopress.it\/wp-content\/uploads\/2011\/05\/cropped-logo-bellunopress-.jpg","width":512,"height":512,"caption":"Bellunopress"},"image":{"@id":"https:\/\/www.bellunopress.it\/#\/schema\/logo\/image\/"},"sameAs":["https:\/\/www.facebook.com\/profile.php?id=100008943462799","https:\/\/x.com\/bellunopress","https:\/\/www.linkedin.com\/hp\/?dnr=JBzUWaJfMUw8vbXJJ2tVW5-I3jZKvC4wsoxE&amp;amp;amp;amp;amp;amp;trk=nav_responsive_tab_home","https:\/\/www.youtube.com\/channel\/UCxL0wu1uN0_3_7hGG0306cw"]},{"@type":"Person","@id":"https:\/\/www.bellunopress.it\/#\/schema\/person\/79bb06722b37ece1c03d3e94beb30d73","name":"r\u00e9daction","image":{"@type":"ImageObject","inLanguage":"fr-FR","@id":"https:\/\/secure.gravatar.com\/avatar\/37d968a2e67a6fd04c169c4bdef102d0bc5d31b2546345219e348575eb80e9a0?s=96&d=mm&r=g","url":"https:\/\/secure.gravatar.com\/avatar\/37d968a2e67a6fd04c169c4bdef102d0bc5d31b2546345219e348575eb80e9a0?s=96&d=mm&r=g","contentUrl":"https:\/\/secure.gravatar.com\/avatar\/37d968a2e67a6fd04c169c4bdef102d0bc5d31b2546345219e348575eb80e9a0?s=96&d=mm&r=g","caption":"redazione"},"sameAs":["http:\/\/www.bellunopress.it","https:\/\/x.com\/bellunopress"],"url":"https:\/\/www.bellunopress.it\/fr\/author\/redazione\/"}]}},"_links":{"self":[{"href":"https:\/\/www.bellunopress.it\/fr\/wp-json\/wp\/v2\/posts\/111007","targetHints":{"allow":["GET"]}}],"collection":[{"href":"https:\/\/www.bellunopress.it\/fr\/wp-json\/wp\/v2\/posts"}],"about":[{"href":"https:\/\/www.bellunopress.it\/fr\/wp-json\/wp\/v2\/types\/post"}],"author":[{"embeddable":true,"href":"https:\/\/www.bellunopress.it\/fr\/wp-json\/wp\/v2\/users\/2"}],"replies":[{"embeddable":true,"href":"https:\/\/www.bellunopress.it\/fr\/wp-json\/wp\/v2\/comments?post=111007"}],"version-history":[{"count":2,"href":"https:\/\/www.bellunopress.it\/fr\/wp-json\/wp\/v2\/posts\/111007\/revisions"}],"predecessor-version":[{"id":111010,"href":"https:\/\/www.bellunopress.it\/fr\/wp-json\/wp\/v2\/posts\/111007\/revisions\/111010"}],"wp:attachment":[{"href":"https:\/\/www.bellunopress.it\/fr\/wp-json\/wp\/v2\/media?parent=111007"}],"wp:term":[{"taxonomy":"category","embeddable":true,"href":"https:\/\/www.bellunopress.it\/fr\/wp-json\/wp\/v2\/categories?post=111007"},{"taxonomy":"post_tag","embeddable":true,"href":"https:\/\/www.bellunopress.it\/fr\/wp-json\/wp\/v2\/tags?post=111007"}],"curies":[{"name":"wp","href":"https:\/\/api.w.org\/{rel}","templated":true}]}}