{"id":111003,"date":"2020-01-06T15:23:32","date_gmt":"2020-01-06T14:23:32","guid":{"rendered":"http:\/\/www.bellunopress.it\/?p=111003"},"modified":"2020-01-06T15:23:38","modified_gmt":"2020-01-06T14:23:38","slug":"la-morte-e-la-fanciulla-sabato-ore-21-al-teatro-comunale-di-belluno","status":"publish","type":"post","link":"https:\/\/www.bellunopress.it\/fr\/2020\/01\/06\/la-morte-e-la-fanciulla-sabato-ore-21-al-teatro-comunale-di-belluno\/","title":{"rendered":"La morte e la fanciulla. Sabato ore 21 al Teatro Comunale di Belluno"},"content":{"rendered":"<p>Sabato 11 gennaio dalle ore 21:00 alle ore 22:30 al Tetaro Comunale di Belluno, va in scena lo spettacolo &#8220;La morte e la fanciulla&#8221; con la Compagnia Abbondanza Bertoni. Organizzato da SlowMachine \/ Belluno Miraggi e Compagnia Abbondanza Bertoni.<\/p>\n<p><a href=\"http:\/\/www.bellunopress.it\/fr\/2020\/01\/06\/la-morte-e-la-fanciulla-sabato-ore-21-al-teatro-comunale-di-belluno\/la-morte-e-la-fanciulla-1\/\" rel=\"attachment wp-att-111004\"><img loading=\"lazy\" decoding=\"async\" class=\"alignleft size-full wp-image-111004\" src=\"http:\/\/www.bellunopress.it\/wp-content\/uploads\/2020\/01\/La-morte-e-la-fanciulla-1.jpg\" alt=\"\" width=\"257\" height=\"300\" \/><\/a>Candidato ai Premi Ubu come miglior spettacolo di Danza 2017 e vincitore (ex-aequo) del premio Danza&amp;Danza 2017 come Produzione italiana dell\u2019anno.<br \/>\nla Compagnia Abbondanza\/Bertoni, riconosciuta a livello internazionale come una delle realt\u00e0 artistiche di teatro danza pi\u00f9 importanti e prolifiche del panorama italiano, mette in scena con questo lavoro tre differenti &#8220;capolavori&#8221;:<br \/>\nuno musicale: il quartetto in re minore &#8220;La morte e la fanciulla di F. Schubert; uno fisico: l&#8217;essere umano nell&#8217;eccellenza delle sue dinamiche e uno spirituale-filosofico: il mistero della fine e il suo continuo sguardo su di noi.<\/p>\n<p>&#8220;L&#8217;impermanenza dell&#8217;essere, delle forme che continuamente mutano, fino alla trasformazione finale e definitiva, che cos\u00ec come alla nascita, ci vede protagonisti incoscienti anche di quell&#8217;ultimo misterioso passaggio. Questo transitare da una forma all&#8217;altra, ha a che fare con l&#8217;arte coreutica e alla sua specialit\u00e0 nell&#8217;osservazione dei contorni delle forme nello spazio: la danza \u00e8 portatrice di un tale compito, \u00e8 essa stessa un balenare di forme che appaiono e scompaiono continuamente trovando il suo senso proprio nella continuit\u00e0 e legamento delle sue immagini; per questo abbiamo indugiato proprio su quell&#8217;aspetto che potremmo definire &#8220;crepuscolare&#8221; della danza, colta, nelle nostre intenzioni, proprio nel suo attimo impermanente e transitorio&#8221;.<br \/>\nAbbondanza\/Bertoni<\/p>\n<p>\u201c\u2026un balletto di straziante bellezza\u201d<br \/>\nAndrea Porcheddu<\/p>\n<p>Regia e coreografia Michele Abbondanza e Antonella Bertoni<br \/>\nCon Eleonora Chiocchini, Valentina Dal Mas, Claudia Rossi Valli<br \/>\nMusiche F. Schubert<br \/>\nwww.abbondanzabertoni.it<\/p>\n<p>Domenica 12 Gennaio MasterClass condotta da Antonella Bertoni<\/p>\n<p>PRENOTAZIONI<br \/>\nbiglietteria@slowmachine.org<br \/>\ntel. 328 9252116<\/p>\n<p>BIGLIETTI<br \/>\n\u2022 Platea: Intero 22 \u20ac \/ Ridotto* 18 \u20ac<\/p>\n<p>*RIDUZIONI fino a 30 anni e Over 65<\/p>\n<p>BIGLIETTERIA<br \/>\n(Via del Piave 4, Belluno)<br \/>\nORARI: Venerd\u00ec 17:00-19:00 Sabato 10:30-12:30<br \/>\nOrari validi da venerd\u00ec 8 novembre a venerd\u00ec 13 dicembre, successivamente consultabili sul sito www.slowmachine.org<\/p>","protected":false},"excerpt":{"rendered":"<p>Sabato 11 gennaio dalle ore 21:00 alle ore 22:30 al Tetaro Comunale di Belluno, va in scena lo spettacolo &#8220;La morte e la fanciulla&#8221; con la Compagnia Abbondanza Bertoni. Organizzato da SlowMachine \/ Belluno Miraggi e Compagnia Abbondanza Bertoni. Candidato ai Premi Ubu come miglior spettacolo di Danza 2017 e vincitore (ex-aequo) del premio Danza&amp;Danza [&hellip;]<\/p>\n","protected":false},"author":2,"featured_media":0,"comment_status":"closed","ping_status":"open","sticky":false,"template":"","format":"standard","meta":{"footnotes":""},"categories":[27,3,25],"tags":[],"class_list":["post-111003","post","type-post","status-publish","format-standard","category-appuntamenti","category-arte-cultura-spettacoli-scienza-archivi","category-pausa-caffe"],"yoast_head":"<!-- This site is optimized with the Yoast SEO plugin v28.4 - https:\/\/yoast.com\/product\/yoast-seo-wordpress\/ -->\n<title>La morte e la fanciulla. Sabato ore 21 al Teatro Comunale di Belluno - Bellunopress - Dolomiti<\/title>\n<meta name=\"robots\" content=\"index, follow, max-snippet:-1, max-image-preview:large, max-video-preview:-1\" \/>\n<link rel=\"canonical\" href=\"https:\/\/www.bellunopress.it\/fr\/2020\/01\/06\/la-morte-e-la-fanciulla-sabato-ore-21-al-teatro-comunale-di-belluno\/\" \/>\n<meta property=\"og:locale\" content=\"fr_FR\" \/>\n<meta property=\"og:type\" content=\"article\" \/>\n<meta property=\"og:title\" content=\"La morte e la fanciulla. Sabato ore 21 al Teatro Comunale di Belluno - Bellunopress - Dolomiti\" \/>\n<meta property=\"og:description\" content=\"Sabato 11 gennaio dalle ore 21:00 alle ore 22:30 al Tetaro Comunale di Belluno, va in scena lo spettacolo &#8220;La morte e la fanciulla&#8221; con la Compagnia Abbondanza Bertoni. Organizzato da SlowMachine \/ Belluno Miraggi e Compagnia Abbondanza Bertoni. Candidato ai Premi Ubu come miglior spettacolo di Danza 2017 e vincitore (ex-aequo) del premio Danza&amp;Danza [&hellip;]\" \/>\n<meta property=\"og:url\" content=\"https:\/\/www.bellunopress.it\/fr\/2020\/01\/06\/la-morte-e-la-fanciulla-sabato-ore-21-al-teatro-comunale-di-belluno\/\" \/>\n<meta property=\"og:site_name\" content=\"Bellunopress - Dolomiti\" \/>\n<meta property=\"article:publisher\" content=\"https:\/\/www.facebook.com\/profile.php?id=100008943462799\" \/>\n<meta property=\"article:published_time\" content=\"2020-01-06T14:23:32+00:00\" \/>\n<meta property=\"article:modified_time\" content=\"2020-01-06T14:23:38+00:00\" \/>\n<meta property=\"og:image\" content=\"http:\/\/www.bellunopress.it\/wp-content\/uploads\/2020\/01\/La-morte-e-la-fanciulla-1.jpg\" \/>\n<meta name=\"author\" content=\"redazione\" \/>\n<meta name=\"twitter:card\" content=\"summary_large_image\" \/>\n<meta name=\"twitter:creator\" content=\"@bellunopress\" \/>\n<meta name=\"twitter:site\" content=\"@bellunopress\" \/>\n<meta name=\"twitter:label1\" content=\"\u00c9crit par\" \/>\n\t<meta name=\"twitter:data1\" content=\"redazione\" \/>\n\t<meta name=\"twitter:label2\" content=\"Dur\u00e9e de lecture estim\u00e9e\" \/>\n\t<meta name=\"twitter:data2\" content=\"2 minutes\" \/>\n<script type=\"application\/ld+json\" class=\"yoast-schema-graph\">{\"@context\":\"https:\\\/\\\/schema.org\",\"@graph\":[{\"@type\":\"Article\",\"@id\":\"https:\\\/\\\/www.bellunopress.it\\\/2020\\\/01\\\/06\\\/la-morte-e-la-fanciulla-sabato-ore-21-al-teatro-comunale-di-belluno\\\/#article\",\"isPartOf\":{\"@id\":\"https:\\\/\\\/www.bellunopress.it\\\/2020\\\/01\\\/06\\\/la-morte-e-la-fanciulla-sabato-ore-21-al-teatro-comunale-di-belluno\\\/\"},\"author\":{\"name\":\"redazione\",\"@id\":\"https:\\\/\\\/www.bellunopress.it\\\/#\\\/schema\\\/person\\\/79bb06722b37ece1c03d3e94beb30d73\"},\"headline\":\"La morte e la fanciulla. Sabato ore 21 al Teatro Comunale di Belluno\",\"datePublished\":\"2020-01-06T14:23:32+00:00\",\"dateModified\":\"2020-01-06T14:23:38+00:00\",\"mainEntityOfPage\":{\"@id\":\"https:\\\/\\\/www.bellunopress.it\\\/2020\\\/01\\\/06\\\/la-morte-e-la-fanciulla-sabato-ore-21-al-teatro-comunale-di-belluno\\\/\"},\"wordCount\":332,\"publisher\":{\"@id\":\"https:\\\/\\\/www.bellunopress.it\\\/#organization\"},\"image\":{\"@id\":\"https:\\\/\\\/www.bellunopress.it\\\/2020\\\/01\\\/06\\\/la-morte-e-la-fanciulla-sabato-ore-21-al-teatro-comunale-di-belluno\\\/#primaryimage\"},\"thumbnailUrl\":\"http:\\\/\\\/www.bellunopress.it\\\/wp-content\\\/uploads\\\/2020\\\/01\\\/La-morte-e-la-fanciulla-1.jpg\",\"articleSection\":[\"Appuntamenti, Eventi\",\"Arte, Cultura, Spettacoli, Scienza\",\"Pausa Caff\u00e8\"],\"inLanguage\":\"fr-FR\"},{\"@type\":\"WebPage\",\"@id\":\"https:\\\/\\\/www.bellunopress.it\\\/2020\\\/01\\\/06\\\/la-morte-e-la-fanciulla-sabato-ore-21-al-teatro-comunale-di-belluno\\\/\",\"url\":\"https:\\\/\\\/www.bellunopress.it\\\/2020\\\/01\\\/06\\\/la-morte-e-la-fanciulla-sabato-ore-21-al-teatro-comunale-di-belluno\\\/\",\"name\":\"La morte e la fanciulla. Sabato ore 21 al Teatro Comunale di Belluno - Bellunopress - Dolomiti\",\"isPartOf\":{\"@id\":\"https:\\\/\\\/www.bellunopress.it\\\/#website\"},\"primaryImageOfPage\":{\"@id\":\"https:\\\/\\\/www.bellunopress.it\\\/2020\\\/01\\\/06\\\/la-morte-e-la-fanciulla-sabato-ore-21-al-teatro-comunale-di-belluno\\\/#primaryimage\"},\"image\":{\"@id\":\"https:\\\/\\\/www.bellunopress.it\\\/2020\\\/01\\\/06\\\/la-morte-e-la-fanciulla-sabato-ore-21-al-teatro-comunale-di-belluno\\\/#primaryimage\"},\"thumbnailUrl\":\"http:\\\/\\\/www.bellunopress.it\\\/wp-content\\\/uploads\\\/2020\\\/01\\\/La-morte-e-la-fanciulla-1.jpg\",\"datePublished\":\"2020-01-06T14:23:32+00:00\",\"dateModified\":\"2020-01-06T14:23:38+00:00\",\"breadcrumb\":{\"@id\":\"https:\\\/\\\/www.bellunopress.it\\\/2020\\\/01\\\/06\\\/la-morte-e-la-fanciulla-sabato-ore-21-al-teatro-comunale-di-belluno\\\/#breadcrumb\"},\"inLanguage\":\"fr-FR\",\"potentialAction\":[{\"@type\":\"ReadAction\",\"target\":[\"https:\\\/\\\/www.bellunopress.it\\\/2020\\\/01\\\/06\\\/la-morte-e-la-fanciulla-sabato-ore-21-al-teatro-comunale-di-belluno\\\/\"]}]},{\"@type\":\"ImageObject\",\"inLanguage\":\"fr-FR\",\"@id\":\"https:\\\/\\\/www.bellunopress.it\\\/2020\\\/01\\\/06\\\/la-morte-e-la-fanciulla-sabato-ore-21-al-teatro-comunale-di-belluno\\\/#primaryimage\",\"url\":\"http:\\\/\\\/www.bellunopress.it\\\/wp-content\\\/uploads\\\/2020\\\/01\\\/La-morte-e-la-fanciulla-1.jpg\",\"contentUrl\":\"http:\\\/\\\/www.bellunopress.it\\\/wp-content\\\/uploads\\\/2020\\\/01\\\/La-morte-e-la-fanciulla-1.jpg\"},{\"@type\":\"BreadcrumbList\",\"@id\":\"https:\\\/\\\/www.bellunopress.it\\\/2020\\\/01\\\/06\\\/la-morte-e-la-fanciulla-sabato-ore-21-al-teatro-comunale-di-belluno\\\/#breadcrumb\",\"itemListElement\":[{\"@type\":\"ListItem\",\"position\":1,\"name\":\"Home\",\"item\":\"https:\\\/\\\/www.bellunopress.it\\\/\"},{\"@type\":\"ListItem\",\"position\":2,\"name\":\"La morte e la fanciulla. Sabato ore 21 al Teatro Comunale di Belluno\"}]},{\"@type\":\"WebSite\",\"@id\":\"https:\\\/\\\/www.bellunopress.it\\\/#website\",\"url\":\"https:\\\/\\\/www.bellunopress.it\\\/\",\"name\":\"Bellunopress - Dolomiti\",\"description\":\"e-mail: redazione@bellunopress.it\",\"publisher\":{\"@id\":\"https:\\\/\\\/www.bellunopress.it\\\/#organization\"},\"potentialAction\":[{\"@type\":\"SearchAction\",\"target\":{\"@type\":\"EntryPoint\",\"urlTemplate\":\"https:\\\/\\\/www.bellunopress.it\\\/?s={search_term_string}\"},\"query-input\":{\"@type\":\"PropertyValueSpecification\",\"valueRequired\":true,\"valueName\":\"search_term_string\"}}],\"inLanguage\":\"fr-FR\"},{\"@type\":\"Organization\",\"@id\":\"https:\\\/\\\/www.bellunopress.it\\\/#organization\",\"name\":\"Bellunopress\",\"url\":\"https:\\\/\\\/www.bellunopress.it\\\/\",\"logo\":{\"@type\":\"ImageObject\",\"inLanguage\":\"fr-FR\",\"@id\":\"https:\\\/\\\/www.bellunopress.it\\\/#\\\/schema\\\/logo\\\/image\\\/\",\"url\":\"https:\\\/\\\/www.bellunopress.it\\\/wp-content\\\/uploads\\\/2011\\\/05\\\/cropped-logo-bellunopress-.jpg\",\"contentUrl\":\"https:\\\/\\\/www.bellunopress.it\\\/wp-content\\\/uploads\\\/2011\\\/05\\\/cropped-logo-bellunopress-.jpg\",\"width\":512,\"height\":512,\"caption\":\"Bellunopress\"},\"image\":{\"@id\":\"https:\\\/\\\/www.bellunopress.it\\\/#\\\/schema\\\/logo\\\/image\\\/\"},\"sameAs\":[\"https:\\\/\\\/www.facebook.com\\\/profile.php?id=100008943462799\",\"https:\\\/\\\/x.com\\\/bellunopress\",\"https:\\\/\\\/www.linkedin.com\\\/hp\\\/?dnr=JBzUWaJfMUw8vbXJJ2tVW5-I3jZKvC4wsoxE&amp;amp;amp;amp;amp;amp;trk=nav_responsive_tab_home\",\"https:\\\/\\\/www.youtube.com\\\/channel\\\/UCxL0wu1uN0_3_7hGG0306cw\"]},{\"@type\":\"Person\",\"@id\":\"https:\\\/\\\/www.bellunopress.it\\\/#\\\/schema\\\/person\\\/79bb06722b37ece1c03d3e94beb30d73\",\"name\":\"redazione\",\"image\":{\"@type\":\"ImageObject\",\"inLanguage\":\"fr-FR\",\"@id\":\"https:\\\/\\\/secure.gravatar.com\\\/avatar\\\/37d968a2e67a6fd04c169c4bdef102d0bc5d31b2546345219e348575eb80e9a0?s=96&d=mm&r=g\",\"url\":\"https:\\\/\\\/secure.gravatar.com\\\/avatar\\\/37d968a2e67a6fd04c169c4bdef102d0bc5d31b2546345219e348575eb80e9a0?s=96&d=mm&r=g\",\"contentUrl\":\"https:\\\/\\\/secure.gravatar.com\\\/avatar\\\/37d968a2e67a6fd04c169c4bdef102d0bc5d31b2546345219e348575eb80e9a0?s=96&d=mm&r=g\",\"caption\":\"redazione\"},\"sameAs\":[\"http:\\\/\\\/www.bellunopress.it\",\"https:\\\/\\\/x.com\\\/bellunopress\"],\"url\":\"https:\\\/\\\/www.bellunopress.it\\\/fr\\\/author\\\/redazione\\\/\"}]}<\/script>\n<!-- \/ Yoast SEO plugin. -->","yoast_head_json":{"title":"La morte e la fanciulla. Sabato ore 21 al Teatro Comunale di Belluno - Bellunopress - Dolomiti","robots":{"index":"index","follow":"follow","max-snippet":"max-snippet:-1","max-image-preview":"max-image-preview:large","max-video-preview":"max-video-preview:-1"},"canonical":"https:\/\/www.bellunopress.it\/fr\/2020\/01\/06\/la-morte-e-la-fanciulla-sabato-ore-21-al-teatro-comunale-di-belluno\/","og_locale":"fr_FR","og_type":"article","og_title":"La morte e la fanciulla. Sabato ore 21 al Teatro Comunale di Belluno - Bellunopress - Dolomiti","og_description":"Sabato 11 gennaio dalle ore 21:00 alle ore 22:30 al Tetaro Comunale di Belluno, va in scena lo spettacolo &#8220;La morte e la fanciulla&#8221; con la Compagnia Abbondanza Bertoni. Organizzato da SlowMachine \/ Belluno Miraggi e Compagnia Abbondanza Bertoni. Candidato ai Premi Ubu come miglior spettacolo di Danza 2017 e vincitore (ex-aequo) del premio Danza&amp;Danza [&hellip;]","og_url":"https:\/\/www.bellunopress.it\/fr\/2020\/01\/06\/la-morte-e-la-fanciulla-sabato-ore-21-al-teatro-comunale-di-belluno\/","og_site_name":"Bellunopress - Dolomiti","article_publisher":"https:\/\/www.facebook.com\/profile.php?id=100008943462799","article_published_time":"2020-01-06T14:23:32+00:00","article_modified_time":"2020-01-06T14:23:38+00:00","og_image":[{"url":"http:\/\/www.bellunopress.it\/wp-content\/uploads\/2020\/01\/La-morte-e-la-fanciulla-1.jpg","type":"","width":"","height":""}],"author":"redazione","twitter_card":"summary_large_image","twitter_creator":"@bellunopress","twitter_site":"@bellunopress","twitter_misc":{"\u00c9crit par":"redazione","Dur\u00e9e de lecture estim\u00e9e":"2 minutes"},"schema":{"@context":"https:\/\/schema.org","@graph":[{"@type":"Article","@id":"https:\/\/www.bellunopress.it\/2020\/01\/06\/la-morte-e-la-fanciulla-sabato-ore-21-al-teatro-comunale-di-belluno\/#article","isPartOf":{"@id":"https:\/\/www.bellunopress.it\/2020\/01\/06\/la-morte-e-la-fanciulla-sabato-ore-21-al-teatro-comunale-di-belluno\/"},"author":{"name":"redazione","@id":"https:\/\/www.bellunopress.it\/#\/schema\/person\/79bb06722b37ece1c03d3e94beb30d73"},"headline":"La morte e la fanciulla. Sabato ore 21 al Teatro Comunale di Belluno","datePublished":"2020-01-06T14:23:32+00:00","dateModified":"2020-01-06T14:23:38+00:00","mainEntityOfPage":{"@id":"https:\/\/www.bellunopress.it\/2020\/01\/06\/la-morte-e-la-fanciulla-sabato-ore-21-al-teatro-comunale-di-belluno\/"},"wordCount":332,"publisher":{"@id":"https:\/\/www.bellunopress.it\/#organization"},"image":{"@id":"https:\/\/www.bellunopress.it\/2020\/01\/06\/la-morte-e-la-fanciulla-sabato-ore-21-al-teatro-comunale-di-belluno\/#primaryimage"},"thumbnailUrl":"http:\/\/www.bellunopress.it\/wp-content\/uploads\/2020\/01\/La-morte-e-la-fanciulla-1.jpg","articleSection":["Appuntamenti, Eventi","Arte, Cultura, Spettacoli, Scienza","Pausa Caff\u00e8"],"inLanguage":"fr-FR"},{"@type":"WebPage","@id":"https:\/\/www.bellunopress.it\/2020\/01\/06\/la-morte-e-la-fanciulla-sabato-ore-21-al-teatro-comunale-di-belluno\/","url":"https:\/\/www.bellunopress.it\/2020\/01\/06\/la-morte-e-la-fanciulla-sabato-ore-21-al-teatro-comunale-di-belluno\/","name":"La morte e la fanciulla. Sabato ore 21 al Teatro Comunale di Belluno - Bellunopress - Dolomiti","isPartOf":{"@id":"https:\/\/www.bellunopress.it\/#website"},"primaryImageOfPage":{"@id":"https:\/\/www.bellunopress.it\/2020\/01\/06\/la-morte-e-la-fanciulla-sabato-ore-21-al-teatro-comunale-di-belluno\/#primaryimage"},"image":{"@id":"https:\/\/www.bellunopress.it\/2020\/01\/06\/la-morte-e-la-fanciulla-sabato-ore-21-al-teatro-comunale-di-belluno\/#primaryimage"},"thumbnailUrl":"http:\/\/www.bellunopress.it\/wp-content\/uploads\/2020\/01\/La-morte-e-la-fanciulla-1.jpg","datePublished":"2020-01-06T14:23:32+00:00","dateModified":"2020-01-06T14:23:38+00:00","breadcrumb":{"@id":"https:\/\/www.bellunopress.it\/2020\/01\/06\/la-morte-e-la-fanciulla-sabato-ore-21-al-teatro-comunale-di-belluno\/#breadcrumb"},"inLanguage":"fr-FR","potentialAction":[{"@type":"ReadAction","target":["https:\/\/www.bellunopress.it\/2020\/01\/06\/la-morte-e-la-fanciulla-sabato-ore-21-al-teatro-comunale-di-belluno\/"]}]},{"@type":"ImageObject","inLanguage":"fr-FR","@id":"https:\/\/www.bellunopress.it\/2020\/01\/06\/la-morte-e-la-fanciulla-sabato-ore-21-al-teatro-comunale-di-belluno\/#primaryimage","url":"http:\/\/www.bellunopress.it\/wp-content\/uploads\/2020\/01\/La-morte-e-la-fanciulla-1.jpg","contentUrl":"http:\/\/www.bellunopress.it\/wp-content\/uploads\/2020\/01\/La-morte-e-la-fanciulla-1.jpg"},{"@type":"BreadcrumbList","@id":"https:\/\/www.bellunopress.it\/2020\/01\/06\/la-morte-e-la-fanciulla-sabato-ore-21-al-teatro-comunale-di-belluno\/#breadcrumb","itemListElement":[{"@type":"ListItem","position":1,"name":"Home","item":"https:\/\/www.bellunopress.it\/"},{"@type":"ListItem","position":2,"name":"La morte e la fanciulla. Sabato ore 21 al Teatro Comunale di Belluno"}]},{"@type":"WebSite","@id":"https:\/\/www.bellunopress.it\/#website","url":"https:\/\/www.bellunopress.it\/","name":"Bellunopress - Dolomiti","description":"e-mail: redazione@bellunopress.it","publisher":{"@id":"https:\/\/www.bellunopress.it\/#organization"},"potentialAction":[{"@type":"SearchAction","target":{"@type":"EntryPoint","urlTemplate":"https:\/\/www.bellunopress.it\/?s={search_term_string}"},"query-input":{"@type":"PropertyValueSpecification","valueRequired":true,"valueName":"search_term_string"}}],"inLanguage":"fr-FR"},{"@type":"Organization","@id":"https:\/\/www.bellunopress.it\/#organization","name":"Bellunopress","url":"https:\/\/www.bellunopress.it\/","logo":{"@type":"ImageObject","inLanguage":"fr-FR","@id":"https:\/\/www.bellunopress.it\/#\/schema\/logo\/image\/","url":"https:\/\/www.bellunopress.it\/wp-content\/uploads\/2011\/05\/cropped-logo-bellunopress-.jpg","contentUrl":"https:\/\/www.bellunopress.it\/wp-content\/uploads\/2011\/05\/cropped-logo-bellunopress-.jpg","width":512,"height":512,"caption":"Bellunopress"},"image":{"@id":"https:\/\/www.bellunopress.it\/#\/schema\/logo\/image\/"},"sameAs":["https:\/\/www.facebook.com\/profile.php?id=100008943462799","https:\/\/x.com\/bellunopress","https:\/\/www.linkedin.com\/hp\/?dnr=JBzUWaJfMUw8vbXJJ2tVW5-I3jZKvC4wsoxE&amp;amp;amp;amp;amp;amp;trk=nav_responsive_tab_home","https:\/\/www.youtube.com\/channel\/UCxL0wu1uN0_3_7hGG0306cw"]},{"@type":"Person","@id":"https:\/\/www.bellunopress.it\/#\/schema\/person\/79bb06722b37ece1c03d3e94beb30d73","name":"r\u00e9daction","image":{"@type":"ImageObject","inLanguage":"fr-FR","@id":"https:\/\/secure.gravatar.com\/avatar\/37d968a2e67a6fd04c169c4bdef102d0bc5d31b2546345219e348575eb80e9a0?s=96&d=mm&r=g","url":"https:\/\/secure.gravatar.com\/avatar\/37d968a2e67a6fd04c169c4bdef102d0bc5d31b2546345219e348575eb80e9a0?s=96&d=mm&r=g","contentUrl":"https:\/\/secure.gravatar.com\/avatar\/37d968a2e67a6fd04c169c4bdef102d0bc5d31b2546345219e348575eb80e9a0?s=96&d=mm&r=g","caption":"redazione"},"sameAs":["http:\/\/www.bellunopress.it","https:\/\/x.com\/bellunopress"],"url":"https:\/\/www.bellunopress.it\/fr\/author\/redazione\/"}]}},"_links":{"self":[{"href":"https:\/\/www.bellunopress.it\/fr\/wp-json\/wp\/v2\/posts\/111003","targetHints":{"allow":["GET"]}}],"collection":[{"href":"https:\/\/www.bellunopress.it\/fr\/wp-json\/wp\/v2\/posts"}],"about":[{"href":"https:\/\/www.bellunopress.it\/fr\/wp-json\/wp\/v2\/types\/post"}],"author":[{"embeddable":true,"href":"https:\/\/www.bellunopress.it\/fr\/wp-json\/wp\/v2\/users\/2"}],"replies":[{"embeddable":true,"href":"https:\/\/www.bellunopress.it\/fr\/wp-json\/wp\/v2\/comments?post=111003"}],"version-history":[{"count":2,"href":"https:\/\/www.bellunopress.it\/fr\/wp-json\/wp\/v2\/posts\/111003\/revisions"}],"predecessor-version":[{"id":111006,"href":"https:\/\/www.bellunopress.it\/fr\/wp-json\/wp\/v2\/posts\/111003\/revisions\/111006"}],"wp:attachment":[{"href":"https:\/\/www.bellunopress.it\/fr\/wp-json\/wp\/v2\/media?parent=111003"}],"wp:term":[{"taxonomy":"category","embeddable":true,"href":"https:\/\/www.bellunopress.it\/fr\/wp-json\/wp\/v2\/categories?post=111003"},{"taxonomy":"post_tag","embeddable":true,"href":"https:\/\/www.bellunopress.it\/fr\/wp-json\/wp\/v2\/tags?post=111003"}],"curies":[{"name":"wp","href":"https:\/\/api.w.org\/{rel}","templated":true}]}}