{"id":110999,"date":"2020-01-06T14:32:35","date_gmt":"2020-01-06T13:32:35","guid":{"rendered":"http:\/\/www.bellunopress.it\/?p=110999"},"modified":"2020-01-06T14:32:35","modified_gmt":"2020-01-06T13:32:35","slug":"universita-donazzan-al-ministro-manfredi-il-problema-delle-iscrizioni-non-si-affronta-raccattando-numeri-o-confondendo-percorsi","status":"publish","type":"post","link":"https:\/\/www.bellunopress.it\/fr\/2020\/01\/06\/universita-donazzan-al-ministro-manfredi-il-problema-delle-iscrizioni-non-si-affronta-raccattando-numeri-o-confondendo-percorsi\/","title":{"rendered":"Universit\u00e0. Donazzan al ministro Manfredi: &#8220;Il problema delle iscrizioni non si affronta raccattando numeri o confondendo percorsi&#8221;"},"content":{"rendered":"<figure id=\"attachment_94736\" aria-describedby=\"caption-attachment-94736\" style=\"width: 190px\" class=\"wp-caption alignleft\"><a href=\"http:\/\/www.bellunopress.it\/fr\/2018\/05\/03\/pari-opportunita-donazzan-a-parita-di-contratto-una-donna-in-veneto-guadagna-tra-il-25-e-il-30-in-meno-deluomo\/elena-donazzan\/\" rel=\"attachment wp-att-94736\"><img loading=\"lazy\" decoding=\"async\" class=\"size-full wp-image-94736\" src=\"http:\/\/www.bellunopress.it\/wp-content\/uploads\/2018\/05\/Elena-Donazzan.jpg\" alt=\"\" width=\"190\" height=\"207\" \/><\/a><figcaption id=\"caption-attachment-94736\" class=\"wp-caption-text\">Elena Donazzan &#8211; Assessore regionale<\/figcaption><\/figure>\n<p>Venezia, 6 gennaio 2020\u00a0 &#8211;\u00a0\u00a0\u201cNon condivido la lettura data dal ministro sul calo delle iscrizioni universitarie, in particolare, quando ritiene di risolvere il calo demografico semplicemente aumentando il numero degli iscritti attraverso discutibili innesti\u201d. E\u2019 quanto afferma Elena Donazzan, assessore regionale all\u2019istruzione, formazione e universit\u00e0 del Veneto in merito all\u2019intervista rilasciata oggi dal ministro dell\u2019universit\u00e0 e della ricerca Gaetano Manfredi.<\/p>\n<p>\u201cLe nostre universit\u00e0 italiane, e in particolare quelle venete &#8211; sostiene Donazzan &#8211; hanno performance di qualit\u00e0 e di successo che le rendono capaci di formare figure di laureati appetibili ai mercati del lavoro pi\u00f9 difficili e competitivi, ed \u00e8 per questo che all\u2019estero sono preferiti ad altri laureati. Il sistema Italia deve mantenere, anzi potenziare, le risorse per l\u2019universit\u00e0, affinch\u00e9 gli atenei possano investire in qualit\u00e0, ricerca e in attrazione dall\u2019estero di studenti\u201d.<\/p>\n<p>\u201cL\u2019altra affermazione che mi preoccupa ancor pi\u00f9 \u2013 prosegue Donazzan \u2013 \u00e8 quella relativa ai percorsi di istruzione tecnica-superiore. Credo che il ministro, data la brevissima esperienza di governo, misconosca la struttura degli Its: la ragione per cui tali istituti di formazione tecnica superiore sono stati pensati \u00e8 quella di creare super-tecnici immediatamente spendibili nel mondo del lavoro, in quanto capaci di rispondere esattamente alle richieste delle aziende pi\u00f9 strutturate, grazie anche al coinvolgimento stesso delle aziende nella programmazione del percorso di formazione\u201d.<\/p>\n<p>\u201cNon ci serve di sicuro un\u2019altra idea simile al fallimento della riforma universitaria che port\u00f2 al 3+2 \u2013 sostiene la referente delle politiche per l\u2019istruzione e l\u2019universit\u00e0 della Regione Veneto &#8211; Chiedo, invece, che il ministro approfondisca, e se vorr\u00e0 lo invito sin d\u2019ora in Veneto, come sono strutturati i nostri sette Its-Academy, che hanno imprenditori di successo a capo delle Fondazioni istitutive, e che raggiungono tutti risultati occupazionali che sfiorano il 100 per cento. Lo invito a visitarli e a conoscerli, affinch\u00e9 sostenga finanziariamente e con convinzione i percorsi di istruzione tecnica superiore, oggi per il 70 per cento a carico dei bilanci delle Regioni\u201d.<\/p>\n<p>&nbsp;<\/p>","protected":false},"excerpt":{"rendered":"<p>Venezia, 6 gennaio 2020\u00a0 &#8211;\u00a0\u00a0\u201cNon condivido la lettura data dal ministro sul calo delle iscrizioni universitarie, in particolare, quando ritiene di risolvere il calo demografico semplicemente aumentando il numero degli iscritti attraverso discutibili innesti\u201d. E\u2019 quanto afferma Elena Donazzan, assessore regionale all\u2019istruzione, formazione e universit\u00e0 del Veneto in merito all\u2019intervista rilasciata oggi dal ministro dell\u2019universit\u00e0 [&hellip;]<\/p>\n","protected":false},"author":2,"featured_media":0,"comment_status":"closed","ping_status":"open","sticky":false,"template":"","format":"standard","meta":{"footnotes":""},"categories":[5,15],"tags":[],"class_list":["post-110999","post","type-post","status-publish","format-standard","category-cronaca","category-scuola"],"yoast_head":"<!-- This site is optimized with the Yoast SEO plugin v28.4 - https:\/\/yoast.com\/product\/yoast-seo-wordpress\/ -->\n<title>Universit\u00e0. Donazzan al ministro Manfredi: &quot;Il problema delle iscrizioni non si affronta raccattando numeri o confondendo percorsi&quot; - Bellunopress - Dolomiti<\/title>\n<meta name=\"robots\" content=\"index, follow, max-snippet:-1, max-image-preview:large, max-video-preview:-1\" \/>\n<link rel=\"canonical\" href=\"https:\/\/www.bellunopress.it\/fr\/2020\/01\/06\/universita-donazzan-al-ministro-manfredi-il-problema-delle-iscrizioni-non-si-affronta-raccattando-numeri-o-confondendo-percorsi\/\" \/>\n<meta property=\"og:locale\" content=\"fr_FR\" \/>\n<meta property=\"og:type\" content=\"article\" \/>\n<meta property=\"og:title\" content=\"Universit\u00e0. Donazzan al ministro Manfredi: &quot;Il problema delle iscrizioni non si affronta raccattando numeri o confondendo percorsi&quot; - Bellunopress - Dolomiti\" \/>\n<meta property=\"og:description\" content=\"Venezia, 6 gennaio 2020\u00a0 &#8211;\u00a0\u00a0\u201cNon condivido la lettura data dal ministro sul calo delle iscrizioni universitarie, in particolare, quando ritiene di risolvere il calo demografico semplicemente aumentando il numero degli iscritti attraverso discutibili innesti\u201d. E\u2019 quanto afferma Elena Donazzan, assessore regionale all\u2019istruzione, formazione e universit\u00e0 del Veneto in merito all\u2019intervista rilasciata oggi dal ministro dell\u2019universit\u00e0 [&hellip;]\" \/>\n<meta property=\"og:url\" content=\"https:\/\/www.bellunopress.it\/fr\/2020\/01\/06\/universita-donazzan-al-ministro-manfredi-il-problema-delle-iscrizioni-non-si-affronta-raccattando-numeri-o-confondendo-percorsi\/\" \/>\n<meta property=\"og:site_name\" content=\"Bellunopress - Dolomiti\" \/>\n<meta property=\"article:publisher\" content=\"https:\/\/www.facebook.com\/profile.php?id=100008943462799\" \/>\n<meta property=\"article:published_time\" content=\"2020-01-06T13:32:35+00:00\" \/>\n<meta property=\"og:image\" content=\"http:\/\/www.bellunopress.it\/wp-content\/uploads\/2018\/05\/Elena-Donazzan.jpg\" \/>\n<meta name=\"author\" content=\"redazione\" \/>\n<meta name=\"twitter:card\" content=\"summary_large_image\" \/>\n<meta name=\"twitter:creator\" content=\"@bellunopress\" \/>\n<meta name=\"twitter:site\" content=\"@bellunopress\" \/>\n<meta name=\"twitter:label1\" content=\"\u00c9crit par\" \/>\n\t<meta name=\"twitter:data1\" content=\"redazione\" \/>\n\t<meta name=\"twitter:label2\" content=\"Dur\u00e9e de lecture estim\u00e9e\" \/>\n\t<meta name=\"twitter:data2\" content=\"2 minutes\" \/>\n<script type=\"application\/ld+json\" class=\"yoast-schema-graph\">{\"@context\":\"https:\\\/\\\/schema.org\",\"@graph\":[{\"@type\":\"Article\",\"@id\":\"https:\\\/\\\/www.bellunopress.it\\\/2020\\\/01\\\/06\\\/universita-donazzan-al-ministro-manfredi-il-problema-delle-iscrizioni-non-si-affronta-raccattando-numeri-o-confondendo-percorsi\\\/#article\",\"isPartOf\":{\"@id\":\"https:\\\/\\\/www.bellunopress.it\\\/2020\\\/01\\\/06\\\/universita-donazzan-al-ministro-manfredi-il-problema-delle-iscrizioni-non-si-affronta-raccattando-numeri-o-confondendo-percorsi\\\/\"},\"author\":{\"name\":\"redazione\",\"@id\":\"https:\\\/\\\/www.bellunopress.it\\\/#\\\/schema\\\/person\\\/79bb06722b37ece1c03d3e94beb30d73\"},\"headline\":\"Universit\u00e0. Donazzan al ministro Manfredi: &#8220;Il problema delle iscrizioni non si affronta raccattando numeri o confondendo percorsi&#8221;\",\"datePublished\":\"2020-01-06T13:32:35+00:00\",\"mainEntityOfPage\":{\"@id\":\"https:\\\/\\\/www.bellunopress.it\\\/2020\\\/01\\\/06\\\/universita-donazzan-al-ministro-manfredi-il-problema-delle-iscrizioni-non-si-affronta-raccattando-numeri-o-confondendo-percorsi\\\/\"},\"wordCount\":354,\"publisher\":{\"@id\":\"https:\\\/\\\/www.bellunopress.it\\\/#organization\"},\"image\":{\"@id\":\"https:\\\/\\\/www.bellunopress.it\\\/2020\\\/01\\\/06\\\/universita-donazzan-al-ministro-manfredi-il-problema-delle-iscrizioni-non-si-affronta-raccattando-numeri-o-confondendo-percorsi\\\/#primaryimage\"},\"thumbnailUrl\":\"http:\\\/\\\/www.bellunopress.it\\\/wp-content\\\/uploads\\\/2018\\\/05\\\/Elena-Donazzan.jpg\",\"articleSection\":[\"Cronaca\\\/Politica\",\"Scuola\"],\"inLanguage\":\"fr-FR\"},{\"@type\":\"WebPage\",\"@id\":\"https:\\\/\\\/www.bellunopress.it\\\/2020\\\/01\\\/06\\\/universita-donazzan-al-ministro-manfredi-il-problema-delle-iscrizioni-non-si-affronta-raccattando-numeri-o-confondendo-percorsi\\\/\",\"url\":\"https:\\\/\\\/www.bellunopress.it\\\/2020\\\/01\\\/06\\\/universita-donazzan-al-ministro-manfredi-il-problema-delle-iscrizioni-non-si-affronta-raccattando-numeri-o-confondendo-percorsi\\\/\",\"name\":\"Universit\u00e0. Donazzan al ministro Manfredi: \\\"Il problema delle iscrizioni non si affronta raccattando numeri o confondendo percorsi\\\" - Bellunopress - Dolomiti\",\"isPartOf\":{\"@id\":\"https:\\\/\\\/www.bellunopress.it\\\/#website\"},\"primaryImageOfPage\":{\"@id\":\"https:\\\/\\\/www.bellunopress.it\\\/2020\\\/01\\\/06\\\/universita-donazzan-al-ministro-manfredi-il-problema-delle-iscrizioni-non-si-affronta-raccattando-numeri-o-confondendo-percorsi\\\/#primaryimage\"},\"image\":{\"@id\":\"https:\\\/\\\/www.bellunopress.it\\\/2020\\\/01\\\/06\\\/universita-donazzan-al-ministro-manfredi-il-problema-delle-iscrizioni-non-si-affronta-raccattando-numeri-o-confondendo-percorsi\\\/#primaryimage\"},\"thumbnailUrl\":\"http:\\\/\\\/www.bellunopress.it\\\/wp-content\\\/uploads\\\/2018\\\/05\\\/Elena-Donazzan.jpg\",\"datePublished\":\"2020-01-06T13:32:35+00:00\",\"breadcrumb\":{\"@id\":\"https:\\\/\\\/www.bellunopress.it\\\/2020\\\/01\\\/06\\\/universita-donazzan-al-ministro-manfredi-il-problema-delle-iscrizioni-non-si-affronta-raccattando-numeri-o-confondendo-percorsi\\\/#breadcrumb\"},\"inLanguage\":\"fr-FR\",\"potentialAction\":[{\"@type\":\"ReadAction\",\"target\":[\"https:\\\/\\\/www.bellunopress.it\\\/2020\\\/01\\\/06\\\/universita-donazzan-al-ministro-manfredi-il-problema-delle-iscrizioni-non-si-affronta-raccattando-numeri-o-confondendo-percorsi\\\/\"]}]},{\"@type\":\"ImageObject\",\"inLanguage\":\"fr-FR\",\"@id\":\"https:\\\/\\\/www.bellunopress.it\\\/2020\\\/01\\\/06\\\/universita-donazzan-al-ministro-manfredi-il-problema-delle-iscrizioni-non-si-affronta-raccattando-numeri-o-confondendo-percorsi\\\/#primaryimage\",\"url\":\"http:\\\/\\\/www.bellunopress.it\\\/wp-content\\\/uploads\\\/2018\\\/05\\\/Elena-Donazzan.jpg\",\"contentUrl\":\"http:\\\/\\\/www.bellunopress.it\\\/wp-content\\\/uploads\\\/2018\\\/05\\\/Elena-Donazzan.jpg\"},{\"@type\":\"BreadcrumbList\",\"@id\":\"https:\\\/\\\/www.bellunopress.it\\\/2020\\\/01\\\/06\\\/universita-donazzan-al-ministro-manfredi-il-problema-delle-iscrizioni-non-si-affronta-raccattando-numeri-o-confondendo-percorsi\\\/#breadcrumb\",\"itemListElement\":[{\"@type\":\"ListItem\",\"position\":1,\"name\":\"Home\",\"item\":\"https:\\\/\\\/www.bellunopress.it\\\/\"},{\"@type\":\"ListItem\",\"position\":2,\"name\":\"Universit\u00e0. Donazzan al ministro Manfredi: &#8220;Il problema delle iscrizioni non si affronta raccattando numeri o confondendo percorsi&#8221;\"}]},{\"@type\":\"WebSite\",\"@id\":\"https:\\\/\\\/www.bellunopress.it\\\/#website\",\"url\":\"https:\\\/\\\/www.bellunopress.it\\\/\",\"name\":\"Bellunopress - Dolomiti\",\"description\":\"e-mail: redazione@bellunopress.it\",\"publisher\":{\"@id\":\"https:\\\/\\\/www.bellunopress.it\\\/#organization\"},\"potentialAction\":[{\"@type\":\"SearchAction\",\"target\":{\"@type\":\"EntryPoint\",\"urlTemplate\":\"https:\\\/\\\/www.bellunopress.it\\\/?s={search_term_string}\"},\"query-input\":{\"@type\":\"PropertyValueSpecification\",\"valueRequired\":true,\"valueName\":\"search_term_string\"}}],\"inLanguage\":\"fr-FR\"},{\"@type\":\"Organization\",\"@id\":\"https:\\\/\\\/www.bellunopress.it\\\/#organization\",\"name\":\"Bellunopress\",\"url\":\"https:\\\/\\\/www.bellunopress.it\\\/\",\"logo\":{\"@type\":\"ImageObject\",\"inLanguage\":\"fr-FR\",\"@id\":\"https:\\\/\\\/www.bellunopress.it\\\/#\\\/schema\\\/logo\\\/image\\\/\",\"url\":\"https:\\\/\\\/www.bellunopress.it\\\/wp-content\\\/uploads\\\/2011\\\/05\\\/cropped-logo-bellunopress-.jpg\",\"contentUrl\":\"https:\\\/\\\/www.bellunopress.it\\\/wp-content\\\/uploads\\\/2011\\\/05\\\/cropped-logo-bellunopress-.jpg\",\"width\":512,\"height\":512,\"caption\":\"Bellunopress\"},\"image\":{\"@id\":\"https:\\\/\\\/www.bellunopress.it\\\/#\\\/schema\\\/logo\\\/image\\\/\"},\"sameAs\":[\"https:\\\/\\\/www.facebook.com\\\/profile.php?id=100008943462799\",\"https:\\\/\\\/x.com\\\/bellunopress\",\"https:\\\/\\\/www.linkedin.com\\\/hp\\\/?dnr=JBzUWaJfMUw8vbXJJ2tVW5-I3jZKvC4wsoxE&amp;amp;amp;amp;amp;amp;trk=nav_responsive_tab_home\",\"https:\\\/\\\/www.youtube.com\\\/channel\\\/UCxL0wu1uN0_3_7hGG0306cw\"]},{\"@type\":\"Person\",\"@id\":\"https:\\\/\\\/www.bellunopress.it\\\/#\\\/schema\\\/person\\\/79bb06722b37ece1c03d3e94beb30d73\",\"name\":\"redazione\",\"image\":{\"@type\":\"ImageObject\",\"inLanguage\":\"fr-FR\",\"@id\":\"https:\\\/\\\/secure.gravatar.com\\\/avatar\\\/37d968a2e67a6fd04c169c4bdef102d0bc5d31b2546345219e348575eb80e9a0?s=96&d=mm&r=g\",\"url\":\"https:\\\/\\\/secure.gravatar.com\\\/avatar\\\/37d968a2e67a6fd04c169c4bdef102d0bc5d31b2546345219e348575eb80e9a0?s=96&d=mm&r=g\",\"contentUrl\":\"https:\\\/\\\/secure.gravatar.com\\\/avatar\\\/37d968a2e67a6fd04c169c4bdef102d0bc5d31b2546345219e348575eb80e9a0?s=96&d=mm&r=g\",\"caption\":\"redazione\"},\"sameAs\":[\"http:\\\/\\\/www.bellunopress.it\",\"https:\\\/\\\/x.com\\\/bellunopress\"],\"url\":\"https:\\\/\\\/www.bellunopress.it\\\/fr\\\/author\\\/redazione\\\/\"}]}<\/script>\n<!-- \/ Yoast SEO plugin. -->","yoast_head_json":{"title":"Universit\u00e0. Donazzan al ministro Manfredi: \"Il problema delle iscrizioni non si affronta raccattando numeri o confondendo percorsi\" - Bellunopress - Dolomiti","robots":{"index":"index","follow":"follow","max-snippet":"max-snippet:-1","max-image-preview":"max-image-preview:large","max-video-preview":"max-video-preview:-1"},"canonical":"https:\/\/www.bellunopress.it\/fr\/2020\/01\/06\/universita-donazzan-al-ministro-manfredi-il-problema-delle-iscrizioni-non-si-affronta-raccattando-numeri-o-confondendo-percorsi\/","og_locale":"fr_FR","og_type":"article","og_title":"Universit\u00e0. Donazzan al ministro Manfredi: \"Il problema delle iscrizioni non si affronta raccattando numeri o confondendo percorsi\" - Bellunopress - Dolomiti","og_description":"Venezia, 6 gennaio 2020\u00a0 &#8211;\u00a0\u00a0\u201cNon condivido la lettura data dal ministro sul calo delle iscrizioni universitarie, in particolare, quando ritiene di risolvere il calo demografico semplicemente aumentando il numero degli iscritti attraverso discutibili innesti\u201d. E\u2019 quanto afferma Elena Donazzan, assessore regionale all\u2019istruzione, formazione e universit\u00e0 del Veneto in merito all\u2019intervista rilasciata oggi dal ministro dell\u2019universit\u00e0 [&hellip;]","og_url":"https:\/\/www.bellunopress.it\/fr\/2020\/01\/06\/universita-donazzan-al-ministro-manfredi-il-problema-delle-iscrizioni-non-si-affronta-raccattando-numeri-o-confondendo-percorsi\/","og_site_name":"Bellunopress - Dolomiti","article_publisher":"https:\/\/www.facebook.com\/profile.php?id=100008943462799","article_published_time":"2020-01-06T13:32:35+00:00","og_image":[{"url":"http:\/\/www.bellunopress.it\/wp-content\/uploads\/2018\/05\/Elena-Donazzan.jpg","type":"","width":"","height":""}],"author":"redazione","twitter_card":"summary_large_image","twitter_creator":"@bellunopress","twitter_site":"@bellunopress","twitter_misc":{"\u00c9crit par":"redazione","Dur\u00e9e de lecture estim\u00e9e":"2 minutes"},"schema":{"@context":"https:\/\/schema.org","@graph":[{"@type":"Article","@id":"https:\/\/www.bellunopress.it\/2020\/01\/06\/universita-donazzan-al-ministro-manfredi-il-problema-delle-iscrizioni-non-si-affronta-raccattando-numeri-o-confondendo-percorsi\/#article","isPartOf":{"@id":"https:\/\/www.bellunopress.it\/2020\/01\/06\/universita-donazzan-al-ministro-manfredi-il-problema-delle-iscrizioni-non-si-affronta-raccattando-numeri-o-confondendo-percorsi\/"},"author":{"name":"redazione","@id":"https:\/\/www.bellunopress.it\/#\/schema\/person\/79bb06722b37ece1c03d3e94beb30d73"},"headline":"Universit\u00e0. Donazzan al ministro Manfredi: &#8220;Il problema delle iscrizioni non si affronta raccattando numeri o confondendo percorsi&#8221;","datePublished":"2020-01-06T13:32:35+00:00","mainEntityOfPage":{"@id":"https:\/\/www.bellunopress.it\/2020\/01\/06\/universita-donazzan-al-ministro-manfredi-il-problema-delle-iscrizioni-non-si-affronta-raccattando-numeri-o-confondendo-percorsi\/"},"wordCount":354,"publisher":{"@id":"https:\/\/www.bellunopress.it\/#organization"},"image":{"@id":"https:\/\/www.bellunopress.it\/2020\/01\/06\/universita-donazzan-al-ministro-manfredi-il-problema-delle-iscrizioni-non-si-affronta-raccattando-numeri-o-confondendo-percorsi\/#primaryimage"},"thumbnailUrl":"http:\/\/www.bellunopress.it\/wp-content\/uploads\/2018\/05\/Elena-Donazzan.jpg","articleSection":["Cronaca\/Politica","Scuola"],"inLanguage":"fr-FR"},{"@type":"WebPage","@id":"https:\/\/www.bellunopress.it\/2020\/01\/06\/universita-donazzan-al-ministro-manfredi-il-problema-delle-iscrizioni-non-si-affronta-raccattando-numeri-o-confondendo-percorsi\/","url":"https:\/\/www.bellunopress.it\/2020\/01\/06\/universita-donazzan-al-ministro-manfredi-il-problema-delle-iscrizioni-non-si-affronta-raccattando-numeri-o-confondendo-percorsi\/","name":"Universit\u00e0. Donazzan al ministro Manfredi: \"Il problema delle iscrizioni non si affronta raccattando numeri o confondendo percorsi\" - Bellunopress - Dolomiti","isPartOf":{"@id":"https:\/\/www.bellunopress.it\/#website"},"primaryImageOfPage":{"@id":"https:\/\/www.bellunopress.it\/2020\/01\/06\/universita-donazzan-al-ministro-manfredi-il-problema-delle-iscrizioni-non-si-affronta-raccattando-numeri-o-confondendo-percorsi\/#primaryimage"},"image":{"@id":"https:\/\/www.bellunopress.it\/2020\/01\/06\/universita-donazzan-al-ministro-manfredi-il-problema-delle-iscrizioni-non-si-affronta-raccattando-numeri-o-confondendo-percorsi\/#primaryimage"},"thumbnailUrl":"http:\/\/www.bellunopress.it\/wp-content\/uploads\/2018\/05\/Elena-Donazzan.jpg","datePublished":"2020-01-06T13:32:35+00:00","breadcrumb":{"@id":"https:\/\/www.bellunopress.it\/2020\/01\/06\/universita-donazzan-al-ministro-manfredi-il-problema-delle-iscrizioni-non-si-affronta-raccattando-numeri-o-confondendo-percorsi\/#breadcrumb"},"inLanguage":"fr-FR","potentialAction":[{"@type":"ReadAction","target":["https:\/\/www.bellunopress.it\/2020\/01\/06\/universita-donazzan-al-ministro-manfredi-il-problema-delle-iscrizioni-non-si-affronta-raccattando-numeri-o-confondendo-percorsi\/"]}]},{"@type":"ImageObject","inLanguage":"fr-FR","@id":"https:\/\/www.bellunopress.it\/2020\/01\/06\/universita-donazzan-al-ministro-manfredi-il-problema-delle-iscrizioni-non-si-affronta-raccattando-numeri-o-confondendo-percorsi\/#primaryimage","url":"http:\/\/www.bellunopress.it\/wp-content\/uploads\/2018\/05\/Elena-Donazzan.jpg","contentUrl":"http:\/\/www.bellunopress.it\/wp-content\/uploads\/2018\/05\/Elena-Donazzan.jpg"},{"@type":"BreadcrumbList","@id":"https:\/\/www.bellunopress.it\/2020\/01\/06\/universita-donazzan-al-ministro-manfredi-il-problema-delle-iscrizioni-non-si-affronta-raccattando-numeri-o-confondendo-percorsi\/#breadcrumb","itemListElement":[{"@type":"ListItem","position":1,"name":"Home","item":"https:\/\/www.bellunopress.it\/"},{"@type":"ListItem","position":2,"name":"Universit\u00e0. Donazzan al ministro Manfredi: &#8220;Il problema delle iscrizioni non si affronta raccattando numeri o confondendo percorsi&#8221;"}]},{"@type":"WebSite","@id":"https:\/\/www.bellunopress.it\/#website","url":"https:\/\/www.bellunopress.it\/","name":"Bellunopress - Dolomiti","description":"e-mail: redazione@bellunopress.it","publisher":{"@id":"https:\/\/www.bellunopress.it\/#organization"},"potentialAction":[{"@type":"SearchAction","target":{"@type":"EntryPoint","urlTemplate":"https:\/\/www.bellunopress.it\/?s={search_term_string}"},"query-input":{"@type":"PropertyValueSpecification","valueRequired":true,"valueName":"search_term_string"}}],"inLanguage":"fr-FR"},{"@type":"Organization","@id":"https:\/\/www.bellunopress.it\/#organization","name":"Bellunopress","url":"https:\/\/www.bellunopress.it\/","logo":{"@type":"ImageObject","inLanguage":"fr-FR","@id":"https:\/\/www.bellunopress.it\/#\/schema\/logo\/image\/","url":"https:\/\/www.bellunopress.it\/wp-content\/uploads\/2011\/05\/cropped-logo-bellunopress-.jpg","contentUrl":"https:\/\/www.bellunopress.it\/wp-content\/uploads\/2011\/05\/cropped-logo-bellunopress-.jpg","width":512,"height":512,"caption":"Bellunopress"},"image":{"@id":"https:\/\/www.bellunopress.it\/#\/schema\/logo\/image\/"},"sameAs":["https:\/\/www.facebook.com\/profile.php?id=100008943462799","https:\/\/x.com\/bellunopress","https:\/\/www.linkedin.com\/hp\/?dnr=JBzUWaJfMUw8vbXJJ2tVW5-I3jZKvC4wsoxE&amp;amp;amp;amp;amp;amp;trk=nav_responsive_tab_home","https:\/\/www.youtube.com\/channel\/UCxL0wu1uN0_3_7hGG0306cw"]},{"@type":"Person","@id":"https:\/\/www.bellunopress.it\/#\/schema\/person\/79bb06722b37ece1c03d3e94beb30d73","name":"r\u00e9daction","image":{"@type":"ImageObject","inLanguage":"fr-FR","@id":"https:\/\/secure.gravatar.com\/avatar\/37d968a2e67a6fd04c169c4bdef102d0bc5d31b2546345219e348575eb80e9a0?s=96&d=mm&r=g","url":"https:\/\/secure.gravatar.com\/avatar\/37d968a2e67a6fd04c169c4bdef102d0bc5d31b2546345219e348575eb80e9a0?s=96&d=mm&r=g","contentUrl":"https:\/\/secure.gravatar.com\/avatar\/37d968a2e67a6fd04c169c4bdef102d0bc5d31b2546345219e348575eb80e9a0?s=96&d=mm&r=g","caption":"redazione"},"sameAs":["http:\/\/www.bellunopress.it","https:\/\/x.com\/bellunopress"],"url":"https:\/\/www.bellunopress.it\/fr\/author\/redazione\/"}]}},"_links":{"self":[{"href":"https:\/\/www.bellunopress.it\/fr\/wp-json\/wp\/v2\/posts\/110999","targetHints":{"allow":["GET"]}}],"collection":[{"href":"https:\/\/www.bellunopress.it\/fr\/wp-json\/wp\/v2\/posts"}],"about":[{"href":"https:\/\/www.bellunopress.it\/fr\/wp-json\/wp\/v2\/types\/post"}],"author":[{"embeddable":true,"href":"https:\/\/www.bellunopress.it\/fr\/wp-json\/wp\/v2\/users\/2"}],"replies":[{"embeddable":true,"href":"https:\/\/www.bellunopress.it\/fr\/wp-json\/wp\/v2\/comments?post=110999"}],"version-history":[{"count":1,"href":"https:\/\/www.bellunopress.it\/fr\/wp-json\/wp\/v2\/posts\/110999\/revisions"}],"predecessor-version":[{"id":111000,"href":"https:\/\/www.bellunopress.it\/fr\/wp-json\/wp\/v2\/posts\/110999\/revisions\/111000"}],"wp:attachment":[{"href":"https:\/\/www.bellunopress.it\/fr\/wp-json\/wp\/v2\/media?parent=110999"}],"wp:term":[{"taxonomy":"category","embeddable":true,"href":"https:\/\/www.bellunopress.it\/fr\/wp-json\/wp\/v2\/categories?post=110999"},{"taxonomy":"post_tag","embeddable":true,"href":"https:\/\/www.bellunopress.it\/fr\/wp-json\/wp\/v2\/tags?post=110999"}],"curies":[{"name":"wp","href":"https:\/\/api.w.org\/{rel}","templated":true}]}}