{"id":110935,"date":"2020-01-03T12:29:46","date_gmt":"2020-01-03T11:29:46","guid":{"rendered":"http:\/\/www.bellunopress.it\/?p=110935"},"modified":"2020-01-03T12:29:46","modified_gmt":"2020-01-03T11:29:46","slug":"grazie-ai-reparti-di-ostetricia-ginecologia-e-di-pediatria-e-a-tutto-il-loro-personale-dalle-neo-mamme","status":"publish","type":"post","link":"https:\/\/www.bellunopress.it\/fr\/2020\/01\/03\/grazie-ai-reparti-di-ostetricia-ginecologia-e-di-pediatria-e-a-tutto-il-loro-personale-dalle-neo-mamme\/","title":{"rendered":"Grazie ai Reparti di Ostetricia-Ginecologia e di Pediatria e a tutto il loro personale, dalle neo-mamme"},"content":{"rendered":"<figure id=\"attachment_108890\" aria-describedby=\"caption-attachment-108890\" style=\"width: 300px\" class=\"wp-caption alignleft\"><a href=\"http:\/\/www.bellunopress.it\/fr\/2019\/10\/19\/assistenza-religiosa-nella-ulss-1-dolomiti-500mila-euro-per-10-anni-per-un-servizio-che-non-e-sanitario-finanziato-con-denaro-pubblico\/ospedale-bl\/\" rel=\"attachment wp-att-108890\"><img loading=\"lazy\" decoding=\"async\" class=\"size-full wp-image-108890\" src=\"http:\/\/www.bellunopress.it\/wp-content\/uploads\/2019\/10\/ospedale-bl.jpg\" alt=\"\" width=\"300\" height=\"215\" \/><\/a><figcaption id=\"caption-attachment-108890\" class=\"wp-caption-text\">Ospedale &#8220;San Martino&#8221; di Belluno<\/figcaption><\/figure>\n<p>\u201cFa molto pi\u00f9 rumore un albero che cade di una foresta che cresce\u201d, recita un detto popolare, cui non si pu\u00f2 che dar credito. Ce ne siamo accorte bene noi neo-mamme, che siamo state seguite durante la nostra gravidanza e per il parto dalle Unit\u00e0 di Ostetricia-ginecologia e Pediatria dell&#8217;Ospedale San Martino di Belluno. Tutta la nostra esperienza &#8211; che continua anche adesso, essendo seguite nel primo periodo del puerperio &#8211; \u00e8 stata estremamente positiva. Non abbiamo trovato soltanto personale davvero competente e dall&#8217;approccio molto professionale, ma anche persone dalla grande sensibilit\u00e0 umana che ci hanno messo a nostro agio e fugato dubbi e ansie.<br \/>\nAbbiamo questa eccellenza a casa nostra, all&#8217;Ospedale di Belluno, e ogni tanto viene da chiedersi perch\u00e9 non se ne parli mai e si tenda a parlare sempre meglio di altre strutture: \u00e8 un peccato per la Citt\u00e0, per tutta la Provincia e per tutti gli operatori, cui dovremmo pi\u00f9 spesso tributare i giusti meriti.<\/p>\n<p>Un ringraziamento di cuore, dunque, ai reparti di Ostetricia-Ginecologia e di Pediatria e a tutto il loro personale (medici, personale ausiliario, infermiere, OSS e ostetriche) che ci hanno accudite durante questo periodo cos\u00ec importante delle nostre vite e che ci rendono orgogliose del nostro Ospedale San Martino di Belluno. Speriamo che il nuovo anno \u2013 che auguriamo a tutti loro meraviglioso come si presenta il nostro \u2013 amplifichi un po&#8217; il rumore delle tante foreste che crescono.<\/p>\n<p>Le mamme:<br \/>\nValentina Tomasi<br \/>\nGiorgia Spada<br \/>\nDiana Sprizzi<br \/>\nJasmine Masoch<br \/>\nFrancesca Rossa<br \/>\nTamara Deola<br \/>\nFederica De Martin<br \/>\nCristina Gasperin<br \/>\nChiara De Dea<br \/>\nMagal\u00ec Nart<br \/>\nAlessandra Prian<br \/>\nSilvia Lazzaris<br \/>\nFrancesca De Bona<br \/>\nFrancesca Bridda<br \/>\nMeri Casagrande<\/p>","protected":false},"excerpt":{"rendered":"<p>\u201cFa molto pi\u00f9 rumore un albero che cade di una foresta che cresce\u201d, recita un detto popolare, cui non si pu\u00f2 che dar credito. Ce ne siamo accorte bene noi neo-mamme, che siamo state seguite durante la nostra gravidanza e per il parto dalle Unit\u00e0 di Ostetricia-ginecologia e Pediatria dell&#8217;Ospedale San Martino di Belluno. Tutta [&hellip;]<\/p>\n","protected":false},"author":2,"featured_media":0,"comment_status":"closed","ping_status":"open","sticky":false,"template":"","format":"standard","meta":{"footnotes":""},"categories":[1,26,17],"tags":[],"class_list":["post-110935","post","type-post","status-publish","format-standard","category-leo","category-prima-pagina","category-sanita"],"yoast_head":"<!-- This site is optimized with the Yoast SEO plugin v28.4 - https:\/\/yoast.com\/product\/yoast-seo-wordpress\/ -->\n<title>Grazie ai Reparti di Ostetricia-Ginecologia e di Pediatria e a tutto il loro personale, dalle neo-mamme - Bellunopress - Dolomiti<\/title>\n<meta name=\"robots\" content=\"index, follow, max-snippet:-1, max-image-preview:large, max-video-preview:-1\" \/>\n<link rel=\"canonical\" href=\"https:\/\/www.bellunopress.it\/fr\/2020\/01\/03\/grazie-ai-reparti-di-ostetricia-ginecologia-e-di-pediatria-e-a-tutto-il-loro-personale-dalle-neo-mamme\/\" \/>\n<meta property=\"og:locale\" content=\"fr_FR\" \/>\n<meta property=\"og:type\" content=\"article\" \/>\n<meta property=\"og:title\" content=\"Grazie ai Reparti di Ostetricia-Ginecologia e di Pediatria e a tutto il loro personale, dalle neo-mamme - Bellunopress - Dolomiti\" \/>\n<meta property=\"og:description\" content=\"\u201cFa molto pi\u00f9 rumore un albero che cade di una foresta che cresce\u201d, recita un detto popolare, cui non si pu\u00f2 che dar credito. Ce ne siamo accorte bene noi neo-mamme, che siamo state seguite durante la nostra gravidanza e per il parto dalle Unit\u00e0 di Ostetricia-ginecologia e Pediatria dell&#8217;Ospedale San Martino di Belluno. Tutta [&hellip;]\" \/>\n<meta property=\"og:url\" content=\"https:\/\/www.bellunopress.it\/fr\/2020\/01\/03\/grazie-ai-reparti-di-ostetricia-ginecologia-e-di-pediatria-e-a-tutto-il-loro-personale-dalle-neo-mamme\/\" \/>\n<meta property=\"og:site_name\" content=\"Bellunopress - Dolomiti\" \/>\n<meta property=\"article:publisher\" content=\"https:\/\/www.facebook.com\/profile.php?id=100008943462799\" \/>\n<meta property=\"article:published_time\" content=\"2020-01-03T11:29:46+00:00\" \/>\n<meta property=\"og:image\" content=\"http:\/\/www.bellunopress.it\/wp-content\/uploads\/2019\/10\/ospedale-bl.jpg\" \/>\n<meta name=\"author\" content=\"redazione\" \/>\n<meta name=\"twitter:card\" content=\"summary_large_image\" \/>\n<meta name=\"twitter:creator\" content=\"@bellunopress\" \/>\n<meta name=\"twitter:site\" content=\"@bellunopress\" \/>\n<meta name=\"twitter:label1\" content=\"\u00c9crit par\" \/>\n\t<meta name=\"twitter:data1\" content=\"redazione\" \/>\n\t<meta name=\"twitter:label2\" content=\"Dur\u00e9e de lecture estim\u00e9e\" \/>\n\t<meta name=\"twitter:data2\" content=\"1 minute\" \/>\n<script type=\"application\/ld+json\" class=\"yoast-schema-graph\">{\"@context\":\"https:\\\/\\\/schema.org\",\"@graph\":[{\"@type\":\"Article\",\"@id\":\"https:\\\/\\\/www.bellunopress.it\\\/2020\\\/01\\\/03\\\/grazie-ai-reparti-di-ostetricia-ginecologia-e-di-pediatria-e-a-tutto-il-loro-personale-dalle-neo-mamme\\\/#article\",\"isPartOf\":{\"@id\":\"https:\\\/\\\/www.bellunopress.it\\\/2020\\\/01\\\/03\\\/grazie-ai-reparti-di-ostetricia-ginecologia-e-di-pediatria-e-a-tutto-il-loro-personale-dalle-neo-mamme\\\/\"},\"author\":{\"name\":\"redazione\",\"@id\":\"https:\\\/\\\/www.bellunopress.it\\\/#\\\/schema\\\/person\\\/79bb06722b37ece1c03d3e94beb30d73\"},\"headline\":\"Grazie ai Reparti di Ostetricia-Ginecologia e di Pediatria e a tutto il loro personale, dalle neo-mamme\",\"datePublished\":\"2020-01-03T11:29:46+00:00\",\"mainEntityOfPage\":{\"@id\":\"https:\\\/\\\/www.bellunopress.it\\\/2020\\\/01\\\/03\\\/grazie-ai-reparti-di-ostetricia-ginecologia-e-di-pediatria-e-a-tutto-il-loro-personale-dalle-neo-mamme\\\/\"},\"wordCount\":298,\"publisher\":{\"@id\":\"https:\\\/\\\/www.bellunopress.it\\\/#organization\"},\"image\":{\"@id\":\"https:\\\/\\\/www.bellunopress.it\\\/2020\\\/01\\\/03\\\/grazie-ai-reparti-di-ostetricia-ginecologia-e-di-pediatria-e-a-tutto-il-loro-personale-dalle-neo-mamme\\\/#primaryimage\"},\"thumbnailUrl\":\"http:\\\/\\\/www.bellunopress.it\\\/wp-content\\\/uploads\\\/2019\\\/10\\\/ospedale-bl.jpg\",\"articleSection\":[\"Lettere Opinioni\",\"Prima Pagina\",\"Sanit\u00e0 Medicina\"],\"inLanguage\":\"fr-FR\"},{\"@type\":\"WebPage\",\"@id\":\"https:\\\/\\\/www.bellunopress.it\\\/2020\\\/01\\\/03\\\/grazie-ai-reparti-di-ostetricia-ginecologia-e-di-pediatria-e-a-tutto-il-loro-personale-dalle-neo-mamme\\\/\",\"url\":\"https:\\\/\\\/www.bellunopress.it\\\/2020\\\/01\\\/03\\\/grazie-ai-reparti-di-ostetricia-ginecologia-e-di-pediatria-e-a-tutto-il-loro-personale-dalle-neo-mamme\\\/\",\"name\":\"Grazie ai Reparti di Ostetricia-Ginecologia e di Pediatria e a tutto il loro personale, dalle neo-mamme - Bellunopress - Dolomiti\",\"isPartOf\":{\"@id\":\"https:\\\/\\\/www.bellunopress.it\\\/#website\"},\"primaryImageOfPage\":{\"@id\":\"https:\\\/\\\/www.bellunopress.it\\\/2020\\\/01\\\/03\\\/grazie-ai-reparti-di-ostetricia-ginecologia-e-di-pediatria-e-a-tutto-il-loro-personale-dalle-neo-mamme\\\/#primaryimage\"},\"image\":{\"@id\":\"https:\\\/\\\/www.bellunopress.it\\\/2020\\\/01\\\/03\\\/grazie-ai-reparti-di-ostetricia-ginecologia-e-di-pediatria-e-a-tutto-il-loro-personale-dalle-neo-mamme\\\/#primaryimage\"},\"thumbnailUrl\":\"http:\\\/\\\/www.bellunopress.it\\\/wp-content\\\/uploads\\\/2019\\\/10\\\/ospedale-bl.jpg\",\"datePublished\":\"2020-01-03T11:29:46+00:00\",\"breadcrumb\":{\"@id\":\"https:\\\/\\\/www.bellunopress.it\\\/2020\\\/01\\\/03\\\/grazie-ai-reparti-di-ostetricia-ginecologia-e-di-pediatria-e-a-tutto-il-loro-personale-dalle-neo-mamme\\\/#breadcrumb\"},\"inLanguage\":\"fr-FR\",\"potentialAction\":[{\"@type\":\"ReadAction\",\"target\":[\"https:\\\/\\\/www.bellunopress.it\\\/2020\\\/01\\\/03\\\/grazie-ai-reparti-di-ostetricia-ginecologia-e-di-pediatria-e-a-tutto-il-loro-personale-dalle-neo-mamme\\\/\"]}]},{\"@type\":\"ImageObject\",\"inLanguage\":\"fr-FR\",\"@id\":\"https:\\\/\\\/www.bellunopress.it\\\/2020\\\/01\\\/03\\\/grazie-ai-reparti-di-ostetricia-ginecologia-e-di-pediatria-e-a-tutto-il-loro-personale-dalle-neo-mamme\\\/#primaryimage\",\"url\":\"http:\\\/\\\/www.bellunopress.it\\\/wp-content\\\/uploads\\\/2019\\\/10\\\/ospedale-bl.jpg\",\"contentUrl\":\"http:\\\/\\\/www.bellunopress.it\\\/wp-content\\\/uploads\\\/2019\\\/10\\\/ospedale-bl.jpg\"},{\"@type\":\"BreadcrumbList\",\"@id\":\"https:\\\/\\\/www.bellunopress.it\\\/2020\\\/01\\\/03\\\/grazie-ai-reparti-di-ostetricia-ginecologia-e-di-pediatria-e-a-tutto-il-loro-personale-dalle-neo-mamme\\\/#breadcrumb\",\"itemListElement\":[{\"@type\":\"ListItem\",\"position\":1,\"name\":\"Home\",\"item\":\"https:\\\/\\\/www.bellunopress.it\\\/\"},{\"@type\":\"ListItem\",\"position\":2,\"name\":\"Grazie ai Reparti di Ostetricia-Ginecologia e di Pediatria e a tutto il loro personale, dalle neo-mamme\"}]},{\"@type\":\"WebSite\",\"@id\":\"https:\\\/\\\/www.bellunopress.it\\\/#website\",\"url\":\"https:\\\/\\\/www.bellunopress.it\\\/\",\"name\":\"Bellunopress - Dolomiti\",\"description\":\"e-mail: redazione@bellunopress.it\",\"publisher\":{\"@id\":\"https:\\\/\\\/www.bellunopress.it\\\/#organization\"},\"potentialAction\":[{\"@type\":\"SearchAction\",\"target\":{\"@type\":\"EntryPoint\",\"urlTemplate\":\"https:\\\/\\\/www.bellunopress.it\\\/?s={search_term_string}\"},\"query-input\":{\"@type\":\"PropertyValueSpecification\",\"valueRequired\":true,\"valueName\":\"search_term_string\"}}],\"inLanguage\":\"fr-FR\"},{\"@type\":\"Organization\",\"@id\":\"https:\\\/\\\/www.bellunopress.it\\\/#organization\",\"name\":\"Bellunopress\",\"url\":\"https:\\\/\\\/www.bellunopress.it\\\/\",\"logo\":{\"@type\":\"ImageObject\",\"inLanguage\":\"fr-FR\",\"@id\":\"https:\\\/\\\/www.bellunopress.it\\\/#\\\/schema\\\/logo\\\/image\\\/\",\"url\":\"https:\\\/\\\/www.bellunopress.it\\\/wp-content\\\/uploads\\\/2011\\\/05\\\/cropped-logo-bellunopress-.jpg\",\"contentUrl\":\"https:\\\/\\\/www.bellunopress.it\\\/wp-content\\\/uploads\\\/2011\\\/05\\\/cropped-logo-bellunopress-.jpg\",\"width\":512,\"height\":512,\"caption\":\"Bellunopress\"},\"image\":{\"@id\":\"https:\\\/\\\/www.bellunopress.it\\\/#\\\/schema\\\/logo\\\/image\\\/\"},\"sameAs\":[\"https:\\\/\\\/www.facebook.com\\\/profile.php?id=100008943462799\",\"https:\\\/\\\/x.com\\\/bellunopress\",\"https:\\\/\\\/www.linkedin.com\\\/hp\\\/?dnr=JBzUWaJfMUw8vbXJJ2tVW5-I3jZKvC4wsoxE&amp;amp;amp;amp;amp;amp;trk=nav_responsive_tab_home\",\"https:\\\/\\\/www.youtube.com\\\/channel\\\/UCxL0wu1uN0_3_7hGG0306cw\"]},{\"@type\":\"Person\",\"@id\":\"https:\\\/\\\/www.bellunopress.it\\\/#\\\/schema\\\/person\\\/79bb06722b37ece1c03d3e94beb30d73\",\"name\":\"redazione\",\"image\":{\"@type\":\"ImageObject\",\"inLanguage\":\"fr-FR\",\"@id\":\"https:\\\/\\\/secure.gravatar.com\\\/avatar\\\/37d968a2e67a6fd04c169c4bdef102d0bc5d31b2546345219e348575eb80e9a0?s=96&d=mm&r=g\",\"url\":\"https:\\\/\\\/secure.gravatar.com\\\/avatar\\\/37d968a2e67a6fd04c169c4bdef102d0bc5d31b2546345219e348575eb80e9a0?s=96&d=mm&r=g\",\"contentUrl\":\"https:\\\/\\\/secure.gravatar.com\\\/avatar\\\/37d968a2e67a6fd04c169c4bdef102d0bc5d31b2546345219e348575eb80e9a0?s=96&d=mm&r=g\",\"caption\":\"redazione\"},\"sameAs\":[\"http:\\\/\\\/www.bellunopress.it\",\"https:\\\/\\\/x.com\\\/bellunopress\"],\"url\":\"https:\\\/\\\/www.bellunopress.it\\\/fr\\\/author\\\/redazione\\\/\"}]}<\/script>\n<!-- \/ Yoast SEO plugin. -->","yoast_head_json":{"title":"Grazie ai Reparti di Ostetricia-Ginecologia e di Pediatria e a tutto il loro personale, dalle neo-mamme - Bellunopress - Dolomiti","robots":{"index":"index","follow":"follow","max-snippet":"max-snippet:-1","max-image-preview":"max-image-preview:large","max-video-preview":"max-video-preview:-1"},"canonical":"https:\/\/www.bellunopress.it\/fr\/2020\/01\/03\/grazie-ai-reparti-di-ostetricia-ginecologia-e-di-pediatria-e-a-tutto-il-loro-personale-dalle-neo-mamme\/","og_locale":"fr_FR","og_type":"article","og_title":"Grazie ai Reparti di Ostetricia-Ginecologia e di Pediatria e a tutto il loro personale, dalle neo-mamme - Bellunopress - Dolomiti","og_description":"\u201cFa molto pi\u00f9 rumore un albero che cade di una foresta che cresce\u201d, recita un detto popolare, cui non si pu\u00f2 che dar credito. Ce ne siamo accorte bene noi neo-mamme, che siamo state seguite durante la nostra gravidanza e per il parto dalle Unit\u00e0 di Ostetricia-ginecologia e Pediatria dell&#8217;Ospedale San Martino di Belluno. Tutta [&hellip;]","og_url":"https:\/\/www.bellunopress.it\/fr\/2020\/01\/03\/grazie-ai-reparti-di-ostetricia-ginecologia-e-di-pediatria-e-a-tutto-il-loro-personale-dalle-neo-mamme\/","og_site_name":"Bellunopress - Dolomiti","article_publisher":"https:\/\/www.facebook.com\/profile.php?id=100008943462799","article_published_time":"2020-01-03T11:29:46+00:00","og_image":[{"url":"http:\/\/www.bellunopress.it\/wp-content\/uploads\/2019\/10\/ospedale-bl.jpg","type":"","width":"","height":""}],"author":"redazione","twitter_card":"summary_large_image","twitter_creator":"@bellunopress","twitter_site":"@bellunopress","twitter_misc":{"\u00c9crit par":"redazione","Dur\u00e9e de lecture estim\u00e9e":"1 minute"},"schema":{"@context":"https:\/\/schema.org","@graph":[{"@type":"Article","@id":"https:\/\/www.bellunopress.it\/2020\/01\/03\/grazie-ai-reparti-di-ostetricia-ginecologia-e-di-pediatria-e-a-tutto-il-loro-personale-dalle-neo-mamme\/#article","isPartOf":{"@id":"https:\/\/www.bellunopress.it\/2020\/01\/03\/grazie-ai-reparti-di-ostetricia-ginecologia-e-di-pediatria-e-a-tutto-il-loro-personale-dalle-neo-mamme\/"},"author":{"name":"redazione","@id":"https:\/\/www.bellunopress.it\/#\/schema\/person\/79bb06722b37ece1c03d3e94beb30d73"},"headline":"Grazie ai Reparti di Ostetricia-Ginecologia e di Pediatria e a tutto il loro personale, dalle neo-mamme","datePublished":"2020-01-03T11:29:46+00:00","mainEntityOfPage":{"@id":"https:\/\/www.bellunopress.it\/2020\/01\/03\/grazie-ai-reparti-di-ostetricia-ginecologia-e-di-pediatria-e-a-tutto-il-loro-personale-dalle-neo-mamme\/"},"wordCount":298,"publisher":{"@id":"https:\/\/www.bellunopress.it\/#organization"},"image":{"@id":"https:\/\/www.bellunopress.it\/2020\/01\/03\/grazie-ai-reparti-di-ostetricia-ginecologia-e-di-pediatria-e-a-tutto-il-loro-personale-dalle-neo-mamme\/#primaryimage"},"thumbnailUrl":"http:\/\/www.bellunopress.it\/wp-content\/uploads\/2019\/10\/ospedale-bl.jpg","articleSection":["Lettere Opinioni","Prima Pagina","Sanit\u00e0 Medicina"],"inLanguage":"fr-FR"},{"@type":"WebPage","@id":"https:\/\/www.bellunopress.it\/2020\/01\/03\/grazie-ai-reparti-di-ostetricia-ginecologia-e-di-pediatria-e-a-tutto-il-loro-personale-dalle-neo-mamme\/","url":"https:\/\/www.bellunopress.it\/2020\/01\/03\/grazie-ai-reparti-di-ostetricia-ginecologia-e-di-pediatria-e-a-tutto-il-loro-personale-dalle-neo-mamme\/","name":"Grazie ai Reparti di Ostetricia-Ginecologia e di Pediatria e a tutto il loro personale, dalle neo-mamme - Bellunopress - Dolomiti","isPartOf":{"@id":"https:\/\/www.bellunopress.it\/#website"},"primaryImageOfPage":{"@id":"https:\/\/www.bellunopress.it\/2020\/01\/03\/grazie-ai-reparti-di-ostetricia-ginecologia-e-di-pediatria-e-a-tutto-il-loro-personale-dalle-neo-mamme\/#primaryimage"},"image":{"@id":"https:\/\/www.bellunopress.it\/2020\/01\/03\/grazie-ai-reparti-di-ostetricia-ginecologia-e-di-pediatria-e-a-tutto-il-loro-personale-dalle-neo-mamme\/#primaryimage"},"thumbnailUrl":"http:\/\/www.bellunopress.it\/wp-content\/uploads\/2019\/10\/ospedale-bl.jpg","datePublished":"2020-01-03T11:29:46+00:00","breadcrumb":{"@id":"https:\/\/www.bellunopress.it\/2020\/01\/03\/grazie-ai-reparti-di-ostetricia-ginecologia-e-di-pediatria-e-a-tutto-il-loro-personale-dalle-neo-mamme\/#breadcrumb"},"inLanguage":"fr-FR","potentialAction":[{"@type":"ReadAction","target":["https:\/\/www.bellunopress.it\/2020\/01\/03\/grazie-ai-reparti-di-ostetricia-ginecologia-e-di-pediatria-e-a-tutto-il-loro-personale-dalle-neo-mamme\/"]}]},{"@type":"ImageObject","inLanguage":"fr-FR","@id":"https:\/\/www.bellunopress.it\/2020\/01\/03\/grazie-ai-reparti-di-ostetricia-ginecologia-e-di-pediatria-e-a-tutto-il-loro-personale-dalle-neo-mamme\/#primaryimage","url":"http:\/\/www.bellunopress.it\/wp-content\/uploads\/2019\/10\/ospedale-bl.jpg","contentUrl":"http:\/\/www.bellunopress.it\/wp-content\/uploads\/2019\/10\/ospedale-bl.jpg"},{"@type":"BreadcrumbList","@id":"https:\/\/www.bellunopress.it\/2020\/01\/03\/grazie-ai-reparti-di-ostetricia-ginecologia-e-di-pediatria-e-a-tutto-il-loro-personale-dalle-neo-mamme\/#breadcrumb","itemListElement":[{"@type":"ListItem","position":1,"name":"Home","item":"https:\/\/www.bellunopress.it\/"},{"@type":"ListItem","position":2,"name":"Grazie ai Reparti di Ostetricia-Ginecologia e di Pediatria e a tutto il loro personale, dalle neo-mamme"}]},{"@type":"WebSite","@id":"https:\/\/www.bellunopress.it\/#website","url":"https:\/\/www.bellunopress.it\/","name":"Bellunopress - Dolomiti","description":"e-mail: redazione@bellunopress.it","publisher":{"@id":"https:\/\/www.bellunopress.it\/#organization"},"potentialAction":[{"@type":"SearchAction","target":{"@type":"EntryPoint","urlTemplate":"https:\/\/www.bellunopress.it\/?s={search_term_string}"},"query-input":{"@type":"PropertyValueSpecification","valueRequired":true,"valueName":"search_term_string"}}],"inLanguage":"fr-FR"},{"@type":"Organization","@id":"https:\/\/www.bellunopress.it\/#organization","name":"Bellunopress","url":"https:\/\/www.bellunopress.it\/","logo":{"@type":"ImageObject","inLanguage":"fr-FR","@id":"https:\/\/www.bellunopress.it\/#\/schema\/logo\/image\/","url":"https:\/\/www.bellunopress.it\/wp-content\/uploads\/2011\/05\/cropped-logo-bellunopress-.jpg","contentUrl":"https:\/\/www.bellunopress.it\/wp-content\/uploads\/2011\/05\/cropped-logo-bellunopress-.jpg","width":512,"height":512,"caption":"Bellunopress"},"image":{"@id":"https:\/\/www.bellunopress.it\/#\/schema\/logo\/image\/"},"sameAs":["https:\/\/www.facebook.com\/profile.php?id=100008943462799","https:\/\/x.com\/bellunopress","https:\/\/www.linkedin.com\/hp\/?dnr=JBzUWaJfMUw8vbXJJ2tVW5-I3jZKvC4wsoxE&amp;amp;amp;amp;amp;amp;trk=nav_responsive_tab_home","https:\/\/www.youtube.com\/channel\/UCxL0wu1uN0_3_7hGG0306cw"]},{"@type":"Person","@id":"https:\/\/www.bellunopress.it\/#\/schema\/person\/79bb06722b37ece1c03d3e94beb30d73","name":"r\u00e9daction","image":{"@type":"ImageObject","inLanguage":"fr-FR","@id":"https:\/\/secure.gravatar.com\/avatar\/37d968a2e67a6fd04c169c4bdef102d0bc5d31b2546345219e348575eb80e9a0?s=96&d=mm&r=g","url":"https:\/\/secure.gravatar.com\/avatar\/37d968a2e67a6fd04c169c4bdef102d0bc5d31b2546345219e348575eb80e9a0?s=96&d=mm&r=g","contentUrl":"https:\/\/secure.gravatar.com\/avatar\/37d968a2e67a6fd04c169c4bdef102d0bc5d31b2546345219e348575eb80e9a0?s=96&d=mm&r=g","caption":"redazione"},"sameAs":["http:\/\/www.bellunopress.it","https:\/\/x.com\/bellunopress"],"url":"https:\/\/www.bellunopress.it\/fr\/author\/redazione\/"}]}},"_links":{"self":[{"href":"https:\/\/www.bellunopress.it\/fr\/wp-json\/wp\/v2\/posts\/110935","targetHints":{"allow":["GET"]}}],"collection":[{"href":"https:\/\/www.bellunopress.it\/fr\/wp-json\/wp\/v2\/posts"}],"about":[{"href":"https:\/\/www.bellunopress.it\/fr\/wp-json\/wp\/v2\/types\/post"}],"author":[{"embeddable":true,"href":"https:\/\/www.bellunopress.it\/fr\/wp-json\/wp\/v2\/users\/2"}],"replies":[{"embeddable":true,"href":"https:\/\/www.bellunopress.it\/fr\/wp-json\/wp\/v2\/comments?post=110935"}],"version-history":[{"count":1,"href":"https:\/\/www.bellunopress.it\/fr\/wp-json\/wp\/v2\/posts\/110935\/revisions"}],"predecessor-version":[{"id":110936,"href":"https:\/\/www.bellunopress.it\/fr\/wp-json\/wp\/v2\/posts\/110935\/revisions\/110936"}],"wp:attachment":[{"href":"https:\/\/www.bellunopress.it\/fr\/wp-json\/wp\/v2\/media?parent=110935"}],"wp:term":[{"taxonomy":"category","embeddable":true,"href":"https:\/\/www.bellunopress.it\/fr\/wp-json\/wp\/v2\/categories?post=110935"},{"taxonomy":"post_tag","embeddable":true,"href":"https:\/\/www.bellunopress.it\/fr\/wp-json\/wp\/v2\/tags?post=110935"}],"curies":[{"name":"wp","href":"https:\/\/api.w.org\/{rel}","templated":true}]}}