{"id":110893,"date":"2020-01-01T13:54:14","date_gmt":"2020-01-01T12:54:14","guid":{"rendered":"http:\/\/www.bellunopress.it\/?p=110893"},"modified":"2020-01-01T13:54:15","modified_gmt":"2020-01-01T12:54:15","slug":"blu-club-la-nuova-movida-di-cortina","status":"publish","type":"post","link":"https:\/\/www.bellunopress.it\/fr\/2020\/01\/01\/blu-club-la-nuova-movida-di-cortina\/","title":{"rendered":"Blu Club, la nuova movida di Cortina"},"content":{"rendered":"<p>Gestione a Lobby Agency, che rappresenta locali tra Milano Marittima, Padova, Treviso e Jesolo. Si inaugura il 27 dicembre, si chiude il 2 gennaio. La notte di Capodanno, Vida Loca, Il Pagante e Toy Room da Londra. Riccardo Checchin: &#8220;Pubblico adulto e stile, ecco la nostra ricetta per la nuova movida di Cortina&#8221;<\/p>\n<p><a href=\"http:\/\/www.bellunopress.it\/fr\/2020\/01\/01\/blu-club-la-nuova-movida-di-cortina\/blu-club-cortina-5\/\" rel=\"attachment wp-att-110894\"><img loading=\"lazy\" decoding=\"async\" class=\"alignleft size-full wp-image-110894\" src=\"http:\/\/www.bellunopress.it\/wp-content\/uploads\/2020\/01\/Blu-Club-Cortina-5.jpg\" alt=\"\" width=\"300\" height=\"199\" \/><\/a>Certi luoghi hanno una vita propria. Certi locali hanno una storia talmente potente da rimanere scolpiti nell&#8217;immaginario di chi li ha vissuti. E se c&#8217;\u00e8 una discoteca che rappresenta l&#8217;anima di un paese, a Cortina d&#8217;Ampezzo stiamo parlando del Blu Club, che riapre straordinariamente in questo periodo di feste dal 27 dicembre al 2 gennaio. Una settimana di eventi glamour e pop che riflettono le nuove tendenze della movida Cortinese, una micro-stagione che si innesta in una storia lunga pi\u00f9 di mezzo secolo.<\/p>\n<p>Erano infatti i primi anni Sessanta quando questa leggendaria discoteca apr\u00ec i battenti. Era il &#8220;Garage Club&#8221; e la Cortina dei vip e della movida da subito lo consider\u00f2 lo spazio perfetto dove sfogare la propria energia vitale. Gli anni passarono, il locale poi prese il nome di Bobo, poi ancora divenne Metro, Blue Room e Cashmire.<\/p>\n<p>Fino all&#8217;ultima evoluzione, la perfetta sincronia di cocktail e pista da ballo: ecco il Blu Club. Una nuova era per lo storico locale di Largo Poste: la direzione artistica \u00e8 stata affidata a Lobby Agency, agenzia di pubbliche relazioni di origine padovana che opera settore dell&#8217;event management da dieci anni che segue gi\u00e0 locali di spicco. Alcuni nomi? Il Storya a Padova, il Radika a Treviso, lo Hierbas nelle due sedi di Jesolo e Milano marittima, sempre a Jesolo c&#8217;\u00e8 il Kings, senza poi dimenticare l&#8217;Amis a Vicenza, il Playa Loca a Castelfranco Veneto e il Sand Beach a Sottomarina.<\/p>\n<p>La programmazione artistica \u00e8 stata pensata per gli ospiti vip della settimana bianca, per chi tra Natale e Capodanno vivr\u00e0 la via dello struscio della Regina delle Dolomiti. Una line up che mischia live a consolle al passo con i tempi e che propone alcuni tra i format pi\u00f9 famosi d&#8217;Europa come il Toy Room Londra e il super ballato Vidaloca. Ma anche la band &#8220;Il pagante&#8221; idolo delle folle con hit come Pettiner\u00f2 o la recentissima Settimana Bianca. Senza dimenticare una programmazione speciale per l&#8217;ultimo giorno dell&#8217;anno all&#8217;insegna del divertimento e dello stile.<\/p>\n<p>&#8220;Abbiamo deciso di avviare una nuova esperienza di intrattenimento nella citt\u00e0 simbolo del glamour invernale, in particolare sotto le feste&#8221;, spiega Riccardo Checchin per Lobby Agency. &#8220;Il nostro sar\u00e0 un club icona di stile e raffinatezza riservato esclusivamente ad una clientela adulta e selezionata. Una avventura che inizia adesso, ma che sogniamo di stabilizzare e di portare avanti anche nei week end di gennaio e di febbraio&#8221;.<\/p>\n<p>Ecco le date e la programmazione di questa settimana di eventi, tutti programmati in Galleria Nuovo Centro 8 (contatti: 392 935 4747), a Cortina d&#8217;Ampezzo. Venerd\u00ec 27 dicembre Opening Party, il giorno dopo alla consolle il format Vida Loca, domenica 29 dicembre da Londra arriver\u00e0 Toy Room. Locale aperto anche il 30 dicembre, l&#8217;ultima notte dell&#8217;anno \u00e8 in agenda l&#8217;attesissimo New Year&#8217;s Eve Party e si inizia poi alla grande il 2020: il primo dell&#8217;anno Il Pagante e marted\u00ec 2 gennaio il Closing Party.<\/p>","protected":false},"excerpt":{"rendered":"<p>Gestione a Lobby Agency, che rappresenta locali tra Milano Marittima, Padova, Treviso e Jesolo. Si inaugura il 27 dicembre, si chiude il 2 gennaio. La notte di Capodanno, Vida Loca, Il Pagante e Toy Room da Londra. Riccardo Checchin: &#8220;Pubblico adulto e stile, ecco la nostra ricetta per la nuova movida di Cortina&#8221; Certi luoghi [&hellip;]<\/p>\n","protected":false},"author":2,"featured_media":0,"comment_status":"closed","ping_status":"open","sticky":false,"template":"","format":"standard","meta":{"footnotes":""},"categories":[27,25,4],"tags":[],"class_list":["post-110893","post","type-post","status-publish","format-standard","category-appuntamenti","category-pausa-caffe","category-sport"],"yoast_head":"<!-- This site is optimized with the Yoast SEO plugin v28.4 - https:\/\/yoast.com\/product\/yoast-seo-wordpress\/ -->\n<title>Blu Club, la nuova movida di Cortina - Bellunopress - Dolomiti<\/title>\n<meta name=\"robots\" content=\"index, follow, max-snippet:-1, max-image-preview:large, max-video-preview:-1\" \/>\n<link rel=\"canonical\" href=\"https:\/\/www.bellunopress.it\/fr\/2020\/01\/01\/blu-club-la-nuova-movida-di-cortina\/\" \/>\n<meta property=\"og:locale\" content=\"fr_FR\" \/>\n<meta property=\"og:type\" content=\"article\" \/>\n<meta property=\"og:title\" content=\"Blu Club, la nuova movida di Cortina - Bellunopress - Dolomiti\" \/>\n<meta property=\"og:description\" content=\"Gestione a Lobby Agency, che rappresenta locali tra Milano Marittima, Padova, Treviso e Jesolo. Si inaugura il 27 dicembre, si chiude il 2 gennaio. La notte di Capodanno, Vida Loca, Il Pagante e Toy Room da Londra. Riccardo Checchin: &#8220;Pubblico adulto e stile, ecco la nostra ricetta per la nuova movida di Cortina&#8221; Certi luoghi [&hellip;]\" \/>\n<meta property=\"og:url\" content=\"https:\/\/www.bellunopress.it\/fr\/2020\/01\/01\/blu-club-la-nuova-movida-di-cortina\/\" \/>\n<meta property=\"og:site_name\" content=\"Bellunopress - Dolomiti\" \/>\n<meta property=\"article:publisher\" content=\"https:\/\/www.facebook.com\/profile.php?id=100008943462799\" \/>\n<meta property=\"article:published_time\" content=\"2020-01-01T12:54:14+00:00\" \/>\n<meta property=\"article:modified_time\" content=\"2020-01-01T12:54:15+00:00\" \/>\n<meta property=\"og:image\" content=\"http:\/\/www.bellunopress.it\/wp-content\/uploads\/2020\/01\/Blu-Club-Cortina-5.jpg\" \/>\n<meta name=\"author\" content=\"redazione\" \/>\n<meta name=\"twitter:card\" content=\"summary_large_image\" \/>\n<meta name=\"twitter:creator\" content=\"@bellunopress\" \/>\n<meta name=\"twitter:site\" content=\"@bellunopress\" \/>\n<meta name=\"twitter:label1\" content=\"\u00c9crit par\" \/>\n\t<meta name=\"twitter:data1\" content=\"redazione\" \/>\n\t<meta name=\"twitter:label2\" content=\"Dur\u00e9e de lecture estim\u00e9e\" \/>\n\t<meta name=\"twitter:data2\" content=\"3 minutes\" \/>\n<script type=\"application\/ld+json\" class=\"yoast-schema-graph\">{\"@context\":\"https:\\\/\\\/schema.org\",\"@graph\":[{\"@type\":\"Article\",\"@id\":\"https:\\\/\\\/www.bellunopress.it\\\/2020\\\/01\\\/01\\\/blu-club-la-nuova-movida-di-cortina\\\/#article\",\"isPartOf\":{\"@id\":\"https:\\\/\\\/www.bellunopress.it\\\/2020\\\/01\\\/01\\\/blu-club-la-nuova-movida-di-cortina\\\/\"},\"author\":{\"name\":\"redazione\",\"@id\":\"https:\\\/\\\/www.bellunopress.it\\\/#\\\/schema\\\/person\\\/79bb06722b37ece1c03d3e94beb30d73\"},\"headline\":\"Blu Club, la nuova movida di Cortina\",\"datePublished\":\"2020-01-01T12:54:14+00:00\",\"dateModified\":\"2020-01-01T12:54:15+00:00\",\"mainEntityOfPage\":{\"@id\":\"https:\\\/\\\/www.bellunopress.it\\\/2020\\\/01\\\/01\\\/blu-club-la-nuova-movida-di-cortina\\\/\"},\"wordCount\":545,\"publisher\":{\"@id\":\"https:\\\/\\\/www.bellunopress.it\\\/#organization\"},\"image\":{\"@id\":\"https:\\\/\\\/www.bellunopress.it\\\/2020\\\/01\\\/01\\\/blu-club-la-nuova-movida-di-cortina\\\/#primaryimage\"},\"thumbnailUrl\":\"http:\\\/\\\/www.bellunopress.it\\\/wp-content\\\/uploads\\\/2020\\\/01\\\/Blu-Club-Cortina-5.jpg\",\"articleSection\":[\"Appuntamenti, Eventi\",\"Pausa Caff\u00e8\",\"Sport, tempo libero\"],\"inLanguage\":\"fr-FR\"},{\"@type\":\"WebPage\",\"@id\":\"https:\\\/\\\/www.bellunopress.it\\\/2020\\\/01\\\/01\\\/blu-club-la-nuova-movida-di-cortina\\\/\",\"url\":\"https:\\\/\\\/www.bellunopress.it\\\/2020\\\/01\\\/01\\\/blu-club-la-nuova-movida-di-cortina\\\/\",\"name\":\"Blu Club, la nuova movida di Cortina - Bellunopress - Dolomiti\",\"isPartOf\":{\"@id\":\"https:\\\/\\\/www.bellunopress.it\\\/#website\"},\"primaryImageOfPage\":{\"@id\":\"https:\\\/\\\/www.bellunopress.it\\\/2020\\\/01\\\/01\\\/blu-club-la-nuova-movida-di-cortina\\\/#primaryimage\"},\"image\":{\"@id\":\"https:\\\/\\\/www.bellunopress.it\\\/2020\\\/01\\\/01\\\/blu-club-la-nuova-movida-di-cortina\\\/#primaryimage\"},\"thumbnailUrl\":\"http:\\\/\\\/www.bellunopress.it\\\/wp-content\\\/uploads\\\/2020\\\/01\\\/Blu-Club-Cortina-5.jpg\",\"datePublished\":\"2020-01-01T12:54:14+00:00\",\"dateModified\":\"2020-01-01T12:54:15+00:00\",\"breadcrumb\":{\"@id\":\"https:\\\/\\\/www.bellunopress.it\\\/2020\\\/01\\\/01\\\/blu-club-la-nuova-movida-di-cortina\\\/#breadcrumb\"},\"inLanguage\":\"fr-FR\",\"potentialAction\":[{\"@type\":\"ReadAction\",\"target\":[\"https:\\\/\\\/www.bellunopress.it\\\/2020\\\/01\\\/01\\\/blu-club-la-nuova-movida-di-cortina\\\/\"]}]},{\"@type\":\"ImageObject\",\"inLanguage\":\"fr-FR\",\"@id\":\"https:\\\/\\\/www.bellunopress.it\\\/2020\\\/01\\\/01\\\/blu-club-la-nuova-movida-di-cortina\\\/#primaryimage\",\"url\":\"http:\\\/\\\/www.bellunopress.it\\\/wp-content\\\/uploads\\\/2020\\\/01\\\/Blu-Club-Cortina-5.jpg\",\"contentUrl\":\"http:\\\/\\\/www.bellunopress.it\\\/wp-content\\\/uploads\\\/2020\\\/01\\\/Blu-Club-Cortina-5.jpg\"},{\"@type\":\"BreadcrumbList\",\"@id\":\"https:\\\/\\\/www.bellunopress.it\\\/2020\\\/01\\\/01\\\/blu-club-la-nuova-movida-di-cortina\\\/#breadcrumb\",\"itemListElement\":[{\"@type\":\"ListItem\",\"position\":1,\"name\":\"Home\",\"item\":\"https:\\\/\\\/www.bellunopress.it\\\/\"},{\"@type\":\"ListItem\",\"position\":2,\"name\":\"Blu Club, la nuova movida di Cortina\"}]},{\"@type\":\"WebSite\",\"@id\":\"https:\\\/\\\/www.bellunopress.it\\\/#website\",\"url\":\"https:\\\/\\\/www.bellunopress.it\\\/\",\"name\":\"Bellunopress - Dolomiti\",\"description\":\"e-mail: redazione@bellunopress.it\",\"publisher\":{\"@id\":\"https:\\\/\\\/www.bellunopress.it\\\/#organization\"},\"potentialAction\":[{\"@type\":\"SearchAction\",\"target\":{\"@type\":\"EntryPoint\",\"urlTemplate\":\"https:\\\/\\\/www.bellunopress.it\\\/?s={search_term_string}\"},\"query-input\":{\"@type\":\"PropertyValueSpecification\",\"valueRequired\":true,\"valueName\":\"search_term_string\"}}],\"inLanguage\":\"fr-FR\"},{\"@type\":\"Organization\",\"@id\":\"https:\\\/\\\/www.bellunopress.it\\\/#organization\",\"name\":\"Bellunopress\",\"url\":\"https:\\\/\\\/www.bellunopress.it\\\/\",\"logo\":{\"@type\":\"ImageObject\",\"inLanguage\":\"fr-FR\",\"@id\":\"https:\\\/\\\/www.bellunopress.it\\\/#\\\/schema\\\/logo\\\/image\\\/\",\"url\":\"https:\\\/\\\/www.bellunopress.it\\\/wp-content\\\/uploads\\\/2011\\\/05\\\/cropped-logo-bellunopress-.jpg\",\"contentUrl\":\"https:\\\/\\\/www.bellunopress.it\\\/wp-content\\\/uploads\\\/2011\\\/05\\\/cropped-logo-bellunopress-.jpg\",\"width\":512,\"height\":512,\"caption\":\"Bellunopress\"},\"image\":{\"@id\":\"https:\\\/\\\/www.bellunopress.it\\\/#\\\/schema\\\/logo\\\/image\\\/\"},\"sameAs\":[\"https:\\\/\\\/www.facebook.com\\\/profile.php?id=100008943462799\",\"https:\\\/\\\/x.com\\\/bellunopress\",\"https:\\\/\\\/www.linkedin.com\\\/hp\\\/?dnr=JBzUWaJfMUw8vbXJJ2tVW5-I3jZKvC4wsoxE&amp;amp;amp;amp;amp;amp;trk=nav_responsive_tab_home\",\"https:\\\/\\\/www.youtube.com\\\/channel\\\/UCxL0wu1uN0_3_7hGG0306cw\"]},{\"@type\":\"Person\",\"@id\":\"https:\\\/\\\/www.bellunopress.it\\\/#\\\/schema\\\/person\\\/79bb06722b37ece1c03d3e94beb30d73\",\"name\":\"redazione\",\"image\":{\"@type\":\"ImageObject\",\"inLanguage\":\"fr-FR\",\"@id\":\"https:\\\/\\\/secure.gravatar.com\\\/avatar\\\/37d968a2e67a6fd04c169c4bdef102d0bc5d31b2546345219e348575eb80e9a0?s=96&d=mm&r=g\",\"url\":\"https:\\\/\\\/secure.gravatar.com\\\/avatar\\\/37d968a2e67a6fd04c169c4bdef102d0bc5d31b2546345219e348575eb80e9a0?s=96&d=mm&r=g\",\"contentUrl\":\"https:\\\/\\\/secure.gravatar.com\\\/avatar\\\/37d968a2e67a6fd04c169c4bdef102d0bc5d31b2546345219e348575eb80e9a0?s=96&d=mm&r=g\",\"caption\":\"redazione\"},\"sameAs\":[\"http:\\\/\\\/www.bellunopress.it\",\"https:\\\/\\\/x.com\\\/bellunopress\"],\"url\":\"https:\\\/\\\/www.bellunopress.it\\\/fr\\\/author\\\/redazione\\\/\"}]}<\/script>\n<!-- \/ Yoast SEO plugin. -->","yoast_head_json":{"title":"Blu Club, la nuova movida di Cortina - Bellunopress - Dolomiti","robots":{"index":"index","follow":"follow","max-snippet":"max-snippet:-1","max-image-preview":"max-image-preview:large","max-video-preview":"max-video-preview:-1"},"canonical":"https:\/\/www.bellunopress.it\/fr\/2020\/01\/01\/blu-club-la-nuova-movida-di-cortina\/","og_locale":"fr_FR","og_type":"article","og_title":"Blu Club, la nuova movida di Cortina - Bellunopress - Dolomiti","og_description":"Gestione a Lobby Agency, che rappresenta locali tra Milano Marittima, Padova, Treviso e Jesolo. Si inaugura il 27 dicembre, si chiude il 2 gennaio. La notte di Capodanno, Vida Loca, Il Pagante e Toy Room da Londra. Riccardo Checchin: &#8220;Pubblico adulto e stile, ecco la nostra ricetta per la nuova movida di Cortina&#8221; Certi luoghi [&hellip;]","og_url":"https:\/\/www.bellunopress.it\/fr\/2020\/01\/01\/blu-club-la-nuova-movida-di-cortina\/","og_site_name":"Bellunopress - Dolomiti","article_publisher":"https:\/\/www.facebook.com\/profile.php?id=100008943462799","article_published_time":"2020-01-01T12:54:14+00:00","article_modified_time":"2020-01-01T12:54:15+00:00","og_image":[{"url":"http:\/\/www.bellunopress.it\/wp-content\/uploads\/2020\/01\/Blu-Club-Cortina-5.jpg","type":"","width":"","height":""}],"author":"redazione","twitter_card":"summary_large_image","twitter_creator":"@bellunopress","twitter_site":"@bellunopress","twitter_misc":{"\u00c9crit par":"redazione","Dur\u00e9e de lecture estim\u00e9e":"3 minutes"},"schema":{"@context":"https:\/\/schema.org","@graph":[{"@type":"Article","@id":"https:\/\/www.bellunopress.it\/2020\/01\/01\/blu-club-la-nuova-movida-di-cortina\/#article","isPartOf":{"@id":"https:\/\/www.bellunopress.it\/2020\/01\/01\/blu-club-la-nuova-movida-di-cortina\/"},"author":{"name":"redazione","@id":"https:\/\/www.bellunopress.it\/#\/schema\/person\/79bb06722b37ece1c03d3e94beb30d73"},"headline":"Blu Club, la nuova movida di Cortina","datePublished":"2020-01-01T12:54:14+00:00","dateModified":"2020-01-01T12:54:15+00:00","mainEntityOfPage":{"@id":"https:\/\/www.bellunopress.it\/2020\/01\/01\/blu-club-la-nuova-movida-di-cortina\/"},"wordCount":545,"publisher":{"@id":"https:\/\/www.bellunopress.it\/#organization"},"image":{"@id":"https:\/\/www.bellunopress.it\/2020\/01\/01\/blu-club-la-nuova-movida-di-cortina\/#primaryimage"},"thumbnailUrl":"http:\/\/www.bellunopress.it\/wp-content\/uploads\/2020\/01\/Blu-Club-Cortina-5.jpg","articleSection":["Appuntamenti, Eventi","Pausa Caff\u00e8","Sport, tempo libero"],"inLanguage":"fr-FR"},{"@type":"WebPage","@id":"https:\/\/www.bellunopress.it\/2020\/01\/01\/blu-club-la-nuova-movida-di-cortina\/","url":"https:\/\/www.bellunopress.it\/2020\/01\/01\/blu-club-la-nuova-movida-di-cortina\/","name":"Blu Club, la nuova movida di Cortina - Bellunopress - Dolomiti","isPartOf":{"@id":"https:\/\/www.bellunopress.it\/#website"},"primaryImageOfPage":{"@id":"https:\/\/www.bellunopress.it\/2020\/01\/01\/blu-club-la-nuova-movida-di-cortina\/#primaryimage"},"image":{"@id":"https:\/\/www.bellunopress.it\/2020\/01\/01\/blu-club-la-nuova-movida-di-cortina\/#primaryimage"},"thumbnailUrl":"http:\/\/www.bellunopress.it\/wp-content\/uploads\/2020\/01\/Blu-Club-Cortina-5.jpg","datePublished":"2020-01-01T12:54:14+00:00","dateModified":"2020-01-01T12:54:15+00:00","breadcrumb":{"@id":"https:\/\/www.bellunopress.it\/2020\/01\/01\/blu-club-la-nuova-movida-di-cortina\/#breadcrumb"},"inLanguage":"fr-FR","potentialAction":[{"@type":"ReadAction","target":["https:\/\/www.bellunopress.it\/2020\/01\/01\/blu-club-la-nuova-movida-di-cortina\/"]}]},{"@type":"ImageObject","inLanguage":"fr-FR","@id":"https:\/\/www.bellunopress.it\/2020\/01\/01\/blu-club-la-nuova-movida-di-cortina\/#primaryimage","url":"http:\/\/www.bellunopress.it\/wp-content\/uploads\/2020\/01\/Blu-Club-Cortina-5.jpg","contentUrl":"http:\/\/www.bellunopress.it\/wp-content\/uploads\/2020\/01\/Blu-Club-Cortina-5.jpg"},{"@type":"BreadcrumbList","@id":"https:\/\/www.bellunopress.it\/2020\/01\/01\/blu-club-la-nuova-movida-di-cortina\/#breadcrumb","itemListElement":[{"@type":"ListItem","position":1,"name":"Home","item":"https:\/\/www.bellunopress.it\/"},{"@type":"ListItem","position":2,"name":"Blu Club, la nuova movida di Cortina"}]},{"@type":"WebSite","@id":"https:\/\/www.bellunopress.it\/#website","url":"https:\/\/www.bellunopress.it\/","name":"Bellunopress - Dolomiti","description":"e-mail: redazione@bellunopress.it","publisher":{"@id":"https:\/\/www.bellunopress.it\/#organization"},"potentialAction":[{"@type":"SearchAction","target":{"@type":"EntryPoint","urlTemplate":"https:\/\/www.bellunopress.it\/?s={search_term_string}"},"query-input":{"@type":"PropertyValueSpecification","valueRequired":true,"valueName":"search_term_string"}}],"inLanguage":"fr-FR"},{"@type":"Organization","@id":"https:\/\/www.bellunopress.it\/#organization","name":"Bellunopress","url":"https:\/\/www.bellunopress.it\/","logo":{"@type":"ImageObject","inLanguage":"fr-FR","@id":"https:\/\/www.bellunopress.it\/#\/schema\/logo\/image\/","url":"https:\/\/www.bellunopress.it\/wp-content\/uploads\/2011\/05\/cropped-logo-bellunopress-.jpg","contentUrl":"https:\/\/www.bellunopress.it\/wp-content\/uploads\/2011\/05\/cropped-logo-bellunopress-.jpg","width":512,"height":512,"caption":"Bellunopress"},"image":{"@id":"https:\/\/www.bellunopress.it\/#\/schema\/logo\/image\/"},"sameAs":["https:\/\/www.facebook.com\/profile.php?id=100008943462799","https:\/\/x.com\/bellunopress","https:\/\/www.linkedin.com\/hp\/?dnr=JBzUWaJfMUw8vbXJJ2tVW5-I3jZKvC4wsoxE&amp;amp;amp;amp;amp;amp;trk=nav_responsive_tab_home","https:\/\/www.youtube.com\/channel\/UCxL0wu1uN0_3_7hGG0306cw"]},{"@type":"Person","@id":"https:\/\/www.bellunopress.it\/#\/schema\/person\/79bb06722b37ece1c03d3e94beb30d73","name":"r\u00e9daction","image":{"@type":"ImageObject","inLanguage":"fr-FR","@id":"https:\/\/secure.gravatar.com\/avatar\/37d968a2e67a6fd04c169c4bdef102d0bc5d31b2546345219e348575eb80e9a0?s=96&d=mm&r=g","url":"https:\/\/secure.gravatar.com\/avatar\/37d968a2e67a6fd04c169c4bdef102d0bc5d31b2546345219e348575eb80e9a0?s=96&d=mm&r=g","contentUrl":"https:\/\/secure.gravatar.com\/avatar\/37d968a2e67a6fd04c169c4bdef102d0bc5d31b2546345219e348575eb80e9a0?s=96&d=mm&r=g","caption":"redazione"},"sameAs":["http:\/\/www.bellunopress.it","https:\/\/x.com\/bellunopress"],"url":"https:\/\/www.bellunopress.it\/fr\/author\/redazione\/"}]}},"_links":{"self":[{"href":"https:\/\/www.bellunopress.it\/fr\/wp-json\/wp\/v2\/posts\/110893","targetHints":{"allow":["GET"]}}],"collection":[{"href":"https:\/\/www.bellunopress.it\/fr\/wp-json\/wp\/v2\/posts"}],"about":[{"href":"https:\/\/www.bellunopress.it\/fr\/wp-json\/wp\/v2\/types\/post"}],"author":[{"embeddable":true,"href":"https:\/\/www.bellunopress.it\/fr\/wp-json\/wp\/v2\/users\/2"}],"replies":[{"embeddable":true,"href":"https:\/\/www.bellunopress.it\/fr\/wp-json\/wp\/v2\/comments?post=110893"}],"version-history":[{"count":2,"href":"https:\/\/www.bellunopress.it\/fr\/wp-json\/wp\/v2\/posts\/110893\/revisions"}],"predecessor-version":[{"id":110896,"href":"https:\/\/www.bellunopress.it\/fr\/wp-json\/wp\/v2\/posts\/110893\/revisions\/110896"}],"wp:attachment":[{"href":"https:\/\/www.bellunopress.it\/fr\/wp-json\/wp\/v2\/media?parent=110893"}],"wp:term":[{"taxonomy":"category","embeddable":true,"href":"https:\/\/www.bellunopress.it\/fr\/wp-json\/wp\/v2\/categories?post=110893"},{"taxonomy":"post_tag","embeddable":true,"href":"https:\/\/www.bellunopress.it\/fr\/wp-json\/wp\/v2\/tags?post=110893"}],"curies":[{"name":"wp","href":"https:\/\/api.w.org\/{rel}","templated":true}]}}