{"id":110889,"date":"2019-12-31T15:33:39","date_gmt":"2019-12-31T14:33:39","guid":{"rendered":"http:\/\/www.bellunopress.it\/?p=110889"},"modified":"2019-12-31T15:33:39","modified_gmt":"2019-12-31T14:33:39","slug":"meteo-sereno-con-gelate-in-pianura-e-zone-costiere","status":"publish","type":"post","link":"https:\/\/www.bellunopress.it\/fr\/2019\/12\/31\/meteo-sereno-con-gelate-in-pianura-e-zone-costiere\/","title":{"rendered":"Meteo. Sereno, con gelate in pianura e zone costiere"},"content":{"rendered":"<p><a href=\"http:\/\/www.bellunopress.it\/fr\/2012\/02\/09\/meteo-veneto-stato-di-attenzione-per-probabili-nevicate-fino-a-domenica-mattina\/protezione-civile-veneto\/\" rel=\"attachment wp-att-34952\"><img loading=\"lazy\" decoding=\"async\" class=\"alignleft size-full wp-image-34952\" src=\"http:\/\/www.bellunopress.it\/wp-content\/uploads\/2012\/02\/protezione-civile-veneto.jpg\" alt=\"\" width=\"140\" height=\"140\" \/><\/a>Venezia, 31 dicembre 2019\u00a0 &#8211;\u00a0\u00a0Le condizioni metereologiche odierne nel Veneto, con tempo prevalentemente sereno o poco nuvoloso, si prevede permarranno nei primi due giorni dell\u2019anno entrante. Un aumento delle temperature massime sar\u00e0 accompagnato da una sostanziale assenza di variazioni per quelle minime.<\/p>\n<p>In pianura, tra stasera e dopodomani, temperature anche inferiori allo zero e la presenza di nebbie potranno determinare \u2013 soprattutto nelle ore pi\u00f9 fredde, di notte e di primo mattino \u2013 formazione di brina e ghiaccio al suolo.<\/p>\n<p>Il Centro funzionale decentrato della Protezione civile ha comunicato l\u2019attivazione della fase operativa di \u201cAttenzione\u201d per \u201cGelate\u201d, dalle 20.00 di questa sera alle 10.00 di gioved\u00ec 2 gennaio, sulle zone di pianura e costiere del territorio regionale.<\/p>","protected":false},"excerpt":{"rendered":"<p>Venezia, 31 dicembre 2019\u00a0 &#8211;\u00a0\u00a0Le condizioni metereologiche odierne nel Veneto, con tempo prevalentemente sereno o poco nuvoloso, si prevede permarranno nei primi due giorni dell\u2019anno entrante. Un aumento delle temperature massime sar\u00e0 accompagnato da una sostanziale assenza di variazioni per quelle minime. In pianura, tra stasera e dopodomani, temperature anche inferiori allo zero e la [&hellip;]<\/p>\n","protected":false},"author":2,"featured_media":0,"comment_status":"closed","ping_status":"open","sticky":false,"template":"","format":"standard","meta":{"footnotes":""},"categories":[38,26],"tags":[],"class_list":["post-110889","post","type-post","status-publish","format-standard","category-natura-ambiente","category-prima-pagina"],"yoast_head":"<!-- This site is optimized with the Yoast SEO plugin v28.4 - https:\/\/yoast.com\/product\/yoast-seo-wordpress\/ -->\n<title>Meteo. Sereno, con gelate in pianura e zone costiere - Bellunopress - Dolomiti<\/title>\n<meta name=\"robots\" content=\"index, follow, max-snippet:-1, max-image-preview:large, max-video-preview:-1\" \/>\n<link rel=\"canonical\" href=\"https:\/\/www.bellunopress.it\/fr\/2019\/12\/31\/meteo-sereno-con-gelate-in-pianura-e-zone-costiere\/\" \/>\n<meta property=\"og:locale\" content=\"fr_FR\" \/>\n<meta property=\"og:type\" content=\"article\" \/>\n<meta property=\"og:title\" content=\"Meteo. Sereno, con gelate in pianura e zone costiere - Bellunopress - Dolomiti\" \/>\n<meta property=\"og:description\" content=\"Venezia, 31 dicembre 2019\u00a0 &#8211;\u00a0\u00a0Le condizioni metereologiche odierne nel Veneto, con tempo prevalentemente sereno o poco nuvoloso, si prevede permarranno nei primi due giorni dell\u2019anno entrante. Un aumento delle temperature massime sar\u00e0 accompagnato da una sostanziale assenza di variazioni per quelle minime. In pianura, tra stasera e dopodomani, temperature anche inferiori allo zero e la [&hellip;]\" \/>\n<meta property=\"og:url\" content=\"https:\/\/www.bellunopress.it\/fr\/2019\/12\/31\/meteo-sereno-con-gelate-in-pianura-e-zone-costiere\/\" \/>\n<meta property=\"og:site_name\" content=\"Bellunopress - Dolomiti\" \/>\n<meta property=\"article:publisher\" content=\"https:\/\/www.facebook.com\/profile.php?id=100008943462799\" \/>\n<meta property=\"article:published_time\" content=\"2019-12-31T14:33:39+00:00\" \/>\n<meta property=\"og:image\" content=\"http:\/\/www.bellunopress.it\/wp-content\/uploads\/2012\/02\/protezione-civile-veneto.jpg\" \/>\n<meta name=\"author\" content=\"redazione\" \/>\n<meta name=\"twitter:card\" content=\"summary_large_image\" \/>\n<meta name=\"twitter:creator\" content=\"@bellunopress\" \/>\n<meta name=\"twitter:site\" content=\"@bellunopress\" \/>\n<meta name=\"twitter:label1\" content=\"\u00c9crit par\" \/>\n\t<meta name=\"twitter:data1\" content=\"redazione\" \/>\n\t<meta name=\"twitter:label2\" content=\"Dur\u00e9e de lecture estim\u00e9e\" \/>\n\t<meta name=\"twitter:data2\" content=\"1 minute\" \/>\n<script type=\"application\/ld+json\" class=\"yoast-schema-graph\">{\"@context\":\"https:\\\/\\\/schema.org\",\"@graph\":[{\"@type\":\"Article\",\"@id\":\"https:\\\/\\\/www.bellunopress.it\\\/2019\\\/12\\\/31\\\/meteo-sereno-con-gelate-in-pianura-e-zone-costiere\\\/#article\",\"isPartOf\":{\"@id\":\"https:\\\/\\\/www.bellunopress.it\\\/2019\\\/12\\\/31\\\/meteo-sereno-con-gelate-in-pianura-e-zone-costiere\\\/\"},\"author\":{\"name\":\"redazione\",\"@id\":\"https:\\\/\\\/www.bellunopress.it\\\/#\\\/schema\\\/person\\\/79bb06722b37ece1c03d3e94beb30d73\"},\"headline\":\"Meteo. Sereno, con gelate in pianura e zone costiere\",\"datePublished\":\"2019-12-31T14:33:39+00:00\",\"mainEntityOfPage\":{\"@id\":\"https:\\\/\\\/www.bellunopress.it\\\/2019\\\/12\\\/31\\\/meteo-sereno-con-gelate-in-pianura-e-zone-costiere\\\/\"},\"wordCount\":122,\"publisher\":{\"@id\":\"https:\\\/\\\/www.bellunopress.it\\\/#organization\"},\"image\":{\"@id\":\"https:\\\/\\\/www.bellunopress.it\\\/2019\\\/12\\\/31\\\/meteo-sereno-con-gelate-in-pianura-e-zone-costiere\\\/#primaryimage\"},\"thumbnailUrl\":\"http:\\\/\\\/www.bellunopress.it\\\/wp-content\\\/uploads\\\/2012\\\/02\\\/protezione-civile-veneto.jpg\",\"articleSection\":[\"Meteo, natura, ambiente, animali\",\"Prima Pagina\"],\"inLanguage\":\"fr-FR\"},{\"@type\":\"WebPage\",\"@id\":\"https:\\\/\\\/www.bellunopress.it\\\/2019\\\/12\\\/31\\\/meteo-sereno-con-gelate-in-pianura-e-zone-costiere\\\/\",\"url\":\"https:\\\/\\\/www.bellunopress.it\\\/2019\\\/12\\\/31\\\/meteo-sereno-con-gelate-in-pianura-e-zone-costiere\\\/\",\"name\":\"Meteo. Sereno, con gelate in pianura e zone costiere - Bellunopress - Dolomiti\",\"isPartOf\":{\"@id\":\"https:\\\/\\\/www.bellunopress.it\\\/#website\"},\"primaryImageOfPage\":{\"@id\":\"https:\\\/\\\/www.bellunopress.it\\\/2019\\\/12\\\/31\\\/meteo-sereno-con-gelate-in-pianura-e-zone-costiere\\\/#primaryimage\"},\"image\":{\"@id\":\"https:\\\/\\\/www.bellunopress.it\\\/2019\\\/12\\\/31\\\/meteo-sereno-con-gelate-in-pianura-e-zone-costiere\\\/#primaryimage\"},\"thumbnailUrl\":\"http:\\\/\\\/www.bellunopress.it\\\/wp-content\\\/uploads\\\/2012\\\/02\\\/protezione-civile-veneto.jpg\",\"datePublished\":\"2019-12-31T14:33:39+00:00\",\"breadcrumb\":{\"@id\":\"https:\\\/\\\/www.bellunopress.it\\\/2019\\\/12\\\/31\\\/meteo-sereno-con-gelate-in-pianura-e-zone-costiere\\\/#breadcrumb\"},\"inLanguage\":\"fr-FR\",\"potentialAction\":[{\"@type\":\"ReadAction\",\"target\":[\"https:\\\/\\\/www.bellunopress.it\\\/2019\\\/12\\\/31\\\/meteo-sereno-con-gelate-in-pianura-e-zone-costiere\\\/\"]}]},{\"@type\":\"ImageObject\",\"inLanguage\":\"fr-FR\",\"@id\":\"https:\\\/\\\/www.bellunopress.it\\\/2019\\\/12\\\/31\\\/meteo-sereno-con-gelate-in-pianura-e-zone-costiere\\\/#primaryimage\",\"url\":\"http:\\\/\\\/www.bellunopress.it\\\/wp-content\\\/uploads\\\/2012\\\/02\\\/protezione-civile-veneto.jpg\",\"contentUrl\":\"http:\\\/\\\/www.bellunopress.it\\\/wp-content\\\/uploads\\\/2012\\\/02\\\/protezione-civile-veneto.jpg\"},{\"@type\":\"BreadcrumbList\",\"@id\":\"https:\\\/\\\/www.bellunopress.it\\\/2019\\\/12\\\/31\\\/meteo-sereno-con-gelate-in-pianura-e-zone-costiere\\\/#breadcrumb\",\"itemListElement\":[{\"@type\":\"ListItem\",\"position\":1,\"name\":\"Home\",\"item\":\"https:\\\/\\\/www.bellunopress.it\\\/\"},{\"@type\":\"ListItem\",\"position\":2,\"name\":\"Meteo. Sereno, con gelate in pianura e zone costiere\"}]},{\"@type\":\"WebSite\",\"@id\":\"https:\\\/\\\/www.bellunopress.it\\\/#website\",\"url\":\"https:\\\/\\\/www.bellunopress.it\\\/\",\"name\":\"Bellunopress - Dolomiti\",\"description\":\"e-mail: redazione@bellunopress.it\",\"publisher\":{\"@id\":\"https:\\\/\\\/www.bellunopress.it\\\/#organization\"},\"potentialAction\":[{\"@type\":\"SearchAction\",\"target\":{\"@type\":\"EntryPoint\",\"urlTemplate\":\"https:\\\/\\\/www.bellunopress.it\\\/?s={search_term_string}\"},\"query-input\":{\"@type\":\"PropertyValueSpecification\",\"valueRequired\":true,\"valueName\":\"search_term_string\"}}],\"inLanguage\":\"fr-FR\"},{\"@type\":\"Organization\",\"@id\":\"https:\\\/\\\/www.bellunopress.it\\\/#organization\",\"name\":\"Bellunopress\",\"url\":\"https:\\\/\\\/www.bellunopress.it\\\/\",\"logo\":{\"@type\":\"ImageObject\",\"inLanguage\":\"fr-FR\",\"@id\":\"https:\\\/\\\/www.bellunopress.it\\\/#\\\/schema\\\/logo\\\/image\\\/\",\"url\":\"https:\\\/\\\/www.bellunopress.it\\\/wp-content\\\/uploads\\\/2011\\\/05\\\/cropped-logo-bellunopress-.jpg\",\"contentUrl\":\"https:\\\/\\\/www.bellunopress.it\\\/wp-content\\\/uploads\\\/2011\\\/05\\\/cropped-logo-bellunopress-.jpg\",\"width\":512,\"height\":512,\"caption\":\"Bellunopress\"},\"image\":{\"@id\":\"https:\\\/\\\/www.bellunopress.it\\\/#\\\/schema\\\/logo\\\/image\\\/\"},\"sameAs\":[\"https:\\\/\\\/www.facebook.com\\\/profile.php?id=100008943462799\",\"https:\\\/\\\/x.com\\\/bellunopress\",\"https:\\\/\\\/www.linkedin.com\\\/hp\\\/?dnr=JBzUWaJfMUw8vbXJJ2tVW5-I3jZKvC4wsoxE&amp;amp;amp;amp;amp;amp;trk=nav_responsive_tab_home\",\"https:\\\/\\\/www.youtube.com\\\/channel\\\/UCxL0wu1uN0_3_7hGG0306cw\"]},{\"@type\":\"Person\",\"@id\":\"https:\\\/\\\/www.bellunopress.it\\\/#\\\/schema\\\/person\\\/79bb06722b37ece1c03d3e94beb30d73\",\"name\":\"redazione\",\"image\":{\"@type\":\"ImageObject\",\"inLanguage\":\"fr-FR\",\"@id\":\"https:\\\/\\\/secure.gravatar.com\\\/avatar\\\/37d968a2e67a6fd04c169c4bdef102d0bc5d31b2546345219e348575eb80e9a0?s=96&d=mm&r=g\",\"url\":\"https:\\\/\\\/secure.gravatar.com\\\/avatar\\\/37d968a2e67a6fd04c169c4bdef102d0bc5d31b2546345219e348575eb80e9a0?s=96&d=mm&r=g\",\"contentUrl\":\"https:\\\/\\\/secure.gravatar.com\\\/avatar\\\/37d968a2e67a6fd04c169c4bdef102d0bc5d31b2546345219e348575eb80e9a0?s=96&d=mm&r=g\",\"caption\":\"redazione\"},\"sameAs\":[\"http:\\\/\\\/www.bellunopress.it\",\"https:\\\/\\\/x.com\\\/bellunopress\"],\"url\":\"https:\\\/\\\/www.bellunopress.it\\\/fr\\\/author\\\/redazione\\\/\"}]}<\/script>\n<!-- \/ Yoast SEO plugin. -->","yoast_head_json":{"title":"Meteo. Sereno, con gelate in pianura e zone costiere - Bellunopress - Dolomiti","robots":{"index":"index","follow":"follow","max-snippet":"max-snippet:-1","max-image-preview":"max-image-preview:large","max-video-preview":"max-video-preview:-1"},"canonical":"https:\/\/www.bellunopress.it\/fr\/2019\/12\/31\/meteo-sereno-con-gelate-in-pianura-e-zone-costiere\/","og_locale":"fr_FR","og_type":"article","og_title":"Meteo. Sereno, con gelate in pianura e zone costiere - Bellunopress - Dolomiti","og_description":"Venezia, 31 dicembre 2019\u00a0 &#8211;\u00a0\u00a0Le condizioni metereologiche odierne nel Veneto, con tempo prevalentemente sereno o poco nuvoloso, si prevede permarranno nei primi due giorni dell\u2019anno entrante. Un aumento delle temperature massime sar\u00e0 accompagnato da una sostanziale assenza di variazioni per quelle minime. In pianura, tra stasera e dopodomani, temperature anche inferiori allo zero e la [&hellip;]","og_url":"https:\/\/www.bellunopress.it\/fr\/2019\/12\/31\/meteo-sereno-con-gelate-in-pianura-e-zone-costiere\/","og_site_name":"Bellunopress - Dolomiti","article_publisher":"https:\/\/www.facebook.com\/profile.php?id=100008943462799","article_published_time":"2019-12-31T14:33:39+00:00","og_image":[{"url":"http:\/\/www.bellunopress.it\/wp-content\/uploads\/2012\/02\/protezione-civile-veneto.jpg","type":"","width":"","height":""}],"author":"redazione","twitter_card":"summary_large_image","twitter_creator":"@bellunopress","twitter_site":"@bellunopress","twitter_misc":{"\u00c9crit par":"redazione","Dur\u00e9e de lecture estim\u00e9e":"1 minute"},"schema":{"@context":"https:\/\/schema.org","@graph":[{"@type":"Article","@id":"https:\/\/www.bellunopress.it\/2019\/12\/31\/meteo-sereno-con-gelate-in-pianura-e-zone-costiere\/#article","isPartOf":{"@id":"https:\/\/www.bellunopress.it\/2019\/12\/31\/meteo-sereno-con-gelate-in-pianura-e-zone-costiere\/"},"author":{"name":"redazione","@id":"https:\/\/www.bellunopress.it\/#\/schema\/person\/79bb06722b37ece1c03d3e94beb30d73"},"headline":"Meteo. Sereno, con gelate in pianura e zone costiere","datePublished":"2019-12-31T14:33:39+00:00","mainEntityOfPage":{"@id":"https:\/\/www.bellunopress.it\/2019\/12\/31\/meteo-sereno-con-gelate-in-pianura-e-zone-costiere\/"},"wordCount":122,"publisher":{"@id":"https:\/\/www.bellunopress.it\/#organization"},"image":{"@id":"https:\/\/www.bellunopress.it\/2019\/12\/31\/meteo-sereno-con-gelate-in-pianura-e-zone-costiere\/#primaryimage"},"thumbnailUrl":"http:\/\/www.bellunopress.it\/wp-content\/uploads\/2012\/02\/protezione-civile-veneto.jpg","articleSection":["Meteo, natura, ambiente, animali","Prima Pagina"],"inLanguage":"fr-FR"},{"@type":"WebPage","@id":"https:\/\/www.bellunopress.it\/2019\/12\/31\/meteo-sereno-con-gelate-in-pianura-e-zone-costiere\/","url":"https:\/\/www.bellunopress.it\/2019\/12\/31\/meteo-sereno-con-gelate-in-pianura-e-zone-costiere\/","name":"Meteo. Sereno, con gelate in pianura e zone costiere - Bellunopress - Dolomiti","isPartOf":{"@id":"https:\/\/www.bellunopress.it\/#website"},"primaryImageOfPage":{"@id":"https:\/\/www.bellunopress.it\/2019\/12\/31\/meteo-sereno-con-gelate-in-pianura-e-zone-costiere\/#primaryimage"},"image":{"@id":"https:\/\/www.bellunopress.it\/2019\/12\/31\/meteo-sereno-con-gelate-in-pianura-e-zone-costiere\/#primaryimage"},"thumbnailUrl":"http:\/\/www.bellunopress.it\/wp-content\/uploads\/2012\/02\/protezione-civile-veneto.jpg","datePublished":"2019-12-31T14:33:39+00:00","breadcrumb":{"@id":"https:\/\/www.bellunopress.it\/2019\/12\/31\/meteo-sereno-con-gelate-in-pianura-e-zone-costiere\/#breadcrumb"},"inLanguage":"fr-FR","potentialAction":[{"@type":"ReadAction","target":["https:\/\/www.bellunopress.it\/2019\/12\/31\/meteo-sereno-con-gelate-in-pianura-e-zone-costiere\/"]}]},{"@type":"ImageObject","inLanguage":"fr-FR","@id":"https:\/\/www.bellunopress.it\/2019\/12\/31\/meteo-sereno-con-gelate-in-pianura-e-zone-costiere\/#primaryimage","url":"http:\/\/www.bellunopress.it\/wp-content\/uploads\/2012\/02\/protezione-civile-veneto.jpg","contentUrl":"http:\/\/www.bellunopress.it\/wp-content\/uploads\/2012\/02\/protezione-civile-veneto.jpg"},{"@type":"BreadcrumbList","@id":"https:\/\/www.bellunopress.it\/2019\/12\/31\/meteo-sereno-con-gelate-in-pianura-e-zone-costiere\/#breadcrumb","itemListElement":[{"@type":"ListItem","position":1,"name":"Home","item":"https:\/\/www.bellunopress.it\/"},{"@type":"ListItem","position":2,"name":"Meteo. Sereno, con gelate in pianura e zone costiere"}]},{"@type":"WebSite","@id":"https:\/\/www.bellunopress.it\/#website","url":"https:\/\/www.bellunopress.it\/","name":"Bellunopress - Dolomiti","description":"e-mail: redazione@bellunopress.it","publisher":{"@id":"https:\/\/www.bellunopress.it\/#organization"},"potentialAction":[{"@type":"SearchAction","target":{"@type":"EntryPoint","urlTemplate":"https:\/\/www.bellunopress.it\/?s={search_term_string}"},"query-input":{"@type":"PropertyValueSpecification","valueRequired":true,"valueName":"search_term_string"}}],"inLanguage":"fr-FR"},{"@type":"Organization","@id":"https:\/\/www.bellunopress.it\/#organization","name":"Bellunopress","url":"https:\/\/www.bellunopress.it\/","logo":{"@type":"ImageObject","inLanguage":"fr-FR","@id":"https:\/\/www.bellunopress.it\/#\/schema\/logo\/image\/","url":"https:\/\/www.bellunopress.it\/wp-content\/uploads\/2011\/05\/cropped-logo-bellunopress-.jpg","contentUrl":"https:\/\/www.bellunopress.it\/wp-content\/uploads\/2011\/05\/cropped-logo-bellunopress-.jpg","width":512,"height":512,"caption":"Bellunopress"},"image":{"@id":"https:\/\/www.bellunopress.it\/#\/schema\/logo\/image\/"},"sameAs":["https:\/\/www.facebook.com\/profile.php?id=100008943462799","https:\/\/x.com\/bellunopress","https:\/\/www.linkedin.com\/hp\/?dnr=JBzUWaJfMUw8vbXJJ2tVW5-I3jZKvC4wsoxE&amp;amp;amp;amp;amp;amp;trk=nav_responsive_tab_home","https:\/\/www.youtube.com\/channel\/UCxL0wu1uN0_3_7hGG0306cw"]},{"@type":"Person","@id":"https:\/\/www.bellunopress.it\/#\/schema\/person\/79bb06722b37ece1c03d3e94beb30d73","name":"r\u00e9daction","image":{"@type":"ImageObject","inLanguage":"fr-FR","@id":"https:\/\/secure.gravatar.com\/avatar\/37d968a2e67a6fd04c169c4bdef102d0bc5d31b2546345219e348575eb80e9a0?s=96&d=mm&r=g","url":"https:\/\/secure.gravatar.com\/avatar\/37d968a2e67a6fd04c169c4bdef102d0bc5d31b2546345219e348575eb80e9a0?s=96&d=mm&r=g","contentUrl":"https:\/\/secure.gravatar.com\/avatar\/37d968a2e67a6fd04c169c4bdef102d0bc5d31b2546345219e348575eb80e9a0?s=96&d=mm&r=g","caption":"redazione"},"sameAs":["http:\/\/www.bellunopress.it","https:\/\/x.com\/bellunopress"],"url":"https:\/\/www.bellunopress.it\/fr\/author\/redazione\/"}]}},"_links":{"self":[{"href":"https:\/\/www.bellunopress.it\/fr\/wp-json\/wp\/v2\/posts\/110889","targetHints":{"allow":["GET"]}}],"collection":[{"href":"https:\/\/www.bellunopress.it\/fr\/wp-json\/wp\/v2\/posts"}],"about":[{"href":"https:\/\/www.bellunopress.it\/fr\/wp-json\/wp\/v2\/types\/post"}],"author":[{"embeddable":true,"href":"https:\/\/www.bellunopress.it\/fr\/wp-json\/wp\/v2\/users\/2"}],"replies":[{"embeddable":true,"href":"https:\/\/www.bellunopress.it\/fr\/wp-json\/wp\/v2\/comments?post=110889"}],"version-history":[{"count":1,"href":"https:\/\/www.bellunopress.it\/fr\/wp-json\/wp\/v2\/posts\/110889\/revisions"}],"predecessor-version":[{"id":110890,"href":"https:\/\/www.bellunopress.it\/fr\/wp-json\/wp\/v2\/posts\/110889\/revisions\/110890"}],"wp:attachment":[{"href":"https:\/\/www.bellunopress.it\/fr\/wp-json\/wp\/v2\/media?parent=110889"}],"wp:term":[{"taxonomy":"category","embeddable":true,"href":"https:\/\/www.bellunopress.it\/fr\/wp-json\/wp\/v2\/categories?post=110889"},{"taxonomy":"post_tag","embeddable":true,"href":"https:\/\/www.bellunopress.it\/fr\/wp-json\/wp\/v2\/tags?post=110889"}],"curies":[{"name":"wp","href":"https:\/\/api.w.org\/{rel}","templated":true}]}}