{"id":110837,"date":"2019-12-30T13:58:28","date_gmt":"2019-12-30T12:58:28","guid":{"rendered":"http:\/\/www.bellunopress.it\/?p=110837"},"modified":"2019-12-30T13:58:28","modified_gmt":"2019-12-30T12:58:28","slug":"giovani-e-bellissime-clarissa-bevilacqua-e-rebecca-taio-le-due-artiste-che-il-4-gennaio-riceveranno-a-cortina-il-premio-bagus","status":"publish","type":"post","link":"https:\/\/www.bellunopress.it\/fr\/2019\/12\/30\/giovani-e-bellissime-clarissa-bevilacqua-e-rebecca-taio-le-due-artiste-che-il-4-gennaio-riceveranno-a-cortina-il-premio-bagus\/","title":{"rendered":"Giovani e bellissime: Clarissa Bevilacqua e Rebecca Taio, le due artiste che il 4 gennaio riceveranno a Cortina il premio Bagus"},"content":{"rendered":"<p>Una \u00e8 la pi\u00f9 giovane musicista italiana autorizzata a suonare uno Stradivari. L\u2019altra \u00e8 una polistrumentista, talento puro al flauto traverso e al violoncello. Stiamo parlando, rispettivamente, di Clarissa Bevilacqua e Rebecca Taio, due dei pi\u00f9 luminosi astri nascenti nel panorama della musica classica made in Italy.<\/p>\n<figure id=\"attachment_110838\" aria-describedby=\"caption-attachment-110838\" style=\"width: 285px\" class=\"wp-caption alignleft\"><a href=\"http:\/\/www.bellunopress.it\/fr\/2019\/12\/30\/giovani-e-bellissime-clarissa-bevilacqua-e-rebecca-taio-le-due-artiste-che-il-4-gennaio-riceveranno-a-cortina-il-premio-bagus\/clarissa-bevilacqua\/\" rel=\"attachment wp-att-110838\"><img loading=\"lazy\" decoding=\"async\" class=\"size-full wp-image-110838\" src=\"http:\/\/www.bellunopress.it\/wp-content\/uploads\/2019\/12\/clarissa-bevilacqua.jpg\" alt=\"\" width=\"285\" height=\"300\" \/><\/a><figcaption id=\"caption-attachment-110838\" class=\"wp-caption-text\">Clarissa Bevilacqua<\/figcaption><\/figure>\n<p>Sabato 4 gennaio 2020 le due artiste riceveranno il \u201cPremio Bagus Talenti Musicali\u201d, conferito per il secondo anno dall\u2019Associazione Bagus nell\u2019ambito del Gran Concerto dell\u2019Epifania (Cortina d&#8217;Ampezzo, Alexander Girardi Hall, ore 20), promosso e organizzato dallo storico Hotel de la Poste di Cortina d\u2019Ampezzo, con la direzione artistica di Fabrizio Carbonera.<\/p>\n<p>\u201cSono veramente felice di ricevere questo riconoscimento dall\u2019Associazione Bagus \u2013 ha commentato Clarissa Bevilacqua \u2013 un premio che condivide e sostiene la mia priorit\u00e0 come musicista: riuscire a sviluppare il potenziale individuale per poter condividere le emozioni della mia passione e la bellezza di questa arte con il pubblico di tutto il mondo.\u201d<\/p>\n<p>&#8220;Sono venuta a conoscenza del premio Bagus lo scorso anno, quando \u00e8 stato assegnato alla violinista Laura Marzadori \u2013 ha aggiunto Rebecca Taio \u2013 \u00c8 quindi per me un grande onore ricevere questo riconoscimento. La gioia che provo \u00e8 immensa e far\u00f2 di tutto per esprimere al massimo il mio potenziale superando i miei stessi limiti.&#8221;<\/p>\n<figure id=\"attachment_110839\" aria-describedby=\"caption-attachment-110839\" style=\"width: 300px\" class=\"wp-caption alignleft\"><a href=\"http:\/\/www.bellunopress.it\/fr\/2019\/12\/30\/giovani-e-bellissime-clarissa-bevilacqua-e-rebecca-taio-le-due-artiste-che-il-4-gennaio-riceveranno-a-cortina-il-premio-bagus\/rebecca-taio\/\" rel=\"attachment wp-att-110839\"><img loading=\"lazy\" decoding=\"async\" class=\"size-full wp-image-110839\" src=\"http:\/\/www.bellunopress.it\/wp-content\/uploads\/2019\/12\/rebecca-taio.jpg\" alt=\"\" width=\"300\" height=\"222\" \/><\/a><figcaption id=\"caption-attachment-110839\" class=\"wp-caption-text\">Rebecca Taio<\/figcaption><\/figure>\n<p>L\u2019appuntamento esclusivo, che quest\u2019anno vedr\u00e0 sul palco dell\u2019Alexander Girardi Hall i Virtuosi del Teatro alla Scala con i solisti Luisa Prandina all\u2019arpa, Marco Zoni al flauto e Fabrizio Meloni al clarinetto, in vista delle Olimpiadi 2026, sancisce il prestigioso legame tra Cortina, Regina delle Dolomiti, e Milano, capitale della moda e dell\u2019imprenditoria. Non solo per la presenza dei Virtuosi del Teatro alla Scala, ma anche per la preziosa collaborazione con l\u2019antica sartoria teatrale Arrigo Costumi, che fornir\u00e0 costumi e abiti agli artisti, disegnati appositamente per l\u2019occasione. In questi giorni i costumi sono esposti in alcuni noti negozi di Cortina.<\/p>\n<p>Al termine del Gran Concerto, che sar\u00e0 presentato da Michela Andreozzi, l\u2019Hotel de la Poste organizza una cena di gala benefica presso il magnifico Salon Dolomieu. Quest\u2019anno i proventi della cena saranno destinati alla Andrea Bocelli Foundation, presente all\u2019evento con una delegazione, per la ricostruzione dell\u2019Accademia Musicale di Camerino, distrutta dal disastroso terremoto del 2009.<\/p>\n<p>Un evento speciale, un\u2019esperienza unica che, complice la magica atmosfera delle feste natalizie, coniuga l\u2019emozione della musica con un sostegno concreto ai giovani musicisti colpiti dal sisma aquilano.<\/p>\n<p><strong>Clarissa Bevilacqua<\/strong><\/p>\n<p>Apprezzata per il suo stile interpretativo e per la musicalit\u00e0, Clarissa Bevilacqua ha iniziato lo studio del violino all\u2019et\u00e0 di cinque anni, debuttando a nove come solista al Pritzker Pavilion di Chicago. Successivamente si \u00e8 esibita alla Carnegie Hall di New York e ha tenuto recital e concerti negli Stati Uniti e in Europa. Clarissa \u00e8 la pi\u00f9\u0300 giovane violinista scelta per collaborare con la Fondazione Stradivari di Cremona, suonando all&#8217;Auditorium Arvedi gli strumenti della collezione. \u00c8 stata scelta come Young Artist dalla Si-Yo Music Society Foundation di New York e ha ottenuto premi e riconoscimenti in svariate competizioni nazionali e internazionali. Laureata a soli 16 anni con lode e menzione d\u2019onore presso il Conservatorio Nicolini di Piacenza, ha frequentato la Mozarteum SommerAkademie con Pierre Amoyal, il Corso di Alto Perfezionamento all\u2019Accademia Chigiana con Boris Belkin e la Venice Music Master con Pavel Vernikov. Attualmente studia con Pierre Amoyal nel Master Program presso il Mozarteum di Salisburgo. Clarissa suona un violino Giovanni Battista Ceruti, Cremona 1815, per gentile concessione della Fondazione Pro Canale di Milano.<\/p>\n<p><strong>Rebecca Taio<\/strong><\/p>\n<p>Classe 1996, ha iniziato lo studio del flauto con Raffaele Trevisani e, successivamente, con Maurizio Saletti presso il Conservatorio di Como per poi diplomarsi a soli 16 anni al Conservatorio di Milano con Lode. Parallelamente \u00e8 iscritta all\u2019ultimo anno di Violoncello Principale al Conservatorio \u201cLuca Marenzio\u201d di Brescia sotto la guida di Paolo Perucchetti. Ha frequentato Masterclass con violoncellisti quali Giovanni Scaglione, Romain Garioud e Paolo Bonomini e con flautisti quali Mario Caroli, Mario Ancillotti, Carlo Tamponi, Marco Zoni, Barthold Kuijken, Bruno Grossi, Maurizio Simeoli, Raffaele Trevisani, Andrea Oliva, Jurgen Franz, Paolo Taballione e Patrick Gallois. Ha frequentato come allieva effettiva il Corso di Alto Perfezionamento all\u2019 Accademia Nazi onale di Santa Cecilia a Roma con Andrea Oliva. Ha frequentato il corso estivo di perfezionamento all\u2019Accademia Chigiana di Siena nella classe di Patrick Gallois ricevendo il Diploma di Merito e il Corso di Flauto al Festival Mendelssohn di Amburgo con Patrick Gallois e Jurgen Franz. Nel 2016 ha ottenuto una borsa di studio dell&#8217;Accademia Nazionale di Santa Cecilia per il progetto la Nuova Musica. Attualmente si sta perfezionando con Francesco Loi a Genova. Premiata in concorsi nazionali e internazionali, ha effettuato diversi concerti sia in formazione cameristica sia in veste di solista. Recentemente \u00e8 stata premiata alla Prima edizione del Concorso Flautistico Internazionale \u201cS. Zampetti\u201d organizzato dall\u2019Associazione Flautisti Italiani (Falaut).<\/p>\n<p>Mediapartner dell\u2019evento: Radio Classica, Musica, Amadeus.<\/p>\n<p>Biglietti per il concerto:<\/p>\n<p>Online www.delaposte.it e www.ticketone.it e in citt\u00e0 presso La Cooperativa di Cortina e lo stand itinerante che comparir\u00e0 nelle prossime settimane in centro<\/p>\n<p>Biglietto unico: \u20ac 80,00<\/p>","protected":false},"excerpt":{"rendered":"<p>Una \u00e8 la pi\u00f9 giovane musicista italiana autorizzata a suonare uno Stradivari. L\u2019altra \u00e8 una polistrumentista, talento puro al flauto traverso e al violoncello. Stiamo parlando, rispettivamente, di Clarissa Bevilacqua e Rebecca Taio, due dei pi\u00f9 luminosi astri nascenti nel panorama della musica classica made in Italy. Sabato 4 gennaio 2020 le due artiste riceveranno [&hellip;]<\/p>\n","protected":false},"author":2,"featured_media":0,"comment_status":"closed","ping_status":"open","sticky":false,"template":"","format":"standard","meta":{"footnotes":""},"categories":[27,3,25],"tags":[],"class_list":["post-110837","post","type-post","status-publish","format-standard","category-appuntamenti","category-arte-cultura-spettacoli-scienza-archivi","category-pausa-caffe"],"yoast_head":"<!-- This site is optimized with the Yoast SEO plugin v28.4 - https:\/\/yoast.com\/product\/yoast-seo-wordpress\/ -->\n<title>Giovani e bellissime: Clarissa Bevilacqua e Rebecca Taio, le due artiste che il 4 gennaio riceveranno a Cortina il premio Bagus - Bellunopress - Dolomiti<\/title>\n<meta name=\"robots\" content=\"index, follow, max-snippet:-1, max-image-preview:large, max-video-preview:-1\" \/>\n<link rel=\"canonical\" href=\"https:\/\/www.bellunopress.it\/fr\/2019\/12\/30\/giovani-e-bellissime-clarissa-bevilacqua-e-rebecca-taio-le-due-artiste-che-il-4-gennaio-riceveranno-a-cortina-il-premio-bagus\/\" \/>\n<meta property=\"og:locale\" content=\"fr_FR\" \/>\n<meta property=\"og:type\" content=\"article\" \/>\n<meta property=\"og:title\" content=\"Giovani e bellissime: Clarissa Bevilacqua e Rebecca Taio, le due artiste che il 4 gennaio riceveranno a Cortina il premio Bagus - Bellunopress - Dolomiti\" \/>\n<meta property=\"og:description\" content=\"Una \u00e8 la pi\u00f9 giovane musicista italiana autorizzata a suonare uno Stradivari. L\u2019altra \u00e8 una polistrumentista, talento puro al flauto traverso e al violoncello. Stiamo parlando, rispettivamente, di Clarissa Bevilacqua e Rebecca Taio, due dei pi\u00f9 luminosi astri nascenti nel panorama della musica classica made in Italy. Sabato 4 gennaio 2020 le due artiste riceveranno [&hellip;]\" \/>\n<meta property=\"og:url\" content=\"https:\/\/www.bellunopress.it\/fr\/2019\/12\/30\/giovani-e-bellissime-clarissa-bevilacqua-e-rebecca-taio-le-due-artiste-che-il-4-gennaio-riceveranno-a-cortina-il-premio-bagus\/\" \/>\n<meta property=\"og:site_name\" content=\"Bellunopress - Dolomiti\" \/>\n<meta property=\"article:publisher\" content=\"https:\/\/www.facebook.com\/profile.php?id=100008943462799\" \/>\n<meta property=\"article:published_time\" content=\"2019-12-30T12:58:28+00:00\" \/>\n<meta property=\"og:image\" content=\"http:\/\/www.bellunopress.it\/wp-content\/uploads\/2019\/12\/clarissa-bevilacqua.jpg\" \/>\n<meta name=\"author\" content=\"redazione\" \/>\n<meta name=\"twitter:card\" content=\"summary_large_image\" \/>\n<meta name=\"twitter:creator\" content=\"@bellunopress\" \/>\n<meta name=\"twitter:site\" content=\"@bellunopress\" \/>\n<meta name=\"twitter:label1\" content=\"\u00c9crit par\" \/>\n\t<meta name=\"twitter:data1\" content=\"redazione\" \/>\n\t<meta name=\"twitter:label2\" content=\"Dur\u00e9e de lecture estim\u00e9e\" \/>\n\t<meta name=\"twitter:data2\" content=\"4 minutes\" \/>\n<script type=\"application\/ld+json\" class=\"yoast-schema-graph\">{\"@context\":\"https:\\\/\\\/schema.org\",\"@graph\":[{\"@type\":\"Article\",\"@id\":\"https:\\\/\\\/www.bellunopress.it\\\/2019\\\/12\\\/30\\\/giovani-e-bellissime-clarissa-bevilacqua-e-rebecca-taio-le-due-artiste-che-il-4-gennaio-riceveranno-a-cortina-il-premio-bagus\\\/#article\",\"isPartOf\":{\"@id\":\"https:\\\/\\\/www.bellunopress.it\\\/2019\\\/12\\\/30\\\/giovani-e-bellissime-clarissa-bevilacqua-e-rebecca-taio-le-due-artiste-che-il-4-gennaio-riceveranno-a-cortina-il-premio-bagus\\\/\"},\"author\":{\"name\":\"redazione\",\"@id\":\"https:\\\/\\\/www.bellunopress.it\\\/#\\\/schema\\\/person\\\/79bb06722b37ece1c03d3e94beb30d73\"},\"headline\":\"Giovani e bellissime: Clarissa Bevilacqua e Rebecca Taio, le due artiste che il 4 gennaio riceveranno a Cortina il premio Bagus\",\"datePublished\":\"2019-12-30T12:58:28+00:00\",\"mainEntityOfPage\":{\"@id\":\"https:\\\/\\\/www.bellunopress.it\\\/2019\\\/12\\\/30\\\/giovani-e-bellissime-clarissa-bevilacqua-e-rebecca-taio-le-due-artiste-che-il-4-gennaio-riceveranno-a-cortina-il-premio-bagus\\\/\"},\"wordCount\":870,\"publisher\":{\"@id\":\"https:\\\/\\\/www.bellunopress.it\\\/#organization\"},\"image\":{\"@id\":\"https:\\\/\\\/www.bellunopress.it\\\/2019\\\/12\\\/30\\\/giovani-e-bellissime-clarissa-bevilacqua-e-rebecca-taio-le-due-artiste-che-il-4-gennaio-riceveranno-a-cortina-il-premio-bagus\\\/#primaryimage\"},\"thumbnailUrl\":\"http:\\\/\\\/www.bellunopress.it\\\/wp-content\\\/uploads\\\/2019\\\/12\\\/clarissa-bevilacqua.jpg\",\"articleSection\":[\"Appuntamenti, Eventi\",\"Arte, Cultura, Spettacoli, Scienza\",\"Pausa Caff\u00e8\"],\"inLanguage\":\"fr-FR\"},{\"@type\":\"WebPage\",\"@id\":\"https:\\\/\\\/www.bellunopress.it\\\/2019\\\/12\\\/30\\\/giovani-e-bellissime-clarissa-bevilacqua-e-rebecca-taio-le-due-artiste-che-il-4-gennaio-riceveranno-a-cortina-il-premio-bagus\\\/\",\"url\":\"https:\\\/\\\/www.bellunopress.it\\\/2019\\\/12\\\/30\\\/giovani-e-bellissime-clarissa-bevilacqua-e-rebecca-taio-le-due-artiste-che-il-4-gennaio-riceveranno-a-cortina-il-premio-bagus\\\/\",\"name\":\"Giovani e bellissime: Clarissa Bevilacqua e Rebecca Taio, le due artiste che il 4 gennaio riceveranno a Cortina il premio Bagus - Bellunopress - Dolomiti\",\"isPartOf\":{\"@id\":\"https:\\\/\\\/www.bellunopress.it\\\/#website\"},\"primaryImageOfPage\":{\"@id\":\"https:\\\/\\\/www.bellunopress.it\\\/2019\\\/12\\\/30\\\/giovani-e-bellissime-clarissa-bevilacqua-e-rebecca-taio-le-due-artiste-che-il-4-gennaio-riceveranno-a-cortina-il-premio-bagus\\\/#primaryimage\"},\"image\":{\"@id\":\"https:\\\/\\\/www.bellunopress.it\\\/2019\\\/12\\\/30\\\/giovani-e-bellissime-clarissa-bevilacqua-e-rebecca-taio-le-due-artiste-che-il-4-gennaio-riceveranno-a-cortina-il-premio-bagus\\\/#primaryimage\"},\"thumbnailUrl\":\"http:\\\/\\\/www.bellunopress.it\\\/wp-content\\\/uploads\\\/2019\\\/12\\\/clarissa-bevilacqua.jpg\",\"datePublished\":\"2019-12-30T12:58:28+00:00\",\"breadcrumb\":{\"@id\":\"https:\\\/\\\/www.bellunopress.it\\\/2019\\\/12\\\/30\\\/giovani-e-bellissime-clarissa-bevilacqua-e-rebecca-taio-le-due-artiste-che-il-4-gennaio-riceveranno-a-cortina-il-premio-bagus\\\/#breadcrumb\"},\"inLanguage\":\"fr-FR\",\"potentialAction\":[{\"@type\":\"ReadAction\",\"target\":[\"https:\\\/\\\/www.bellunopress.it\\\/2019\\\/12\\\/30\\\/giovani-e-bellissime-clarissa-bevilacqua-e-rebecca-taio-le-due-artiste-che-il-4-gennaio-riceveranno-a-cortina-il-premio-bagus\\\/\"]}]},{\"@type\":\"ImageObject\",\"inLanguage\":\"fr-FR\",\"@id\":\"https:\\\/\\\/www.bellunopress.it\\\/2019\\\/12\\\/30\\\/giovani-e-bellissime-clarissa-bevilacqua-e-rebecca-taio-le-due-artiste-che-il-4-gennaio-riceveranno-a-cortina-il-premio-bagus\\\/#primaryimage\",\"url\":\"http:\\\/\\\/www.bellunopress.it\\\/wp-content\\\/uploads\\\/2019\\\/12\\\/clarissa-bevilacqua.jpg\",\"contentUrl\":\"http:\\\/\\\/www.bellunopress.it\\\/wp-content\\\/uploads\\\/2019\\\/12\\\/clarissa-bevilacqua.jpg\"},{\"@type\":\"BreadcrumbList\",\"@id\":\"https:\\\/\\\/www.bellunopress.it\\\/2019\\\/12\\\/30\\\/giovani-e-bellissime-clarissa-bevilacqua-e-rebecca-taio-le-due-artiste-che-il-4-gennaio-riceveranno-a-cortina-il-premio-bagus\\\/#breadcrumb\",\"itemListElement\":[{\"@type\":\"ListItem\",\"position\":1,\"name\":\"Home\",\"item\":\"https:\\\/\\\/www.bellunopress.it\\\/\"},{\"@type\":\"ListItem\",\"position\":2,\"name\":\"Giovani e bellissime: Clarissa Bevilacqua e Rebecca Taio, le due artiste che il 4 gennaio riceveranno a Cortina il premio Bagus\"}]},{\"@type\":\"WebSite\",\"@id\":\"https:\\\/\\\/www.bellunopress.it\\\/#website\",\"url\":\"https:\\\/\\\/www.bellunopress.it\\\/\",\"name\":\"Bellunopress - Dolomiti\",\"description\":\"e-mail: redazione@bellunopress.it\",\"publisher\":{\"@id\":\"https:\\\/\\\/www.bellunopress.it\\\/#organization\"},\"potentialAction\":[{\"@type\":\"SearchAction\",\"target\":{\"@type\":\"EntryPoint\",\"urlTemplate\":\"https:\\\/\\\/www.bellunopress.it\\\/?s={search_term_string}\"},\"query-input\":{\"@type\":\"PropertyValueSpecification\",\"valueRequired\":true,\"valueName\":\"search_term_string\"}}],\"inLanguage\":\"fr-FR\"},{\"@type\":\"Organization\",\"@id\":\"https:\\\/\\\/www.bellunopress.it\\\/#organization\",\"name\":\"Bellunopress\",\"url\":\"https:\\\/\\\/www.bellunopress.it\\\/\",\"logo\":{\"@type\":\"ImageObject\",\"inLanguage\":\"fr-FR\",\"@id\":\"https:\\\/\\\/www.bellunopress.it\\\/#\\\/schema\\\/logo\\\/image\\\/\",\"url\":\"https:\\\/\\\/www.bellunopress.it\\\/wp-content\\\/uploads\\\/2011\\\/05\\\/cropped-logo-bellunopress-.jpg\",\"contentUrl\":\"https:\\\/\\\/www.bellunopress.it\\\/wp-content\\\/uploads\\\/2011\\\/05\\\/cropped-logo-bellunopress-.jpg\",\"width\":512,\"height\":512,\"caption\":\"Bellunopress\"},\"image\":{\"@id\":\"https:\\\/\\\/www.bellunopress.it\\\/#\\\/schema\\\/logo\\\/image\\\/\"},\"sameAs\":[\"https:\\\/\\\/www.facebook.com\\\/profile.php?id=100008943462799\",\"https:\\\/\\\/x.com\\\/bellunopress\",\"https:\\\/\\\/www.linkedin.com\\\/hp\\\/?dnr=JBzUWaJfMUw8vbXJJ2tVW5-I3jZKvC4wsoxE&amp;amp;amp;amp;amp;amp;trk=nav_responsive_tab_home\",\"https:\\\/\\\/www.youtube.com\\\/channel\\\/UCxL0wu1uN0_3_7hGG0306cw\"]},{\"@type\":\"Person\",\"@id\":\"https:\\\/\\\/www.bellunopress.it\\\/#\\\/schema\\\/person\\\/79bb06722b37ece1c03d3e94beb30d73\",\"name\":\"redazione\",\"image\":{\"@type\":\"ImageObject\",\"inLanguage\":\"fr-FR\",\"@id\":\"https:\\\/\\\/secure.gravatar.com\\\/avatar\\\/37d968a2e67a6fd04c169c4bdef102d0bc5d31b2546345219e348575eb80e9a0?s=96&d=mm&r=g\",\"url\":\"https:\\\/\\\/secure.gravatar.com\\\/avatar\\\/37d968a2e67a6fd04c169c4bdef102d0bc5d31b2546345219e348575eb80e9a0?s=96&d=mm&r=g\",\"contentUrl\":\"https:\\\/\\\/secure.gravatar.com\\\/avatar\\\/37d968a2e67a6fd04c169c4bdef102d0bc5d31b2546345219e348575eb80e9a0?s=96&d=mm&r=g\",\"caption\":\"redazione\"},\"sameAs\":[\"http:\\\/\\\/www.bellunopress.it\",\"https:\\\/\\\/x.com\\\/bellunopress\"],\"url\":\"https:\\\/\\\/www.bellunopress.it\\\/fr\\\/author\\\/redazione\\\/\"}]}<\/script>\n<!-- \/ Yoast SEO plugin. -->","yoast_head_json":{"title":"Giovani e bellissime: Clarissa Bevilacqua e Rebecca Taio, le due artiste che il 4 gennaio riceveranno a Cortina il premio Bagus - Bellunopress - Dolomiti","robots":{"index":"index","follow":"follow","max-snippet":"max-snippet:-1","max-image-preview":"max-image-preview:large","max-video-preview":"max-video-preview:-1"},"canonical":"https:\/\/www.bellunopress.it\/fr\/2019\/12\/30\/giovani-e-bellissime-clarissa-bevilacqua-e-rebecca-taio-le-due-artiste-che-il-4-gennaio-riceveranno-a-cortina-il-premio-bagus\/","og_locale":"fr_FR","og_type":"article","og_title":"Giovani e bellissime: Clarissa Bevilacqua e Rebecca Taio, le due artiste che il 4 gennaio riceveranno a Cortina il premio Bagus - Bellunopress - Dolomiti","og_description":"Una \u00e8 la pi\u00f9 giovane musicista italiana autorizzata a suonare uno Stradivari. L\u2019altra \u00e8 una polistrumentista, talento puro al flauto traverso e al violoncello. Stiamo parlando, rispettivamente, di Clarissa Bevilacqua e Rebecca Taio, due dei pi\u00f9 luminosi astri nascenti nel panorama della musica classica made in Italy. Sabato 4 gennaio 2020 le due artiste riceveranno [&hellip;]","og_url":"https:\/\/www.bellunopress.it\/fr\/2019\/12\/30\/giovani-e-bellissime-clarissa-bevilacqua-e-rebecca-taio-le-due-artiste-che-il-4-gennaio-riceveranno-a-cortina-il-premio-bagus\/","og_site_name":"Bellunopress - Dolomiti","article_publisher":"https:\/\/www.facebook.com\/profile.php?id=100008943462799","article_published_time":"2019-12-30T12:58:28+00:00","og_image":[{"url":"http:\/\/www.bellunopress.it\/wp-content\/uploads\/2019\/12\/clarissa-bevilacqua.jpg","type":"","width":"","height":""}],"author":"redazione","twitter_card":"summary_large_image","twitter_creator":"@bellunopress","twitter_site":"@bellunopress","twitter_misc":{"\u00c9crit par":"redazione","Dur\u00e9e de lecture estim\u00e9e":"4 minutes"},"schema":{"@context":"https:\/\/schema.org","@graph":[{"@type":"Article","@id":"https:\/\/www.bellunopress.it\/2019\/12\/30\/giovani-e-bellissime-clarissa-bevilacqua-e-rebecca-taio-le-due-artiste-che-il-4-gennaio-riceveranno-a-cortina-il-premio-bagus\/#article","isPartOf":{"@id":"https:\/\/www.bellunopress.it\/2019\/12\/30\/giovani-e-bellissime-clarissa-bevilacqua-e-rebecca-taio-le-due-artiste-che-il-4-gennaio-riceveranno-a-cortina-il-premio-bagus\/"},"author":{"name":"redazione","@id":"https:\/\/www.bellunopress.it\/#\/schema\/person\/79bb06722b37ece1c03d3e94beb30d73"},"headline":"Giovani e bellissime: Clarissa Bevilacqua e Rebecca Taio, le due artiste che il 4 gennaio riceveranno a Cortina il premio Bagus","datePublished":"2019-12-30T12:58:28+00:00","mainEntityOfPage":{"@id":"https:\/\/www.bellunopress.it\/2019\/12\/30\/giovani-e-bellissime-clarissa-bevilacqua-e-rebecca-taio-le-due-artiste-che-il-4-gennaio-riceveranno-a-cortina-il-premio-bagus\/"},"wordCount":870,"publisher":{"@id":"https:\/\/www.bellunopress.it\/#organization"},"image":{"@id":"https:\/\/www.bellunopress.it\/2019\/12\/30\/giovani-e-bellissime-clarissa-bevilacqua-e-rebecca-taio-le-due-artiste-che-il-4-gennaio-riceveranno-a-cortina-il-premio-bagus\/#primaryimage"},"thumbnailUrl":"http:\/\/www.bellunopress.it\/wp-content\/uploads\/2019\/12\/clarissa-bevilacqua.jpg","articleSection":["Appuntamenti, Eventi","Arte, Cultura, Spettacoli, Scienza","Pausa Caff\u00e8"],"inLanguage":"fr-FR"},{"@type":"WebPage","@id":"https:\/\/www.bellunopress.it\/2019\/12\/30\/giovani-e-bellissime-clarissa-bevilacqua-e-rebecca-taio-le-due-artiste-che-il-4-gennaio-riceveranno-a-cortina-il-premio-bagus\/","url":"https:\/\/www.bellunopress.it\/2019\/12\/30\/giovani-e-bellissime-clarissa-bevilacqua-e-rebecca-taio-le-due-artiste-che-il-4-gennaio-riceveranno-a-cortina-il-premio-bagus\/","name":"Giovani e bellissime: Clarissa Bevilacqua e Rebecca Taio, le due artiste che il 4 gennaio riceveranno a Cortina il premio Bagus - Bellunopress - Dolomiti","isPartOf":{"@id":"https:\/\/www.bellunopress.it\/#website"},"primaryImageOfPage":{"@id":"https:\/\/www.bellunopress.it\/2019\/12\/30\/giovani-e-bellissime-clarissa-bevilacqua-e-rebecca-taio-le-due-artiste-che-il-4-gennaio-riceveranno-a-cortina-il-premio-bagus\/#primaryimage"},"image":{"@id":"https:\/\/www.bellunopress.it\/2019\/12\/30\/giovani-e-bellissime-clarissa-bevilacqua-e-rebecca-taio-le-due-artiste-che-il-4-gennaio-riceveranno-a-cortina-il-premio-bagus\/#primaryimage"},"thumbnailUrl":"http:\/\/www.bellunopress.it\/wp-content\/uploads\/2019\/12\/clarissa-bevilacqua.jpg","datePublished":"2019-12-30T12:58:28+00:00","breadcrumb":{"@id":"https:\/\/www.bellunopress.it\/2019\/12\/30\/giovani-e-bellissime-clarissa-bevilacqua-e-rebecca-taio-le-due-artiste-che-il-4-gennaio-riceveranno-a-cortina-il-premio-bagus\/#breadcrumb"},"inLanguage":"fr-FR","potentialAction":[{"@type":"ReadAction","target":["https:\/\/www.bellunopress.it\/2019\/12\/30\/giovani-e-bellissime-clarissa-bevilacqua-e-rebecca-taio-le-due-artiste-che-il-4-gennaio-riceveranno-a-cortina-il-premio-bagus\/"]}]},{"@type":"ImageObject","inLanguage":"fr-FR","@id":"https:\/\/www.bellunopress.it\/2019\/12\/30\/giovani-e-bellissime-clarissa-bevilacqua-e-rebecca-taio-le-due-artiste-che-il-4-gennaio-riceveranno-a-cortina-il-premio-bagus\/#primaryimage","url":"http:\/\/www.bellunopress.it\/wp-content\/uploads\/2019\/12\/clarissa-bevilacqua.jpg","contentUrl":"http:\/\/www.bellunopress.it\/wp-content\/uploads\/2019\/12\/clarissa-bevilacqua.jpg"},{"@type":"BreadcrumbList","@id":"https:\/\/www.bellunopress.it\/2019\/12\/30\/giovani-e-bellissime-clarissa-bevilacqua-e-rebecca-taio-le-due-artiste-che-il-4-gennaio-riceveranno-a-cortina-il-premio-bagus\/#breadcrumb","itemListElement":[{"@type":"ListItem","position":1,"name":"Home","item":"https:\/\/www.bellunopress.it\/"},{"@type":"ListItem","position":2,"name":"Giovani e bellissime: Clarissa Bevilacqua e Rebecca Taio, le due artiste che il 4 gennaio riceveranno a Cortina il premio Bagus"}]},{"@type":"WebSite","@id":"https:\/\/www.bellunopress.it\/#website","url":"https:\/\/www.bellunopress.it\/","name":"Bellunopress - Dolomiti","description":"e-mail: redazione@bellunopress.it","publisher":{"@id":"https:\/\/www.bellunopress.it\/#organization"},"potentialAction":[{"@type":"SearchAction","target":{"@type":"EntryPoint","urlTemplate":"https:\/\/www.bellunopress.it\/?s={search_term_string}"},"query-input":{"@type":"PropertyValueSpecification","valueRequired":true,"valueName":"search_term_string"}}],"inLanguage":"fr-FR"},{"@type":"Organization","@id":"https:\/\/www.bellunopress.it\/#organization","name":"Bellunopress","url":"https:\/\/www.bellunopress.it\/","logo":{"@type":"ImageObject","inLanguage":"fr-FR","@id":"https:\/\/www.bellunopress.it\/#\/schema\/logo\/image\/","url":"https:\/\/www.bellunopress.it\/wp-content\/uploads\/2011\/05\/cropped-logo-bellunopress-.jpg","contentUrl":"https:\/\/www.bellunopress.it\/wp-content\/uploads\/2011\/05\/cropped-logo-bellunopress-.jpg","width":512,"height":512,"caption":"Bellunopress"},"image":{"@id":"https:\/\/www.bellunopress.it\/#\/schema\/logo\/image\/"},"sameAs":["https:\/\/www.facebook.com\/profile.php?id=100008943462799","https:\/\/x.com\/bellunopress","https:\/\/www.linkedin.com\/hp\/?dnr=JBzUWaJfMUw8vbXJJ2tVW5-I3jZKvC4wsoxE&amp;amp;amp;amp;amp;amp;trk=nav_responsive_tab_home","https:\/\/www.youtube.com\/channel\/UCxL0wu1uN0_3_7hGG0306cw"]},{"@type":"Person","@id":"https:\/\/www.bellunopress.it\/#\/schema\/person\/79bb06722b37ece1c03d3e94beb30d73","name":"r\u00e9daction","image":{"@type":"ImageObject","inLanguage":"fr-FR","@id":"https:\/\/secure.gravatar.com\/avatar\/37d968a2e67a6fd04c169c4bdef102d0bc5d31b2546345219e348575eb80e9a0?s=96&d=mm&r=g","url":"https:\/\/secure.gravatar.com\/avatar\/37d968a2e67a6fd04c169c4bdef102d0bc5d31b2546345219e348575eb80e9a0?s=96&d=mm&r=g","contentUrl":"https:\/\/secure.gravatar.com\/avatar\/37d968a2e67a6fd04c169c4bdef102d0bc5d31b2546345219e348575eb80e9a0?s=96&d=mm&r=g","caption":"redazione"},"sameAs":["http:\/\/www.bellunopress.it","https:\/\/x.com\/bellunopress"],"url":"https:\/\/www.bellunopress.it\/fr\/author\/redazione\/"}]}},"_links":{"self":[{"href":"https:\/\/www.bellunopress.it\/fr\/wp-json\/wp\/v2\/posts\/110837","targetHints":{"allow":["GET"]}}],"collection":[{"href":"https:\/\/www.bellunopress.it\/fr\/wp-json\/wp\/v2\/posts"}],"about":[{"href":"https:\/\/www.bellunopress.it\/fr\/wp-json\/wp\/v2\/types\/post"}],"author":[{"embeddable":true,"href":"https:\/\/www.bellunopress.it\/fr\/wp-json\/wp\/v2\/users\/2"}],"replies":[{"embeddable":true,"href":"https:\/\/www.bellunopress.it\/fr\/wp-json\/wp\/v2\/comments?post=110837"}],"version-history":[{"count":2,"href":"https:\/\/www.bellunopress.it\/fr\/wp-json\/wp\/v2\/posts\/110837\/revisions"}],"predecessor-version":[{"id":110841,"href":"https:\/\/www.bellunopress.it\/fr\/wp-json\/wp\/v2\/posts\/110837\/revisions\/110841"}],"wp:attachment":[{"href":"https:\/\/www.bellunopress.it\/fr\/wp-json\/wp\/v2\/media?parent=110837"}],"wp:term":[{"taxonomy":"category","embeddable":true,"href":"https:\/\/www.bellunopress.it\/fr\/wp-json\/wp\/v2\/categories?post=110837"},{"taxonomy":"post_tag","embeddable":true,"href":"https:\/\/www.bellunopress.it\/fr\/wp-json\/wp\/v2\/tags?post=110837"}],"curies":[{"name":"wp","href":"https:\/\/api.w.org\/{rel}","templated":true}]}}