{"id":110803,"date":"2019-12-28T23:04:42","date_gmt":"2019-12-28T22:04:42","guid":{"rendered":"http:\/\/www.bellunopress.it\/?p=110803"},"modified":"2019-12-30T20:54:12","modified_gmt":"2019-12-30T19:54:12","slug":"a-san-pietro-di-cadore-e-danta-la-presentazione-de-una-montagna-olimpica-60-storie-delle-montagne-bellunesi-e-dolomitiche-di-stefano-vietina","status":"publish","type":"post","link":"https:\/\/www.bellunopress.it\/fr\/2019\/12\/28\/a-san-pietro-di-cadore-e-danta-la-presentazione-de-una-montagna-olimpica-60-storie-delle-montagne-bellunesi-e-dolomitiche-di-stefano-vietina\/","title":{"rendered":"A San Pietro di Cadore e Danta\u00a0la presentazione de &#8220;Una montagna Olimpica&#8221;\u00a060 storie delle montagne bellunesi e dolomitiche di Stefano Vietina"},"content":{"rendered":"<p>Prime presentazioni del libro &#8220;Una montagna Olimpica&#8221; di Stefano Vietina.\u00a0 Sabato 28 dicembre 2019 a Palazzo Poli di San Pietro di Cadore, alle ore 20,30; e domenica 29 dicembre alla stessa ora, nella Sala delle Regola di Danta.<\/p>\n<p><a href=\"http:\/\/www.bellunopress.it\/fr\/2019\/12\/28\/a-san-pietro-di-cadore-e-danta-la-presentazione-de-una-montagna-olimpica-60-storie-delle-montagne-bellunesi-e-dolomitiche-di-stefano-vietina\/una-montagna-olimpica-vietina\/\" rel=\"attachment wp-att-110804\"><img loading=\"lazy\" decoding=\"async\" class=\"alignleft size-full wp-image-110804\" src=\"http:\/\/www.bellunopress.it\/wp-content\/uploads\/2019\/12\/Una-Montagna-Olimpica-Vietina.png\" alt=\"\" width=\"221\" height=\"300\" \/><\/a>&#8220;Cortina d&#8217;Ampezzo \u2013 spiega l&#8217;autore &#8211; \u00e8 la regina di un&#8217;area che, grazie ai Mondiali di sci 2021 ed alle Olimpiadi invernali 2026, si accinge a diventare la zona del nostro Paese con il pi\u00f9 alto potenziale di sviluppo; dove si concentreranno investimenti ed energie per farne l&#8217;esempio, agli occhi del mondo, di un&#8217;Italia vincente. Ma accanto a Cortina ci sono anche il Comelico ed il Cadore, valli ad alto tasso di spopolamento, che pure lottano per riconquistare la dinamicit\u00e0 e lo splendore smarriti negli ultimi decenni.&#8221;<\/p>\n<p>&#8220;E questo con il perfetto spirito olimpico di Pierre de Coubertin, ovvero nella consapevolezza che l&#8217;importante \u00e8 partecipare, esserci, gareggiare; ma anche con il necessario piglio &#8220;agonistico&#8221; perch\u00e9 poi, quando ti trovi ad affrontare una competizione, in questo caso non solo sportiva, ma anche economica, sociale, politica, devi dare il meglio per cercare di portare a casa almeno una medaglia.&#8221;<\/p>\n<p>Il libro di Stefano Vietina (edizioni Arco, 320 pagine a colori, euro 20,00) racconta proprio di questo: 60 storie, scritte per il Corriere delle Alpi, ma anche per Il Mattino di Padova e Repubblica, su Cortina ed anche sul Comelico e sul Cadore, realt\u00e0 maggiormente periferiche, ma che, con grande coraggio e determinazione, vogliono riconquistare il centro del palcoscenico. Storie di uomini e imprese che fanno vivere, la montagna; storie di artisti, imprenditori, sportivi, inventori, visionari.<\/p>\n<p>Un libro che rivendica, dunque, alla montagna del Comelico, del Cadore e di Cortina il ruolo di faro e di avamposto e la capacit\u00e0 di raccogliere una sfida: in questa montagna olimpica oggi si pu\u00f2 e si deve vivere; la montagna olimpica pu\u00f2 e deve offrire nuove opportunit\u00e0 di lavoro ai suoi figli migliori; la montagna olimpica pu\u00f2 e deve attirare energie nuove anche dalla pianura.<\/p>\n<p>Il libro (www.montagnaolimpica.it) porta cos\u00ec alla luce un mondo a volte poco noto, spesso anche alle valli vicine; e vuole essere uno sprone per tanti giovani in cerca di identit\u00e0 e futuro; nonch\u00e9 un omaggio a chi ha voluto rimanere a vivere e lavorare lass\u00f9, ha lottato ed oggi merita di raccogliere i frutti di questa sfida. Il libro pu\u00f2 essere richiesto all&#8217;indirizzo arcocomunicazione@gmail.com.<\/p>","protected":false},"excerpt":{"rendered":"<p>Prime presentazioni del libro &#8220;Una montagna Olimpica&#8221; di Stefano Vietina.\u00a0 Sabato 28 dicembre 2019 a Palazzo Poli di San Pietro di Cadore, alle ore 20,30; e domenica 29 dicembre alla stessa ora, nella Sala delle Regola di Danta. &#8220;Cortina d&#8217;Ampezzo \u2013 spiega l&#8217;autore &#8211; \u00e8 la regina di un&#8217;area che, grazie ai Mondiali di sci [&hellip;]<\/p>\n","protected":false},"author":2,"featured_media":0,"comment_status":"closed","ping_status":"open","sticky":false,"template":"","format":"standard","meta":{"footnotes":""},"categories":[27,3],"tags":[],"class_list":["post-110803","post","type-post","status-publish","format-standard","category-appuntamenti","category-arte-cultura-spettacoli-scienza-archivi"],"yoast_head":"<!-- This site is optimized with the Yoast SEO plugin v28.4 - https:\/\/yoast.com\/product\/yoast-seo-wordpress\/ -->\n<title>A San Pietro di Cadore e Danta\u00a0la presentazione de &quot;Una montagna Olimpica&quot;\u00a060 storie delle montagne bellunesi e dolomitiche di Stefano Vietina - Bellunopress - Dolomiti<\/title>\n<meta name=\"robots\" content=\"index, follow, max-snippet:-1, max-image-preview:large, max-video-preview:-1\" \/>\n<link rel=\"canonical\" href=\"https:\/\/www.bellunopress.it\/fr\/2019\/12\/28\/a-san-pietro-di-cadore-e-danta-la-presentazione-de-una-montagna-olimpica-60-storie-delle-montagne-bellunesi-e-dolomitiche-di-stefano-vietina\/\" \/>\n<meta property=\"og:locale\" content=\"fr_FR\" \/>\n<meta property=\"og:type\" content=\"article\" \/>\n<meta property=\"og:title\" content=\"A San Pietro di Cadore e Danta\u00a0la presentazione de &quot;Una montagna Olimpica&quot;\u00a060 storie delle montagne bellunesi e dolomitiche di Stefano Vietina - Bellunopress - Dolomiti\" \/>\n<meta property=\"og:description\" content=\"Prime presentazioni del libro &#8220;Una montagna Olimpica&#8221; di Stefano Vietina.\u00a0 Sabato 28 dicembre 2019 a Palazzo Poli di San Pietro di Cadore, alle ore 20,30; e domenica 29 dicembre alla stessa ora, nella Sala delle Regola di Danta. &#8220;Cortina d&#8217;Ampezzo \u2013 spiega l&#8217;autore &#8211; \u00e8 la regina di un&#8217;area che, grazie ai Mondiali di sci [&hellip;]\" \/>\n<meta property=\"og:url\" content=\"https:\/\/www.bellunopress.it\/fr\/2019\/12\/28\/a-san-pietro-di-cadore-e-danta-la-presentazione-de-una-montagna-olimpica-60-storie-delle-montagne-bellunesi-e-dolomitiche-di-stefano-vietina\/\" \/>\n<meta property=\"og:site_name\" content=\"Bellunopress - Dolomiti\" \/>\n<meta property=\"article:publisher\" content=\"https:\/\/www.facebook.com\/profile.php?id=100008943462799\" \/>\n<meta property=\"article:published_time\" content=\"2019-12-28T22:04:42+00:00\" \/>\n<meta property=\"article:modified_time\" content=\"2019-12-30T19:54:12+00:00\" \/>\n<meta property=\"og:image\" content=\"http:\/\/www.bellunopress.it\/wp-content\/uploads\/2019\/12\/Una-Montagna-Olimpica-Vietina.png\" \/>\n<meta name=\"author\" content=\"redazione\" \/>\n<meta name=\"twitter:card\" content=\"summary_large_image\" \/>\n<meta name=\"twitter:creator\" content=\"@bellunopress\" \/>\n<meta name=\"twitter:site\" content=\"@bellunopress\" \/>\n<meta name=\"twitter:label1\" content=\"\u00c9crit par\" \/>\n\t<meta name=\"twitter:data1\" content=\"redazione\" \/>\n\t<meta name=\"twitter:label2\" content=\"Dur\u00e9e de lecture estim\u00e9e\" \/>\n\t<meta name=\"twitter:data2\" content=\"2 minutes\" \/>\n<script type=\"application\/ld+json\" class=\"yoast-schema-graph\">{\"@context\":\"https:\\\/\\\/schema.org\",\"@graph\":[{\"@type\":\"Article\",\"@id\":\"https:\\\/\\\/www.bellunopress.it\\\/2019\\\/12\\\/28\\\/a-san-pietro-di-cadore-e-danta-la-presentazione-de-una-montagna-olimpica-60-storie-delle-montagne-bellunesi-e-dolomitiche-di-stefano-vietina\\\/#article\",\"isPartOf\":{\"@id\":\"https:\\\/\\\/www.bellunopress.it\\\/2019\\\/12\\\/28\\\/a-san-pietro-di-cadore-e-danta-la-presentazione-de-una-montagna-olimpica-60-storie-delle-montagne-bellunesi-e-dolomitiche-di-stefano-vietina\\\/\"},\"author\":{\"name\":\"redazione\",\"@id\":\"https:\\\/\\\/www.bellunopress.it\\\/#\\\/schema\\\/person\\\/79bb06722b37ece1c03d3e94beb30d73\"},\"headline\":\"A San Pietro di Cadore e Danta\u00a0la presentazione de &#8220;Una montagna Olimpica&#8221;\u00a060 storie delle montagne bellunesi e dolomitiche di Stefano Vietina\",\"datePublished\":\"2019-12-28T22:04:42+00:00\",\"dateModified\":\"2019-12-30T19:54:12+00:00\",\"mainEntityOfPage\":{\"@id\":\"https:\\\/\\\/www.bellunopress.it\\\/2019\\\/12\\\/28\\\/a-san-pietro-di-cadore-e-danta-la-presentazione-de-una-montagna-olimpica-60-storie-delle-montagne-bellunesi-e-dolomitiche-di-stefano-vietina\\\/\"},\"wordCount\":412,\"publisher\":{\"@id\":\"https:\\\/\\\/www.bellunopress.it\\\/#organization\"},\"image\":{\"@id\":\"https:\\\/\\\/www.bellunopress.it\\\/2019\\\/12\\\/28\\\/a-san-pietro-di-cadore-e-danta-la-presentazione-de-una-montagna-olimpica-60-storie-delle-montagne-bellunesi-e-dolomitiche-di-stefano-vietina\\\/#primaryimage\"},\"thumbnailUrl\":\"http:\\\/\\\/www.bellunopress.it\\\/wp-content\\\/uploads\\\/2019\\\/12\\\/Una-Montagna-Olimpica-Vietina.png\",\"articleSection\":[\"Appuntamenti, Eventi\",\"Arte, Cultura, Spettacoli, Scienza\"],\"inLanguage\":\"fr-FR\"},{\"@type\":\"WebPage\",\"@id\":\"https:\\\/\\\/www.bellunopress.it\\\/2019\\\/12\\\/28\\\/a-san-pietro-di-cadore-e-danta-la-presentazione-de-una-montagna-olimpica-60-storie-delle-montagne-bellunesi-e-dolomitiche-di-stefano-vietina\\\/\",\"url\":\"https:\\\/\\\/www.bellunopress.it\\\/2019\\\/12\\\/28\\\/a-san-pietro-di-cadore-e-danta-la-presentazione-de-una-montagna-olimpica-60-storie-delle-montagne-bellunesi-e-dolomitiche-di-stefano-vietina\\\/\",\"name\":\"A San Pietro di Cadore e Danta\u00a0la presentazione de \\\"Una montagna Olimpica\\\"\u00a060 storie delle montagne bellunesi e dolomitiche di Stefano Vietina - Bellunopress - Dolomiti\",\"isPartOf\":{\"@id\":\"https:\\\/\\\/www.bellunopress.it\\\/#website\"},\"primaryImageOfPage\":{\"@id\":\"https:\\\/\\\/www.bellunopress.it\\\/2019\\\/12\\\/28\\\/a-san-pietro-di-cadore-e-danta-la-presentazione-de-una-montagna-olimpica-60-storie-delle-montagne-bellunesi-e-dolomitiche-di-stefano-vietina\\\/#primaryimage\"},\"image\":{\"@id\":\"https:\\\/\\\/www.bellunopress.it\\\/2019\\\/12\\\/28\\\/a-san-pietro-di-cadore-e-danta-la-presentazione-de-una-montagna-olimpica-60-storie-delle-montagne-bellunesi-e-dolomitiche-di-stefano-vietina\\\/#primaryimage\"},\"thumbnailUrl\":\"http:\\\/\\\/www.bellunopress.it\\\/wp-content\\\/uploads\\\/2019\\\/12\\\/Una-Montagna-Olimpica-Vietina.png\",\"datePublished\":\"2019-12-28T22:04:42+00:00\",\"dateModified\":\"2019-12-30T19:54:12+00:00\",\"breadcrumb\":{\"@id\":\"https:\\\/\\\/www.bellunopress.it\\\/2019\\\/12\\\/28\\\/a-san-pietro-di-cadore-e-danta-la-presentazione-de-una-montagna-olimpica-60-storie-delle-montagne-bellunesi-e-dolomitiche-di-stefano-vietina\\\/#breadcrumb\"},\"inLanguage\":\"fr-FR\",\"potentialAction\":[{\"@type\":\"ReadAction\",\"target\":[\"https:\\\/\\\/www.bellunopress.it\\\/2019\\\/12\\\/28\\\/a-san-pietro-di-cadore-e-danta-la-presentazione-de-una-montagna-olimpica-60-storie-delle-montagne-bellunesi-e-dolomitiche-di-stefano-vietina\\\/\"]}]},{\"@type\":\"ImageObject\",\"inLanguage\":\"fr-FR\",\"@id\":\"https:\\\/\\\/www.bellunopress.it\\\/2019\\\/12\\\/28\\\/a-san-pietro-di-cadore-e-danta-la-presentazione-de-una-montagna-olimpica-60-storie-delle-montagne-bellunesi-e-dolomitiche-di-stefano-vietina\\\/#primaryimage\",\"url\":\"http:\\\/\\\/www.bellunopress.it\\\/wp-content\\\/uploads\\\/2019\\\/12\\\/Una-Montagna-Olimpica-Vietina.png\",\"contentUrl\":\"http:\\\/\\\/www.bellunopress.it\\\/wp-content\\\/uploads\\\/2019\\\/12\\\/Una-Montagna-Olimpica-Vietina.png\"},{\"@type\":\"BreadcrumbList\",\"@id\":\"https:\\\/\\\/www.bellunopress.it\\\/2019\\\/12\\\/28\\\/a-san-pietro-di-cadore-e-danta-la-presentazione-de-una-montagna-olimpica-60-storie-delle-montagne-bellunesi-e-dolomitiche-di-stefano-vietina\\\/#breadcrumb\",\"itemListElement\":[{\"@type\":\"ListItem\",\"position\":1,\"name\":\"Home\",\"item\":\"https:\\\/\\\/www.bellunopress.it\\\/\"},{\"@type\":\"ListItem\",\"position\":2,\"name\":\"A San Pietro di Cadore e Danta\u00a0la presentazione de &#8220;Una montagna Olimpica&#8221;\u00a060 storie delle montagne bellunesi e dolomitiche di Stefano Vietina\"}]},{\"@type\":\"WebSite\",\"@id\":\"https:\\\/\\\/www.bellunopress.it\\\/#website\",\"url\":\"https:\\\/\\\/www.bellunopress.it\\\/\",\"name\":\"Bellunopress - Dolomiti\",\"description\":\"e-mail: redazione@bellunopress.it\",\"publisher\":{\"@id\":\"https:\\\/\\\/www.bellunopress.it\\\/#organization\"},\"potentialAction\":[{\"@type\":\"SearchAction\",\"target\":{\"@type\":\"EntryPoint\",\"urlTemplate\":\"https:\\\/\\\/www.bellunopress.it\\\/?s={search_term_string}\"},\"query-input\":{\"@type\":\"PropertyValueSpecification\",\"valueRequired\":true,\"valueName\":\"search_term_string\"}}],\"inLanguage\":\"fr-FR\"},{\"@type\":\"Organization\",\"@id\":\"https:\\\/\\\/www.bellunopress.it\\\/#organization\",\"name\":\"Bellunopress\",\"url\":\"https:\\\/\\\/www.bellunopress.it\\\/\",\"logo\":{\"@type\":\"ImageObject\",\"inLanguage\":\"fr-FR\",\"@id\":\"https:\\\/\\\/www.bellunopress.it\\\/#\\\/schema\\\/logo\\\/image\\\/\",\"url\":\"https:\\\/\\\/www.bellunopress.it\\\/wp-content\\\/uploads\\\/2011\\\/05\\\/cropped-logo-bellunopress-.jpg\",\"contentUrl\":\"https:\\\/\\\/www.bellunopress.it\\\/wp-content\\\/uploads\\\/2011\\\/05\\\/cropped-logo-bellunopress-.jpg\",\"width\":512,\"height\":512,\"caption\":\"Bellunopress\"},\"image\":{\"@id\":\"https:\\\/\\\/www.bellunopress.it\\\/#\\\/schema\\\/logo\\\/image\\\/\"},\"sameAs\":[\"https:\\\/\\\/www.facebook.com\\\/profile.php?id=100008943462799\",\"https:\\\/\\\/x.com\\\/bellunopress\",\"https:\\\/\\\/www.linkedin.com\\\/hp\\\/?dnr=JBzUWaJfMUw8vbXJJ2tVW5-I3jZKvC4wsoxE&amp;amp;amp;amp;amp;amp;trk=nav_responsive_tab_home\",\"https:\\\/\\\/www.youtube.com\\\/channel\\\/UCxL0wu1uN0_3_7hGG0306cw\"]},{\"@type\":\"Person\",\"@id\":\"https:\\\/\\\/www.bellunopress.it\\\/#\\\/schema\\\/person\\\/79bb06722b37ece1c03d3e94beb30d73\",\"name\":\"redazione\",\"image\":{\"@type\":\"ImageObject\",\"inLanguage\":\"fr-FR\",\"@id\":\"https:\\\/\\\/secure.gravatar.com\\\/avatar\\\/37d968a2e67a6fd04c169c4bdef102d0bc5d31b2546345219e348575eb80e9a0?s=96&d=mm&r=g\",\"url\":\"https:\\\/\\\/secure.gravatar.com\\\/avatar\\\/37d968a2e67a6fd04c169c4bdef102d0bc5d31b2546345219e348575eb80e9a0?s=96&d=mm&r=g\",\"contentUrl\":\"https:\\\/\\\/secure.gravatar.com\\\/avatar\\\/37d968a2e67a6fd04c169c4bdef102d0bc5d31b2546345219e348575eb80e9a0?s=96&d=mm&r=g\",\"caption\":\"redazione\"},\"sameAs\":[\"http:\\\/\\\/www.bellunopress.it\",\"https:\\\/\\\/x.com\\\/bellunopress\"],\"url\":\"https:\\\/\\\/www.bellunopress.it\\\/fr\\\/author\\\/redazione\\\/\"}]}<\/script>\n<!-- \/ Yoast SEO plugin. -->","yoast_head_json":{"title":"A San Pietro di Cadore e Danta\u00a0la presentazione de \"Una montagna Olimpica\"\u00a060 storie delle montagne bellunesi e dolomitiche di Stefano Vietina - Bellunopress - Dolomiti","robots":{"index":"index","follow":"follow","max-snippet":"max-snippet:-1","max-image-preview":"max-image-preview:large","max-video-preview":"max-video-preview:-1"},"canonical":"https:\/\/www.bellunopress.it\/fr\/2019\/12\/28\/a-san-pietro-di-cadore-e-danta-la-presentazione-de-una-montagna-olimpica-60-storie-delle-montagne-bellunesi-e-dolomitiche-di-stefano-vietina\/","og_locale":"fr_FR","og_type":"article","og_title":"A San Pietro di Cadore e Danta\u00a0la presentazione de \"Una montagna Olimpica\"\u00a060 storie delle montagne bellunesi e dolomitiche di Stefano Vietina - Bellunopress - Dolomiti","og_description":"Prime presentazioni del libro &#8220;Una montagna Olimpica&#8221; di Stefano Vietina.\u00a0 Sabato 28 dicembre 2019 a Palazzo Poli di San Pietro di Cadore, alle ore 20,30; e domenica 29 dicembre alla stessa ora, nella Sala delle Regola di Danta. &#8220;Cortina d&#8217;Ampezzo \u2013 spiega l&#8217;autore &#8211; \u00e8 la regina di un&#8217;area che, grazie ai Mondiali di sci [&hellip;]","og_url":"https:\/\/www.bellunopress.it\/fr\/2019\/12\/28\/a-san-pietro-di-cadore-e-danta-la-presentazione-de-una-montagna-olimpica-60-storie-delle-montagne-bellunesi-e-dolomitiche-di-stefano-vietina\/","og_site_name":"Bellunopress - Dolomiti","article_publisher":"https:\/\/www.facebook.com\/profile.php?id=100008943462799","article_published_time":"2019-12-28T22:04:42+00:00","article_modified_time":"2019-12-30T19:54:12+00:00","og_image":[{"url":"http:\/\/www.bellunopress.it\/wp-content\/uploads\/2019\/12\/Una-Montagna-Olimpica-Vietina.png","type":"","width":"","height":""}],"author":"redazione","twitter_card":"summary_large_image","twitter_creator":"@bellunopress","twitter_site":"@bellunopress","twitter_misc":{"\u00c9crit par":"redazione","Dur\u00e9e de lecture estim\u00e9e":"2 minutes"},"schema":{"@context":"https:\/\/schema.org","@graph":[{"@type":"Article","@id":"https:\/\/www.bellunopress.it\/2019\/12\/28\/a-san-pietro-di-cadore-e-danta-la-presentazione-de-una-montagna-olimpica-60-storie-delle-montagne-bellunesi-e-dolomitiche-di-stefano-vietina\/#article","isPartOf":{"@id":"https:\/\/www.bellunopress.it\/2019\/12\/28\/a-san-pietro-di-cadore-e-danta-la-presentazione-de-una-montagna-olimpica-60-storie-delle-montagne-bellunesi-e-dolomitiche-di-stefano-vietina\/"},"author":{"name":"redazione","@id":"https:\/\/www.bellunopress.it\/#\/schema\/person\/79bb06722b37ece1c03d3e94beb30d73"},"headline":"A San Pietro di Cadore e Danta\u00a0la presentazione de &#8220;Una montagna Olimpica&#8221;\u00a060 storie delle montagne bellunesi e dolomitiche di Stefano Vietina","datePublished":"2019-12-28T22:04:42+00:00","dateModified":"2019-12-30T19:54:12+00:00","mainEntityOfPage":{"@id":"https:\/\/www.bellunopress.it\/2019\/12\/28\/a-san-pietro-di-cadore-e-danta-la-presentazione-de-una-montagna-olimpica-60-storie-delle-montagne-bellunesi-e-dolomitiche-di-stefano-vietina\/"},"wordCount":412,"publisher":{"@id":"https:\/\/www.bellunopress.it\/#organization"},"image":{"@id":"https:\/\/www.bellunopress.it\/2019\/12\/28\/a-san-pietro-di-cadore-e-danta-la-presentazione-de-una-montagna-olimpica-60-storie-delle-montagne-bellunesi-e-dolomitiche-di-stefano-vietina\/#primaryimage"},"thumbnailUrl":"http:\/\/www.bellunopress.it\/wp-content\/uploads\/2019\/12\/Una-Montagna-Olimpica-Vietina.png","articleSection":["Appuntamenti, Eventi","Arte, Cultura, Spettacoli, Scienza"],"inLanguage":"fr-FR"},{"@type":"WebPage","@id":"https:\/\/www.bellunopress.it\/2019\/12\/28\/a-san-pietro-di-cadore-e-danta-la-presentazione-de-una-montagna-olimpica-60-storie-delle-montagne-bellunesi-e-dolomitiche-di-stefano-vietina\/","url":"https:\/\/www.bellunopress.it\/2019\/12\/28\/a-san-pietro-di-cadore-e-danta-la-presentazione-de-una-montagna-olimpica-60-storie-delle-montagne-bellunesi-e-dolomitiche-di-stefano-vietina\/","name":"A San Pietro di Cadore e Danta\u00a0la presentazione de \"Una montagna Olimpica\"\u00a060 storie delle montagne bellunesi e dolomitiche di Stefano Vietina - Bellunopress - Dolomiti","isPartOf":{"@id":"https:\/\/www.bellunopress.it\/#website"},"primaryImageOfPage":{"@id":"https:\/\/www.bellunopress.it\/2019\/12\/28\/a-san-pietro-di-cadore-e-danta-la-presentazione-de-una-montagna-olimpica-60-storie-delle-montagne-bellunesi-e-dolomitiche-di-stefano-vietina\/#primaryimage"},"image":{"@id":"https:\/\/www.bellunopress.it\/2019\/12\/28\/a-san-pietro-di-cadore-e-danta-la-presentazione-de-una-montagna-olimpica-60-storie-delle-montagne-bellunesi-e-dolomitiche-di-stefano-vietina\/#primaryimage"},"thumbnailUrl":"http:\/\/www.bellunopress.it\/wp-content\/uploads\/2019\/12\/Una-Montagna-Olimpica-Vietina.png","datePublished":"2019-12-28T22:04:42+00:00","dateModified":"2019-12-30T19:54:12+00:00","breadcrumb":{"@id":"https:\/\/www.bellunopress.it\/2019\/12\/28\/a-san-pietro-di-cadore-e-danta-la-presentazione-de-una-montagna-olimpica-60-storie-delle-montagne-bellunesi-e-dolomitiche-di-stefano-vietina\/#breadcrumb"},"inLanguage":"fr-FR","potentialAction":[{"@type":"ReadAction","target":["https:\/\/www.bellunopress.it\/2019\/12\/28\/a-san-pietro-di-cadore-e-danta-la-presentazione-de-una-montagna-olimpica-60-storie-delle-montagne-bellunesi-e-dolomitiche-di-stefano-vietina\/"]}]},{"@type":"ImageObject","inLanguage":"fr-FR","@id":"https:\/\/www.bellunopress.it\/2019\/12\/28\/a-san-pietro-di-cadore-e-danta-la-presentazione-de-una-montagna-olimpica-60-storie-delle-montagne-bellunesi-e-dolomitiche-di-stefano-vietina\/#primaryimage","url":"http:\/\/www.bellunopress.it\/wp-content\/uploads\/2019\/12\/Una-Montagna-Olimpica-Vietina.png","contentUrl":"http:\/\/www.bellunopress.it\/wp-content\/uploads\/2019\/12\/Una-Montagna-Olimpica-Vietina.png"},{"@type":"BreadcrumbList","@id":"https:\/\/www.bellunopress.it\/2019\/12\/28\/a-san-pietro-di-cadore-e-danta-la-presentazione-de-una-montagna-olimpica-60-storie-delle-montagne-bellunesi-e-dolomitiche-di-stefano-vietina\/#breadcrumb","itemListElement":[{"@type":"ListItem","position":1,"name":"Home","item":"https:\/\/www.bellunopress.it\/"},{"@type":"ListItem","position":2,"name":"A San Pietro di Cadore e Danta\u00a0la presentazione de &#8220;Una montagna Olimpica&#8221;\u00a060 storie delle montagne bellunesi e dolomitiche di Stefano Vietina"}]},{"@type":"WebSite","@id":"https:\/\/www.bellunopress.it\/#website","url":"https:\/\/www.bellunopress.it\/","name":"Bellunopress - Dolomiti","description":"e-mail: redazione@bellunopress.it","publisher":{"@id":"https:\/\/www.bellunopress.it\/#organization"},"potentialAction":[{"@type":"SearchAction","target":{"@type":"EntryPoint","urlTemplate":"https:\/\/www.bellunopress.it\/?s={search_term_string}"},"query-input":{"@type":"PropertyValueSpecification","valueRequired":true,"valueName":"search_term_string"}}],"inLanguage":"fr-FR"},{"@type":"Organization","@id":"https:\/\/www.bellunopress.it\/#organization","name":"Bellunopress","url":"https:\/\/www.bellunopress.it\/","logo":{"@type":"ImageObject","inLanguage":"fr-FR","@id":"https:\/\/www.bellunopress.it\/#\/schema\/logo\/image\/","url":"https:\/\/www.bellunopress.it\/wp-content\/uploads\/2011\/05\/cropped-logo-bellunopress-.jpg","contentUrl":"https:\/\/www.bellunopress.it\/wp-content\/uploads\/2011\/05\/cropped-logo-bellunopress-.jpg","width":512,"height":512,"caption":"Bellunopress"},"image":{"@id":"https:\/\/www.bellunopress.it\/#\/schema\/logo\/image\/"},"sameAs":["https:\/\/www.facebook.com\/profile.php?id=100008943462799","https:\/\/x.com\/bellunopress","https:\/\/www.linkedin.com\/hp\/?dnr=JBzUWaJfMUw8vbXJJ2tVW5-I3jZKvC4wsoxE&amp;amp;amp;amp;amp;amp;trk=nav_responsive_tab_home","https:\/\/www.youtube.com\/channel\/UCxL0wu1uN0_3_7hGG0306cw"]},{"@type":"Person","@id":"https:\/\/www.bellunopress.it\/#\/schema\/person\/79bb06722b37ece1c03d3e94beb30d73","name":"r\u00e9daction","image":{"@type":"ImageObject","inLanguage":"fr-FR","@id":"https:\/\/secure.gravatar.com\/avatar\/37d968a2e67a6fd04c169c4bdef102d0bc5d31b2546345219e348575eb80e9a0?s=96&d=mm&r=g","url":"https:\/\/secure.gravatar.com\/avatar\/37d968a2e67a6fd04c169c4bdef102d0bc5d31b2546345219e348575eb80e9a0?s=96&d=mm&r=g","contentUrl":"https:\/\/secure.gravatar.com\/avatar\/37d968a2e67a6fd04c169c4bdef102d0bc5d31b2546345219e348575eb80e9a0?s=96&d=mm&r=g","caption":"redazione"},"sameAs":["http:\/\/www.bellunopress.it","https:\/\/x.com\/bellunopress"],"url":"https:\/\/www.bellunopress.it\/fr\/author\/redazione\/"}]}},"_links":{"self":[{"href":"https:\/\/www.bellunopress.it\/fr\/wp-json\/wp\/v2\/posts\/110803","targetHints":{"allow":["GET"]}}],"collection":[{"href":"https:\/\/www.bellunopress.it\/fr\/wp-json\/wp\/v2\/posts"}],"about":[{"href":"https:\/\/www.bellunopress.it\/fr\/wp-json\/wp\/v2\/types\/post"}],"author":[{"embeddable":true,"href":"https:\/\/www.bellunopress.it\/fr\/wp-json\/wp\/v2\/users\/2"}],"replies":[{"embeddable":true,"href":"https:\/\/www.bellunopress.it\/fr\/wp-json\/wp\/v2\/comments?post=110803"}],"version-history":[{"count":2,"href":"https:\/\/www.bellunopress.it\/fr\/wp-json\/wp\/v2\/posts\/110803\/revisions"}],"predecessor-version":[{"id":110806,"href":"https:\/\/www.bellunopress.it\/fr\/wp-json\/wp\/v2\/posts\/110803\/revisions\/110806"}],"wp:attachment":[{"href":"https:\/\/www.bellunopress.it\/fr\/wp-json\/wp\/v2\/media?parent=110803"}],"wp:term":[{"taxonomy":"category","embeddable":true,"href":"https:\/\/www.bellunopress.it\/fr\/wp-json\/wp\/v2\/categories?post=110803"},{"taxonomy":"post_tag","embeddable":true,"href":"https:\/\/www.bellunopress.it\/fr\/wp-json\/wp\/v2\/tags?post=110803"}],"curies":[{"name":"wp","href":"https:\/\/api.w.org\/{rel}","templated":true}]}}