{"id":110796,"date":"2019-12-27T23:16:30","date_gmt":"2019-12-27T22:16:30","guid":{"rendered":"http:\/\/www.bellunopress.it\/?p=110796"},"modified":"2020-02-06T13:57:00","modified_gmt":"2020-02-06T12:57:00","slug":"bando-distribuzione-gas-il-risveglio-dei-sindaci-che-vogliono-mantenere-lo-status-quo","status":"publish","type":"post","link":"https:\/\/www.bellunopress.it\/fr\/2019\/12\/27\/bando-distribuzione-gas-il-risveglio-dei-sindaci-che-vogliono-mantenere-lo-status-quo\/","title":{"rendered":"Bando distribuzione gas. Il risveglio dei sindaci che vogliono mantenere lo status quo"},"content":{"rendered":"<p><a href=\"http:\/\/www.bellunopress.it\/fr\/2019\/12\/20\/la-grana-dellaffidamento-del-servizio-di-distribuzione-del-gas-a-buste-aperte-i-comuni-della-provincia-sfiduciano-belluno-per-impedire-laggiudicazione\/gas\/\" rel=\"attachment wp-att-110615\"><img loading=\"lazy\" decoding=\"async\" class=\"alignleft size-full wp-image-110615\" src=\"http:\/\/www.bellunopress.it\/wp-content\/uploads\/2019\/12\/gas-.jpg\" alt=\"\" width=\"300\" height=\"212\" \/><\/a>Belluno, 27 dicembre 2019 &#8211; Se ne \u00e8 parlato anche oggi pomeriggio in consiglio comunale di Belluno con l&#8217;intervento di due tecnici del settore. Gli ingegneri Valeriani e Romiti di Energas Enginering srl, infatti, hanno spiegato la correttezza della procedura adottata dalla stazione appaltante, ossia il Comune di Belluno, nella gara per l&#8217;affidamento del servizio di distribuzione del gas.<\/p>\n<p>L&#8217;8 gennaio 2015 inizia l&#8217;iter tra il Comune di Belluno e Bim Belluno Infrestrutture spa (societ\u00e0 partecipata al 100% dai 65 Comuni bellunesi esclusi Arsi\u00e9 e Lamon) per la determinazione del Vir, il valore industriale della rete del gas. Dopo sei mesi di confronto, il Comune di Belluno e Bim Belluno Infrastrutture, tenuto conto del prezzario della Regione del Veneto, concordano insieme il valore della rete del gas in circa 61 milioni di euro. A gennaio del 2016 tale valore viene confermato dall&#8217;autorit\u00e0 di vigilanza del gas. E fino a questo momento sono tutti d&#8217;accordo, sindaci, Bim Infrastrutture, e stazione appaltante (Comune di Belluno).<br \/>\nMa il 22 novembre 2019 c&#8217;\u00e8 il brusco risveglio dei sindaci riuniti in assemblea Atem (Belluno astenuto) che chiedono alla stazione appaltante, ossia al Comune di Belluno, di interrompere la gara per chiarire il valore della rete di distribuzione (il Vir). Perch\u00e9 qualcuno avrebbe ripreso in mano il prezzario della Camera di Commercio di Trento e secondo questa nuova stima il valore della rete del gas sarebbe salito a 75 milioni, 15 in pi\u00f9 della cifra concordata da tutti in prima battuta nel 2016.<br \/>\nLa gara nel frattempo \u00e8 andata avanti regolarmente. Tant&#8217;\u00e8 vero che il 10 maggio 2019 il Comune di Belluno comunica ai Comuni dell\u2019Atem l\u2019elenco delle societ\u00e0 ammesse alla gara, che sono: 2i Rete Gas spa, Italgas Reti, AP Reti Gas spa, Erogasmet spa.<\/p>\n<p>Attenzione, Bim Belluno Infrastrutture, la societ\u00e0 partecipata dei sindaci che oggi vorrebbero fermare e annullare tutto, non si \u00e8 nemmeno presentata alla gara e qualcuno dovrebbe spiegarci il perch\u00e9.<\/p>\n<p>Sempre a maggio 2019 l&#8217;autorit\u00e0 del gas conferma la correttezza delle procedure adottate.<br \/>\nVa detto, come hanno precisato i tecnici oggi in consiglio comunale, che tra il 2018 e il 2019 sul tavolo tecnico nessuno ha mai presentato richieste volte ad aggiornare il valore della rete gas da 61 a 75 milioni.<\/p>\n<p>Arriviamo al 4 dicembre 2019, le buste vengono aperte: l&#8217;offerta migliore \u00e8 quella di Italgas (che gi\u00e0 distribuisce il gas a Feltre), la societ\u00e0 che fa parte del colosso Cassa Depositi e Prestiti spa,\u00a0 controllata per circa l&#8217;83% dal Ministero dell&#8217;economia e delle finanze e per circa il 16% da diverse fondazioni bancarie.<\/p>\n<p>A questo punto l&#8217;atto di aggiudicazione diventa solo una semplice formalit\u00e0, posto che Italgas ha certamente tutte le carte in regola per gestire il servizio.<br \/>\nMa il 19 dicembre, i sindaci dell\u2019Ambito territoriale bellunese per il gas naturale, riuniti in assemblea, gli stessi che nel 2015 concordarono attraverso Bim Belluno Infrastrutture e Comune di Belluno l&#8217;avvio della gara, adesso votano il ritiro della delega alla stazione appaltante, il Comune di Belluno, per fermare la gara, bench\u00e9 tutto sia stato svolto nel rispetto della normativa e nel rispetto delle procedure.<\/p>\n<p>Cari sindaci, caro Bim Belluno Infrastrutture che non ha nemmeno partecipato alla gara, che prima avevate concordato e oggi contestate, diteci chiaramente che non vi piace la libera concorrenza, l&#8217;economia di mercato, e che volete solo mantenere lo status quo.<br \/>\nRoberto De Nart<\/p>","protected":false},"excerpt":{"rendered":"<p>Belluno, 27 dicembre 2019 &#8211; Se ne \u00e8 parlato anche oggi pomeriggio in consiglio comunale di Belluno con l&#8217;intervento di due tecnici del settore. Gli ingegneri Valeriani e Romiti di Energas Enginering srl, infatti, hanno spiegato la correttezza della procedura adottata dalla stazione appaltante, ossia il Comune di Belluno, nella gara per l&#8217;affidamento del servizio [&hellip;]<\/p>\n","protected":false},"author":2,"featured_media":0,"comment_status":"closed","ping_status":"open","sticky":false,"template":"","format":"standard","meta":{"footnotes":""},"categories":[1],"tags":[],"class_list":["post-110796","post","type-post","status-publish","format-standard","category-leo"],"yoast_head":"<!-- This site is optimized with the Yoast SEO plugin v28.4 - https:\/\/yoast.com\/product\/yoast-seo-wordpress\/ -->\n<title>Bando distribuzione gas. Il risveglio dei sindaci che vogliono mantenere lo status quo - Bellunopress - Dolomiti<\/title>\n<meta name=\"robots\" content=\"index, follow, max-snippet:-1, max-image-preview:large, max-video-preview:-1\" \/>\n<link rel=\"canonical\" href=\"https:\/\/www.bellunopress.it\/fr\/2019\/12\/27\/bando-distribuzione-gas-il-risveglio-dei-sindaci-che-vogliono-mantenere-lo-status-quo\/\" \/>\n<meta property=\"og:locale\" content=\"fr_FR\" \/>\n<meta property=\"og:type\" content=\"article\" \/>\n<meta property=\"og:title\" content=\"Bando distribuzione gas. Il risveglio dei sindaci che vogliono mantenere lo status quo - Bellunopress - Dolomiti\" \/>\n<meta property=\"og:description\" content=\"Belluno, 27 dicembre 2019 &#8211; Se ne \u00e8 parlato anche oggi pomeriggio in consiglio comunale di Belluno con l&#8217;intervento di due tecnici del settore. Gli ingegneri Valeriani e Romiti di Energas Enginering srl, infatti, hanno spiegato la correttezza della procedura adottata dalla stazione appaltante, ossia il Comune di Belluno, nella gara per l&#8217;affidamento del servizio [&hellip;]\" \/>\n<meta property=\"og:url\" content=\"https:\/\/www.bellunopress.it\/fr\/2019\/12\/27\/bando-distribuzione-gas-il-risveglio-dei-sindaci-che-vogliono-mantenere-lo-status-quo\/\" \/>\n<meta property=\"og:site_name\" content=\"Bellunopress - Dolomiti\" \/>\n<meta property=\"article:publisher\" content=\"https:\/\/www.facebook.com\/profile.php?id=100008943462799\" \/>\n<meta property=\"article:published_time\" content=\"2019-12-27T22:16:30+00:00\" \/>\n<meta property=\"article:modified_time\" content=\"2020-02-06T12:57:00+00:00\" \/>\n<meta property=\"og:image\" content=\"http:\/\/www.bellunopress.it\/wp-content\/uploads\/2019\/12\/gas-.jpg\" \/>\n<meta name=\"author\" content=\"redazione\" \/>\n<meta name=\"twitter:card\" content=\"summary_large_image\" \/>\n<meta name=\"twitter:creator\" content=\"@bellunopress\" \/>\n<meta name=\"twitter:site\" content=\"@bellunopress\" \/>\n<meta name=\"twitter:label1\" content=\"\u00c9crit par\" \/>\n\t<meta name=\"twitter:data1\" content=\"redazione\" \/>\n\t<meta name=\"twitter:label2\" content=\"Dur\u00e9e de lecture estim\u00e9e\" \/>\n\t<meta name=\"twitter:data2\" content=\"3 minutes\" \/>\n<script type=\"application\/ld+json\" class=\"yoast-schema-graph\">{\"@context\":\"https:\\\/\\\/schema.org\",\"@graph\":[{\"@type\":\"Article\",\"@id\":\"https:\\\/\\\/www.bellunopress.it\\\/2019\\\/12\\\/27\\\/bando-distribuzione-gas-il-risveglio-dei-sindaci-che-vogliono-mantenere-lo-status-quo\\\/#article\",\"isPartOf\":{\"@id\":\"https:\\\/\\\/www.bellunopress.it\\\/2019\\\/12\\\/27\\\/bando-distribuzione-gas-il-risveglio-dei-sindaci-che-vogliono-mantenere-lo-status-quo\\\/\"},\"author\":{\"name\":\"redazione\",\"@id\":\"https:\\\/\\\/www.bellunopress.it\\\/#\\\/schema\\\/person\\\/79bb06722b37ece1c03d3e94beb30d73\"},\"headline\":\"Bando distribuzione gas. Il risveglio dei sindaci che vogliono mantenere lo status quo\",\"datePublished\":\"2019-12-27T22:16:30+00:00\",\"dateModified\":\"2020-02-06T12:57:00+00:00\",\"mainEntityOfPage\":{\"@id\":\"https:\\\/\\\/www.bellunopress.it\\\/2019\\\/12\\\/27\\\/bando-distribuzione-gas-il-risveglio-dei-sindaci-che-vogliono-mantenere-lo-status-quo\\\/\"},\"wordCount\":555,\"publisher\":{\"@id\":\"https:\\\/\\\/www.bellunopress.it\\\/#organization\"},\"image\":{\"@id\":\"https:\\\/\\\/www.bellunopress.it\\\/2019\\\/12\\\/27\\\/bando-distribuzione-gas-il-risveglio-dei-sindaci-che-vogliono-mantenere-lo-status-quo\\\/#primaryimage\"},\"thumbnailUrl\":\"http:\\\/\\\/www.bellunopress.it\\\/wp-content\\\/uploads\\\/2019\\\/12\\\/gas-.jpg\",\"articleSection\":[\"Lettere Opinioni\"],\"inLanguage\":\"fr-FR\"},{\"@type\":\"WebPage\",\"@id\":\"https:\\\/\\\/www.bellunopress.it\\\/2019\\\/12\\\/27\\\/bando-distribuzione-gas-il-risveglio-dei-sindaci-che-vogliono-mantenere-lo-status-quo\\\/\",\"url\":\"https:\\\/\\\/www.bellunopress.it\\\/2019\\\/12\\\/27\\\/bando-distribuzione-gas-il-risveglio-dei-sindaci-che-vogliono-mantenere-lo-status-quo\\\/\",\"name\":\"Bando distribuzione gas. Il risveglio dei sindaci che vogliono mantenere lo status quo - Bellunopress - Dolomiti\",\"isPartOf\":{\"@id\":\"https:\\\/\\\/www.bellunopress.it\\\/#website\"},\"primaryImageOfPage\":{\"@id\":\"https:\\\/\\\/www.bellunopress.it\\\/2019\\\/12\\\/27\\\/bando-distribuzione-gas-il-risveglio-dei-sindaci-che-vogliono-mantenere-lo-status-quo\\\/#primaryimage\"},\"image\":{\"@id\":\"https:\\\/\\\/www.bellunopress.it\\\/2019\\\/12\\\/27\\\/bando-distribuzione-gas-il-risveglio-dei-sindaci-che-vogliono-mantenere-lo-status-quo\\\/#primaryimage\"},\"thumbnailUrl\":\"http:\\\/\\\/www.bellunopress.it\\\/wp-content\\\/uploads\\\/2019\\\/12\\\/gas-.jpg\",\"datePublished\":\"2019-12-27T22:16:30+00:00\",\"dateModified\":\"2020-02-06T12:57:00+00:00\",\"breadcrumb\":{\"@id\":\"https:\\\/\\\/www.bellunopress.it\\\/2019\\\/12\\\/27\\\/bando-distribuzione-gas-il-risveglio-dei-sindaci-che-vogliono-mantenere-lo-status-quo\\\/#breadcrumb\"},\"inLanguage\":\"fr-FR\",\"potentialAction\":[{\"@type\":\"ReadAction\",\"target\":[\"https:\\\/\\\/www.bellunopress.it\\\/2019\\\/12\\\/27\\\/bando-distribuzione-gas-il-risveglio-dei-sindaci-che-vogliono-mantenere-lo-status-quo\\\/\"]}]},{\"@type\":\"ImageObject\",\"inLanguage\":\"fr-FR\",\"@id\":\"https:\\\/\\\/www.bellunopress.it\\\/2019\\\/12\\\/27\\\/bando-distribuzione-gas-il-risveglio-dei-sindaci-che-vogliono-mantenere-lo-status-quo\\\/#primaryimage\",\"url\":\"http:\\\/\\\/www.bellunopress.it\\\/wp-content\\\/uploads\\\/2019\\\/12\\\/gas-.jpg\",\"contentUrl\":\"http:\\\/\\\/www.bellunopress.it\\\/wp-content\\\/uploads\\\/2019\\\/12\\\/gas-.jpg\"},{\"@type\":\"BreadcrumbList\",\"@id\":\"https:\\\/\\\/www.bellunopress.it\\\/2019\\\/12\\\/27\\\/bando-distribuzione-gas-il-risveglio-dei-sindaci-che-vogliono-mantenere-lo-status-quo\\\/#breadcrumb\",\"itemListElement\":[{\"@type\":\"ListItem\",\"position\":1,\"name\":\"Home\",\"item\":\"https:\\\/\\\/www.bellunopress.it\\\/\"},{\"@type\":\"ListItem\",\"position\":2,\"name\":\"Bando distribuzione gas. Il risveglio dei sindaci che vogliono mantenere lo status quo\"}]},{\"@type\":\"WebSite\",\"@id\":\"https:\\\/\\\/www.bellunopress.it\\\/#website\",\"url\":\"https:\\\/\\\/www.bellunopress.it\\\/\",\"name\":\"Bellunopress - Dolomiti\",\"description\":\"e-mail: redazione@bellunopress.it\",\"publisher\":{\"@id\":\"https:\\\/\\\/www.bellunopress.it\\\/#organization\"},\"potentialAction\":[{\"@type\":\"SearchAction\",\"target\":{\"@type\":\"EntryPoint\",\"urlTemplate\":\"https:\\\/\\\/www.bellunopress.it\\\/?s={search_term_string}\"},\"query-input\":{\"@type\":\"PropertyValueSpecification\",\"valueRequired\":true,\"valueName\":\"search_term_string\"}}],\"inLanguage\":\"fr-FR\"},{\"@type\":\"Organization\",\"@id\":\"https:\\\/\\\/www.bellunopress.it\\\/#organization\",\"name\":\"Bellunopress\",\"url\":\"https:\\\/\\\/www.bellunopress.it\\\/\",\"logo\":{\"@type\":\"ImageObject\",\"inLanguage\":\"fr-FR\",\"@id\":\"https:\\\/\\\/www.bellunopress.it\\\/#\\\/schema\\\/logo\\\/image\\\/\",\"url\":\"https:\\\/\\\/www.bellunopress.it\\\/wp-content\\\/uploads\\\/2011\\\/05\\\/cropped-logo-bellunopress-.jpg\",\"contentUrl\":\"https:\\\/\\\/www.bellunopress.it\\\/wp-content\\\/uploads\\\/2011\\\/05\\\/cropped-logo-bellunopress-.jpg\",\"width\":512,\"height\":512,\"caption\":\"Bellunopress\"},\"image\":{\"@id\":\"https:\\\/\\\/www.bellunopress.it\\\/#\\\/schema\\\/logo\\\/image\\\/\"},\"sameAs\":[\"https:\\\/\\\/www.facebook.com\\\/profile.php?id=100008943462799\",\"https:\\\/\\\/x.com\\\/bellunopress\",\"https:\\\/\\\/www.linkedin.com\\\/hp\\\/?dnr=JBzUWaJfMUw8vbXJJ2tVW5-I3jZKvC4wsoxE&amp;amp;amp;amp;amp;amp;trk=nav_responsive_tab_home\",\"https:\\\/\\\/www.youtube.com\\\/channel\\\/UCxL0wu1uN0_3_7hGG0306cw\"]},{\"@type\":\"Person\",\"@id\":\"https:\\\/\\\/www.bellunopress.it\\\/#\\\/schema\\\/person\\\/79bb06722b37ece1c03d3e94beb30d73\",\"name\":\"redazione\",\"image\":{\"@type\":\"ImageObject\",\"inLanguage\":\"fr-FR\",\"@id\":\"https:\\\/\\\/secure.gravatar.com\\\/avatar\\\/37d968a2e67a6fd04c169c4bdef102d0bc5d31b2546345219e348575eb80e9a0?s=96&d=mm&r=g\",\"url\":\"https:\\\/\\\/secure.gravatar.com\\\/avatar\\\/37d968a2e67a6fd04c169c4bdef102d0bc5d31b2546345219e348575eb80e9a0?s=96&d=mm&r=g\",\"contentUrl\":\"https:\\\/\\\/secure.gravatar.com\\\/avatar\\\/37d968a2e67a6fd04c169c4bdef102d0bc5d31b2546345219e348575eb80e9a0?s=96&d=mm&r=g\",\"caption\":\"redazione\"},\"sameAs\":[\"http:\\\/\\\/www.bellunopress.it\",\"https:\\\/\\\/x.com\\\/bellunopress\"],\"url\":\"https:\\\/\\\/www.bellunopress.it\\\/fr\\\/author\\\/redazione\\\/\"}]}<\/script>\n<!-- \/ Yoast SEO plugin. -->","yoast_head_json":{"title":"Bando distribuzione gas. Il risveglio dei sindaci che vogliono mantenere lo status quo - Bellunopress - Dolomiti","robots":{"index":"index","follow":"follow","max-snippet":"max-snippet:-1","max-image-preview":"max-image-preview:large","max-video-preview":"max-video-preview:-1"},"canonical":"https:\/\/www.bellunopress.it\/fr\/2019\/12\/27\/bando-distribuzione-gas-il-risveglio-dei-sindaci-che-vogliono-mantenere-lo-status-quo\/","og_locale":"fr_FR","og_type":"article","og_title":"Bando distribuzione gas. Il risveglio dei sindaci che vogliono mantenere lo status quo - Bellunopress - Dolomiti","og_description":"Belluno, 27 dicembre 2019 &#8211; Se ne \u00e8 parlato anche oggi pomeriggio in consiglio comunale di Belluno con l&#8217;intervento di due tecnici del settore. Gli ingegneri Valeriani e Romiti di Energas Enginering srl, infatti, hanno spiegato la correttezza della procedura adottata dalla stazione appaltante, ossia il Comune di Belluno, nella gara per l&#8217;affidamento del servizio [&hellip;]","og_url":"https:\/\/www.bellunopress.it\/fr\/2019\/12\/27\/bando-distribuzione-gas-il-risveglio-dei-sindaci-che-vogliono-mantenere-lo-status-quo\/","og_site_name":"Bellunopress - Dolomiti","article_publisher":"https:\/\/www.facebook.com\/profile.php?id=100008943462799","article_published_time":"2019-12-27T22:16:30+00:00","article_modified_time":"2020-02-06T12:57:00+00:00","og_image":[{"url":"http:\/\/www.bellunopress.it\/wp-content\/uploads\/2019\/12\/gas-.jpg","type":"","width":"","height":""}],"author":"redazione","twitter_card":"summary_large_image","twitter_creator":"@bellunopress","twitter_site":"@bellunopress","twitter_misc":{"\u00c9crit par":"redazione","Dur\u00e9e de lecture estim\u00e9e":"3 minutes"},"schema":{"@context":"https:\/\/schema.org","@graph":[{"@type":"Article","@id":"https:\/\/www.bellunopress.it\/2019\/12\/27\/bando-distribuzione-gas-il-risveglio-dei-sindaci-che-vogliono-mantenere-lo-status-quo\/#article","isPartOf":{"@id":"https:\/\/www.bellunopress.it\/2019\/12\/27\/bando-distribuzione-gas-il-risveglio-dei-sindaci-che-vogliono-mantenere-lo-status-quo\/"},"author":{"name":"redazione","@id":"https:\/\/www.bellunopress.it\/#\/schema\/person\/79bb06722b37ece1c03d3e94beb30d73"},"headline":"Bando distribuzione gas. Il risveglio dei sindaci che vogliono mantenere lo status quo","datePublished":"2019-12-27T22:16:30+00:00","dateModified":"2020-02-06T12:57:00+00:00","mainEntityOfPage":{"@id":"https:\/\/www.bellunopress.it\/2019\/12\/27\/bando-distribuzione-gas-il-risveglio-dei-sindaci-che-vogliono-mantenere-lo-status-quo\/"},"wordCount":555,"publisher":{"@id":"https:\/\/www.bellunopress.it\/#organization"},"image":{"@id":"https:\/\/www.bellunopress.it\/2019\/12\/27\/bando-distribuzione-gas-il-risveglio-dei-sindaci-che-vogliono-mantenere-lo-status-quo\/#primaryimage"},"thumbnailUrl":"http:\/\/www.bellunopress.it\/wp-content\/uploads\/2019\/12\/gas-.jpg","articleSection":["Lettere Opinioni"],"inLanguage":"fr-FR"},{"@type":"WebPage","@id":"https:\/\/www.bellunopress.it\/2019\/12\/27\/bando-distribuzione-gas-il-risveglio-dei-sindaci-che-vogliono-mantenere-lo-status-quo\/","url":"https:\/\/www.bellunopress.it\/2019\/12\/27\/bando-distribuzione-gas-il-risveglio-dei-sindaci-che-vogliono-mantenere-lo-status-quo\/","name":"Bando distribuzione gas. Il risveglio dei sindaci che vogliono mantenere lo status quo - Bellunopress - Dolomiti","isPartOf":{"@id":"https:\/\/www.bellunopress.it\/#website"},"primaryImageOfPage":{"@id":"https:\/\/www.bellunopress.it\/2019\/12\/27\/bando-distribuzione-gas-il-risveglio-dei-sindaci-che-vogliono-mantenere-lo-status-quo\/#primaryimage"},"image":{"@id":"https:\/\/www.bellunopress.it\/2019\/12\/27\/bando-distribuzione-gas-il-risveglio-dei-sindaci-che-vogliono-mantenere-lo-status-quo\/#primaryimage"},"thumbnailUrl":"http:\/\/www.bellunopress.it\/wp-content\/uploads\/2019\/12\/gas-.jpg","datePublished":"2019-12-27T22:16:30+00:00","dateModified":"2020-02-06T12:57:00+00:00","breadcrumb":{"@id":"https:\/\/www.bellunopress.it\/2019\/12\/27\/bando-distribuzione-gas-il-risveglio-dei-sindaci-che-vogliono-mantenere-lo-status-quo\/#breadcrumb"},"inLanguage":"fr-FR","potentialAction":[{"@type":"ReadAction","target":["https:\/\/www.bellunopress.it\/2019\/12\/27\/bando-distribuzione-gas-il-risveglio-dei-sindaci-che-vogliono-mantenere-lo-status-quo\/"]}]},{"@type":"ImageObject","inLanguage":"fr-FR","@id":"https:\/\/www.bellunopress.it\/2019\/12\/27\/bando-distribuzione-gas-il-risveglio-dei-sindaci-che-vogliono-mantenere-lo-status-quo\/#primaryimage","url":"http:\/\/www.bellunopress.it\/wp-content\/uploads\/2019\/12\/gas-.jpg","contentUrl":"http:\/\/www.bellunopress.it\/wp-content\/uploads\/2019\/12\/gas-.jpg"},{"@type":"BreadcrumbList","@id":"https:\/\/www.bellunopress.it\/2019\/12\/27\/bando-distribuzione-gas-il-risveglio-dei-sindaci-che-vogliono-mantenere-lo-status-quo\/#breadcrumb","itemListElement":[{"@type":"ListItem","position":1,"name":"Home","item":"https:\/\/www.bellunopress.it\/"},{"@type":"ListItem","position":2,"name":"Bando distribuzione gas. Il risveglio dei sindaci che vogliono mantenere lo status quo"}]},{"@type":"WebSite","@id":"https:\/\/www.bellunopress.it\/#website","url":"https:\/\/www.bellunopress.it\/","name":"Bellunopress - Dolomiti","description":"e-mail: redazione@bellunopress.it","publisher":{"@id":"https:\/\/www.bellunopress.it\/#organization"},"potentialAction":[{"@type":"SearchAction","target":{"@type":"EntryPoint","urlTemplate":"https:\/\/www.bellunopress.it\/?s={search_term_string}"},"query-input":{"@type":"PropertyValueSpecification","valueRequired":true,"valueName":"search_term_string"}}],"inLanguage":"fr-FR"},{"@type":"Organization","@id":"https:\/\/www.bellunopress.it\/#organization","name":"Bellunopress","url":"https:\/\/www.bellunopress.it\/","logo":{"@type":"ImageObject","inLanguage":"fr-FR","@id":"https:\/\/www.bellunopress.it\/#\/schema\/logo\/image\/","url":"https:\/\/www.bellunopress.it\/wp-content\/uploads\/2011\/05\/cropped-logo-bellunopress-.jpg","contentUrl":"https:\/\/www.bellunopress.it\/wp-content\/uploads\/2011\/05\/cropped-logo-bellunopress-.jpg","width":512,"height":512,"caption":"Bellunopress"},"image":{"@id":"https:\/\/www.bellunopress.it\/#\/schema\/logo\/image\/"},"sameAs":["https:\/\/www.facebook.com\/profile.php?id=100008943462799","https:\/\/x.com\/bellunopress","https:\/\/www.linkedin.com\/hp\/?dnr=JBzUWaJfMUw8vbXJJ2tVW5-I3jZKvC4wsoxE&amp;amp;amp;amp;amp;amp;trk=nav_responsive_tab_home","https:\/\/www.youtube.com\/channel\/UCxL0wu1uN0_3_7hGG0306cw"]},{"@type":"Person","@id":"https:\/\/www.bellunopress.it\/#\/schema\/person\/79bb06722b37ece1c03d3e94beb30d73","name":"r\u00e9daction","image":{"@type":"ImageObject","inLanguage":"fr-FR","@id":"https:\/\/secure.gravatar.com\/avatar\/37d968a2e67a6fd04c169c4bdef102d0bc5d31b2546345219e348575eb80e9a0?s=96&d=mm&r=g","url":"https:\/\/secure.gravatar.com\/avatar\/37d968a2e67a6fd04c169c4bdef102d0bc5d31b2546345219e348575eb80e9a0?s=96&d=mm&r=g","contentUrl":"https:\/\/secure.gravatar.com\/avatar\/37d968a2e67a6fd04c169c4bdef102d0bc5d31b2546345219e348575eb80e9a0?s=96&d=mm&r=g","caption":"redazione"},"sameAs":["http:\/\/www.bellunopress.it","https:\/\/x.com\/bellunopress"],"url":"https:\/\/www.bellunopress.it\/fr\/author\/redazione\/"}]}},"_links":{"self":[{"href":"https:\/\/www.bellunopress.it\/fr\/wp-json\/wp\/v2\/posts\/110796","targetHints":{"allow":["GET"]}}],"collection":[{"href":"https:\/\/www.bellunopress.it\/fr\/wp-json\/wp\/v2\/posts"}],"about":[{"href":"https:\/\/www.bellunopress.it\/fr\/wp-json\/wp\/v2\/types\/post"}],"author":[{"embeddable":true,"href":"https:\/\/www.bellunopress.it\/fr\/wp-json\/wp\/v2\/users\/2"}],"replies":[{"embeddable":true,"href":"https:\/\/www.bellunopress.it\/fr\/wp-json\/wp\/v2\/comments?post=110796"}],"version-history":[{"count":2,"href":"https:\/\/www.bellunopress.it\/fr\/wp-json\/wp\/v2\/posts\/110796\/revisions"}],"predecessor-version":[{"id":111893,"href":"https:\/\/www.bellunopress.it\/fr\/wp-json\/wp\/v2\/posts\/110796\/revisions\/111893"}],"wp:attachment":[{"href":"https:\/\/www.bellunopress.it\/fr\/wp-json\/wp\/v2\/media?parent=110796"}],"wp:term":[{"taxonomy":"category","embeddable":true,"href":"https:\/\/www.bellunopress.it\/fr\/wp-json\/wp\/v2\/categories?post=110796"},{"taxonomy":"post_tag","embeddable":true,"href":"https:\/\/www.bellunopress.it\/fr\/wp-json\/wp\/v2\/tags?post=110796"}],"curies":[{"name":"wp","href":"https:\/\/api.w.org\/{rel}","templated":true}]}}