{"id":110777,"date":"2019-12-26T19:41:57","date_gmt":"2019-12-26T18:41:57","guid":{"rendered":"http:\/\/www.bellunopress.it\/?p=110777"},"modified":"2019-12-26T19:41:57","modified_gmt":"2019-12-26T18:41:57","slug":"cassazione-a-sezioni-unite-non-e-reato-la-coltivazione-domestica-di-minime-quantita-di-cannabis","status":"publish","type":"post","link":"https:\/\/www.bellunopress.it\/fr\/2019\/12\/26\/cassazione-a-sezioni-unite-non-e-reato-la-coltivazione-domestica-di-minime-quantita-di-cannabis\/","title":{"rendered":"Cassazione a sezioni unite: non \u00e8 reato la coltivazione domestica di minime quantit\u00e0 di cannabis"},"content":{"rendered":"<p><a href=\"http:\/\/www.bellunopress.it\/fr\/2019\/05\/05\/mobbing-sanzioni-disciplinari-controlli-e-visite-fiscali-pretestuose-la-cassazione-condanna-la-scuola-e-il-miur-per-le-vessazioni-della-preside-alla-docente-il-miur-deve-pagare-quasi-28mila-euro-p\/cassazione\/\" rel=\"attachment wp-att-104233\"><img loading=\"lazy\" decoding=\"async\" class=\"alignleft size-full wp-image-104233\" src=\"http:\/\/www.bellunopress.it\/wp-content\/uploads\/2019\/05\/Cassazione.jpg\" alt=\"\" width=\"300\" height=\"182\" \/><\/a>Non costituir\u00e0 pi\u00f9 reato coltivare in minime quantit\u00e0 la cannabis in casa. A stabilirlo una decisione epocale, quella delle Sezioni unite penali della Cassazione del 19 dicembre 2019.<\/p>\n<p>Si \u00e8 sentenziato per la prima volta che &#8220;non costituiscono reato le attivit\u00e0 di coltivazione di minime dimensioni svolte in forma domestica&#8221; e &#8220;per le rudimentali tecniche utilizzate, lo scarso numero di piante ed il modesto quantitativo di prodotto ricavabile appaiono destinate in via esclusiva all&#8217;uso personale del coltivatore&#8221;.<\/p>\n<p>In sostanza chi coltiva per se&#8217; non compie pi\u00f9 reato.<\/p>\n<p>Viene sostenuta cos\u00ec la tesi per cui il bene giuridico della salute pubblica non viene in alcun modo pregiudicato o messo in pericolo dal singolo assuntore di marijuana che decide di coltivarsi per se&#8217; qualche piantina. I kit per la coltivazione dei semi di cannabis sul balcone di casa sono ormai assai diffusi, venduti anche on line su siti specializzati di internet, ma si incorreva in rischi da un punto di vista legale, finora a livello giuridico non c&#8217;era mai stata un&#8217;apertura vera in questa direzione.<\/p>\n<p>La Corte costituzionale in passato \u00e8 intervenuta pi\u00f9 volte sul tema, sposando una linea rigorosa, e cos\u00ec la giurisprudenza ha assunto, dopo alcune isolate sentenze controverse sul tema, una posizione netta. Stabilendo un semplice principio: la coltivazione di cannabis \u00e8 sempre reato, a prescindere dal numero di piantine e dal principio attivo ritrovato dalle autorit\u00e0 e anche se la coltivazione avviene per uso personale. Si affermava che &#8220;la condotta di coltivazione di piante da cui sono estraibili i principi attivi di sostanze stupefacenti&#8221; potesse &#8220;valutarsi come &#8216;pericolosa&#8217;, ossia idonea ad attentare al bene della salute dei singoli per il solo fatto di arricchire la provvista esistente di materia prima e quindi di creare potenzialmente pi\u00f9 occasioni di spaccio di droga&#8221;.<\/p>\n<p>E cos\u00ec la Cassazione, adattandosi a quanto chiarito dalla Consulta, ha finora sostenuto che la coltivazione di marijuana, anche se per piccolissime dosi, una o due piantine, \u00e8 sempre reato, a prescindere dallo stato in cui si trovi la pianta al momento dell&#8217;arrivo del controllo.<\/p>\n<p>Dopo questa decisione che \u00e8 stata sin da subito commentata come un evento epocale, per Giovanni D&#8217;Agata, presidente dello \u201cSportello dei Diritti\u201d, \u00e8 giunto il momento che il legislatore prenda una posizione definitiva sulla legalizzazione o meno della cannabis e dei suo derivati.<\/p>","protected":false},"excerpt":{"rendered":"<p>Non costituir\u00e0 pi\u00f9 reato coltivare in minime quantit\u00e0 la cannabis in casa. A stabilirlo una decisione epocale, quella delle Sezioni unite penali della Cassazione del 19 dicembre 2019. Si \u00e8 sentenziato per la prima volta che &#8220;non costituiscono reato le attivit\u00e0 di coltivazione di minime dimensioni svolte in forma domestica&#8221; e &#8220;per le rudimentali tecniche [&hellip;]<\/p>\n","protected":false},"author":2,"featured_media":0,"comment_status":"closed","ping_status":"open","sticky":false,"template":"","format":"standard","meta":{"footnotes":""},"categories":[26,8],"tags":[],"class_list":["post-110777","post","type-post","status-publish","format-standard","category-prima-pagina","category-societa-istituzioni"],"yoast_head":"<!-- This site is optimized with the Yoast SEO plugin v28.4 - https:\/\/yoast.com\/product\/yoast-seo-wordpress\/ -->\n<title>Cassazione a sezioni unite: non \u00e8 reato la coltivazione domestica di minime quantit\u00e0 di cannabis - Bellunopress - Dolomiti<\/title>\n<meta name=\"robots\" content=\"index, follow, max-snippet:-1, max-image-preview:large, max-video-preview:-1\" \/>\n<link rel=\"canonical\" href=\"https:\/\/www.bellunopress.it\/fr\/2019\/12\/26\/cassazione-a-sezioni-unite-non-e-reato-la-coltivazione-domestica-di-minime-quantita-di-cannabis\/\" \/>\n<meta property=\"og:locale\" content=\"fr_FR\" \/>\n<meta property=\"og:type\" content=\"article\" \/>\n<meta property=\"og:title\" content=\"Cassazione a sezioni unite: non \u00e8 reato la coltivazione domestica di minime quantit\u00e0 di cannabis - Bellunopress - Dolomiti\" \/>\n<meta property=\"og:description\" content=\"Non costituir\u00e0 pi\u00f9 reato coltivare in minime quantit\u00e0 la cannabis in casa. A stabilirlo una decisione epocale, quella delle Sezioni unite penali della Cassazione del 19 dicembre 2019. Si \u00e8 sentenziato per la prima volta che &#8220;non costituiscono reato le attivit\u00e0 di coltivazione di minime dimensioni svolte in forma domestica&#8221; e &#8220;per le rudimentali tecniche [&hellip;]\" \/>\n<meta property=\"og:url\" content=\"https:\/\/www.bellunopress.it\/fr\/2019\/12\/26\/cassazione-a-sezioni-unite-non-e-reato-la-coltivazione-domestica-di-minime-quantita-di-cannabis\/\" \/>\n<meta property=\"og:site_name\" content=\"Bellunopress - Dolomiti\" \/>\n<meta property=\"article:publisher\" content=\"https:\/\/www.facebook.com\/profile.php?id=100008943462799\" \/>\n<meta property=\"article:published_time\" content=\"2019-12-26T18:41:57+00:00\" \/>\n<meta property=\"og:image\" content=\"http:\/\/www.bellunopress.it\/wp-content\/uploads\/2019\/05\/Cassazione.jpg\" \/>\n<meta name=\"author\" content=\"redazione\" \/>\n<meta name=\"twitter:card\" content=\"summary_large_image\" \/>\n<meta name=\"twitter:creator\" content=\"@bellunopress\" \/>\n<meta name=\"twitter:site\" content=\"@bellunopress\" \/>\n<meta name=\"twitter:label1\" content=\"\u00c9crit par\" \/>\n\t<meta name=\"twitter:data1\" content=\"redazione\" \/>\n\t<meta name=\"twitter:label2\" content=\"Dur\u00e9e de lecture estim\u00e9e\" \/>\n\t<meta name=\"twitter:data2\" content=\"2 minutes\" \/>\n<script type=\"application\/ld+json\" class=\"yoast-schema-graph\">{\"@context\":\"https:\\\/\\\/schema.org\",\"@graph\":[{\"@type\":\"Article\",\"@id\":\"https:\\\/\\\/www.bellunopress.it\\\/2019\\\/12\\\/26\\\/cassazione-a-sezioni-unite-non-e-reato-la-coltivazione-domestica-di-minime-quantita-di-cannabis\\\/#article\",\"isPartOf\":{\"@id\":\"https:\\\/\\\/www.bellunopress.it\\\/2019\\\/12\\\/26\\\/cassazione-a-sezioni-unite-non-e-reato-la-coltivazione-domestica-di-minime-quantita-di-cannabis\\\/\"},\"author\":{\"name\":\"redazione\",\"@id\":\"https:\\\/\\\/www.bellunopress.it\\\/#\\\/schema\\\/person\\\/79bb06722b37ece1c03d3e94beb30d73\"},\"headline\":\"Cassazione a sezioni unite: non \u00e8 reato la coltivazione domestica di minime quantit\u00e0 di cannabis\",\"datePublished\":\"2019-12-26T18:41:57+00:00\",\"mainEntityOfPage\":{\"@id\":\"https:\\\/\\\/www.bellunopress.it\\\/2019\\\/12\\\/26\\\/cassazione-a-sezioni-unite-non-e-reato-la-coltivazione-domestica-di-minime-quantita-di-cannabis\\\/\"},\"wordCount\":392,\"publisher\":{\"@id\":\"https:\\\/\\\/www.bellunopress.it\\\/#organization\"},\"image\":{\"@id\":\"https:\\\/\\\/www.bellunopress.it\\\/2019\\\/12\\\/26\\\/cassazione-a-sezioni-unite-non-e-reato-la-coltivazione-domestica-di-minime-quantita-di-cannabis\\\/#primaryimage\"},\"thumbnailUrl\":\"http:\\\/\\\/www.bellunopress.it\\\/wp-content\\\/uploads\\\/2019\\\/05\\\/Cassazione.jpg\",\"articleSection\":[\"Prima Pagina\",\"Societ\u00e0, Associazioni, Istituzioni\"],\"inLanguage\":\"fr-FR\"},{\"@type\":\"WebPage\",\"@id\":\"https:\\\/\\\/www.bellunopress.it\\\/2019\\\/12\\\/26\\\/cassazione-a-sezioni-unite-non-e-reato-la-coltivazione-domestica-di-minime-quantita-di-cannabis\\\/\",\"url\":\"https:\\\/\\\/www.bellunopress.it\\\/2019\\\/12\\\/26\\\/cassazione-a-sezioni-unite-non-e-reato-la-coltivazione-domestica-di-minime-quantita-di-cannabis\\\/\",\"name\":\"Cassazione a sezioni unite: non \u00e8 reato la coltivazione domestica di minime quantit\u00e0 di cannabis - Bellunopress - Dolomiti\",\"isPartOf\":{\"@id\":\"https:\\\/\\\/www.bellunopress.it\\\/#website\"},\"primaryImageOfPage\":{\"@id\":\"https:\\\/\\\/www.bellunopress.it\\\/2019\\\/12\\\/26\\\/cassazione-a-sezioni-unite-non-e-reato-la-coltivazione-domestica-di-minime-quantita-di-cannabis\\\/#primaryimage\"},\"image\":{\"@id\":\"https:\\\/\\\/www.bellunopress.it\\\/2019\\\/12\\\/26\\\/cassazione-a-sezioni-unite-non-e-reato-la-coltivazione-domestica-di-minime-quantita-di-cannabis\\\/#primaryimage\"},\"thumbnailUrl\":\"http:\\\/\\\/www.bellunopress.it\\\/wp-content\\\/uploads\\\/2019\\\/05\\\/Cassazione.jpg\",\"datePublished\":\"2019-12-26T18:41:57+00:00\",\"breadcrumb\":{\"@id\":\"https:\\\/\\\/www.bellunopress.it\\\/2019\\\/12\\\/26\\\/cassazione-a-sezioni-unite-non-e-reato-la-coltivazione-domestica-di-minime-quantita-di-cannabis\\\/#breadcrumb\"},\"inLanguage\":\"fr-FR\",\"potentialAction\":[{\"@type\":\"ReadAction\",\"target\":[\"https:\\\/\\\/www.bellunopress.it\\\/2019\\\/12\\\/26\\\/cassazione-a-sezioni-unite-non-e-reato-la-coltivazione-domestica-di-minime-quantita-di-cannabis\\\/\"]}]},{\"@type\":\"ImageObject\",\"inLanguage\":\"fr-FR\",\"@id\":\"https:\\\/\\\/www.bellunopress.it\\\/2019\\\/12\\\/26\\\/cassazione-a-sezioni-unite-non-e-reato-la-coltivazione-domestica-di-minime-quantita-di-cannabis\\\/#primaryimage\",\"url\":\"http:\\\/\\\/www.bellunopress.it\\\/wp-content\\\/uploads\\\/2019\\\/05\\\/Cassazione.jpg\",\"contentUrl\":\"http:\\\/\\\/www.bellunopress.it\\\/wp-content\\\/uploads\\\/2019\\\/05\\\/Cassazione.jpg\"},{\"@type\":\"BreadcrumbList\",\"@id\":\"https:\\\/\\\/www.bellunopress.it\\\/2019\\\/12\\\/26\\\/cassazione-a-sezioni-unite-non-e-reato-la-coltivazione-domestica-di-minime-quantita-di-cannabis\\\/#breadcrumb\",\"itemListElement\":[{\"@type\":\"ListItem\",\"position\":1,\"name\":\"Home\",\"item\":\"https:\\\/\\\/www.bellunopress.it\\\/\"},{\"@type\":\"ListItem\",\"position\":2,\"name\":\"Cassazione a sezioni unite: non \u00e8 reato la coltivazione domestica di minime quantit\u00e0 di cannabis\"}]},{\"@type\":\"WebSite\",\"@id\":\"https:\\\/\\\/www.bellunopress.it\\\/#website\",\"url\":\"https:\\\/\\\/www.bellunopress.it\\\/\",\"name\":\"Bellunopress - Dolomiti\",\"description\":\"e-mail: redazione@bellunopress.it\",\"publisher\":{\"@id\":\"https:\\\/\\\/www.bellunopress.it\\\/#organization\"},\"potentialAction\":[{\"@type\":\"SearchAction\",\"target\":{\"@type\":\"EntryPoint\",\"urlTemplate\":\"https:\\\/\\\/www.bellunopress.it\\\/?s={search_term_string}\"},\"query-input\":{\"@type\":\"PropertyValueSpecification\",\"valueRequired\":true,\"valueName\":\"search_term_string\"}}],\"inLanguage\":\"fr-FR\"},{\"@type\":\"Organization\",\"@id\":\"https:\\\/\\\/www.bellunopress.it\\\/#organization\",\"name\":\"Bellunopress\",\"url\":\"https:\\\/\\\/www.bellunopress.it\\\/\",\"logo\":{\"@type\":\"ImageObject\",\"inLanguage\":\"fr-FR\",\"@id\":\"https:\\\/\\\/www.bellunopress.it\\\/#\\\/schema\\\/logo\\\/image\\\/\",\"url\":\"https:\\\/\\\/www.bellunopress.it\\\/wp-content\\\/uploads\\\/2011\\\/05\\\/cropped-logo-bellunopress-.jpg\",\"contentUrl\":\"https:\\\/\\\/www.bellunopress.it\\\/wp-content\\\/uploads\\\/2011\\\/05\\\/cropped-logo-bellunopress-.jpg\",\"width\":512,\"height\":512,\"caption\":\"Bellunopress\"},\"image\":{\"@id\":\"https:\\\/\\\/www.bellunopress.it\\\/#\\\/schema\\\/logo\\\/image\\\/\"},\"sameAs\":[\"https:\\\/\\\/www.facebook.com\\\/profile.php?id=100008943462799\",\"https:\\\/\\\/x.com\\\/bellunopress\",\"https:\\\/\\\/www.linkedin.com\\\/hp\\\/?dnr=JBzUWaJfMUw8vbXJJ2tVW5-I3jZKvC4wsoxE&amp;amp;amp;amp;amp;amp;trk=nav_responsive_tab_home\",\"https:\\\/\\\/www.youtube.com\\\/channel\\\/UCxL0wu1uN0_3_7hGG0306cw\"]},{\"@type\":\"Person\",\"@id\":\"https:\\\/\\\/www.bellunopress.it\\\/#\\\/schema\\\/person\\\/79bb06722b37ece1c03d3e94beb30d73\",\"name\":\"redazione\",\"image\":{\"@type\":\"ImageObject\",\"inLanguage\":\"fr-FR\",\"@id\":\"https:\\\/\\\/secure.gravatar.com\\\/avatar\\\/37d968a2e67a6fd04c169c4bdef102d0bc5d31b2546345219e348575eb80e9a0?s=96&d=mm&r=g\",\"url\":\"https:\\\/\\\/secure.gravatar.com\\\/avatar\\\/37d968a2e67a6fd04c169c4bdef102d0bc5d31b2546345219e348575eb80e9a0?s=96&d=mm&r=g\",\"contentUrl\":\"https:\\\/\\\/secure.gravatar.com\\\/avatar\\\/37d968a2e67a6fd04c169c4bdef102d0bc5d31b2546345219e348575eb80e9a0?s=96&d=mm&r=g\",\"caption\":\"redazione\"},\"sameAs\":[\"http:\\\/\\\/www.bellunopress.it\",\"https:\\\/\\\/x.com\\\/bellunopress\"],\"url\":\"https:\\\/\\\/www.bellunopress.it\\\/fr\\\/author\\\/redazione\\\/\"}]}<\/script>\n<!-- \/ Yoast SEO plugin. -->","yoast_head_json":{"title":"Cassazione a sezioni unite: non \u00e8 reato la coltivazione domestica di minime quantit\u00e0 di cannabis - Bellunopress - Dolomiti","robots":{"index":"index","follow":"follow","max-snippet":"max-snippet:-1","max-image-preview":"max-image-preview:large","max-video-preview":"max-video-preview:-1"},"canonical":"https:\/\/www.bellunopress.it\/fr\/2019\/12\/26\/cassazione-a-sezioni-unite-non-e-reato-la-coltivazione-domestica-di-minime-quantita-di-cannabis\/","og_locale":"fr_FR","og_type":"article","og_title":"Cassazione a sezioni unite: non \u00e8 reato la coltivazione domestica di minime quantit\u00e0 di cannabis - Bellunopress - Dolomiti","og_description":"Non costituir\u00e0 pi\u00f9 reato coltivare in minime quantit\u00e0 la cannabis in casa. A stabilirlo una decisione epocale, quella delle Sezioni unite penali della Cassazione del 19 dicembre 2019. Si \u00e8 sentenziato per la prima volta che &#8220;non costituiscono reato le attivit\u00e0 di coltivazione di minime dimensioni svolte in forma domestica&#8221; e &#8220;per le rudimentali tecniche [&hellip;]","og_url":"https:\/\/www.bellunopress.it\/fr\/2019\/12\/26\/cassazione-a-sezioni-unite-non-e-reato-la-coltivazione-domestica-di-minime-quantita-di-cannabis\/","og_site_name":"Bellunopress - Dolomiti","article_publisher":"https:\/\/www.facebook.com\/profile.php?id=100008943462799","article_published_time":"2019-12-26T18:41:57+00:00","og_image":[{"url":"http:\/\/www.bellunopress.it\/wp-content\/uploads\/2019\/05\/Cassazione.jpg","type":"","width":"","height":""}],"author":"redazione","twitter_card":"summary_large_image","twitter_creator":"@bellunopress","twitter_site":"@bellunopress","twitter_misc":{"\u00c9crit par":"redazione","Dur\u00e9e de lecture estim\u00e9e":"2 minutes"},"schema":{"@context":"https:\/\/schema.org","@graph":[{"@type":"Article","@id":"https:\/\/www.bellunopress.it\/2019\/12\/26\/cassazione-a-sezioni-unite-non-e-reato-la-coltivazione-domestica-di-minime-quantita-di-cannabis\/#article","isPartOf":{"@id":"https:\/\/www.bellunopress.it\/2019\/12\/26\/cassazione-a-sezioni-unite-non-e-reato-la-coltivazione-domestica-di-minime-quantita-di-cannabis\/"},"author":{"name":"redazione","@id":"https:\/\/www.bellunopress.it\/#\/schema\/person\/79bb06722b37ece1c03d3e94beb30d73"},"headline":"Cassazione a sezioni unite: non \u00e8 reato la coltivazione domestica di minime quantit\u00e0 di cannabis","datePublished":"2019-12-26T18:41:57+00:00","mainEntityOfPage":{"@id":"https:\/\/www.bellunopress.it\/2019\/12\/26\/cassazione-a-sezioni-unite-non-e-reato-la-coltivazione-domestica-di-minime-quantita-di-cannabis\/"},"wordCount":392,"publisher":{"@id":"https:\/\/www.bellunopress.it\/#organization"},"image":{"@id":"https:\/\/www.bellunopress.it\/2019\/12\/26\/cassazione-a-sezioni-unite-non-e-reato-la-coltivazione-domestica-di-minime-quantita-di-cannabis\/#primaryimage"},"thumbnailUrl":"http:\/\/www.bellunopress.it\/wp-content\/uploads\/2019\/05\/Cassazione.jpg","articleSection":["Prima Pagina","Societ\u00e0, Associazioni, Istituzioni"],"inLanguage":"fr-FR"},{"@type":"WebPage","@id":"https:\/\/www.bellunopress.it\/2019\/12\/26\/cassazione-a-sezioni-unite-non-e-reato-la-coltivazione-domestica-di-minime-quantita-di-cannabis\/","url":"https:\/\/www.bellunopress.it\/2019\/12\/26\/cassazione-a-sezioni-unite-non-e-reato-la-coltivazione-domestica-di-minime-quantita-di-cannabis\/","name":"Cassazione a sezioni unite: non \u00e8 reato la coltivazione domestica di minime quantit\u00e0 di cannabis - Bellunopress - Dolomiti","isPartOf":{"@id":"https:\/\/www.bellunopress.it\/#website"},"primaryImageOfPage":{"@id":"https:\/\/www.bellunopress.it\/2019\/12\/26\/cassazione-a-sezioni-unite-non-e-reato-la-coltivazione-domestica-di-minime-quantita-di-cannabis\/#primaryimage"},"image":{"@id":"https:\/\/www.bellunopress.it\/2019\/12\/26\/cassazione-a-sezioni-unite-non-e-reato-la-coltivazione-domestica-di-minime-quantita-di-cannabis\/#primaryimage"},"thumbnailUrl":"http:\/\/www.bellunopress.it\/wp-content\/uploads\/2019\/05\/Cassazione.jpg","datePublished":"2019-12-26T18:41:57+00:00","breadcrumb":{"@id":"https:\/\/www.bellunopress.it\/2019\/12\/26\/cassazione-a-sezioni-unite-non-e-reato-la-coltivazione-domestica-di-minime-quantita-di-cannabis\/#breadcrumb"},"inLanguage":"fr-FR","potentialAction":[{"@type":"ReadAction","target":["https:\/\/www.bellunopress.it\/2019\/12\/26\/cassazione-a-sezioni-unite-non-e-reato-la-coltivazione-domestica-di-minime-quantita-di-cannabis\/"]}]},{"@type":"ImageObject","inLanguage":"fr-FR","@id":"https:\/\/www.bellunopress.it\/2019\/12\/26\/cassazione-a-sezioni-unite-non-e-reato-la-coltivazione-domestica-di-minime-quantita-di-cannabis\/#primaryimage","url":"http:\/\/www.bellunopress.it\/wp-content\/uploads\/2019\/05\/Cassazione.jpg","contentUrl":"http:\/\/www.bellunopress.it\/wp-content\/uploads\/2019\/05\/Cassazione.jpg"},{"@type":"BreadcrumbList","@id":"https:\/\/www.bellunopress.it\/2019\/12\/26\/cassazione-a-sezioni-unite-non-e-reato-la-coltivazione-domestica-di-minime-quantita-di-cannabis\/#breadcrumb","itemListElement":[{"@type":"ListItem","position":1,"name":"Home","item":"https:\/\/www.bellunopress.it\/"},{"@type":"ListItem","position":2,"name":"Cassazione a sezioni unite: non \u00e8 reato la coltivazione domestica di minime quantit\u00e0 di cannabis"}]},{"@type":"WebSite","@id":"https:\/\/www.bellunopress.it\/#website","url":"https:\/\/www.bellunopress.it\/","name":"Bellunopress - Dolomiti","description":"e-mail: redazione@bellunopress.it","publisher":{"@id":"https:\/\/www.bellunopress.it\/#organization"},"potentialAction":[{"@type":"SearchAction","target":{"@type":"EntryPoint","urlTemplate":"https:\/\/www.bellunopress.it\/?s={search_term_string}"},"query-input":{"@type":"PropertyValueSpecification","valueRequired":true,"valueName":"search_term_string"}}],"inLanguage":"fr-FR"},{"@type":"Organization","@id":"https:\/\/www.bellunopress.it\/#organization","name":"Bellunopress","url":"https:\/\/www.bellunopress.it\/","logo":{"@type":"ImageObject","inLanguage":"fr-FR","@id":"https:\/\/www.bellunopress.it\/#\/schema\/logo\/image\/","url":"https:\/\/www.bellunopress.it\/wp-content\/uploads\/2011\/05\/cropped-logo-bellunopress-.jpg","contentUrl":"https:\/\/www.bellunopress.it\/wp-content\/uploads\/2011\/05\/cropped-logo-bellunopress-.jpg","width":512,"height":512,"caption":"Bellunopress"},"image":{"@id":"https:\/\/www.bellunopress.it\/#\/schema\/logo\/image\/"},"sameAs":["https:\/\/www.facebook.com\/profile.php?id=100008943462799","https:\/\/x.com\/bellunopress","https:\/\/www.linkedin.com\/hp\/?dnr=JBzUWaJfMUw8vbXJJ2tVW5-I3jZKvC4wsoxE&amp;amp;amp;amp;amp;amp;trk=nav_responsive_tab_home","https:\/\/www.youtube.com\/channel\/UCxL0wu1uN0_3_7hGG0306cw"]},{"@type":"Person","@id":"https:\/\/www.bellunopress.it\/#\/schema\/person\/79bb06722b37ece1c03d3e94beb30d73","name":"r\u00e9daction","image":{"@type":"ImageObject","inLanguage":"fr-FR","@id":"https:\/\/secure.gravatar.com\/avatar\/37d968a2e67a6fd04c169c4bdef102d0bc5d31b2546345219e348575eb80e9a0?s=96&d=mm&r=g","url":"https:\/\/secure.gravatar.com\/avatar\/37d968a2e67a6fd04c169c4bdef102d0bc5d31b2546345219e348575eb80e9a0?s=96&d=mm&r=g","contentUrl":"https:\/\/secure.gravatar.com\/avatar\/37d968a2e67a6fd04c169c4bdef102d0bc5d31b2546345219e348575eb80e9a0?s=96&d=mm&r=g","caption":"redazione"},"sameAs":["http:\/\/www.bellunopress.it","https:\/\/x.com\/bellunopress"],"url":"https:\/\/www.bellunopress.it\/fr\/author\/redazione\/"}]}},"_links":{"self":[{"href":"https:\/\/www.bellunopress.it\/fr\/wp-json\/wp\/v2\/posts\/110777","targetHints":{"allow":["GET"]}}],"collection":[{"href":"https:\/\/www.bellunopress.it\/fr\/wp-json\/wp\/v2\/posts"}],"about":[{"href":"https:\/\/www.bellunopress.it\/fr\/wp-json\/wp\/v2\/types\/post"}],"author":[{"embeddable":true,"href":"https:\/\/www.bellunopress.it\/fr\/wp-json\/wp\/v2\/users\/2"}],"replies":[{"embeddable":true,"href":"https:\/\/www.bellunopress.it\/fr\/wp-json\/wp\/v2\/comments?post=110777"}],"version-history":[{"count":1,"href":"https:\/\/www.bellunopress.it\/fr\/wp-json\/wp\/v2\/posts\/110777\/revisions"}],"predecessor-version":[{"id":110778,"href":"https:\/\/www.bellunopress.it\/fr\/wp-json\/wp\/v2\/posts\/110777\/revisions\/110778"}],"wp:attachment":[{"href":"https:\/\/www.bellunopress.it\/fr\/wp-json\/wp\/v2\/media?parent=110777"}],"wp:term":[{"taxonomy":"category","embeddable":true,"href":"https:\/\/www.bellunopress.it\/fr\/wp-json\/wp\/v2\/categories?post=110777"},{"taxonomy":"post_tag","embeddable":true,"href":"https:\/\/www.bellunopress.it\/fr\/wp-json\/wp\/v2\/tags?post=110777"}],"curies":[{"name":"wp","href":"https:\/\/api.w.org\/{rel}","templated":true}]}}