{"id":110772,"date":"2019-12-26T18:20:27","date_gmt":"2019-12-26T17:20:27","guid":{"rendered":"http:\/\/www.bellunopress.it\/?p=110772"},"modified":"2019-12-26T18:20:28","modified_gmt":"2019-12-26T17:20:28","slug":"cortina-aperte-la-cabinovia-tofana-di-col-druscie-e-la-pista-lacedelli-in-5-torri","status":"publish","type":"post","link":"https:\/\/www.bellunopress.it\/fr\/2019\/12\/26\/cortina-aperte-la-cabinovia-tofana-di-col-druscie-e-la-pista-lacedelli-in-5-torri\/","title":{"rendered":"Cortina: aperte la cabinovia Tofana di Col Drusci\u00e9 e la Pista Lacedelli in 5 Torri"},"content":{"rendered":"<p>A Cortina il Natale \u00e8 arrivato in anticipo, con due importanti novit\u00e0 che segnano l\u2019inizio di una stagione di grandi rinnovamenti. Si tratta di interventi strategici per l\u2019organizzazione delle Finali di Coppa del mondo 2020 e dei Campionati Mondiali di sci alpino 2021 \u2013 interventi fortemente voluti dall\u2019Ing. Luigivalerio Sant\u2019Andrea, Commissario di Governo per la realizzazione degli iridati progetti sportivi.<\/p>\n<p>\u201cLa nuova cabinovia di Tofana Freccia del Cielo \u2013 dichiara il Commissario \u2013 oltre ad essere un primato per la conca ampezzana rappresenta una legacy per uno sviluppo sostenibile della mobilit\u00e0 di Cortina. Un\u2019altra novit\u00e0 significativa \u00e8 l\u2019apertura della pista Lacedelli e il nuovo sistema per il distacco controllato di valanghe a protezione del comprensorio delle Tofane\u201d.<\/p>\n<p>LA NUOVA CABINOVIA<\/p>\n<p><a href=\"http:\/\/www.bellunopress.it\/fr\/2019\/12\/26\/cortina-aperte-la-cabinovia-tofana-di-col-druscie-e-la-pista-lacedelli-in-5-torri\/tofana_cabinovia_freccia-nel-cielo\/\" rel=\"attachment wp-att-110774\"><img loading=\"lazy\" decoding=\"async\" class=\"alignleft size-full wp-image-110774\" src=\"http:\/\/www.bellunopress.it\/wp-content\/uploads\/2019\/12\/Tofana_Cabinovia_Freccia-nel-Cielo.jpg\" alt=\"\" width=\"300\" height=\"203\" \/><\/a>La vigilia di Natale, dopo un\u2019estate fitta di lavori, \u00e8 entrata in funzione la nuova cabinovia di Col Drusci\u00e9 che sostituisce il primo tronco della storica funivia Freccia nel Cielo, aperta nel 1969, e smantellata la scorsa primavera dopo cinquant\u2019anni d\u2019ininterrotta attivit\u00e0.<\/p>\n<p>\u201cL\u2019apertura di questa cabinovia, la prima ad agganciamento automatico della conca ampezzana, \u00e8 stato per noi un momento storico \u2013 dichiara Marco Zardini, presidente del Consorzio impianti a fune di Cortina d&#8217;Ampezzo, Auronzo, Misurina e San Vito di Cadore \u2013 La struttura \u00e8 dotata di spaziose cabine da dieci posti e ampie vetrate per godere dello splendido panorama, e pu\u00f2 accogliere fino a 1800 persone all\u2019ora\u201d.<\/p>\n<p>&#8220;Abbiamo fatto investimenti importanti per questo impianto &#8211; spiega Mario Vascellari, presidente di Tofana Srl &#8211; che \u00e8 stato costruito in un accordo tra Funivie Tofana e Leitner. L&#8217;impianto trasporter\u00e0 gli utenti dal centro di Cortina fino in quota, sulle piste delle Tofane, e quindi ridurr\u00e0 l&#8217;utilizzo dei veicoli privati. L&#8217;impianto sfrutter\u00e0 la sua posizione per &#8216;raccogliere&#8217; gli sciatori dopo le discese sulle piste A e B di Col Drusci\u00e9, e sulle piste Olympia, Canalone, Vertigine &#8211; in breve, le piste dei Mondiali &#8211; per riportarli in pochi minuti a Col Drusci\u00e9 o a Ra Valles&#8221;.<\/p>\n<p>La cabinovia \u00e8 entrata in funzione alla vigilia delle festivit\u00e0 di Natale e Capodanno, ma sar\u00e0 inaugurata ufficialmente il prossimo 11 e 12 gennaio.<\/p>\n<p>&nbsp;<\/p>\n<p>PISTA LACEDELLI<\/p>\n<p><a href=\"http:\/\/www.bellunopress.it\/fr\/2019\/12\/26\/cortina-aperte-la-cabinovia-tofana-di-col-druscie-e-la-pista-lacedelli-in-5-torri\/pista-lacedelli_seggiovie-5-torri-foto-manaz-production\/\" rel=\"attachment wp-att-110773\"><img loading=\"lazy\" decoding=\"async\" class=\"alignleft size-full wp-image-110773\" src=\"http:\/\/www.bellunopress.it\/wp-content\/uploads\/2019\/12\/Pista-Lacedelli_Seggiovie-5-Torri-foto-Manaz-Production.jpg\" alt=\"\" width=\"300\" height=\"267\" \/><\/a>Altra opera strategica in vista dei Campionati del mondo di sci alpino 2021 e delle Olimpiadi 2026 \u00e8 la nuova pista Lino Lacedelli in zona Cinque Torri. Il tracciato, aperto sotto una buona stella e un\u2019ottima neve, ha aperto il 21 dicembre.<\/p>\n<p>Dedicata al grande alpinista ampezzano, la pista \u2013 una variante di 1.5 km della principale Cinque Torri \u2013 sar\u00e0 usata per le qualificazioni alle gare. Si tratta di una pista innovativa, la prima pubblica in Italia, completamente attrezzata per gli allenamenti. \u00c8, infatti, un luogo pensato per il training degli atleti anche oltre i Mondiali: dopo l\u2019apertura (e l\u2019inaugurazione ufficiale domenica 12 gennaio) rester\u00e0 infatti una legacy importante per l\u2019attivit\u00e0 agonistica giovanile di atleti e sci club.<\/p>\n<p>\u201cSiamo felici del risultato e di vederla finalmente completata \u2013 dichiara Marco Zardini. Naturalmente non ci fermiamo qui. La pista Lacedelli e la cabinovia del Drusci\u00e9 sono regali importanti per questo Natale, ma gi\u00e0 guardiamo al futuro: tra un anno inizieremo i lavori di collegamento tra la ski area Tofana e la ski area Lagazuoi \u2013 5 Torri. Un altro intervento che ci sta particolarmente a cuore \u00e8 quello che la societ\u00e0 ISTA, grazie al Commissario di governo, ha messo in atto da quest\u2019anno in Tofana, un sistema antivalanghivo che consentir\u00e0 la bonifica del manto nevoso in condizioni di pericolo valanghe. A cosa porter\u00e0? Oltre ad una maggiore sicurezza, per la gioia di tutti gli sciatori si accorceranno i tempi di apertura delle piste, consentendoci di aprire sempre prima e con degli elevati standard di sicurezza\u201d.<\/p>","protected":false},"excerpt":{"rendered":"<p>A Cortina il Natale \u00e8 arrivato in anticipo, con due importanti novit\u00e0 che segnano l\u2019inizio di una stagione di grandi rinnovamenti. Si tratta di interventi strategici per l\u2019organizzazione delle Finali di Coppa del mondo 2020 e dei Campionati Mondiali di sci alpino 2021 \u2013 interventi fortemente voluti dall\u2019Ing. Luigivalerio Sant\u2019Andrea, Commissario di Governo per la [&hellip;]<\/p>\n","protected":false},"author":2,"featured_media":0,"comment_status":"closed","ping_status":"open","sticky":false,"template":"","format":"standard","meta":{"footnotes":""},"categories":[27,25,4],"tags":[],"class_list":["post-110772","post","type-post","status-publish","format-standard","category-appuntamenti","category-pausa-caffe","category-sport"],"yoast_head":"<!-- This site is optimized with the Yoast SEO plugin v28.4 - https:\/\/yoast.com\/product\/yoast-seo-wordpress\/ -->\n<title>Cortina: aperte la cabinovia Tofana di Col Drusci\u00e9 e la Pista Lacedelli in 5 Torri - Bellunopress - Dolomiti<\/title>\n<meta name=\"robots\" content=\"index, follow, max-snippet:-1, max-image-preview:large, max-video-preview:-1\" \/>\n<link rel=\"canonical\" href=\"https:\/\/www.bellunopress.it\/fr\/2019\/12\/26\/cortina-aperte-la-cabinovia-tofana-di-col-druscie-e-la-pista-lacedelli-in-5-torri\/\" \/>\n<meta property=\"og:locale\" content=\"fr_FR\" \/>\n<meta property=\"og:type\" content=\"article\" \/>\n<meta property=\"og:title\" content=\"Cortina: aperte la cabinovia Tofana di Col Drusci\u00e9 e la Pista Lacedelli in 5 Torri - Bellunopress - Dolomiti\" \/>\n<meta property=\"og:description\" content=\"A Cortina il Natale \u00e8 arrivato in anticipo, con due importanti novit\u00e0 che segnano l\u2019inizio di una stagione di grandi rinnovamenti. Si tratta di interventi strategici per l\u2019organizzazione delle Finali di Coppa del mondo 2020 e dei Campionati Mondiali di sci alpino 2021 \u2013 interventi fortemente voluti dall\u2019Ing. Luigivalerio Sant\u2019Andrea, Commissario di Governo per la [&hellip;]\" \/>\n<meta property=\"og:url\" content=\"https:\/\/www.bellunopress.it\/fr\/2019\/12\/26\/cortina-aperte-la-cabinovia-tofana-di-col-druscie-e-la-pista-lacedelli-in-5-torri\/\" \/>\n<meta property=\"og:site_name\" content=\"Bellunopress - Dolomiti\" \/>\n<meta property=\"article:publisher\" content=\"https:\/\/www.facebook.com\/profile.php?id=100008943462799\" \/>\n<meta property=\"article:published_time\" content=\"2019-12-26T17:20:27+00:00\" \/>\n<meta property=\"article:modified_time\" content=\"2019-12-26T17:20:28+00:00\" \/>\n<meta property=\"og:image\" content=\"http:\/\/www.bellunopress.it\/wp-content\/uploads\/2019\/12\/Tofana_Cabinovia_Freccia-nel-Cielo.jpg\" \/>\n<meta name=\"author\" content=\"redazione\" \/>\n<meta name=\"twitter:card\" content=\"summary_large_image\" \/>\n<meta name=\"twitter:creator\" content=\"@bellunopress\" \/>\n<meta name=\"twitter:site\" content=\"@bellunopress\" \/>\n<meta name=\"twitter:label1\" content=\"\u00c9crit par\" \/>\n\t<meta name=\"twitter:data1\" content=\"redazione\" \/>\n\t<meta name=\"twitter:label2\" content=\"Dur\u00e9e de lecture estim\u00e9e\" \/>\n\t<meta name=\"twitter:data2\" content=\"3 minutes\" \/>\n<script type=\"application\/ld+json\" class=\"yoast-schema-graph\">{\"@context\":\"https:\\\/\\\/schema.org\",\"@graph\":[{\"@type\":\"Article\",\"@id\":\"https:\\\/\\\/www.bellunopress.it\\\/2019\\\/12\\\/26\\\/cortina-aperte-la-cabinovia-tofana-di-col-druscie-e-la-pista-lacedelli-in-5-torri\\\/#article\",\"isPartOf\":{\"@id\":\"https:\\\/\\\/www.bellunopress.it\\\/2019\\\/12\\\/26\\\/cortina-aperte-la-cabinovia-tofana-di-col-druscie-e-la-pista-lacedelli-in-5-torri\\\/\"},\"author\":{\"name\":\"redazione\",\"@id\":\"https:\\\/\\\/www.bellunopress.it\\\/#\\\/schema\\\/person\\\/79bb06722b37ece1c03d3e94beb30d73\"},\"headline\":\"Cortina: aperte la cabinovia Tofana di Col Drusci\u00e9 e la Pista Lacedelli in 5 Torri\",\"datePublished\":\"2019-12-26T17:20:27+00:00\",\"dateModified\":\"2019-12-26T17:20:28+00:00\",\"mainEntityOfPage\":{\"@id\":\"https:\\\/\\\/www.bellunopress.it\\\/2019\\\/12\\\/26\\\/cortina-aperte-la-cabinovia-tofana-di-col-druscie-e-la-pista-lacedelli-in-5-torri\\\/\"},\"wordCount\":609,\"publisher\":{\"@id\":\"https:\\\/\\\/www.bellunopress.it\\\/#organization\"},\"image\":{\"@id\":\"https:\\\/\\\/www.bellunopress.it\\\/2019\\\/12\\\/26\\\/cortina-aperte-la-cabinovia-tofana-di-col-druscie-e-la-pista-lacedelli-in-5-torri\\\/#primaryimage\"},\"thumbnailUrl\":\"http:\\\/\\\/www.bellunopress.it\\\/wp-content\\\/uploads\\\/2019\\\/12\\\/Tofana_Cabinovia_Freccia-nel-Cielo.jpg\",\"articleSection\":[\"Appuntamenti, Eventi\",\"Pausa Caff\u00e8\",\"Sport, tempo libero\"],\"inLanguage\":\"fr-FR\"},{\"@type\":\"WebPage\",\"@id\":\"https:\\\/\\\/www.bellunopress.it\\\/2019\\\/12\\\/26\\\/cortina-aperte-la-cabinovia-tofana-di-col-druscie-e-la-pista-lacedelli-in-5-torri\\\/\",\"url\":\"https:\\\/\\\/www.bellunopress.it\\\/2019\\\/12\\\/26\\\/cortina-aperte-la-cabinovia-tofana-di-col-druscie-e-la-pista-lacedelli-in-5-torri\\\/\",\"name\":\"Cortina: aperte la cabinovia Tofana di Col Drusci\u00e9 e la Pista Lacedelli in 5 Torri - Bellunopress - Dolomiti\",\"isPartOf\":{\"@id\":\"https:\\\/\\\/www.bellunopress.it\\\/#website\"},\"primaryImageOfPage\":{\"@id\":\"https:\\\/\\\/www.bellunopress.it\\\/2019\\\/12\\\/26\\\/cortina-aperte-la-cabinovia-tofana-di-col-druscie-e-la-pista-lacedelli-in-5-torri\\\/#primaryimage\"},\"image\":{\"@id\":\"https:\\\/\\\/www.bellunopress.it\\\/2019\\\/12\\\/26\\\/cortina-aperte-la-cabinovia-tofana-di-col-druscie-e-la-pista-lacedelli-in-5-torri\\\/#primaryimage\"},\"thumbnailUrl\":\"http:\\\/\\\/www.bellunopress.it\\\/wp-content\\\/uploads\\\/2019\\\/12\\\/Tofana_Cabinovia_Freccia-nel-Cielo.jpg\",\"datePublished\":\"2019-12-26T17:20:27+00:00\",\"dateModified\":\"2019-12-26T17:20:28+00:00\",\"breadcrumb\":{\"@id\":\"https:\\\/\\\/www.bellunopress.it\\\/2019\\\/12\\\/26\\\/cortina-aperte-la-cabinovia-tofana-di-col-druscie-e-la-pista-lacedelli-in-5-torri\\\/#breadcrumb\"},\"inLanguage\":\"fr-FR\",\"potentialAction\":[{\"@type\":\"ReadAction\",\"target\":[\"https:\\\/\\\/www.bellunopress.it\\\/2019\\\/12\\\/26\\\/cortina-aperte-la-cabinovia-tofana-di-col-druscie-e-la-pista-lacedelli-in-5-torri\\\/\"]}]},{\"@type\":\"ImageObject\",\"inLanguage\":\"fr-FR\",\"@id\":\"https:\\\/\\\/www.bellunopress.it\\\/2019\\\/12\\\/26\\\/cortina-aperte-la-cabinovia-tofana-di-col-druscie-e-la-pista-lacedelli-in-5-torri\\\/#primaryimage\",\"url\":\"http:\\\/\\\/www.bellunopress.it\\\/wp-content\\\/uploads\\\/2019\\\/12\\\/Tofana_Cabinovia_Freccia-nel-Cielo.jpg\",\"contentUrl\":\"http:\\\/\\\/www.bellunopress.it\\\/wp-content\\\/uploads\\\/2019\\\/12\\\/Tofana_Cabinovia_Freccia-nel-Cielo.jpg\"},{\"@type\":\"BreadcrumbList\",\"@id\":\"https:\\\/\\\/www.bellunopress.it\\\/2019\\\/12\\\/26\\\/cortina-aperte-la-cabinovia-tofana-di-col-druscie-e-la-pista-lacedelli-in-5-torri\\\/#breadcrumb\",\"itemListElement\":[{\"@type\":\"ListItem\",\"position\":1,\"name\":\"Home\",\"item\":\"https:\\\/\\\/www.bellunopress.it\\\/\"},{\"@type\":\"ListItem\",\"position\":2,\"name\":\"Cortina: aperte la cabinovia Tofana di Col Drusci\u00e9 e la Pista Lacedelli in 5 Torri\"}]},{\"@type\":\"WebSite\",\"@id\":\"https:\\\/\\\/www.bellunopress.it\\\/#website\",\"url\":\"https:\\\/\\\/www.bellunopress.it\\\/\",\"name\":\"Bellunopress - Dolomiti\",\"description\":\"e-mail: redazione@bellunopress.it\",\"publisher\":{\"@id\":\"https:\\\/\\\/www.bellunopress.it\\\/#organization\"},\"potentialAction\":[{\"@type\":\"SearchAction\",\"target\":{\"@type\":\"EntryPoint\",\"urlTemplate\":\"https:\\\/\\\/www.bellunopress.it\\\/?s={search_term_string}\"},\"query-input\":{\"@type\":\"PropertyValueSpecification\",\"valueRequired\":true,\"valueName\":\"search_term_string\"}}],\"inLanguage\":\"fr-FR\"},{\"@type\":\"Organization\",\"@id\":\"https:\\\/\\\/www.bellunopress.it\\\/#organization\",\"name\":\"Bellunopress\",\"url\":\"https:\\\/\\\/www.bellunopress.it\\\/\",\"logo\":{\"@type\":\"ImageObject\",\"inLanguage\":\"fr-FR\",\"@id\":\"https:\\\/\\\/www.bellunopress.it\\\/#\\\/schema\\\/logo\\\/image\\\/\",\"url\":\"https:\\\/\\\/www.bellunopress.it\\\/wp-content\\\/uploads\\\/2011\\\/05\\\/cropped-logo-bellunopress-.jpg\",\"contentUrl\":\"https:\\\/\\\/www.bellunopress.it\\\/wp-content\\\/uploads\\\/2011\\\/05\\\/cropped-logo-bellunopress-.jpg\",\"width\":512,\"height\":512,\"caption\":\"Bellunopress\"},\"image\":{\"@id\":\"https:\\\/\\\/www.bellunopress.it\\\/#\\\/schema\\\/logo\\\/image\\\/\"},\"sameAs\":[\"https:\\\/\\\/www.facebook.com\\\/profile.php?id=100008943462799\",\"https:\\\/\\\/x.com\\\/bellunopress\",\"https:\\\/\\\/www.linkedin.com\\\/hp\\\/?dnr=JBzUWaJfMUw8vbXJJ2tVW5-I3jZKvC4wsoxE&amp;amp;amp;amp;amp;amp;trk=nav_responsive_tab_home\",\"https:\\\/\\\/www.youtube.com\\\/channel\\\/UCxL0wu1uN0_3_7hGG0306cw\"]},{\"@type\":\"Person\",\"@id\":\"https:\\\/\\\/www.bellunopress.it\\\/#\\\/schema\\\/person\\\/79bb06722b37ece1c03d3e94beb30d73\",\"name\":\"redazione\",\"image\":{\"@type\":\"ImageObject\",\"inLanguage\":\"fr-FR\",\"@id\":\"https:\\\/\\\/secure.gravatar.com\\\/avatar\\\/37d968a2e67a6fd04c169c4bdef102d0bc5d31b2546345219e348575eb80e9a0?s=96&d=mm&r=g\",\"url\":\"https:\\\/\\\/secure.gravatar.com\\\/avatar\\\/37d968a2e67a6fd04c169c4bdef102d0bc5d31b2546345219e348575eb80e9a0?s=96&d=mm&r=g\",\"contentUrl\":\"https:\\\/\\\/secure.gravatar.com\\\/avatar\\\/37d968a2e67a6fd04c169c4bdef102d0bc5d31b2546345219e348575eb80e9a0?s=96&d=mm&r=g\",\"caption\":\"redazione\"},\"sameAs\":[\"http:\\\/\\\/www.bellunopress.it\",\"https:\\\/\\\/x.com\\\/bellunopress\"],\"url\":\"https:\\\/\\\/www.bellunopress.it\\\/fr\\\/author\\\/redazione\\\/\"}]}<\/script>\n<!-- \/ Yoast SEO plugin. -->","yoast_head_json":{"title":"Cortina: aperte la cabinovia Tofana di Col Drusci\u00e9 e la Pista Lacedelli in 5 Torri - Bellunopress - Dolomiti","robots":{"index":"index","follow":"follow","max-snippet":"max-snippet:-1","max-image-preview":"max-image-preview:large","max-video-preview":"max-video-preview:-1"},"canonical":"https:\/\/www.bellunopress.it\/fr\/2019\/12\/26\/cortina-aperte-la-cabinovia-tofana-di-col-druscie-e-la-pista-lacedelli-in-5-torri\/","og_locale":"fr_FR","og_type":"article","og_title":"Cortina: aperte la cabinovia Tofana di Col Drusci\u00e9 e la Pista Lacedelli in 5 Torri - Bellunopress - Dolomiti","og_description":"A Cortina il Natale \u00e8 arrivato in anticipo, con due importanti novit\u00e0 che segnano l\u2019inizio di una stagione di grandi rinnovamenti. Si tratta di interventi strategici per l\u2019organizzazione delle Finali di Coppa del mondo 2020 e dei Campionati Mondiali di sci alpino 2021 \u2013 interventi fortemente voluti dall\u2019Ing. Luigivalerio Sant\u2019Andrea, Commissario di Governo per la [&hellip;]","og_url":"https:\/\/www.bellunopress.it\/fr\/2019\/12\/26\/cortina-aperte-la-cabinovia-tofana-di-col-druscie-e-la-pista-lacedelli-in-5-torri\/","og_site_name":"Bellunopress - Dolomiti","article_publisher":"https:\/\/www.facebook.com\/profile.php?id=100008943462799","article_published_time":"2019-12-26T17:20:27+00:00","article_modified_time":"2019-12-26T17:20:28+00:00","og_image":[{"url":"http:\/\/www.bellunopress.it\/wp-content\/uploads\/2019\/12\/Tofana_Cabinovia_Freccia-nel-Cielo.jpg","type":"","width":"","height":""}],"author":"redazione","twitter_card":"summary_large_image","twitter_creator":"@bellunopress","twitter_site":"@bellunopress","twitter_misc":{"\u00c9crit par":"redazione","Dur\u00e9e de lecture estim\u00e9e":"3 minutes"},"schema":{"@context":"https:\/\/schema.org","@graph":[{"@type":"Article","@id":"https:\/\/www.bellunopress.it\/2019\/12\/26\/cortina-aperte-la-cabinovia-tofana-di-col-druscie-e-la-pista-lacedelli-in-5-torri\/#article","isPartOf":{"@id":"https:\/\/www.bellunopress.it\/2019\/12\/26\/cortina-aperte-la-cabinovia-tofana-di-col-druscie-e-la-pista-lacedelli-in-5-torri\/"},"author":{"name":"redazione","@id":"https:\/\/www.bellunopress.it\/#\/schema\/person\/79bb06722b37ece1c03d3e94beb30d73"},"headline":"Cortina: aperte la cabinovia Tofana di Col Drusci\u00e9 e la Pista Lacedelli in 5 Torri","datePublished":"2019-12-26T17:20:27+00:00","dateModified":"2019-12-26T17:20:28+00:00","mainEntityOfPage":{"@id":"https:\/\/www.bellunopress.it\/2019\/12\/26\/cortina-aperte-la-cabinovia-tofana-di-col-druscie-e-la-pista-lacedelli-in-5-torri\/"},"wordCount":609,"publisher":{"@id":"https:\/\/www.bellunopress.it\/#organization"},"image":{"@id":"https:\/\/www.bellunopress.it\/2019\/12\/26\/cortina-aperte-la-cabinovia-tofana-di-col-druscie-e-la-pista-lacedelli-in-5-torri\/#primaryimage"},"thumbnailUrl":"http:\/\/www.bellunopress.it\/wp-content\/uploads\/2019\/12\/Tofana_Cabinovia_Freccia-nel-Cielo.jpg","articleSection":["Appuntamenti, Eventi","Pausa Caff\u00e8","Sport, tempo libero"],"inLanguage":"fr-FR"},{"@type":"WebPage","@id":"https:\/\/www.bellunopress.it\/2019\/12\/26\/cortina-aperte-la-cabinovia-tofana-di-col-druscie-e-la-pista-lacedelli-in-5-torri\/","url":"https:\/\/www.bellunopress.it\/2019\/12\/26\/cortina-aperte-la-cabinovia-tofana-di-col-druscie-e-la-pista-lacedelli-in-5-torri\/","name":"Cortina: aperte la cabinovia Tofana di Col Drusci\u00e9 e la Pista Lacedelli in 5 Torri - Bellunopress - Dolomiti","isPartOf":{"@id":"https:\/\/www.bellunopress.it\/#website"},"primaryImageOfPage":{"@id":"https:\/\/www.bellunopress.it\/2019\/12\/26\/cortina-aperte-la-cabinovia-tofana-di-col-druscie-e-la-pista-lacedelli-in-5-torri\/#primaryimage"},"image":{"@id":"https:\/\/www.bellunopress.it\/2019\/12\/26\/cortina-aperte-la-cabinovia-tofana-di-col-druscie-e-la-pista-lacedelli-in-5-torri\/#primaryimage"},"thumbnailUrl":"http:\/\/www.bellunopress.it\/wp-content\/uploads\/2019\/12\/Tofana_Cabinovia_Freccia-nel-Cielo.jpg","datePublished":"2019-12-26T17:20:27+00:00","dateModified":"2019-12-26T17:20:28+00:00","breadcrumb":{"@id":"https:\/\/www.bellunopress.it\/2019\/12\/26\/cortina-aperte-la-cabinovia-tofana-di-col-druscie-e-la-pista-lacedelli-in-5-torri\/#breadcrumb"},"inLanguage":"fr-FR","potentialAction":[{"@type":"ReadAction","target":["https:\/\/www.bellunopress.it\/2019\/12\/26\/cortina-aperte-la-cabinovia-tofana-di-col-druscie-e-la-pista-lacedelli-in-5-torri\/"]}]},{"@type":"ImageObject","inLanguage":"fr-FR","@id":"https:\/\/www.bellunopress.it\/2019\/12\/26\/cortina-aperte-la-cabinovia-tofana-di-col-druscie-e-la-pista-lacedelli-in-5-torri\/#primaryimage","url":"http:\/\/www.bellunopress.it\/wp-content\/uploads\/2019\/12\/Tofana_Cabinovia_Freccia-nel-Cielo.jpg","contentUrl":"http:\/\/www.bellunopress.it\/wp-content\/uploads\/2019\/12\/Tofana_Cabinovia_Freccia-nel-Cielo.jpg"},{"@type":"BreadcrumbList","@id":"https:\/\/www.bellunopress.it\/2019\/12\/26\/cortina-aperte-la-cabinovia-tofana-di-col-druscie-e-la-pista-lacedelli-in-5-torri\/#breadcrumb","itemListElement":[{"@type":"ListItem","position":1,"name":"Home","item":"https:\/\/www.bellunopress.it\/"},{"@type":"ListItem","position":2,"name":"Cortina: aperte la cabinovia Tofana di Col Drusci\u00e9 e la Pista Lacedelli in 5 Torri"}]},{"@type":"WebSite","@id":"https:\/\/www.bellunopress.it\/#website","url":"https:\/\/www.bellunopress.it\/","name":"Bellunopress - Dolomiti","description":"e-mail: redazione@bellunopress.it","publisher":{"@id":"https:\/\/www.bellunopress.it\/#organization"},"potentialAction":[{"@type":"SearchAction","target":{"@type":"EntryPoint","urlTemplate":"https:\/\/www.bellunopress.it\/?s={search_term_string}"},"query-input":{"@type":"PropertyValueSpecification","valueRequired":true,"valueName":"search_term_string"}}],"inLanguage":"fr-FR"},{"@type":"Organization","@id":"https:\/\/www.bellunopress.it\/#organization","name":"Bellunopress","url":"https:\/\/www.bellunopress.it\/","logo":{"@type":"ImageObject","inLanguage":"fr-FR","@id":"https:\/\/www.bellunopress.it\/#\/schema\/logo\/image\/","url":"https:\/\/www.bellunopress.it\/wp-content\/uploads\/2011\/05\/cropped-logo-bellunopress-.jpg","contentUrl":"https:\/\/www.bellunopress.it\/wp-content\/uploads\/2011\/05\/cropped-logo-bellunopress-.jpg","width":512,"height":512,"caption":"Bellunopress"},"image":{"@id":"https:\/\/www.bellunopress.it\/#\/schema\/logo\/image\/"},"sameAs":["https:\/\/www.facebook.com\/profile.php?id=100008943462799","https:\/\/x.com\/bellunopress","https:\/\/www.linkedin.com\/hp\/?dnr=JBzUWaJfMUw8vbXJJ2tVW5-I3jZKvC4wsoxE&amp;amp;amp;amp;amp;amp;trk=nav_responsive_tab_home","https:\/\/www.youtube.com\/channel\/UCxL0wu1uN0_3_7hGG0306cw"]},{"@type":"Person","@id":"https:\/\/www.bellunopress.it\/#\/schema\/person\/79bb06722b37ece1c03d3e94beb30d73","name":"r\u00e9daction","image":{"@type":"ImageObject","inLanguage":"fr-FR","@id":"https:\/\/secure.gravatar.com\/avatar\/37d968a2e67a6fd04c169c4bdef102d0bc5d31b2546345219e348575eb80e9a0?s=96&d=mm&r=g","url":"https:\/\/secure.gravatar.com\/avatar\/37d968a2e67a6fd04c169c4bdef102d0bc5d31b2546345219e348575eb80e9a0?s=96&d=mm&r=g","contentUrl":"https:\/\/secure.gravatar.com\/avatar\/37d968a2e67a6fd04c169c4bdef102d0bc5d31b2546345219e348575eb80e9a0?s=96&d=mm&r=g","caption":"redazione"},"sameAs":["http:\/\/www.bellunopress.it","https:\/\/x.com\/bellunopress"],"url":"https:\/\/www.bellunopress.it\/fr\/author\/redazione\/"}]}},"_links":{"self":[{"href":"https:\/\/www.bellunopress.it\/fr\/wp-json\/wp\/v2\/posts\/110772","targetHints":{"allow":["GET"]}}],"collection":[{"href":"https:\/\/www.bellunopress.it\/fr\/wp-json\/wp\/v2\/posts"}],"about":[{"href":"https:\/\/www.bellunopress.it\/fr\/wp-json\/wp\/v2\/types\/post"}],"author":[{"embeddable":true,"href":"https:\/\/www.bellunopress.it\/fr\/wp-json\/wp\/v2\/users\/2"}],"replies":[{"embeddable":true,"href":"https:\/\/www.bellunopress.it\/fr\/wp-json\/wp\/v2\/comments?post=110772"}],"version-history":[{"count":2,"href":"https:\/\/www.bellunopress.it\/fr\/wp-json\/wp\/v2\/posts\/110772\/revisions"}],"predecessor-version":[{"id":110776,"href":"https:\/\/www.bellunopress.it\/fr\/wp-json\/wp\/v2\/posts\/110772\/revisions\/110776"}],"wp:attachment":[{"href":"https:\/\/www.bellunopress.it\/fr\/wp-json\/wp\/v2\/media?parent=110772"}],"wp:term":[{"taxonomy":"category","embeddable":true,"href":"https:\/\/www.bellunopress.it\/fr\/wp-json\/wp\/v2\/categories?post=110772"},{"taxonomy":"post_tag","embeddable":true,"href":"https:\/\/www.bellunopress.it\/fr\/wp-json\/wp\/v2\/tags?post=110772"}],"curies":[{"name":"wp","href":"https:\/\/api.w.org\/{rel}","templated":true}]}}