{"id":110766,"date":"2019-12-26T14:54:24","date_gmt":"2019-12-26T13:54:24","guid":{"rendered":"http:\/\/www.bellunopress.it\/?p=110766"},"modified":"2019-12-28T22:57:45","modified_gmt":"2019-12-28T21:57:45","slug":"venerdi-a-cortina-lilli-gruber-presenta-basta-il-potere-delle-donne-contro-la-politica-del-testosterone","status":"publish","type":"post","link":"https:\/\/www.bellunopress.it\/fr\/2019\/12\/26\/venerdi-a-cortina-lilli-gruber-presenta-basta-il-potere-delle-donne-contro-la-politica-del-testosterone\/","title":{"rendered":"Venerd\u00ec a Cortina Lilli Gruber presenta &#8220;Basta! Il potere delle donne contro la politica del testosterone&#8221;"},"content":{"rendered":"<p>Pace a tutti gli uomini di buona volont\u00e0. Ma guerra agli altri. Perch\u00e9, dice Lilli Gruber, ne abbiamo abbastanza. Aggressioni scioviniste sul web, risse, stupri, omicidi. L\u2019invisibilit\u00e0 delle donne, escluse dai ruoli decisionali. In una parola: il machismo al potere.<\/p>\n<p><a href=\"http:\/\/www.bellunopress.it\/fr\/2016\/08\/05\/prigionieri-dellislam-lilli-gruber-cortina-domenica-montagna-libri\/lilli-gruber\/\" rel=\"attachment wp-att-79731\"><img loading=\"lazy\" decoding=\"async\" class=\"alignleft size-full wp-image-79731\" src=\"http:\/\/www.bellunopress.it\/wp-content\/uploads\/2016\/08\/lilli-gruber.jpg\" alt=\"\" width=\"238\" height=\"300\" \/><\/a>E sar\u00e0 proprio Lilli Gruber a Una Montagna di Libri, la festa internazionale della letteratura di Cortina d\u2019Ampezzo, a dire con il suo nuovo libro Basta! Il potere delle donne contro la politica del testosterone (Solferino), come recita il sottotitolo. Un libro in cui Gruber delinea per le donne una strategia: puntare sulle competenze, farsi valere e studiare, sempre. E chiama a raccolta anche gli uomini: perch\u00e9 solo cambiando insieme le regole ci potremo salvare.<\/p>\n<p><strong>L\u2019appuntamento \u00e8 per venerd\u00ec 27 dicembre, ore 18, presso l\u2019Alexander Girardi Hall di Cortina d\u2019Ampezzo.<\/strong><\/p>\n<p>Lilli Gruber<\/p>\n<p>Lilli Gruber giornalista e scrittrice, \u00e8 stata la prima donna a presentare un telegiornale in prima serata. Dal 1988 \u00e8 stata inviata per la Rai sui fronti di guerra e ha seguito i grandi eventi dello scenario internazionale. \u00c8 stata parlamentare europea dal 2004 al 2008. Dal settembre 2008 conduce Otto e mezzo su La7. Tiene una seguita rubrica di lettere sul magazine 7 del \u00abCorriere della Sera\u00bb. Tra i suoi libri, la recente trilogia dedicata alla sua terra, il Sudtirolo, pubblicata da Rizzoli: Eredit\u00e0 (2012), Tempesta (2014) e Inganno (2018).<\/p>\n<p>Il libro<\/p>\n<p>Da troppo tempo siamo governati dall\u2019internazionale del testosterone: Trump, Putin, Xi Jinping, Bolsonaro, Erdogan, Johnson\u2026 Risultato: un\u2019emergenza migratoria non gestita, una crisi economica infinita, un pianeta in fiamme. E un clima di arroganza e di odio che favorisce il diffondersi del populismo e mina le istituzioni democratiche. Quindi, risparmiateci altri aspiranti autocrati con pi\u00f9 panza che sostanza e dateci pi\u00f9 ragazze. Sportive grintose come Milena Bartolini, attiviste determinate come Greta Thunberg, politiche autorevoli come Ursula von der Leyen e Christine Lagarde e, oltreoceano, Nancy Pelosi. Ci riterremo soddisfatte quando avremo raggiunto i giusti obiettivi: equal pay e un 50 per cento nei consigli di amministrazione, nei parlamenti, nei governi. \u00c8 il messaggio di Lilli Gruber, che fa parlare i fatti: dati, storie e personaggi.<\/p>\n<p>&nbsp;<\/p>","protected":false},"excerpt":{"rendered":"<p>Pace a tutti gli uomini di buona volont\u00e0. Ma guerra agli altri. Perch\u00e9, dice Lilli Gruber, ne abbiamo abbastanza. Aggressioni scioviniste sul web, risse, stupri, omicidi. L\u2019invisibilit\u00e0 delle donne, escluse dai ruoli decisionali. In una parola: il machismo al potere. E sar\u00e0 proprio Lilli Gruber a Una Montagna di Libri, la festa internazionale della letteratura [&hellip;]<\/p>\n","protected":false},"author":2,"featured_media":0,"comment_status":"closed","ping_status":"open","sticky":false,"template":"","format":"standard","meta":{"footnotes":""},"categories":[27,3],"tags":[],"class_list":["post-110766","post","type-post","status-publish","format-standard","category-appuntamenti","category-arte-cultura-spettacoli-scienza-archivi"],"yoast_head":"<!-- This site is optimized with the Yoast SEO plugin v28.4 - https:\/\/yoast.com\/product\/yoast-seo-wordpress\/ -->\n<title>Venerd\u00ec a Cortina Lilli Gruber presenta &quot;Basta! Il potere delle donne contro la politica del testosterone&quot; - Bellunopress - Dolomiti<\/title>\n<meta name=\"robots\" content=\"index, follow, max-snippet:-1, max-image-preview:large, max-video-preview:-1\" \/>\n<link rel=\"canonical\" href=\"https:\/\/www.bellunopress.it\/fr\/2019\/12\/26\/venerdi-a-cortina-lilli-gruber-presenta-basta-il-potere-delle-donne-contro-la-politica-del-testosterone\/\" \/>\n<meta property=\"og:locale\" content=\"fr_FR\" \/>\n<meta property=\"og:type\" content=\"article\" \/>\n<meta property=\"og:title\" content=\"Venerd\u00ec a Cortina Lilli Gruber presenta &quot;Basta! Il potere delle donne contro la politica del testosterone&quot; - Bellunopress - Dolomiti\" \/>\n<meta property=\"og:description\" content=\"Pace a tutti gli uomini di buona volont\u00e0. Ma guerra agli altri. Perch\u00e9, dice Lilli Gruber, ne abbiamo abbastanza. Aggressioni scioviniste sul web, risse, stupri, omicidi. L\u2019invisibilit\u00e0 delle donne, escluse dai ruoli decisionali. In una parola: il machismo al potere. E sar\u00e0 proprio Lilli Gruber a Una Montagna di Libri, la festa internazionale della letteratura [&hellip;]\" \/>\n<meta property=\"og:url\" content=\"https:\/\/www.bellunopress.it\/fr\/2019\/12\/26\/venerdi-a-cortina-lilli-gruber-presenta-basta-il-potere-delle-donne-contro-la-politica-del-testosterone\/\" \/>\n<meta property=\"og:site_name\" content=\"Bellunopress - Dolomiti\" \/>\n<meta property=\"article:publisher\" content=\"https:\/\/www.facebook.com\/profile.php?id=100008943462799\" \/>\n<meta property=\"article:published_time\" content=\"2019-12-26T13:54:24+00:00\" \/>\n<meta property=\"article:modified_time\" content=\"2019-12-28T21:57:45+00:00\" \/>\n<meta property=\"og:image\" content=\"http:\/\/www.bellunopress.it\/wp-content\/uploads\/2016\/08\/lilli-gruber.jpg\" \/>\n<meta name=\"author\" content=\"redazione\" \/>\n<meta name=\"twitter:card\" content=\"summary_large_image\" \/>\n<meta name=\"twitter:creator\" content=\"@bellunopress\" \/>\n<meta name=\"twitter:site\" content=\"@bellunopress\" \/>\n<meta name=\"twitter:label1\" content=\"\u00c9crit par\" \/>\n\t<meta name=\"twitter:data1\" content=\"redazione\" \/>\n\t<meta name=\"twitter:label2\" content=\"Dur\u00e9e de lecture estim\u00e9e\" \/>\n\t<meta name=\"twitter:data2\" content=\"2 minutes\" \/>\n<script type=\"application\/ld+json\" class=\"yoast-schema-graph\">{\"@context\":\"https:\\\/\\\/schema.org\",\"@graph\":[{\"@type\":\"Article\",\"@id\":\"https:\\\/\\\/www.bellunopress.it\\\/2019\\\/12\\\/26\\\/venerdi-a-cortina-lilli-gruber-presenta-basta-il-potere-delle-donne-contro-la-politica-del-testosterone\\\/#article\",\"isPartOf\":{\"@id\":\"https:\\\/\\\/www.bellunopress.it\\\/2019\\\/12\\\/26\\\/venerdi-a-cortina-lilli-gruber-presenta-basta-il-potere-delle-donne-contro-la-politica-del-testosterone\\\/\"},\"author\":{\"name\":\"redazione\",\"@id\":\"https:\\\/\\\/www.bellunopress.it\\\/#\\\/schema\\\/person\\\/79bb06722b37ece1c03d3e94beb30d73\"},\"headline\":\"Venerd\u00ec a Cortina Lilli Gruber presenta &#8220;Basta! Il potere delle donne contro la politica del testosterone&#8221;\",\"datePublished\":\"2019-12-26T13:54:24+00:00\",\"dateModified\":\"2019-12-28T21:57:45+00:00\",\"mainEntityOfPage\":{\"@id\":\"https:\\\/\\\/www.bellunopress.it\\\/2019\\\/12\\\/26\\\/venerdi-a-cortina-lilli-gruber-presenta-basta-il-potere-delle-donne-contro-la-politica-del-testosterone\\\/\"},\"wordCount\":357,\"publisher\":{\"@id\":\"https:\\\/\\\/www.bellunopress.it\\\/#organization\"},\"image\":{\"@id\":\"https:\\\/\\\/www.bellunopress.it\\\/2019\\\/12\\\/26\\\/venerdi-a-cortina-lilli-gruber-presenta-basta-il-potere-delle-donne-contro-la-politica-del-testosterone\\\/#primaryimage\"},\"thumbnailUrl\":\"http:\\\/\\\/www.bellunopress.it\\\/wp-content\\\/uploads\\\/2016\\\/08\\\/lilli-gruber.jpg\",\"articleSection\":[\"Appuntamenti, Eventi\",\"Arte, Cultura, Spettacoli, Scienza\"],\"inLanguage\":\"fr-FR\"},{\"@type\":\"WebPage\",\"@id\":\"https:\\\/\\\/www.bellunopress.it\\\/2019\\\/12\\\/26\\\/venerdi-a-cortina-lilli-gruber-presenta-basta-il-potere-delle-donne-contro-la-politica-del-testosterone\\\/\",\"url\":\"https:\\\/\\\/www.bellunopress.it\\\/2019\\\/12\\\/26\\\/venerdi-a-cortina-lilli-gruber-presenta-basta-il-potere-delle-donne-contro-la-politica-del-testosterone\\\/\",\"name\":\"Venerd\u00ec a Cortina Lilli Gruber presenta \\\"Basta! Il potere delle donne contro la politica del testosterone\\\" - Bellunopress - Dolomiti\",\"isPartOf\":{\"@id\":\"https:\\\/\\\/www.bellunopress.it\\\/#website\"},\"primaryImageOfPage\":{\"@id\":\"https:\\\/\\\/www.bellunopress.it\\\/2019\\\/12\\\/26\\\/venerdi-a-cortina-lilli-gruber-presenta-basta-il-potere-delle-donne-contro-la-politica-del-testosterone\\\/#primaryimage\"},\"image\":{\"@id\":\"https:\\\/\\\/www.bellunopress.it\\\/2019\\\/12\\\/26\\\/venerdi-a-cortina-lilli-gruber-presenta-basta-il-potere-delle-donne-contro-la-politica-del-testosterone\\\/#primaryimage\"},\"thumbnailUrl\":\"http:\\\/\\\/www.bellunopress.it\\\/wp-content\\\/uploads\\\/2016\\\/08\\\/lilli-gruber.jpg\",\"datePublished\":\"2019-12-26T13:54:24+00:00\",\"dateModified\":\"2019-12-28T21:57:45+00:00\",\"breadcrumb\":{\"@id\":\"https:\\\/\\\/www.bellunopress.it\\\/2019\\\/12\\\/26\\\/venerdi-a-cortina-lilli-gruber-presenta-basta-il-potere-delle-donne-contro-la-politica-del-testosterone\\\/#breadcrumb\"},\"inLanguage\":\"fr-FR\",\"potentialAction\":[{\"@type\":\"ReadAction\",\"target\":[\"https:\\\/\\\/www.bellunopress.it\\\/2019\\\/12\\\/26\\\/venerdi-a-cortina-lilli-gruber-presenta-basta-il-potere-delle-donne-contro-la-politica-del-testosterone\\\/\"]}]},{\"@type\":\"ImageObject\",\"inLanguage\":\"fr-FR\",\"@id\":\"https:\\\/\\\/www.bellunopress.it\\\/2019\\\/12\\\/26\\\/venerdi-a-cortina-lilli-gruber-presenta-basta-il-potere-delle-donne-contro-la-politica-del-testosterone\\\/#primaryimage\",\"url\":\"http:\\\/\\\/www.bellunopress.it\\\/wp-content\\\/uploads\\\/2016\\\/08\\\/lilli-gruber.jpg\",\"contentUrl\":\"http:\\\/\\\/www.bellunopress.it\\\/wp-content\\\/uploads\\\/2016\\\/08\\\/lilli-gruber.jpg\"},{\"@type\":\"BreadcrumbList\",\"@id\":\"https:\\\/\\\/www.bellunopress.it\\\/2019\\\/12\\\/26\\\/venerdi-a-cortina-lilli-gruber-presenta-basta-il-potere-delle-donne-contro-la-politica-del-testosterone\\\/#breadcrumb\",\"itemListElement\":[{\"@type\":\"ListItem\",\"position\":1,\"name\":\"Home\",\"item\":\"https:\\\/\\\/www.bellunopress.it\\\/\"},{\"@type\":\"ListItem\",\"position\":2,\"name\":\"Venerd\u00ec a Cortina Lilli Gruber presenta &#8220;Basta! Il potere delle donne contro la politica del testosterone&#8221;\"}]},{\"@type\":\"WebSite\",\"@id\":\"https:\\\/\\\/www.bellunopress.it\\\/#website\",\"url\":\"https:\\\/\\\/www.bellunopress.it\\\/\",\"name\":\"Bellunopress - Dolomiti\",\"description\":\"e-mail: redazione@bellunopress.it\",\"publisher\":{\"@id\":\"https:\\\/\\\/www.bellunopress.it\\\/#organization\"},\"potentialAction\":[{\"@type\":\"SearchAction\",\"target\":{\"@type\":\"EntryPoint\",\"urlTemplate\":\"https:\\\/\\\/www.bellunopress.it\\\/?s={search_term_string}\"},\"query-input\":{\"@type\":\"PropertyValueSpecification\",\"valueRequired\":true,\"valueName\":\"search_term_string\"}}],\"inLanguage\":\"fr-FR\"},{\"@type\":\"Organization\",\"@id\":\"https:\\\/\\\/www.bellunopress.it\\\/#organization\",\"name\":\"Bellunopress\",\"url\":\"https:\\\/\\\/www.bellunopress.it\\\/\",\"logo\":{\"@type\":\"ImageObject\",\"inLanguage\":\"fr-FR\",\"@id\":\"https:\\\/\\\/www.bellunopress.it\\\/#\\\/schema\\\/logo\\\/image\\\/\",\"url\":\"https:\\\/\\\/www.bellunopress.it\\\/wp-content\\\/uploads\\\/2011\\\/05\\\/cropped-logo-bellunopress-.jpg\",\"contentUrl\":\"https:\\\/\\\/www.bellunopress.it\\\/wp-content\\\/uploads\\\/2011\\\/05\\\/cropped-logo-bellunopress-.jpg\",\"width\":512,\"height\":512,\"caption\":\"Bellunopress\"},\"image\":{\"@id\":\"https:\\\/\\\/www.bellunopress.it\\\/#\\\/schema\\\/logo\\\/image\\\/\"},\"sameAs\":[\"https:\\\/\\\/www.facebook.com\\\/profile.php?id=100008943462799\",\"https:\\\/\\\/x.com\\\/bellunopress\",\"https:\\\/\\\/www.linkedin.com\\\/hp\\\/?dnr=JBzUWaJfMUw8vbXJJ2tVW5-I3jZKvC4wsoxE&amp;amp;amp;amp;amp;amp;trk=nav_responsive_tab_home\",\"https:\\\/\\\/www.youtube.com\\\/channel\\\/UCxL0wu1uN0_3_7hGG0306cw\"]},{\"@type\":\"Person\",\"@id\":\"https:\\\/\\\/www.bellunopress.it\\\/#\\\/schema\\\/person\\\/79bb06722b37ece1c03d3e94beb30d73\",\"name\":\"redazione\",\"image\":{\"@type\":\"ImageObject\",\"inLanguage\":\"fr-FR\",\"@id\":\"https:\\\/\\\/secure.gravatar.com\\\/avatar\\\/37d968a2e67a6fd04c169c4bdef102d0bc5d31b2546345219e348575eb80e9a0?s=96&d=mm&r=g\",\"url\":\"https:\\\/\\\/secure.gravatar.com\\\/avatar\\\/37d968a2e67a6fd04c169c4bdef102d0bc5d31b2546345219e348575eb80e9a0?s=96&d=mm&r=g\",\"contentUrl\":\"https:\\\/\\\/secure.gravatar.com\\\/avatar\\\/37d968a2e67a6fd04c169c4bdef102d0bc5d31b2546345219e348575eb80e9a0?s=96&d=mm&r=g\",\"caption\":\"redazione\"},\"sameAs\":[\"http:\\\/\\\/www.bellunopress.it\",\"https:\\\/\\\/x.com\\\/bellunopress\"],\"url\":\"https:\\\/\\\/www.bellunopress.it\\\/fr\\\/author\\\/redazione\\\/\"}]}<\/script>\n<!-- \/ Yoast SEO plugin. -->","yoast_head_json":{"title":"Venerd\u00ec a Cortina Lilli Gruber presenta \"Basta! Il potere delle donne contro la politica del testosterone\" - Bellunopress - Dolomiti","robots":{"index":"index","follow":"follow","max-snippet":"max-snippet:-1","max-image-preview":"max-image-preview:large","max-video-preview":"max-video-preview:-1"},"canonical":"https:\/\/www.bellunopress.it\/fr\/2019\/12\/26\/venerdi-a-cortina-lilli-gruber-presenta-basta-il-potere-delle-donne-contro-la-politica-del-testosterone\/","og_locale":"fr_FR","og_type":"article","og_title":"Venerd\u00ec a Cortina Lilli Gruber presenta \"Basta! Il potere delle donne contro la politica del testosterone\" - Bellunopress - Dolomiti","og_description":"Pace a tutti gli uomini di buona volont\u00e0. Ma guerra agli altri. Perch\u00e9, dice Lilli Gruber, ne abbiamo abbastanza. Aggressioni scioviniste sul web, risse, stupri, omicidi. L\u2019invisibilit\u00e0 delle donne, escluse dai ruoli decisionali. In una parola: il machismo al potere. E sar\u00e0 proprio Lilli Gruber a Una Montagna di Libri, la festa internazionale della letteratura [&hellip;]","og_url":"https:\/\/www.bellunopress.it\/fr\/2019\/12\/26\/venerdi-a-cortina-lilli-gruber-presenta-basta-il-potere-delle-donne-contro-la-politica-del-testosterone\/","og_site_name":"Bellunopress - Dolomiti","article_publisher":"https:\/\/www.facebook.com\/profile.php?id=100008943462799","article_published_time":"2019-12-26T13:54:24+00:00","article_modified_time":"2019-12-28T21:57:45+00:00","og_image":[{"url":"http:\/\/www.bellunopress.it\/wp-content\/uploads\/2016\/08\/lilli-gruber.jpg","type":"","width":"","height":""}],"author":"redazione","twitter_card":"summary_large_image","twitter_creator":"@bellunopress","twitter_site":"@bellunopress","twitter_misc":{"\u00c9crit par":"redazione","Dur\u00e9e de lecture estim\u00e9e":"2 minutes"},"schema":{"@context":"https:\/\/schema.org","@graph":[{"@type":"Article","@id":"https:\/\/www.bellunopress.it\/2019\/12\/26\/venerdi-a-cortina-lilli-gruber-presenta-basta-il-potere-delle-donne-contro-la-politica-del-testosterone\/#article","isPartOf":{"@id":"https:\/\/www.bellunopress.it\/2019\/12\/26\/venerdi-a-cortina-lilli-gruber-presenta-basta-il-potere-delle-donne-contro-la-politica-del-testosterone\/"},"author":{"name":"redazione","@id":"https:\/\/www.bellunopress.it\/#\/schema\/person\/79bb06722b37ece1c03d3e94beb30d73"},"headline":"Venerd\u00ec a Cortina Lilli Gruber presenta &#8220;Basta! Il potere delle donne contro la politica del testosterone&#8221;","datePublished":"2019-12-26T13:54:24+00:00","dateModified":"2019-12-28T21:57:45+00:00","mainEntityOfPage":{"@id":"https:\/\/www.bellunopress.it\/2019\/12\/26\/venerdi-a-cortina-lilli-gruber-presenta-basta-il-potere-delle-donne-contro-la-politica-del-testosterone\/"},"wordCount":357,"publisher":{"@id":"https:\/\/www.bellunopress.it\/#organization"},"image":{"@id":"https:\/\/www.bellunopress.it\/2019\/12\/26\/venerdi-a-cortina-lilli-gruber-presenta-basta-il-potere-delle-donne-contro-la-politica-del-testosterone\/#primaryimage"},"thumbnailUrl":"http:\/\/www.bellunopress.it\/wp-content\/uploads\/2016\/08\/lilli-gruber.jpg","articleSection":["Appuntamenti, Eventi","Arte, Cultura, Spettacoli, Scienza"],"inLanguage":"fr-FR"},{"@type":"WebPage","@id":"https:\/\/www.bellunopress.it\/2019\/12\/26\/venerdi-a-cortina-lilli-gruber-presenta-basta-il-potere-delle-donne-contro-la-politica-del-testosterone\/","url":"https:\/\/www.bellunopress.it\/2019\/12\/26\/venerdi-a-cortina-lilli-gruber-presenta-basta-il-potere-delle-donne-contro-la-politica-del-testosterone\/","name":"Venerd\u00ec a Cortina Lilli Gruber presenta \"Basta! Il potere delle donne contro la politica del testosterone\" - Bellunopress - Dolomiti","isPartOf":{"@id":"https:\/\/www.bellunopress.it\/#website"},"primaryImageOfPage":{"@id":"https:\/\/www.bellunopress.it\/2019\/12\/26\/venerdi-a-cortina-lilli-gruber-presenta-basta-il-potere-delle-donne-contro-la-politica-del-testosterone\/#primaryimage"},"image":{"@id":"https:\/\/www.bellunopress.it\/2019\/12\/26\/venerdi-a-cortina-lilli-gruber-presenta-basta-il-potere-delle-donne-contro-la-politica-del-testosterone\/#primaryimage"},"thumbnailUrl":"http:\/\/www.bellunopress.it\/wp-content\/uploads\/2016\/08\/lilli-gruber.jpg","datePublished":"2019-12-26T13:54:24+00:00","dateModified":"2019-12-28T21:57:45+00:00","breadcrumb":{"@id":"https:\/\/www.bellunopress.it\/2019\/12\/26\/venerdi-a-cortina-lilli-gruber-presenta-basta-il-potere-delle-donne-contro-la-politica-del-testosterone\/#breadcrumb"},"inLanguage":"fr-FR","potentialAction":[{"@type":"ReadAction","target":["https:\/\/www.bellunopress.it\/2019\/12\/26\/venerdi-a-cortina-lilli-gruber-presenta-basta-il-potere-delle-donne-contro-la-politica-del-testosterone\/"]}]},{"@type":"ImageObject","inLanguage":"fr-FR","@id":"https:\/\/www.bellunopress.it\/2019\/12\/26\/venerdi-a-cortina-lilli-gruber-presenta-basta-il-potere-delle-donne-contro-la-politica-del-testosterone\/#primaryimage","url":"http:\/\/www.bellunopress.it\/wp-content\/uploads\/2016\/08\/lilli-gruber.jpg","contentUrl":"http:\/\/www.bellunopress.it\/wp-content\/uploads\/2016\/08\/lilli-gruber.jpg"},{"@type":"BreadcrumbList","@id":"https:\/\/www.bellunopress.it\/2019\/12\/26\/venerdi-a-cortina-lilli-gruber-presenta-basta-il-potere-delle-donne-contro-la-politica-del-testosterone\/#breadcrumb","itemListElement":[{"@type":"ListItem","position":1,"name":"Home","item":"https:\/\/www.bellunopress.it\/"},{"@type":"ListItem","position":2,"name":"Venerd\u00ec a Cortina Lilli Gruber presenta &#8220;Basta! Il potere delle donne contro la politica del testosterone&#8221;"}]},{"@type":"WebSite","@id":"https:\/\/www.bellunopress.it\/#website","url":"https:\/\/www.bellunopress.it\/","name":"Bellunopress - Dolomiti","description":"e-mail: redazione@bellunopress.it","publisher":{"@id":"https:\/\/www.bellunopress.it\/#organization"},"potentialAction":[{"@type":"SearchAction","target":{"@type":"EntryPoint","urlTemplate":"https:\/\/www.bellunopress.it\/?s={search_term_string}"},"query-input":{"@type":"PropertyValueSpecification","valueRequired":true,"valueName":"search_term_string"}}],"inLanguage":"fr-FR"},{"@type":"Organization","@id":"https:\/\/www.bellunopress.it\/#organization","name":"Bellunopress","url":"https:\/\/www.bellunopress.it\/","logo":{"@type":"ImageObject","inLanguage":"fr-FR","@id":"https:\/\/www.bellunopress.it\/#\/schema\/logo\/image\/","url":"https:\/\/www.bellunopress.it\/wp-content\/uploads\/2011\/05\/cropped-logo-bellunopress-.jpg","contentUrl":"https:\/\/www.bellunopress.it\/wp-content\/uploads\/2011\/05\/cropped-logo-bellunopress-.jpg","width":512,"height":512,"caption":"Bellunopress"},"image":{"@id":"https:\/\/www.bellunopress.it\/#\/schema\/logo\/image\/"},"sameAs":["https:\/\/www.facebook.com\/profile.php?id=100008943462799","https:\/\/x.com\/bellunopress","https:\/\/www.linkedin.com\/hp\/?dnr=JBzUWaJfMUw8vbXJJ2tVW5-I3jZKvC4wsoxE&amp;amp;amp;amp;amp;amp;trk=nav_responsive_tab_home","https:\/\/www.youtube.com\/channel\/UCxL0wu1uN0_3_7hGG0306cw"]},{"@type":"Person","@id":"https:\/\/www.bellunopress.it\/#\/schema\/person\/79bb06722b37ece1c03d3e94beb30d73","name":"r\u00e9daction","image":{"@type":"ImageObject","inLanguage":"fr-FR","@id":"https:\/\/secure.gravatar.com\/avatar\/37d968a2e67a6fd04c169c4bdef102d0bc5d31b2546345219e348575eb80e9a0?s=96&d=mm&r=g","url":"https:\/\/secure.gravatar.com\/avatar\/37d968a2e67a6fd04c169c4bdef102d0bc5d31b2546345219e348575eb80e9a0?s=96&d=mm&r=g","contentUrl":"https:\/\/secure.gravatar.com\/avatar\/37d968a2e67a6fd04c169c4bdef102d0bc5d31b2546345219e348575eb80e9a0?s=96&d=mm&r=g","caption":"redazione"},"sameAs":["http:\/\/www.bellunopress.it","https:\/\/x.com\/bellunopress"],"url":"https:\/\/www.bellunopress.it\/fr\/author\/redazione\/"}]}},"_links":{"self":[{"href":"https:\/\/www.bellunopress.it\/fr\/wp-json\/wp\/v2\/posts\/110766","targetHints":{"allow":["GET"]}}],"collection":[{"href":"https:\/\/www.bellunopress.it\/fr\/wp-json\/wp\/v2\/posts"}],"about":[{"href":"https:\/\/www.bellunopress.it\/fr\/wp-json\/wp\/v2\/types\/post"}],"author":[{"embeddable":true,"href":"https:\/\/www.bellunopress.it\/fr\/wp-json\/wp\/v2\/users\/2"}],"replies":[{"embeddable":true,"href":"https:\/\/www.bellunopress.it\/fr\/wp-json\/wp\/v2\/comments?post=110766"}],"version-history":[{"count":1,"href":"https:\/\/www.bellunopress.it\/fr\/wp-json\/wp\/v2\/posts\/110766\/revisions"}],"predecessor-version":[{"id":110767,"href":"https:\/\/www.bellunopress.it\/fr\/wp-json\/wp\/v2\/posts\/110766\/revisions\/110767"}],"wp:attachment":[{"href":"https:\/\/www.bellunopress.it\/fr\/wp-json\/wp\/v2\/media?parent=110766"}],"wp:term":[{"taxonomy":"category","embeddable":true,"href":"https:\/\/www.bellunopress.it\/fr\/wp-json\/wp\/v2\/categories?post=110766"},{"taxonomy":"post_tag","embeddable":true,"href":"https:\/\/www.bellunopress.it\/fr\/wp-json\/wp\/v2\/tags?post=110766"}],"curies":[{"name":"wp","href":"https:\/\/api.w.org\/{rel}","templated":true}]}}