{"id":110764,"date":"2019-12-26T14:37:36","date_gmt":"2019-12-26T13:37:36","guid":{"rendered":"http:\/\/www.bellunopress.it\/?p=110764"},"modified":"2019-12-26T14:37:36","modified_gmt":"2019-12-26T13:37:36","slug":"approvato-lordine-del-giorno-de-menech-introdotto-il-criterio-di-montanita-nella-spesa-pubblica","status":"publish","type":"post","link":"https:\/\/www.bellunopress.it\/fr\/2019\/12\/26\/approvato-lordine-del-giorno-de-menech-introdotto-il-criterio-di-montanita-nella-spesa-pubblica\/","title":{"rendered":"Approvato l&#8217;Ordine del giorno De Menech, introdotto il criterio di &#8220;Montanit\u00e0&#8221; nella spesa pubblica"},"content":{"rendered":"<figure id=\"attachment_46179\" aria-describedby=\"caption-attachment-46179\" style=\"width: 193px\" class=\"wp-caption alignleft\"><a href=\"http:\/\/www.bellunopress.it\/fr\/2013\/01\/29\/via-al-tour-di-roger-de-menech-pd-il-5-febbraio-appuntamento-anche-con-laura-puppato-capolista-al-senato\/roger-de-menech-1\/\" rel=\"attachment wp-att-46179\"><img loading=\"lazy\" decoding=\"async\" class=\"size-full wp-image-46179\" src=\"http:\/\/www.bellunopress.it\/wp-content\/uploads\/2013\/01\/roger-de-menech-1.jpg\" alt=\"\" width=\"193\" height=\"290\" \/><\/a><figcaption id=\"caption-attachment-46179\" class=\"wp-caption-text\">Roger De Menech, deputato Pd<\/figcaption><\/figure>\n<p>Roma, 26 Dicembre 2019\u00a0 &#8211;\u00a0\u00a0Con la manovra di bilancio, il Parlamento ha approvato anche un ordine del giorno che impegna il governo a introdurre il criterio della &#8220;Montanit\u00e0&#8221; nel riparto dei fondi per investimenti finanziati nel bilancio 2020.<\/p>\n<p>L&#8217;ordine del giorno \u00e8 stato presentato dai deputati Roger De Menech, Parolo ed Enrico Borghi, dell&#8217;intergruppo parlamentare per lo sviluppo della montagna<\/p>\n<p>\u00abCon l&#8217;intergruppo abbiamo fatto un lavoro trasversale\u00bb, afferma De Menech \u00abtrovando ampia condivisione dei contenuti anche tra i colleghi degli altri partiti\u00bb.<\/p>\n<p>Con l&#8217;ordine del giorno il governo viene impegnato \u00aba valutare la possibilit\u00e0\u00bb, si legge testualmente, &#8220;nell&#8217;ambito della ripartizione delle risorse del Fondo investimenti delle amministrazioni centrali, di includere anche progetti di sviluppo in aree montane finalizzati al raggiungimento di obiettivi di qualit\u00e0 ambientale: nell&#8217;ambito dell&#8217;esame delle richieste dei comuni ai fini del riparto dei contributi per investimenti relativi a opere pubbliche di messa in sicurezza degli edifici e del territorio, di riservare una premialit\u00e0 agli enti e territori montani&#8221;.<\/p>\n<p>Per quanto riguarda i contributi ai Comuni per investimenti di rigenerazione urbana, il governo si impegna ad &#8220;adottare opportune iniziative per estendere le previsioni e i criteri del riparto dei fondi anche alla riduzione dei fenomeni di spopolamento, soprattutto attraverso il recupero dei centri storici rurali nelle aree montane o interne del paese&#8221;.<\/p>\n<p>_________________________________<\/p>","protected":false},"excerpt":{"rendered":"<p>Roma, 26 Dicembre 2019\u00a0 &#8211;\u00a0\u00a0Con la manovra di bilancio, il Parlamento ha approvato anche un ordine del giorno che impegna il governo a introdurre il criterio della &#8220;Montanit\u00e0&#8221; nel riparto dei fondi per investimenti finanziati nel bilancio 2020. L&#8217;ordine del giorno \u00e8 stato presentato dai deputati Roger De Menech, Parolo ed Enrico Borghi, dell&#8217;intergruppo parlamentare [&hellip;]<\/p>\n","protected":false},"author":2,"featured_media":0,"comment_status":"closed","ping_status":"open","sticky":false,"template":"","format":"standard","meta":{"footnotes":""},"categories":[1],"tags":[],"class_list":["post-110764","post","type-post","status-publish","format-standard","category-leo"],"yoast_head":"<!-- This site is optimized with the Yoast SEO plugin v28.4 - https:\/\/yoast.com\/product\/yoast-seo-wordpress\/ -->\n<title>Approvato l&#039;Ordine del giorno De Menech, introdotto il criterio di &quot;Montanit\u00e0&quot; nella spesa pubblica - Bellunopress - Dolomiti<\/title>\n<meta name=\"robots\" content=\"index, follow, max-snippet:-1, max-image-preview:large, max-video-preview:-1\" \/>\n<link rel=\"canonical\" href=\"https:\/\/www.bellunopress.it\/fr\/2019\/12\/26\/approvato-lordine-del-giorno-de-menech-introdotto-il-criterio-di-montanita-nella-spesa-pubblica\/\" \/>\n<meta property=\"og:locale\" content=\"fr_FR\" \/>\n<meta property=\"og:type\" content=\"article\" \/>\n<meta property=\"og:title\" content=\"Approvato l&#039;Ordine del giorno De Menech, introdotto il criterio di &quot;Montanit\u00e0&quot; nella spesa pubblica - Bellunopress - Dolomiti\" \/>\n<meta property=\"og:description\" content=\"Roma, 26 Dicembre 2019\u00a0 &#8211;\u00a0\u00a0Con la manovra di bilancio, il Parlamento ha approvato anche un ordine del giorno che impegna il governo a introdurre il criterio della &#8220;Montanit\u00e0&#8221; nel riparto dei fondi per investimenti finanziati nel bilancio 2020. L&#8217;ordine del giorno \u00e8 stato presentato dai deputati Roger De Menech, Parolo ed Enrico Borghi, dell&#8217;intergruppo parlamentare [&hellip;]\" \/>\n<meta property=\"og:url\" content=\"https:\/\/www.bellunopress.it\/fr\/2019\/12\/26\/approvato-lordine-del-giorno-de-menech-introdotto-il-criterio-di-montanita-nella-spesa-pubblica\/\" \/>\n<meta property=\"og:site_name\" content=\"Bellunopress - Dolomiti\" \/>\n<meta property=\"article:publisher\" content=\"https:\/\/www.facebook.com\/profile.php?id=100008943462799\" \/>\n<meta property=\"article:published_time\" content=\"2019-12-26T13:37:36+00:00\" \/>\n<meta property=\"og:image\" content=\"http:\/\/www.bellunopress.it\/wp-content\/uploads\/2013\/01\/roger-de-menech-1.jpg\" \/>\n<meta name=\"author\" content=\"redazione\" \/>\n<meta name=\"twitter:card\" content=\"summary_large_image\" \/>\n<meta name=\"twitter:creator\" content=\"@bellunopress\" \/>\n<meta name=\"twitter:site\" content=\"@bellunopress\" \/>\n<meta name=\"twitter:label1\" content=\"\u00c9crit par\" \/>\n\t<meta name=\"twitter:data1\" content=\"redazione\" \/>\n\t<meta name=\"twitter:label2\" content=\"Dur\u00e9e de lecture estim\u00e9e\" \/>\n\t<meta name=\"twitter:data2\" content=\"1 minute\" \/>\n<script type=\"application\/ld+json\" class=\"yoast-schema-graph\">{\"@context\":\"https:\\\/\\\/schema.org\",\"@graph\":[{\"@type\":\"Article\",\"@id\":\"https:\\\/\\\/www.bellunopress.it\\\/2019\\\/12\\\/26\\\/approvato-lordine-del-giorno-de-menech-introdotto-il-criterio-di-montanita-nella-spesa-pubblica\\\/#article\",\"isPartOf\":{\"@id\":\"https:\\\/\\\/www.bellunopress.it\\\/2019\\\/12\\\/26\\\/approvato-lordine-del-giorno-de-menech-introdotto-il-criterio-di-montanita-nella-spesa-pubblica\\\/\"},\"author\":{\"name\":\"redazione\",\"@id\":\"https:\\\/\\\/www.bellunopress.it\\\/#\\\/schema\\\/person\\\/79bb06722b37ece1c03d3e94beb30d73\"},\"headline\":\"Approvato l&#8217;Ordine del giorno De Menech, introdotto il criterio di &#8220;Montanit\u00e0&#8221; nella spesa pubblica\",\"datePublished\":\"2019-12-26T13:37:36+00:00\",\"mainEntityOfPage\":{\"@id\":\"https:\\\/\\\/www.bellunopress.it\\\/2019\\\/12\\\/26\\\/approvato-lordine-del-giorno-de-menech-introdotto-il-criterio-di-montanita-nella-spesa-pubblica\\\/\"},\"wordCount\":245,\"publisher\":{\"@id\":\"https:\\\/\\\/www.bellunopress.it\\\/#organization\"},\"image\":{\"@id\":\"https:\\\/\\\/www.bellunopress.it\\\/2019\\\/12\\\/26\\\/approvato-lordine-del-giorno-de-menech-introdotto-il-criterio-di-montanita-nella-spesa-pubblica\\\/#primaryimage\"},\"thumbnailUrl\":\"http:\\\/\\\/www.bellunopress.it\\\/wp-content\\\/uploads\\\/2013\\\/01\\\/roger-de-menech-1.jpg\",\"articleSection\":[\"Lettere Opinioni\"],\"inLanguage\":\"fr-FR\"},{\"@type\":\"WebPage\",\"@id\":\"https:\\\/\\\/www.bellunopress.it\\\/2019\\\/12\\\/26\\\/approvato-lordine-del-giorno-de-menech-introdotto-il-criterio-di-montanita-nella-spesa-pubblica\\\/\",\"url\":\"https:\\\/\\\/www.bellunopress.it\\\/2019\\\/12\\\/26\\\/approvato-lordine-del-giorno-de-menech-introdotto-il-criterio-di-montanita-nella-spesa-pubblica\\\/\",\"name\":\"Approvato l'Ordine del giorno De Menech, introdotto il criterio di \\\"Montanit\u00e0\\\" nella spesa pubblica - Bellunopress - Dolomiti\",\"isPartOf\":{\"@id\":\"https:\\\/\\\/www.bellunopress.it\\\/#website\"},\"primaryImageOfPage\":{\"@id\":\"https:\\\/\\\/www.bellunopress.it\\\/2019\\\/12\\\/26\\\/approvato-lordine-del-giorno-de-menech-introdotto-il-criterio-di-montanita-nella-spesa-pubblica\\\/#primaryimage\"},\"image\":{\"@id\":\"https:\\\/\\\/www.bellunopress.it\\\/2019\\\/12\\\/26\\\/approvato-lordine-del-giorno-de-menech-introdotto-il-criterio-di-montanita-nella-spesa-pubblica\\\/#primaryimage\"},\"thumbnailUrl\":\"http:\\\/\\\/www.bellunopress.it\\\/wp-content\\\/uploads\\\/2013\\\/01\\\/roger-de-menech-1.jpg\",\"datePublished\":\"2019-12-26T13:37:36+00:00\",\"breadcrumb\":{\"@id\":\"https:\\\/\\\/www.bellunopress.it\\\/2019\\\/12\\\/26\\\/approvato-lordine-del-giorno-de-menech-introdotto-il-criterio-di-montanita-nella-spesa-pubblica\\\/#breadcrumb\"},\"inLanguage\":\"fr-FR\",\"potentialAction\":[{\"@type\":\"ReadAction\",\"target\":[\"https:\\\/\\\/www.bellunopress.it\\\/2019\\\/12\\\/26\\\/approvato-lordine-del-giorno-de-menech-introdotto-il-criterio-di-montanita-nella-spesa-pubblica\\\/\"]}]},{\"@type\":\"ImageObject\",\"inLanguage\":\"fr-FR\",\"@id\":\"https:\\\/\\\/www.bellunopress.it\\\/2019\\\/12\\\/26\\\/approvato-lordine-del-giorno-de-menech-introdotto-il-criterio-di-montanita-nella-spesa-pubblica\\\/#primaryimage\",\"url\":\"http:\\\/\\\/www.bellunopress.it\\\/wp-content\\\/uploads\\\/2013\\\/01\\\/roger-de-menech-1.jpg\",\"contentUrl\":\"http:\\\/\\\/www.bellunopress.it\\\/wp-content\\\/uploads\\\/2013\\\/01\\\/roger-de-menech-1.jpg\"},{\"@type\":\"BreadcrumbList\",\"@id\":\"https:\\\/\\\/www.bellunopress.it\\\/2019\\\/12\\\/26\\\/approvato-lordine-del-giorno-de-menech-introdotto-il-criterio-di-montanita-nella-spesa-pubblica\\\/#breadcrumb\",\"itemListElement\":[{\"@type\":\"ListItem\",\"position\":1,\"name\":\"Home\",\"item\":\"https:\\\/\\\/www.bellunopress.it\\\/\"},{\"@type\":\"ListItem\",\"position\":2,\"name\":\"Approvato l&#8217;Ordine del giorno De Menech, introdotto il criterio di &#8220;Montanit\u00e0&#8221; nella spesa pubblica\"}]},{\"@type\":\"WebSite\",\"@id\":\"https:\\\/\\\/www.bellunopress.it\\\/#website\",\"url\":\"https:\\\/\\\/www.bellunopress.it\\\/\",\"name\":\"Bellunopress - Dolomiti\",\"description\":\"e-mail: redazione@bellunopress.it\",\"publisher\":{\"@id\":\"https:\\\/\\\/www.bellunopress.it\\\/#organization\"},\"potentialAction\":[{\"@type\":\"SearchAction\",\"target\":{\"@type\":\"EntryPoint\",\"urlTemplate\":\"https:\\\/\\\/www.bellunopress.it\\\/?s={search_term_string}\"},\"query-input\":{\"@type\":\"PropertyValueSpecification\",\"valueRequired\":true,\"valueName\":\"search_term_string\"}}],\"inLanguage\":\"fr-FR\"},{\"@type\":\"Organization\",\"@id\":\"https:\\\/\\\/www.bellunopress.it\\\/#organization\",\"name\":\"Bellunopress\",\"url\":\"https:\\\/\\\/www.bellunopress.it\\\/\",\"logo\":{\"@type\":\"ImageObject\",\"inLanguage\":\"fr-FR\",\"@id\":\"https:\\\/\\\/www.bellunopress.it\\\/#\\\/schema\\\/logo\\\/image\\\/\",\"url\":\"https:\\\/\\\/www.bellunopress.it\\\/wp-content\\\/uploads\\\/2011\\\/05\\\/cropped-logo-bellunopress-.jpg\",\"contentUrl\":\"https:\\\/\\\/www.bellunopress.it\\\/wp-content\\\/uploads\\\/2011\\\/05\\\/cropped-logo-bellunopress-.jpg\",\"width\":512,\"height\":512,\"caption\":\"Bellunopress\"},\"image\":{\"@id\":\"https:\\\/\\\/www.bellunopress.it\\\/#\\\/schema\\\/logo\\\/image\\\/\"},\"sameAs\":[\"https:\\\/\\\/www.facebook.com\\\/profile.php?id=100008943462799\",\"https:\\\/\\\/x.com\\\/bellunopress\",\"https:\\\/\\\/www.linkedin.com\\\/hp\\\/?dnr=JBzUWaJfMUw8vbXJJ2tVW5-I3jZKvC4wsoxE&amp;amp;amp;amp;amp;amp;trk=nav_responsive_tab_home\",\"https:\\\/\\\/www.youtube.com\\\/channel\\\/UCxL0wu1uN0_3_7hGG0306cw\"]},{\"@type\":\"Person\",\"@id\":\"https:\\\/\\\/www.bellunopress.it\\\/#\\\/schema\\\/person\\\/79bb06722b37ece1c03d3e94beb30d73\",\"name\":\"redazione\",\"image\":{\"@type\":\"ImageObject\",\"inLanguage\":\"fr-FR\",\"@id\":\"https:\\\/\\\/secure.gravatar.com\\\/avatar\\\/37d968a2e67a6fd04c169c4bdef102d0bc5d31b2546345219e348575eb80e9a0?s=96&d=mm&r=g\",\"url\":\"https:\\\/\\\/secure.gravatar.com\\\/avatar\\\/37d968a2e67a6fd04c169c4bdef102d0bc5d31b2546345219e348575eb80e9a0?s=96&d=mm&r=g\",\"contentUrl\":\"https:\\\/\\\/secure.gravatar.com\\\/avatar\\\/37d968a2e67a6fd04c169c4bdef102d0bc5d31b2546345219e348575eb80e9a0?s=96&d=mm&r=g\",\"caption\":\"redazione\"},\"sameAs\":[\"http:\\\/\\\/www.bellunopress.it\",\"https:\\\/\\\/x.com\\\/bellunopress\"],\"url\":\"https:\\\/\\\/www.bellunopress.it\\\/fr\\\/author\\\/redazione\\\/\"}]}<\/script>\n<!-- \/ Yoast SEO plugin. -->","yoast_head_json":{"title":"Approvato l'Ordine del giorno De Menech, introdotto il criterio di \"Montanit\u00e0\" nella spesa pubblica - Bellunopress - Dolomiti","robots":{"index":"index","follow":"follow","max-snippet":"max-snippet:-1","max-image-preview":"max-image-preview:large","max-video-preview":"max-video-preview:-1"},"canonical":"https:\/\/www.bellunopress.it\/fr\/2019\/12\/26\/approvato-lordine-del-giorno-de-menech-introdotto-il-criterio-di-montanita-nella-spesa-pubblica\/","og_locale":"fr_FR","og_type":"article","og_title":"Approvato l'Ordine del giorno De Menech, introdotto il criterio di \"Montanit\u00e0\" nella spesa pubblica - Bellunopress - Dolomiti","og_description":"Roma, 26 Dicembre 2019\u00a0 &#8211;\u00a0\u00a0Con la manovra di bilancio, il Parlamento ha approvato anche un ordine del giorno che impegna il governo a introdurre il criterio della &#8220;Montanit\u00e0&#8221; nel riparto dei fondi per investimenti finanziati nel bilancio 2020. L&#8217;ordine del giorno \u00e8 stato presentato dai deputati Roger De Menech, Parolo ed Enrico Borghi, dell&#8217;intergruppo parlamentare [&hellip;]","og_url":"https:\/\/www.bellunopress.it\/fr\/2019\/12\/26\/approvato-lordine-del-giorno-de-menech-introdotto-il-criterio-di-montanita-nella-spesa-pubblica\/","og_site_name":"Bellunopress - Dolomiti","article_publisher":"https:\/\/www.facebook.com\/profile.php?id=100008943462799","article_published_time":"2019-12-26T13:37:36+00:00","og_image":[{"url":"http:\/\/www.bellunopress.it\/wp-content\/uploads\/2013\/01\/roger-de-menech-1.jpg","type":"","width":"","height":""}],"author":"redazione","twitter_card":"summary_large_image","twitter_creator":"@bellunopress","twitter_site":"@bellunopress","twitter_misc":{"\u00c9crit par":"redazione","Dur\u00e9e de lecture estim\u00e9e":"1 minute"},"schema":{"@context":"https:\/\/schema.org","@graph":[{"@type":"Article","@id":"https:\/\/www.bellunopress.it\/2019\/12\/26\/approvato-lordine-del-giorno-de-menech-introdotto-il-criterio-di-montanita-nella-spesa-pubblica\/#article","isPartOf":{"@id":"https:\/\/www.bellunopress.it\/2019\/12\/26\/approvato-lordine-del-giorno-de-menech-introdotto-il-criterio-di-montanita-nella-spesa-pubblica\/"},"author":{"name":"redazione","@id":"https:\/\/www.bellunopress.it\/#\/schema\/person\/79bb06722b37ece1c03d3e94beb30d73"},"headline":"Approvato l&#8217;Ordine del giorno De Menech, introdotto il criterio di &#8220;Montanit\u00e0&#8221; nella spesa pubblica","datePublished":"2019-12-26T13:37:36+00:00","mainEntityOfPage":{"@id":"https:\/\/www.bellunopress.it\/2019\/12\/26\/approvato-lordine-del-giorno-de-menech-introdotto-il-criterio-di-montanita-nella-spesa-pubblica\/"},"wordCount":245,"publisher":{"@id":"https:\/\/www.bellunopress.it\/#organization"},"image":{"@id":"https:\/\/www.bellunopress.it\/2019\/12\/26\/approvato-lordine-del-giorno-de-menech-introdotto-il-criterio-di-montanita-nella-spesa-pubblica\/#primaryimage"},"thumbnailUrl":"http:\/\/www.bellunopress.it\/wp-content\/uploads\/2013\/01\/roger-de-menech-1.jpg","articleSection":["Lettere Opinioni"],"inLanguage":"fr-FR"},{"@type":"WebPage","@id":"https:\/\/www.bellunopress.it\/2019\/12\/26\/approvato-lordine-del-giorno-de-menech-introdotto-il-criterio-di-montanita-nella-spesa-pubblica\/","url":"https:\/\/www.bellunopress.it\/2019\/12\/26\/approvato-lordine-del-giorno-de-menech-introdotto-il-criterio-di-montanita-nella-spesa-pubblica\/","name":"Approvato l'Ordine del giorno De Menech, introdotto il criterio di \"Montanit\u00e0\" nella spesa pubblica - Bellunopress - Dolomiti","isPartOf":{"@id":"https:\/\/www.bellunopress.it\/#website"},"primaryImageOfPage":{"@id":"https:\/\/www.bellunopress.it\/2019\/12\/26\/approvato-lordine-del-giorno-de-menech-introdotto-il-criterio-di-montanita-nella-spesa-pubblica\/#primaryimage"},"image":{"@id":"https:\/\/www.bellunopress.it\/2019\/12\/26\/approvato-lordine-del-giorno-de-menech-introdotto-il-criterio-di-montanita-nella-spesa-pubblica\/#primaryimage"},"thumbnailUrl":"http:\/\/www.bellunopress.it\/wp-content\/uploads\/2013\/01\/roger-de-menech-1.jpg","datePublished":"2019-12-26T13:37:36+00:00","breadcrumb":{"@id":"https:\/\/www.bellunopress.it\/2019\/12\/26\/approvato-lordine-del-giorno-de-menech-introdotto-il-criterio-di-montanita-nella-spesa-pubblica\/#breadcrumb"},"inLanguage":"fr-FR","potentialAction":[{"@type":"ReadAction","target":["https:\/\/www.bellunopress.it\/2019\/12\/26\/approvato-lordine-del-giorno-de-menech-introdotto-il-criterio-di-montanita-nella-spesa-pubblica\/"]}]},{"@type":"ImageObject","inLanguage":"fr-FR","@id":"https:\/\/www.bellunopress.it\/2019\/12\/26\/approvato-lordine-del-giorno-de-menech-introdotto-il-criterio-di-montanita-nella-spesa-pubblica\/#primaryimage","url":"http:\/\/www.bellunopress.it\/wp-content\/uploads\/2013\/01\/roger-de-menech-1.jpg","contentUrl":"http:\/\/www.bellunopress.it\/wp-content\/uploads\/2013\/01\/roger-de-menech-1.jpg"},{"@type":"BreadcrumbList","@id":"https:\/\/www.bellunopress.it\/2019\/12\/26\/approvato-lordine-del-giorno-de-menech-introdotto-il-criterio-di-montanita-nella-spesa-pubblica\/#breadcrumb","itemListElement":[{"@type":"ListItem","position":1,"name":"Home","item":"https:\/\/www.bellunopress.it\/"},{"@type":"ListItem","position":2,"name":"Approvato l&#8217;Ordine del giorno De Menech, introdotto il criterio di &#8220;Montanit\u00e0&#8221; nella spesa pubblica"}]},{"@type":"WebSite","@id":"https:\/\/www.bellunopress.it\/#website","url":"https:\/\/www.bellunopress.it\/","name":"Bellunopress - Dolomiti","description":"e-mail: redazione@bellunopress.it","publisher":{"@id":"https:\/\/www.bellunopress.it\/#organization"},"potentialAction":[{"@type":"SearchAction","target":{"@type":"EntryPoint","urlTemplate":"https:\/\/www.bellunopress.it\/?s={search_term_string}"},"query-input":{"@type":"PropertyValueSpecification","valueRequired":true,"valueName":"search_term_string"}}],"inLanguage":"fr-FR"},{"@type":"Organization","@id":"https:\/\/www.bellunopress.it\/#organization","name":"Bellunopress","url":"https:\/\/www.bellunopress.it\/","logo":{"@type":"ImageObject","inLanguage":"fr-FR","@id":"https:\/\/www.bellunopress.it\/#\/schema\/logo\/image\/","url":"https:\/\/www.bellunopress.it\/wp-content\/uploads\/2011\/05\/cropped-logo-bellunopress-.jpg","contentUrl":"https:\/\/www.bellunopress.it\/wp-content\/uploads\/2011\/05\/cropped-logo-bellunopress-.jpg","width":512,"height":512,"caption":"Bellunopress"},"image":{"@id":"https:\/\/www.bellunopress.it\/#\/schema\/logo\/image\/"},"sameAs":["https:\/\/www.facebook.com\/profile.php?id=100008943462799","https:\/\/x.com\/bellunopress","https:\/\/www.linkedin.com\/hp\/?dnr=JBzUWaJfMUw8vbXJJ2tVW5-I3jZKvC4wsoxE&amp;amp;amp;amp;amp;amp;trk=nav_responsive_tab_home","https:\/\/www.youtube.com\/channel\/UCxL0wu1uN0_3_7hGG0306cw"]},{"@type":"Person","@id":"https:\/\/www.bellunopress.it\/#\/schema\/person\/79bb06722b37ece1c03d3e94beb30d73","name":"r\u00e9daction","image":{"@type":"ImageObject","inLanguage":"fr-FR","@id":"https:\/\/secure.gravatar.com\/avatar\/37d968a2e67a6fd04c169c4bdef102d0bc5d31b2546345219e348575eb80e9a0?s=96&d=mm&r=g","url":"https:\/\/secure.gravatar.com\/avatar\/37d968a2e67a6fd04c169c4bdef102d0bc5d31b2546345219e348575eb80e9a0?s=96&d=mm&r=g","contentUrl":"https:\/\/secure.gravatar.com\/avatar\/37d968a2e67a6fd04c169c4bdef102d0bc5d31b2546345219e348575eb80e9a0?s=96&d=mm&r=g","caption":"redazione"},"sameAs":["http:\/\/www.bellunopress.it","https:\/\/x.com\/bellunopress"],"url":"https:\/\/www.bellunopress.it\/fr\/author\/redazione\/"}]}},"_links":{"self":[{"href":"https:\/\/www.bellunopress.it\/fr\/wp-json\/wp\/v2\/posts\/110764","targetHints":{"allow":["GET"]}}],"collection":[{"href":"https:\/\/www.bellunopress.it\/fr\/wp-json\/wp\/v2\/posts"}],"about":[{"href":"https:\/\/www.bellunopress.it\/fr\/wp-json\/wp\/v2\/types\/post"}],"author":[{"embeddable":true,"href":"https:\/\/www.bellunopress.it\/fr\/wp-json\/wp\/v2\/users\/2"}],"replies":[{"embeddable":true,"href":"https:\/\/www.bellunopress.it\/fr\/wp-json\/wp\/v2\/comments?post=110764"}],"version-history":[{"count":1,"href":"https:\/\/www.bellunopress.it\/fr\/wp-json\/wp\/v2\/posts\/110764\/revisions"}],"predecessor-version":[{"id":110765,"href":"https:\/\/www.bellunopress.it\/fr\/wp-json\/wp\/v2\/posts\/110764\/revisions\/110765"}],"wp:attachment":[{"href":"https:\/\/www.bellunopress.it\/fr\/wp-json\/wp\/v2\/media?parent=110764"}],"wp:term":[{"taxonomy":"category","embeddable":true,"href":"https:\/\/www.bellunopress.it\/fr\/wp-json\/wp\/v2\/categories?post=110764"},{"taxonomy":"post_tag","embeddable":true,"href":"https:\/\/www.bellunopress.it\/fr\/wp-json\/wp\/v2\/tags?post=110764"}],"curies":[{"name":"wp","href":"https:\/\/api.w.org\/{rel}","templated":true}]}}