{"id":110715,"date":"2019-12-23T11:24:46","date_gmt":"2019-12-23T10:24:46","guid":{"rendered":"http:\/\/www.bellunopress.it\/?p=110715"},"modified":"2019-12-23T11:24:47","modified_gmt":"2019-12-23T10:24:47","slug":"sabato-11-gennaio-2020-il-viaggio-ufficiale-della-prima-e-nuova-cabinovia-a-cortina-tofana-freccia-nel-cielo","status":"publish","type":"post","link":"https:\/\/www.bellunopress.it\/fr\/2019\/12\/23\/sabato-11-gennaio-2020-il-viaggio-ufficiale-della-prima-e-nuova-cabinovia-a-cortina-tofana-freccia-nel-cielo\/","title":{"rendered":"Sabato 11 gennaio 2020 il viaggio ufficiale della prima e nuova cabinovia a Cortina Tofana \u2013 Freccia nel Cielo"},"content":{"rendered":"<p><em>L&#8217;evento di presentazione ufficiale della nuova cabinovia Tofana \u2013 Freccia nel Cielo prevede la salita inaugurale verso la stazione di Col Drusci\u00e9. 47 le cabine che sostituiscono il primo tronco della storica funivia che dal centro di Cortina sale fino a Col Drusci\u00e9 ed in grado di portare fino a 1800 persone all&#8217;ora. Presente il Commissario di Governo per i progetti sportivi 2020-2021 per la consegna di tutti gli interventi strategici alla cittadinanza di Cortina d&#8217;Ampezzo. Gi\u00e0 aperta la stagione sciistica sull&#8217;impianto di Tofana \u2013 Freccia nel Cielo.<\/em><\/p>\n<p><a href=\"http:\/\/www.bellunopress.it\/fr\/2019\/12\/23\/sabato-11-gennaio-2020-il-viaggio-ufficiale-della-prima-e-nuova-cabinovia-a-cortina-tofana-freccia-nel-cielo\/nuova-cabinovia-freccia-nel-cielo-cortina\/\" rel=\"attachment wp-att-110716\"><img loading=\"lazy\" decoding=\"async\" class=\"alignleft size-full wp-image-110716\" src=\"http:\/\/www.bellunopress.it\/wp-content\/uploads\/2019\/12\/nuova-cabinovia-freccia-nel-cielo-cortina.jpg\" alt=\"\" width=\"300\" height=\"197\" \/><\/a>Sabato 11 gennaio 2020 si inaugura ufficialmente la nuova cabinovia che sostituisce il primo tratto della famosa e storica Tofana \u2013 Freccia nel Cielo. Il taglio del nastro dell&#8217;atteso evento della stagione invernale vedr\u00e0 la presenza di numerose autorit\u00e0 che hanno partecipato a vario titolo alla realizzazione di questo primo importante obiettivo. L&#8217;inaugurazione promossa dall&#8217;ingegner Luigivalerio Sant&#8217;Andrea, commissario di Governo per il progetto sportivo Cortina 2021, si terr\u00e0 alle ore 16:00 presso la stazione di valle della Freccia nel Cielo e sar\u00e0 ospitata dall&#8217;ingegner Mario Vascellari, presidente di Tofana 2021 Srl. A seguire, si apriranno per gli invitati le porte delle 47 moderne cabine che conducono alla stazione di Col Drusci\u00e9 per la salita inaugurale. Domenica 12 gennaio sar\u00e0 la giornata Open Day &#8220;The Future is now&#8221; e si avr\u00e0 la possibilit\u00e0 di salire gratuitamente lungo il primo tronco e sciare sulle rinnovate piste Col Drusci\u00e9 A e B, quest&#8217;ultima divenuta pi\u00f9 interessante e adatta a tutti.<\/p>\n<p>&#8220;Futuro al vertice&#8221;. Questo lo slogan scelto per il grande e atteso evento inaugurale della nuova cabinovia di Tofana \u2013 Freccia nel Cielo; lo storico impianto di risalita, che da oltre 50 anni rende accessibile una tra le cime pi\u00f9 alte delle Dolomiti Patrimonio Unesco, si rinnova in vista di un futuro che vedr\u00e0 ancora grandi protagonisti per Cortina e il suo territorio. La nuova cabinovia, realizzata da Tofana srl con Leitner e lo studio di progettazione G22 Projects, attraverso un bando pubblico, ha visto il coinvolgimento sinergico di pi\u00f9 amministrazioni quali il Commissario di Governo, la Regione Veneto, la Provincia di Belluno e il Comune di Cortina, tutte orientate a garantire gli obiettivi volti ad assicurare il progetto sportivo Cortina 2021. Le nuove 47 cabine avanzano alla velocit\u00e0 di 6 metri al secondo e sono in grado di portare fino a 1800 persone all&#8217;ora. Questi i numeri che permetteranno alla rinnovata Freccia del Cielo, unica cabinovia di Cortina d&#8217;Ampezzo, di diminuire al minimo i tempi di attesa rispondendo ai moderni standard di comfort, qualit\u00e0 e tecnologia e favorendo la sostenibilit\u00e0 in termini di mobilit\u00e0 e accessibilit\u00e0, grazie anche alla realizzazione della stazione intermedia a Colfiere che accoglier\u00e0 gli spettatori per la Coppa del Mondo nel 2020 e per i Mondiali di sci alpino nel 2021, oltre che per i giochi Olimpici invernali del 2026. Anche la stazione di partenza \u00e8 completamente rinnovata. La copertura inclinata con diverse pendenze richiama visivamente al concetto di freccia, mantenendo una continuit\u00e0 ideale con la precedente struttura; ampie vetrate permettono una visuale aperta sulla grande piazza antistante. Un progetto architettonico e impiantistico studiato per essere altamente funzionale e che ben si inserisce nello splendido contesto paesaggistico circostante.<\/p>\n<p>\u00abAbbiamo realizzato quello che avevamo promesso\u00bb spiega Mario Vascellari, presidente di Tofana 2021 Srl. \u00abNonostante le ristrettissime tempistiche accordate al progetto e la perdurata avversa situazione meteorologica del mese di novembre, siamo riusciti a collaudare l&#8217;impianto nei tempi prefissati. Il tutto merito di un gran lavoro di squadra\u00bb. Gi\u00e0 aperta la stagione sciistica sull&#8217;impianto di Tofana \u2013 Freccia nel Cielo e accessibile anche il primo tratto. La giornata di sabato 11 gennaio sar\u00e0 inoltre l&#8217;occasione in cui il Commissario di Governo per la realizzazione del progetto sportivo delle finali di coppa del mondo e dei campionati mondiali di sci alpino, Luigivalerio Sant&#8217;Andrea, consegner\u00e0 simbolicamente a tutta la cittadinanza gli interventi strategici attuati, in particolare le piste Drusci\u00e9 A e B e il relativo impianto di innevamento programmato, le piste Olympia e Vertigine e relativi tunnel di collegamento, la nuova pista Lino Lacedelli nel comprensorio delle Cinque Torri, la Finish Area Rumerlo, un nuovo sistema per il distacco controllato di valanghe e interventi di accessibilit\u00e0.<\/p>","protected":false},"excerpt":{"rendered":"<p>L&#8217;evento di presentazione ufficiale della nuova cabinovia Tofana \u2013 Freccia nel Cielo prevede la salita inaugurale verso la stazione di Col Drusci\u00e9. 47 le cabine che sostituiscono il primo tronco della storica funivia che dal centro di Cortina sale fino a Col Drusci\u00e9 ed in grado di portare fino a 1800 persone all&#8217;ora. Presente il [&hellip;]<\/p>\n","protected":false},"author":2,"featured_media":0,"comment_status":"closed","ping_status":"open","sticky":false,"template":"","format":"standard","meta":{"footnotes":""},"categories":[27,36,25],"tags":[],"class_list":["post-110715","post","type-post","status-publish","format-standard","category-appuntamenti","category-lavoro-economia","category-pausa-caffe"],"yoast_head":"<!-- This site is optimized with the Yoast SEO plugin v28.4 - https:\/\/yoast.com\/product\/yoast-seo-wordpress\/ -->\n<title>Sabato 11 gennaio 2020 il viaggio ufficiale della prima e nuova cabinovia a Cortina Tofana \u2013 Freccia nel Cielo - Bellunopress - Dolomiti<\/title>\n<meta name=\"robots\" content=\"index, follow, max-snippet:-1, max-image-preview:large, max-video-preview:-1\" \/>\n<link rel=\"canonical\" href=\"https:\/\/www.bellunopress.it\/fr\/2019\/12\/23\/sabato-11-gennaio-2020-il-viaggio-ufficiale-della-prima-e-nuova-cabinovia-a-cortina-tofana-freccia-nel-cielo\/\" \/>\n<meta property=\"og:locale\" content=\"fr_FR\" \/>\n<meta property=\"og:type\" content=\"article\" \/>\n<meta property=\"og:title\" content=\"Sabato 11 gennaio 2020 il viaggio ufficiale della prima e nuova cabinovia a Cortina Tofana \u2013 Freccia nel Cielo - Bellunopress - Dolomiti\" \/>\n<meta property=\"og:description\" content=\"L&#8217;evento di presentazione ufficiale della nuova cabinovia Tofana \u2013 Freccia nel Cielo prevede la salita inaugurale verso la stazione di Col Drusci\u00e9. 47 le cabine che sostituiscono il primo tronco della storica funivia che dal centro di Cortina sale fino a Col Drusci\u00e9 ed in grado di portare fino a 1800 persone all&#8217;ora. Presente il [&hellip;]\" \/>\n<meta property=\"og:url\" content=\"https:\/\/www.bellunopress.it\/fr\/2019\/12\/23\/sabato-11-gennaio-2020-il-viaggio-ufficiale-della-prima-e-nuova-cabinovia-a-cortina-tofana-freccia-nel-cielo\/\" \/>\n<meta property=\"og:site_name\" content=\"Bellunopress - Dolomiti\" \/>\n<meta property=\"article:publisher\" content=\"https:\/\/www.facebook.com\/profile.php?id=100008943462799\" \/>\n<meta property=\"article:published_time\" content=\"2019-12-23T10:24:46+00:00\" \/>\n<meta property=\"article:modified_time\" content=\"2019-12-23T10:24:47+00:00\" \/>\n<meta property=\"og:image\" content=\"http:\/\/www.bellunopress.it\/wp-content\/uploads\/2019\/12\/nuova-cabinovia-freccia-nel-cielo-cortina.jpg\" \/>\n<meta name=\"author\" content=\"redazione\" \/>\n<meta name=\"twitter:card\" content=\"summary_large_image\" \/>\n<meta name=\"twitter:creator\" content=\"@bellunopress\" \/>\n<meta name=\"twitter:site\" content=\"@bellunopress\" \/>\n<meta name=\"twitter:label1\" content=\"Written by\" \/>\n\t<meta name=\"twitter:data1\" content=\"redazione\" \/>\n\t<meta name=\"twitter:label2\" content=\"Est. reading time\" \/>\n\t<meta name=\"twitter:data2\" content=\"3 minutes\" \/>\n<script type=\"application\/ld+json\" class=\"yoast-schema-graph\">{\"@context\":\"https:\\\/\\\/schema.org\",\"@graph\":[{\"@type\":\"Article\",\"@id\":\"https:\\\/\\\/www.bellunopress.it\\\/2019\\\/12\\\/23\\\/sabato-11-gennaio-2020-il-viaggio-ufficiale-della-prima-e-nuova-cabinovia-a-cortina-tofana-freccia-nel-cielo\\\/#article\",\"isPartOf\":{\"@id\":\"https:\\\/\\\/www.bellunopress.it\\\/2019\\\/12\\\/23\\\/sabato-11-gennaio-2020-il-viaggio-ufficiale-della-prima-e-nuova-cabinovia-a-cortina-tofana-freccia-nel-cielo\\\/\"},\"author\":{\"name\":\"redazione\",\"@id\":\"https:\\\/\\\/www.bellunopress.it\\\/#\\\/schema\\\/person\\\/79bb06722b37ece1c03d3e94beb30d73\"},\"headline\":\"Sabato 11 gennaio 2020 il viaggio ufficiale della prima e nuova cabinovia a Cortina Tofana \u2013 Freccia nel Cielo\",\"datePublished\":\"2019-12-23T10:24:46+00:00\",\"dateModified\":\"2019-12-23T10:24:47+00:00\",\"mainEntityOfPage\":{\"@id\":\"https:\\\/\\\/www.bellunopress.it\\\/2019\\\/12\\\/23\\\/sabato-11-gennaio-2020-il-viaggio-ufficiale-della-prima-e-nuova-cabinovia-a-cortina-tofana-freccia-nel-cielo\\\/\"},\"wordCount\":699,\"publisher\":{\"@id\":\"https:\\\/\\\/www.bellunopress.it\\\/#organization\"},\"image\":{\"@id\":\"https:\\\/\\\/www.bellunopress.it\\\/2019\\\/12\\\/23\\\/sabato-11-gennaio-2020-il-viaggio-ufficiale-della-prima-e-nuova-cabinovia-a-cortina-tofana-freccia-nel-cielo\\\/#primaryimage\"},\"thumbnailUrl\":\"http:\\\/\\\/www.bellunopress.it\\\/wp-content\\\/uploads\\\/2019\\\/12\\\/nuova-cabinovia-freccia-nel-cielo-cortina.jpg\",\"articleSection\":[\"Appuntamenti, Eventi\",\"Lavoro, Economia, Turismo\",\"Pausa Caff\u00e8\"],\"inLanguage\":\"fr-FR\"},{\"@type\":\"WebPage\",\"@id\":\"https:\\\/\\\/www.bellunopress.it\\\/2019\\\/12\\\/23\\\/sabato-11-gennaio-2020-il-viaggio-ufficiale-della-prima-e-nuova-cabinovia-a-cortina-tofana-freccia-nel-cielo\\\/\",\"url\":\"https:\\\/\\\/www.bellunopress.it\\\/2019\\\/12\\\/23\\\/sabato-11-gennaio-2020-il-viaggio-ufficiale-della-prima-e-nuova-cabinovia-a-cortina-tofana-freccia-nel-cielo\\\/\",\"name\":\"Sabato 11 gennaio 2020 il viaggio ufficiale della prima e nuova cabinovia a Cortina Tofana \u2013 Freccia nel Cielo - Bellunopress - Dolomiti\",\"isPartOf\":{\"@id\":\"https:\\\/\\\/www.bellunopress.it\\\/#website\"},\"primaryImageOfPage\":{\"@id\":\"https:\\\/\\\/www.bellunopress.it\\\/2019\\\/12\\\/23\\\/sabato-11-gennaio-2020-il-viaggio-ufficiale-della-prima-e-nuova-cabinovia-a-cortina-tofana-freccia-nel-cielo\\\/#primaryimage\"},\"image\":{\"@id\":\"https:\\\/\\\/www.bellunopress.it\\\/2019\\\/12\\\/23\\\/sabato-11-gennaio-2020-il-viaggio-ufficiale-della-prima-e-nuova-cabinovia-a-cortina-tofana-freccia-nel-cielo\\\/#primaryimage\"},\"thumbnailUrl\":\"http:\\\/\\\/www.bellunopress.it\\\/wp-content\\\/uploads\\\/2019\\\/12\\\/nuova-cabinovia-freccia-nel-cielo-cortina.jpg\",\"datePublished\":\"2019-12-23T10:24:46+00:00\",\"dateModified\":\"2019-12-23T10:24:47+00:00\",\"breadcrumb\":{\"@id\":\"https:\\\/\\\/www.bellunopress.it\\\/2019\\\/12\\\/23\\\/sabato-11-gennaio-2020-il-viaggio-ufficiale-della-prima-e-nuova-cabinovia-a-cortina-tofana-freccia-nel-cielo\\\/#breadcrumb\"},\"inLanguage\":\"fr-FR\",\"potentialAction\":[{\"@type\":\"ReadAction\",\"target\":[\"https:\\\/\\\/www.bellunopress.it\\\/2019\\\/12\\\/23\\\/sabato-11-gennaio-2020-il-viaggio-ufficiale-della-prima-e-nuova-cabinovia-a-cortina-tofana-freccia-nel-cielo\\\/\"]}]},{\"@type\":\"ImageObject\",\"inLanguage\":\"fr-FR\",\"@id\":\"https:\\\/\\\/www.bellunopress.it\\\/2019\\\/12\\\/23\\\/sabato-11-gennaio-2020-il-viaggio-ufficiale-della-prima-e-nuova-cabinovia-a-cortina-tofana-freccia-nel-cielo\\\/#primaryimage\",\"url\":\"http:\\\/\\\/www.bellunopress.it\\\/wp-content\\\/uploads\\\/2019\\\/12\\\/nuova-cabinovia-freccia-nel-cielo-cortina.jpg\",\"contentUrl\":\"http:\\\/\\\/www.bellunopress.it\\\/wp-content\\\/uploads\\\/2019\\\/12\\\/nuova-cabinovia-freccia-nel-cielo-cortina.jpg\"},{\"@type\":\"BreadcrumbList\",\"@id\":\"https:\\\/\\\/www.bellunopress.it\\\/2019\\\/12\\\/23\\\/sabato-11-gennaio-2020-il-viaggio-ufficiale-della-prima-e-nuova-cabinovia-a-cortina-tofana-freccia-nel-cielo\\\/#breadcrumb\",\"itemListElement\":[{\"@type\":\"ListItem\",\"position\":1,\"name\":\"Home\",\"item\":\"https:\\\/\\\/www.bellunopress.it\\\/\"},{\"@type\":\"ListItem\",\"position\":2,\"name\":\"Sabato 11 gennaio 2020 il viaggio ufficiale della prima e nuova cabinovia a Cortina Tofana \u2013 Freccia nel Cielo\"}]},{\"@type\":\"WebSite\",\"@id\":\"https:\\\/\\\/www.bellunopress.it\\\/#website\",\"url\":\"https:\\\/\\\/www.bellunopress.it\\\/\",\"name\":\"Bellunopress - Dolomiti\",\"description\":\"e-mail: redazione@bellunopress.it\",\"publisher\":{\"@id\":\"https:\\\/\\\/www.bellunopress.it\\\/#organization\"},\"potentialAction\":[{\"@type\":\"SearchAction\",\"target\":{\"@type\":\"EntryPoint\",\"urlTemplate\":\"https:\\\/\\\/www.bellunopress.it\\\/?s={search_term_string}\"},\"query-input\":{\"@type\":\"PropertyValueSpecification\",\"valueRequired\":true,\"valueName\":\"search_term_string\"}}],\"inLanguage\":\"fr-FR\"},{\"@type\":\"Organization\",\"@id\":\"https:\\\/\\\/www.bellunopress.it\\\/#organization\",\"name\":\"Bellunopress\",\"url\":\"https:\\\/\\\/www.bellunopress.it\\\/\",\"logo\":{\"@type\":\"ImageObject\",\"inLanguage\":\"fr-FR\",\"@id\":\"https:\\\/\\\/www.bellunopress.it\\\/#\\\/schema\\\/logo\\\/image\\\/\",\"url\":\"https:\\\/\\\/www.bellunopress.it\\\/wp-content\\\/uploads\\\/2011\\\/05\\\/cropped-logo-bellunopress-.jpg\",\"contentUrl\":\"https:\\\/\\\/www.bellunopress.it\\\/wp-content\\\/uploads\\\/2011\\\/05\\\/cropped-logo-bellunopress-.jpg\",\"width\":512,\"height\":512,\"caption\":\"Bellunopress\"},\"image\":{\"@id\":\"https:\\\/\\\/www.bellunopress.it\\\/#\\\/schema\\\/logo\\\/image\\\/\"},\"sameAs\":[\"https:\\\/\\\/www.facebook.com\\\/profile.php?id=100008943462799\",\"https:\\\/\\\/x.com\\\/bellunopress\",\"https:\\\/\\\/www.linkedin.com\\\/hp\\\/?dnr=JBzUWaJfMUw8vbXJJ2tVW5-I3jZKvC4wsoxE&amp;amp;amp;amp;amp;amp;trk=nav_responsive_tab_home\",\"https:\\\/\\\/www.youtube.com\\\/channel\\\/UCxL0wu1uN0_3_7hGG0306cw\"]},{\"@type\":\"Person\",\"@id\":\"https:\\\/\\\/www.bellunopress.it\\\/#\\\/schema\\\/person\\\/79bb06722b37ece1c03d3e94beb30d73\",\"name\":\"redazione\",\"image\":{\"@type\":\"ImageObject\",\"inLanguage\":\"fr-FR\",\"@id\":\"https:\\\/\\\/secure.gravatar.com\\\/avatar\\\/37d968a2e67a6fd04c169c4bdef102d0bc5d31b2546345219e348575eb80e9a0?s=96&d=mm&r=g\",\"url\":\"https:\\\/\\\/secure.gravatar.com\\\/avatar\\\/37d968a2e67a6fd04c169c4bdef102d0bc5d31b2546345219e348575eb80e9a0?s=96&d=mm&r=g\",\"contentUrl\":\"https:\\\/\\\/secure.gravatar.com\\\/avatar\\\/37d968a2e67a6fd04c169c4bdef102d0bc5d31b2546345219e348575eb80e9a0?s=96&d=mm&r=g\",\"caption\":\"redazione\"},\"sameAs\":[\"http:\\\/\\\/www.bellunopress.it\",\"https:\\\/\\\/x.com\\\/bellunopress\"],\"url\":\"https:\\\/\\\/www.bellunopress.it\\\/fr\\\/author\\\/redazione\\\/\"}]}<\/script>\n<!-- \/ Yoast SEO plugin. -->","yoast_head_json":{"title":"Sabato 11 gennaio 2020 il viaggio ufficiale della prima e nuova cabinovia a Cortina Tofana \u2013 Freccia nel Cielo - Bellunopress - Dolomiti","robots":{"index":"index","follow":"follow","max-snippet":"max-snippet:-1","max-image-preview":"max-image-preview:large","max-video-preview":"max-video-preview:-1"},"canonical":"https:\/\/www.bellunopress.it\/fr\/2019\/12\/23\/sabato-11-gennaio-2020-il-viaggio-ufficiale-della-prima-e-nuova-cabinovia-a-cortina-tofana-freccia-nel-cielo\/","og_locale":"fr_FR","og_type":"article","og_title":"Sabato 11 gennaio 2020 il viaggio ufficiale della prima e nuova cabinovia a Cortina Tofana \u2013 Freccia nel Cielo - Bellunopress - Dolomiti","og_description":"L&#8217;evento di presentazione ufficiale della nuova cabinovia Tofana \u2013 Freccia nel Cielo prevede la salita inaugurale verso la stazione di Col Drusci\u00e9. 47 le cabine che sostituiscono il primo tronco della storica funivia che dal centro di Cortina sale fino a Col Drusci\u00e9 ed in grado di portare fino a 1800 persone all&#8217;ora. Presente il [&hellip;]","og_url":"https:\/\/www.bellunopress.it\/fr\/2019\/12\/23\/sabato-11-gennaio-2020-il-viaggio-ufficiale-della-prima-e-nuova-cabinovia-a-cortina-tofana-freccia-nel-cielo\/","og_site_name":"Bellunopress - Dolomiti","article_publisher":"https:\/\/www.facebook.com\/profile.php?id=100008943462799","article_published_time":"2019-12-23T10:24:46+00:00","article_modified_time":"2019-12-23T10:24:47+00:00","og_image":[{"url":"http:\/\/www.bellunopress.it\/wp-content\/uploads\/2019\/12\/nuova-cabinovia-freccia-nel-cielo-cortina.jpg","type":"","width":"","height":""}],"author":"redazione","twitter_card":"summary_large_image","twitter_creator":"@bellunopress","twitter_site":"@bellunopress","twitter_misc":{"Written by":"redazione","Est. reading time":"3 minutes"},"schema":{"@context":"https:\/\/schema.org","@graph":[{"@type":"Article","@id":"https:\/\/www.bellunopress.it\/2019\/12\/23\/sabato-11-gennaio-2020-il-viaggio-ufficiale-della-prima-e-nuova-cabinovia-a-cortina-tofana-freccia-nel-cielo\/#article","isPartOf":{"@id":"https:\/\/www.bellunopress.it\/2019\/12\/23\/sabato-11-gennaio-2020-il-viaggio-ufficiale-della-prima-e-nuova-cabinovia-a-cortina-tofana-freccia-nel-cielo\/"},"author":{"name":"redazione","@id":"https:\/\/www.bellunopress.it\/#\/schema\/person\/79bb06722b37ece1c03d3e94beb30d73"},"headline":"Sabato 11 gennaio 2020 il viaggio ufficiale della prima e nuova cabinovia a Cortina Tofana \u2013 Freccia nel Cielo","datePublished":"2019-12-23T10:24:46+00:00","dateModified":"2019-12-23T10:24:47+00:00","mainEntityOfPage":{"@id":"https:\/\/www.bellunopress.it\/2019\/12\/23\/sabato-11-gennaio-2020-il-viaggio-ufficiale-della-prima-e-nuova-cabinovia-a-cortina-tofana-freccia-nel-cielo\/"},"wordCount":699,"publisher":{"@id":"https:\/\/www.bellunopress.it\/#organization"},"image":{"@id":"https:\/\/www.bellunopress.it\/2019\/12\/23\/sabato-11-gennaio-2020-il-viaggio-ufficiale-della-prima-e-nuova-cabinovia-a-cortina-tofana-freccia-nel-cielo\/#primaryimage"},"thumbnailUrl":"http:\/\/www.bellunopress.it\/wp-content\/uploads\/2019\/12\/nuova-cabinovia-freccia-nel-cielo-cortina.jpg","articleSection":["Appuntamenti, Eventi","Lavoro, Economia, Turismo","Pausa Caff\u00e8"],"inLanguage":"fr-FR"},{"@type":"WebPage","@id":"https:\/\/www.bellunopress.it\/2019\/12\/23\/sabato-11-gennaio-2020-il-viaggio-ufficiale-della-prima-e-nuova-cabinovia-a-cortina-tofana-freccia-nel-cielo\/","url":"https:\/\/www.bellunopress.it\/2019\/12\/23\/sabato-11-gennaio-2020-il-viaggio-ufficiale-della-prima-e-nuova-cabinovia-a-cortina-tofana-freccia-nel-cielo\/","name":"Sabato 11 gennaio 2020 il viaggio ufficiale della prima e nuova cabinovia a Cortina Tofana \u2013 Freccia nel Cielo - Bellunopress - Dolomiti","isPartOf":{"@id":"https:\/\/www.bellunopress.it\/#website"},"primaryImageOfPage":{"@id":"https:\/\/www.bellunopress.it\/2019\/12\/23\/sabato-11-gennaio-2020-il-viaggio-ufficiale-della-prima-e-nuova-cabinovia-a-cortina-tofana-freccia-nel-cielo\/#primaryimage"},"image":{"@id":"https:\/\/www.bellunopress.it\/2019\/12\/23\/sabato-11-gennaio-2020-il-viaggio-ufficiale-della-prima-e-nuova-cabinovia-a-cortina-tofana-freccia-nel-cielo\/#primaryimage"},"thumbnailUrl":"http:\/\/www.bellunopress.it\/wp-content\/uploads\/2019\/12\/nuova-cabinovia-freccia-nel-cielo-cortina.jpg","datePublished":"2019-12-23T10:24:46+00:00","dateModified":"2019-12-23T10:24:47+00:00","breadcrumb":{"@id":"https:\/\/www.bellunopress.it\/2019\/12\/23\/sabato-11-gennaio-2020-il-viaggio-ufficiale-della-prima-e-nuova-cabinovia-a-cortina-tofana-freccia-nel-cielo\/#breadcrumb"},"inLanguage":"fr-FR","potentialAction":[{"@type":"ReadAction","target":["https:\/\/www.bellunopress.it\/2019\/12\/23\/sabato-11-gennaio-2020-il-viaggio-ufficiale-della-prima-e-nuova-cabinovia-a-cortina-tofana-freccia-nel-cielo\/"]}]},{"@type":"ImageObject","inLanguage":"fr-FR","@id":"https:\/\/www.bellunopress.it\/2019\/12\/23\/sabato-11-gennaio-2020-il-viaggio-ufficiale-della-prima-e-nuova-cabinovia-a-cortina-tofana-freccia-nel-cielo\/#primaryimage","url":"http:\/\/www.bellunopress.it\/wp-content\/uploads\/2019\/12\/nuova-cabinovia-freccia-nel-cielo-cortina.jpg","contentUrl":"http:\/\/www.bellunopress.it\/wp-content\/uploads\/2019\/12\/nuova-cabinovia-freccia-nel-cielo-cortina.jpg"},{"@type":"BreadcrumbList","@id":"https:\/\/www.bellunopress.it\/2019\/12\/23\/sabato-11-gennaio-2020-il-viaggio-ufficiale-della-prima-e-nuova-cabinovia-a-cortina-tofana-freccia-nel-cielo\/#breadcrumb","itemListElement":[{"@type":"ListItem","position":1,"name":"Home","item":"https:\/\/www.bellunopress.it\/"},{"@type":"ListItem","position":2,"name":"Sabato 11 gennaio 2020 il viaggio ufficiale della prima e nuova cabinovia a Cortina Tofana \u2013 Freccia nel Cielo"}]},{"@type":"WebSite","@id":"https:\/\/www.bellunopress.it\/#website","url":"https:\/\/www.bellunopress.it\/","name":"Bellunopress - Dolomiti","description":"e-mail: redazione@bellunopress.it","publisher":{"@id":"https:\/\/www.bellunopress.it\/#organization"},"potentialAction":[{"@type":"SearchAction","target":{"@type":"EntryPoint","urlTemplate":"https:\/\/www.bellunopress.it\/?s={search_term_string}"},"query-input":{"@type":"PropertyValueSpecification","valueRequired":true,"valueName":"search_term_string"}}],"inLanguage":"fr-FR"},{"@type":"Organization","@id":"https:\/\/www.bellunopress.it\/#organization","name":"Bellunopress","url":"https:\/\/www.bellunopress.it\/","logo":{"@type":"ImageObject","inLanguage":"fr-FR","@id":"https:\/\/www.bellunopress.it\/#\/schema\/logo\/image\/","url":"https:\/\/www.bellunopress.it\/wp-content\/uploads\/2011\/05\/cropped-logo-bellunopress-.jpg","contentUrl":"https:\/\/www.bellunopress.it\/wp-content\/uploads\/2011\/05\/cropped-logo-bellunopress-.jpg","width":512,"height":512,"caption":"Bellunopress"},"image":{"@id":"https:\/\/www.bellunopress.it\/#\/schema\/logo\/image\/"},"sameAs":["https:\/\/www.facebook.com\/profile.php?id=100008943462799","https:\/\/x.com\/bellunopress","https:\/\/www.linkedin.com\/hp\/?dnr=JBzUWaJfMUw8vbXJJ2tVW5-I3jZKvC4wsoxE&amp;amp;amp;amp;amp;amp;trk=nav_responsive_tab_home","https:\/\/www.youtube.com\/channel\/UCxL0wu1uN0_3_7hGG0306cw"]},{"@type":"Person","@id":"https:\/\/www.bellunopress.it\/#\/schema\/person\/79bb06722b37ece1c03d3e94beb30d73","name":"r\u00e9daction","image":{"@type":"ImageObject","inLanguage":"fr-FR","@id":"https:\/\/secure.gravatar.com\/avatar\/37d968a2e67a6fd04c169c4bdef102d0bc5d31b2546345219e348575eb80e9a0?s=96&d=mm&r=g","url":"https:\/\/secure.gravatar.com\/avatar\/37d968a2e67a6fd04c169c4bdef102d0bc5d31b2546345219e348575eb80e9a0?s=96&d=mm&r=g","contentUrl":"https:\/\/secure.gravatar.com\/avatar\/37d968a2e67a6fd04c169c4bdef102d0bc5d31b2546345219e348575eb80e9a0?s=96&d=mm&r=g","caption":"redazione"},"sameAs":["http:\/\/www.bellunopress.it","https:\/\/x.com\/bellunopress"],"url":"https:\/\/www.bellunopress.it\/fr\/author\/redazione\/"}]}},"_links":{"self":[{"href":"https:\/\/www.bellunopress.it\/fr\/wp-json\/wp\/v2\/posts\/110715","targetHints":{"allow":["GET"]}}],"collection":[{"href":"https:\/\/www.bellunopress.it\/fr\/wp-json\/wp\/v2\/posts"}],"about":[{"href":"https:\/\/www.bellunopress.it\/fr\/wp-json\/wp\/v2\/types\/post"}],"author":[{"embeddable":true,"href":"https:\/\/www.bellunopress.it\/fr\/wp-json\/wp\/v2\/users\/2"}],"replies":[{"embeddable":true,"href":"https:\/\/www.bellunopress.it\/fr\/wp-json\/wp\/v2\/comments?post=110715"}],"version-history":[{"count":2,"href":"https:\/\/www.bellunopress.it\/fr\/wp-json\/wp\/v2\/posts\/110715\/revisions"}],"predecessor-version":[{"id":110718,"href":"https:\/\/www.bellunopress.it\/fr\/wp-json\/wp\/v2\/posts\/110715\/revisions\/110718"}],"wp:attachment":[{"href":"https:\/\/www.bellunopress.it\/fr\/wp-json\/wp\/v2\/media?parent=110715"}],"wp:term":[{"taxonomy":"category","embeddable":true,"href":"https:\/\/www.bellunopress.it\/fr\/wp-json\/wp\/v2\/categories?post=110715"},{"taxonomy":"post_tag","embeddable":true,"href":"https:\/\/www.bellunopress.it\/fr\/wp-json\/wp\/v2\/tags?post=110715"}],"curies":[{"name":"wp","href":"https:\/\/api.w.org\/{rel}","templated":true}]}}