{"id":110687,"date":"2019-12-22T11:36:50","date_gmt":"2019-12-22T10:36:50","guid":{"rendered":"http:\/\/www.bellunopress.it\/?p=110687"},"modified":"2019-12-22T11:37:25","modified_gmt":"2019-12-22T10:37:25","slug":"crack-banche-le-vicende-della-popolare-di-bari-consonanze-e-dissonanze-con-i-crac-veneti","status":"publish","type":"post","link":"https:\/\/www.bellunopress.it\/fr\/2019\/12\/22\/crack-banche-le-vicende-della-popolare-di-bari-consonanze-e-dissonanze-con-i-crac-veneti\/","title":{"rendered":"Crac banche. Le vicende della popolare di Bari, consonanze e dissonanze con i crac veneti"},"content":{"rendered":"<p><a href=\"http:\/\/www.bellunopress.it\/fr\/2019\/12\/22\/crack-banche-le-vicende-della-popolare-di-bari-consonanze-e-dissonanze-con-i-crac-veneti\/crac-banche\/\" rel=\"attachment wp-att-110688\"><img loading=\"lazy\" decoding=\"async\" class=\"alignleft size-full wp-image-110688\" src=\"http:\/\/www.bellunopress.it\/wp-content\/uploads\/2019\/12\/crac-banche.jpg\" alt=\"\" width=\"290\" height=\"193\" \/><\/a>Il profondo rosso accertato nei conti della Banca Popolare di Bari (BPP), i racconti e le storie viste o lette nei media riportano indietro la memoria a quanto accaduto non decenni or sono, ma solamente qualche anno fa in terra veneta.<\/p>\n<p>A leggere le cronache di questi giorni che doviziosamente narrano di finanziamenti concessi ad imprese edilizie ubicate nel varesino piuttosto che ad altre che operano e si indebitano per milioni di euro nell\u2019acquisizione e successiva vendita di palazzi a Roma, viene spontanea la domanda per quale ragione questi istituti si autodefiniscono \u201cbanche territoriali\u201d, se poi intervengono a favore di iniziative dislocate in altre zone del Paese. Forse la ragione \u00e8 anche ascrivibile al fatto che le imprese favorite nelle concessioni di credito intrattenevano relazioni con esponenti leghisti di livello come il gi\u00e0 sottosegretario alla Presidenza del Consiglio G Giorgetti del precedente Governo Giallo Verde, come indica- esplicitamente il settimanale l\u2019Espresso.<br \/>\nDa par suo, la Banca d\u2019Italia ha reso pubblico un documento in cui sono precisati tutti gli interventi fatti dalla propria sezione della Vigilanza nell\u2019ultimo decennio, a partire 2010. Tutto inutile, il dato negativo registrato con la chiusura dell\u2019esercizio 2018 dovuto al peggioramento del portafoglio creditizio e la sostanziale stasi operativa con una perdita consolidata di 430 milioni, fa precipitare verso il Commissario Straordinario prima al posto degli organi statutariamente preposti e quindi all\u2019intervento con soldi pubblici il Governo con una provvista (tratta nottetempo dal magro bilancio statale) per 900 milioni di \u20ac.<\/p>\n<p>Del resto, nonostante la disciplina normativa innovata con l\u2019art. 44 bis del decreto-legge n 54\/2019 adottato in aprile di quest\u2019anno sponsorizzato dalla Lega di Salvini ed approvato anche dai 5 stelle, in nulla cambiano i valori negativi dei coefficienti patrimoniali ulteriormente diminuiti, attestatesi al di sotto della riserva di conservazione del capitale. \u00c8 un immenso groviglio di azionisti-debitori-creditori e prestiti mai rientrati, compresi quelli al gruppo barese Fusillo (Edilizia e turismo), ampiamente sostenuto dalla banca e protagonista di un crac da oltre 200 milioni sotto la lente della Procura di Bari. Ottocento sono i milioni persi nei bilanci della Bari in quattro anni (fino a giungo 2019), altre centinaia di milioni presumibilmente in carico all\u2019esercizio 2019, 1,5 miliardi di risparmio (il valore delle azioni) di fatto bruciati. I numeri sono impietosi, anche se chi di dovere a partire dagli amministratori, dirigenza ed audit interni o professionisti di rango internazionale esterni \u201cnon sanno leggere\u201d.<\/p>\n<p>Come in altre situazioni simili, il rimando alle Venete \u00e8 voluto, accanto alla consolidata voracit\u00e0 e protervia della governance aziendale, s\u2019aggiunge un deficit di qualit\u00e0 nella vigilanza da parte di Palazzo Kock, sede della Banca d\u2019Italia. Quest\u2019ultima sul finire del 2014, aveva autorizzato la compartecipazione della BPB nell\u2019acquisizione della Cassa di Risparmio di Teramo (Tercas) conseguendo la nota sentenza sfavorevole all\u2019Italia che (a parere della Commissione UE, poi smentita) BPB era intervenuta indebitamente violando le regole del regime d\u2019aiuto di stato. Le possibilit\u00e0 vanno cercate muovendosi dentro il contesto dei criteri fissati dalla normativa europea o tramite il bail-in o il bail-out, vale a dire o il salvataggio lo fa la stessa banca in difficolt\u00e0 con proprie risorse tratte (ovviamente) dai propri azionisti e obbligazionisti con una radicalmente riorganizzazione oppure, \u00e8 ceduta a terzi, ovvero ad altre imprese operanti nel mondo del credito e delle assicurazioni qualificate ed interessate ad entrare nella fetta di mercato occupata dall\u2019istituto in crisi.<\/p>\n<p>Al di l\u00e0 delle dissertazioni sulla cogenza\/validit\u00e0 delle regole comunitarie, vigente la sentenza TERCAS facile arguire che la medesima ha influenzato le decisioni del Governo del tempo (Renzi poi Gentiloni) in relazione all\u2019intricata, ma similare storia, delle due Banche Venete. Per fortuna dei correntisti, delle pmi venete, dei dipendenti degli istituti di credito nonch\u00e9, infine degli stessi azionisti ed obbligazionisti il Governo a trazione PD non ha seguito nessuna delle due vie districandosi tramite il declassamento delle due banche definite non di \u201crilevanza sistemica \u201c e procedendo ad una ricapitalizzazione precauzionale con cessione simbolica a Banca Intesa accompagnata da garanzia dello Stato a copertura di eventuali debiti per 12 miliardi. Da parte dei 210 mila ex-soci delle due cooperative di credito il Governo Gentiloni non ha ricevuto, a differenza dei Zonin e dei Consoli, n\u00e9 battimani n\u00e9 voti. I cittadini azionisti e obbligazionisti veneti, quasi certamente, hanno dato pi\u00f9 fiducia a Salvini allorquando in occasione dell\u2019adozione del decreto pro &#8211; BPVI e VB ebbe a dire \u201cNon si votano decreti come il salva-banche, un salasso ai danni di tutti gli italiani che non salver\u00e0 peraltro i risparmiatori veneti\u201d. Come sovente gli capita, le sue declamazioni e convinzioni sono labili e mobili quali piume al vento. Infatti, nella situazione della BPB pochi giorni fa ha sentenziato \u201cSe salta la Popolare di Bari, salta la Puglia e salta l\u2019Italia\u201d. Parbleu che catastrofe preannunciata! Accorriamo tutti (veneti inclusi) al capezzale della banca barese; essa necessita repentinamente di un intervento pubblico.<\/p>\n<p>Come nelle vignette della settimana enigmistica, il lettore annoti se del caso qualche differenza di contenuto nelle due affermazioni riferite al sistema creditizio delle popolari del Veneto e della Puglia? Ritornando alla vicenda Tercas, rimane aperta la domanda cui prodest? Chiss\u00e0 a chi e a cosa \u00e8 servito l\u2019okay dato da Banca d\u2019Italia a BPB per Tercas, pur conoscendo in anteprima le cattive acque in cui la stessa stava navigando. Attualmente la questione \u00e8 oggetto d\u2019indagine da parte della magistratura inquirente, insomma si cerca di comprendere tra controllore e controllato, chi ha corrotto chi.<\/p>\n<p>Soffermandoci ancora sulla banca pugliese, si scopre che la dinastia Jacobini a partire dal suo capostipite Marco ha guidato l\u2019azienda di credito dal 1978 per oltre 40 anni. La retribuzione annua riconosciuta al Presidente Jacobini \u00e8 stata, fino a poco tempo fa, di 600mila \u20ac ad anno, coadiuvato nel disbrigo delle faccende bancarie dai figli Gianluca e Luigi, investiti nelle funzioni dirigenziali di condirettore e direttore generale. Trattasi della tipica e frequente microimpresa italiana a gestione famigliare, quello che i media ed il popolo descrivono come \u201cla spina dorsale della gente che lavora e che fa andare avanti il Paese\u201d.<\/p>\n<p>Dove sta la diversit\u00e0 rispetto ai decenni in cui Gianni Zonin \u00e8 stato il monarca assoluto in Vicenza e della Popolare di Vicenza condotta, alla fine, nel baratro? O viceversa nell\u2019accoppiata Trinca- Consoli di Veneto Banca? Nel lindo, virtuoso ed operoso Veneto non sono tutti questi epigoni, a suo tempo applauditi dai soci e dalla nomenklatura importante, sotto indagini giudiziarie con accuse infamanti per come hanno gestito le banche loro affidate? Nello spettacolo \u00e8 in uso il motto \u201cOne Show Man\u201d, qui forse \u00e8 pi\u00f9 rispondente dire \u201cOne Man Bank\u201d, tradotto \u201cla banca sono io \u201c. Congiuntamente a comportamenti disinvolti e disattenti al rispetto minimo delle regole non solo di legalit\u00e0 formale, ma anche di onesta amministrazione bancaria sono:<\/p>\n<p>a) il frequente collocamento di strumenti ad elevato rischio, senza adeguata informazione o con informazione distorta al consumatore, fino ai casi delle obbligazioni e alle azioni bancarie \u201cincollate al mutuo\/fidi\u201d da concedere (operazioni baciate);<\/p>\n<p>b) decisioni della dirigenze inopportune e\/o intempestive alle volte scollegate con le fasi cicliche dell\u2019economia, a partire dalla pi\u00f9 recente recessione;<\/p>\n<p>c) enormit\u00e0 dei crediti deteriorati frutto della crisi, ma anche di comportamenti lassisti, non adeguatamente contrastati dalle autorit\u00e0 vigilanti.<\/p>\n<p>Sempre nel decreto battezzato \u201ccrescita\u201d partorito ad aprile scorso da un lato la Lega al Governo si preoccupava di addolcire i parametri per la BPB e per altre situazioni similari al fine di allungare i tempi necessari per farsi quotare in Borsa, sostenuta nello sforzo anche dalle forze di opposizione, PD in primis; dall\u2019altro teneva ben fermo al 30% senza rivalutazione economica ed in termini forfettari (una tantum) il ristoro pro-truffati delle Banche Venete ed altre minori per un totale di quasi 300 mila cittadini coinvolti nei crac avvenuti tre anni prima. Davvero un capolavoro! Gran parte degli azzerati hanno riconosciuto nel movimento di Salvini l\u2019artefice principe delle innovazioni e poco hanno raccolto in termini di consenso le forze che pure avevano presentato emendamenti che andavano a migliorare nettamente il testo governativo. Forza Italia, Partito Democratico, Fratelli d\u2019Italia e Liberi ed Uguali tutti avversi all\u2019Esecutivo Giallo-Verde alle elezioni europee del 26 maggio, hanno fatto una battaglia parlamentare per risolvere dei problemi reali alla quale non \u00e8 conseguita alcuna utilit\u00e0 immediata. Il partito di maggioranza relativa, 5 stelle, ha -forse &#8211; contenuto la forte diminuzione della propria base elettorale. Chiss\u00e0 se qualcuno dei truffati, specie quelli residenti in terra veneta, ha comparativamente letto ed incrociato i due codicilli qui sommariamente trattati con le due soluzioni contrapposte pi\u00f9 o meno favorevoli in relazione alla propria situazione di partenza; temo proprio di no.<\/p>\n<p>Comunque, mai dire mai. Trascorsa l\u2019estate, tornati a casa i vacanzieri nostrani, la Lega per Salvini Presidente si \u00e8 autoesclusa da Palazzo Chigi e si \u00e8 collocata all\u2019opposizione del neonato Governo Giallo Rosso. Primo importante test, la legge di bilancio per il prossimo anno ed ecco alla chetichella e non reclamizzato nei media, un emendamento di puro conio salviniano che prevede profumi e cotillons per tutti i cittadini traditi nel risparmio. La percentuale del 30% \u00e8 incrementata al 100% valevole sia per chi possiede fino a 100 mila \u20ac di patrimonio mobiliare sia per chi ne ha 200mila, alla faccia dell\u2019Unione Europea. Al senato il correttivo 12.0.48 \u00e8 stato bocciato da quei cattivoni dei Giallo-Rossi, vedremo se sar\u00e0 definitivamente archiviato anche alla Camera domani. In ogni caso, la Lega &#8211; dai banchi dell\u2019opposizione dove si conta di meno rispetto a quando si governa, ha fatto la sua \u201cbuona azione\u201d.<\/p>\n<p>Non ho dubbi che questa sar\u00e0 utilizzata nella prossima campagna delle regionali\/nazionali, per dimostrare che \u201csi \u00e8 fatto tutto il possibile, ma sono gli altri (la responsabilit\u00e0 \u00e8 sempre altrove) che non hanno voluto risolvere\u201d.<\/p>\n<p><strong>22 dicembre Enzo De Biasi <\/strong><\/p>","protected":false},"excerpt":{"rendered":"<p>Il profondo rosso accertato nei conti della Banca Popolare di Bari (BPP), i racconti e le storie viste o lette nei media riportano indietro la memoria a quanto accaduto non decenni or sono, ma solamente qualche anno fa in terra veneta. A leggere le cronache di questi giorni che doviziosamente narrano di finanziamenti concessi ad [&hellip;]<\/p>\n","protected":false},"author":2,"featured_media":0,"comment_status":"closed","ping_status":"open","sticky":false,"template":"","format":"standard","meta":{"footnotes":""},"categories":[1],"tags":[],"class_list":["post-110687","post","type-post","status-publish","format-standard","category-leo"],"yoast_head":"<!-- This site is optimized with the Yoast SEO plugin v28.4 - https:\/\/yoast.com\/product\/yoast-seo-wordpress\/ -->\n<title>Crac banche. Le vicende della popolare di Bari, consonanze e dissonanze con i crac veneti - Bellunopress - Dolomiti<\/title>\n<meta name=\"robots\" content=\"index, follow, max-snippet:-1, max-image-preview:large, max-video-preview:-1\" \/>\n<link rel=\"canonical\" href=\"https:\/\/www.bellunopress.it\/fr\/2019\/12\/22\/crack-banche-le-vicende-della-popolare-di-bari-consonanze-e-dissonanze-con-i-crac-veneti\/\" \/>\n<meta property=\"og:locale\" content=\"fr_FR\" \/>\n<meta property=\"og:type\" content=\"article\" \/>\n<meta property=\"og:title\" content=\"Crac banche. Le vicende della popolare di Bari, consonanze e dissonanze con i crac veneti - Bellunopress - Dolomiti\" \/>\n<meta property=\"og:description\" content=\"Il profondo rosso accertato nei conti della Banca Popolare di Bari (BPP), i racconti e le storie viste o lette nei media riportano indietro la memoria a quanto accaduto non decenni or sono, ma solamente qualche anno fa in terra veneta. A leggere le cronache di questi giorni che doviziosamente narrano di finanziamenti concessi ad [&hellip;]\" \/>\n<meta property=\"og:url\" content=\"https:\/\/www.bellunopress.it\/fr\/2019\/12\/22\/crack-banche-le-vicende-della-popolare-di-bari-consonanze-e-dissonanze-con-i-crac-veneti\/\" \/>\n<meta property=\"og:site_name\" content=\"Bellunopress - Dolomiti\" \/>\n<meta property=\"article:publisher\" content=\"https:\/\/www.facebook.com\/profile.php?id=100008943462799\" \/>\n<meta property=\"article:published_time\" content=\"2019-12-22T10:36:50+00:00\" \/>\n<meta property=\"article:modified_time\" content=\"2019-12-22T10:37:25+00:00\" \/>\n<meta property=\"og:image\" content=\"http:\/\/www.bellunopress.it\/wp-content\/uploads\/2019\/12\/crac-banche.jpg\" \/>\n<meta name=\"author\" content=\"redazione\" \/>\n<meta name=\"twitter:card\" content=\"summary_large_image\" \/>\n<meta name=\"twitter:creator\" content=\"@bellunopress\" \/>\n<meta name=\"twitter:site\" content=\"@bellunopress\" \/>\n<meta name=\"twitter:label1\" content=\"Written by\" \/>\n\t<meta name=\"twitter:data1\" content=\"redazione\" \/>\n\t<meta name=\"twitter:label2\" content=\"Est. reading time\" \/>\n\t<meta name=\"twitter:data2\" content=\"8 minutes\" \/>\n<script type=\"application\/ld+json\" class=\"yoast-schema-graph\">{\"@context\":\"https:\\\/\\\/schema.org\",\"@graph\":[{\"@type\":\"Article\",\"@id\":\"https:\\\/\\\/www.bellunopress.it\\\/2019\\\/12\\\/22\\\/crack-banche-le-vicende-della-popolare-di-bari-consonanze-e-dissonanze-con-i-crac-veneti\\\/#article\",\"isPartOf\":{\"@id\":\"https:\\\/\\\/www.bellunopress.it\\\/2019\\\/12\\\/22\\\/crack-banche-le-vicende-della-popolare-di-bari-consonanze-e-dissonanze-con-i-crac-veneti\\\/\"},\"author\":{\"name\":\"redazione\",\"@id\":\"https:\\\/\\\/www.bellunopress.it\\\/#\\\/schema\\\/person\\\/79bb06722b37ece1c03d3e94beb30d73\"},\"headline\":\"Crac banche. Le vicende della popolare di Bari, consonanze e dissonanze con i crac veneti\",\"datePublished\":\"2019-12-22T10:36:50+00:00\",\"dateModified\":\"2019-12-22T10:37:25+00:00\",\"mainEntityOfPage\":{\"@id\":\"https:\\\/\\\/www.bellunopress.it\\\/2019\\\/12\\\/22\\\/crack-banche-le-vicende-della-popolare-di-bari-consonanze-e-dissonanze-con-i-crac-veneti\\\/\"},\"wordCount\":1614,\"publisher\":{\"@id\":\"https:\\\/\\\/www.bellunopress.it\\\/#organization\"},\"image\":{\"@id\":\"https:\\\/\\\/www.bellunopress.it\\\/2019\\\/12\\\/22\\\/crack-banche-le-vicende-della-popolare-di-bari-consonanze-e-dissonanze-con-i-crac-veneti\\\/#primaryimage\"},\"thumbnailUrl\":\"http:\\\/\\\/www.bellunopress.it\\\/wp-content\\\/uploads\\\/2019\\\/12\\\/crac-banche.jpg\",\"articleSection\":[\"Lettere Opinioni\"],\"inLanguage\":\"fr-FR\"},{\"@type\":\"WebPage\",\"@id\":\"https:\\\/\\\/www.bellunopress.it\\\/2019\\\/12\\\/22\\\/crack-banche-le-vicende-della-popolare-di-bari-consonanze-e-dissonanze-con-i-crac-veneti\\\/\",\"url\":\"https:\\\/\\\/www.bellunopress.it\\\/2019\\\/12\\\/22\\\/crack-banche-le-vicende-della-popolare-di-bari-consonanze-e-dissonanze-con-i-crac-veneti\\\/\",\"name\":\"Crac banche. Le vicende della popolare di Bari, consonanze e dissonanze con i crac veneti - Bellunopress - Dolomiti\",\"isPartOf\":{\"@id\":\"https:\\\/\\\/www.bellunopress.it\\\/#website\"},\"primaryImageOfPage\":{\"@id\":\"https:\\\/\\\/www.bellunopress.it\\\/2019\\\/12\\\/22\\\/crack-banche-le-vicende-della-popolare-di-bari-consonanze-e-dissonanze-con-i-crac-veneti\\\/#primaryimage\"},\"image\":{\"@id\":\"https:\\\/\\\/www.bellunopress.it\\\/2019\\\/12\\\/22\\\/crack-banche-le-vicende-della-popolare-di-bari-consonanze-e-dissonanze-con-i-crac-veneti\\\/#primaryimage\"},\"thumbnailUrl\":\"http:\\\/\\\/www.bellunopress.it\\\/wp-content\\\/uploads\\\/2019\\\/12\\\/crac-banche.jpg\",\"datePublished\":\"2019-12-22T10:36:50+00:00\",\"dateModified\":\"2019-12-22T10:37:25+00:00\",\"breadcrumb\":{\"@id\":\"https:\\\/\\\/www.bellunopress.it\\\/2019\\\/12\\\/22\\\/crack-banche-le-vicende-della-popolare-di-bari-consonanze-e-dissonanze-con-i-crac-veneti\\\/#breadcrumb\"},\"inLanguage\":\"fr-FR\",\"potentialAction\":[{\"@type\":\"ReadAction\",\"target\":[\"https:\\\/\\\/www.bellunopress.it\\\/2019\\\/12\\\/22\\\/crack-banche-le-vicende-della-popolare-di-bari-consonanze-e-dissonanze-con-i-crac-veneti\\\/\"]}]},{\"@type\":\"ImageObject\",\"inLanguage\":\"fr-FR\",\"@id\":\"https:\\\/\\\/www.bellunopress.it\\\/2019\\\/12\\\/22\\\/crack-banche-le-vicende-della-popolare-di-bari-consonanze-e-dissonanze-con-i-crac-veneti\\\/#primaryimage\",\"url\":\"http:\\\/\\\/www.bellunopress.it\\\/wp-content\\\/uploads\\\/2019\\\/12\\\/crac-banche.jpg\",\"contentUrl\":\"http:\\\/\\\/www.bellunopress.it\\\/wp-content\\\/uploads\\\/2019\\\/12\\\/crac-banche.jpg\"},{\"@type\":\"BreadcrumbList\",\"@id\":\"https:\\\/\\\/www.bellunopress.it\\\/2019\\\/12\\\/22\\\/crack-banche-le-vicende-della-popolare-di-bari-consonanze-e-dissonanze-con-i-crac-veneti\\\/#breadcrumb\",\"itemListElement\":[{\"@type\":\"ListItem\",\"position\":1,\"name\":\"Home\",\"item\":\"https:\\\/\\\/www.bellunopress.it\\\/\"},{\"@type\":\"ListItem\",\"position\":2,\"name\":\"Crac banche. Le vicende della popolare di Bari, consonanze e dissonanze con i crac veneti\"}]},{\"@type\":\"WebSite\",\"@id\":\"https:\\\/\\\/www.bellunopress.it\\\/#website\",\"url\":\"https:\\\/\\\/www.bellunopress.it\\\/\",\"name\":\"Bellunopress - Dolomiti\",\"description\":\"e-mail: redazione@bellunopress.it\",\"publisher\":{\"@id\":\"https:\\\/\\\/www.bellunopress.it\\\/#organization\"},\"potentialAction\":[{\"@type\":\"SearchAction\",\"target\":{\"@type\":\"EntryPoint\",\"urlTemplate\":\"https:\\\/\\\/www.bellunopress.it\\\/?s={search_term_string}\"},\"query-input\":{\"@type\":\"PropertyValueSpecification\",\"valueRequired\":true,\"valueName\":\"search_term_string\"}}],\"inLanguage\":\"fr-FR\"},{\"@type\":\"Organization\",\"@id\":\"https:\\\/\\\/www.bellunopress.it\\\/#organization\",\"name\":\"Bellunopress\",\"url\":\"https:\\\/\\\/www.bellunopress.it\\\/\",\"logo\":{\"@type\":\"ImageObject\",\"inLanguage\":\"fr-FR\",\"@id\":\"https:\\\/\\\/www.bellunopress.it\\\/#\\\/schema\\\/logo\\\/image\\\/\",\"url\":\"https:\\\/\\\/www.bellunopress.it\\\/wp-content\\\/uploads\\\/2011\\\/05\\\/cropped-logo-bellunopress-.jpg\",\"contentUrl\":\"https:\\\/\\\/www.bellunopress.it\\\/wp-content\\\/uploads\\\/2011\\\/05\\\/cropped-logo-bellunopress-.jpg\",\"width\":512,\"height\":512,\"caption\":\"Bellunopress\"},\"image\":{\"@id\":\"https:\\\/\\\/www.bellunopress.it\\\/#\\\/schema\\\/logo\\\/image\\\/\"},\"sameAs\":[\"https:\\\/\\\/www.facebook.com\\\/profile.php?id=100008943462799\",\"https:\\\/\\\/x.com\\\/bellunopress\",\"https:\\\/\\\/www.linkedin.com\\\/hp\\\/?dnr=JBzUWaJfMUw8vbXJJ2tVW5-I3jZKvC4wsoxE&amp;amp;amp;amp;amp;amp;trk=nav_responsive_tab_home\",\"https:\\\/\\\/www.youtube.com\\\/channel\\\/UCxL0wu1uN0_3_7hGG0306cw\"]},{\"@type\":\"Person\",\"@id\":\"https:\\\/\\\/www.bellunopress.it\\\/#\\\/schema\\\/person\\\/79bb06722b37ece1c03d3e94beb30d73\",\"name\":\"redazione\",\"image\":{\"@type\":\"ImageObject\",\"inLanguage\":\"fr-FR\",\"@id\":\"https:\\\/\\\/secure.gravatar.com\\\/avatar\\\/37d968a2e67a6fd04c169c4bdef102d0bc5d31b2546345219e348575eb80e9a0?s=96&d=mm&r=g\",\"url\":\"https:\\\/\\\/secure.gravatar.com\\\/avatar\\\/37d968a2e67a6fd04c169c4bdef102d0bc5d31b2546345219e348575eb80e9a0?s=96&d=mm&r=g\",\"contentUrl\":\"https:\\\/\\\/secure.gravatar.com\\\/avatar\\\/37d968a2e67a6fd04c169c4bdef102d0bc5d31b2546345219e348575eb80e9a0?s=96&d=mm&r=g\",\"caption\":\"redazione\"},\"sameAs\":[\"http:\\\/\\\/www.bellunopress.it\",\"https:\\\/\\\/x.com\\\/bellunopress\"],\"url\":\"https:\\\/\\\/www.bellunopress.it\\\/fr\\\/author\\\/redazione\\\/\"}]}<\/script>\n<!-- \/ Yoast SEO plugin. -->","yoast_head_json":{"title":"Crac banche. Le vicende della popolare di Bari, consonanze e dissonanze con i crac veneti - Bellunopress - Dolomiti","robots":{"index":"index","follow":"follow","max-snippet":"max-snippet:-1","max-image-preview":"max-image-preview:large","max-video-preview":"max-video-preview:-1"},"canonical":"https:\/\/www.bellunopress.it\/fr\/2019\/12\/22\/crack-banche-le-vicende-della-popolare-di-bari-consonanze-e-dissonanze-con-i-crac-veneti\/","og_locale":"fr_FR","og_type":"article","og_title":"Crac banche. Le vicende della popolare di Bari, consonanze e dissonanze con i crac veneti - Bellunopress - Dolomiti","og_description":"Il profondo rosso accertato nei conti della Banca Popolare di Bari (BPP), i racconti e le storie viste o lette nei media riportano indietro la memoria a quanto accaduto non decenni or sono, ma solamente qualche anno fa in terra veneta. A leggere le cronache di questi giorni che doviziosamente narrano di finanziamenti concessi ad [&hellip;]","og_url":"https:\/\/www.bellunopress.it\/fr\/2019\/12\/22\/crack-banche-le-vicende-della-popolare-di-bari-consonanze-e-dissonanze-con-i-crac-veneti\/","og_site_name":"Bellunopress - Dolomiti","article_publisher":"https:\/\/www.facebook.com\/profile.php?id=100008943462799","article_published_time":"2019-12-22T10:36:50+00:00","article_modified_time":"2019-12-22T10:37:25+00:00","og_image":[{"url":"http:\/\/www.bellunopress.it\/wp-content\/uploads\/2019\/12\/crac-banche.jpg","type":"","width":"","height":""}],"author":"redazione","twitter_card":"summary_large_image","twitter_creator":"@bellunopress","twitter_site":"@bellunopress","twitter_misc":{"Written by":"redazione","Est. reading time":"8 minutes"},"schema":{"@context":"https:\/\/schema.org","@graph":[{"@type":"Article","@id":"https:\/\/www.bellunopress.it\/2019\/12\/22\/crack-banche-le-vicende-della-popolare-di-bari-consonanze-e-dissonanze-con-i-crac-veneti\/#article","isPartOf":{"@id":"https:\/\/www.bellunopress.it\/2019\/12\/22\/crack-banche-le-vicende-della-popolare-di-bari-consonanze-e-dissonanze-con-i-crac-veneti\/"},"author":{"name":"redazione","@id":"https:\/\/www.bellunopress.it\/#\/schema\/person\/79bb06722b37ece1c03d3e94beb30d73"},"headline":"Crac banche. Le vicende della popolare di Bari, consonanze e dissonanze con i crac veneti","datePublished":"2019-12-22T10:36:50+00:00","dateModified":"2019-12-22T10:37:25+00:00","mainEntityOfPage":{"@id":"https:\/\/www.bellunopress.it\/2019\/12\/22\/crack-banche-le-vicende-della-popolare-di-bari-consonanze-e-dissonanze-con-i-crac-veneti\/"},"wordCount":1614,"publisher":{"@id":"https:\/\/www.bellunopress.it\/#organization"},"image":{"@id":"https:\/\/www.bellunopress.it\/2019\/12\/22\/crack-banche-le-vicende-della-popolare-di-bari-consonanze-e-dissonanze-con-i-crac-veneti\/#primaryimage"},"thumbnailUrl":"http:\/\/www.bellunopress.it\/wp-content\/uploads\/2019\/12\/crac-banche.jpg","articleSection":["Lettere Opinioni"],"inLanguage":"fr-FR"},{"@type":"WebPage","@id":"https:\/\/www.bellunopress.it\/2019\/12\/22\/crack-banche-le-vicende-della-popolare-di-bari-consonanze-e-dissonanze-con-i-crac-veneti\/","url":"https:\/\/www.bellunopress.it\/2019\/12\/22\/crack-banche-le-vicende-della-popolare-di-bari-consonanze-e-dissonanze-con-i-crac-veneti\/","name":"Crac banche. Le vicende della popolare di Bari, consonanze e dissonanze con i crac veneti - Bellunopress - Dolomiti","isPartOf":{"@id":"https:\/\/www.bellunopress.it\/#website"},"primaryImageOfPage":{"@id":"https:\/\/www.bellunopress.it\/2019\/12\/22\/crack-banche-le-vicende-della-popolare-di-bari-consonanze-e-dissonanze-con-i-crac-veneti\/#primaryimage"},"image":{"@id":"https:\/\/www.bellunopress.it\/2019\/12\/22\/crack-banche-le-vicende-della-popolare-di-bari-consonanze-e-dissonanze-con-i-crac-veneti\/#primaryimage"},"thumbnailUrl":"http:\/\/www.bellunopress.it\/wp-content\/uploads\/2019\/12\/crac-banche.jpg","datePublished":"2019-12-22T10:36:50+00:00","dateModified":"2019-12-22T10:37:25+00:00","breadcrumb":{"@id":"https:\/\/www.bellunopress.it\/2019\/12\/22\/crack-banche-le-vicende-della-popolare-di-bari-consonanze-e-dissonanze-con-i-crac-veneti\/#breadcrumb"},"inLanguage":"fr-FR","potentialAction":[{"@type":"ReadAction","target":["https:\/\/www.bellunopress.it\/2019\/12\/22\/crack-banche-le-vicende-della-popolare-di-bari-consonanze-e-dissonanze-con-i-crac-veneti\/"]}]},{"@type":"ImageObject","inLanguage":"fr-FR","@id":"https:\/\/www.bellunopress.it\/2019\/12\/22\/crack-banche-le-vicende-della-popolare-di-bari-consonanze-e-dissonanze-con-i-crac-veneti\/#primaryimage","url":"http:\/\/www.bellunopress.it\/wp-content\/uploads\/2019\/12\/crac-banche.jpg","contentUrl":"http:\/\/www.bellunopress.it\/wp-content\/uploads\/2019\/12\/crac-banche.jpg"},{"@type":"BreadcrumbList","@id":"https:\/\/www.bellunopress.it\/2019\/12\/22\/crack-banche-le-vicende-della-popolare-di-bari-consonanze-e-dissonanze-con-i-crac-veneti\/#breadcrumb","itemListElement":[{"@type":"ListItem","position":1,"name":"Home","item":"https:\/\/www.bellunopress.it\/"},{"@type":"ListItem","position":2,"name":"Crac banche. Le vicende della popolare di Bari, consonanze e dissonanze con i crac veneti"}]},{"@type":"WebSite","@id":"https:\/\/www.bellunopress.it\/#website","url":"https:\/\/www.bellunopress.it\/","name":"Bellunopress - Dolomiti","description":"e-mail: redazione@bellunopress.it","publisher":{"@id":"https:\/\/www.bellunopress.it\/#organization"},"potentialAction":[{"@type":"SearchAction","target":{"@type":"EntryPoint","urlTemplate":"https:\/\/www.bellunopress.it\/?s={search_term_string}"},"query-input":{"@type":"PropertyValueSpecification","valueRequired":true,"valueName":"search_term_string"}}],"inLanguage":"fr-FR"},{"@type":"Organization","@id":"https:\/\/www.bellunopress.it\/#organization","name":"Bellunopress","url":"https:\/\/www.bellunopress.it\/","logo":{"@type":"ImageObject","inLanguage":"fr-FR","@id":"https:\/\/www.bellunopress.it\/#\/schema\/logo\/image\/","url":"https:\/\/www.bellunopress.it\/wp-content\/uploads\/2011\/05\/cropped-logo-bellunopress-.jpg","contentUrl":"https:\/\/www.bellunopress.it\/wp-content\/uploads\/2011\/05\/cropped-logo-bellunopress-.jpg","width":512,"height":512,"caption":"Bellunopress"},"image":{"@id":"https:\/\/www.bellunopress.it\/#\/schema\/logo\/image\/"},"sameAs":["https:\/\/www.facebook.com\/profile.php?id=100008943462799","https:\/\/x.com\/bellunopress","https:\/\/www.linkedin.com\/hp\/?dnr=JBzUWaJfMUw8vbXJJ2tVW5-I3jZKvC4wsoxE&amp;amp;amp;amp;amp;amp;trk=nav_responsive_tab_home","https:\/\/www.youtube.com\/channel\/UCxL0wu1uN0_3_7hGG0306cw"]},{"@type":"Person","@id":"https:\/\/www.bellunopress.it\/#\/schema\/person\/79bb06722b37ece1c03d3e94beb30d73","name":"r\u00e9daction","image":{"@type":"ImageObject","inLanguage":"fr-FR","@id":"https:\/\/secure.gravatar.com\/avatar\/37d968a2e67a6fd04c169c4bdef102d0bc5d31b2546345219e348575eb80e9a0?s=96&d=mm&r=g","url":"https:\/\/secure.gravatar.com\/avatar\/37d968a2e67a6fd04c169c4bdef102d0bc5d31b2546345219e348575eb80e9a0?s=96&d=mm&r=g","contentUrl":"https:\/\/secure.gravatar.com\/avatar\/37d968a2e67a6fd04c169c4bdef102d0bc5d31b2546345219e348575eb80e9a0?s=96&d=mm&r=g","caption":"redazione"},"sameAs":["http:\/\/www.bellunopress.it","https:\/\/x.com\/bellunopress"],"url":"https:\/\/www.bellunopress.it\/fr\/author\/redazione\/"}]}},"_links":{"self":[{"href":"https:\/\/www.bellunopress.it\/fr\/wp-json\/wp\/v2\/posts\/110687","targetHints":{"allow":["GET"]}}],"collection":[{"href":"https:\/\/www.bellunopress.it\/fr\/wp-json\/wp\/v2\/posts"}],"about":[{"href":"https:\/\/www.bellunopress.it\/fr\/wp-json\/wp\/v2\/types\/post"}],"author":[{"embeddable":true,"href":"https:\/\/www.bellunopress.it\/fr\/wp-json\/wp\/v2\/users\/2"}],"replies":[{"embeddable":true,"href":"https:\/\/www.bellunopress.it\/fr\/wp-json\/wp\/v2\/comments?post=110687"}],"version-history":[{"count":3,"href":"https:\/\/www.bellunopress.it\/fr\/wp-json\/wp\/v2\/posts\/110687\/revisions"}],"predecessor-version":[{"id":110691,"href":"https:\/\/www.bellunopress.it\/fr\/wp-json\/wp\/v2\/posts\/110687\/revisions\/110691"}],"wp:attachment":[{"href":"https:\/\/www.bellunopress.it\/fr\/wp-json\/wp\/v2\/media?parent=110687"}],"wp:term":[{"taxonomy":"category","embeddable":true,"href":"https:\/\/www.bellunopress.it\/fr\/wp-json\/wp\/v2\/categories?post=110687"},{"taxonomy":"post_tag","embeddable":true,"href":"https:\/\/www.bellunopress.it\/fr\/wp-json\/wp\/v2\/tags?post=110687"}],"curies":[{"name":"wp","href":"https:\/\/api.w.org\/{rel}","templated":true}]}}