{"id":110672,"date":"2019-12-21T21:24:06","date_gmt":"2019-12-21T20:24:06","guid":{"rendered":"http:\/\/www.bellunopress.it\/?p=110672"},"modified":"2019-12-21T21:24:06","modified_gmt":"2019-12-21T20:24:06","slug":"maltempo-allerta-gialla-in-veneto-fino-alle-14-di-domenica","status":"publish","type":"post","link":"https:\/\/www.bellunopress.it\/fr\/2019\/12\/21\/maltempo-allerta-gialla-in-veneto-fino-alle-14-di-domenica\/","title":{"rendered":"Maltempo, allerta gialla in Veneto fino alle 14 di domenica"},"content":{"rendered":"<p><a href=\"http:\/\/www.bellunopress.it\/fr\/2019\/07\/27\/meteo-allerta-gialla-e-arancione-in-veneto-fino-a-lunedi\/scala-allerta-meteo\/\" rel=\"attachment wp-att-106641\"><img loading=\"lazy\" decoding=\"async\" class=\"alignleft size-full wp-image-106641\" src=\"http:\/\/www.bellunopress.it\/wp-content\/uploads\/2019\/07\/scala-allerta-meteo.jpg\" alt=\"\" width=\"358\" height=\"209\" \/><\/a>Venezia, 21 dicembre 2019\u00a0 \u00a0&#8211;\u00a0 \u00a0La fase di maltempo in corso sul Veneto ha indotto il Centro Funzionale Decentrato della Protezione Civile della Regione a dichiarare lo Stato di Attenzione (allerta gialla) per Criticit\u00e0 Idraulica e Idrogeologica su alcuni bacini del territorio fino alle ore 14.00 di domani, domenica 22 dicembre.<\/p>\n<p>I Bacini idrografici interessati sono: Piave Pedemontano; Alto Brenta Bacchiglione Alpone; Po Fissero Tartaro Canalbianco Basso Adige; Brenta Bacchiglione.<\/p>\n<p>Dopo le piogge diffuse di oggi, domani, la probabilit\u00e0 di precipitazioni sar\u00e0 nelle prime ore medio-bassa (25-50%) sulle zone montane e pedemontane, medio-alta (50-75%) altrove, per fenomeni in genere modesti salvo locali rovesci, con limite di eventuali deboli nevicate a 1400-1700 m sulle Prealpi e 1100-1400 m sulle Dolomiti; in seguito, i fenomeni saranno generalmente assenti.<\/p>","protected":false},"excerpt":{"rendered":"<p>Venezia, 21 dicembre 2019\u00a0 \u00a0&#8211;\u00a0 \u00a0La fase di maltempo in corso sul Veneto ha indotto il Centro Funzionale Decentrato della Protezione Civile della Regione a dichiarare lo Stato di Attenzione (allerta gialla) per Criticit\u00e0 Idraulica e Idrogeologica su alcuni bacini del territorio fino alle ore 14.00 di domani, domenica 22 dicembre. I Bacini idrografici interessati [&hellip;]<\/p>\n","protected":false},"author":2,"featured_media":0,"comment_status":"closed","ping_status":"open","sticky":false,"template":"","format":"standard","meta":{"footnotes":""},"categories":[38,26],"tags":[],"class_list":["post-110672","post","type-post","status-publish","format-standard","category-natura-ambiente","category-prima-pagina"],"yoast_head":"<!-- This site is optimized with the Yoast SEO plugin v28.4 - https:\/\/yoast.com\/product\/yoast-seo-wordpress\/ -->\n<title>Maltempo, allerta gialla in Veneto fino alle 14 di domenica - Bellunopress - Dolomiti<\/title>\n<meta name=\"robots\" content=\"index, follow, max-snippet:-1, max-image-preview:large, max-video-preview:-1\" \/>\n<link rel=\"canonical\" href=\"https:\/\/www.bellunopress.it\/fr\/2019\/12\/21\/maltempo-allerta-gialla-in-veneto-fino-alle-14-di-domenica\/\" \/>\n<meta property=\"og:locale\" content=\"fr_FR\" \/>\n<meta property=\"og:type\" content=\"article\" \/>\n<meta property=\"og:title\" content=\"Maltempo, allerta gialla in Veneto fino alle 14 di domenica - Bellunopress - Dolomiti\" \/>\n<meta property=\"og:description\" content=\"Venezia, 21 dicembre 2019\u00a0 \u00a0&#8211;\u00a0 \u00a0La fase di maltempo in corso sul Veneto ha indotto il Centro Funzionale Decentrato della Protezione Civile della Regione a dichiarare lo Stato di Attenzione (allerta gialla) per Criticit\u00e0 Idraulica e Idrogeologica su alcuni bacini del territorio fino alle ore 14.00 di domani, domenica 22 dicembre. I Bacini idrografici interessati [&hellip;]\" \/>\n<meta property=\"og:url\" content=\"https:\/\/www.bellunopress.it\/fr\/2019\/12\/21\/maltempo-allerta-gialla-in-veneto-fino-alle-14-di-domenica\/\" \/>\n<meta property=\"og:site_name\" content=\"Bellunopress - Dolomiti\" \/>\n<meta property=\"article:publisher\" content=\"https:\/\/www.facebook.com\/profile.php?id=100008943462799\" \/>\n<meta property=\"article:published_time\" content=\"2019-12-21T20:24:06+00:00\" \/>\n<meta property=\"og:image\" content=\"http:\/\/www.bellunopress.it\/wp-content\/uploads\/2019\/07\/scala-allerta-meteo.jpg\" \/>\n<meta name=\"author\" content=\"redazione\" \/>\n<meta name=\"twitter:card\" content=\"summary_large_image\" \/>\n<meta name=\"twitter:creator\" content=\"@bellunopress\" \/>\n<meta name=\"twitter:site\" content=\"@bellunopress\" \/>\n<meta name=\"twitter:label1\" content=\"\u00c9crit par\" \/>\n\t<meta name=\"twitter:data1\" content=\"redazione\" \/>\n\t<meta name=\"twitter:label2\" content=\"Dur\u00e9e de lecture estim\u00e9e\" \/>\n\t<meta name=\"twitter:data2\" content=\"1 minute\" \/>\n<script type=\"application\/ld+json\" class=\"yoast-schema-graph\">{\"@context\":\"https:\\\/\\\/schema.org\",\"@graph\":[{\"@type\":\"Article\",\"@id\":\"https:\\\/\\\/www.bellunopress.it\\\/2019\\\/12\\\/21\\\/maltempo-allerta-gialla-in-veneto-fino-alle-14-di-domenica\\\/#article\",\"isPartOf\":{\"@id\":\"https:\\\/\\\/www.bellunopress.it\\\/2019\\\/12\\\/21\\\/maltempo-allerta-gialla-in-veneto-fino-alle-14-di-domenica\\\/\"},\"author\":{\"name\":\"redazione\",\"@id\":\"https:\\\/\\\/www.bellunopress.it\\\/#\\\/schema\\\/person\\\/79bb06722b37ece1c03d3e94beb30d73\"},\"headline\":\"Maltempo, allerta gialla in Veneto fino alle 14 di domenica\",\"datePublished\":\"2019-12-21T20:24:06+00:00\",\"mainEntityOfPage\":{\"@id\":\"https:\\\/\\\/www.bellunopress.it\\\/2019\\\/12\\\/21\\\/maltempo-allerta-gialla-in-veneto-fino-alle-14-di-domenica\\\/\"},\"wordCount\":131,\"publisher\":{\"@id\":\"https:\\\/\\\/www.bellunopress.it\\\/#organization\"},\"image\":{\"@id\":\"https:\\\/\\\/www.bellunopress.it\\\/2019\\\/12\\\/21\\\/maltempo-allerta-gialla-in-veneto-fino-alle-14-di-domenica\\\/#primaryimage\"},\"thumbnailUrl\":\"http:\\\/\\\/www.bellunopress.it\\\/wp-content\\\/uploads\\\/2019\\\/07\\\/scala-allerta-meteo.jpg\",\"articleSection\":[\"Meteo, natura, ambiente, animali\",\"Prima Pagina\"],\"inLanguage\":\"fr-FR\"},{\"@type\":\"WebPage\",\"@id\":\"https:\\\/\\\/www.bellunopress.it\\\/2019\\\/12\\\/21\\\/maltempo-allerta-gialla-in-veneto-fino-alle-14-di-domenica\\\/\",\"url\":\"https:\\\/\\\/www.bellunopress.it\\\/2019\\\/12\\\/21\\\/maltempo-allerta-gialla-in-veneto-fino-alle-14-di-domenica\\\/\",\"name\":\"Maltempo, allerta gialla in Veneto fino alle 14 di domenica - Bellunopress - Dolomiti\",\"isPartOf\":{\"@id\":\"https:\\\/\\\/www.bellunopress.it\\\/#website\"},\"primaryImageOfPage\":{\"@id\":\"https:\\\/\\\/www.bellunopress.it\\\/2019\\\/12\\\/21\\\/maltempo-allerta-gialla-in-veneto-fino-alle-14-di-domenica\\\/#primaryimage\"},\"image\":{\"@id\":\"https:\\\/\\\/www.bellunopress.it\\\/2019\\\/12\\\/21\\\/maltempo-allerta-gialla-in-veneto-fino-alle-14-di-domenica\\\/#primaryimage\"},\"thumbnailUrl\":\"http:\\\/\\\/www.bellunopress.it\\\/wp-content\\\/uploads\\\/2019\\\/07\\\/scala-allerta-meteo.jpg\",\"datePublished\":\"2019-12-21T20:24:06+00:00\",\"breadcrumb\":{\"@id\":\"https:\\\/\\\/www.bellunopress.it\\\/2019\\\/12\\\/21\\\/maltempo-allerta-gialla-in-veneto-fino-alle-14-di-domenica\\\/#breadcrumb\"},\"inLanguage\":\"fr-FR\",\"potentialAction\":[{\"@type\":\"ReadAction\",\"target\":[\"https:\\\/\\\/www.bellunopress.it\\\/2019\\\/12\\\/21\\\/maltempo-allerta-gialla-in-veneto-fino-alle-14-di-domenica\\\/\"]}]},{\"@type\":\"ImageObject\",\"inLanguage\":\"fr-FR\",\"@id\":\"https:\\\/\\\/www.bellunopress.it\\\/2019\\\/12\\\/21\\\/maltempo-allerta-gialla-in-veneto-fino-alle-14-di-domenica\\\/#primaryimage\",\"url\":\"http:\\\/\\\/www.bellunopress.it\\\/wp-content\\\/uploads\\\/2019\\\/07\\\/scala-allerta-meteo.jpg\",\"contentUrl\":\"http:\\\/\\\/www.bellunopress.it\\\/wp-content\\\/uploads\\\/2019\\\/07\\\/scala-allerta-meteo.jpg\"},{\"@type\":\"BreadcrumbList\",\"@id\":\"https:\\\/\\\/www.bellunopress.it\\\/2019\\\/12\\\/21\\\/maltempo-allerta-gialla-in-veneto-fino-alle-14-di-domenica\\\/#breadcrumb\",\"itemListElement\":[{\"@type\":\"ListItem\",\"position\":1,\"name\":\"Home\",\"item\":\"https:\\\/\\\/www.bellunopress.it\\\/\"},{\"@type\":\"ListItem\",\"position\":2,\"name\":\"Maltempo, allerta gialla in Veneto fino alle 14 di domenica\"}]},{\"@type\":\"WebSite\",\"@id\":\"https:\\\/\\\/www.bellunopress.it\\\/#website\",\"url\":\"https:\\\/\\\/www.bellunopress.it\\\/\",\"name\":\"Bellunopress - Dolomiti\",\"description\":\"e-mail: redazione@bellunopress.it\",\"publisher\":{\"@id\":\"https:\\\/\\\/www.bellunopress.it\\\/#organization\"},\"potentialAction\":[{\"@type\":\"SearchAction\",\"target\":{\"@type\":\"EntryPoint\",\"urlTemplate\":\"https:\\\/\\\/www.bellunopress.it\\\/?s={search_term_string}\"},\"query-input\":{\"@type\":\"PropertyValueSpecification\",\"valueRequired\":true,\"valueName\":\"search_term_string\"}}],\"inLanguage\":\"fr-FR\"},{\"@type\":\"Organization\",\"@id\":\"https:\\\/\\\/www.bellunopress.it\\\/#organization\",\"name\":\"Bellunopress\",\"url\":\"https:\\\/\\\/www.bellunopress.it\\\/\",\"logo\":{\"@type\":\"ImageObject\",\"inLanguage\":\"fr-FR\",\"@id\":\"https:\\\/\\\/www.bellunopress.it\\\/#\\\/schema\\\/logo\\\/image\\\/\",\"url\":\"https:\\\/\\\/www.bellunopress.it\\\/wp-content\\\/uploads\\\/2011\\\/05\\\/cropped-logo-bellunopress-.jpg\",\"contentUrl\":\"https:\\\/\\\/www.bellunopress.it\\\/wp-content\\\/uploads\\\/2011\\\/05\\\/cropped-logo-bellunopress-.jpg\",\"width\":512,\"height\":512,\"caption\":\"Bellunopress\"},\"image\":{\"@id\":\"https:\\\/\\\/www.bellunopress.it\\\/#\\\/schema\\\/logo\\\/image\\\/\"},\"sameAs\":[\"https:\\\/\\\/www.facebook.com\\\/profile.php?id=100008943462799\",\"https:\\\/\\\/x.com\\\/bellunopress\",\"https:\\\/\\\/www.linkedin.com\\\/hp\\\/?dnr=JBzUWaJfMUw8vbXJJ2tVW5-I3jZKvC4wsoxE&amp;amp;amp;amp;amp;amp;trk=nav_responsive_tab_home\",\"https:\\\/\\\/www.youtube.com\\\/channel\\\/UCxL0wu1uN0_3_7hGG0306cw\"]},{\"@type\":\"Person\",\"@id\":\"https:\\\/\\\/www.bellunopress.it\\\/#\\\/schema\\\/person\\\/79bb06722b37ece1c03d3e94beb30d73\",\"name\":\"redazione\",\"image\":{\"@type\":\"ImageObject\",\"inLanguage\":\"fr-FR\",\"@id\":\"https:\\\/\\\/secure.gravatar.com\\\/avatar\\\/37d968a2e67a6fd04c169c4bdef102d0bc5d31b2546345219e348575eb80e9a0?s=96&d=mm&r=g\",\"url\":\"https:\\\/\\\/secure.gravatar.com\\\/avatar\\\/37d968a2e67a6fd04c169c4bdef102d0bc5d31b2546345219e348575eb80e9a0?s=96&d=mm&r=g\",\"contentUrl\":\"https:\\\/\\\/secure.gravatar.com\\\/avatar\\\/37d968a2e67a6fd04c169c4bdef102d0bc5d31b2546345219e348575eb80e9a0?s=96&d=mm&r=g\",\"caption\":\"redazione\"},\"sameAs\":[\"http:\\\/\\\/www.bellunopress.it\",\"https:\\\/\\\/x.com\\\/bellunopress\"],\"url\":\"https:\\\/\\\/www.bellunopress.it\\\/fr\\\/author\\\/redazione\\\/\"}]}<\/script>\n<!-- \/ Yoast SEO plugin. -->","yoast_head_json":{"title":"Maltempo, allerta gialla in Veneto fino alle 14 di domenica - Bellunopress - Dolomiti","robots":{"index":"index","follow":"follow","max-snippet":"max-snippet:-1","max-image-preview":"max-image-preview:large","max-video-preview":"max-video-preview:-1"},"canonical":"https:\/\/www.bellunopress.it\/fr\/2019\/12\/21\/maltempo-allerta-gialla-in-veneto-fino-alle-14-di-domenica\/","og_locale":"fr_FR","og_type":"article","og_title":"Maltempo, allerta gialla in Veneto fino alle 14 di domenica - Bellunopress - Dolomiti","og_description":"Venezia, 21 dicembre 2019\u00a0 \u00a0&#8211;\u00a0 \u00a0La fase di maltempo in corso sul Veneto ha indotto il Centro Funzionale Decentrato della Protezione Civile della Regione a dichiarare lo Stato di Attenzione (allerta gialla) per Criticit\u00e0 Idraulica e Idrogeologica su alcuni bacini del territorio fino alle ore 14.00 di domani, domenica 22 dicembre. I Bacini idrografici interessati [&hellip;]","og_url":"https:\/\/www.bellunopress.it\/fr\/2019\/12\/21\/maltempo-allerta-gialla-in-veneto-fino-alle-14-di-domenica\/","og_site_name":"Bellunopress - Dolomiti","article_publisher":"https:\/\/www.facebook.com\/profile.php?id=100008943462799","article_published_time":"2019-12-21T20:24:06+00:00","og_image":[{"url":"http:\/\/www.bellunopress.it\/wp-content\/uploads\/2019\/07\/scala-allerta-meteo.jpg","type":"","width":"","height":""}],"author":"redazione","twitter_card":"summary_large_image","twitter_creator":"@bellunopress","twitter_site":"@bellunopress","twitter_misc":{"\u00c9crit par":"redazione","Dur\u00e9e de lecture estim\u00e9e":"1 minute"},"schema":{"@context":"https:\/\/schema.org","@graph":[{"@type":"Article","@id":"https:\/\/www.bellunopress.it\/2019\/12\/21\/maltempo-allerta-gialla-in-veneto-fino-alle-14-di-domenica\/#article","isPartOf":{"@id":"https:\/\/www.bellunopress.it\/2019\/12\/21\/maltempo-allerta-gialla-in-veneto-fino-alle-14-di-domenica\/"},"author":{"name":"redazione","@id":"https:\/\/www.bellunopress.it\/#\/schema\/person\/79bb06722b37ece1c03d3e94beb30d73"},"headline":"Maltempo, allerta gialla in Veneto fino alle 14 di domenica","datePublished":"2019-12-21T20:24:06+00:00","mainEntityOfPage":{"@id":"https:\/\/www.bellunopress.it\/2019\/12\/21\/maltempo-allerta-gialla-in-veneto-fino-alle-14-di-domenica\/"},"wordCount":131,"publisher":{"@id":"https:\/\/www.bellunopress.it\/#organization"},"image":{"@id":"https:\/\/www.bellunopress.it\/2019\/12\/21\/maltempo-allerta-gialla-in-veneto-fino-alle-14-di-domenica\/#primaryimage"},"thumbnailUrl":"http:\/\/www.bellunopress.it\/wp-content\/uploads\/2019\/07\/scala-allerta-meteo.jpg","articleSection":["Meteo, natura, ambiente, animali","Prima Pagina"],"inLanguage":"fr-FR"},{"@type":"WebPage","@id":"https:\/\/www.bellunopress.it\/2019\/12\/21\/maltempo-allerta-gialla-in-veneto-fino-alle-14-di-domenica\/","url":"https:\/\/www.bellunopress.it\/2019\/12\/21\/maltempo-allerta-gialla-in-veneto-fino-alle-14-di-domenica\/","name":"Maltempo, allerta gialla in Veneto fino alle 14 di domenica - Bellunopress - Dolomiti","isPartOf":{"@id":"https:\/\/www.bellunopress.it\/#website"},"primaryImageOfPage":{"@id":"https:\/\/www.bellunopress.it\/2019\/12\/21\/maltempo-allerta-gialla-in-veneto-fino-alle-14-di-domenica\/#primaryimage"},"image":{"@id":"https:\/\/www.bellunopress.it\/2019\/12\/21\/maltempo-allerta-gialla-in-veneto-fino-alle-14-di-domenica\/#primaryimage"},"thumbnailUrl":"http:\/\/www.bellunopress.it\/wp-content\/uploads\/2019\/07\/scala-allerta-meteo.jpg","datePublished":"2019-12-21T20:24:06+00:00","breadcrumb":{"@id":"https:\/\/www.bellunopress.it\/2019\/12\/21\/maltempo-allerta-gialla-in-veneto-fino-alle-14-di-domenica\/#breadcrumb"},"inLanguage":"fr-FR","potentialAction":[{"@type":"ReadAction","target":["https:\/\/www.bellunopress.it\/2019\/12\/21\/maltempo-allerta-gialla-in-veneto-fino-alle-14-di-domenica\/"]}]},{"@type":"ImageObject","inLanguage":"fr-FR","@id":"https:\/\/www.bellunopress.it\/2019\/12\/21\/maltempo-allerta-gialla-in-veneto-fino-alle-14-di-domenica\/#primaryimage","url":"http:\/\/www.bellunopress.it\/wp-content\/uploads\/2019\/07\/scala-allerta-meteo.jpg","contentUrl":"http:\/\/www.bellunopress.it\/wp-content\/uploads\/2019\/07\/scala-allerta-meteo.jpg"},{"@type":"BreadcrumbList","@id":"https:\/\/www.bellunopress.it\/2019\/12\/21\/maltempo-allerta-gialla-in-veneto-fino-alle-14-di-domenica\/#breadcrumb","itemListElement":[{"@type":"ListItem","position":1,"name":"Home","item":"https:\/\/www.bellunopress.it\/"},{"@type":"ListItem","position":2,"name":"Maltempo, allerta gialla in Veneto fino alle 14 di domenica"}]},{"@type":"WebSite","@id":"https:\/\/www.bellunopress.it\/#website","url":"https:\/\/www.bellunopress.it\/","name":"Bellunopress - Dolomiti","description":"e-mail: redazione@bellunopress.it","publisher":{"@id":"https:\/\/www.bellunopress.it\/#organization"},"potentialAction":[{"@type":"SearchAction","target":{"@type":"EntryPoint","urlTemplate":"https:\/\/www.bellunopress.it\/?s={search_term_string}"},"query-input":{"@type":"PropertyValueSpecification","valueRequired":true,"valueName":"search_term_string"}}],"inLanguage":"fr-FR"},{"@type":"Organization","@id":"https:\/\/www.bellunopress.it\/#organization","name":"Bellunopress","url":"https:\/\/www.bellunopress.it\/","logo":{"@type":"ImageObject","inLanguage":"fr-FR","@id":"https:\/\/www.bellunopress.it\/#\/schema\/logo\/image\/","url":"https:\/\/www.bellunopress.it\/wp-content\/uploads\/2011\/05\/cropped-logo-bellunopress-.jpg","contentUrl":"https:\/\/www.bellunopress.it\/wp-content\/uploads\/2011\/05\/cropped-logo-bellunopress-.jpg","width":512,"height":512,"caption":"Bellunopress"},"image":{"@id":"https:\/\/www.bellunopress.it\/#\/schema\/logo\/image\/"},"sameAs":["https:\/\/www.facebook.com\/profile.php?id=100008943462799","https:\/\/x.com\/bellunopress","https:\/\/www.linkedin.com\/hp\/?dnr=JBzUWaJfMUw8vbXJJ2tVW5-I3jZKvC4wsoxE&amp;amp;amp;amp;amp;amp;trk=nav_responsive_tab_home","https:\/\/www.youtube.com\/channel\/UCxL0wu1uN0_3_7hGG0306cw"]},{"@type":"Person","@id":"https:\/\/www.bellunopress.it\/#\/schema\/person\/79bb06722b37ece1c03d3e94beb30d73","name":"r\u00e9daction","image":{"@type":"ImageObject","inLanguage":"fr-FR","@id":"https:\/\/secure.gravatar.com\/avatar\/37d968a2e67a6fd04c169c4bdef102d0bc5d31b2546345219e348575eb80e9a0?s=96&d=mm&r=g","url":"https:\/\/secure.gravatar.com\/avatar\/37d968a2e67a6fd04c169c4bdef102d0bc5d31b2546345219e348575eb80e9a0?s=96&d=mm&r=g","contentUrl":"https:\/\/secure.gravatar.com\/avatar\/37d968a2e67a6fd04c169c4bdef102d0bc5d31b2546345219e348575eb80e9a0?s=96&d=mm&r=g","caption":"redazione"},"sameAs":["http:\/\/www.bellunopress.it","https:\/\/x.com\/bellunopress"],"url":"https:\/\/www.bellunopress.it\/fr\/author\/redazione\/"}]}},"_links":{"self":[{"href":"https:\/\/www.bellunopress.it\/fr\/wp-json\/wp\/v2\/posts\/110672","targetHints":{"allow":["GET"]}}],"collection":[{"href":"https:\/\/www.bellunopress.it\/fr\/wp-json\/wp\/v2\/posts"}],"about":[{"href":"https:\/\/www.bellunopress.it\/fr\/wp-json\/wp\/v2\/types\/post"}],"author":[{"embeddable":true,"href":"https:\/\/www.bellunopress.it\/fr\/wp-json\/wp\/v2\/users\/2"}],"replies":[{"embeddable":true,"href":"https:\/\/www.bellunopress.it\/fr\/wp-json\/wp\/v2\/comments?post=110672"}],"version-history":[{"count":1,"href":"https:\/\/www.bellunopress.it\/fr\/wp-json\/wp\/v2\/posts\/110672\/revisions"}],"predecessor-version":[{"id":110673,"href":"https:\/\/www.bellunopress.it\/fr\/wp-json\/wp\/v2\/posts\/110672\/revisions\/110673"}],"wp:attachment":[{"href":"https:\/\/www.bellunopress.it\/fr\/wp-json\/wp\/v2\/media?parent=110672"}],"wp:term":[{"taxonomy":"category","embeddable":true,"href":"https:\/\/www.bellunopress.it\/fr\/wp-json\/wp\/v2\/categories?post=110672"},{"taxonomy":"post_tag","embeddable":true,"href":"https:\/\/www.bellunopress.it\/fr\/wp-json\/wp\/v2\/tags?post=110672"}],"curies":[{"name":"wp","href":"https:\/\/api.w.org\/{rel}","templated":true}]}}