{"id":110670,"date":"2019-12-21T21:19:31","date_gmt":"2019-12-21T20:19:31","guid":{"rendered":"http:\/\/www.bellunopress.it\/?p=110670"},"modified":"2019-12-21T21:19:31","modified_gmt":"2019-12-21T20:19:31","slug":"vincoli-paesaggistici-auronzo-e-comelico-bortoluzzi-la-provincia-fara-ricorso","status":"publish","type":"post","link":"https:\/\/www.bellunopress.it\/fr\/2019\/12\/21\/vincoli-paesaggistici-auronzo-e-comelico-bortoluzzi-la-provincia-fara-ricorso\/","title":{"rendered":"Vincoli paesaggistici Auronzo e Comelico. Bortoluzzi: &#8220;La Provincia far\u00e0 ricorso&#8221;"},"content":{"rendered":"<figure id=\"attachment_101096\" aria-describedby=\"caption-attachment-101096\" style=\"width: 247px\" class=\"wp-caption alignleft\"><a href=\"http:\/\/www.bellunopress.it\/fr\/2019\/01\/11\/viabilita-in-valle-del-mis-massimo-bortoluzzi-il-ripristino-completo-a-partire-dalla-prossima-primavera\/massimo-bortoluzzi-consigliere-provinciale\/\" rel=\"attachment wp-att-101096\"><img loading=\"lazy\" decoding=\"async\" class=\"size-full wp-image-101096\" src=\"http:\/\/www.bellunopress.it\/wp-content\/uploads\/2019\/01\/Massimo-Bortoluzzi-consigliere-provinciale.jpg\" alt=\"\" width=\"247\" height=\"300\" \/><\/a><figcaption id=\"caption-attachment-101096\" class=\"wp-caption-text\">Massimo Bortoluzzi, consigliere provinciale<\/figcaption><\/figure>\n<p>\u00abLa Provincia far\u00e0 ricorso contro i vincoli imposti sul Comelico e su Auronzo\u00bb.<\/p>\n<p>Lo ha annunciato oggi pomeriggio il consigliere provinciale delegato Massimo Bortoluzzi, da Padola dove ha partecipato alla riunione del comitato civico \u201cS\u00ec al collegamento Comelico-Pusteria\u201d.<\/p>\n<p>\u00abNon possiamo permettere che alcune zone della nostra provincia, gi\u00e0 a forte rischio spopolamento, restino ingabbiate in lacci e laccioli burocratici. Soprattutto mentre i nostri vicini autonomi hanno strumenti ben diversi per il governo dei loro territori\u00bb afferma Massimo Bortoluzzi. \u00abPer questo, sosterremo con forza il ricorso, a tutti i livelli: la Provincia \u00e8 dalla parte del comitato, come di ogni angolo del territorio provinciale, che \u00e8 ormai esasperato da continue pressioni che ne compromettono lo sviluppo, proprio in un periodo storico irripetibile, alla vigilia di due appuntamenti importantissimi come i Mondiali di Cortina 2021 e le Olimpiadi 2026. Abbiamo il dovere di puntare su un ricorso condiviso con tutti gli altri soggetti, seppur in percorsi separati. In questo modo potremo portare pi\u00f9 voci al Tribunale amministrativo e puntare su pi\u00f9 temi. Ma dobbiamo fare presto, perch\u00e9 il 5 febbraio scadranno i 60 giorni utili per i termini del Tar\u00bb.<\/p>\n<p>\u00abChiederemo un coinvolgimento ampio di tutti i parlamentari bellunesi, di tutti i Comuni e di tutti gli amministratori: ne va del futuro del nostro territorio, perch\u00e9 lo spopolamento, che oggi presenta numeri pi\u00f9 che mai allarmanti, non pu\u00f2 essere contrastato con l\u2019imposizione di nuovi vincoli, che rischiano anzi di accelerare la crisi demografica\u00bb conclude Bortoluzzi. \u00abE un territorio spopolato non potr\u00e0 mai essere un territorio tutelato. La tutela del paesaggio \u00e8 frutto della cura e dei saperi di chi abita la montagna e ne conserva il pregio ambientale, non di regole scritte altrove da burocrati che non conoscono il nostro territorio\u00bb.<\/p>\n<p>Luned\u00ec \u00e8 in programma un incontro tra il presidente della Provincia, i sindaci e la Regione Veneto per coordinare le azioni da mettere in campo sia dal punto di vista delle procedure per i ricorsi sia dal punto di vista politico.<\/p>","protected":false},"excerpt":{"rendered":"<p>\u00abLa Provincia far\u00e0 ricorso contro i vincoli imposti sul Comelico e su Auronzo\u00bb. Lo ha annunciato oggi pomeriggio il consigliere provinciale delegato Massimo Bortoluzzi, da Padola dove ha partecipato alla riunione del comitato civico \u201cS\u00ec al collegamento Comelico-Pusteria\u201d. \u00abNon possiamo permettere che alcune zone della nostra provincia, gi\u00e0 a forte rischio spopolamento, restino ingabbiate in [&hellip;]<\/p>\n","protected":false},"author":2,"featured_media":0,"comment_status":"closed","ping_status":"open","sticky":false,"template":"","format":"standard","meta":{"footnotes":""},"categories":[5,26],"tags":[],"class_list":["post-110670","post","type-post","status-publish","format-standard","category-cronaca","category-prima-pagina"],"yoast_head":"<!-- This site is optimized with the Yoast SEO plugin v28.4 - https:\/\/yoast.com\/product\/yoast-seo-wordpress\/ -->\n<title>Vincoli paesaggistici Auronzo e Comelico. Bortoluzzi: &quot;La Provincia far\u00e0 ricorso&quot; - Bellunopress - Dolomiti<\/title>\n<meta name=\"robots\" content=\"index, follow, max-snippet:-1, max-image-preview:large, max-video-preview:-1\" \/>\n<link rel=\"canonical\" href=\"https:\/\/www.bellunopress.it\/fr\/2019\/12\/21\/vincoli-paesaggistici-auronzo-e-comelico-bortoluzzi-la-provincia-fara-ricorso\/\" \/>\n<meta property=\"og:locale\" content=\"fr_FR\" \/>\n<meta property=\"og:type\" content=\"article\" \/>\n<meta property=\"og:title\" content=\"Vincoli paesaggistici Auronzo e Comelico. Bortoluzzi: &quot;La Provincia far\u00e0 ricorso&quot; - Bellunopress - Dolomiti\" \/>\n<meta property=\"og:description\" content=\"\u00abLa Provincia far\u00e0 ricorso contro i vincoli imposti sul Comelico e su Auronzo\u00bb. Lo ha annunciato oggi pomeriggio il consigliere provinciale delegato Massimo Bortoluzzi, da Padola dove ha partecipato alla riunione del comitato civico \u201cS\u00ec al collegamento Comelico-Pusteria\u201d. \u00abNon possiamo permettere che alcune zone della nostra provincia, gi\u00e0 a forte rischio spopolamento, restino ingabbiate in [&hellip;]\" \/>\n<meta property=\"og:url\" content=\"https:\/\/www.bellunopress.it\/fr\/2019\/12\/21\/vincoli-paesaggistici-auronzo-e-comelico-bortoluzzi-la-provincia-fara-ricorso\/\" \/>\n<meta property=\"og:site_name\" content=\"Bellunopress - Dolomiti\" \/>\n<meta property=\"article:publisher\" content=\"https:\/\/www.facebook.com\/profile.php?id=100008943462799\" \/>\n<meta property=\"article:published_time\" content=\"2019-12-21T20:19:31+00:00\" \/>\n<meta property=\"og:image\" content=\"http:\/\/www.bellunopress.it\/wp-content\/uploads\/2019\/01\/Massimo-Bortoluzzi-consigliere-provinciale.jpg\" \/>\n<meta name=\"author\" content=\"redazione\" \/>\n<meta name=\"twitter:card\" content=\"summary_large_image\" \/>\n<meta name=\"twitter:creator\" content=\"@bellunopress\" \/>\n<meta name=\"twitter:site\" content=\"@bellunopress\" \/>\n<meta name=\"twitter:label1\" content=\"\u00c9crit par\" \/>\n\t<meta name=\"twitter:data1\" content=\"redazione\" \/>\n\t<meta name=\"twitter:label2\" content=\"Dur\u00e9e de lecture estim\u00e9e\" \/>\n\t<meta name=\"twitter:data2\" content=\"2 minutes\" \/>\n<script type=\"application\/ld+json\" class=\"yoast-schema-graph\">{\"@context\":\"https:\\\/\\\/schema.org\",\"@graph\":[{\"@type\":\"Article\",\"@id\":\"https:\\\/\\\/www.bellunopress.it\\\/2019\\\/12\\\/21\\\/vincoli-paesaggistici-auronzo-e-comelico-bortoluzzi-la-provincia-fara-ricorso\\\/#article\",\"isPartOf\":{\"@id\":\"https:\\\/\\\/www.bellunopress.it\\\/2019\\\/12\\\/21\\\/vincoli-paesaggistici-auronzo-e-comelico-bortoluzzi-la-provincia-fara-ricorso\\\/\"},\"author\":{\"name\":\"redazione\",\"@id\":\"https:\\\/\\\/www.bellunopress.it\\\/#\\\/schema\\\/person\\\/79bb06722b37ece1c03d3e94beb30d73\"},\"headline\":\"Vincoli paesaggistici Auronzo e Comelico. Bortoluzzi: &#8220;La Provincia far\u00e0 ricorso&#8221;\",\"datePublished\":\"2019-12-21T20:19:31+00:00\",\"mainEntityOfPage\":{\"@id\":\"https:\\\/\\\/www.bellunopress.it\\\/2019\\\/12\\\/21\\\/vincoli-paesaggistici-auronzo-e-comelico-bortoluzzi-la-provincia-fara-ricorso\\\/\"},\"wordCount\":344,\"publisher\":{\"@id\":\"https:\\\/\\\/www.bellunopress.it\\\/#organization\"},\"image\":{\"@id\":\"https:\\\/\\\/www.bellunopress.it\\\/2019\\\/12\\\/21\\\/vincoli-paesaggistici-auronzo-e-comelico-bortoluzzi-la-provincia-fara-ricorso\\\/#primaryimage\"},\"thumbnailUrl\":\"http:\\\/\\\/www.bellunopress.it\\\/wp-content\\\/uploads\\\/2019\\\/01\\\/Massimo-Bortoluzzi-consigliere-provinciale.jpg\",\"articleSection\":[\"Cronaca\\\/Politica\",\"Prima Pagina\"],\"inLanguage\":\"fr-FR\"},{\"@type\":\"WebPage\",\"@id\":\"https:\\\/\\\/www.bellunopress.it\\\/2019\\\/12\\\/21\\\/vincoli-paesaggistici-auronzo-e-comelico-bortoluzzi-la-provincia-fara-ricorso\\\/\",\"url\":\"https:\\\/\\\/www.bellunopress.it\\\/2019\\\/12\\\/21\\\/vincoli-paesaggistici-auronzo-e-comelico-bortoluzzi-la-provincia-fara-ricorso\\\/\",\"name\":\"Vincoli paesaggistici Auronzo e Comelico. Bortoluzzi: \\\"La Provincia far\u00e0 ricorso\\\" - Bellunopress - Dolomiti\",\"isPartOf\":{\"@id\":\"https:\\\/\\\/www.bellunopress.it\\\/#website\"},\"primaryImageOfPage\":{\"@id\":\"https:\\\/\\\/www.bellunopress.it\\\/2019\\\/12\\\/21\\\/vincoli-paesaggistici-auronzo-e-comelico-bortoluzzi-la-provincia-fara-ricorso\\\/#primaryimage\"},\"image\":{\"@id\":\"https:\\\/\\\/www.bellunopress.it\\\/2019\\\/12\\\/21\\\/vincoli-paesaggistici-auronzo-e-comelico-bortoluzzi-la-provincia-fara-ricorso\\\/#primaryimage\"},\"thumbnailUrl\":\"http:\\\/\\\/www.bellunopress.it\\\/wp-content\\\/uploads\\\/2019\\\/01\\\/Massimo-Bortoluzzi-consigliere-provinciale.jpg\",\"datePublished\":\"2019-12-21T20:19:31+00:00\",\"breadcrumb\":{\"@id\":\"https:\\\/\\\/www.bellunopress.it\\\/2019\\\/12\\\/21\\\/vincoli-paesaggistici-auronzo-e-comelico-bortoluzzi-la-provincia-fara-ricorso\\\/#breadcrumb\"},\"inLanguage\":\"fr-FR\",\"potentialAction\":[{\"@type\":\"ReadAction\",\"target\":[\"https:\\\/\\\/www.bellunopress.it\\\/2019\\\/12\\\/21\\\/vincoli-paesaggistici-auronzo-e-comelico-bortoluzzi-la-provincia-fara-ricorso\\\/\"]}]},{\"@type\":\"ImageObject\",\"inLanguage\":\"fr-FR\",\"@id\":\"https:\\\/\\\/www.bellunopress.it\\\/2019\\\/12\\\/21\\\/vincoli-paesaggistici-auronzo-e-comelico-bortoluzzi-la-provincia-fara-ricorso\\\/#primaryimage\",\"url\":\"http:\\\/\\\/www.bellunopress.it\\\/wp-content\\\/uploads\\\/2019\\\/01\\\/Massimo-Bortoluzzi-consigliere-provinciale.jpg\",\"contentUrl\":\"http:\\\/\\\/www.bellunopress.it\\\/wp-content\\\/uploads\\\/2019\\\/01\\\/Massimo-Bortoluzzi-consigliere-provinciale.jpg\"},{\"@type\":\"BreadcrumbList\",\"@id\":\"https:\\\/\\\/www.bellunopress.it\\\/2019\\\/12\\\/21\\\/vincoli-paesaggistici-auronzo-e-comelico-bortoluzzi-la-provincia-fara-ricorso\\\/#breadcrumb\",\"itemListElement\":[{\"@type\":\"ListItem\",\"position\":1,\"name\":\"Home\",\"item\":\"https:\\\/\\\/www.bellunopress.it\\\/\"},{\"@type\":\"ListItem\",\"position\":2,\"name\":\"Vincoli paesaggistici Auronzo e Comelico. Bortoluzzi: &#8220;La Provincia far\u00e0 ricorso&#8221;\"}]},{\"@type\":\"WebSite\",\"@id\":\"https:\\\/\\\/www.bellunopress.it\\\/#website\",\"url\":\"https:\\\/\\\/www.bellunopress.it\\\/\",\"name\":\"Bellunopress - Dolomiti\",\"description\":\"e-mail: redazione@bellunopress.it\",\"publisher\":{\"@id\":\"https:\\\/\\\/www.bellunopress.it\\\/#organization\"},\"potentialAction\":[{\"@type\":\"SearchAction\",\"target\":{\"@type\":\"EntryPoint\",\"urlTemplate\":\"https:\\\/\\\/www.bellunopress.it\\\/?s={search_term_string}\"},\"query-input\":{\"@type\":\"PropertyValueSpecification\",\"valueRequired\":true,\"valueName\":\"search_term_string\"}}],\"inLanguage\":\"fr-FR\"},{\"@type\":\"Organization\",\"@id\":\"https:\\\/\\\/www.bellunopress.it\\\/#organization\",\"name\":\"Bellunopress\",\"url\":\"https:\\\/\\\/www.bellunopress.it\\\/\",\"logo\":{\"@type\":\"ImageObject\",\"inLanguage\":\"fr-FR\",\"@id\":\"https:\\\/\\\/www.bellunopress.it\\\/#\\\/schema\\\/logo\\\/image\\\/\",\"url\":\"https:\\\/\\\/www.bellunopress.it\\\/wp-content\\\/uploads\\\/2011\\\/05\\\/cropped-logo-bellunopress-.jpg\",\"contentUrl\":\"https:\\\/\\\/www.bellunopress.it\\\/wp-content\\\/uploads\\\/2011\\\/05\\\/cropped-logo-bellunopress-.jpg\",\"width\":512,\"height\":512,\"caption\":\"Bellunopress\"},\"image\":{\"@id\":\"https:\\\/\\\/www.bellunopress.it\\\/#\\\/schema\\\/logo\\\/image\\\/\"},\"sameAs\":[\"https:\\\/\\\/www.facebook.com\\\/profile.php?id=100008943462799\",\"https:\\\/\\\/x.com\\\/bellunopress\",\"https:\\\/\\\/www.linkedin.com\\\/hp\\\/?dnr=JBzUWaJfMUw8vbXJJ2tVW5-I3jZKvC4wsoxE&amp;amp;amp;amp;amp;amp;trk=nav_responsive_tab_home\",\"https:\\\/\\\/www.youtube.com\\\/channel\\\/UCxL0wu1uN0_3_7hGG0306cw\"]},{\"@type\":\"Person\",\"@id\":\"https:\\\/\\\/www.bellunopress.it\\\/#\\\/schema\\\/person\\\/79bb06722b37ece1c03d3e94beb30d73\",\"name\":\"redazione\",\"image\":{\"@type\":\"ImageObject\",\"inLanguage\":\"fr-FR\",\"@id\":\"https:\\\/\\\/secure.gravatar.com\\\/avatar\\\/37d968a2e67a6fd04c169c4bdef102d0bc5d31b2546345219e348575eb80e9a0?s=96&d=mm&r=g\",\"url\":\"https:\\\/\\\/secure.gravatar.com\\\/avatar\\\/37d968a2e67a6fd04c169c4bdef102d0bc5d31b2546345219e348575eb80e9a0?s=96&d=mm&r=g\",\"contentUrl\":\"https:\\\/\\\/secure.gravatar.com\\\/avatar\\\/37d968a2e67a6fd04c169c4bdef102d0bc5d31b2546345219e348575eb80e9a0?s=96&d=mm&r=g\",\"caption\":\"redazione\"},\"sameAs\":[\"http:\\\/\\\/www.bellunopress.it\",\"https:\\\/\\\/x.com\\\/bellunopress\"],\"url\":\"https:\\\/\\\/www.bellunopress.it\\\/fr\\\/author\\\/redazione\\\/\"}]}<\/script>\n<!-- \/ Yoast SEO plugin. -->","yoast_head_json":{"title":"Vincoli paesaggistici Auronzo e Comelico. Bortoluzzi: \"La Provincia far\u00e0 ricorso\" - Bellunopress - Dolomiti","robots":{"index":"index","follow":"follow","max-snippet":"max-snippet:-1","max-image-preview":"max-image-preview:large","max-video-preview":"max-video-preview:-1"},"canonical":"https:\/\/www.bellunopress.it\/fr\/2019\/12\/21\/vincoli-paesaggistici-auronzo-e-comelico-bortoluzzi-la-provincia-fara-ricorso\/","og_locale":"fr_FR","og_type":"article","og_title":"Vincoli paesaggistici Auronzo e Comelico. Bortoluzzi: \"La Provincia far\u00e0 ricorso\" - Bellunopress - Dolomiti","og_description":"\u00abLa Provincia far\u00e0 ricorso contro i vincoli imposti sul Comelico e su Auronzo\u00bb. Lo ha annunciato oggi pomeriggio il consigliere provinciale delegato Massimo Bortoluzzi, da Padola dove ha partecipato alla riunione del comitato civico \u201cS\u00ec al collegamento Comelico-Pusteria\u201d. \u00abNon possiamo permettere che alcune zone della nostra provincia, gi\u00e0 a forte rischio spopolamento, restino ingabbiate in [&hellip;]","og_url":"https:\/\/www.bellunopress.it\/fr\/2019\/12\/21\/vincoli-paesaggistici-auronzo-e-comelico-bortoluzzi-la-provincia-fara-ricorso\/","og_site_name":"Bellunopress - Dolomiti","article_publisher":"https:\/\/www.facebook.com\/profile.php?id=100008943462799","article_published_time":"2019-12-21T20:19:31+00:00","og_image":[{"url":"http:\/\/www.bellunopress.it\/wp-content\/uploads\/2019\/01\/Massimo-Bortoluzzi-consigliere-provinciale.jpg","type":"","width":"","height":""}],"author":"redazione","twitter_card":"summary_large_image","twitter_creator":"@bellunopress","twitter_site":"@bellunopress","twitter_misc":{"\u00c9crit par":"redazione","Dur\u00e9e de lecture estim\u00e9e":"2 minutes"},"schema":{"@context":"https:\/\/schema.org","@graph":[{"@type":"Article","@id":"https:\/\/www.bellunopress.it\/2019\/12\/21\/vincoli-paesaggistici-auronzo-e-comelico-bortoluzzi-la-provincia-fara-ricorso\/#article","isPartOf":{"@id":"https:\/\/www.bellunopress.it\/2019\/12\/21\/vincoli-paesaggistici-auronzo-e-comelico-bortoluzzi-la-provincia-fara-ricorso\/"},"author":{"name":"redazione","@id":"https:\/\/www.bellunopress.it\/#\/schema\/person\/79bb06722b37ece1c03d3e94beb30d73"},"headline":"Vincoli paesaggistici Auronzo e Comelico. Bortoluzzi: &#8220;La Provincia far\u00e0 ricorso&#8221;","datePublished":"2019-12-21T20:19:31+00:00","mainEntityOfPage":{"@id":"https:\/\/www.bellunopress.it\/2019\/12\/21\/vincoli-paesaggistici-auronzo-e-comelico-bortoluzzi-la-provincia-fara-ricorso\/"},"wordCount":344,"publisher":{"@id":"https:\/\/www.bellunopress.it\/#organization"},"image":{"@id":"https:\/\/www.bellunopress.it\/2019\/12\/21\/vincoli-paesaggistici-auronzo-e-comelico-bortoluzzi-la-provincia-fara-ricorso\/#primaryimage"},"thumbnailUrl":"http:\/\/www.bellunopress.it\/wp-content\/uploads\/2019\/01\/Massimo-Bortoluzzi-consigliere-provinciale.jpg","articleSection":["Cronaca\/Politica","Prima Pagina"],"inLanguage":"fr-FR"},{"@type":"WebPage","@id":"https:\/\/www.bellunopress.it\/2019\/12\/21\/vincoli-paesaggistici-auronzo-e-comelico-bortoluzzi-la-provincia-fara-ricorso\/","url":"https:\/\/www.bellunopress.it\/2019\/12\/21\/vincoli-paesaggistici-auronzo-e-comelico-bortoluzzi-la-provincia-fara-ricorso\/","name":"Vincoli paesaggistici Auronzo e Comelico. Bortoluzzi: \"La Provincia far\u00e0 ricorso\" - Bellunopress - Dolomiti","isPartOf":{"@id":"https:\/\/www.bellunopress.it\/#website"},"primaryImageOfPage":{"@id":"https:\/\/www.bellunopress.it\/2019\/12\/21\/vincoli-paesaggistici-auronzo-e-comelico-bortoluzzi-la-provincia-fara-ricorso\/#primaryimage"},"image":{"@id":"https:\/\/www.bellunopress.it\/2019\/12\/21\/vincoli-paesaggistici-auronzo-e-comelico-bortoluzzi-la-provincia-fara-ricorso\/#primaryimage"},"thumbnailUrl":"http:\/\/www.bellunopress.it\/wp-content\/uploads\/2019\/01\/Massimo-Bortoluzzi-consigliere-provinciale.jpg","datePublished":"2019-12-21T20:19:31+00:00","breadcrumb":{"@id":"https:\/\/www.bellunopress.it\/2019\/12\/21\/vincoli-paesaggistici-auronzo-e-comelico-bortoluzzi-la-provincia-fara-ricorso\/#breadcrumb"},"inLanguage":"fr-FR","potentialAction":[{"@type":"ReadAction","target":["https:\/\/www.bellunopress.it\/2019\/12\/21\/vincoli-paesaggistici-auronzo-e-comelico-bortoluzzi-la-provincia-fara-ricorso\/"]}]},{"@type":"ImageObject","inLanguage":"fr-FR","@id":"https:\/\/www.bellunopress.it\/2019\/12\/21\/vincoli-paesaggistici-auronzo-e-comelico-bortoluzzi-la-provincia-fara-ricorso\/#primaryimage","url":"http:\/\/www.bellunopress.it\/wp-content\/uploads\/2019\/01\/Massimo-Bortoluzzi-consigliere-provinciale.jpg","contentUrl":"http:\/\/www.bellunopress.it\/wp-content\/uploads\/2019\/01\/Massimo-Bortoluzzi-consigliere-provinciale.jpg"},{"@type":"BreadcrumbList","@id":"https:\/\/www.bellunopress.it\/2019\/12\/21\/vincoli-paesaggistici-auronzo-e-comelico-bortoluzzi-la-provincia-fara-ricorso\/#breadcrumb","itemListElement":[{"@type":"ListItem","position":1,"name":"Home","item":"https:\/\/www.bellunopress.it\/"},{"@type":"ListItem","position":2,"name":"Vincoli paesaggistici Auronzo e Comelico. Bortoluzzi: &#8220;La Provincia far\u00e0 ricorso&#8221;"}]},{"@type":"WebSite","@id":"https:\/\/www.bellunopress.it\/#website","url":"https:\/\/www.bellunopress.it\/","name":"Bellunopress - Dolomiti","description":"e-mail: redazione@bellunopress.it","publisher":{"@id":"https:\/\/www.bellunopress.it\/#organization"},"potentialAction":[{"@type":"SearchAction","target":{"@type":"EntryPoint","urlTemplate":"https:\/\/www.bellunopress.it\/?s={search_term_string}"},"query-input":{"@type":"PropertyValueSpecification","valueRequired":true,"valueName":"search_term_string"}}],"inLanguage":"fr-FR"},{"@type":"Organization","@id":"https:\/\/www.bellunopress.it\/#organization","name":"Bellunopress","url":"https:\/\/www.bellunopress.it\/","logo":{"@type":"ImageObject","inLanguage":"fr-FR","@id":"https:\/\/www.bellunopress.it\/#\/schema\/logo\/image\/","url":"https:\/\/www.bellunopress.it\/wp-content\/uploads\/2011\/05\/cropped-logo-bellunopress-.jpg","contentUrl":"https:\/\/www.bellunopress.it\/wp-content\/uploads\/2011\/05\/cropped-logo-bellunopress-.jpg","width":512,"height":512,"caption":"Bellunopress"},"image":{"@id":"https:\/\/www.bellunopress.it\/#\/schema\/logo\/image\/"},"sameAs":["https:\/\/www.facebook.com\/profile.php?id=100008943462799","https:\/\/x.com\/bellunopress","https:\/\/www.linkedin.com\/hp\/?dnr=JBzUWaJfMUw8vbXJJ2tVW5-I3jZKvC4wsoxE&amp;amp;amp;amp;amp;amp;trk=nav_responsive_tab_home","https:\/\/www.youtube.com\/channel\/UCxL0wu1uN0_3_7hGG0306cw"]},{"@type":"Person","@id":"https:\/\/www.bellunopress.it\/#\/schema\/person\/79bb06722b37ece1c03d3e94beb30d73","name":"r\u00e9daction","image":{"@type":"ImageObject","inLanguage":"fr-FR","@id":"https:\/\/secure.gravatar.com\/avatar\/37d968a2e67a6fd04c169c4bdef102d0bc5d31b2546345219e348575eb80e9a0?s=96&d=mm&r=g","url":"https:\/\/secure.gravatar.com\/avatar\/37d968a2e67a6fd04c169c4bdef102d0bc5d31b2546345219e348575eb80e9a0?s=96&d=mm&r=g","contentUrl":"https:\/\/secure.gravatar.com\/avatar\/37d968a2e67a6fd04c169c4bdef102d0bc5d31b2546345219e348575eb80e9a0?s=96&d=mm&r=g","caption":"redazione"},"sameAs":["http:\/\/www.bellunopress.it","https:\/\/x.com\/bellunopress"],"url":"https:\/\/www.bellunopress.it\/fr\/author\/redazione\/"}]}},"_links":{"self":[{"href":"https:\/\/www.bellunopress.it\/fr\/wp-json\/wp\/v2\/posts\/110670","targetHints":{"allow":["GET"]}}],"collection":[{"href":"https:\/\/www.bellunopress.it\/fr\/wp-json\/wp\/v2\/posts"}],"about":[{"href":"https:\/\/www.bellunopress.it\/fr\/wp-json\/wp\/v2\/types\/post"}],"author":[{"embeddable":true,"href":"https:\/\/www.bellunopress.it\/fr\/wp-json\/wp\/v2\/users\/2"}],"replies":[{"embeddable":true,"href":"https:\/\/www.bellunopress.it\/fr\/wp-json\/wp\/v2\/comments?post=110670"}],"version-history":[{"count":1,"href":"https:\/\/www.bellunopress.it\/fr\/wp-json\/wp\/v2\/posts\/110670\/revisions"}],"predecessor-version":[{"id":110671,"href":"https:\/\/www.bellunopress.it\/fr\/wp-json\/wp\/v2\/posts\/110670\/revisions\/110671"}],"wp:attachment":[{"href":"https:\/\/www.bellunopress.it\/fr\/wp-json\/wp\/v2\/media?parent=110670"}],"wp:term":[{"taxonomy":"category","embeddable":true,"href":"https:\/\/www.bellunopress.it\/fr\/wp-json\/wp\/v2\/categories?post=110670"},{"taxonomy":"post_tag","embeddable":true,"href":"https:\/\/www.bellunopress.it\/fr\/wp-json\/wp\/v2\/tags?post=110670"}],"curies":[{"name":"wp","href":"https:\/\/api.w.org\/{rel}","templated":true}]}}