{"id":110646,"date":"2019-12-20T17:35:14","date_gmt":"2019-12-20T16:35:14","guid":{"rendered":"http:\/\/www.bellunopress.it\/?p=110646"},"modified":"2019-12-20T17:35:15","modified_gmt":"2019-12-20T16:35:15","slug":"domenica-pomeriggio-al-vejo-per-l80mo-della-fondazione-della-latteria-presentazione-del-libro-di-tomaso-pettazzi-e-il-recital-con-giorgio-fornasier-e-diego-stefani","status":"publish","type":"post","link":"https:\/\/www.bellunopress.it\/fr\/2019\/12\/20\/domenica-pomeriggio-al-vejo-per-l80mo-della-fondazione-della-latteria-presentazione-del-libro-di-tomaso-pettazzi-e-il-recital-con-giorgio-fornasier-e-diego-stefani\/","title":{"rendered":"Domenica pomeriggio al Vejo per l&#8217;80mo della fondazione della latteria. Presentazione del libro di Tomaso Pettazzi e il recital con Giorgio Fornasier e Diego Stefani"},"content":{"rendered":"<p>Domenica 22 dicembre alla Latteria sociale e turnaria di Valmorel (Limana), si terranno le iniziative per l&#8217;Ottantesimo anniversario della fondazione della Latteria.<br \/>\nAlle ore 15.30 avr\u00e0 luogo la presentazipone del libro &#8220;Giulio e Maria, un amore per sempre. Storia centenaria di un caff\u00e8 e di un&#8217;azienda agricola&#8221; di Tomaso Pettazzi.<br \/>\nAlle ore 17 il recital spettacolo &#8220;Varedar indrio par andar avanti&#8221; con il cantautore bellunese Giorgio Fornasier e il poeta contadino Diego Stefani.<\/p>\n<p><strong>Il libro<\/strong><br \/>\n<a href=\"http:\/\/www.bellunopress.it\/fr\/2019\/12\/20\/domenica-pomeriggio-al-vejo-per-l80mo-della-fondazione-della-latteria-presentazione-del-libro-di-tomaso-pettazzi-e-il-recital-con-giorgio-fornasier-e-diego-stefani\/copertina-giulio-e-maria-un-amore-per-sempre-di-tomaso-pettazzi\/\" rel=\"attachment wp-att-110647\"><img loading=\"lazy\" decoding=\"async\" class=\"alignleft size-full wp-image-110647\" src=\"http:\/\/www.bellunopress.it\/wp-content\/uploads\/2019\/12\/copertina-Giulio-e-Maria-un-amore-per-sempre-di-Tomaso-Pettazzi.jpg\" alt=\"\" width=\"209\" height=\"300\" \/><\/a>Si tratta della storia dell&#8217;avventura nel Bellunese dei coniugi Giulio Campolongo e Maria Danieli, nonni materni dell&#8217;autore Tomaso Pettazzi. La coppia aveva una notevole differenza di et\u00e0, quasi vent&#8217;anni, lui era nato nel 1875, e lei nel 1893. Diversa era anchche la loro classe sociale di provenienza, Giulio era nobile, figlio di medici e antenati notai e abati di monasteri, mentre Maria era figlia di emigranti e per giunta anarchici. Giovanni e Maria s&#8217;incontrano per caso a Schio, si innamorano pazzamente e decidono di lasciare la cittadina per giungere a Belluno, citt\u00e0 che lui gi\u00e0 conosceva per lavoro. Qui acquistano una pasticceria che intorno al 1913\/14 trasformano in caffetteria (l&#8217;attuale caff\u00e8 Goppion in piazza dei Martiri). Poi acquistano una estesa propriet\u00e0 terriera a Nantei di Valpiana a Valmorel e dai primi anni &#8217;20 fondano una azienda agricola all&#8217;avanguardia per i tempi.<br \/>\n&#8220;La loro storia &#8211; racconta l&#8217;autore Tomaso Petrtazzi &#8211; si intreccia con quella della nostra citt\u00e0 e di suoi personaggi, dalla Grande Guerra, al primo dopoguerra, fino alla Seconda Guerra Mondiale, al secondo dopoguerra, per giungere agli anni &#8217;60, quando la campagna non rende pi\u00f9 ed \u00e8 praticamente abbandonata. In quei luoghi ho passato tutte le estati fino agli anni del Liceo. Nel libro racconto la storia dei Campolongo dal XII\u00b0 sec. fino ai giorni nostri, con l&#8217;aiuto di documenti, foto da met\u00e0 &#8216;800, oggetti di mobilio e quadri ritrovati nelle soffitte in Valpiana. Nonno Giulio fu tra i soci fondatori della Latteria di Valmorel che il 22 dicembre festeggia l&#8217;80\u00b0 anniversario. Da parte mia racconto le mie esperienze di bimbo e poi di ragazzo e giovane uomo, e l&#8217;entusiasmo che mi pervadeva in quell&#8217;ambiente bellissimo e che tale mi auguro rimanga&#8221;.<br \/>\n&#8220;Inoltre &#8211; prosegue Pettazzi &#8211; Valmorel negli anni &#8217;60 e &#8217;70 era un paese vitale e laborioso, che dopo il Vajont per\u00f2 ha avuto un deperimento inglorioso. Ora, grazie al lavoro encomiabile del Comitato frazionale e all&#8217;attivit\u00e0 quasi unica in loco della latteria turnaria che lavora solo latte crudo, c&#8217;\u00e8 un rifiorire di vita non tanto economica, quanto di piccolo turismo, che riconosce la bellezza del paesaggio, incontaminato e conservato proprio grazie alla presenza di numerosi allevatori che ancora conferiscono il latte alla latteria&#8221;.<\/p>","protected":false},"excerpt":{"rendered":"<p>Domenica 22 dicembre alla Latteria sociale e turnaria di Valmorel (Limana), si terranno le iniziative per l&#8217;Ottantesimo anniversario della fondazione della Latteria. Alle ore 15.30 avr\u00e0 luogo la presentazipone del libro &#8220;Giulio e Maria, un amore per sempre. Storia centenaria di un caff\u00e8 e di un&#8217;azienda agricola&#8221; di Tomaso Pettazzi. Alle ore 17 il recital [&hellip;]<\/p>\n","protected":false},"author":2,"featured_media":0,"comment_status":"closed","ping_status":"open","sticky":false,"template":"","format":"standard","meta":{"footnotes":""},"categories":[27,3,25],"tags":[],"class_list":["post-110646","post","type-post","status-publish","format-standard","category-appuntamenti","category-arte-cultura-spettacoli-scienza-archivi","category-pausa-caffe"],"yoast_head":"<!-- This site is optimized with the Yoast SEO plugin v28.4 - https:\/\/yoast.com\/product\/yoast-seo-wordpress\/ -->\n<title>Domenica pomeriggio al Vejo per l&#039;80mo della fondazione della latteria. Presentazione del libro di Tomaso Pettazzi e il recital con Giorgio Fornasier e Diego Stefani - Bellunopress - Dolomiti<\/title>\n<meta name=\"robots\" content=\"index, follow, max-snippet:-1, max-image-preview:large, max-video-preview:-1\" \/>\n<link rel=\"canonical\" href=\"https:\/\/www.bellunopress.it\/fr\/2019\/12\/20\/domenica-pomeriggio-al-vejo-per-l80mo-della-fondazione-della-latteria-presentazione-del-libro-di-tomaso-pettazzi-e-il-recital-con-giorgio-fornasier-e-diego-stefani\/\" \/>\n<meta property=\"og:locale\" content=\"fr_FR\" \/>\n<meta property=\"og:type\" content=\"article\" \/>\n<meta property=\"og:title\" content=\"Domenica pomeriggio al Vejo per l&#039;80mo della fondazione della latteria. Presentazione del libro di Tomaso Pettazzi e il recital con Giorgio Fornasier e Diego Stefani - Bellunopress - Dolomiti\" \/>\n<meta property=\"og:description\" content=\"Domenica 22 dicembre alla Latteria sociale e turnaria di Valmorel (Limana), si terranno le iniziative per l&#8217;Ottantesimo anniversario della fondazione della Latteria. Alle ore 15.30 avr\u00e0 luogo la presentazipone del libro &#8220;Giulio e Maria, un amore per sempre. Storia centenaria di un caff\u00e8 e di un&#8217;azienda agricola&#8221; di Tomaso Pettazzi. Alle ore 17 il recital [&hellip;]\" \/>\n<meta property=\"og:url\" content=\"https:\/\/www.bellunopress.it\/fr\/2019\/12\/20\/domenica-pomeriggio-al-vejo-per-l80mo-della-fondazione-della-latteria-presentazione-del-libro-di-tomaso-pettazzi-e-il-recital-con-giorgio-fornasier-e-diego-stefani\/\" \/>\n<meta property=\"og:site_name\" content=\"Bellunopress - Dolomiti\" \/>\n<meta property=\"article:publisher\" content=\"https:\/\/www.facebook.com\/profile.php?id=100008943462799\" \/>\n<meta property=\"article:published_time\" content=\"2019-12-20T16:35:14+00:00\" \/>\n<meta property=\"article:modified_time\" content=\"2019-12-20T16:35:15+00:00\" \/>\n<meta property=\"og:image\" content=\"http:\/\/www.bellunopress.it\/wp-content\/uploads\/2019\/12\/copertina-Giulio-e-Maria-un-amore-per-sempre-di-Tomaso-Pettazzi.jpg\" \/>\n<meta name=\"author\" content=\"redazione\" \/>\n<meta name=\"twitter:card\" content=\"summary_large_image\" \/>\n<meta name=\"twitter:creator\" content=\"@bellunopress\" \/>\n<meta name=\"twitter:site\" content=\"@bellunopress\" \/>\n<meta name=\"twitter:label1\" content=\"Written by\" \/>\n\t<meta name=\"twitter:data1\" content=\"redazione\" \/>\n\t<meta name=\"twitter:label2\" content=\"Est. reading time\" \/>\n\t<meta name=\"twitter:data2\" content=\"2 minutes\" \/>\n<script type=\"application\/ld+json\" class=\"yoast-schema-graph\">{\"@context\":\"https:\\\/\\\/schema.org\",\"@graph\":[{\"@type\":\"Article\",\"@id\":\"https:\\\/\\\/www.bellunopress.it\\\/2019\\\/12\\\/20\\\/domenica-pomeriggio-al-vejo-per-l80mo-della-fondazione-della-latteria-presentazione-del-libro-di-tomaso-pettazzi-e-il-recital-con-giorgio-fornasier-e-diego-stefani\\\/#article\",\"isPartOf\":{\"@id\":\"https:\\\/\\\/www.bellunopress.it\\\/2019\\\/12\\\/20\\\/domenica-pomeriggio-al-vejo-per-l80mo-della-fondazione-della-latteria-presentazione-del-libro-di-tomaso-pettazzi-e-il-recital-con-giorgio-fornasier-e-diego-stefani\\\/\"},\"author\":{\"name\":\"redazione\",\"@id\":\"https:\\\/\\\/www.bellunopress.it\\\/#\\\/schema\\\/person\\\/79bb06722b37ece1c03d3e94beb30d73\"},\"headline\":\"Domenica pomeriggio al Vejo per l&#8217;80mo della fondazione della latteria. Presentazione del libro di Tomaso Pettazzi e il recital con Giorgio Fornasier e Diego Stefani\",\"datePublished\":\"2019-12-20T16:35:14+00:00\",\"dateModified\":\"2019-12-20T16:35:15+00:00\",\"mainEntityOfPage\":{\"@id\":\"https:\\\/\\\/www.bellunopress.it\\\/2019\\\/12\\\/20\\\/domenica-pomeriggio-al-vejo-per-l80mo-della-fondazione-della-latteria-presentazione-del-libro-di-tomaso-pettazzi-e-il-recital-con-giorgio-fornasier-e-diego-stefani\\\/\"},\"wordCount\":468,\"publisher\":{\"@id\":\"https:\\\/\\\/www.bellunopress.it\\\/#organization\"},\"image\":{\"@id\":\"https:\\\/\\\/www.bellunopress.it\\\/2019\\\/12\\\/20\\\/domenica-pomeriggio-al-vejo-per-l80mo-della-fondazione-della-latteria-presentazione-del-libro-di-tomaso-pettazzi-e-il-recital-con-giorgio-fornasier-e-diego-stefani\\\/#primaryimage\"},\"thumbnailUrl\":\"http:\\\/\\\/www.bellunopress.it\\\/wp-content\\\/uploads\\\/2019\\\/12\\\/copertina-Giulio-e-Maria-un-amore-per-sempre-di-Tomaso-Pettazzi.jpg\",\"articleSection\":[\"Appuntamenti, Eventi\",\"Arte, Cultura, Spettacoli, Scienza\",\"Pausa Caff\u00e8\"],\"inLanguage\":\"fr-FR\"},{\"@type\":\"WebPage\",\"@id\":\"https:\\\/\\\/www.bellunopress.it\\\/2019\\\/12\\\/20\\\/domenica-pomeriggio-al-vejo-per-l80mo-della-fondazione-della-latteria-presentazione-del-libro-di-tomaso-pettazzi-e-il-recital-con-giorgio-fornasier-e-diego-stefani\\\/\",\"url\":\"https:\\\/\\\/www.bellunopress.it\\\/2019\\\/12\\\/20\\\/domenica-pomeriggio-al-vejo-per-l80mo-della-fondazione-della-latteria-presentazione-del-libro-di-tomaso-pettazzi-e-il-recital-con-giorgio-fornasier-e-diego-stefani\\\/\",\"name\":\"Domenica pomeriggio al Vejo per l'80mo della fondazione della latteria. Presentazione del libro di Tomaso Pettazzi e il recital con Giorgio Fornasier e Diego Stefani - Bellunopress - Dolomiti\",\"isPartOf\":{\"@id\":\"https:\\\/\\\/www.bellunopress.it\\\/#website\"},\"primaryImageOfPage\":{\"@id\":\"https:\\\/\\\/www.bellunopress.it\\\/2019\\\/12\\\/20\\\/domenica-pomeriggio-al-vejo-per-l80mo-della-fondazione-della-latteria-presentazione-del-libro-di-tomaso-pettazzi-e-il-recital-con-giorgio-fornasier-e-diego-stefani\\\/#primaryimage\"},\"image\":{\"@id\":\"https:\\\/\\\/www.bellunopress.it\\\/2019\\\/12\\\/20\\\/domenica-pomeriggio-al-vejo-per-l80mo-della-fondazione-della-latteria-presentazione-del-libro-di-tomaso-pettazzi-e-il-recital-con-giorgio-fornasier-e-diego-stefani\\\/#primaryimage\"},\"thumbnailUrl\":\"http:\\\/\\\/www.bellunopress.it\\\/wp-content\\\/uploads\\\/2019\\\/12\\\/copertina-Giulio-e-Maria-un-amore-per-sempre-di-Tomaso-Pettazzi.jpg\",\"datePublished\":\"2019-12-20T16:35:14+00:00\",\"dateModified\":\"2019-12-20T16:35:15+00:00\",\"breadcrumb\":{\"@id\":\"https:\\\/\\\/www.bellunopress.it\\\/2019\\\/12\\\/20\\\/domenica-pomeriggio-al-vejo-per-l80mo-della-fondazione-della-latteria-presentazione-del-libro-di-tomaso-pettazzi-e-il-recital-con-giorgio-fornasier-e-diego-stefani\\\/#breadcrumb\"},\"inLanguage\":\"fr-FR\",\"potentialAction\":[{\"@type\":\"ReadAction\",\"target\":[\"https:\\\/\\\/www.bellunopress.it\\\/2019\\\/12\\\/20\\\/domenica-pomeriggio-al-vejo-per-l80mo-della-fondazione-della-latteria-presentazione-del-libro-di-tomaso-pettazzi-e-il-recital-con-giorgio-fornasier-e-diego-stefani\\\/\"]}]},{\"@type\":\"ImageObject\",\"inLanguage\":\"fr-FR\",\"@id\":\"https:\\\/\\\/www.bellunopress.it\\\/2019\\\/12\\\/20\\\/domenica-pomeriggio-al-vejo-per-l80mo-della-fondazione-della-latteria-presentazione-del-libro-di-tomaso-pettazzi-e-il-recital-con-giorgio-fornasier-e-diego-stefani\\\/#primaryimage\",\"url\":\"http:\\\/\\\/www.bellunopress.it\\\/wp-content\\\/uploads\\\/2019\\\/12\\\/copertina-Giulio-e-Maria-un-amore-per-sempre-di-Tomaso-Pettazzi.jpg\",\"contentUrl\":\"http:\\\/\\\/www.bellunopress.it\\\/wp-content\\\/uploads\\\/2019\\\/12\\\/copertina-Giulio-e-Maria-un-amore-per-sempre-di-Tomaso-Pettazzi.jpg\"},{\"@type\":\"BreadcrumbList\",\"@id\":\"https:\\\/\\\/www.bellunopress.it\\\/2019\\\/12\\\/20\\\/domenica-pomeriggio-al-vejo-per-l80mo-della-fondazione-della-latteria-presentazione-del-libro-di-tomaso-pettazzi-e-il-recital-con-giorgio-fornasier-e-diego-stefani\\\/#breadcrumb\",\"itemListElement\":[{\"@type\":\"ListItem\",\"position\":1,\"name\":\"Home\",\"item\":\"https:\\\/\\\/www.bellunopress.it\\\/\"},{\"@type\":\"ListItem\",\"position\":2,\"name\":\"Domenica pomeriggio al Vejo per l&#8217;80mo della fondazione della latteria. Presentazione del libro di Tomaso Pettazzi e il recital con Giorgio Fornasier e Diego Stefani\"}]},{\"@type\":\"WebSite\",\"@id\":\"https:\\\/\\\/www.bellunopress.it\\\/#website\",\"url\":\"https:\\\/\\\/www.bellunopress.it\\\/\",\"name\":\"Bellunopress - Dolomiti\",\"description\":\"e-mail: redazione@bellunopress.it\",\"publisher\":{\"@id\":\"https:\\\/\\\/www.bellunopress.it\\\/#organization\"},\"potentialAction\":[{\"@type\":\"SearchAction\",\"target\":{\"@type\":\"EntryPoint\",\"urlTemplate\":\"https:\\\/\\\/www.bellunopress.it\\\/?s={search_term_string}\"},\"query-input\":{\"@type\":\"PropertyValueSpecification\",\"valueRequired\":true,\"valueName\":\"search_term_string\"}}],\"inLanguage\":\"fr-FR\"},{\"@type\":\"Organization\",\"@id\":\"https:\\\/\\\/www.bellunopress.it\\\/#organization\",\"name\":\"Bellunopress\",\"url\":\"https:\\\/\\\/www.bellunopress.it\\\/\",\"logo\":{\"@type\":\"ImageObject\",\"inLanguage\":\"fr-FR\",\"@id\":\"https:\\\/\\\/www.bellunopress.it\\\/#\\\/schema\\\/logo\\\/image\\\/\",\"url\":\"https:\\\/\\\/www.bellunopress.it\\\/wp-content\\\/uploads\\\/2011\\\/05\\\/cropped-logo-bellunopress-.jpg\",\"contentUrl\":\"https:\\\/\\\/www.bellunopress.it\\\/wp-content\\\/uploads\\\/2011\\\/05\\\/cropped-logo-bellunopress-.jpg\",\"width\":512,\"height\":512,\"caption\":\"Bellunopress\"},\"image\":{\"@id\":\"https:\\\/\\\/www.bellunopress.it\\\/#\\\/schema\\\/logo\\\/image\\\/\"},\"sameAs\":[\"https:\\\/\\\/www.facebook.com\\\/profile.php?id=100008943462799\",\"https:\\\/\\\/x.com\\\/bellunopress\",\"https:\\\/\\\/www.linkedin.com\\\/hp\\\/?dnr=JBzUWaJfMUw8vbXJJ2tVW5-I3jZKvC4wsoxE&amp;amp;amp;amp;amp;amp;trk=nav_responsive_tab_home\",\"https:\\\/\\\/www.youtube.com\\\/channel\\\/UCxL0wu1uN0_3_7hGG0306cw\"]},{\"@type\":\"Person\",\"@id\":\"https:\\\/\\\/www.bellunopress.it\\\/#\\\/schema\\\/person\\\/79bb06722b37ece1c03d3e94beb30d73\",\"name\":\"redazione\",\"image\":{\"@type\":\"ImageObject\",\"inLanguage\":\"fr-FR\",\"@id\":\"https:\\\/\\\/secure.gravatar.com\\\/avatar\\\/37d968a2e67a6fd04c169c4bdef102d0bc5d31b2546345219e348575eb80e9a0?s=96&d=mm&r=g\",\"url\":\"https:\\\/\\\/secure.gravatar.com\\\/avatar\\\/37d968a2e67a6fd04c169c4bdef102d0bc5d31b2546345219e348575eb80e9a0?s=96&d=mm&r=g\",\"contentUrl\":\"https:\\\/\\\/secure.gravatar.com\\\/avatar\\\/37d968a2e67a6fd04c169c4bdef102d0bc5d31b2546345219e348575eb80e9a0?s=96&d=mm&r=g\",\"caption\":\"redazione\"},\"sameAs\":[\"http:\\\/\\\/www.bellunopress.it\",\"https:\\\/\\\/x.com\\\/bellunopress\"],\"url\":\"https:\\\/\\\/www.bellunopress.it\\\/fr\\\/author\\\/redazione\\\/\"}]}<\/script>\n<!-- \/ Yoast SEO plugin. -->","yoast_head_json":{"title":"Domenica pomeriggio al Vejo per l'80mo della fondazione della latteria. Presentazione del libro di Tomaso Pettazzi e il recital con Giorgio Fornasier e Diego Stefani - Bellunopress - Dolomiti","robots":{"index":"index","follow":"follow","max-snippet":"max-snippet:-1","max-image-preview":"max-image-preview:large","max-video-preview":"max-video-preview:-1"},"canonical":"https:\/\/www.bellunopress.it\/fr\/2019\/12\/20\/domenica-pomeriggio-al-vejo-per-l80mo-della-fondazione-della-latteria-presentazione-del-libro-di-tomaso-pettazzi-e-il-recital-con-giorgio-fornasier-e-diego-stefani\/","og_locale":"fr_FR","og_type":"article","og_title":"Domenica pomeriggio al Vejo per l'80mo della fondazione della latteria. Presentazione del libro di Tomaso Pettazzi e il recital con Giorgio Fornasier e Diego Stefani - Bellunopress - Dolomiti","og_description":"Domenica 22 dicembre alla Latteria sociale e turnaria di Valmorel (Limana), si terranno le iniziative per l&#8217;Ottantesimo anniversario della fondazione della Latteria. Alle ore 15.30 avr\u00e0 luogo la presentazipone del libro &#8220;Giulio e Maria, un amore per sempre. Storia centenaria di un caff\u00e8 e di un&#8217;azienda agricola&#8221; di Tomaso Pettazzi. Alle ore 17 il recital [&hellip;]","og_url":"https:\/\/www.bellunopress.it\/fr\/2019\/12\/20\/domenica-pomeriggio-al-vejo-per-l80mo-della-fondazione-della-latteria-presentazione-del-libro-di-tomaso-pettazzi-e-il-recital-con-giorgio-fornasier-e-diego-stefani\/","og_site_name":"Bellunopress - Dolomiti","article_publisher":"https:\/\/www.facebook.com\/profile.php?id=100008943462799","article_published_time":"2019-12-20T16:35:14+00:00","article_modified_time":"2019-12-20T16:35:15+00:00","og_image":[{"url":"http:\/\/www.bellunopress.it\/wp-content\/uploads\/2019\/12\/copertina-Giulio-e-Maria-un-amore-per-sempre-di-Tomaso-Pettazzi.jpg","type":"","width":"","height":""}],"author":"redazione","twitter_card":"summary_large_image","twitter_creator":"@bellunopress","twitter_site":"@bellunopress","twitter_misc":{"Written by":"redazione","Est. reading time":"2 minutes"},"schema":{"@context":"https:\/\/schema.org","@graph":[{"@type":"Article","@id":"https:\/\/www.bellunopress.it\/2019\/12\/20\/domenica-pomeriggio-al-vejo-per-l80mo-della-fondazione-della-latteria-presentazione-del-libro-di-tomaso-pettazzi-e-il-recital-con-giorgio-fornasier-e-diego-stefani\/#article","isPartOf":{"@id":"https:\/\/www.bellunopress.it\/2019\/12\/20\/domenica-pomeriggio-al-vejo-per-l80mo-della-fondazione-della-latteria-presentazione-del-libro-di-tomaso-pettazzi-e-il-recital-con-giorgio-fornasier-e-diego-stefani\/"},"author":{"name":"redazione","@id":"https:\/\/www.bellunopress.it\/#\/schema\/person\/79bb06722b37ece1c03d3e94beb30d73"},"headline":"Domenica pomeriggio al Vejo per l&#8217;80mo della fondazione della latteria. Presentazione del libro di Tomaso Pettazzi e il recital con Giorgio Fornasier e Diego Stefani","datePublished":"2019-12-20T16:35:14+00:00","dateModified":"2019-12-20T16:35:15+00:00","mainEntityOfPage":{"@id":"https:\/\/www.bellunopress.it\/2019\/12\/20\/domenica-pomeriggio-al-vejo-per-l80mo-della-fondazione-della-latteria-presentazione-del-libro-di-tomaso-pettazzi-e-il-recital-con-giorgio-fornasier-e-diego-stefani\/"},"wordCount":468,"publisher":{"@id":"https:\/\/www.bellunopress.it\/#organization"},"image":{"@id":"https:\/\/www.bellunopress.it\/2019\/12\/20\/domenica-pomeriggio-al-vejo-per-l80mo-della-fondazione-della-latteria-presentazione-del-libro-di-tomaso-pettazzi-e-il-recital-con-giorgio-fornasier-e-diego-stefani\/#primaryimage"},"thumbnailUrl":"http:\/\/www.bellunopress.it\/wp-content\/uploads\/2019\/12\/copertina-Giulio-e-Maria-un-amore-per-sempre-di-Tomaso-Pettazzi.jpg","articleSection":["Appuntamenti, Eventi","Arte, Cultura, Spettacoli, Scienza","Pausa Caff\u00e8"],"inLanguage":"fr-FR"},{"@type":"WebPage","@id":"https:\/\/www.bellunopress.it\/2019\/12\/20\/domenica-pomeriggio-al-vejo-per-l80mo-della-fondazione-della-latteria-presentazione-del-libro-di-tomaso-pettazzi-e-il-recital-con-giorgio-fornasier-e-diego-stefani\/","url":"https:\/\/www.bellunopress.it\/2019\/12\/20\/domenica-pomeriggio-al-vejo-per-l80mo-della-fondazione-della-latteria-presentazione-del-libro-di-tomaso-pettazzi-e-il-recital-con-giorgio-fornasier-e-diego-stefani\/","name":"Domenica pomeriggio al Vejo per l'80mo della fondazione della latteria. Presentazione del libro di Tomaso Pettazzi e il recital con Giorgio Fornasier e Diego Stefani - Bellunopress - Dolomiti","isPartOf":{"@id":"https:\/\/www.bellunopress.it\/#website"},"primaryImageOfPage":{"@id":"https:\/\/www.bellunopress.it\/2019\/12\/20\/domenica-pomeriggio-al-vejo-per-l80mo-della-fondazione-della-latteria-presentazione-del-libro-di-tomaso-pettazzi-e-il-recital-con-giorgio-fornasier-e-diego-stefani\/#primaryimage"},"image":{"@id":"https:\/\/www.bellunopress.it\/2019\/12\/20\/domenica-pomeriggio-al-vejo-per-l80mo-della-fondazione-della-latteria-presentazione-del-libro-di-tomaso-pettazzi-e-il-recital-con-giorgio-fornasier-e-diego-stefani\/#primaryimage"},"thumbnailUrl":"http:\/\/www.bellunopress.it\/wp-content\/uploads\/2019\/12\/copertina-Giulio-e-Maria-un-amore-per-sempre-di-Tomaso-Pettazzi.jpg","datePublished":"2019-12-20T16:35:14+00:00","dateModified":"2019-12-20T16:35:15+00:00","breadcrumb":{"@id":"https:\/\/www.bellunopress.it\/2019\/12\/20\/domenica-pomeriggio-al-vejo-per-l80mo-della-fondazione-della-latteria-presentazione-del-libro-di-tomaso-pettazzi-e-il-recital-con-giorgio-fornasier-e-diego-stefani\/#breadcrumb"},"inLanguage":"fr-FR","potentialAction":[{"@type":"ReadAction","target":["https:\/\/www.bellunopress.it\/2019\/12\/20\/domenica-pomeriggio-al-vejo-per-l80mo-della-fondazione-della-latteria-presentazione-del-libro-di-tomaso-pettazzi-e-il-recital-con-giorgio-fornasier-e-diego-stefani\/"]}]},{"@type":"ImageObject","inLanguage":"fr-FR","@id":"https:\/\/www.bellunopress.it\/2019\/12\/20\/domenica-pomeriggio-al-vejo-per-l80mo-della-fondazione-della-latteria-presentazione-del-libro-di-tomaso-pettazzi-e-il-recital-con-giorgio-fornasier-e-diego-stefani\/#primaryimage","url":"http:\/\/www.bellunopress.it\/wp-content\/uploads\/2019\/12\/copertina-Giulio-e-Maria-un-amore-per-sempre-di-Tomaso-Pettazzi.jpg","contentUrl":"http:\/\/www.bellunopress.it\/wp-content\/uploads\/2019\/12\/copertina-Giulio-e-Maria-un-amore-per-sempre-di-Tomaso-Pettazzi.jpg"},{"@type":"BreadcrumbList","@id":"https:\/\/www.bellunopress.it\/2019\/12\/20\/domenica-pomeriggio-al-vejo-per-l80mo-della-fondazione-della-latteria-presentazione-del-libro-di-tomaso-pettazzi-e-il-recital-con-giorgio-fornasier-e-diego-stefani\/#breadcrumb","itemListElement":[{"@type":"ListItem","position":1,"name":"Home","item":"https:\/\/www.bellunopress.it\/"},{"@type":"ListItem","position":2,"name":"Domenica pomeriggio al Vejo per l&#8217;80mo della fondazione della latteria. Presentazione del libro di Tomaso Pettazzi e il recital con Giorgio Fornasier e Diego Stefani"}]},{"@type":"WebSite","@id":"https:\/\/www.bellunopress.it\/#website","url":"https:\/\/www.bellunopress.it\/","name":"Bellunopress - Dolomiti","description":"e-mail: redazione@bellunopress.it","publisher":{"@id":"https:\/\/www.bellunopress.it\/#organization"},"potentialAction":[{"@type":"SearchAction","target":{"@type":"EntryPoint","urlTemplate":"https:\/\/www.bellunopress.it\/?s={search_term_string}"},"query-input":{"@type":"PropertyValueSpecification","valueRequired":true,"valueName":"search_term_string"}}],"inLanguage":"fr-FR"},{"@type":"Organization","@id":"https:\/\/www.bellunopress.it\/#organization","name":"Bellunopress","url":"https:\/\/www.bellunopress.it\/","logo":{"@type":"ImageObject","inLanguage":"fr-FR","@id":"https:\/\/www.bellunopress.it\/#\/schema\/logo\/image\/","url":"https:\/\/www.bellunopress.it\/wp-content\/uploads\/2011\/05\/cropped-logo-bellunopress-.jpg","contentUrl":"https:\/\/www.bellunopress.it\/wp-content\/uploads\/2011\/05\/cropped-logo-bellunopress-.jpg","width":512,"height":512,"caption":"Bellunopress"},"image":{"@id":"https:\/\/www.bellunopress.it\/#\/schema\/logo\/image\/"},"sameAs":["https:\/\/www.facebook.com\/profile.php?id=100008943462799","https:\/\/x.com\/bellunopress","https:\/\/www.linkedin.com\/hp\/?dnr=JBzUWaJfMUw8vbXJJ2tVW5-I3jZKvC4wsoxE&amp;amp;amp;amp;amp;amp;trk=nav_responsive_tab_home","https:\/\/www.youtube.com\/channel\/UCxL0wu1uN0_3_7hGG0306cw"]},{"@type":"Person","@id":"https:\/\/www.bellunopress.it\/#\/schema\/person\/79bb06722b37ece1c03d3e94beb30d73","name":"r\u00e9daction","image":{"@type":"ImageObject","inLanguage":"fr-FR","@id":"https:\/\/secure.gravatar.com\/avatar\/37d968a2e67a6fd04c169c4bdef102d0bc5d31b2546345219e348575eb80e9a0?s=96&d=mm&r=g","url":"https:\/\/secure.gravatar.com\/avatar\/37d968a2e67a6fd04c169c4bdef102d0bc5d31b2546345219e348575eb80e9a0?s=96&d=mm&r=g","contentUrl":"https:\/\/secure.gravatar.com\/avatar\/37d968a2e67a6fd04c169c4bdef102d0bc5d31b2546345219e348575eb80e9a0?s=96&d=mm&r=g","caption":"redazione"},"sameAs":["http:\/\/www.bellunopress.it","https:\/\/x.com\/bellunopress"],"url":"https:\/\/www.bellunopress.it\/fr\/author\/redazione\/"}]}},"_links":{"self":[{"href":"https:\/\/www.bellunopress.it\/fr\/wp-json\/wp\/v2\/posts\/110646","targetHints":{"allow":["GET"]}}],"collection":[{"href":"https:\/\/www.bellunopress.it\/fr\/wp-json\/wp\/v2\/posts"}],"about":[{"href":"https:\/\/www.bellunopress.it\/fr\/wp-json\/wp\/v2\/types\/post"}],"author":[{"embeddable":true,"href":"https:\/\/www.bellunopress.it\/fr\/wp-json\/wp\/v2\/users\/2"}],"replies":[{"embeddable":true,"href":"https:\/\/www.bellunopress.it\/fr\/wp-json\/wp\/v2\/comments?post=110646"}],"version-history":[{"count":2,"href":"https:\/\/www.bellunopress.it\/fr\/wp-json\/wp\/v2\/posts\/110646\/revisions"}],"predecessor-version":[{"id":110649,"href":"https:\/\/www.bellunopress.it\/fr\/wp-json\/wp\/v2\/posts\/110646\/revisions\/110649"}],"wp:attachment":[{"href":"https:\/\/www.bellunopress.it\/fr\/wp-json\/wp\/v2\/media?parent=110646"}],"wp:term":[{"taxonomy":"category","embeddable":true,"href":"https:\/\/www.bellunopress.it\/fr\/wp-json\/wp\/v2\/categories?post=110646"},{"taxonomy":"post_tag","embeddable":true,"href":"https:\/\/www.bellunopress.it\/fr\/wp-json\/wp\/v2\/tags?post=110646"}],"curies":[{"name":"wp","href":"https:\/\/api.w.org\/{rel}","templated":true}]}}