{"id":110642,"date":"2019-12-20T12:51:41","date_gmt":"2019-12-20T11:51:41","guid":{"rendered":"http:\/\/www.bellunopress.it\/?p=110642"},"modified":"2019-12-20T16:59:53","modified_gmt":"2019-12-20T15:59:53","slug":"la-thelios-di-longarone-guarda-al-sociale-e-allambiente","status":"publish","type":"post","link":"https:\/\/www.bellunopress.it\/fr\/2019\/12\/20\/la-thelios-di-longarone-guarda-al-sociale-e-allambiente\/","title":{"rendered":"La Th\u00e9lios di Longarone guarda al sociale e all&#8217;ambiente"},"content":{"rendered":"<p><a href=\"http:\/\/www.bellunopress.it\/fr\/2019\/12\/20\/la-thelios-di-longarone-guarda-al-sociale-e-allambiente\/thelios-intervento-g-zoppas_20-12\/\" rel=\"attachment wp-att-110643\"><img loading=\"lazy\" decoding=\"async\" class=\"alignleft size-full wp-image-110643\" src=\"http:\/\/www.bellunopress.it\/wp-content\/uploads\/2019\/12\/Th\u00e9lios-Intervento-G.Zoppas_20.12.jpg\" alt=\"\" width=\"300\" height=\"216\" \/><\/a>Longarone, 20 dicembre 2019\u00a0 &#8211;\u00a0 In occasione delle festivit\u00e0 Natalizie l\u2019azienda ha dedicato l\u2019ultimo giorno pre-ferie a una sessione di lavoro di squadra formativo sulla conoscenza e interiorizzazione dei valori aziendali, questo \u00e8 stato reso possibile grazie all\u2019investimento dei fondi formativi aziendali anche legati al protocollo Regione Veneto \u2013 ANFAO FSE, all\u2019ente formativo Certottica che ha coordinato bando e Dof che ha erogato la formazione ad appannaggio di tutte le 360 persone dell\u2019Azienda che si sono riunite per un momento di condivisione, riflessione e formazione che potesse essere patrimonio di tutti.<\/p>\n<p>La giornata si \u00e8 svolta presso il Palazzetto dello Sport di Longarone dove nello spazio della palestra tutti assieme si \u00e8 discusso, ci si \u00e8 conosciuti meglio anche grazie alla tecnica del \u2018Teatro d\u2019Impresa\u2019 e si \u00e8 dato spazio alla creativit\u00e0 delle varie anime di Th\u00e9lios e delle sue persone in un momento ludico volto a dipingere i valori aziendali e ad imprimere cos\u00ec la loro interpretazione.<\/p>\n<p>Questa giovane azienda perpetua grazie al suo sistema valoriale anche la campagna di sensibilizzazione verso i temi del sociale e dell\u2019ambiente, in occasione del Natale si \u00e8 deciso infatti di destinare parte dei budget, originariamente pensati per dei regali di Natale, alla causa di un\u2019associazione locale che lotta contro la violenza sulle donne e con il risparmio figurativo calcolato di Co2, a seguito dell\u2019implementazione del carpooling aziendale, di dotare tutti i dipendenti di una borraccia che possa sostituire il quotidiano utilizzo delle bottiglie di plastica.<\/p>","protected":false},"excerpt":{"rendered":"<p>Longarone, 20 dicembre 2019\u00a0 &#8211;\u00a0 In occasione delle festivit\u00e0 Natalizie l\u2019azienda ha dedicato l\u2019ultimo giorno pre-ferie a una sessione di lavoro di squadra formativo sulla conoscenza e interiorizzazione dei valori aziendali, questo \u00e8 stato reso possibile grazie all\u2019investimento dei fondi formativi aziendali anche legati al protocollo Regione Veneto \u2013 ANFAO FSE, all\u2019ente formativo Certottica che [&hellip;]<\/p>\n","protected":false},"author":2,"featured_media":0,"comment_status":"closed","ping_status":"open","sticky":false,"template":"","format":"standard","meta":{"footnotes":""},"categories":[36,26],"tags":[],"class_list":["post-110642","post","type-post","status-publish","format-standard","category-lavoro-economia","category-prima-pagina"],"yoast_head":"<!-- This site is optimized with the Yoast SEO plugin v28.4 - https:\/\/yoast.com\/product\/yoast-seo-wordpress\/ -->\n<title>La Th\u00e9lios di Longarone guarda al sociale e all&#039;ambiente - Bellunopress - Dolomiti<\/title>\n<meta name=\"robots\" content=\"index, follow, max-snippet:-1, max-image-preview:large, max-video-preview:-1\" \/>\n<link rel=\"canonical\" href=\"https:\/\/www.bellunopress.it\/fr\/2019\/12\/20\/la-thelios-di-longarone-guarda-al-sociale-e-allambiente\/\" \/>\n<meta property=\"og:locale\" content=\"fr_FR\" \/>\n<meta property=\"og:type\" content=\"article\" \/>\n<meta property=\"og:title\" content=\"La Th\u00e9lios di Longarone guarda al sociale e all&#039;ambiente - Bellunopress - Dolomiti\" \/>\n<meta property=\"og:description\" content=\"Longarone, 20 dicembre 2019\u00a0 &#8211;\u00a0 In occasione delle festivit\u00e0 Natalizie l\u2019azienda ha dedicato l\u2019ultimo giorno pre-ferie a una sessione di lavoro di squadra formativo sulla conoscenza e interiorizzazione dei valori aziendali, questo \u00e8 stato reso possibile grazie all\u2019investimento dei fondi formativi aziendali anche legati al protocollo Regione Veneto \u2013 ANFAO FSE, all\u2019ente formativo Certottica che [&hellip;]\" \/>\n<meta property=\"og:url\" content=\"https:\/\/www.bellunopress.it\/fr\/2019\/12\/20\/la-thelios-di-longarone-guarda-al-sociale-e-allambiente\/\" \/>\n<meta property=\"og:site_name\" content=\"Bellunopress - Dolomiti\" \/>\n<meta property=\"article:publisher\" content=\"https:\/\/www.facebook.com\/profile.php?id=100008943462799\" \/>\n<meta property=\"article:published_time\" content=\"2019-12-20T11:51:41+00:00\" \/>\n<meta property=\"article:modified_time\" content=\"2019-12-20T15:59:53+00:00\" \/>\n<meta property=\"og:image\" content=\"http:\/\/www.bellunopress.it\/wp-content\/uploads\/2019\/12\/Th\u00e9lios-Intervento-G.Zoppas_20.12.jpg\" \/>\n<meta name=\"author\" content=\"redazione\" \/>\n<meta name=\"twitter:card\" content=\"summary_large_image\" \/>\n<meta name=\"twitter:creator\" content=\"@bellunopress\" \/>\n<meta name=\"twitter:site\" content=\"@bellunopress\" \/>\n<meta name=\"twitter:label1\" content=\"\u00c9crit par\" \/>\n\t<meta name=\"twitter:data1\" content=\"redazione\" \/>\n\t<meta name=\"twitter:label2\" content=\"Dur\u00e9e de lecture estim\u00e9e\" \/>\n\t<meta name=\"twitter:data2\" content=\"1 minute\" \/>\n<script type=\"application\/ld+json\" class=\"yoast-schema-graph\">{\"@context\":\"https:\\\/\\\/schema.org\",\"@graph\":[{\"@type\":\"Article\",\"@id\":\"https:\\\/\\\/www.bellunopress.it\\\/2019\\\/12\\\/20\\\/la-thelios-di-longarone-guarda-al-sociale-e-allambiente\\\/#article\",\"isPartOf\":{\"@id\":\"https:\\\/\\\/www.bellunopress.it\\\/2019\\\/12\\\/20\\\/la-thelios-di-longarone-guarda-al-sociale-e-allambiente\\\/\"},\"author\":{\"name\":\"redazione\",\"@id\":\"https:\\\/\\\/www.bellunopress.it\\\/#\\\/schema\\\/person\\\/79bb06722b37ece1c03d3e94beb30d73\"},\"headline\":\"La Th\u00e9lios di Longarone guarda al sociale e all&#8217;ambiente\",\"datePublished\":\"2019-12-20T11:51:41+00:00\",\"dateModified\":\"2019-12-20T15:59:53+00:00\",\"mainEntityOfPage\":{\"@id\":\"https:\\\/\\\/www.bellunopress.it\\\/2019\\\/12\\\/20\\\/la-thelios-di-longarone-guarda-al-sociale-e-allambiente\\\/\"},\"wordCount\":254,\"publisher\":{\"@id\":\"https:\\\/\\\/www.bellunopress.it\\\/#organization\"},\"articleSection\":[\"Lavoro, Economia, Turismo\",\"Prima Pagina\"],\"inLanguage\":\"fr-FR\"},{\"@type\":\"WebPage\",\"@id\":\"https:\\\/\\\/www.bellunopress.it\\\/2019\\\/12\\\/20\\\/la-thelios-di-longarone-guarda-al-sociale-e-allambiente\\\/\",\"url\":\"https:\\\/\\\/www.bellunopress.it\\\/2019\\\/12\\\/20\\\/la-thelios-di-longarone-guarda-al-sociale-e-allambiente\\\/\",\"name\":\"La Th\u00e9lios di Longarone guarda al sociale e all'ambiente - Bellunopress - Dolomiti\",\"isPartOf\":{\"@id\":\"https:\\\/\\\/www.bellunopress.it\\\/#website\"},\"datePublished\":\"2019-12-20T11:51:41+00:00\",\"dateModified\":\"2019-12-20T15:59:53+00:00\",\"breadcrumb\":{\"@id\":\"https:\\\/\\\/www.bellunopress.it\\\/2019\\\/12\\\/20\\\/la-thelios-di-longarone-guarda-al-sociale-e-allambiente\\\/#breadcrumb\"},\"inLanguage\":\"fr-FR\",\"potentialAction\":[{\"@type\":\"ReadAction\",\"target\":[\"https:\\\/\\\/www.bellunopress.it\\\/2019\\\/12\\\/20\\\/la-thelios-di-longarone-guarda-al-sociale-e-allambiente\\\/\"]}]},{\"@type\":\"BreadcrumbList\",\"@id\":\"https:\\\/\\\/www.bellunopress.it\\\/2019\\\/12\\\/20\\\/la-thelios-di-longarone-guarda-al-sociale-e-allambiente\\\/#breadcrumb\",\"itemListElement\":[{\"@type\":\"ListItem\",\"position\":1,\"name\":\"Home\",\"item\":\"https:\\\/\\\/www.bellunopress.it\\\/\"},{\"@type\":\"ListItem\",\"position\":2,\"name\":\"La Th\u00e9lios di Longarone guarda al sociale e all&#8217;ambiente\"}]},{\"@type\":\"WebSite\",\"@id\":\"https:\\\/\\\/www.bellunopress.it\\\/#website\",\"url\":\"https:\\\/\\\/www.bellunopress.it\\\/\",\"name\":\"Bellunopress - Dolomiti\",\"description\":\"e-mail: redazione@bellunopress.it\",\"publisher\":{\"@id\":\"https:\\\/\\\/www.bellunopress.it\\\/#organization\"},\"potentialAction\":[{\"@type\":\"SearchAction\",\"target\":{\"@type\":\"EntryPoint\",\"urlTemplate\":\"https:\\\/\\\/www.bellunopress.it\\\/?s={search_term_string}\"},\"query-input\":{\"@type\":\"PropertyValueSpecification\",\"valueRequired\":true,\"valueName\":\"search_term_string\"}}],\"inLanguage\":\"fr-FR\"},{\"@type\":\"Organization\",\"@id\":\"https:\\\/\\\/www.bellunopress.it\\\/#organization\",\"name\":\"Bellunopress\",\"url\":\"https:\\\/\\\/www.bellunopress.it\\\/\",\"logo\":{\"@type\":\"ImageObject\",\"inLanguage\":\"fr-FR\",\"@id\":\"https:\\\/\\\/www.bellunopress.it\\\/#\\\/schema\\\/logo\\\/image\\\/\",\"url\":\"https:\\\/\\\/www.bellunopress.it\\\/wp-content\\\/uploads\\\/2011\\\/05\\\/cropped-logo-bellunopress-.jpg\",\"contentUrl\":\"https:\\\/\\\/www.bellunopress.it\\\/wp-content\\\/uploads\\\/2011\\\/05\\\/cropped-logo-bellunopress-.jpg\",\"width\":512,\"height\":512,\"caption\":\"Bellunopress\"},\"image\":{\"@id\":\"https:\\\/\\\/www.bellunopress.it\\\/#\\\/schema\\\/logo\\\/image\\\/\"},\"sameAs\":[\"https:\\\/\\\/www.facebook.com\\\/profile.php?id=100008943462799\",\"https:\\\/\\\/x.com\\\/bellunopress\",\"https:\\\/\\\/www.linkedin.com\\\/hp\\\/?dnr=JBzUWaJfMUw8vbXJJ2tVW5-I3jZKvC4wsoxE&amp;amp;amp;amp;amp;amp;trk=nav_responsive_tab_home\",\"https:\\\/\\\/www.youtube.com\\\/channel\\\/UCxL0wu1uN0_3_7hGG0306cw\"]},{\"@type\":\"Person\",\"@id\":\"https:\\\/\\\/www.bellunopress.it\\\/#\\\/schema\\\/person\\\/79bb06722b37ece1c03d3e94beb30d73\",\"name\":\"redazione\",\"image\":{\"@type\":\"ImageObject\",\"inLanguage\":\"fr-FR\",\"@id\":\"https:\\\/\\\/secure.gravatar.com\\\/avatar\\\/37d968a2e67a6fd04c169c4bdef102d0bc5d31b2546345219e348575eb80e9a0?s=96&d=mm&r=g\",\"url\":\"https:\\\/\\\/secure.gravatar.com\\\/avatar\\\/37d968a2e67a6fd04c169c4bdef102d0bc5d31b2546345219e348575eb80e9a0?s=96&d=mm&r=g\",\"contentUrl\":\"https:\\\/\\\/secure.gravatar.com\\\/avatar\\\/37d968a2e67a6fd04c169c4bdef102d0bc5d31b2546345219e348575eb80e9a0?s=96&d=mm&r=g\",\"caption\":\"redazione\"},\"sameAs\":[\"http:\\\/\\\/www.bellunopress.it\",\"https:\\\/\\\/x.com\\\/bellunopress\"],\"url\":\"https:\\\/\\\/www.bellunopress.it\\\/fr\\\/author\\\/redazione\\\/\"}]}<\/script>\n<!-- \/ Yoast SEO plugin. -->","yoast_head_json":{"title":"La Th\u00e9lios di Longarone guarda al sociale e all'ambiente - Bellunopress - Dolomiti","robots":{"index":"index","follow":"follow","max-snippet":"max-snippet:-1","max-image-preview":"max-image-preview:large","max-video-preview":"max-video-preview:-1"},"canonical":"https:\/\/www.bellunopress.it\/fr\/2019\/12\/20\/la-thelios-di-longarone-guarda-al-sociale-e-allambiente\/","og_locale":"fr_FR","og_type":"article","og_title":"La Th\u00e9lios di Longarone guarda al sociale e all'ambiente - Bellunopress - Dolomiti","og_description":"Longarone, 20 dicembre 2019\u00a0 &#8211;\u00a0 In occasione delle festivit\u00e0 Natalizie l\u2019azienda ha dedicato l\u2019ultimo giorno pre-ferie a una sessione di lavoro di squadra formativo sulla conoscenza e interiorizzazione dei valori aziendali, questo \u00e8 stato reso possibile grazie all\u2019investimento dei fondi formativi aziendali anche legati al protocollo Regione Veneto \u2013 ANFAO FSE, all\u2019ente formativo Certottica che [&hellip;]","og_url":"https:\/\/www.bellunopress.it\/fr\/2019\/12\/20\/la-thelios-di-longarone-guarda-al-sociale-e-allambiente\/","og_site_name":"Bellunopress - Dolomiti","article_publisher":"https:\/\/www.facebook.com\/profile.php?id=100008943462799","article_published_time":"2019-12-20T11:51:41+00:00","article_modified_time":"2019-12-20T15:59:53+00:00","og_image":[{"url":"http:\/\/www.bellunopress.it\/wp-content\/uploads\/2019\/12\/Th\u00e9lios-Intervento-G.Zoppas_20.12.jpg","type":"","width":"","height":""}],"author":"redazione","twitter_card":"summary_large_image","twitter_creator":"@bellunopress","twitter_site":"@bellunopress","twitter_misc":{"\u00c9crit par":"redazione","Dur\u00e9e de lecture estim\u00e9e":"1 minute"},"schema":{"@context":"https:\/\/schema.org","@graph":[{"@type":"Article","@id":"https:\/\/www.bellunopress.it\/2019\/12\/20\/la-thelios-di-longarone-guarda-al-sociale-e-allambiente\/#article","isPartOf":{"@id":"https:\/\/www.bellunopress.it\/2019\/12\/20\/la-thelios-di-longarone-guarda-al-sociale-e-allambiente\/"},"author":{"name":"redazione","@id":"https:\/\/www.bellunopress.it\/#\/schema\/person\/79bb06722b37ece1c03d3e94beb30d73"},"headline":"La Th\u00e9lios di Longarone guarda al sociale e all&#8217;ambiente","datePublished":"2019-12-20T11:51:41+00:00","dateModified":"2019-12-20T15:59:53+00:00","mainEntityOfPage":{"@id":"https:\/\/www.bellunopress.it\/2019\/12\/20\/la-thelios-di-longarone-guarda-al-sociale-e-allambiente\/"},"wordCount":254,"publisher":{"@id":"https:\/\/www.bellunopress.it\/#organization"},"articleSection":["Lavoro, Economia, Turismo","Prima Pagina"],"inLanguage":"fr-FR"},{"@type":"WebPage","@id":"https:\/\/www.bellunopress.it\/2019\/12\/20\/la-thelios-di-longarone-guarda-al-sociale-e-allambiente\/","url":"https:\/\/www.bellunopress.it\/2019\/12\/20\/la-thelios-di-longarone-guarda-al-sociale-e-allambiente\/","name":"La Th\u00e9lios di Longarone guarda al sociale e all'ambiente - Bellunopress - Dolomiti","isPartOf":{"@id":"https:\/\/www.bellunopress.it\/#website"},"datePublished":"2019-12-20T11:51:41+00:00","dateModified":"2019-12-20T15:59:53+00:00","breadcrumb":{"@id":"https:\/\/www.bellunopress.it\/2019\/12\/20\/la-thelios-di-longarone-guarda-al-sociale-e-allambiente\/#breadcrumb"},"inLanguage":"fr-FR","potentialAction":[{"@type":"ReadAction","target":["https:\/\/www.bellunopress.it\/2019\/12\/20\/la-thelios-di-longarone-guarda-al-sociale-e-allambiente\/"]}]},{"@type":"BreadcrumbList","@id":"https:\/\/www.bellunopress.it\/2019\/12\/20\/la-thelios-di-longarone-guarda-al-sociale-e-allambiente\/#breadcrumb","itemListElement":[{"@type":"ListItem","position":1,"name":"Home","item":"https:\/\/www.bellunopress.it\/"},{"@type":"ListItem","position":2,"name":"La Th\u00e9lios di Longarone guarda al sociale e all&#8217;ambiente"}]},{"@type":"WebSite","@id":"https:\/\/www.bellunopress.it\/#website","url":"https:\/\/www.bellunopress.it\/","name":"Bellunopress - Dolomiti","description":"e-mail: redazione@bellunopress.it","publisher":{"@id":"https:\/\/www.bellunopress.it\/#organization"},"potentialAction":[{"@type":"SearchAction","target":{"@type":"EntryPoint","urlTemplate":"https:\/\/www.bellunopress.it\/?s={search_term_string}"},"query-input":{"@type":"PropertyValueSpecification","valueRequired":true,"valueName":"search_term_string"}}],"inLanguage":"fr-FR"},{"@type":"Organization","@id":"https:\/\/www.bellunopress.it\/#organization","name":"Bellunopress","url":"https:\/\/www.bellunopress.it\/","logo":{"@type":"ImageObject","inLanguage":"fr-FR","@id":"https:\/\/www.bellunopress.it\/#\/schema\/logo\/image\/","url":"https:\/\/www.bellunopress.it\/wp-content\/uploads\/2011\/05\/cropped-logo-bellunopress-.jpg","contentUrl":"https:\/\/www.bellunopress.it\/wp-content\/uploads\/2011\/05\/cropped-logo-bellunopress-.jpg","width":512,"height":512,"caption":"Bellunopress"},"image":{"@id":"https:\/\/www.bellunopress.it\/#\/schema\/logo\/image\/"},"sameAs":["https:\/\/www.facebook.com\/profile.php?id=100008943462799","https:\/\/x.com\/bellunopress","https:\/\/www.linkedin.com\/hp\/?dnr=JBzUWaJfMUw8vbXJJ2tVW5-I3jZKvC4wsoxE&amp;amp;amp;amp;amp;amp;trk=nav_responsive_tab_home","https:\/\/www.youtube.com\/channel\/UCxL0wu1uN0_3_7hGG0306cw"]},{"@type":"Person","@id":"https:\/\/www.bellunopress.it\/#\/schema\/person\/79bb06722b37ece1c03d3e94beb30d73","name":"r\u00e9daction","image":{"@type":"ImageObject","inLanguage":"fr-FR","@id":"https:\/\/secure.gravatar.com\/avatar\/37d968a2e67a6fd04c169c4bdef102d0bc5d31b2546345219e348575eb80e9a0?s=96&d=mm&r=g","url":"https:\/\/secure.gravatar.com\/avatar\/37d968a2e67a6fd04c169c4bdef102d0bc5d31b2546345219e348575eb80e9a0?s=96&d=mm&r=g","contentUrl":"https:\/\/secure.gravatar.com\/avatar\/37d968a2e67a6fd04c169c4bdef102d0bc5d31b2546345219e348575eb80e9a0?s=96&d=mm&r=g","caption":"redazione"},"sameAs":["http:\/\/www.bellunopress.it","https:\/\/x.com\/bellunopress"],"url":"https:\/\/www.bellunopress.it\/fr\/author\/redazione\/"}]}},"_links":{"self":[{"href":"https:\/\/www.bellunopress.it\/fr\/wp-json\/wp\/v2\/posts\/110642","targetHints":{"allow":["GET"]}}],"collection":[{"href":"https:\/\/www.bellunopress.it\/fr\/wp-json\/wp\/v2\/posts"}],"about":[{"href":"https:\/\/www.bellunopress.it\/fr\/wp-json\/wp\/v2\/types\/post"}],"author":[{"embeddable":true,"href":"https:\/\/www.bellunopress.it\/fr\/wp-json\/wp\/v2\/users\/2"}],"replies":[{"embeddable":true,"href":"https:\/\/www.bellunopress.it\/fr\/wp-json\/wp\/v2\/comments?post=110642"}],"version-history":[{"count":2,"href":"https:\/\/www.bellunopress.it\/fr\/wp-json\/wp\/v2\/posts\/110642\/revisions"}],"predecessor-version":[{"id":110645,"href":"https:\/\/www.bellunopress.it\/fr\/wp-json\/wp\/v2\/posts\/110642\/revisions\/110645"}],"wp:attachment":[{"href":"https:\/\/www.bellunopress.it\/fr\/wp-json\/wp\/v2\/media?parent=110642"}],"wp:term":[{"taxonomy":"category","embeddable":true,"href":"https:\/\/www.bellunopress.it\/fr\/wp-json\/wp\/v2\/categories?post=110642"},{"taxonomy":"post_tag","embeddable":true,"href":"https:\/\/www.bellunopress.it\/fr\/wp-json\/wp\/v2\/tags?post=110642"}],"curies":[{"name":"wp","href":"https:\/\/api.w.org\/{rel}","templated":true}]}}