{"id":110638,"date":"2019-12-20T16:40:09","date_gmt":"2019-12-20T15:40:09","guid":{"rendered":"http:\/\/www.bellunopress.it\/?p=110638"},"modified":"2019-12-20T16:40:10","modified_gmt":"2019-12-20T15:40:10","slug":"daniele-franco-nuovo-direttore-di-banca-ditalia-de-carlo-e-osnato-uomo-che-ha-dato-lustro-al-bellunese-e-persona-di-rigore-porti-in-bankitalia-la-saggezza-montanara","status":"publish","type":"post","link":"https:\/\/www.bellunopress.it\/fr\/2019\/12\/20\/daniele-franco-nuovo-direttore-di-banca-ditalia-de-carlo-e-osnato-uomo-che-ha-dato-lustro-al-bellunese-e-persona-di-rigore-porti-in-bankitalia-la-saggezza-montanara\/","title":{"rendered":"Daniele Franco nuovo direttore di Banca d&#8217;Italia. De Carlo e Osnato: &#8220;Uomo che ha dato lustro al bellunese e persona di rigore. Porti in Bankitalia la saggezza montanara&#8221;"},"content":{"rendered":"<figure id=\"attachment_110639\" aria-describedby=\"caption-attachment-110639\" style=\"width: 209px\" class=\"wp-caption alignleft\"><a href=\"http:\/\/www.bellunopress.it\/fr\/2019\/12\/20\/daniele-franco-nuovo-direttore-di-banca-ditalia-de-carlo-e-osnato-uomo-che-ha-dato-lustro-al-bellunese-e-persona-di-rigore-porti-in-bankitalia-la-saggezza-montanara\/daniele-franco\/\" rel=\"attachment wp-att-110639\"><img loading=\"lazy\" decoding=\"async\" class=\"size-full wp-image-110639\" src=\"http:\/\/www.bellunopress.it\/wp-content\/uploads\/2019\/12\/Daniele-Franco.jpg\" alt=\"\" width=\"209\" height=\"237\" \/><\/a><figcaption id=\"caption-attachment-110639\" class=\"wp-caption-text\">Daniele Franco<\/figcaption><\/figure>\n<p>&#8220;Facciamo le nostre pi\u00f9 grandi congratulazioni a Daniele Franco per il suo nuovo incarico in Banca d&#8217;Italia. \u00c8 un uomo che ha dato e dar\u00e0 ancora lustro alla nostra provincia, mantenendo il rigore impostogli dal suo ruolo anche nei momenti di difficolt\u00e0, e gli auguriamo di proseguire la sua opera con la tipica saggezza della gente di montagna&#8221;: i deputati di Fratelli d&#8217;Italia, Luca De Carlo e Marco Osnato, accolgono con soddisfazione la nomina di Daniele Franco, bellunese, a nuovo direttore generale della Banca d&#8217;Italia.<br \/>\nFranco, nato a Trichiana 66 anni fa, entra nel 1979 in Banca d&#8217;Italia e, dopo aver ricoperto vari incarichi di spessore a livello nazionale e internazionale, da maggio 2013 a maggio 2019 \u00e8 stato Ragioniere generale dello Stato, per poi assumere il ruolo di vice-direttore generale di Banca d&#8217;Italia; oggi l&#8217;annuncio del nuovo incarico.<br \/>\n&#8220;In questi anni, Franco ha ricoperto un ruolo importantissimo come quello del Ragioniere generale di Stato, imponendo il suo rigore anche in momenti particolarmente difficili, sia dal punto di vista economico che politico&#8221;, ricordano De Carlo e Osnato, che non mancano di sottolineare gli epiteti ingiuriosi nei suoi confronti del portavoce del Presidente del Consiglio dei Ministri, Rocco Casalino, e gli attacchi diretti del ministro Di Maio nel 2018 e ancora prima di Matteo Renzi nel 2014.<br \/>\n&#8220;La bollinatura della legge di stabilit\u00e0 \u00e8 una responsabilit\u00e0 enorme, che Franco ha sempre affrontato a testa alta, senza piegarsi a critiche, attacchi e malignit\u00e0. Per questo, gli auguriamo \u2013 e siamo certi che sar\u00e0 cos\u00ec \u2013 di affrontare il nuovo, delicatissimo ruolo con lo stesso spirito e con la saggezza e la consapevolezza tipica della gente di montagna&#8221;, concludono i due deputati bellunesi.<\/p>","protected":false},"excerpt":{"rendered":"<p>&#8220;Facciamo le nostre pi\u00f9 grandi congratulazioni a Daniele Franco per il suo nuovo incarico in Banca d&#8217;Italia. \u00c8 un uomo che ha dato e dar\u00e0 ancora lustro alla nostra provincia, mantenendo il rigore impostogli dal suo ruolo anche nei momenti di difficolt\u00e0, e gli auguriamo di proseguire la sua opera con la tipica saggezza della [&hellip;]<\/p>\n","protected":false},"author":2,"featured_media":0,"comment_status":"closed","ping_status":"open","sticky":false,"template":"","format":"standard","meta":{"footnotes":""},"categories":[5,26],"tags":[],"class_list":["post-110638","post","type-post","status-publish","format-standard","category-cronaca","category-prima-pagina"],"yoast_head":"<!-- This site is optimized with the Yoast SEO plugin v28.4 - https:\/\/yoast.com\/product\/yoast-seo-wordpress\/ -->\n<title>Daniele Franco nuovo direttore di Banca d&#039;Italia. De Carlo e Osnato: &quot;Uomo che ha dato lustro al bellunese e persona di rigore. Porti in Bankitalia la saggezza montanara&quot; - Bellunopress - Dolomiti<\/title>\n<meta name=\"robots\" content=\"index, follow, max-snippet:-1, max-image-preview:large, max-video-preview:-1\" \/>\n<link rel=\"canonical\" href=\"https:\/\/www.bellunopress.it\/fr\/2019\/12\/20\/daniele-franco-nuovo-direttore-di-banca-ditalia-de-carlo-e-osnato-uomo-che-ha-dato-lustro-al-bellunese-e-persona-di-rigore-porti-in-bankitalia-la-saggezza-montanara\/\" \/>\n<meta property=\"og:locale\" content=\"fr_FR\" \/>\n<meta property=\"og:type\" content=\"article\" \/>\n<meta property=\"og:title\" content=\"Daniele Franco nuovo direttore di Banca d&#039;Italia. De Carlo e Osnato: &quot;Uomo che ha dato lustro al bellunese e persona di rigore. Porti in Bankitalia la saggezza montanara&quot; - Bellunopress - Dolomiti\" \/>\n<meta property=\"og:description\" content=\"&#8220;Facciamo le nostre pi\u00f9 grandi congratulazioni a Daniele Franco per il suo nuovo incarico in Banca d&#8217;Italia. \u00c8 un uomo che ha dato e dar\u00e0 ancora lustro alla nostra provincia, mantenendo il rigore impostogli dal suo ruolo anche nei momenti di difficolt\u00e0, e gli auguriamo di proseguire la sua opera con la tipica saggezza della [&hellip;]\" \/>\n<meta property=\"og:url\" content=\"https:\/\/www.bellunopress.it\/fr\/2019\/12\/20\/daniele-franco-nuovo-direttore-di-banca-ditalia-de-carlo-e-osnato-uomo-che-ha-dato-lustro-al-bellunese-e-persona-di-rigore-porti-in-bankitalia-la-saggezza-montanara\/\" \/>\n<meta property=\"og:site_name\" content=\"Bellunopress - Dolomiti\" \/>\n<meta property=\"article:publisher\" content=\"https:\/\/www.facebook.com\/profile.php?id=100008943462799\" \/>\n<meta property=\"article:published_time\" content=\"2019-12-20T15:40:09+00:00\" \/>\n<meta property=\"article:modified_time\" content=\"2019-12-20T15:40:10+00:00\" \/>\n<meta property=\"og:image\" content=\"http:\/\/www.bellunopress.it\/wp-content\/uploads\/2019\/12\/Daniele-Franco.jpg\" \/>\n<meta name=\"author\" content=\"redazione\" \/>\n<meta name=\"twitter:card\" content=\"summary_large_image\" \/>\n<meta name=\"twitter:creator\" content=\"@bellunopress\" \/>\n<meta name=\"twitter:site\" content=\"@bellunopress\" \/>\n<meta name=\"twitter:label1\" content=\"\u00c9crit par\" \/>\n\t<meta name=\"twitter:data1\" content=\"redazione\" \/>\n\t<meta name=\"twitter:label2\" content=\"Dur\u00e9e de lecture estim\u00e9e\" \/>\n\t<meta name=\"twitter:data2\" content=\"1 minute\" \/>\n<script type=\"application\/ld+json\" class=\"yoast-schema-graph\">{\"@context\":\"https:\\\/\\\/schema.org\",\"@graph\":[{\"@type\":\"Article\",\"@id\":\"https:\\\/\\\/www.bellunopress.it\\\/2019\\\/12\\\/20\\\/daniele-franco-nuovo-direttore-di-banca-ditalia-de-carlo-e-osnato-uomo-che-ha-dato-lustro-al-bellunese-e-persona-di-rigore-porti-in-bankitalia-la-saggezza-montanara\\\/#article\",\"isPartOf\":{\"@id\":\"https:\\\/\\\/www.bellunopress.it\\\/2019\\\/12\\\/20\\\/daniele-franco-nuovo-direttore-di-banca-ditalia-de-carlo-e-osnato-uomo-che-ha-dato-lustro-al-bellunese-e-persona-di-rigore-porti-in-bankitalia-la-saggezza-montanara\\\/\"},\"author\":{\"name\":\"redazione\",\"@id\":\"https:\\\/\\\/www.bellunopress.it\\\/#\\\/schema\\\/person\\\/79bb06722b37ece1c03d3e94beb30d73\"},\"headline\":\"Daniele Franco nuovo direttore di Banca d&#8217;Italia. De Carlo e Osnato: &#8220;Uomo che ha dato lustro al bellunese e persona di rigore. Porti in Bankitalia la saggezza montanara&#8221;\",\"datePublished\":\"2019-12-20T15:40:09+00:00\",\"dateModified\":\"2019-12-20T15:40:10+00:00\",\"mainEntityOfPage\":{\"@id\":\"https:\\\/\\\/www.bellunopress.it\\\/2019\\\/12\\\/20\\\/daniele-franco-nuovo-direttore-di-banca-ditalia-de-carlo-e-osnato-uomo-che-ha-dato-lustro-al-bellunese-e-persona-di-rigore-porti-in-bankitalia-la-saggezza-montanara\\\/\"},\"wordCount\":313,\"publisher\":{\"@id\":\"https:\\\/\\\/www.bellunopress.it\\\/#organization\"},\"image\":{\"@id\":\"https:\\\/\\\/www.bellunopress.it\\\/2019\\\/12\\\/20\\\/daniele-franco-nuovo-direttore-di-banca-ditalia-de-carlo-e-osnato-uomo-che-ha-dato-lustro-al-bellunese-e-persona-di-rigore-porti-in-bankitalia-la-saggezza-montanara\\\/#primaryimage\"},\"thumbnailUrl\":\"http:\\\/\\\/www.bellunopress.it\\\/wp-content\\\/uploads\\\/2019\\\/12\\\/Daniele-Franco.jpg\",\"articleSection\":[\"Cronaca\\\/Politica\",\"Prima Pagina\"],\"inLanguage\":\"fr-FR\"},{\"@type\":\"WebPage\",\"@id\":\"https:\\\/\\\/www.bellunopress.it\\\/2019\\\/12\\\/20\\\/daniele-franco-nuovo-direttore-di-banca-ditalia-de-carlo-e-osnato-uomo-che-ha-dato-lustro-al-bellunese-e-persona-di-rigore-porti-in-bankitalia-la-saggezza-montanara\\\/\",\"url\":\"https:\\\/\\\/www.bellunopress.it\\\/2019\\\/12\\\/20\\\/daniele-franco-nuovo-direttore-di-banca-ditalia-de-carlo-e-osnato-uomo-che-ha-dato-lustro-al-bellunese-e-persona-di-rigore-porti-in-bankitalia-la-saggezza-montanara\\\/\",\"name\":\"Daniele Franco nuovo direttore di Banca d'Italia. De Carlo e Osnato: \\\"Uomo che ha dato lustro al bellunese e persona di rigore. Porti in Bankitalia la saggezza montanara\\\" - Bellunopress - Dolomiti\",\"isPartOf\":{\"@id\":\"https:\\\/\\\/www.bellunopress.it\\\/#website\"},\"primaryImageOfPage\":{\"@id\":\"https:\\\/\\\/www.bellunopress.it\\\/2019\\\/12\\\/20\\\/daniele-franco-nuovo-direttore-di-banca-ditalia-de-carlo-e-osnato-uomo-che-ha-dato-lustro-al-bellunese-e-persona-di-rigore-porti-in-bankitalia-la-saggezza-montanara\\\/#primaryimage\"},\"image\":{\"@id\":\"https:\\\/\\\/www.bellunopress.it\\\/2019\\\/12\\\/20\\\/daniele-franco-nuovo-direttore-di-banca-ditalia-de-carlo-e-osnato-uomo-che-ha-dato-lustro-al-bellunese-e-persona-di-rigore-porti-in-bankitalia-la-saggezza-montanara\\\/#primaryimage\"},\"thumbnailUrl\":\"http:\\\/\\\/www.bellunopress.it\\\/wp-content\\\/uploads\\\/2019\\\/12\\\/Daniele-Franco.jpg\",\"datePublished\":\"2019-12-20T15:40:09+00:00\",\"dateModified\":\"2019-12-20T15:40:10+00:00\",\"breadcrumb\":{\"@id\":\"https:\\\/\\\/www.bellunopress.it\\\/2019\\\/12\\\/20\\\/daniele-franco-nuovo-direttore-di-banca-ditalia-de-carlo-e-osnato-uomo-che-ha-dato-lustro-al-bellunese-e-persona-di-rigore-porti-in-bankitalia-la-saggezza-montanara\\\/#breadcrumb\"},\"inLanguage\":\"fr-FR\",\"potentialAction\":[{\"@type\":\"ReadAction\",\"target\":[\"https:\\\/\\\/www.bellunopress.it\\\/2019\\\/12\\\/20\\\/daniele-franco-nuovo-direttore-di-banca-ditalia-de-carlo-e-osnato-uomo-che-ha-dato-lustro-al-bellunese-e-persona-di-rigore-porti-in-bankitalia-la-saggezza-montanara\\\/\"]}]},{\"@type\":\"ImageObject\",\"inLanguage\":\"fr-FR\",\"@id\":\"https:\\\/\\\/www.bellunopress.it\\\/2019\\\/12\\\/20\\\/daniele-franco-nuovo-direttore-di-banca-ditalia-de-carlo-e-osnato-uomo-che-ha-dato-lustro-al-bellunese-e-persona-di-rigore-porti-in-bankitalia-la-saggezza-montanara\\\/#primaryimage\",\"url\":\"http:\\\/\\\/www.bellunopress.it\\\/wp-content\\\/uploads\\\/2019\\\/12\\\/Daniele-Franco.jpg\",\"contentUrl\":\"http:\\\/\\\/www.bellunopress.it\\\/wp-content\\\/uploads\\\/2019\\\/12\\\/Daniele-Franco.jpg\"},{\"@type\":\"BreadcrumbList\",\"@id\":\"https:\\\/\\\/www.bellunopress.it\\\/2019\\\/12\\\/20\\\/daniele-franco-nuovo-direttore-di-banca-ditalia-de-carlo-e-osnato-uomo-che-ha-dato-lustro-al-bellunese-e-persona-di-rigore-porti-in-bankitalia-la-saggezza-montanara\\\/#breadcrumb\",\"itemListElement\":[{\"@type\":\"ListItem\",\"position\":1,\"name\":\"Home\",\"item\":\"https:\\\/\\\/www.bellunopress.it\\\/\"},{\"@type\":\"ListItem\",\"position\":2,\"name\":\"Daniele Franco nuovo direttore di Banca d&#8217;Italia. De Carlo e Osnato: &#8220;Uomo che ha dato lustro al bellunese e persona di rigore. Porti in Bankitalia la saggezza montanara&#8221;\"}]},{\"@type\":\"WebSite\",\"@id\":\"https:\\\/\\\/www.bellunopress.it\\\/#website\",\"url\":\"https:\\\/\\\/www.bellunopress.it\\\/\",\"name\":\"Bellunopress - Dolomiti\",\"description\":\"e-mail: redazione@bellunopress.it\",\"publisher\":{\"@id\":\"https:\\\/\\\/www.bellunopress.it\\\/#organization\"},\"potentialAction\":[{\"@type\":\"SearchAction\",\"target\":{\"@type\":\"EntryPoint\",\"urlTemplate\":\"https:\\\/\\\/www.bellunopress.it\\\/?s={search_term_string}\"},\"query-input\":{\"@type\":\"PropertyValueSpecification\",\"valueRequired\":true,\"valueName\":\"search_term_string\"}}],\"inLanguage\":\"fr-FR\"},{\"@type\":\"Organization\",\"@id\":\"https:\\\/\\\/www.bellunopress.it\\\/#organization\",\"name\":\"Bellunopress\",\"url\":\"https:\\\/\\\/www.bellunopress.it\\\/\",\"logo\":{\"@type\":\"ImageObject\",\"inLanguage\":\"fr-FR\",\"@id\":\"https:\\\/\\\/www.bellunopress.it\\\/#\\\/schema\\\/logo\\\/image\\\/\",\"url\":\"https:\\\/\\\/www.bellunopress.it\\\/wp-content\\\/uploads\\\/2011\\\/05\\\/cropped-logo-bellunopress-.jpg\",\"contentUrl\":\"https:\\\/\\\/www.bellunopress.it\\\/wp-content\\\/uploads\\\/2011\\\/05\\\/cropped-logo-bellunopress-.jpg\",\"width\":512,\"height\":512,\"caption\":\"Bellunopress\"},\"image\":{\"@id\":\"https:\\\/\\\/www.bellunopress.it\\\/#\\\/schema\\\/logo\\\/image\\\/\"},\"sameAs\":[\"https:\\\/\\\/www.facebook.com\\\/profile.php?id=100008943462799\",\"https:\\\/\\\/x.com\\\/bellunopress\",\"https:\\\/\\\/www.linkedin.com\\\/hp\\\/?dnr=JBzUWaJfMUw8vbXJJ2tVW5-I3jZKvC4wsoxE&amp;amp;amp;amp;amp;amp;trk=nav_responsive_tab_home\",\"https:\\\/\\\/www.youtube.com\\\/channel\\\/UCxL0wu1uN0_3_7hGG0306cw\"]},{\"@type\":\"Person\",\"@id\":\"https:\\\/\\\/www.bellunopress.it\\\/#\\\/schema\\\/person\\\/79bb06722b37ece1c03d3e94beb30d73\",\"name\":\"redazione\",\"image\":{\"@type\":\"ImageObject\",\"inLanguage\":\"fr-FR\",\"@id\":\"https:\\\/\\\/secure.gravatar.com\\\/avatar\\\/37d968a2e67a6fd04c169c4bdef102d0bc5d31b2546345219e348575eb80e9a0?s=96&d=mm&r=g\",\"url\":\"https:\\\/\\\/secure.gravatar.com\\\/avatar\\\/37d968a2e67a6fd04c169c4bdef102d0bc5d31b2546345219e348575eb80e9a0?s=96&d=mm&r=g\",\"contentUrl\":\"https:\\\/\\\/secure.gravatar.com\\\/avatar\\\/37d968a2e67a6fd04c169c4bdef102d0bc5d31b2546345219e348575eb80e9a0?s=96&d=mm&r=g\",\"caption\":\"redazione\"},\"sameAs\":[\"http:\\\/\\\/www.bellunopress.it\",\"https:\\\/\\\/x.com\\\/bellunopress\"],\"url\":\"https:\\\/\\\/www.bellunopress.it\\\/fr\\\/author\\\/redazione\\\/\"}]}<\/script>\n<!-- \/ Yoast SEO plugin. -->","yoast_head_json":{"title":"Daniele Franco nuovo direttore di Banca d'Italia. De Carlo e Osnato: \"Uomo che ha dato lustro al bellunese e persona di rigore. Porti in Bankitalia la saggezza montanara\" - Bellunopress - Dolomiti","robots":{"index":"index","follow":"follow","max-snippet":"max-snippet:-1","max-image-preview":"max-image-preview:large","max-video-preview":"max-video-preview:-1"},"canonical":"https:\/\/www.bellunopress.it\/fr\/2019\/12\/20\/daniele-franco-nuovo-direttore-di-banca-ditalia-de-carlo-e-osnato-uomo-che-ha-dato-lustro-al-bellunese-e-persona-di-rigore-porti-in-bankitalia-la-saggezza-montanara\/","og_locale":"fr_FR","og_type":"article","og_title":"Daniele Franco nuovo direttore di Banca d'Italia. De Carlo e Osnato: \"Uomo che ha dato lustro al bellunese e persona di rigore. Porti in Bankitalia la saggezza montanara\" - Bellunopress - Dolomiti","og_description":"&#8220;Facciamo le nostre pi\u00f9 grandi congratulazioni a Daniele Franco per il suo nuovo incarico in Banca d&#8217;Italia. \u00c8 un uomo che ha dato e dar\u00e0 ancora lustro alla nostra provincia, mantenendo il rigore impostogli dal suo ruolo anche nei momenti di difficolt\u00e0, e gli auguriamo di proseguire la sua opera con la tipica saggezza della [&hellip;]","og_url":"https:\/\/www.bellunopress.it\/fr\/2019\/12\/20\/daniele-franco-nuovo-direttore-di-banca-ditalia-de-carlo-e-osnato-uomo-che-ha-dato-lustro-al-bellunese-e-persona-di-rigore-porti-in-bankitalia-la-saggezza-montanara\/","og_site_name":"Bellunopress - Dolomiti","article_publisher":"https:\/\/www.facebook.com\/profile.php?id=100008943462799","article_published_time":"2019-12-20T15:40:09+00:00","article_modified_time":"2019-12-20T15:40:10+00:00","og_image":[{"url":"http:\/\/www.bellunopress.it\/wp-content\/uploads\/2019\/12\/Daniele-Franco.jpg","type":"","width":"","height":""}],"author":"redazione","twitter_card":"summary_large_image","twitter_creator":"@bellunopress","twitter_site":"@bellunopress","twitter_misc":{"\u00c9crit par":"redazione","Dur\u00e9e de lecture estim\u00e9e":"1 minute"},"schema":{"@context":"https:\/\/schema.org","@graph":[{"@type":"Article","@id":"https:\/\/www.bellunopress.it\/2019\/12\/20\/daniele-franco-nuovo-direttore-di-banca-ditalia-de-carlo-e-osnato-uomo-che-ha-dato-lustro-al-bellunese-e-persona-di-rigore-porti-in-bankitalia-la-saggezza-montanara\/#article","isPartOf":{"@id":"https:\/\/www.bellunopress.it\/2019\/12\/20\/daniele-franco-nuovo-direttore-di-banca-ditalia-de-carlo-e-osnato-uomo-che-ha-dato-lustro-al-bellunese-e-persona-di-rigore-porti-in-bankitalia-la-saggezza-montanara\/"},"author":{"name":"redazione","@id":"https:\/\/www.bellunopress.it\/#\/schema\/person\/79bb06722b37ece1c03d3e94beb30d73"},"headline":"Daniele Franco nuovo direttore di Banca d&#8217;Italia. De Carlo e Osnato: &#8220;Uomo che ha dato lustro al bellunese e persona di rigore. Porti in Bankitalia la saggezza montanara&#8221;","datePublished":"2019-12-20T15:40:09+00:00","dateModified":"2019-12-20T15:40:10+00:00","mainEntityOfPage":{"@id":"https:\/\/www.bellunopress.it\/2019\/12\/20\/daniele-franco-nuovo-direttore-di-banca-ditalia-de-carlo-e-osnato-uomo-che-ha-dato-lustro-al-bellunese-e-persona-di-rigore-porti-in-bankitalia-la-saggezza-montanara\/"},"wordCount":313,"publisher":{"@id":"https:\/\/www.bellunopress.it\/#organization"},"image":{"@id":"https:\/\/www.bellunopress.it\/2019\/12\/20\/daniele-franco-nuovo-direttore-di-banca-ditalia-de-carlo-e-osnato-uomo-che-ha-dato-lustro-al-bellunese-e-persona-di-rigore-porti-in-bankitalia-la-saggezza-montanara\/#primaryimage"},"thumbnailUrl":"http:\/\/www.bellunopress.it\/wp-content\/uploads\/2019\/12\/Daniele-Franco.jpg","articleSection":["Cronaca\/Politica","Prima Pagina"],"inLanguage":"fr-FR"},{"@type":"WebPage","@id":"https:\/\/www.bellunopress.it\/2019\/12\/20\/daniele-franco-nuovo-direttore-di-banca-ditalia-de-carlo-e-osnato-uomo-che-ha-dato-lustro-al-bellunese-e-persona-di-rigore-porti-in-bankitalia-la-saggezza-montanara\/","url":"https:\/\/www.bellunopress.it\/2019\/12\/20\/daniele-franco-nuovo-direttore-di-banca-ditalia-de-carlo-e-osnato-uomo-che-ha-dato-lustro-al-bellunese-e-persona-di-rigore-porti-in-bankitalia-la-saggezza-montanara\/","name":"Daniele Franco nuovo direttore di Banca d'Italia. De Carlo e Osnato: \"Uomo che ha dato lustro al bellunese e persona di rigore. Porti in Bankitalia la saggezza montanara\" - Bellunopress - Dolomiti","isPartOf":{"@id":"https:\/\/www.bellunopress.it\/#website"},"primaryImageOfPage":{"@id":"https:\/\/www.bellunopress.it\/2019\/12\/20\/daniele-franco-nuovo-direttore-di-banca-ditalia-de-carlo-e-osnato-uomo-che-ha-dato-lustro-al-bellunese-e-persona-di-rigore-porti-in-bankitalia-la-saggezza-montanara\/#primaryimage"},"image":{"@id":"https:\/\/www.bellunopress.it\/2019\/12\/20\/daniele-franco-nuovo-direttore-di-banca-ditalia-de-carlo-e-osnato-uomo-che-ha-dato-lustro-al-bellunese-e-persona-di-rigore-porti-in-bankitalia-la-saggezza-montanara\/#primaryimage"},"thumbnailUrl":"http:\/\/www.bellunopress.it\/wp-content\/uploads\/2019\/12\/Daniele-Franco.jpg","datePublished":"2019-12-20T15:40:09+00:00","dateModified":"2019-12-20T15:40:10+00:00","breadcrumb":{"@id":"https:\/\/www.bellunopress.it\/2019\/12\/20\/daniele-franco-nuovo-direttore-di-banca-ditalia-de-carlo-e-osnato-uomo-che-ha-dato-lustro-al-bellunese-e-persona-di-rigore-porti-in-bankitalia-la-saggezza-montanara\/#breadcrumb"},"inLanguage":"fr-FR","potentialAction":[{"@type":"ReadAction","target":["https:\/\/www.bellunopress.it\/2019\/12\/20\/daniele-franco-nuovo-direttore-di-banca-ditalia-de-carlo-e-osnato-uomo-che-ha-dato-lustro-al-bellunese-e-persona-di-rigore-porti-in-bankitalia-la-saggezza-montanara\/"]}]},{"@type":"ImageObject","inLanguage":"fr-FR","@id":"https:\/\/www.bellunopress.it\/2019\/12\/20\/daniele-franco-nuovo-direttore-di-banca-ditalia-de-carlo-e-osnato-uomo-che-ha-dato-lustro-al-bellunese-e-persona-di-rigore-porti-in-bankitalia-la-saggezza-montanara\/#primaryimage","url":"http:\/\/www.bellunopress.it\/wp-content\/uploads\/2019\/12\/Daniele-Franco.jpg","contentUrl":"http:\/\/www.bellunopress.it\/wp-content\/uploads\/2019\/12\/Daniele-Franco.jpg"},{"@type":"BreadcrumbList","@id":"https:\/\/www.bellunopress.it\/2019\/12\/20\/daniele-franco-nuovo-direttore-di-banca-ditalia-de-carlo-e-osnato-uomo-che-ha-dato-lustro-al-bellunese-e-persona-di-rigore-porti-in-bankitalia-la-saggezza-montanara\/#breadcrumb","itemListElement":[{"@type":"ListItem","position":1,"name":"Home","item":"https:\/\/www.bellunopress.it\/"},{"@type":"ListItem","position":2,"name":"Daniele Franco nuovo direttore di Banca d&#8217;Italia. De Carlo e Osnato: &#8220;Uomo che ha dato lustro al bellunese e persona di rigore. Porti in Bankitalia la saggezza montanara&#8221;"}]},{"@type":"WebSite","@id":"https:\/\/www.bellunopress.it\/#website","url":"https:\/\/www.bellunopress.it\/","name":"Bellunopress - Dolomiti","description":"e-mail: redazione@bellunopress.it","publisher":{"@id":"https:\/\/www.bellunopress.it\/#organization"},"potentialAction":[{"@type":"SearchAction","target":{"@type":"EntryPoint","urlTemplate":"https:\/\/www.bellunopress.it\/?s={search_term_string}"},"query-input":{"@type":"PropertyValueSpecification","valueRequired":true,"valueName":"search_term_string"}}],"inLanguage":"fr-FR"},{"@type":"Organization","@id":"https:\/\/www.bellunopress.it\/#organization","name":"Bellunopress","url":"https:\/\/www.bellunopress.it\/","logo":{"@type":"ImageObject","inLanguage":"fr-FR","@id":"https:\/\/www.bellunopress.it\/#\/schema\/logo\/image\/","url":"https:\/\/www.bellunopress.it\/wp-content\/uploads\/2011\/05\/cropped-logo-bellunopress-.jpg","contentUrl":"https:\/\/www.bellunopress.it\/wp-content\/uploads\/2011\/05\/cropped-logo-bellunopress-.jpg","width":512,"height":512,"caption":"Bellunopress"},"image":{"@id":"https:\/\/www.bellunopress.it\/#\/schema\/logo\/image\/"},"sameAs":["https:\/\/www.facebook.com\/profile.php?id=100008943462799","https:\/\/x.com\/bellunopress","https:\/\/www.linkedin.com\/hp\/?dnr=JBzUWaJfMUw8vbXJJ2tVW5-I3jZKvC4wsoxE&amp;amp;amp;amp;amp;amp;trk=nav_responsive_tab_home","https:\/\/www.youtube.com\/channel\/UCxL0wu1uN0_3_7hGG0306cw"]},{"@type":"Person","@id":"https:\/\/www.bellunopress.it\/#\/schema\/person\/79bb06722b37ece1c03d3e94beb30d73","name":"r\u00e9daction","image":{"@type":"ImageObject","inLanguage":"fr-FR","@id":"https:\/\/secure.gravatar.com\/avatar\/37d968a2e67a6fd04c169c4bdef102d0bc5d31b2546345219e348575eb80e9a0?s=96&d=mm&r=g","url":"https:\/\/secure.gravatar.com\/avatar\/37d968a2e67a6fd04c169c4bdef102d0bc5d31b2546345219e348575eb80e9a0?s=96&d=mm&r=g","contentUrl":"https:\/\/secure.gravatar.com\/avatar\/37d968a2e67a6fd04c169c4bdef102d0bc5d31b2546345219e348575eb80e9a0?s=96&d=mm&r=g","caption":"redazione"},"sameAs":["http:\/\/www.bellunopress.it","https:\/\/x.com\/bellunopress"],"url":"https:\/\/www.bellunopress.it\/fr\/author\/redazione\/"}]}},"_links":{"self":[{"href":"https:\/\/www.bellunopress.it\/fr\/wp-json\/wp\/v2\/posts\/110638","targetHints":{"allow":["GET"]}}],"collection":[{"href":"https:\/\/www.bellunopress.it\/fr\/wp-json\/wp\/v2\/posts"}],"about":[{"href":"https:\/\/www.bellunopress.it\/fr\/wp-json\/wp\/v2\/types\/post"}],"author":[{"embeddable":true,"href":"https:\/\/www.bellunopress.it\/fr\/wp-json\/wp\/v2\/users\/2"}],"replies":[{"embeddable":true,"href":"https:\/\/www.bellunopress.it\/fr\/wp-json\/wp\/v2\/comments?post=110638"}],"version-history":[{"count":2,"href":"https:\/\/www.bellunopress.it\/fr\/wp-json\/wp\/v2\/posts\/110638\/revisions"}],"predecessor-version":[{"id":110641,"href":"https:\/\/www.bellunopress.it\/fr\/wp-json\/wp\/v2\/posts\/110638\/revisions\/110641"}],"wp:attachment":[{"href":"https:\/\/www.bellunopress.it\/fr\/wp-json\/wp\/v2\/media?parent=110638"}],"wp:term":[{"taxonomy":"category","embeddable":true,"href":"https:\/\/www.bellunopress.it\/fr\/wp-json\/wp\/v2\/categories?post=110638"},{"taxonomy":"post_tag","embeddable":true,"href":"https:\/\/www.bellunopress.it\/fr\/wp-json\/wp\/v2\/tags?post=110638"}],"curies":[{"name":"wp","href":"https:\/\/api.w.org\/{rel}","templated":true}]}}