{"id":110634,"date":"2019-12-20T14:45:40","date_gmt":"2019-12-20T13:45:40","guid":{"rendered":"http:\/\/www.bellunopress.it\/?p=110634"},"modified":"2019-12-21T11:50:23","modified_gmt":"2019-12-21T10:50:23","slug":"giovanni-crema-proclamato-nuovo-coordinatore-responsabile-del-comitato-veneto-dellassociazione-ex-parlamentari","status":"publish","type":"post","link":"https:\/\/www.bellunopress.it\/fr\/2019\/12\/20\/giovanni-crema-proclamato-nuovo-coordinatore-responsabile-del-comitato-veneto-dellassociazione-ex-parlamentari\/","title":{"rendered":"Giovanni Crema proclamato nuovo coordinatore responsabile del Comitato veneto dell&#8217;Associazione Ex Parlamentari"},"content":{"rendered":"<p>Luciano Righi, Coordinatore Regionale uscente del Comitato Regionale di Coordinamento del Veneto dell&#8217;Associazione Ex Parlamentari, \u00e8 stato eletto &#8220;Presidente permanente&#8221; dell&#8217;Assemblea dei soci del Veneto, con approvazione per acclamazione della proposta avanzata dall&#8217;Assemblea.<\/p>\n<figure id=\"attachment_110635\" aria-describedby=\"caption-attachment-110635\" style=\"width: 254px\" class=\"wp-caption alignleft\"><a href=\"http:\/\/www.bellunopress.it\/fr\/2019\/12\/20\/giovanni-crema-proclamato-nuovo-coordinatore-responsabile-del-comitato-veneto-dellassociazione-ex-parlamentari\/giovanni-crema-2\/\" rel=\"attachment wp-att-110635\"><img loading=\"lazy\" decoding=\"async\" class=\"size-full wp-image-110635\" src=\"http:\/\/www.bellunopress.it\/wp-content\/uploads\/2019\/12\/Giovanni-Crema.jpg\" alt=\"\" width=\"254\" height=\"248\" \/><\/a><figcaption id=\"caption-attachment-110635\" class=\"wp-caption-text\">Giovanni Crema<\/figcaption><\/figure>\n<p>Nella stessa riunione, tenutasi a Venezia luned\u00ec 2 Dicembre 2019 nell\u2019Aula del Consiglio Regionale del Veneto, \u00e8 stato eletto all\u2019unanimit\u00e0 e per acclamazione, l\u2019onorevole Giovanni Crema coordinatore responsabile del Comitato Regionale Veneto di coordinamento, che per il prossimo triennio sar\u00e0 composto dagli onorevoli Anna Milvia Boselli, Cesare Campa, Luigi D\u2019Agr\u00f2, Paolo Franco, Mario Frasson, Severino Galante, Paolo Giaretta, Francesco Perina, Elisa Pozza Tasca, Carlo Ramella, Domenico Romeo, Luigi Viviani.<\/p>\n<p>&nbsp;<\/p>","protected":false},"excerpt":{"rendered":"<p>Luciano Righi, Coordinatore Regionale uscente del Comitato Regionale di Coordinamento del Veneto dell&#8217;Associazione Ex Parlamentari, \u00e8 stato eletto &#8220;Presidente permanente&#8221; dell&#8217;Assemblea dei soci del Veneto, con approvazione per acclamazione della proposta avanzata dall&#8217;Assemblea. Nella stessa riunione, tenutasi a Venezia luned\u00ec 2 Dicembre 2019 nell\u2019Aula del Consiglio Regionale del Veneto, \u00e8 stato eletto all\u2019unanimit\u00e0 e per [&hellip;]<\/p>\n","protected":false},"author":2,"featured_media":0,"comment_status":"closed","ping_status":"open","sticky":false,"template":"","format":"standard","meta":{"footnotes":""},"categories":[5],"tags":[],"class_list":["post-110634","post","type-post","status-publish","format-standard","category-cronaca"],"yoast_head":"<!-- This site is optimized with the Yoast SEO plugin v28.4 - https:\/\/yoast.com\/product\/yoast-seo-wordpress\/ -->\n<title>Giovanni Crema proclamato nuovo coordinatore responsabile del Comitato veneto dell&#039;Associazione Ex Parlamentari - Bellunopress - Dolomiti<\/title>\n<meta name=\"robots\" content=\"index, follow, max-snippet:-1, max-image-preview:large, max-video-preview:-1\" \/>\n<link rel=\"canonical\" href=\"https:\/\/www.bellunopress.it\/fr\/2019\/12\/20\/giovanni-crema-proclamato-nuovo-coordinatore-responsabile-del-comitato-veneto-dellassociazione-ex-parlamentari\/\" \/>\n<meta property=\"og:locale\" content=\"fr_FR\" \/>\n<meta property=\"og:type\" content=\"article\" \/>\n<meta property=\"og:title\" content=\"Giovanni Crema proclamato nuovo coordinatore responsabile del Comitato veneto dell&#039;Associazione Ex Parlamentari - Bellunopress - Dolomiti\" \/>\n<meta property=\"og:description\" content=\"Luciano Righi, Coordinatore Regionale uscente del Comitato Regionale di Coordinamento del Veneto dell&#8217;Associazione Ex Parlamentari, \u00e8 stato eletto &#8220;Presidente permanente&#8221; dell&#8217;Assemblea dei soci del Veneto, con approvazione per acclamazione della proposta avanzata dall&#8217;Assemblea. Nella stessa riunione, tenutasi a Venezia luned\u00ec 2 Dicembre 2019 nell\u2019Aula del Consiglio Regionale del Veneto, \u00e8 stato eletto all\u2019unanimit\u00e0 e per [&hellip;]\" \/>\n<meta property=\"og:url\" content=\"https:\/\/www.bellunopress.it\/fr\/2019\/12\/20\/giovanni-crema-proclamato-nuovo-coordinatore-responsabile-del-comitato-veneto-dellassociazione-ex-parlamentari\/\" \/>\n<meta property=\"og:site_name\" content=\"Bellunopress - Dolomiti\" \/>\n<meta property=\"article:publisher\" content=\"https:\/\/www.facebook.com\/profile.php?id=100008943462799\" \/>\n<meta property=\"article:published_time\" content=\"2019-12-20T13:45:40+00:00\" \/>\n<meta property=\"article:modified_time\" content=\"2019-12-21T10:50:23+00:00\" \/>\n<meta property=\"og:image\" content=\"http:\/\/www.bellunopress.it\/wp-content\/uploads\/2019\/12\/Giovanni-Crema.jpg\" \/>\n<meta name=\"author\" content=\"redazione\" \/>\n<meta name=\"twitter:card\" content=\"summary_large_image\" \/>\n<meta name=\"twitter:creator\" content=\"@bellunopress\" \/>\n<meta name=\"twitter:site\" content=\"@bellunopress\" \/>\n<meta name=\"twitter:label1\" content=\"\u00c9crit par\" \/>\n\t<meta name=\"twitter:data1\" content=\"redazione\" \/>\n\t<meta name=\"twitter:label2\" content=\"Dur\u00e9e de lecture estim\u00e9e\" \/>\n\t<meta name=\"twitter:data2\" content=\"1 minute\" \/>\n<script type=\"application\/ld+json\" class=\"yoast-schema-graph\">{\"@context\":\"https:\\\/\\\/schema.org\",\"@graph\":[{\"@type\":\"Article\",\"@id\":\"https:\\\/\\\/www.bellunopress.it\\\/2019\\\/12\\\/20\\\/giovanni-crema-proclamato-nuovo-coordinatore-responsabile-del-comitato-veneto-dellassociazione-ex-parlamentari\\\/#article\",\"isPartOf\":{\"@id\":\"https:\\\/\\\/www.bellunopress.it\\\/2019\\\/12\\\/20\\\/giovanni-crema-proclamato-nuovo-coordinatore-responsabile-del-comitato-veneto-dellassociazione-ex-parlamentari\\\/\"},\"author\":{\"name\":\"redazione\",\"@id\":\"https:\\\/\\\/www.bellunopress.it\\\/#\\\/schema\\\/person\\\/79bb06722b37ece1c03d3e94beb30d73\"},\"headline\":\"Giovanni Crema proclamato nuovo coordinatore responsabile del Comitato veneto dell&#8217;Associazione Ex Parlamentari\",\"datePublished\":\"2019-12-20T13:45:40+00:00\",\"dateModified\":\"2019-12-21T10:50:23+00:00\",\"mainEntityOfPage\":{\"@id\":\"https:\\\/\\\/www.bellunopress.it\\\/2019\\\/12\\\/20\\\/giovanni-crema-proclamato-nuovo-coordinatore-responsabile-del-comitato-veneto-dellassociazione-ex-parlamentari\\\/\"},\"wordCount\":128,\"publisher\":{\"@id\":\"https:\\\/\\\/www.bellunopress.it\\\/#organization\"},\"image\":{\"@id\":\"https:\\\/\\\/www.bellunopress.it\\\/2019\\\/12\\\/20\\\/giovanni-crema-proclamato-nuovo-coordinatore-responsabile-del-comitato-veneto-dellassociazione-ex-parlamentari\\\/#primaryimage\"},\"thumbnailUrl\":\"http:\\\/\\\/www.bellunopress.it\\\/wp-content\\\/uploads\\\/2019\\\/12\\\/Giovanni-Crema.jpg\",\"articleSection\":[\"Cronaca\\\/Politica\"],\"inLanguage\":\"fr-FR\"},{\"@type\":\"WebPage\",\"@id\":\"https:\\\/\\\/www.bellunopress.it\\\/2019\\\/12\\\/20\\\/giovanni-crema-proclamato-nuovo-coordinatore-responsabile-del-comitato-veneto-dellassociazione-ex-parlamentari\\\/\",\"url\":\"https:\\\/\\\/www.bellunopress.it\\\/2019\\\/12\\\/20\\\/giovanni-crema-proclamato-nuovo-coordinatore-responsabile-del-comitato-veneto-dellassociazione-ex-parlamentari\\\/\",\"name\":\"Giovanni Crema proclamato nuovo coordinatore responsabile del Comitato veneto dell'Associazione Ex Parlamentari - Bellunopress - Dolomiti\",\"isPartOf\":{\"@id\":\"https:\\\/\\\/www.bellunopress.it\\\/#website\"},\"primaryImageOfPage\":{\"@id\":\"https:\\\/\\\/www.bellunopress.it\\\/2019\\\/12\\\/20\\\/giovanni-crema-proclamato-nuovo-coordinatore-responsabile-del-comitato-veneto-dellassociazione-ex-parlamentari\\\/#primaryimage\"},\"image\":{\"@id\":\"https:\\\/\\\/www.bellunopress.it\\\/2019\\\/12\\\/20\\\/giovanni-crema-proclamato-nuovo-coordinatore-responsabile-del-comitato-veneto-dellassociazione-ex-parlamentari\\\/#primaryimage\"},\"thumbnailUrl\":\"http:\\\/\\\/www.bellunopress.it\\\/wp-content\\\/uploads\\\/2019\\\/12\\\/Giovanni-Crema.jpg\",\"datePublished\":\"2019-12-20T13:45:40+00:00\",\"dateModified\":\"2019-12-21T10:50:23+00:00\",\"breadcrumb\":{\"@id\":\"https:\\\/\\\/www.bellunopress.it\\\/2019\\\/12\\\/20\\\/giovanni-crema-proclamato-nuovo-coordinatore-responsabile-del-comitato-veneto-dellassociazione-ex-parlamentari\\\/#breadcrumb\"},\"inLanguage\":\"fr-FR\",\"potentialAction\":[{\"@type\":\"ReadAction\",\"target\":[\"https:\\\/\\\/www.bellunopress.it\\\/2019\\\/12\\\/20\\\/giovanni-crema-proclamato-nuovo-coordinatore-responsabile-del-comitato-veneto-dellassociazione-ex-parlamentari\\\/\"]}]},{\"@type\":\"ImageObject\",\"inLanguage\":\"fr-FR\",\"@id\":\"https:\\\/\\\/www.bellunopress.it\\\/2019\\\/12\\\/20\\\/giovanni-crema-proclamato-nuovo-coordinatore-responsabile-del-comitato-veneto-dellassociazione-ex-parlamentari\\\/#primaryimage\",\"url\":\"http:\\\/\\\/www.bellunopress.it\\\/wp-content\\\/uploads\\\/2019\\\/12\\\/Giovanni-Crema.jpg\",\"contentUrl\":\"http:\\\/\\\/www.bellunopress.it\\\/wp-content\\\/uploads\\\/2019\\\/12\\\/Giovanni-Crema.jpg\"},{\"@type\":\"BreadcrumbList\",\"@id\":\"https:\\\/\\\/www.bellunopress.it\\\/2019\\\/12\\\/20\\\/giovanni-crema-proclamato-nuovo-coordinatore-responsabile-del-comitato-veneto-dellassociazione-ex-parlamentari\\\/#breadcrumb\",\"itemListElement\":[{\"@type\":\"ListItem\",\"position\":1,\"name\":\"Home\",\"item\":\"https:\\\/\\\/www.bellunopress.it\\\/\"},{\"@type\":\"ListItem\",\"position\":2,\"name\":\"Giovanni Crema proclamato nuovo coordinatore responsabile del Comitato veneto dell&#8217;Associazione Ex Parlamentari\"}]},{\"@type\":\"WebSite\",\"@id\":\"https:\\\/\\\/www.bellunopress.it\\\/#website\",\"url\":\"https:\\\/\\\/www.bellunopress.it\\\/\",\"name\":\"Bellunopress - Dolomiti\",\"description\":\"e-mail: redazione@bellunopress.it\",\"publisher\":{\"@id\":\"https:\\\/\\\/www.bellunopress.it\\\/#organization\"},\"potentialAction\":[{\"@type\":\"SearchAction\",\"target\":{\"@type\":\"EntryPoint\",\"urlTemplate\":\"https:\\\/\\\/www.bellunopress.it\\\/?s={search_term_string}\"},\"query-input\":{\"@type\":\"PropertyValueSpecification\",\"valueRequired\":true,\"valueName\":\"search_term_string\"}}],\"inLanguage\":\"fr-FR\"},{\"@type\":\"Organization\",\"@id\":\"https:\\\/\\\/www.bellunopress.it\\\/#organization\",\"name\":\"Bellunopress\",\"url\":\"https:\\\/\\\/www.bellunopress.it\\\/\",\"logo\":{\"@type\":\"ImageObject\",\"inLanguage\":\"fr-FR\",\"@id\":\"https:\\\/\\\/www.bellunopress.it\\\/#\\\/schema\\\/logo\\\/image\\\/\",\"url\":\"https:\\\/\\\/www.bellunopress.it\\\/wp-content\\\/uploads\\\/2011\\\/05\\\/cropped-logo-bellunopress-.jpg\",\"contentUrl\":\"https:\\\/\\\/www.bellunopress.it\\\/wp-content\\\/uploads\\\/2011\\\/05\\\/cropped-logo-bellunopress-.jpg\",\"width\":512,\"height\":512,\"caption\":\"Bellunopress\"},\"image\":{\"@id\":\"https:\\\/\\\/www.bellunopress.it\\\/#\\\/schema\\\/logo\\\/image\\\/\"},\"sameAs\":[\"https:\\\/\\\/www.facebook.com\\\/profile.php?id=100008943462799\",\"https:\\\/\\\/x.com\\\/bellunopress\",\"https:\\\/\\\/www.linkedin.com\\\/hp\\\/?dnr=JBzUWaJfMUw8vbXJJ2tVW5-I3jZKvC4wsoxE&amp;amp;amp;amp;amp;amp;trk=nav_responsive_tab_home\",\"https:\\\/\\\/www.youtube.com\\\/channel\\\/UCxL0wu1uN0_3_7hGG0306cw\"]},{\"@type\":\"Person\",\"@id\":\"https:\\\/\\\/www.bellunopress.it\\\/#\\\/schema\\\/person\\\/79bb06722b37ece1c03d3e94beb30d73\",\"name\":\"redazione\",\"image\":{\"@type\":\"ImageObject\",\"inLanguage\":\"fr-FR\",\"@id\":\"https:\\\/\\\/secure.gravatar.com\\\/avatar\\\/37d968a2e67a6fd04c169c4bdef102d0bc5d31b2546345219e348575eb80e9a0?s=96&d=mm&r=g\",\"url\":\"https:\\\/\\\/secure.gravatar.com\\\/avatar\\\/37d968a2e67a6fd04c169c4bdef102d0bc5d31b2546345219e348575eb80e9a0?s=96&d=mm&r=g\",\"contentUrl\":\"https:\\\/\\\/secure.gravatar.com\\\/avatar\\\/37d968a2e67a6fd04c169c4bdef102d0bc5d31b2546345219e348575eb80e9a0?s=96&d=mm&r=g\",\"caption\":\"redazione\"},\"sameAs\":[\"http:\\\/\\\/www.bellunopress.it\",\"https:\\\/\\\/x.com\\\/bellunopress\"],\"url\":\"https:\\\/\\\/www.bellunopress.it\\\/fr\\\/author\\\/redazione\\\/\"}]}<\/script>\n<!-- \/ Yoast SEO plugin. -->","yoast_head_json":{"title":"Giovanni Crema proclamato nuovo coordinatore responsabile del Comitato veneto dell'Associazione Ex Parlamentari - Bellunopress - Dolomiti","robots":{"index":"index","follow":"follow","max-snippet":"max-snippet:-1","max-image-preview":"max-image-preview:large","max-video-preview":"max-video-preview:-1"},"canonical":"https:\/\/www.bellunopress.it\/fr\/2019\/12\/20\/giovanni-crema-proclamato-nuovo-coordinatore-responsabile-del-comitato-veneto-dellassociazione-ex-parlamentari\/","og_locale":"fr_FR","og_type":"article","og_title":"Giovanni Crema proclamato nuovo coordinatore responsabile del Comitato veneto dell'Associazione Ex Parlamentari - Bellunopress - Dolomiti","og_description":"Luciano Righi, Coordinatore Regionale uscente del Comitato Regionale di Coordinamento del Veneto dell&#8217;Associazione Ex Parlamentari, \u00e8 stato eletto &#8220;Presidente permanente&#8221; dell&#8217;Assemblea dei soci del Veneto, con approvazione per acclamazione della proposta avanzata dall&#8217;Assemblea. Nella stessa riunione, tenutasi a Venezia luned\u00ec 2 Dicembre 2019 nell\u2019Aula del Consiglio Regionale del Veneto, \u00e8 stato eletto all\u2019unanimit\u00e0 e per [&hellip;]","og_url":"https:\/\/www.bellunopress.it\/fr\/2019\/12\/20\/giovanni-crema-proclamato-nuovo-coordinatore-responsabile-del-comitato-veneto-dellassociazione-ex-parlamentari\/","og_site_name":"Bellunopress - Dolomiti","article_publisher":"https:\/\/www.facebook.com\/profile.php?id=100008943462799","article_published_time":"2019-12-20T13:45:40+00:00","article_modified_time":"2019-12-21T10:50:23+00:00","og_image":[{"url":"http:\/\/www.bellunopress.it\/wp-content\/uploads\/2019\/12\/Giovanni-Crema.jpg","type":"","width":"","height":""}],"author":"redazione","twitter_card":"summary_large_image","twitter_creator":"@bellunopress","twitter_site":"@bellunopress","twitter_misc":{"\u00c9crit par":"redazione","Dur\u00e9e de lecture estim\u00e9e":"1 minute"},"schema":{"@context":"https:\/\/schema.org","@graph":[{"@type":"Article","@id":"https:\/\/www.bellunopress.it\/2019\/12\/20\/giovanni-crema-proclamato-nuovo-coordinatore-responsabile-del-comitato-veneto-dellassociazione-ex-parlamentari\/#article","isPartOf":{"@id":"https:\/\/www.bellunopress.it\/2019\/12\/20\/giovanni-crema-proclamato-nuovo-coordinatore-responsabile-del-comitato-veneto-dellassociazione-ex-parlamentari\/"},"author":{"name":"redazione","@id":"https:\/\/www.bellunopress.it\/#\/schema\/person\/79bb06722b37ece1c03d3e94beb30d73"},"headline":"Giovanni Crema proclamato nuovo coordinatore responsabile del Comitato veneto dell&#8217;Associazione Ex Parlamentari","datePublished":"2019-12-20T13:45:40+00:00","dateModified":"2019-12-21T10:50:23+00:00","mainEntityOfPage":{"@id":"https:\/\/www.bellunopress.it\/2019\/12\/20\/giovanni-crema-proclamato-nuovo-coordinatore-responsabile-del-comitato-veneto-dellassociazione-ex-parlamentari\/"},"wordCount":128,"publisher":{"@id":"https:\/\/www.bellunopress.it\/#organization"},"image":{"@id":"https:\/\/www.bellunopress.it\/2019\/12\/20\/giovanni-crema-proclamato-nuovo-coordinatore-responsabile-del-comitato-veneto-dellassociazione-ex-parlamentari\/#primaryimage"},"thumbnailUrl":"http:\/\/www.bellunopress.it\/wp-content\/uploads\/2019\/12\/Giovanni-Crema.jpg","articleSection":["Cronaca\/Politica"],"inLanguage":"fr-FR"},{"@type":"WebPage","@id":"https:\/\/www.bellunopress.it\/2019\/12\/20\/giovanni-crema-proclamato-nuovo-coordinatore-responsabile-del-comitato-veneto-dellassociazione-ex-parlamentari\/","url":"https:\/\/www.bellunopress.it\/2019\/12\/20\/giovanni-crema-proclamato-nuovo-coordinatore-responsabile-del-comitato-veneto-dellassociazione-ex-parlamentari\/","name":"Giovanni Crema proclamato nuovo coordinatore responsabile del Comitato veneto dell'Associazione Ex Parlamentari - Bellunopress - Dolomiti","isPartOf":{"@id":"https:\/\/www.bellunopress.it\/#website"},"primaryImageOfPage":{"@id":"https:\/\/www.bellunopress.it\/2019\/12\/20\/giovanni-crema-proclamato-nuovo-coordinatore-responsabile-del-comitato-veneto-dellassociazione-ex-parlamentari\/#primaryimage"},"image":{"@id":"https:\/\/www.bellunopress.it\/2019\/12\/20\/giovanni-crema-proclamato-nuovo-coordinatore-responsabile-del-comitato-veneto-dellassociazione-ex-parlamentari\/#primaryimage"},"thumbnailUrl":"http:\/\/www.bellunopress.it\/wp-content\/uploads\/2019\/12\/Giovanni-Crema.jpg","datePublished":"2019-12-20T13:45:40+00:00","dateModified":"2019-12-21T10:50:23+00:00","breadcrumb":{"@id":"https:\/\/www.bellunopress.it\/2019\/12\/20\/giovanni-crema-proclamato-nuovo-coordinatore-responsabile-del-comitato-veneto-dellassociazione-ex-parlamentari\/#breadcrumb"},"inLanguage":"fr-FR","potentialAction":[{"@type":"ReadAction","target":["https:\/\/www.bellunopress.it\/2019\/12\/20\/giovanni-crema-proclamato-nuovo-coordinatore-responsabile-del-comitato-veneto-dellassociazione-ex-parlamentari\/"]}]},{"@type":"ImageObject","inLanguage":"fr-FR","@id":"https:\/\/www.bellunopress.it\/2019\/12\/20\/giovanni-crema-proclamato-nuovo-coordinatore-responsabile-del-comitato-veneto-dellassociazione-ex-parlamentari\/#primaryimage","url":"http:\/\/www.bellunopress.it\/wp-content\/uploads\/2019\/12\/Giovanni-Crema.jpg","contentUrl":"http:\/\/www.bellunopress.it\/wp-content\/uploads\/2019\/12\/Giovanni-Crema.jpg"},{"@type":"BreadcrumbList","@id":"https:\/\/www.bellunopress.it\/2019\/12\/20\/giovanni-crema-proclamato-nuovo-coordinatore-responsabile-del-comitato-veneto-dellassociazione-ex-parlamentari\/#breadcrumb","itemListElement":[{"@type":"ListItem","position":1,"name":"Home","item":"https:\/\/www.bellunopress.it\/"},{"@type":"ListItem","position":2,"name":"Giovanni Crema proclamato nuovo coordinatore responsabile del Comitato veneto dell&#8217;Associazione Ex Parlamentari"}]},{"@type":"WebSite","@id":"https:\/\/www.bellunopress.it\/#website","url":"https:\/\/www.bellunopress.it\/","name":"Bellunopress - Dolomiti","description":"e-mail: redazione@bellunopress.it","publisher":{"@id":"https:\/\/www.bellunopress.it\/#organization"},"potentialAction":[{"@type":"SearchAction","target":{"@type":"EntryPoint","urlTemplate":"https:\/\/www.bellunopress.it\/?s={search_term_string}"},"query-input":{"@type":"PropertyValueSpecification","valueRequired":true,"valueName":"search_term_string"}}],"inLanguage":"fr-FR"},{"@type":"Organization","@id":"https:\/\/www.bellunopress.it\/#organization","name":"Bellunopress","url":"https:\/\/www.bellunopress.it\/","logo":{"@type":"ImageObject","inLanguage":"fr-FR","@id":"https:\/\/www.bellunopress.it\/#\/schema\/logo\/image\/","url":"https:\/\/www.bellunopress.it\/wp-content\/uploads\/2011\/05\/cropped-logo-bellunopress-.jpg","contentUrl":"https:\/\/www.bellunopress.it\/wp-content\/uploads\/2011\/05\/cropped-logo-bellunopress-.jpg","width":512,"height":512,"caption":"Bellunopress"},"image":{"@id":"https:\/\/www.bellunopress.it\/#\/schema\/logo\/image\/"},"sameAs":["https:\/\/www.facebook.com\/profile.php?id=100008943462799","https:\/\/x.com\/bellunopress","https:\/\/www.linkedin.com\/hp\/?dnr=JBzUWaJfMUw8vbXJJ2tVW5-I3jZKvC4wsoxE&amp;amp;amp;amp;amp;amp;trk=nav_responsive_tab_home","https:\/\/www.youtube.com\/channel\/UCxL0wu1uN0_3_7hGG0306cw"]},{"@type":"Person","@id":"https:\/\/www.bellunopress.it\/#\/schema\/person\/79bb06722b37ece1c03d3e94beb30d73","name":"r\u00e9daction","image":{"@type":"ImageObject","inLanguage":"fr-FR","@id":"https:\/\/secure.gravatar.com\/avatar\/37d968a2e67a6fd04c169c4bdef102d0bc5d31b2546345219e348575eb80e9a0?s=96&d=mm&r=g","url":"https:\/\/secure.gravatar.com\/avatar\/37d968a2e67a6fd04c169c4bdef102d0bc5d31b2546345219e348575eb80e9a0?s=96&d=mm&r=g","contentUrl":"https:\/\/secure.gravatar.com\/avatar\/37d968a2e67a6fd04c169c4bdef102d0bc5d31b2546345219e348575eb80e9a0?s=96&d=mm&r=g","caption":"redazione"},"sameAs":["http:\/\/www.bellunopress.it","https:\/\/x.com\/bellunopress"],"url":"https:\/\/www.bellunopress.it\/fr\/author\/redazione\/"}]}},"_links":{"self":[{"href":"https:\/\/www.bellunopress.it\/fr\/wp-json\/wp\/v2\/posts\/110634","targetHints":{"allow":["GET"]}}],"collection":[{"href":"https:\/\/www.bellunopress.it\/fr\/wp-json\/wp\/v2\/posts"}],"about":[{"href":"https:\/\/www.bellunopress.it\/fr\/wp-json\/wp\/v2\/types\/post"}],"author":[{"embeddable":true,"href":"https:\/\/www.bellunopress.it\/fr\/wp-json\/wp\/v2\/users\/2"}],"replies":[{"embeddable":true,"href":"https:\/\/www.bellunopress.it\/fr\/wp-json\/wp\/v2\/comments?post=110634"}],"version-history":[{"count":2,"href":"https:\/\/www.bellunopress.it\/fr\/wp-json\/wp\/v2\/posts\/110634\/revisions"}],"predecessor-version":[{"id":110637,"href":"https:\/\/www.bellunopress.it\/fr\/wp-json\/wp\/v2\/posts\/110634\/revisions\/110637"}],"wp:attachment":[{"href":"https:\/\/www.bellunopress.it\/fr\/wp-json\/wp\/v2\/media?parent=110634"}],"wp:term":[{"taxonomy":"category","embeddable":true,"href":"https:\/\/www.bellunopress.it\/fr\/wp-json\/wp\/v2\/categories?post=110634"},{"taxonomy":"post_tag","embeddable":true,"href":"https:\/\/www.bellunopress.it\/fr\/wp-json\/wp\/v2\/tags?post=110634"}],"curies":[{"name":"wp","href":"https:\/\/api.w.org\/{rel}","templated":true}]}}