{"id":110632,"date":"2019-12-20T14:23:22","date_gmt":"2019-12-20T13:23:22","guid":{"rendered":"http:\/\/www.bellunopress.it\/?p=110632"},"modified":"2019-12-20T14:23:22","modified_gmt":"2019-12-20T13:23:22","slug":"carenza-dipendenti-pubblici-padrin-siamo-pochi-ma-resistiamo-gli-uffici-di-palazzo-piloni-stanno-lavorando-in-maniera-esemplare","status":"publish","type":"post","link":"https:\/\/www.bellunopress.it\/fr\/2019\/12\/20\/carenza-dipendenti-pubblici-padrin-siamo-pochi-ma-resistiamo-gli-uffici-di-palazzo-piloni-stanno-lavorando-in-maniera-esemplare\/","title":{"rendered":"Carenza dipendenti pubblici. Padrin: &#8220;Siamo pochi, ma resistiamo. Gli uffici di Palazzo Piloni stanno lavorando in maniera esemplare&#8221;"},"content":{"rendered":"<figure id=\"attachment_104145\" aria-describedby=\"caption-attachment-104145\" style=\"width: 245px\" class=\"wp-caption alignleft\"><a href=\"http:\/\/www.bellunopress.it\/fr\/2019\/04\/30\/amministrative-longarone-roberto-padrin-presenta-squadra-e-programma-prima-uscita-giovedi-a-castellavazzo-nella-gia-sede-municipale\/roberto-padrin-5\/\" rel=\"attachment wp-att-104145\"><img loading=\"lazy\" decoding=\"async\" class=\"size-full wp-image-104145\" src=\"http:\/\/www.bellunopress.it\/wp-content\/uploads\/2019\/04\/Roberto-Padrin.jpg\" alt=\"\" width=\"245\" height=\"300\" \/><\/a><figcaption id=\"caption-attachment-104145\" class=\"wp-caption-text\">Roberto Padrin, presidente della Provincia<\/figcaption><\/figure>\n<p>\u00abNon mi stupisce l\u2019analisi della Cgil sui dipendenti degli uffici comunali. La carenza di personale la riscontriamo quotidianamente anche in Provincia\u00bb.<\/p>\n<p>Cos\u00ec il presidente Roberto Padrin, relativamente allo studio presentato dalla Cgil di Belluno, secondo cui in dieci anni i Comuni bellunesi avrebbero perso oltre 500 dipendenti.<\/p>\n<p>\u00abNei giorni scorsi assieme alla mia squadra di consiglieri abbiamo radunato tutti coloro che lavorano a Palazzo Piloni per i tradizionali auguri di Natale. E a vista d\u2019occhio ho potuto vedere come il numero del personale fosse molto ridotto rispetto agli anni passati\u00bb continua Padrin. I numeri parlano chiaro: i dipendenti provinciali erano 256 nel 2012, poco pi\u00f9 di 230 nel 2014, mentre oggi non superano le cento unit\u00e0 (si arriva a circa 150 contando anche i dipendenti regionalizzati).<\/p>\n<p>\u00abDopo il taglio operato dalla legge Delrio, abbiamo avuto qualche difficolt\u00e0 legata al mancato turnover. Fortunatamente abbiamo una squadra che lavora in maniera professionale e ineccepibile, altrimenti non avremmo mai potuto portare avanti partite importanti come quella che riguarda i Mondiali di Cortina 2021, e tutte le altre attivit\u00e0 che quotidianamente forniscono servizi ai Comuni e ai cittadini. In pi\u00f9, nell\u2019ultimo periodo siamo riusciti ad allargare gli uffici con l\u2019ingresso di alcune figure nuove. Ringrazio vivamente tutti i dipendenti e anche i miei consiglieri provinciali\u00bb.<\/p>\n<p>\u00abRinnovo la mia richiesta al Governo, di non lasciar morire gli enti Provincia in un ibridismo che in questi anni ha danneggiato tutti, il territorio, i cittadini e i servizi offerti &#8211; conclude Padrin -. Noi facciamo la nostra parte, ma perch\u00e9 le cose funzionino, deve fare la sua parte anche qualcun altro\u00bb.<\/p>\n<p>Il presidente ha ringraziato tutti i dipendenti durante i tradizionali auguri di Natale. E ha ricordato tre figure recentemente scomparse: il dipendente provinciale Marco Parissenti, l&#8217;ex vicepresidente Massimiliano Pachner e l&#8217;ex assessore Piero Balzan. \u00abQueste figure hanno dato tanto alla Provincia e al nostro territorio. Il 2019 se le \u00e8 portate via. Ci mancheranno\u00bb.<\/p>","protected":false},"excerpt":{"rendered":"<p>\u00abNon mi stupisce l\u2019analisi della Cgil sui dipendenti degli uffici comunali. La carenza di personale la riscontriamo quotidianamente anche in Provincia\u00bb. Cos\u00ec il presidente Roberto Padrin, relativamente allo studio presentato dalla Cgil di Belluno, secondo cui in dieci anni i Comuni bellunesi avrebbero perso oltre 500 dipendenti. \u00abNei giorni scorsi assieme alla mia squadra di [&hellip;]<\/p>\n","protected":false},"author":2,"featured_media":0,"comment_status":"closed","ping_status":"open","sticky":false,"template":"","format":"standard","meta":{"footnotes":""},"categories":[1],"tags":[],"class_list":["post-110632","post","type-post","status-publish","format-standard","category-leo"],"yoast_head":"<!-- This site is optimized with the Yoast SEO plugin v28.4 - https:\/\/yoast.com\/product\/yoast-seo-wordpress\/ -->\n<title>Carenza dipendenti pubblici. Padrin: &quot;Siamo pochi, ma resistiamo. Gli uffici di Palazzo Piloni stanno lavorando in maniera esemplare&quot; - Bellunopress - Dolomiti<\/title>\n<meta name=\"robots\" content=\"index, follow, max-snippet:-1, max-image-preview:large, max-video-preview:-1\" \/>\n<link rel=\"canonical\" href=\"https:\/\/www.bellunopress.it\/fr\/2019\/12\/20\/carenza-dipendenti-pubblici-padrin-siamo-pochi-ma-resistiamo-gli-uffici-di-palazzo-piloni-stanno-lavorando-in-maniera-esemplare\/\" \/>\n<meta property=\"og:locale\" content=\"fr_FR\" \/>\n<meta property=\"og:type\" content=\"article\" \/>\n<meta property=\"og:title\" content=\"Carenza dipendenti pubblici. Padrin: &quot;Siamo pochi, ma resistiamo. Gli uffici di Palazzo Piloni stanno lavorando in maniera esemplare&quot; - Bellunopress - Dolomiti\" \/>\n<meta property=\"og:description\" content=\"\u00abNon mi stupisce l\u2019analisi della Cgil sui dipendenti degli uffici comunali. La carenza di personale la riscontriamo quotidianamente anche in Provincia\u00bb. Cos\u00ec il presidente Roberto Padrin, relativamente allo studio presentato dalla Cgil di Belluno, secondo cui in dieci anni i Comuni bellunesi avrebbero perso oltre 500 dipendenti. \u00abNei giorni scorsi assieme alla mia squadra di [&hellip;]\" \/>\n<meta property=\"og:url\" content=\"https:\/\/www.bellunopress.it\/fr\/2019\/12\/20\/carenza-dipendenti-pubblici-padrin-siamo-pochi-ma-resistiamo-gli-uffici-di-palazzo-piloni-stanno-lavorando-in-maniera-esemplare\/\" \/>\n<meta property=\"og:site_name\" content=\"Bellunopress - Dolomiti\" \/>\n<meta property=\"article:publisher\" content=\"https:\/\/www.facebook.com\/profile.php?id=100008943462799\" \/>\n<meta property=\"article:published_time\" content=\"2019-12-20T13:23:22+00:00\" \/>\n<meta property=\"og:image\" content=\"http:\/\/www.bellunopress.it\/wp-content\/uploads\/2019\/04\/Roberto-Padrin.jpg\" \/>\n<meta name=\"author\" content=\"redazione\" \/>\n<meta name=\"twitter:card\" content=\"summary_large_image\" \/>\n<meta name=\"twitter:creator\" content=\"@bellunopress\" \/>\n<meta name=\"twitter:site\" content=\"@bellunopress\" \/>\n<meta name=\"twitter:label1\" content=\"\u00c9crit par\" \/>\n\t<meta name=\"twitter:data1\" content=\"redazione\" \/>\n\t<meta name=\"twitter:label2\" content=\"Dur\u00e9e de lecture estim\u00e9e\" \/>\n\t<meta name=\"twitter:data2\" content=\"2 minutes\" \/>\n<script type=\"application\/ld+json\" class=\"yoast-schema-graph\">{\"@context\":\"https:\\\/\\\/schema.org\",\"@graph\":[{\"@type\":\"Article\",\"@id\":\"https:\\\/\\\/www.bellunopress.it\\\/2019\\\/12\\\/20\\\/carenza-dipendenti-pubblici-padrin-siamo-pochi-ma-resistiamo-gli-uffici-di-palazzo-piloni-stanno-lavorando-in-maniera-esemplare\\\/#article\",\"isPartOf\":{\"@id\":\"https:\\\/\\\/www.bellunopress.it\\\/2019\\\/12\\\/20\\\/carenza-dipendenti-pubblici-padrin-siamo-pochi-ma-resistiamo-gli-uffici-di-palazzo-piloni-stanno-lavorando-in-maniera-esemplare\\\/\"},\"author\":{\"name\":\"redazione\",\"@id\":\"https:\\\/\\\/www.bellunopress.it\\\/#\\\/schema\\\/person\\\/79bb06722b37ece1c03d3e94beb30d73\"},\"headline\":\"Carenza dipendenti pubblici. Padrin: &#8220;Siamo pochi, ma resistiamo. Gli uffici di Palazzo Piloni stanno lavorando in maniera esemplare&#8221;\",\"datePublished\":\"2019-12-20T13:23:22+00:00\",\"mainEntityOfPage\":{\"@id\":\"https:\\\/\\\/www.bellunopress.it\\\/2019\\\/12\\\/20\\\/carenza-dipendenti-pubblici-padrin-siamo-pochi-ma-resistiamo-gli-uffici-di-palazzo-piloni-stanno-lavorando-in-maniera-esemplare\\\/\"},\"wordCount\":345,\"publisher\":{\"@id\":\"https:\\\/\\\/www.bellunopress.it\\\/#organization\"},\"image\":{\"@id\":\"https:\\\/\\\/www.bellunopress.it\\\/2019\\\/12\\\/20\\\/carenza-dipendenti-pubblici-padrin-siamo-pochi-ma-resistiamo-gli-uffici-di-palazzo-piloni-stanno-lavorando-in-maniera-esemplare\\\/#primaryimage\"},\"thumbnailUrl\":\"http:\\\/\\\/www.bellunopress.it\\\/wp-content\\\/uploads\\\/2019\\\/04\\\/Roberto-Padrin.jpg\",\"articleSection\":[\"Lettere Opinioni\"],\"inLanguage\":\"fr-FR\"},{\"@type\":\"WebPage\",\"@id\":\"https:\\\/\\\/www.bellunopress.it\\\/2019\\\/12\\\/20\\\/carenza-dipendenti-pubblici-padrin-siamo-pochi-ma-resistiamo-gli-uffici-di-palazzo-piloni-stanno-lavorando-in-maniera-esemplare\\\/\",\"url\":\"https:\\\/\\\/www.bellunopress.it\\\/2019\\\/12\\\/20\\\/carenza-dipendenti-pubblici-padrin-siamo-pochi-ma-resistiamo-gli-uffici-di-palazzo-piloni-stanno-lavorando-in-maniera-esemplare\\\/\",\"name\":\"Carenza dipendenti pubblici. Padrin: \\\"Siamo pochi, ma resistiamo. Gli uffici di Palazzo Piloni stanno lavorando in maniera esemplare\\\" - Bellunopress - Dolomiti\",\"isPartOf\":{\"@id\":\"https:\\\/\\\/www.bellunopress.it\\\/#website\"},\"primaryImageOfPage\":{\"@id\":\"https:\\\/\\\/www.bellunopress.it\\\/2019\\\/12\\\/20\\\/carenza-dipendenti-pubblici-padrin-siamo-pochi-ma-resistiamo-gli-uffici-di-palazzo-piloni-stanno-lavorando-in-maniera-esemplare\\\/#primaryimage\"},\"image\":{\"@id\":\"https:\\\/\\\/www.bellunopress.it\\\/2019\\\/12\\\/20\\\/carenza-dipendenti-pubblici-padrin-siamo-pochi-ma-resistiamo-gli-uffici-di-palazzo-piloni-stanno-lavorando-in-maniera-esemplare\\\/#primaryimage\"},\"thumbnailUrl\":\"http:\\\/\\\/www.bellunopress.it\\\/wp-content\\\/uploads\\\/2019\\\/04\\\/Roberto-Padrin.jpg\",\"datePublished\":\"2019-12-20T13:23:22+00:00\",\"breadcrumb\":{\"@id\":\"https:\\\/\\\/www.bellunopress.it\\\/2019\\\/12\\\/20\\\/carenza-dipendenti-pubblici-padrin-siamo-pochi-ma-resistiamo-gli-uffici-di-palazzo-piloni-stanno-lavorando-in-maniera-esemplare\\\/#breadcrumb\"},\"inLanguage\":\"fr-FR\",\"potentialAction\":[{\"@type\":\"ReadAction\",\"target\":[\"https:\\\/\\\/www.bellunopress.it\\\/2019\\\/12\\\/20\\\/carenza-dipendenti-pubblici-padrin-siamo-pochi-ma-resistiamo-gli-uffici-di-palazzo-piloni-stanno-lavorando-in-maniera-esemplare\\\/\"]}]},{\"@type\":\"ImageObject\",\"inLanguage\":\"fr-FR\",\"@id\":\"https:\\\/\\\/www.bellunopress.it\\\/2019\\\/12\\\/20\\\/carenza-dipendenti-pubblici-padrin-siamo-pochi-ma-resistiamo-gli-uffici-di-palazzo-piloni-stanno-lavorando-in-maniera-esemplare\\\/#primaryimage\",\"url\":\"http:\\\/\\\/www.bellunopress.it\\\/wp-content\\\/uploads\\\/2019\\\/04\\\/Roberto-Padrin.jpg\",\"contentUrl\":\"http:\\\/\\\/www.bellunopress.it\\\/wp-content\\\/uploads\\\/2019\\\/04\\\/Roberto-Padrin.jpg\"},{\"@type\":\"BreadcrumbList\",\"@id\":\"https:\\\/\\\/www.bellunopress.it\\\/2019\\\/12\\\/20\\\/carenza-dipendenti-pubblici-padrin-siamo-pochi-ma-resistiamo-gli-uffici-di-palazzo-piloni-stanno-lavorando-in-maniera-esemplare\\\/#breadcrumb\",\"itemListElement\":[{\"@type\":\"ListItem\",\"position\":1,\"name\":\"Home\",\"item\":\"https:\\\/\\\/www.bellunopress.it\\\/\"},{\"@type\":\"ListItem\",\"position\":2,\"name\":\"Carenza dipendenti pubblici. Padrin: &#8220;Siamo pochi, ma resistiamo. Gli uffici di Palazzo Piloni stanno lavorando in maniera esemplare&#8221;\"}]},{\"@type\":\"WebSite\",\"@id\":\"https:\\\/\\\/www.bellunopress.it\\\/#website\",\"url\":\"https:\\\/\\\/www.bellunopress.it\\\/\",\"name\":\"Bellunopress - Dolomiti\",\"description\":\"e-mail: redazione@bellunopress.it\",\"publisher\":{\"@id\":\"https:\\\/\\\/www.bellunopress.it\\\/#organization\"},\"potentialAction\":[{\"@type\":\"SearchAction\",\"target\":{\"@type\":\"EntryPoint\",\"urlTemplate\":\"https:\\\/\\\/www.bellunopress.it\\\/?s={search_term_string}\"},\"query-input\":{\"@type\":\"PropertyValueSpecification\",\"valueRequired\":true,\"valueName\":\"search_term_string\"}}],\"inLanguage\":\"fr-FR\"},{\"@type\":\"Organization\",\"@id\":\"https:\\\/\\\/www.bellunopress.it\\\/#organization\",\"name\":\"Bellunopress\",\"url\":\"https:\\\/\\\/www.bellunopress.it\\\/\",\"logo\":{\"@type\":\"ImageObject\",\"inLanguage\":\"fr-FR\",\"@id\":\"https:\\\/\\\/www.bellunopress.it\\\/#\\\/schema\\\/logo\\\/image\\\/\",\"url\":\"https:\\\/\\\/www.bellunopress.it\\\/wp-content\\\/uploads\\\/2011\\\/05\\\/cropped-logo-bellunopress-.jpg\",\"contentUrl\":\"https:\\\/\\\/www.bellunopress.it\\\/wp-content\\\/uploads\\\/2011\\\/05\\\/cropped-logo-bellunopress-.jpg\",\"width\":512,\"height\":512,\"caption\":\"Bellunopress\"},\"image\":{\"@id\":\"https:\\\/\\\/www.bellunopress.it\\\/#\\\/schema\\\/logo\\\/image\\\/\"},\"sameAs\":[\"https:\\\/\\\/www.facebook.com\\\/profile.php?id=100008943462799\",\"https:\\\/\\\/x.com\\\/bellunopress\",\"https:\\\/\\\/www.linkedin.com\\\/hp\\\/?dnr=JBzUWaJfMUw8vbXJJ2tVW5-I3jZKvC4wsoxE&amp;amp;amp;amp;amp;amp;trk=nav_responsive_tab_home\",\"https:\\\/\\\/www.youtube.com\\\/channel\\\/UCxL0wu1uN0_3_7hGG0306cw\"]},{\"@type\":\"Person\",\"@id\":\"https:\\\/\\\/www.bellunopress.it\\\/#\\\/schema\\\/person\\\/79bb06722b37ece1c03d3e94beb30d73\",\"name\":\"redazione\",\"image\":{\"@type\":\"ImageObject\",\"inLanguage\":\"fr-FR\",\"@id\":\"https:\\\/\\\/secure.gravatar.com\\\/avatar\\\/37d968a2e67a6fd04c169c4bdef102d0bc5d31b2546345219e348575eb80e9a0?s=96&d=mm&r=g\",\"url\":\"https:\\\/\\\/secure.gravatar.com\\\/avatar\\\/37d968a2e67a6fd04c169c4bdef102d0bc5d31b2546345219e348575eb80e9a0?s=96&d=mm&r=g\",\"contentUrl\":\"https:\\\/\\\/secure.gravatar.com\\\/avatar\\\/37d968a2e67a6fd04c169c4bdef102d0bc5d31b2546345219e348575eb80e9a0?s=96&d=mm&r=g\",\"caption\":\"redazione\"},\"sameAs\":[\"http:\\\/\\\/www.bellunopress.it\",\"https:\\\/\\\/x.com\\\/bellunopress\"],\"url\":\"https:\\\/\\\/www.bellunopress.it\\\/fr\\\/author\\\/redazione\\\/\"}]}<\/script>\n<!-- \/ Yoast SEO plugin. -->","yoast_head_json":{"title":"Carenza dipendenti pubblici. Padrin: \"Siamo pochi, ma resistiamo. Gli uffici di Palazzo Piloni stanno lavorando in maniera esemplare\" - Bellunopress - Dolomiti","robots":{"index":"index","follow":"follow","max-snippet":"max-snippet:-1","max-image-preview":"max-image-preview:large","max-video-preview":"max-video-preview:-1"},"canonical":"https:\/\/www.bellunopress.it\/fr\/2019\/12\/20\/carenza-dipendenti-pubblici-padrin-siamo-pochi-ma-resistiamo-gli-uffici-di-palazzo-piloni-stanno-lavorando-in-maniera-esemplare\/","og_locale":"fr_FR","og_type":"article","og_title":"Carenza dipendenti pubblici. Padrin: \"Siamo pochi, ma resistiamo. Gli uffici di Palazzo Piloni stanno lavorando in maniera esemplare\" - Bellunopress - Dolomiti","og_description":"\u00abNon mi stupisce l\u2019analisi della Cgil sui dipendenti degli uffici comunali. La carenza di personale la riscontriamo quotidianamente anche in Provincia\u00bb. Cos\u00ec il presidente Roberto Padrin, relativamente allo studio presentato dalla Cgil di Belluno, secondo cui in dieci anni i Comuni bellunesi avrebbero perso oltre 500 dipendenti. \u00abNei giorni scorsi assieme alla mia squadra di [&hellip;]","og_url":"https:\/\/www.bellunopress.it\/fr\/2019\/12\/20\/carenza-dipendenti-pubblici-padrin-siamo-pochi-ma-resistiamo-gli-uffici-di-palazzo-piloni-stanno-lavorando-in-maniera-esemplare\/","og_site_name":"Bellunopress - Dolomiti","article_publisher":"https:\/\/www.facebook.com\/profile.php?id=100008943462799","article_published_time":"2019-12-20T13:23:22+00:00","og_image":[{"url":"http:\/\/www.bellunopress.it\/wp-content\/uploads\/2019\/04\/Roberto-Padrin.jpg","type":"","width":"","height":""}],"author":"redazione","twitter_card":"summary_large_image","twitter_creator":"@bellunopress","twitter_site":"@bellunopress","twitter_misc":{"\u00c9crit par":"redazione","Dur\u00e9e de lecture estim\u00e9e":"2 minutes"},"schema":{"@context":"https:\/\/schema.org","@graph":[{"@type":"Article","@id":"https:\/\/www.bellunopress.it\/2019\/12\/20\/carenza-dipendenti-pubblici-padrin-siamo-pochi-ma-resistiamo-gli-uffici-di-palazzo-piloni-stanno-lavorando-in-maniera-esemplare\/#article","isPartOf":{"@id":"https:\/\/www.bellunopress.it\/2019\/12\/20\/carenza-dipendenti-pubblici-padrin-siamo-pochi-ma-resistiamo-gli-uffici-di-palazzo-piloni-stanno-lavorando-in-maniera-esemplare\/"},"author":{"name":"redazione","@id":"https:\/\/www.bellunopress.it\/#\/schema\/person\/79bb06722b37ece1c03d3e94beb30d73"},"headline":"Carenza dipendenti pubblici. Padrin: &#8220;Siamo pochi, ma resistiamo. Gli uffici di Palazzo Piloni stanno lavorando in maniera esemplare&#8221;","datePublished":"2019-12-20T13:23:22+00:00","mainEntityOfPage":{"@id":"https:\/\/www.bellunopress.it\/2019\/12\/20\/carenza-dipendenti-pubblici-padrin-siamo-pochi-ma-resistiamo-gli-uffici-di-palazzo-piloni-stanno-lavorando-in-maniera-esemplare\/"},"wordCount":345,"publisher":{"@id":"https:\/\/www.bellunopress.it\/#organization"},"image":{"@id":"https:\/\/www.bellunopress.it\/2019\/12\/20\/carenza-dipendenti-pubblici-padrin-siamo-pochi-ma-resistiamo-gli-uffici-di-palazzo-piloni-stanno-lavorando-in-maniera-esemplare\/#primaryimage"},"thumbnailUrl":"http:\/\/www.bellunopress.it\/wp-content\/uploads\/2019\/04\/Roberto-Padrin.jpg","articleSection":["Lettere Opinioni"],"inLanguage":"fr-FR"},{"@type":"WebPage","@id":"https:\/\/www.bellunopress.it\/2019\/12\/20\/carenza-dipendenti-pubblici-padrin-siamo-pochi-ma-resistiamo-gli-uffici-di-palazzo-piloni-stanno-lavorando-in-maniera-esemplare\/","url":"https:\/\/www.bellunopress.it\/2019\/12\/20\/carenza-dipendenti-pubblici-padrin-siamo-pochi-ma-resistiamo-gli-uffici-di-palazzo-piloni-stanno-lavorando-in-maniera-esemplare\/","name":"Carenza dipendenti pubblici. Padrin: \"Siamo pochi, ma resistiamo. Gli uffici di Palazzo Piloni stanno lavorando in maniera esemplare\" - Bellunopress - Dolomiti","isPartOf":{"@id":"https:\/\/www.bellunopress.it\/#website"},"primaryImageOfPage":{"@id":"https:\/\/www.bellunopress.it\/2019\/12\/20\/carenza-dipendenti-pubblici-padrin-siamo-pochi-ma-resistiamo-gli-uffici-di-palazzo-piloni-stanno-lavorando-in-maniera-esemplare\/#primaryimage"},"image":{"@id":"https:\/\/www.bellunopress.it\/2019\/12\/20\/carenza-dipendenti-pubblici-padrin-siamo-pochi-ma-resistiamo-gli-uffici-di-palazzo-piloni-stanno-lavorando-in-maniera-esemplare\/#primaryimage"},"thumbnailUrl":"http:\/\/www.bellunopress.it\/wp-content\/uploads\/2019\/04\/Roberto-Padrin.jpg","datePublished":"2019-12-20T13:23:22+00:00","breadcrumb":{"@id":"https:\/\/www.bellunopress.it\/2019\/12\/20\/carenza-dipendenti-pubblici-padrin-siamo-pochi-ma-resistiamo-gli-uffici-di-palazzo-piloni-stanno-lavorando-in-maniera-esemplare\/#breadcrumb"},"inLanguage":"fr-FR","potentialAction":[{"@type":"ReadAction","target":["https:\/\/www.bellunopress.it\/2019\/12\/20\/carenza-dipendenti-pubblici-padrin-siamo-pochi-ma-resistiamo-gli-uffici-di-palazzo-piloni-stanno-lavorando-in-maniera-esemplare\/"]}]},{"@type":"ImageObject","inLanguage":"fr-FR","@id":"https:\/\/www.bellunopress.it\/2019\/12\/20\/carenza-dipendenti-pubblici-padrin-siamo-pochi-ma-resistiamo-gli-uffici-di-palazzo-piloni-stanno-lavorando-in-maniera-esemplare\/#primaryimage","url":"http:\/\/www.bellunopress.it\/wp-content\/uploads\/2019\/04\/Roberto-Padrin.jpg","contentUrl":"http:\/\/www.bellunopress.it\/wp-content\/uploads\/2019\/04\/Roberto-Padrin.jpg"},{"@type":"BreadcrumbList","@id":"https:\/\/www.bellunopress.it\/2019\/12\/20\/carenza-dipendenti-pubblici-padrin-siamo-pochi-ma-resistiamo-gli-uffici-di-palazzo-piloni-stanno-lavorando-in-maniera-esemplare\/#breadcrumb","itemListElement":[{"@type":"ListItem","position":1,"name":"Home","item":"https:\/\/www.bellunopress.it\/"},{"@type":"ListItem","position":2,"name":"Carenza dipendenti pubblici. Padrin: &#8220;Siamo pochi, ma resistiamo. Gli uffici di Palazzo Piloni stanno lavorando in maniera esemplare&#8221;"}]},{"@type":"WebSite","@id":"https:\/\/www.bellunopress.it\/#website","url":"https:\/\/www.bellunopress.it\/","name":"Bellunopress - Dolomiti","description":"e-mail: redazione@bellunopress.it","publisher":{"@id":"https:\/\/www.bellunopress.it\/#organization"},"potentialAction":[{"@type":"SearchAction","target":{"@type":"EntryPoint","urlTemplate":"https:\/\/www.bellunopress.it\/?s={search_term_string}"},"query-input":{"@type":"PropertyValueSpecification","valueRequired":true,"valueName":"search_term_string"}}],"inLanguage":"fr-FR"},{"@type":"Organization","@id":"https:\/\/www.bellunopress.it\/#organization","name":"Bellunopress","url":"https:\/\/www.bellunopress.it\/","logo":{"@type":"ImageObject","inLanguage":"fr-FR","@id":"https:\/\/www.bellunopress.it\/#\/schema\/logo\/image\/","url":"https:\/\/www.bellunopress.it\/wp-content\/uploads\/2011\/05\/cropped-logo-bellunopress-.jpg","contentUrl":"https:\/\/www.bellunopress.it\/wp-content\/uploads\/2011\/05\/cropped-logo-bellunopress-.jpg","width":512,"height":512,"caption":"Bellunopress"},"image":{"@id":"https:\/\/www.bellunopress.it\/#\/schema\/logo\/image\/"},"sameAs":["https:\/\/www.facebook.com\/profile.php?id=100008943462799","https:\/\/x.com\/bellunopress","https:\/\/www.linkedin.com\/hp\/?dnr=JBzUWaJfMUw8vbXJJ2tVW5-I3jZKvC4wsoxE&amp;amp;amp;amp;amp;amp;trk=nav_responsive_tab_home","https:\/\/www.youtube.com\/channel\/UCxL0wu1uN0_3_7hGG0306cw"]},{"@type":"Person","@id":"https:\/\/www.bellunopress.it\/#\/schema\/person\/79bb06722b37ece1c03d3e94beb30d73","name":"r\u00e9daction","image":{"@type":"ImageObject","inLanguage":"fr-FR","@id":"https:\/\/secure.gravatar.com\/avatar\/37d968a2e67a6fd04c169c4bdef102d0bc5d31b2546345219e348575eb80e9a0?s=96&d=mm&r=g","url":"https:\/\/secure.gravatar.com\/avatar\/37d968a2e67a6fd04c169c4bdef102d0bc5d31b2546345219e348575eb80e9a0?s=96&d=mm&r=g","contentUrl":"https:\/\/secure.gravatar.com\/avatar\/37d968a2e67a6fd04c169c4bdef102d0bc5d31b2546345219e348575eb80e9a0?s=96&d=mm&r=g","caption":"redazione"},"sameAs":["http:\/\/www.bellunopress.it","https:\/\/x.com\/bellunopress"],"url":"https:\/\/www.bellunopress.it\/fr\/author\/redazione\/"}]}},"_links":{"self":[{"href":"https:\/\/www.bellunopress.it\/fr\/wp-json\/wp\/v2\/posts\/110632","targetHints":{"allow":["GET"]}}],"collection":[{"href":"https:\/\/www.bellunopress.it\/fr\/wp-json\/wp\/v2\/posts"}],"about":[{"href":"https:\/\/www.bellunopress.it\/fr\/wp-json\/wp\/v2\/types\/post"}],"author":[{"embeddable":true,"href":"https:\/\/www.bellunopress.it\/fr\/wp-json\/wp\/v2\/users\/2"}],"replies":[{"embeddable":true,"href":"https:\/\/www.bellunopress.it\/fr\/wp-json\/wp\/v2\/comments?post=110632"}],"version-history":[{"count":1,"href":"https:\/\/www.bellunopress.it\/fr\/wp-json\/wp\/v2\/posts\/110632\/revisions"}],"predecessor-version":[{"id":110633,"href":"https:\/\/www.bellunopress.it\/fr\/wp-json\/wp\/v2\/posts\/110632\/revisions\/110633"}],"wp:attachment":[{"href":"https:\/\/www.bellunopress.it\/fr\/wp-json\/wp\/v2\/media?parent=110632"}],"wp:term":[{"taxonomy":"category","embeddable":true,"href":"https:\/\/www.bellunopress.it\/fr\/wp-json\/wp\/v2\/categories?post=110632"},{"taxonomy":"post_tag","embeddable":true,"href":"https:\/\/www.bellunopress.it\/fr\/wp-json\/wp\/v2\/tags?post=110632"}],"curies":[{"name":"wp","href":"https:\/\/api.w.org\/{rel}","templated":true}]}}